{"id":5996,"date":"2022-07-18T00:00:00","date_gmt":"2022-07-18T03:00:00","guid":{"rendered":"http:\/\/autosdelpodio.com\/autos\/?p=5996"},"modified":"2022-07-18T08:24:53","modified_gmt":"2022-07-18T11:24:53","slug":"los-fiat-retro-de-luxe","status":"publish","type":"post","link":"http:\/\/autosdelpodio.com\/autos\/los-fiat-retro-de-luxe\/","title":{"rendered":"Los Fiat Retro de Luxe"},"content":{"rendered":"\n<p>Como parte del programa de vacaciones de invierno del Partido de Tres de Febrero mas de una docena de unidades del Club Fiat Cl\u00e1sicos Argentino expusieron este fin de semana se en el play\u00f3n municipal de localidad de Caseros.<br>M\u00e1s de una docena de veh\u00edculos de Fiat dispuestos a 45 grados a la altura de las calles Alberdi y Medina formaban parte del acceso peatonal a modo de galer\u00eda como antesala de la feria artesanal dispuesta en la Plaza de la Unidad Nacional.<br>Estos selectos modelos no desentonaban en lo absoluto entre puestos de artesanos, gastronom\u00eda, juegos infantiles y shows art\u00edsticos que contemplaban la oferta del mini periodo estival con acceso libre y gratuito.<br><strong>\u00bb Es como el Fitito que ten\u00eda pap\u00e1\u00bb<\/strong> esboz\u00f3 una treinta\u00f1era a su acompa\u00f1ante indicando el <a href=\"http:\/\/autosdelpodio.com\/autos\/fiat-600-la-bolita\/\" target=\"_blank\" rel=\"noreferrer noopener\">Fiat 600<\/a> bordo en el fr\u00edo mediod\u00eda del S\u00e1bado 16 que cerraba una semana de sol ausente que comenz\u00f3 a revertirse en la jornada dominguera.<br>Las vedettes o joyas de la muestras, seleccionadas subjetivamente y porque los ojos de los visitantes mayoritariamente posaban all\u00ed fueron el Fiat 800 Spider y el 600 Abarth.<\/p>\n\n\n\n<figure class=\"wp-block-gallery has-nested-images columns-default is-cropped wp-block-gallery-1 is-layout-flex wp-block-gallery-is-layout-flex\">\n<figure class=\"wp-block-image size-large\"><img fetchpriority=\"high\" decoding=\"async\" width=\"500\" height=\"375\" data-id=\"5999\" src=\"http:\/\/autosdelpodio.com\/autos\/wp-content\/uploads\/2022\/07\/Fiat_Isard.jpg\" alt=\"\" class=\"wp-image-5999\" srcset=\"http:\/\/autosdelpodio.com\/autos\/wp-content\/uploads\/2022\/07\/Fiat_Isard.jpg 500w, http:\/\/autosdelpodio.com\/autos\/wp-content\/uploads\/2022\/07\/Fiat_Isard-300x225.jpg 300w\" sizes=\"(max-width: 500px) 100vw, 500px\" \/><figcaption>El Fiat 800 Spider encabeza el pelot\u00f3n<\/figcaption><\/figure>\n\n\n\n<figure class=\"wp-block-image size-large\"><img decoding=\"async\" width=\"500\" height=\"375\" data-id=\"6000\" src=\"http:\/\/autosdelpodio.com\/autos\/wp-content\/uploads\/2022\/07\/Fiat600_Y_Abarth.jpg\" alt=\"\" class=\"wp-image-6000\" srcset=\"http:\/\/autosdelpodio.com\/autos\/wp-content\/uploads\/2022\/07\/Fiat600_Y_Abarth.jpg 500w, http:\/\/autosdelpodio.com\/autos\/wp-content\/uploads\/2022\/07\/Fiat600_Y_Abarth-300x225.jpg 300w\" sizes=\"(max-width: 500px) 100vw, 500px\" \/><figcaption>Los Fiat 600 en el centro de la escena<\/figcaption><\/figure>\n<\/figure>\n\n\n\n<p><\/p>\n\n\n\n<p>Fiat tiene tanto arraigo en el pa\u00eds como italianos y descendientes de la peninsula.No es casual que a traves del tiempo sus autos fueron populares y lideres en ventas.Al presente y desde varios meses consecutivos <a href=\"http:\/\/autosdelpodio.com\/autos\/el-top-ten-de-ventas-junio-de-2022\/\" target=\"_blank\" rel=\"noreferrer noopener\">el Cronos se mantiene al tope de ventas<\/a> en la Rep\u00fablica Argentina.<br>Alguna vez <a href=\"http:\/\/autosdelpodio.com\/autos\/menos-cubierta-menos-aerodinamica-y-mas-motor\/\" target=\"_blank\" rel=\"noreferrer noopener\">Cocho Lopez<\/a> nos dijo algo muy razonable <em style=\"\"><b>\u00bb El <\/b><span><b>\u00e9xito de Fiat y Peugeot ( en el marco de la <\/b><\/span><b>\u00e9poca dorada del Turismo Nacional) se debi\u00f3 a que la mayor\u00eda de los <\/b><\/em><strong><em>j\u00f3venes de los 60,70<\/em><\/strong><em><strong> y parte de los 80 comenzaban a manejar con autos de calle de dichas marcas .Fueron autos testimoniales de la clase media\u00bb<\/strong><\/em><br>Algo que tambi\u00e9n nos llam\u00f3 la atenci\u00f3n y quer\u00edamos dejar testimonio en esta cr\u00f3nica de color fue la presencia de un chico que corr\u00eda entre los autos, haciendo visera lateral para ver el interior de los mismos y que mostr\u00f3 su asombro cuando descubri\u00f3 que en una cupe 125 el tablero <strong>\u00abEra de madera\u00bb<\/strong> e inmediatamente inst\u00f3 al padre a que se acerque a corroborarlo.<br>El ni\u00f1o se detuvo ante los encantos de la cupe, un rato considerable, hasta que su atenci\u00f3n lo llev\u00f3 al descapotable Spider y as\u00ed fue recorriendo la muestra dejando sus dedos y manos palpando las carrocer\u00edas que iba viendo.<br>Una muestra que dur\u00f3 2 d\u00edas que el Club Fiat Cl\u00e1sicos expuso buen parque como nos tiene acostumbrados cada vez que se los convoca o se convocan.Una postal de que argentina es un pa\u00eds fierrero por excelencia.Y una evidencia mas que un auto es algo m\u00e1s que un medio de transporte con 4 ruedas, volante y motor.<\/p>\n","protected":false},"excerpt":{"rendered":"<p>Como parte del programa de vacaciones de invierno del Partido de Tres de Febrero mas de una docena de unidades<\/p>\n","protected":false},"author":3,"featured_media":5998,"comment_status":"open","ping_status":"open","sticky":false,"template":"","format":"standard","meta":{"colormag_page_container_layout":"default_layout","colormag_page_sidebar_layout":"default_layout","footnotes":""},"categories":[6,16],"tags":[704,569,68,41,35],"class_list":["post-5996","post","type-post","status-publish","format-standard","has-post-thumbnail","hentry","category-newsflash","category-recta-principal","tag-caseros","tag-clubes","tag-exposiciones","tag-fiat","tag-republica-argentina"],"yoast_head":"<!-- This site is optimized with the Yoast SEO plugin v27.4 - https:\/\/yoast.com\/product\/yoast-seo-wordpress\/ -->\n<title>Autos del Podio | Los Fiat Retro de Luxe<\/title>\n<meta name=\"description\" content=\"Autos del Podio El Club Fiat Cl\u00e1sicos Argentina se present\u00f3 el s\u00e1bado 16 y domingo 17 de Julio en el Partido de Tres de Febrero\" \/>\n<meta name=\"robots\" content=\"index, follow, max-snippet:-1, max-image-preview:large, max-video-preview:-1\" \/>\n<link rel=\"canonical\" href=\"https:\/\/autosdelpodio.com\/autos\/los-fiat-retro-de-luxe\/\" \/>\n<meta property=\"og:locale\" content=\"es_ES\" \/>\n<meta property=\"og:type\" content=\"article\" \/>\n<meta property=\"og:title\" content=\"Autos del Podio | Los Fiat Retro de Luxe\" \/>\n<meta property=\"og:description\" content=\"Autos del Podio El Club Fiat Cl\u00e1sicos Argentina se present\u00f3 el s\u00e1bado 16 y domingo 17 de Julio en el Partido de Tres de Febrero\" \/>\n<meta property=\"og:url\" content=\"https:\/\/autosdelpodio.com\/autos\/los-fiat-retro-de-luxe\/\" \/>\n<meta property=\"og:site_name\" content=\"Autos del Podio\" \/>\n<meta property=\"article:publisher\" content=\"https:\/\/www.facebook.com\/profile.php?id=100057192590976&amp;amp%3bamp%3bamp%3bamp%3bamp%3bamp%3bamp%3bamp%3bamp%3bamp%3bamp%3bamp%3bamp%3bamp%3bamp%3bamp%3bamp%3bamp%3bref=ts\" \/>\n<meta property=\"article:published_time\" content=\"2022-07-18T03:00:00+00:00\" \/>\n<meta property=\"article:modified_time\" content=\"2022-07-18T11:24:53+00:00\" \/>\n<meta property=\"og:image\" content=\"https:\/\/autosdelpodio.com\/autos\/wp-content\/uploads\/2022\/07\/Portada_Fiat_Clasicos.jpg\" \/>\n\t<meta property=\"og:image:width\" content=\"500\" \/>\n\t<meta property=\"og:image:height\" content=\"300\" \/>\n\t<meta property=\"og:image:type\" content=\"image\/jpeg\" \/>\n<meta name=\"author\" content=\"autosdelpodio\" \/>\n<meta name=\"twitter:card\" content=\"summary_large_image\" \/>\n<meta name=\"twitter:creator\" content=\"@autosdelpodio\" \/>\n<meta name=\"twitter:site\" content=\"@autosdelpodio\" \/>\n<meta name=\"twitter:label1\" content=\"Escrito por\" \/>\n\t<meta name=\"twitter:data1\" content=\"autosdelpodio\" \/>\n\t<meta name=\"twitter:label2\" content=\"Tiempo de lectura\" \/>\n\t<meta name=\"twitter:data2\" content=\"3 minutos\" \/>\n<script type=\"application\/ld+json\" class=\"yoast-schema-graph\">{\"@context\":\"https:\\\/\\\/schema.org\",\"@graph\":[{\"@type\":\"Article\",\"@id\":\"https:\\\/\\\/autosdelpodio.com\\\/autos\\\/los-fiat-retro-de-luxe\\\/#article\",\"isPartOf\":{\"@id\":\"https:\\\/\\\/autosdelpodio.com\\\/autos\\\/los-fiat-retro-de-luxe\\\/\"},\"author\":{\"name\":\"autosdelpodio\",\"@id\":\"http:\\\/\\\/autosdelpodio.com\\\/autos\\\/#\\\/schema\\\/person\\\/993527a4d01c3acdd3d6bce3770bc942\"},\"headline\":\"Los Fiat Retro de Luxe\",\"datePublished\":\"2022-07-18T03:00:00+00:00\",\"dateModified\":\"2022-07-18T11:24:53+00:00\",\"mainEntityOfPage\":{\"@id\":\"https:\\\/\\\/autosdelpodio.com\\\/autos\\\/los-fiat-retro-de-luxe\\\/\"},\"wordCount\":492,\"commentCount\":0,\"publisher\":{\"@id\":\"http:\\\/\\\/autosdelpodio.com\\\/autos\\\/#organization\"},\"image\":{\"@id\":\"https:\\\/\\\/autosdelpodio.com\\\/autos\\\/los-fiat-retro-de-luxe\\\/#primaryimage\"},\"thumbnailUrl\":\"http:\\\/\\\/autosdelpodio.com\\\/autos\\\/wp-content\\\/uploads\\\/2022\\\/07\\\/Portada_Fiat_Clasicos.jpg\",\"keywords\":[\"Caseros\",\"Clubes\",\"Exposiciones\",\"Fiat\",\"Republica Argentina\"],\"articleSection\":[\"Destacado\",\"Recta Principal\"],\"inLanguage\":\"es\",\"potentialAction\":[{\"@type\":\"CommentAction\",\"name\":\"Comment\",\"target\":[\"https:\\\/\\\/autosdelpodio.com\\\/autos\\\/los-fiat-retro-de-luxe\\\/#respond\"]}]},{\"@type\":\"WebPage\",\"@id\":\"https:\\\/\\\/autosdelpodio.com\\\/autos\\\/los-fiat-retro-de-luxe\\\/\",\"url\":\"https:\\\/\\\/autosdelpodio.com\\\/autos\\\/los-fiat-retro-de-luxe\\\/\",\"name\":\"Autos del Podio | Los Fiat Retro de Luxe\",\"isPartOf\":{\"@id\":\"http:\\\/\\\/autosdelpodio.com\\\/autos\\\/#website\"},\"primaryImageOfPage\":{\"@id\":\"https:\\\/\\\/autosdelpodio.com\\\/autos\\\/los-fiat-retro-de-luxe\\\/#primaryimage\"},\"image\":{\"@id\":\"https:\\\/\\\/autosdelpodio.com\\\/autos\\\/los-fiat-retro-de-luxe\\\/#primaryimage\"},\"thumbnailUrl\":\"http:\\\/\\\/autosdelpodio.com\\\/autos\\\/wp-content\\\/uploads\\\/2022\\\/07\\\/Portada_Fiat_Clasicos.jpg\",\"datePublished\":\"2022-07-18T03:00:00+00:00\",\"dateModified\":\"2022-07-18T11:24:53+00:00\",\"description\":\"Autos del Podio El Club Fiat Cl\u00e1sicos Argentina se present\u00f3 el s\u00e1bado 16 y domingo 17 de Julio en el Partido de Tres de Febrero\",\"breadcrumb\":{\"@id\":\"https:\\\/\\\/autosdelpodio.com\\\/autos\\\/los-fiat-retro-de-luxe\\\/#breadcrumb\"},\"inLanguage\":\"es\",\"potentialAction\":[{\"@type\":\"ReadAction\",\"target\":[\"https:\\\/\\\/autosdelpodio.com\\\/autos\\\/los-fiat-retro-de-luxe\\\/\"]}]},{\"@type\":\"ImageObject\",\"inLanguage\":\"es\",\"@id\":\"https:\\\/\\\/autosdelpodio.com\\\/autos\\\/los-fiat-retro-de-luxe\\\/#primaryimage\",\"url\":\"http:\\\/\\\/autosdelpodio.com\\\/autos\\\/wp-content\\\/uploads\\\/2022\\\/07\\\/Portada_Fiat_Clasicos.jpg\",\"contentUrl\":\"http:\\\/\\\/autosdelpodio.com\\\/autos\\\/wp-content\\\/uploads\\\/2022\\\/07\\\/Portada_Fiat_Clasicos.jpg\",\"width\":500,\"height\":300},{\"@type\":\"BreadcrumbList\",\"@id\":\"https:\\\/\\\/autosdelpodio.com\\\/autos\\\/los-fiat-retro-de-luxe\\\/#breadcrumb\",\"itemListElement\":[{\"@type\":\"ListItem\",\"position\":1,\"name\":\"Portada\",\"item\":\"http:\\\/\\\/autosdelpodio.com\\\/autos\\\/\"},{\"@type\":\"ListItem\",\"position\":2,\"name\":\"Los Fiat Retro de Luxe\"}]},{\"@type\":\"WebSite\",\"@id\":\"http:\\\/\\\/autosdelpodio.com\\\/autos\\\/#website\",\"url\":\"http:\\\/\\\/autosdelpodio.com\\\/autos\\\/\",\"name\":\"Autos del Podio\",\"description\":\"La sexta del deporte motor\",\"publisher\":{\"@id\":\"http:\\\/\\\/autosdelpodio.com\\\/autos\\\/#organization\"},\"potentialAction\":[{\"@type\":\"SearchAction\",\"target\":{\"@type\":\"EntryPoint\",\"urlTemplate\":\"http:\\\/\\\/autosdelpodio.com\\\/autos\\\/?s={search_term_string}\"},\"query-input\":{\"@type\":\"PropertyValueSpecification\",\"valueRequired\":true,\"valueName\":\"search_term_string\"}}],\"inLanguage\":\"es\"},{\"@type\":\"Organization\",\"@id\":\"http:\\\/\\\/autosdelpodio.com\\\/autos\\\/#organization\",\"name\":\"Autos del Podio\",\"url\":\"http:\\\/\\\/autosdelpodio.com\\\/autos\\\/\",\"logo\":{\"@type\":\"ImageObject\",\"inLanguage\":\"es\",\"@id\":\"http:\\\/\\\/autosdelpodio.com\\\/autos\\\/#\\\/schema\\\/logo\\\/image\\\/\",\"url\":\"http:\\\/\\\/autosdelpodio.com\\\/autos\\\/wp-content\\\/uploads\\\/2020\\\/08\\\/Logo_AR.jpg\",\"contentUrl\":\"http:\\\/\\\/autosdelpodio.com\\\/autos\\\/wp-content\\\/uploads\\\/2020\\\/08\\\/Logo_AR.jpg\",\"width\":1038,\"height\":1044,\"caption\":\"Autos del Podio\"},\"image\":{\"@id\":\"http:\\\/\\\/autosdelpodio.com\\\/autos\\\/#\\\/schema\\\/logo\\\/image\\\/\"},\"sameAs\":[\"https:\\\/\\\/www.facebook.com\\\/profile.php?id=100057192590976&amp;amp;amp;amp;amp;amp;amp;amp;amp;amp;amp;amp;amp;amp;amp;amp;amp;amp;ref=ts\",\"https:\\\/\\\/x.com\\\/autosdelpodio\",\"https:\\\/\\\/www.youtube.com\\\/user\\\/AutosdelPodio\"]},{\"@type\":\"Person\",\"@id\":\"http:\\\/\\\/autosdelpodio.com\\\/autos\\\/#\\\/schema\\\/person\\\/993527a4d01c3acdd3d6bce3770bc942\",\"name\":\"autosdelpodio\",\"image\":{\"@type\":\"ImageObject\",\"inLanguage\":\"es\",\"@id\":\"http:\\\/\\\/autosdelpodio.com\\\/autos\\\/wp-content\\\/litespeed\\\/avatar\\\/aa8f65cd201a80f6b844f63278aa84af.jpg?ver=1776798175\",\"url\":\"http:\\\/\\\/autosdelpodio.com\\\/autos\\\/wp-content\\\/litespeed\\\/avatar\\\/aa8f65cd201a80f6b844f63278aa84af.jpg?ver=1776798175\",\"contentUrl\":\"http:\\\/\\\/autosdelpodio.com\\\/autos\\\/wp-content\\\/litespeed\\\/avatar\\\/aa8f65cd201a80f6b844f63278aa84af.jpg?ver=1776798175\",\"caption\":\"autosdelpodio\"}}]}<\/script>\n<!-- \/ Yoast SEO plugin. -->","yoast_head_json":{"title":"Autos del Podio | Los Fiat Retro de Luxe","description":"Autos del Podio El Club Fiat Cl\u00e1sicos Argentina se present\u00f3 el s\u00e1bado 16 y domingo 17 de Julio en el Partido de Tres de Febrero","robots":{"index":"index","follow":"follow","max-snippet":"max-snippet:-1","max-image-preview":"max-image-preview:large","max-video-preview":"max-video-preview:-1"},"canonical":"https:\/\/autosdelpodio.com\/autos\/los-fiat-retro-de-luxe\/","og_locale":"es_ES","og_type":"article","og_title":"Autos del Podio | Los Fiat Retro de Luxe","og_description":"Autos del Podio El Club Fiat Cl\u00e1sicos Argentina se present\u00f3 el s\u00e1bado 16 y domingo 17 de Julio en el Partido de Tres de Febrero","og_url":"https:\/\/autosdelpodio.com\/autos\/los-fiat-retro-de-luxe\/","og_site_name":"Autos del Podio","article_publisher":"https:\/\/www.facebook.com\/profile.php?id=100057192590976&amp%3bamp%3bamp%3bamp%3bamp%3bamp%3bamp%3bamp%3bamp%3bamp%3bamp%3bamp%3bamp%3bamp%3bamp%3bamp%3bamp%3bamp%3bref=ts","article_published_time":"2022-07-18T03:00:00+00:00","article_modified_time":"2022-07-18T11:24:53+00:00","og_image":[{"width":500,"height":300,"url":"https:\/\/autosdelpodio.com\/autos\/wp-content\/uploads\/2022\/07\/Portada_Fiat_Clasicos.jpg","type":"image\/jpeg"}],"author":"autosdelpodio","twitter_card":"summary_large_image","twitter_creator":"@autosdelpodio","twitter_site":"@autosdelpodio","twitter_misc":{"Escrito por":"autosdelpodio","Tiempo de lectura":"3 minutos"},"schema":{"@context":"https:\/\/schema.org","@graph":[{"@type":"Article","@id":"https:\/\/autosdelpodio.com\/autos\/los-fiat-retro-de-luxe\/#article","isPartOf":{"@id":"https:\/\/autosdelpodio.com\/autos\/los-fiat-retro-de-luxe\/"},"author":{"name":"autosdelpodio","@id":"http:\/\/autosdelpodio.com\/autos\/#\/schema\/person\/993527a4d01c3acdd3d6bce3770bc942"},"headline":"Los Fiat Retro de Luxe","datePublished":"2022-07-18T03:00:00+00:00","dateModified":"2022-07-18T11:24:53+00:00","mainEntityOfPage":{"@id":"https:\/\/autosdelpodio.com\/autos\/los-fiat-retro-de-luxe\/"},"wordCount":492,"commentCount":0,"publisher":{"@id":"http:\/\/autosdelpodio.com\/autos\/#organization"},"image":{"@id":"https:\/\/autosdelpodio.com\/autos\/los-fiat-retro-de-luxe\/#primaryimage"},"thumbnailUrl":"http:\/\/autosdelpodio.com\/autos\/wp-content\/uploads\/2022\/07\/Portada_Fiat_Clasicos.jpg","keywords":["Caseros","Clubes","Exposiciones","Fiat","Republica Argentina"],"articleSection":["Destacado","Recta Principal"],"inLanguage":"es","potentialAction":[{"@type":"CommentAction","name":"Comment","target":["https:\/\/autosdelpodio.com\/autos\/los-fiat-retro-de-luxe\/#respond"]}]},{"@type":"WebPage","@id":"https:\/\/autosdelpodio.com\/autos\/los-fiat-retro-de-luxe\/","url":"https:\/\/autosdelpodio.com\/autos\/los-fiat-retro-de-luxe\/","name":"Autos del Podio | Los Fiat Retro de Luxe","isPartOf":{"@id":"http:\/\/autosdelpodio.com\/autos\/#website"},"primaryImageOfPage":{"@id":"https:\/\/autosdelpodio.com\/autos\/los-fiat-retro-de-luxe\/#primaryimage"},"image":{"@id":"https:\/\/autosdelpodio.com\/autos\/los-fiat-retro-de-luxe\/#primaryimage"},"thumbnailUrl":"http:\/\/autosdelpodio.com\/autos\/wp-content\/uploads\/2022\/07\/Portada_Fiat_Clasicos.jpg","datePublished":"2022-07-18T03:00:00+00:00","dateModified":"2022-07-18T11:24:53+00:00","description":"Autos del Podio El Club Fiat Cl\u00e1sicos Argentina se present\u00f3 el s\u00e1bado 16 y domingo 17 de Julio en el Partido de Tres de Febrero","breadcrumb":{"@id":"https:\/\/autosdelpodio.com\/autos\/los-fiat-retro-de-luxe\/#breadcrumb"},"inLanguage":"es","potentialAction":[{"@type":"ReadAction","target":["https:\/\/autosdelpodio.com\/autos\/los-fiat-retro-de-luxe\/"]}]},{"@type":"ImageObject","inLanguage":"es","@id":"https:\/\/autosdelpodio.com\/autos\/los-fiat-retro-de-luxe\/#primaryimage","url":"http:\/\/autosdelpodio.com\/autos\/wp-content\/uploads\/2022\/07\/Portada_Fiat_Clasicos.jpg","contentUrl":"http:\/\/autosdelpodio.com\/autos\/wp-content\/uploads\/2022\/07\/Portada_Fiat_Clasicos.jpg","width":500,"height":300},{"@type":"BreadcrumbList","@id":"https:\/\/autosdelpodio.com\/autos\/los-fiat-retro-de-luxe\/#breadcrumb","itemListElement":[{"@type":"ListItem","position":1,"name":"Portada","item":"http:\/\/autosdelpodio.com\/autos\/"},{"@type":"ListItem","position":2,"name":"Los Fiat Retro de Luxe"}]},{"@type":"WebSite","@id":"http:\/\/autosdelpodio.com\/autos\/#website","url":"http:\/\/autosdelpodio.com\/autos\/","name":"Autos del Podio","description":"La sexta del deporte motor","publisher":{"@id":"http:\/\/autosdelpodio.com\/autos\/#organization"},"potentialAction":[{"@type":"SearchAction","target":{"@type":"EntryPoint","urlTemplate":"http:\/\/autosdelpodio.com\/autos\/?s={search_term_string}"},"query-input":{"@type":"PropertyValueSpecification","valueRequired":true,"valueName":"search_term_string"}}],"inLanguage":"es"},{"@type":"Organization","@id":"http:\/\/autosdelpodio.com\/autos\/#organization","name":"Autos del Podio","url":"http:\/\/autosdelpodio.com\/autos\/","logo":{"@type":"ImageObject","inLanguage":"es","@id":"http:\/\/autosdelpodio.com\/autos\/#\/schema\/logo\/image\/","url":"http:\/\/autosdelpodio.com\/autos\/wp-content\/uploads\/2020\/08\/Logo_AR.jpg","contentUrl":"http:\/\/autosdelpodio.com\/autos\/wp-content\/uploads\/2020\/08\/Logo_AR.jpg","width":1038,"height":1044,"caption":"Autos del Podio"},"image":{"@id":"http:\/\/autosdelpodio.com\/autos\/#\/schema\/logo\/image\/"},"sameAs":["https:\/\/www.facebook.com\/profile.php?id=100057192590976&amp;amp;amp;amp;amp;amp;amp;amp;amp;amp;amp;amp;amp;amp;amp;amp;amp;amp;ref=ts","https:\/\/x.com\/autosdelpodio","https:\/\/www.youtube.com\/user\/AutosdelPodio"]},{"@type":"Person","@id":"http:\/\/autosdelpodio.com\/autos\/#\/schema\/person\/993527a4d01c3acdd3d6bce3770bc942","name":"autosdelpodio","image":{"@type":"ImageObject","inLanguage":"es","@id":"http:\/\/autosdelpodio.com\/autos\/wp-content\/litespeed\/avatar\/aa8f65cd201a80f6b844f63278aa84af.jpg?ver=1776798175","url":"http:\/\/autosdelpodio.com\/autos\/wp-content\/litespeed\/avatar\/aa8f65cd201a80f6b844f63278aa84af.jpg?ver=1776798175","contentUrl":"http:\/\/autosdelpodio.com\/autos\/wp-content\/litespeed\/avatar\/aa8f65cd201a80f6b844f63278aa84af.jpg?ver=1776798175","caption":"autosdelpodio"}}]}},"views":843,"_links":{"self":[{"href":"http:\/\/autosdelpodio.com\/autos\/wp-json\/wp\/v2\/posts\/5996","targetHints":{"allow":["GET"]}}],"collection":[{"href":"http:\/\/autosdelpodio.com\/autos\/wp-json\/wp\/v2\/posts"}],"about":[{"href":"http:\/\/autosdelpodio.com\/autos\/wp-json\/wp\/v2\/types\/post"}],"author":[{"embeddable":true,"href":"http:\/\/autosdelpodio.com\/autos\/wp-json\/wp\/v2\/users\/3"}],"replies":[{"embeddable":true,"href":"http:\/\/autosdelpodio.com\/autos\/wp-json\/wp\/v2\/comments?post=5996"}],"version-history":[{"count":8,"href":"http:\/\/autosdelpodio.com\/autos\/wp-json\/wp\/v2\/posts\/5996\/revisions"}],"predecessor-version":[{"id":6014,"href":"http:\/\/autosdelpodio.com\/autos\/wp-json\/wp\/v2\/posts\/5996\/revisions\/6014"}],"wp:featuredmedia":[{"embeddable":true,"href":"http:\/\/autosdelpodio.com\/autos\/wp-json\/wp\/v2\/media\/5998"}],"wp:attachment":[{"href":"http:\/\/autosdelpodio.com\/autos\/wp-json\/wp\/v2\/media?parent=5996"}],"wp:term":[{"taxonomy":"category","embeddable":true,"href":"http:\/\/autosdelpodio.com\/autos\/wp-json\/wp\/v2\/categories?post=5996"},{"taxonomy":"post_tag","embeddable":true,"href":"http:\/\/autosdelpodio.com\/autos\/wp-json\/wp\/v2\/tags?post=5996"}],"curies":[{"name":"wp","href":"https:\/\/api.w.org\/{rel}","templated":true}]}}