{"id":6015,"date":"2022-07-18T19:41:08","date_gmt":"2022-07-18T22:41:08","guid":{"rendered":"http:\/\/autosdelpodio.com\/autos\/?p=6015"},"modified":"2022-07-18T19:41:09","modified_gmt":"2022-07-18T22:41:09","slug":"se-viene-el-xix-gran-premio-argentino-historico-ypf-impulsando-lo-nuestro","status":"publish","type":"post","link":"http:\/\/autosdelpodio.com\/autos\/se-viene-el-xix-gran-premio-argentino-historico-ypf-impulsando-lo-nuestro\/","title":{"rendered":"Se viene el XIX Gran Premio Argentino Hist\u00f3rico YPF \u201cImpulsando lo nuestro\u201d"},"content":{"rendered":"\n<p>Tal y como hab\u00edamos anunciado, el Gran Premio Argentino Hist\u00f3rico se llevar\u00e1 a cabo desde el 18 al 23 de septiembre inclusive.<br>Este mi\u00e9rcoles 20 de julio a las 17,30 hs. presenciaremos el lanzamiento de la edici\u00f3n n\u00famero 19 de esta emblem\u00e1tica carrera que tiene como protagonistas a todos aquellos veh\u00edculos desde la d\u00e9cada del 30 hasta el a\u00f1o 1975, sumando este a\u00f1o dentro del Reglamento General de la Categor\u00eda GPA veh\u00edculos con fecha de fabricaci\u00f3n hasta el a\u00f1o 1981.<br>Este a\u00f1o y con motivo del aniversario N\u00b0100 de YPF, el XIX GPH tendr\u00e1 la Copa 100 a\u00f1os YPF \u201cImpulsando lo nuestro\u201d, que ser\u00e1 entregada al binomio ganador de la clasificaci\u00f3n general de la categor\u00eda Veloc\u00edmetro, como as\u00ed tambi\u00e9n, al binomio ganador de la clasificaci\u00f3n general de Od\u00f3metro.<br>La conferencia de prensa se desarrollar\u00e1 de manera presencial en el 1er piso de la sede Central, donde todos los periodistas especializados y acreditados podr\u00e1n interactuar con las autoridades de la prueba.<br>Asimismo, una vez finalizada la presentaci\u00f3n del XIX GPH 2022, comenzar\u00e1 la entrega de premios a los campeones nacionales de la categor\u00eda GPA a\u00f1o 2019 y 2021, como tambi\u00e9n a los campeones argentinos de la categor\u00eda Sport Regularidad a\u00f1o 2019 y 2020\/2021.<br>Cabe destacar que, todo el evento ser\u00e1 desarrollado cumpliendo las recomendaciones establecidas en los protocolos COVID 19 para la Ciudad de Buenos Aires.<br>Para todas aquellas personas que quieran seguir en vivo la conferencia y la entrega de premios, se estar\u00e1 llevando a cabo el streaming del mismo por el canal de YouTube del GPH, podr\u00e1n ingresar haciendo clic aqu\u00ed.<br>Recordamos que para poder participar de la carrera los veh\u00edculos deben estar homologados y con su correspondiente carne de GPA.<br>Por otra parte, no nos podemos olvidar del fin solidario que tiene la cerrara que se concreta a trav\u00e9s de C\u00e1ritas Argentina en donde los participantes, deben entregar al finalizar cada etapa, alimentos no perecederos (en la cantidad dispuesta por reglamento) ante los puestos de C\u00e1ritas, como se lleva a cabo cada a\u00f1o, que ser\u00e1n luego destinadas a diferentes instituciones a trav\u00e9s de las di\u00f3cesis locales.<br>Fuente: Prensa ACA<\/p>\n\n\n\n<p>Para m\u00e1s informaci\u00f3n sobre la carrera en <a href=\"http:\/\/www.gph.aca.org.ar\" target=\"_blank\" rel=\"noreferrer noopener\">www.gph.aca.org.ar<\/a><\/p>\n","protected":false},"excerpt":{"rendered":"<p>Tal y como hab\u00edamos anunciado, el Gran Premio Argentino Hist\u00f3rico se llevar\u00e1 a cabo desde el 18 al 23 de<\/p>\n","protected":false},"author":3,"featured_media":428,"comment_status":"open","ping_status":"open","sticky":false,"template":"","format":"standard","meta":{"colormag_page_container_layout":"default_layout","colormag_page_sidebar_layout":"default_layout","footnotes":""},"categories":[6,5],"tags":[321,118,626,35,676],"class_list":["post-6015","post","type-post","status-publish","format-standard","has-post-thumbnail","hentry","category-newsflash","category-latest-news","tag-aca","tag-autos-clasicos","tag-gran-premio-historico","tag-republica-argentina","tag-ypf"],"yoast_head":"<!-- This site is optimized with the Yoast SEO plugin v27.5 - https:\/\/yoast.com\/product\/yoast-seo-wordpress\/ -->\n<title>Autos del Podio | Se viene el XIX Gran Premio Argentino Hist\u00f3rico YPF \u201cImpulsando lo nuestro\u201d<\/title>\n<meta name=\"description\" content=\"Autos del Podio A trav\u00e9s de un comunicado oficial, el Autom\u00f3vil Club Argentino confirm\u00f3 la realizaci\u00f3n de la edici\u00f3n n\u00ba19 del Gran Premio Argentino Hist\u00f3rico.\" \/>\n<meta name=\"robots\" content=\"index, follow, max-snippet:-1, max-image-preview:large, max-video-preview:-1\" \/>\n<link rel=\"canonical\" href=\"http:\/\/autosdelpodio.com\/autos\/se-viene-el-xix-gran-premio-argentino-historico-ypf-impulsando-lo-nuestro\/\" \/>\n<meta property=\"og:locale\" content=\"es_ES\" \/>\n<meta property=\"og:type\" content=\"article\" \/>\n<meta property=\"og:title\" content=\"Autos del Podio | Se viene el XIX Gran Premio Argentino Hist\u00f3rico YPF \u201cImpulsando lo nuestro\u201d\" \/>\n<meta property=\"og:description\" content=\"Autos del Podio A trav\u00e9s de un comunicado oficial, el Autom\u00f3vil Club Argentino confirm\u00f3 la realizaci\u00f3n de la edici\u00f3n n\u00ba19 del Gran Premio Argentino Hist\u00f3rico.\" \/>\n<meta property=\"og:url\" content=\"http:\/\/autosdelpodio.com\/autos\/se-viene-el-xix-gran-premio-argentino-historico-ypf-impulsando-lo-nuestro\/\" \/>\n<meta property=\"og:site_name\" content=\"Autos del Podio\" \/>\n<meta property=\"article:publisher\" content=\"https:\/\/www.facebook.com\/profile.php?id=100057192590976&amp;amp%3bamp%3bamp%3bamp%3bamp%3bamp%3bamp%3bamp%3bamp%3bamp%3bamp%3bamp%3bamp%3bamp%3bamp%3bamp%3bamp%3bamp%3bref=ts\" \/>\n<meta property=\"article:published_time\" content=\"2022-07-18T22:41:08+00:00\" \/>\n<meta property=\"article:modified_time\" content=\"2022-07-18T22:41:09+00:00\" \/>\n<meta property=\"og:image\" content=\"http:\/\/autosdelpodio.com\/autos\/wp-content\/uploads\/2012\/05\/x-gran-premio-argentino-histrico-2012-e1658183945616.jpg\" \/>\n\t<meta property=\"og:image:width\" content=\"500\" \/>\n\t<meta property=\"og:image:height\" content=\"207\" \/>\n\t<meta property=\"og:image:type\" content=\"image\/jpeg\" \/>\n<meta name=\"author\" content=\"autosdelpodio\" \/>\n<meta name=\"twitter:card\" content=\"summary_large_image\" \/>\n<meta name=\"twitter:creator\" content=\"@autosdelpodio\" \/>\n<meta name=\"twitter:site\" content=\"@autosdelpodio\" \/>\n<meta name=\"twitter:label1\" content=\"Escrito por\" \/>\n\t<meta name=\"twitter:data1\" content=\"autosdelpodio\" \/>\n\t<meta name=\"twitter:label2\" content=\"Tiempo de lectura\" \/>\n\t<meta name=\"twitter:data2\" content=\"2 minutos\" \/>\n<script type=\"application\/ld+json\" class=\"yoast-schema-graph\">{\"@context\":\"https:\\\/\\\/schema.org\",\"@graph\":[{\"@type\":\"Article\",\"@id\":\"http:\\\/\\\/autosdelpodio.com\\\/autos\\\/se-viene-el-xix-gran-premio-argentino-historico-ypf-impulsando-lo-nuestro\\\/#article\",\"isPartOf\":{\"@id\":\"http:\\\/\\\/autosdelpodio.com\\\/autos\\\/se-viene-el-xix-gran-premio-argentino-historico-ypf-impulsando-lo-nuestro\\\/\"},\"author\":{\"name\":\"autosdelpodio\",\"@id\":\"http:\\\/\\\/autosdelpodio.com\\\/autos\\\/#\\\/schema\\\/person\\\/993527a4d01c3acdd3d6bce3770bc942\"},\"headline\":\"Se viene el XIX Gran Premio Argentino Hist\u00f3rico YPF \u201cImpulsando lo nuestro\u201d\",\"datePublished\":\"2022-07-18T22:41:08+00:00\",\"dateModified\":\"2022-07-18T22:41:09+00:00\",\"mainEntityOfPage\":{\"@id\":\"http:\\\/\\\/autosdelpodio.com\\\/autos\\\/se-viene-el-xix-gran-premio-argentino-historico-ypf-impulsando-lo-nuestro\\\/\"},\"wordCount\":401,\"commentCount\":0,\"publisher\":{\"@id\":\"http:\\\/\\\/autosdelpodio.com\\\/autos\\\/#organization\"},\"image\":{\"@id\":\"http:\\\/\\\/autosdelpodio.com\\\/autos\\\/se-viene-el-xix-gran-premio-argentino-historico-ypf-impulsando-lo-nuestro\\\/#primaryimage\"},\"thumbnailUrl\":\"http:\\\/\\\/autosdelpodio.com\\\/autos\\\/wp-content\\\/uploads\\\/2012\\\/05\\\/x-gran-premio-argentino-histrico-2012-e1658183945616.jpg\",\"keywords\":[\"ACA\",\"Autos Clasicos\",\"Gran Premio Historico\",\"Republica Argentina\",\"YPF\"],\"articleSection\":[\"Destacado\",\"\u00daltimas noticias\"],\"inLanguage\":\"es\",\"potentialAction\":[{\"@type\":\"CommentAction\",\"name\":\"Comment\",\"target\":[\"http:\\\/\\\/autosdelpodio.com\\\/autos\\\/se-viene-el-xix-gran-premio-argentino-historico-ypf-impulsando-lo-nuestro\\\/#respond\"]}]},{\"@type\":\"WebPage\",\"@id\":\"http:\\\/\\\/autosdelpodio.com\\\/autos\\\/se-viene-el-xix-gran-premio-argentino-historico-ypf-impulsando-lo-nuestro\\\/\",\"url\":\"http:\\\/\\\/autosdelpodio.com\\\/autos\\\/se-viene-el-xix-gran-premio-argentino-historico-ypf-impulsando-lo-nuestro\\\/\",\"name\":\"Autos del Podio | Se viene el XIX Gran Premio Argentino Hist\u00f3rico YPF \u201cImpulsando lo nuestro\u201d\",\"isPartOf\":{\"@id\":\"http:\\\/\\\/autosdelpodio.com\\\/autos\\\/#website\"},\"primaryImageOfPage\":{\"@id\":\"http:\\\/\\\/autosdelpodio.com\\\/autos\\\/se-viene-el-xix-gran-premio-argentino-historico-ypf-impulsando-lo-nuestro\\\/#primaryimage\"},\"image\":{\"@id\":\"http:\\\/\\\/autosdelpodio.com\\\/autos\\\/se-viene-el-xix-gran-premio-argentino-historico-ypf-impulsando-lo-nuestro\\\/#primaryimage\"},\"thumbnailUrl\":\"http:\\\/\\\/autosdelpodio.com\\\/autos\\\/wp-content\\\/uploads\\\/2012\\\/05\\\/x-gran-premio-argentino-histrico-2012-e1658183945616.jpg\",\"datePublished\":\"2022-07-18T22:41:08+00:00\",\"dateModified\":\"2022-07-18T22:41:09+00:00\",\"description\":\"Autos del Podio A trav\u00e9s de un comunicado oficial, el Autom\u00f3vil Club Argentino confirm\u00f3 la realizaci\u00f3n de la edici\u00f3n n\u00ba19 del Gran Premio Argentino Hist\u00f3rico.\",\"breadcrumb\":{\"@id\":\"http:\\\/\\\/autosdelpodio.com\\\/autos\\\/se-viene-el-xix-gran-premio-argentino-historico-ypf-impulsando-lo-nuestro\\\/#breadcrumb\"},\"inLanguage\":\"es\",\"potentialAction\":[{\"@type\":\"ReadAction\",\"target\":[\"http:\\\/\\\/autosdelpodio.com\\\/autos\\\/se-viene-el-xix-gran-premio-argentino-historico-ypf-impulsando-lo-nuestro\\\/\"]}]},{\"@type\":\"ImageObject\",\"inLanguage\":\"es\",\"@id\":\"http:\\\/\\\/autosdelpodio.com\\\/autos\\\/se-viene-el-xix-gran-premio-argentino-historico-ypf-impulsando-lo-nuestro\\\/#primaryimage\",\"url\":\"http:\\\/\\\/autosdelpodio.com\\\/autos\\\/wp-content\\\/uploads\\\/2012\\\/05\\\/x-gran-premio-argentino-histrico-2012-e1658183945616.jpg\",\"contentUrl\":\"http:\\\/\\\/autosdelpodio.com\\\/autos\\\/wp-content\\\/uploads\\\/2012\\\/05\\\/x-gran-premio-argentino-histrico-2012-e1658183945616.jpg\",\"width\":500,\"height\":207},{\"@type\":\"BreadcrumbList\",\"@id\":\"http:\\\/\\\/autosdelpodio.com\\\/autos\\\/se-viene-el-xix-gran-premio-argentino-historico-ypf-impulsando-lo-nuestro\\\/#breadcrumb\",\"itemListElement\":[{\"@type\":\"ListItem\",\"position\":1,\"name\":\"Portada\",\"item\":\"http:\\\/\\\/autosdelpodio.com\\\/autos\\\/\"},{\"@type\":\"ListItem\",\"position\":2,\"name\":\"Se viene el XIX Gran Premio Argentino Hist\u00f3rico YPF \u201cImpulsando lo nuestro\u201d\"}]},{\"@type\":\"WebSite\",\"@id\":\"http:\\\/\\\/autosdelpodio.com\\\/autos\\\/#website\",\"url\":\"http:\\\/\\\/autosdelpodio.com\\\/autos\\\/\",\"name\":\"Autos del Podio\",\"description\":\"La sexta del deporte motor\",\"publisher\":{\"@id\":\"http:\\\/\\\/autosdelpodio.com\\\/autos\\\/#organization\"},\"potentialAction\":[{\"@type\":\"SearchAction\",\"target\":{\"@type\":\"EntryPoint\",\"urlTemplate\":\"http:\\\/\\\/autosdelpodio.com\\\/autos\\\/?s={search_term_string}\"},\"query-input\":{\"@type\":\"PropertyValueSpecification\",\"valueRequired\":true,\"valueName\":\"search_term_string\"}}],\"inLanguage\":\"es\"},{\"@type\":\"Organization\",\"@id\":\"http:\\\/\\\/autosdelpodio.com\\\/autos\\\/#organization\",\"name\":\"Autos del Podio\",\"url\":\"http:\\\/\\\/autosdelpodio.com\\\/autos\\\/\",\"logo\":{\"@type\":\"ImageObject\",\"inLanguage\":\"es\",\"@id\":\"http:\\\/\\\/autosdelpodio.com\\\/autos\\\/#\\\/schema\\\/logo\\\/image\\\/\",\"url\":\"http:\\\/\\\/autosdelpodio.com\\\/autos\\\/wp-content\\\/uploads\\\/2020\\\/08\\\/Logo_AR.jpg\",\"contentUrl\":\"http:\\\/\\\/autosdelpodio.com\\\/autos\\\/wp-content\\\/uploads\\\/2020\\\/08\\\/Logo_AR.jpg\",\"width\":1038,\"height\":1044,\"caption\":\"Autos del Podio\"},\"image\":{\"@id\":\"http:\\\/\\\/autosdelpodio.com\\\/autos\\\/#\\\/schema\\\/logo\\\/image\\\/\"},\"sameAs\":[\"https:\\\/\\\/www.facebook.com\\\/profile.php?id=100057192590976&amp;amp;amp;amp;amp;amp;amp;amp;amp;amp;amp;amp;amp;amp;amp;amp;amp;amp;ref=ts\",\"https:\\\/\\\/x.com\\\/autosdelpodio\",\"https:\\\/\\\/www.youtube.com\\\/user\\\/AutosdelPodio\"]},{\"@type\":\"Person\",\"@id\":\"http:\\\/\\\/autosdelpodio.com\\\/autos\\\/#\\\/schema\\\/person\\\/993527a4d01c3acdd3d6bce3770bc942\",\"name\":\"autosdelpodio\",\"image\":{\"@type\":\"ImageObject\",\"inLanguage\":\"es\",\"@id\":\"http:\\\/\\\/autosdelpodio.com\\\/autos\\\/wp-content\\\/litespeed\\\/avatar\\\/aa8f65cd201a80f6b844f63278aa84af.jpg?ver=1777403005\",\"url\":\"http:\\\/\\\/autosdelpodio.com\\\/autos\\\/wp-content\\\/litespeed\\\/avatar\\\/aa8f65cd201a80f6b844f63278aa84af.jpg?ver=1777403005\",\"contentUrl\":\"http:\\\/\\\/autosdelpodio.com\\\/autos\\\/wp-content\\\/litespeed\\\/avatar\\\/aa8f65cd201a80f6b844f63278aa84af.jpg?ver=1777403005\",\"caption\":\"autosdelpodio\"}}]}<\/script>\n<!-- \/ Yoast SEO plugin. -->","yoast_head_json":{"title":"Autos del Podio | Se viene el XIX Gran Premio Argentino Hist\u00f3rico YPF \u201cImpulsando lo nuestro\u201d","description":"Autos del Podio A trav\u00e9s de un comunicado oficial, el Autom\u00f3vil Club Argentino confirm\u00f3 la realizaci\u00f3n de la edici\u00f3n n\u00ba19 del Gran Premio Argentino Hist\u00f3rico.","robots":{"index":"index","follow":"follow","max-snippet":"max-snippet:-1","max-image-preview":"max-image-preview:large","max-video-preview":"max-video-preview:-1"},"canonical":"http:\/\/autosdelpodio.com\/autos\/se-viene-el-xix-gran-premio-argentino-historico-ypf-impulsando-lo-nuestro\/","og_locale":"es_ES","og_type":"article","og_title":"Autos del Podio | Se viene el XIX Gran Premio Argentino Hist\u00f3rico YPF \u201cImpulsando lo nuestro\u201d","og_description":"Autos del Podio A trav\u00e9s de un comunicado oficial, el Autom\u00f3vil Club Argentino confirm\u00f3 la realizaci\u00f3n de la edici\u00f3n n\u00ba19 del Gran Premio Argentino Hist\u00f3rico.","og_url":"http:\/\/autosdelpodio.com\/autos\/se-viene-el-xix-gran-premio-argentino-historico-ypf-impulsando-lo-nuestro\/","og_site_name":"Autos del Podio","article_publisher":"https:\/\/www.facebook.com\/profile.php?id=100057192590976&amp%3bamp%3bamp%3bamp%3bamp%3bamp%3bamp%3bamp%3bamp%3bamp%3bamp%3bamp%3bamp%3bamp%3bamp%3bamp%3bamp%3bamp%3bref=ts","article_published_time":"2022-07-18T22:41:08+00:00","article_modified_time":"2022-07-18T22:41:09+00:00","og_image":[{"width":500,"height":207,"url":"http:\/\/autosdelpodio.com\/autos\/wp-content\/uploads\/2012\/05\/x-gran-premio-argentino-histrico-2012-e1658183945616.jpg","type":"image\/jpeg"}],"author":"autosdelpodio","twitter_card":"summary_large_image","twitter_creator":"@autosdelpodio","twitter_site":"@autosdelpodio","twitter_misc":{"Escrito por":"autosdelpodio","Tiempo de lectura":"2 minutos"},"schema":{"@context":"https:\/\/schema.org","@graph":[{"@type":"Article","@id":"http:\/\/autosdelpodio.com\/autos\/se-viene-el-xix-gran-premio-argentino-historico-ypf-impulsando-lo-nuestro\/#article","isPartOf":{"@id":"http:\/\/autosdelpodio.com\/autos\/se-viene-el-xix-gran-premio-argentino-historico-ypf-impulsando-lo-nuestro\/"},"author":{"name":"autosdelpodio","@id":"http:\/\/autosdelpodio.com\/autos\/#\/schema\/person\/993527a4d01c3acdd3d6bce3770bc942"},"headline":"Se viene el XIX Gran Premio Argentino Hist\u00f3rico YPF \u201cImpulsando lo nuestro\u201d","datePublished":"2022-07-18T22:41:08+00:00","dateModified":"2022-07-18T22:41:09+00:00","mainEntityOfPage":{"@id":"http:\/\/autosdelpodio.com\/autos\/se-viene-el-xix-gran-premio-argentino-historico-ypf-impulsando-lo-nuestro\/"},"wordCount":401,"commentCount":0,"publisher":{"@id":"http:\/\/autosdelpodio.com\/autos\/#organization"},"image":{"@id":"http:\/\/autosdelpodio.com\/autos\/se-viene-el-xix-gran-premio-argentino-historico-ypf-impulsando-lo-nuestro\/#primaryimage"},"thumbnailUrl":"http:\/\/autosdelpodio.com\/autos\/wp-content\/uploads\/2012\/05\/x-gran-premio-argentino-histrico-2012-e1658183945616.jpg","keywords":["ACA","Autos Clasicos","Gran Premio Historico","Republica Argentina","YPF"],"articleSection":["Destacado","\u00daltimas noticias"],"inLanguage":"es","potentialAction":[{"@type":"CommentAction","name":"Comment","target":["http:\/\/autosdelpodio.com\/autos\/se-viene-el-xix-gran-premio-argentino-historico-ypf-impulsando-lo-nuestro\/#respond"]}]},{"@type":"WebPage","@id":"http:\/\/autosdelpodio.com\/autos\/se-viene-el-xix-gran-premio-argentino-historico-ypf-impulsando-lo-nuestro\/","url":"http:\/\/autosdelpodio.com\/autos\/se-viene-el-xix-gran-premio-argentino-historico-ypf-impulsando-lo-nuestro\/","name":"Autos del Podio | Se viene el XIX Gran Premio Argentino Hist\u00f3rico YPF \u201cImpulsando lo nuestro\u201d","isPartOf":{"@id":"http:\/\/autosdelpodio.com\/autos\/#website"},"primaryImageOfPage":{"@id":"http:\/\/autosdelpodio.com\/autos\/se-viene-el-xix-gran-premio-argentino-historico-ypf-impulsando-lo-nuestro\/#primaryimage"},"image":{"@id":"http:\/\/autosdelpodio.com\/autos\/se-viene-el-xix-gran-premio-argentino-historico-ypf-impulsando-lo-nuestro\/#primaryimage"},"thumbnailUrl":"http:\/\/autosdelpodio.com\/autos\/wp-content\/uploads\/2012\/05\/x-gran-premio-argentino-histrico-2012-e1658183945616.jpg","datePublished":"2022-07-18T22:41:08+00:00","dateModified":"2022-07-18T22:41:09+00:00","description":"Autos del Podio A trav\u00e9s de un comunicado oficial, el Autom\u00f3vil Club Argentino confirm\u00f3 la realizaci\u00f3n de la edici\u00f3n n\u00ba19 del Gran Premio Argentino Hist\u00f3rico.","breadcrumb":{"@id":"http:\/\/autosdelpodio.com\/autos\/se-viene-el-xix-gran-premio-argentino-historico-ypf-impulsando-lo-nuestro\/#breadcrumb"},"inLanguage":"es","potentialAction":[{"@type":"ReadAction","target":["http:\/\/autosdelpodio.com\/autos\/se-viene-el-xix-gran-premio-argentino-historico-ypf-impulsando-lo-nuestro\/"]}]},{"@type":"ImageObject","inLanguage":"es","@id":"http:\/\/autosdelpodio.com\/autos\/se-viene-el-xix-gran-premio-argentino-historico-ypf-impulsando-lo-nuestro\/#primaryimage","url":"http:\/\/autosdelpodio.com\/autos\/wp-content\/uploads\/2012\/05\/x-gran-premio-argentino-histrico-2012-e1658183945616.jpg","contentUrl":"http:\/\/autosdelpodio.com\/autos\/wp-content\/uploads\/2012\/05\/x-gran-premio-argentino-histrico-2012-e1658183945616.jpg","width":500,"height":207},{"@type":"BreadcrumbList","@id":"http:\/\/autosdelpodio.com\/autos\/se-viene-el-xix-gran-premio-argentino-historico-ypf-impulsando-lo-nuestro\/#breadcrumb","itemListElement":[{"@type":"ListItem","position":1,"name":"Portada","item":"http:\/\/autosdelpodio.com\/autos\/"},{"@type":"ListItem","position":2,"name":"Se viene el XIX Gran Premio Argentino Hist\u00f3rico YPF \u201cImpulsando lo nuestro\u201d"}]},{"@type":"WebSite","@id":"http:\/\/autosdelpodio.com\/autos\/#website","url":"http:\/\/autosdelpodio.com\/autos\/","name":"Autos del Podio","description":"La sexta del deporte motor","publisher":{"@id":"http:\/\/autosdelpodio.com\/autos\/#organization"},"potentialAction":[{"@type":"SearchAction","target":{"@type":"EntryPoint","urlTemplate":"http:\/\/autosdelpodio.com\/autos\/?s={search_term_string}"},"query-input":{"@type":"PropertyValueSpecification","valueRequired":true,"valueName":"search_term_string"}}],"inLanguage":"es"},{"@type":"Organization","@id":"http:\/\/autosdelpodio.com\/autos\/#organization","name":"Autos del Podio","url":"http:\/\/autosdelpodio.com\/autos\/","logo":{"@type":"ImageObject","inLanguage":"es","@id":"http:\/\/autosdelpodio.com\/autos\/#\/schema\/logo\/image\/","url":"http:\/\/autosdelpodio.com\/autos\/wp-content\/uploads\/2020\/08\/Logo_AR.jpg","contentUrl":"http:\/\/autosdelpodio.com\/autos\/wp-content\/uploads\/2020\/08\/Logo_AR.jpg","width":1038,"height":1044,"caption":"Autos del Podio"},"image":{"@id":"http:\/\/autosdelpodio.com\/autos\/#\/schema\/logo\/image\/"},"sameAs":["https:\/\/www.facebook.com\/profile.php?id=100057192590976&amp;amp;amp;amp;amp;amp;amp;amp;amp;amp;amp;amp;amp;amp;amp;amp;amp;amp;ref=ts","https:\/\/x.com\/autosdelpodio","https:\/\/www.youtube.com\/user\/AutosdelPodio"]},{"@type":"Person","@id":"http:\/\/autosdelpodio.com\/autos\/#\/schema\/person\/993527a4d01c3acdd3d6bce3770bc942","name":"autosdelpodio","image":{"@type":"ImageObject","inLanguage":"es","@id":"http:\/\/autosdelpodio.com\/autos\/wp-content\/litespeed\/avatar\/aa8f65cd201a80f6b844f63278aa84af.jpg?ver=1777403005","url":"http:\/\/autosdelpodio.com\/autos\/wp-content\/litespeed\/avatar\/aa8f65cd201a80f6b844f63278aa84af.jpg?ver=1777403005","contentUrl":"http:\/\/autosdelpodio.com\/autos\/wp-content\/litespeed\/avatar\/aa8f65cd201a80f6b844f63278aa84af.jpg?ver=1777403005","caption":"autosdelpodio"}}]}},"views":327,"_links":{"self":[{"href":"http:\/\/autosdelpodio.com\/autos\/wp-json\/wp\/v2\/posts\/6015","targetHints":{"allow":["GET"]}}],"collection":[{"href":"http:\/\/autosdelpodio.com\/autos\/wp-json\/wp\/v2\/posts"}],"about":[{"href":"http:\/\/autosdelpodio.com\/autos\/wp-json\/wp\/v2\/types\/post"}],"author":[{"embeddable":true,"href":"http:\/\/autosdelpodio.com\/autos\/wp-json\/wp\/v2\/users\/3"}],"replies":[{"embeddable":true,"href":"http:\/\/autosdelpodio.com\/autos\/wp-json\/wp\/v2\/comments?post=6015"}],"version-history":[{"count":1,"href":"http:\/\/autosdelpodio.com\/autos\/wp-json\/wp\/v2\/posts\/6015\/revisions"}],"predecessor-version":[{"id":6016,"href":"http:\/\/autosdelpodio.com\/autos\/wp-json\/wp\/v2\/posts\/6015\/revisions\/6016"}],"wp:featuredmedia":[{"embeddable":true,"href":"http:\/\/autosdelpodio.com\/autos\/wp-json\/wp\/v2\/media\/428"}],"wp:attachment":[{"href":"http:\/\/autosdelpodio.com\/autos\/wp-json\/wp\/v2\/media?parent=6015"}],"wp:term":[{"taxonomy":"category","embeddable":true,"href":"http:\/\/autosdelpodio.com\/autos\/wp-json\/wp\/v2\/categories?post=6015"},{"taxonomy":"post_tag","embeddable":true,"href":"http:\/\/autosdelpodio.com\/autos\/wp-json\/wp\/v2\/tags?post=6015"}],"curies":[{"name":"wp","href":"https:\/\/api.w.org\/{rel}","templated":true}]}}