{"id":6022,"date":"2022-07-25T16:44:25","date_gmt":"2022-07-25T19:44:25","guid":{"rendered":"http:\/\/autosdelpodio.com\/autos\/?p=6022"},"modified":"2022-07-25T20:29:11","modified_gmt":"2022-07-25T23:29:11","slug":"el-fiat-cronos-se-renueva-y-estrena-transmision","status":"publish","type":"post","link":"http:\/\/autosdelpodio.com\/autos\/el-fiat-cronos-se-renueva-y-estrena-transmision\/","title":{"rendered":"El Fiat Cronos se renueva y estrena transmisi\u00f3n"},"content":{"rendered":"\n<p>Presentado en 2018 en la unidad productiva de Stellantis en C\u00f3rdoba, y con m\u00e1s de 100.000 unidades comercializadas en nuestro pa\u00eds, el Fiat Cronos hoy renueva su dise\u00f1o y mejora en la oferta del modelo m\u00e1s vendido del mercado argentino.<\/p>\n\n\n\n<p>Fiat hist\u00f3ricamente fue protagonista de la cultura automotriz argentina y el actual modelo de la marca no es la excepci\u00f3n. La versatilidad que propone el Cronos no s\u00f3lo lo convirti\u00f3 en el referente indiscutido entre sus competidores directos con m\u00e1s de un 70 % de participaci\u00f3n en el a\u00f1o 2022 (65 % en el 2021), sino que su \u00e9xito comercial tambi\u00e9n revalid\u00f3 el peso del segmento B-Sed\u00e1n en el mercado argentino.<\/p>\n\n\n\n<p>A nivel industrial, el modelo de la marca italiana es un pilar fundamental para Stellantis Argentina y la regi\u00f3n, no s\u00f3lo porque crece a\u00f1o tras a\u00f1o en volumen de producci\u00f3n y exportaci\u00f3n, sino que le da sustentabilidad a toda la cadena de valor.<\/p>\n\n\n\n<p>El \u00e9xito del modelo Cronos hoy reside b\u00e1sicamente en su propuesta de valor: precios competitivos, gran disponibilidad en la plaza y un portfolio con configuraciones y equipamiento atractivos, todo esto soportado por una marca que viene transformando su forma de hacer y de comunicar.<\/p>\n\n\n\n<p>Audaz, moderno, deportivo, atractivo, espacioso, refinado e innovador. Estas fueron algunas de las expresiones utilizadas para definir el Fiat Cronos por parte de las primeras personas que conocieron el modelo de cerca durante una cl\u00ednica con potenciales compradores de sedanes compactos realizada antes de su lanzamiento en 2018. Estos adjetivos aplicados al Fiat Cronos hoy se contin\u00faan justificando plenamente.<\/p>\n\n\n\n<p>Este Cronos MY2023 constituye un redise\u00f1o de la oferta del modelo con un leve&nbsp;<em>restyling<\/em>&nbsp;exterior, la incorporaci\u00f3n de una transmisi\u00f3n autom\u00e1tica del tipo CVT, y la suma de novedades en materia de postventa y servicios. El nuevo&nbsp;<em>line-up<\/em>&nbsp;queda conformado por un total de 5 versiones, una de ellas exclusiva para el canal de ventas especiales, todas con una \u00fanica motorizaci\u00f3n:<\/p>\n\n\n\n<ul class=\"wp-block-list\"><li>3L ATTRACTIVE MT (exclusiva ventas especiales)<\/li><li>3L DRIVE MT<\/li><li>3L DRIVE MT Pack S-Design<\/li><li>3L DRIVE CVT<\/li><li>3L PRECISION CVT<\/li><\/ul>\n\n\n\n<h6 class=\"wp-block-heading\">Tren motriz:<\/h6>\n\n\n\n<p>La gama MY23 queda equipada con un \u00fanico impulsor, el conocido y eficiente motor 1.3L FIREFLY de 8 v\u00e1lvulas, distribuci\u00f3n con cadena, que eroga una potencia m\u00e1xima de 99CV (72,8 KW@6.000 rpm) y 128 Nm (13,0 kgfm@4.000 rpm), asociado a una transmisi\u00f3n de 5 velocidades \u00f3 a una nueva transmisi\u00f3n autom\u00e1tica del tipo CVT (transmisi\u00f3n variable continua).<\/p>\n\n\n\n<p>Esta transmisi\u00f3n es una de las \u00faltimas novedades de la marca, que se caracteriza por ser confortable, liviana, eficiente y de f\u00e1cil mantenimiento. Entre sus principales caracter\u00edsticas se destaca la posibilidad de alternar al modo manual con 7 marchas preprogramadas, y su nueva funci\u00f3n SPORT MODE que permite cambiar los par\u00e1metros de aceleraci\u00f3n y gesti\u00f3n de pasaje de cambios para brindar mejores sensaciones de conducci\u00f3n.<\/p>\n\n\n\n<h6 class=\"wp-block-heading\">Dise\u00f1o exterior:<\/h6>\n\n\n\n<p>En cuanto al dise\u00f1o exterior, se renueva la parrilla frontal incorporando m\u00e1s detalles cromados, se renuevan los dise\u00f1os de llantas en todas las versiones y debuta un nuevo color exterior: el Gris Strato en tono pastel. La versi\u00f3n S-DESIGN ahora cuenta con acabados cobrizos en vez de negros.<\/p>\n\n\n\n<h6 class=\"wp-block-heading\"><strong>Dise\u00f1o interior:<\/strong><\/h6>\n\n\n\n<p>En el interior, la novedad es la incorporaci\u00f3n del nuevo volante com\u00fan a todas las versiones, el interior oscurecido y el&nbsp; apoyabrazos central delantero \u00fanicamente presentes en&nbsp; la versi\u00f3n PRECISION CVT.<\/p>\n\n\n\n<h6 class=\"wp-block-heading\">Servicios anticipados MOPAR incluidos:<\/h6>\n\n\n\n<p>Toda la gama MY23 ahora cuenta con los dos (2) primeros servicios de mantenimiento incluidos (10.000km\/ 20.000Km) para mayor comodidad del cliente.<\/p>\n\n\n\n<h6 class=\"wp-block-heading\">&nbsp;Accesorios MOPAR:<\/h6>\n\n\n\n<p>Se encuentra disponible un set de accesorios exclusivos para el modelo, los mismos se podr\u00e1n conocer en el sitio web de MOPAR.<\/p>\n\n\n\n<h6 class=\"wp-block-heading\"><strong>&nbsp;Garant\u00eda:<\/strong><\/h6>\n\n\n\n<p>Al igual que el resto de la gama FIAT, cuenta con una garant\u00eda transferible de 3 a\u00f1os \u00f3 100.000 kms (lo que ocurra primero).<\/p>\n\n\n\n<h6 class=\"wp-block-heading\"><strong>&nbsp;Precios:<\/strong><\/h6>\n\n\n\n<figure class=\"wp-block-table\"><table><tbody><tr><td><strong>Versi\u00f3n<\/strong><\/td><td><strong>Precio P\u00fablico Sugerido (en $, IVA incluido)<\/strong><\/td><\/tr><tr><td>ATTRACTIVE 1.3L MT MY23*<\/td><td>$ 2.928.900<\/td><\/tr><tr><td>DRIVE 1.3L MT MY23<\/td><td>$ 3.202.000<\/td><\/tr><tr><td>DRIVE 1.3L MT S-DESIGN MY23<\/td><td>$ 3.323.400<\/td><\/tr><tr><td>DRIVE 1.3L CVT MY23<\/td><td>$ 3.492.800<\/td><\/tr><tr><td>PRECISION 1.3L CVT MY23<\/td><td>$ 3.714.600<\/td><\/tr><\/tbody><\/table><\/figure>\n\n\n\n<p><strong>*&nbsp;<\/strong>versi\u00f3n exclusiva para ventas especiales<\/p>\n\n\n\n<p>Fuente: prensa Stellantis<\/p>\n","protected":false},"excerpt":{"rendered":"<p>Presentado en 2018 en la unidad productiva de Stellantis en C\u00f3rdoba, y con m\u00e1s de 100.000 unidades comercializadas en nuestro<\/p>\n","protected":false},"author":3,"featured_media":4285,"comment_status":"open","ping_status":"open","sticky":false,"template":"","format":"standard","meta":{"colormag_page_container_layout":"default_layout","colormag_page_sidebar_layout":"default_layout","footnotes":""},"categories":[6,16],"tags":[697,208,35,555],"class_list":["post-6022","post","type-post","status-publish","format-standard","has-post-thumbnail","hentry","category-newsflash","category-recta-principal","tag-fiat-cronos","tag-produccion","tag-republica-argentina","tag-stellantis"],"yoast_head":"<!-- This site is optimized with the Yoast SEO plugin v27.5 - https:\/\/yoast.com\/product\/yoast-seo-wordpress\/ -->\n<title>Autos del Podio | El Fiat Cronos se renueva y estrena transmisi\u00f3n<\/title>\n<meta name=\"description\" content=\"Autos del Podio El veh\u00edculo m\u00e1s vendido de la Argentina se renueva y suma una nueva caja autom\u00e1tica CVT.\" \/>\n<meta name=\"robots\" content=\"index, follow, max-snippet:-1, max-image-preview:large, max-video-preview:-1\" \/>\n<link rel=\"canonical\" href=\"http:\/\/autosdelpodio.com\/autos\/el-fiat-cronos-se-renueva-y-estrena-transmision\/\" \/>\n<meta property=\"og:locale\" content=\"es_ES\" \/>\n<meta property=\"og:type\" content=\"article\" \/>\n<meta property=\"og:title\" content=\"Autos del Podio | El Fiat Cronos se renueva y estrena transmisi\u00f3n\" \/>\n<meta property=\"og:description\" content=\"Autos del Podio El veh\u00edculo m\u00e1s vendido de la Argentina se renueva y suma una nueva caja autom\u00e1tica CVT.\" \/>\n<meta property=\"og:url\" content=\"http:\/\/autosdelpodio.com\/autos\/el-fiat-cronos-se-renueva-y-estrena-transmision\/\" \/>\n<meta property=\"og:site_name\" content=\"Autos del Podio\" \/>\n<meta property=\"article:publisher\" content=\"https:\/\/www.facebook.com\/profile.php?id=100057192590976&amp;amp%3bamp%3bamp%3bamp%3bamp%3bamp%3bamp%3bamp%3bamp%3bamp%3bamp%3bamp%3bamp%3bamp%3bamp%3bamp%3bamp%3bamp%3bref=ts\" \/>\n<meta property=\"article:published_time\" content=\"2022-07-25T19:44:25+00:00\" \/>\n<meta property=\"article:modified_time\" content=\"2022-07-25T23:29:11+00:00\" \/>\n<meta property=\"og:image\" content=\"http:\/\/autosdelpodio.com\/autos\/wp-content\/uploads\/2021\/05\/Fiat_Cronos-e1640631971323.jpg\" \/>\n\t<meta property=\"og:image:width\" content=\"500\" \/>\n\t<meta property=\"og:image:height\" content=\"250\" \/>\n\t<meta property=\"og:image:type\" content=\"image\/jpeg\" \/>\n<meta name=\"author\" content=\"autosdelpodio\" \/>\n<meta name=\"twitter:card\" content=\"summary_large_image\" \/>\n<meta name=\"twitter:creator\" content=\"@autosdelpodio\" \/>\n<meta name=\"twitter:site\" content=\"@autosdelpodio\" \/>\n<meta name=\"twitter:label1\" content=\"Escrito por\" \/>\n\t<meta name=\"twitter:data1\" content=\"autosdelpodio\" \/>\n\t<meta name=\"twitter:label2\" content=\"Tiempo de lectura\" \/>\n\t<meta name=\"twitter:data2\" content=\"4 minutos\" \/>\n<script type=\"application\/ld+json\" class=\"yoast-schema-graph\">{\"@context\":\"https:\\\/\\\/schema.org\",\"@graph\":[{\"@type\":\"Article\",\"@id\":\"http:\\\/\\\/autosdelpodio.com\\\/autos\\\/el-fiat-cronos-se-renueva-y-estrena-transmision\\\/#article\",\"isPartOf\":{\"@id\":\"http:\\\/\\\/autosdelpodio.com\\\/autos\\\/el-fiat-cronos-se-renueva-y-estrena-transmision\\\/\"},\"author\":{\"name\":\"autosdelpodio\",\"@id\":\"http:\\\/\\\/autosdelpodio.com\\\/autos\\\/#\\\/schema\\\/person\\\/993527a4d01c3acdd3d6bce3770bc942\"},\"headline\":\"El Fiat Cronos se renueva y estrena transmisi\u00f3n\",\"datePublished\":\"2022-07-25T19:44:25+00:00\",\"dateModified\":\"2022-07-25T23:29:11+00:00\",\"mainEntityOfPage\":{\"@id\":\"http:\\\/\\\/autosdelpodio.com\\\/autos\\\/el-fiat-cronos-se-renueva-y-estrena-transmision\\\/\"},\"wordCount\":714,\"commentCount\":0,\"publisher\":{\"@id\":\"http:\\\/\\\/autosdelpodio.com\\\/autos\\\/#organization\"},\"image\":{\"@id\":\"http:\\\/\\\/autosdelpodio.com\\\/autos\\\/el-fiat-cronos-se-renueva-y-estrena-transmision\\\/#primaryimage\"},\"thumbnailUrl\":\"http:\\\/\\\/autosdelpodio.com\\\/autos\\\/wp-content\\\/uploads\\\/2021\\\/05\\\/Fiat_Cronos-e1640631971323.jpg\",\"keywords\":[\"Fiat Cronos\",\"Producci\u00f3n\",\"Republica Argentina\",\"Stellantis\"],\"articleSection\":[\"Destacado\",\"Recta Principal\"],\"inLanguage\":\"es\",\"potentialAction\":[{\"@type\":\"CommentAction\",\"name\":\"Comment\",\"target\":[\"http:\\\/\\\/autosdelpodio.com\\\/autos\\\/el-fiat-cronos-se-renueva-y-estrena-transmision\\\/#respond\"]}]},{\"@type\":\"WebPage\",\"@id\":\"http:\\\/\\\/autosdelpodio.com\\\/autos\\\/el-fiat-cronos-se-renueva-y-estrena-transmision\\\/\",\"url\":\"http:\\\/\\\/autosdelpodio.com\\\/autos\\\/el-fiat-cronos-se-renueva-y-estrena-transmision\\\/\",\"name\":\"Autos del Podio | El Fiat Cronos se renueva y estrena transmisi\u00f3n\",\"isPartOf\":{\"@id\":\"http:\\\/\\\/autosdelpodio.com\\\/autos\\\/#website\"},\"primaryImageOfPage\":{\"@id\":\"http:\\\/\\\/autosdelpodio.com\\\/autos\\\/el-fiat-cronos-se-renueva-y-estrena-transmision\\\/#primaryimage\"},\"image\":{\"@id\":\"http:\\\/\\\/autosdelpodio.com\\\/autos\\\/el-fiat-cronos-se-renueva-y-estrena-transmision\\\/#primaryimage\"},\"thumbnailUrl\":\"http:\\\/\\\/autosdelpodio.com\\\/autos\\\/wp-content\\\/uploads\\\/2021\\\/05\\\/Fiat_Cronos-e1640631971323.jpg\",\"datePublished\":\"2022-07-25T19:44:25+00:00\",\"dateModified\":\"2022-07-25T23:29:11+00:00\",\"description\":\"Autos del Podio El veh\u00edculo m\u00e1s vendido de la Argentina se renueva y suma una nueva caja autom\u00e1tica CVT.\",\"breadcrumb\":{\"@id\":\"http:\\\/\\\/autosdelpodio.com\\\/autos\\\/el-fiat-cronos-se-renueva-y-estrena-transmision\\\/#breadcrumb\"},\"inLanguage\":\"es\",\"potentialAction\":[{\"@type\":\"ReadAction\",\"target\":[\"http:\\\/\\\/autosdelpodio.com\\\/autos\\\/el-fiat-cronos-se-renueva-y-estrena-transmision\\\/\"]}]},{\"@type\":\"ImageObject\",\"inLanguage\":\"es\",\"@id\":\"http:\\\/\\\/autosdelpodio.com\\\/autos\\\/el-fiat-cronos-se-renueva-y-estrena-transmision\\\/#primaryimage\",\"url\":\"http:\\\/\\\/autosdelpodio.com\\\/autos\\\/wp-content\\\/uploads\\\/2021\\\/05\\\/Fiat_Cronos-e1640631971323.jpg\",\"contentUrl\":\"http:\\\/\\\/autosdelpodio.com\\\/autos\\\/wp-content\\\/uploads\\\/2021\\\/05\\\/Fiat_Cronos-e1640631971323.jpg\",\"width\":500,\"height\":250},{\"@type\":\"BreadcrumbList\",\"@id\":\"http:\\\/\\\/autosdelpodio.com\\\/autos\\\/el-fiat-cronos-se-renueva-y-estrena-transmision\\\/#breadcrumb\",\"itemListElement\":[{\"@type\":\"ListItem\",\"position\":1,\"name\":\"Portada\",\"item\":\"http:\\\/\\\/autosdelpodio.com\\\/autos\\\/\"},{\"@type\":\"ListItem\",\"position\":2,\"name\":\"El Fiat Cronos se renueva y estrena transmisi\u00f3n\"}]},{\"@type\":\"WebSite\",\"@id\":\"http:\\\/\\\/autosdelpodio.com\\\/autos\\\/#website\",\"url\":\"http:\\\/\\\/autosdelpodio.com\\\/autos\\\/\",\"name\":\"Autos del Podio\",\"description\":\"La sexta del deporte motor\",\"publisher\":{\"@id\":\"http:\\\/\\\/autosdelpodio.com\\\/autos\\\/#organization\"},\"potentialAction\":[{\"@type\":\"SearchAction\",\"target\":{\"@type\":\"EntryPoint\",\"urlTemplate\":\"http:\\\/\\\/autosdelpodio.com\\\/autos\\\/?s={search_term_string}\"},\"query-input\":{\"@type\":\"PropertyValueSpecification\",\"valueRequired\":true,\"valueName\":\"search_term_string\"}}],\"inLanguage\":\"es\"},{\"@type\":\"Organization\",\"@id\":\"http:\\\/\\\/autosdelpodio.com\\\/autos\\\/#organization\",\"name\":\"Autos del Podio\",\"url\":\"http:\\\/\\\/autosdelpodio.com\\\/autos\\\/\",\"logo\":{\"@type\":\"ImageObject\",\"inLanguage\":\"es\",\"@id\":\"http:\\\/\\\/autosdelpodio.com\\\/autos\\\/#\\\/schema\\\/logo\\\/image\\\/\",\"url\":\"http:\\\/\\\/autosdelpodio.com\\\/autos\\\/wp-content\\\/uploads\\\/2020\\\/08\\\/Logo_AR.jpg\",\"contentUrl\":\"http:\\\/\\\/autosdelpodio.com\\\/autos\\\/wp-content\\\/uploads\\\/2020\\\/08\\\/Logo_AR.jpg\",\"width\":1038,\"height\":1044,\"caption\":\"Autos del Podio\"},\"image\":{\"@id\":\"http:\\\/\\\/autosdelpodio.com\\\/autos\\\/#\\\/schema\\\/logo\\\/image\\\/\"},\"sameAs\":[\"https:\\\/\\\/www.facebook.com\\\/profile.php?id=100057192590976&amp;amp;amp;amp;amp;amp;amp;amp;amp;amp;amp;amp;amp;amp;amp;amp;amp;amp;ref=ts\",\"https:\\\/\\\/x.com\\\/autosdelpodio\",\"https:\\\/\\\/www.youtube.com\\\/user\\\/AutosdelPodio\"]},{\"@type\":\"Person\",\"@id\":\"http:\\\/\\\/autosdelpodio.com\\\/autos\\\/#\\\/schema\\\/person\\\/993527a4d01c3acdd3d6bce3770bc942\",\"name\":\"autosdelpodio\",\"image\":{\"@type\":\"ImageObject\",\"inLanguage\":\"es\",\"@id\":\"http:\\\/\\\/autosdelpodio.com\\\/autos\\\/wp-content\\\/litespeed\\\/avatar\\\/aa8f65cd201a80f6b844f63278aa84af.jpg?ver=1777403005\",\"url\":\"http:\\\/\\\/autosdelpodio.com\\\/autos\\\/wp-content\\\/litespeed\\\/avatar\\\/aa8f65cd201a80f6b844f63278aa84af.jpg?ver=1777403005\",\"contentUrl\":\"http:\\\/\\\/autosdelpodio.com\\\/autos\\\/wp-content\\\/litespeed\\\/avatar\\\/aa8f65cd201a80f6b844f63278aa84af.jpg?ver=1777403005\",\"caption\":\"autosdelpodio\"}}]}<\/script>\n<!-- \/ Yoast SEO plugin. -->","yoast_head_json":{"title":"Autos del Podio | El Fiat Cronos se renueva y estrena transmisi\u00f3n","description":"Autos del Podio El veh\u00edculo m\u00e1s vendido de la Argentina se renueva y suma una nueva caja autom\u00e1tica CVT.","robots":{"index":"index","follow":"follow","max-snippet":"max-snippet:-1","max-image-preview":"max-image-preview:large","max-video-preview":"max-video-preview:-1"},"canonical":"http:\/\/autosdelpodio.com\/autos\/el-fiat-cronos-se-renueva-y-estrena-transmision\/","og_locale":"es_ES","og_type":"article","og_title":"Autos del Podio | El Fiat Cronos se renueva y estrena transmisi\u00f3n","og_description":"Autos del Podio El veh\u00edculo m\u00e1s vendido de la Argentina se renueva y suma una nueva caja autom\u00e1tica CVT.","og_url":"http:\/\/autosdelpodio.com\/autos\/el-fiat-cronos-se-renueva-y-estrena-transmision\/","og_site_name":"Autos del Podio","article_publisher":"https:\/\/www.facebook.com\/profile.php?id=100057192590976&amp%3bamp%3bamp%3bamp%3bamp%3bamp%3bamp%3bamp%3bamp%3bamp%3bamp%3bamp%3bamp%3bamp%3bamp%3bamp%3bamp%3bamp%3bref=ts","article_published_time":"2022-07-25T19:44:25+00:00","article_modified_time":"2022-07-25T23:29:11+00:00","og_image":[{"width":500,"height":250,"url":"http:\/\/autosdelpodio.com\/autos\/wp-content\/uploads\/2021\/05\/Fiat_Cronos-e1640631971323.jpg","type":"image\/jpeg"}],"author":"autosdelpodio","twitter_card":"summary_large_image","twitter_creator":"@autosdelpodio","twitter_site":"@autosdelpodio","twitter_misc":{"Escrito por":"autosdelpodio","Tiempo de lectura":"4 minutos"},"schema":{"@context":"https:\/\/schema.org","@graph":[{"@type":"Article","@id":"http:\/\/autosdelpodio.com\/autos\/el-fiat-cronos-se-renueva-y-estrena-transmision\/#article","isPartOf":{"@id":"http:\/\/autosdelpodio.com\/autos\/el-fiat-cronos-se-renueva-y-estrena-transmision\/"},"author":{"name":"autosdelpodio","@id":"http:\/\/autosdelpodio.com\/autos\/#\/schema\/person\/993527a4d01c3acdd3d6bce3770bc942"},"headline":"El Fiat Cronos se renueva y estrena transmisi\u00f3n","datePublished":"2022-07-25T19:44:25+00:00","dateModified":"2022-07-25T23:29:11+00:00","mainEntityOfPage":{"@id":"http:\/\/autosdelpodio.com\/autos\/el-fiat-cronos-se-renueva-y-estrena-transmision\/"},"wordCount":714,"commentCount":0,"publisher":{"@id":"http:\/\/autosdelpodio.com\/autos\/#organization"},"image":{"@id":"http:\/\/autosdelpodio.com\/autos\/el-fiat-cronos-se-renueva-y-estrena-transmision\/#primaryimage"},"thumbnailUrl":"http:\/\/autosdelpodio.com\/autos\/wp-content\/uploads\/2021\/05\/Fiat_Cronos-e1640631971323.jpg","keywords":["Fiat Cronos","Producci\u00f3n","Republica Argentina","Stellantis"],"articleSection":["Destacado","Recta Principal"],"inLanguage":"es","potentialAction":[{"@type":"CommentAction","name":"Comment","target":["http:\/\/autosdelpodio.com\/autos\/el-fiat-cronos-se-renueva-y-estrena-transmision\/#respond"]}]},{"@type":"WebPage","@id":"http:\/\/autosdelpodio.com\/autos\/el-fiat-cronos-se-renueva-y-estrena-transmision\/","url":"http:\/\/autosdelpodio.com\/autos\/el-fiat-cronos-se-renueva-y-estrena-transmision\/","name":"Autos del Podio | El Fiat Cronos se renueva y estrena transmisi\u00f3n","isPartOf":{"@id":"http:\/\/autosdelpodio.com\/autos\/#website"},"primaryImageOfPage":{"@id":"http:\/\/autosdelpodio.com\/autos\/el-fiat-cronos-se-renueva-y-estrena-transmision\/#primaryimage"},"image":{"@id":"http:\/\/autosdelpodio.com\/autos\/el-fiat-cronos-se-renueva-y-estrena-transmision\/#primaryimage"},"thumbnailUrl":"http:\/\/autosdelpodio.com\/autos\/wp-content\/uploads\/2021\/05\/Fiat_Cronos-e1640631971323.jpg","datePublished":"2022-07-25T19:44:25+00:00","dateModified":"2022-07-25T23:29:11+00:00","description":"Autos del Podio El veh\u00edculo m\u00e1s vendido de la Argentina se renueva y suma una nueva caja autom\u00e1tica CVT.","breadcrumb":{"@id":"http:\/\/autosdelpodio.com\/autos\/el-fiat-cronos-se-renueva-y-estrena-transmision\/#breadcrumb"},"inLanguage":"es","potentialAction":[{"@type":"ReadAction","target":["http:\/\/autosdelpodio.com\/autos\/el-fiat-cronos-se-renueva-y-estrena-transmision\/"]}]},{"@type":"ImageObject","inLanguage":"es","@id":"http:\/\/autosdelpodio.com\/autos\/el-fiat-cronos-se-renueva-y-estrena-transmision\/#primaryimage","url":"http:\/\/autosdelpodio.com\/autos\/wp-content\/uploads\/2021\/05\/Fiat_Cronos-e1640631971323.jpg","contentUrl":"http:\/\/autosdelpodio.com\/autos\/wp-content\/uploads\/2021\/05\/Fiat_Cronos-e1640631971323.jpg","width":500,"height":250},{"@type":"BreadcrumbList","@id":"http:\/\/autosdelpodio.com\/autos\/el-fiat-cronos-se-renueva-y-estrena-transmision\/#breadcrumb","itemListElement":[{"@type":"ListItem","position":1,"name":"Portada","item":"http:\/\/autosdelpodio.com\/autos\/"},{"@type":"ListItem","position":2,"name":"El Fiat Cronos se renueva y estrena transmisi\u00f3n"}]},{"@type":"WebSite","@id":"http:\/\/autosdelpodio.com\/autos\/#website","url":"http:\/\/autosdelpodio.com\/autos\/","name":"Autos del Podio","description":"La sexta del deporte motor","publisher":{"@id":"http:\/\/autosdelpodio.com\/autos\/#organization"},"potentialAction":[{"@type":"SearchAction","target":{"@type":"EntryPoint","urlTemplate":"http:\/\/autosdelpodio.com\/autos\/?s={search_term_string}"},"query-input":{"@type":"PropertyValueSpecification","valueRequired":true,"valueName":"search_term_string"}}],"inLanguage":"es"},{"@type":"Organization","@id":"http:\/\/autosdelpodio.com\/autos\/#organization","name":"Autos del Podio","url":"http:\/\/autosdelpodio.com\/autos\/","logo":{"@type":"ImageObject","inLanguage":"es","@id":"http:\/\/autosdelpodio.com\/autos\/#\/schema\/logo\/image\/","url":"http:\/\/autosdelpodio.com\/autos\/wp-content\/uploads\/2020\/08\/Logo_AR.jpg","contentUrl":"http:\/\/autosdelpodio.com\/autos\/wp-content\/uploads\/2020\/08\/Logo_AR.jpg","width":1038,"height":1044,"caption":"Autos del Podio"},"image":{"@id":"http:\/\/autosdelpodio.com\/autos\/#\/schema\/logo\/image\/"},"sameAs":["https:\/\/www.facebook.com\/profile.php?id=100057192590976&amp;amp;amp;amp;amp;amp;amp;amp;amp;amp;amp;amp;amp;amp;amp;amp;amp;amp;ref=ts","https:\/\/x.com\/autosdelpodio","https:\/\/www.youtube.com\/user\/AutosdelPodio"]},{"@type":"Person","@id":"http:\/\/autosdelpodio.com\/autos\/#\/schema\/person\/993527a4d01c3acdd3d6bce3770bc942","name":"autosdelpodio","image":{"@type":"ImageObject","inLanguage":"es","@id":"http:\/\/autosdelpodio.com\/autos\/wp-content\/litespeed\/avatar\/aa8f65cd201a80f6b844f63278aa84af.jpg?ver=1777403005","url":"http:\/\/autosdelpodio.com\/autos\/wp-content\/litespeed\/avatar\/aa8f65cd201a80f6b844f63278aa84af.jpg?ver=1777403005","contentUrl":"http:\/\/autosdelpodio.com\/autos\/wp-content\/litespeed\/avatar\/aa8f65cd201a80f6b844f63278aa84af.jpg?ver=1777403005","caption":"autosdelpodio"}}]}},"views":432,"_links":{"self":[{"href":"http:\/\/autosdelpodio.com\/autos\/wp-json\/wp\/v2\/posts\/6022","targetHints":{"allow":["GET"]}}],"collection":[{"href":"http:\/\/autosdelpodio.com\/autos\/wp-json\/wp\/v2\/posts"}],"about":[{"href":"http:\/\/autosdelpodio.com\/autos\/wp-json\/wp\/v2\/types\/post"}],"author":[{"embeddable":true,"href":"http:\/\/autosdelpodio.com\/autos\/wp-json\/wp\/v2\/users\/3"}],"replies":[{"embeddable":true,"href":"http:\/\/autosdelpodio.com\/autos\/wp-json\/wp\/v2\/comments?post=6022"}],"version-history":[{"count":1,"href":"http:\/\/autosdelpodio.com\/autos\/wp-json\/wp\/v2\/posts\/6022\/revisions"}],"predecessor-version":[{"id":6023,"href":"http:\/\/autosdelpodio.com\/autos\/wp-json\/wp\/v2\/posts\/6022\/revisions\/6023"}],"wp:featuredmedia":[{"embeddable":true,"href":"http:\/\/autosdelpodio.com\/autos\/wp-json\/wp\/v2\/media\/4285"}],"wp:attachment":[{"href":"http:\/\/autosdelpodio.com\/autos\/wp-json\/wp\/v2\/media?parent=6022"}],"wp:term":[{"taxonomy":"category","embeddable":true,"href":"http:\/\/autosdelpodio.com\/autos\/wp-json\/wp\/v2\/categories?post=6022"},{"taxonomy":"post_tag","embeddable":true,"href":"http:\/\/autosdelpodio.com\/autos\/wp-json\/wp\/v2\/tags?post=6022"}],"curies":[{"name":"wp","href":"https:\/\/api.w.org\/{rel}","templated":true}]}}