{"id":6036,"date":"2022-07-31T21:13:30","date_gmt":"2022-08-01T00:13:30","guid":{"rendered":"http:\/\/autosdelpodio.com\/autos\/?p=6036"},"modified":"2022-07-31T21:13:31","modified_gmt":"2022-08-01T00:13:31","slug":"el-1-quedo-1","status":"publish","type":"post","link":"http:\/\/autosdelpodio.com\/autos\/el-1-quedo-1\/","title":{"rendered":"El 1 qued\u00f3 1"},"content":{"rendered":"\n<p>Diego Azar domin\u00f3 las acciones de la carrera final del Top Race V6 en su retorno al Aut\u00f3dromo de Rafaela luego de 16 a\u00f1os.Jorge Barrio obtuvo su primer gran resultado y Facundo Aldrighetti repiti\u00f3 podio.<br>Parad\u00f3jicamente<a href=\"http:\/\/autosdelpodio.com\/autos\/gran-triunfo-para-una-buena-carrera\/\" target=\"_blank\" rel=\"noreferrer noopener\"> \u00abLa Semana de la Velocidad\u00bb que hab\u00eda iniciado con el TC2000<\/a> finaliz\u00f3 con una carrera del TRV6 que concluy\u00f3 por tiempo y auto de seguridad al consumarse los 30 minutos de la competencia.<br>El vencedor y piloto oficial del equipo Toyota se va de Santa Fe como nuevo l\u00edder con 191 puntos, seguido por Josito Di Palma con 181 y por Aldrighetti con 175.<br>La pr\u00f3xima fecha continuar\u00e1 en suelo santafesino, cuando el 21 agosto haga escala en el Aut\u00f3dromo Juan Manuel Fangio de la ciudad de Rosario.<\/p>\n\n\n\n<p><strong>Final TRV6 &#8211; Fecha 7<\/strong><\/p>\n\n\n\n<figure class=\"wp-block-table\"><table><tbody><tr><td><strong>Pos.<\/strong><\/td><td><strong>Num<\/strong><\/td><td><strong>Piloto<\/strong><\/td><td><strong>Marca<\/strong><\/td><td><strong>Vueltas<\/strong><\/td><td><strong>Tiempo<\/strong><\/td><td><strong>Diferencia<\/strong><\/td><\/tr><tr><td><em><strong>1<\/strong><\/em><\/td><td><em><strong>1<\/strong><\/em><\/td><td><em><strong>AZAR, DIEGO<\/strong><\/em><\/td><td><em><strong>Lexus<\/strong><\/em><\/td><td><em><strong>17<\/strong><\/em><\/td><td><em><strong>30:10.058<\/strong><\/em><\/td><td><\/td><\/tr><tr><td>2<\/td><td>41<\/td><td>BARRIO, JORGE<\/td><td>Chevrolet<\/td><td>17<\/td><td>30:10.275<\/td><td>0.217<\/td><\/tr><tr><td>3<\/td><td>83<\/td><td>ALDRIGHETTI, FACUNDO<\/td><td>Lexus<\/td><td>17<\/td><td>30:11.556<\/td><td>1.498<\/td><\/tr><tr><td>4<\/td><td>138<\/td><td>DI PALMA, LUIS JOS\u00c9<\/td><td>Fiat<\/td><td>17<\/td><td>30:11.810<\/td><td>1.752<\/td><\/tr><tr><td>5<\/td><td>3<\/td><td>FELIPPO, KEVIN<\/td><td>Ford<\/td><td>17<\/td><td>30:12.244<\/td><td>2.186<\/td><\/tr><tr><td>6<\/td><td>99<\/td><td>CAPURRO, MAT\u00cdAS<\/td><td>Lexus<\/td><td>17<\/td><td>30:12.246<\/td><td>2.188<\/td><\/tr><tr><td>7<\/td><td>5<\/td><td>GUERRA, LUCAS<\/td><td>Chevrolet<\/td><td>17<\/td><td>30:14.362<\/td><td>4.304<\/td><\/tr><tr><td>8<\/td><td>40<\/td><td>CIARROCCHI, MARCELO<\/td><td>Ford<\/td><td>17<\/td><td>30:16.095<\/td><td>6.037<\/td><\/tr><tr><td>9<\/td><td>107<\/td><td>VERRIELLO, DIEGO<\/td><td>Fiat<\/td><td>17<\/td><td>30:16.207<\/td><td>6.149<\/td><\/tr><tr><td>10<\/td><td>90<\/td><td>BONNIN, MICHELL<\/td><td>Lexus<\/td><td>17<\/td><td>30:16.666<\/td><td>6.608<\/td><\/tr><tr><td>11<\/td><td>12<\/td><td>GIUSTOZZI , DARIO (M)<\/td><td>M. Benz<\/td><td>17<\/td><td>30:16.782<\/td><td>6.724<\/td><\/tr><tr><td>12<\/td><td>88<\/td><td>CHIRIANO, ADRI\u00c1N (M)<\/td><td>M. Benz<\/td><td>17<\/td><td>30:17.590<\/td><td>7.532<\/td><\/tr><tr><td>13<\/td><td>7<\/td><td>ROSSI, GAST\u00d3N<\/td><td>M. Benz<\/td><td>17<\/td><td>30:17.600<\/td><td>7.542<\/td><\/tr><tr><td>14<\/td><td>93<\/td><td>PEREA, JUAN (M)<\/td><td>Chevrolet<\/td><td>17<\/td><td>30:18.064<\/td><td>8.006<\/td><\/tr><tr><td>15<\/td><td>33<\/td><td>SAPAG, JOS\u00c9 MANUEL<\/td><td>Ford<\/td><td>16<\/td><td>30:17.565<\/td><td>1 Vuelta<\/td><\/tr><tr><td>16<\/td><td>38<\/td><td>DI PALMA, STEFANO<\/td><td>Fiat<\/td><td>14<\/td><td>22:12.784<\/td><td>3 Vueltas<\/td><\/tr><tr><td>17<\/td><td>777<\/td><td>ABELLA, SEBASTIAN (M)<\/td><td>Chevrolet<\/td><td>6<\/td><td>09:59.086<\/td><td>11 Vueltas<\/td><\/tr><tr><td>18<\/td><td>100<\/td><td>REUTEMANN, IAN<\/td><td>Lexus<\/td><td>1<\/td><td>01:58.915<\/td><td>16 Vueltas<\/td><\/tr><tr><td>19<\/td><td>71<\/td><td>PERSIA, FABRICIO<\/td><td>Chevrolet<\/td><td>1<\/td><td>02:43.604<\/td><td>16 Vueltas<\/td><\/tr><\/tbody><\/table><\/figure>\n","protected":false},"excerpt":{"rendered":"<p>Diego Azar domin\u00f3 las acciones de la carrera final del Top Race V6 en su retorno al Aut\u00f3dromo de Rafaela<\/p>\n","protected":false},"author":3,"featured_media":2533,"comment_status":"open","ping_status":"open","sticky":false,"template":"","format":"standard","meta":{"colormag_page_container_layout":"default_layout","colormag_page_sidebar_layout":"default_layout","footnotes":""},"categories":[6,5],"tags":[508,228,105,79,326],"class_list":["post-6036","post","type-post","status-publish","format-standard","has-post-thumbnail","hentry","category-newsflash","category-latest-news","tag-diego-azar","tag-rafaela","tag-santa-fe","tag-top-race-v6","tag-toyota"],"yoast_head":"<!-- This site is optimized with the Yoast SEO plugin v27.5 - https:\/\/yoast.com\/product\/yoast-seo-wordpress\/ -->\n<title>Autos del Podio | El 1 qued\u00f3 1<\/title>\n<meta name=\"description\" content=\"Autos del Podio Las as 100 millas YPF finalizaron con Pace Car y triunfo de Diego Azar\" \/>\n<meta name=\"robots\" content=\"index, follow, max-snippet:-1, max-image-preview:large, max-video-preview:-1\" \/>\n<link rel=\"canonical\" href=\"http:\/\/autosdelpodio.com\/autos\/el-1-quedo-1\/\" \/>\n<meta property=\"og:locale\" content=\"es_ES\" \/>\n<meta property=\"og:type\" content=\"article\" \/>\n<meta property=\"og:title\" content=\"Autos del Podio | El 1 qued\u00f3 1\" \/>\n<meta property=\"og:description\" content=\"Autos del Podio Las as 100 millas YPF finalizaron con Pace Car y triunfo de Diego Azar\" \/>\n<meta property=\"og:url\" content=\"http:\/\/autosdelpodio.com\/autos\/el-1-quedo-1\/\" \/>\n<meta property=\"og:site_name\" content=\"Autos del Podio\" \/>\n<meta property=\"article:publisher\" content=\"https:\/\/www.facebook.com\/profile.php?id=100057192590976&amp;amp%3bamp%3bamp%3bamp%3bamp%3bamp%3bamp%3bamp%3bamp%3bamp%3bamp%3bamp%3bamp%3bamp%3bamp%3bamp%3bamp%3bamp%3bref=ts\" \/>\n<meta property=\"article:published_time\" content=\"2022-08-01T00:13:30+00:00\" \/>\n<meta property=\"article:modified_time\" content=\"2022-08-01T00:13:31+00:00\" \/>\n<meta property=\"og:image\" content=\"http:\/\/autosdelpodio.com\/autos\/wp-content\/uploads\/2020\/08\/Logo_Top_Race-e1646006293842.jpg\" \/>\n\t<meta property=\"og:image:width\" content=\"200\" \/>\n\t<meta property=\"og:image:height\" content=\"200\" \/>\n\t<meta property=\"og:image:type\" content=\"image\/jpeg\" \/>\n<meta name=\"author\" content=\"autosdelpodio\" \/>\n<meta name=\"twitter:card\" content=\"summary_large_image\" \/>\n<meta name=\"twitter:creator\" content=\"@autosdelpodio\" \/>\n<meta name=\"twitter:site\" content=\"@autosdelpodio\" \/>\n<meta name=\"twitter:label1\" content=\"Escrito por\" \/>\n\t<meta name=\"twitter:data1\" content=\"autosdelpodio\" \/>\n\t<meta name=\"twitter:label2\" content=\"Tiempo de lectura\" \/>\n\t<meta name=\"twitter:data2\" content=\"2 minutos\" \/>\n<script type=\"application\/ld+json\" class=\"yoast-schema-graph\">{\"@context\":\"https:\\\/\\\/schema.org\",\"@graph\":[{\"@type\":\"Article\",\"@id\":\"http:\\\/\\\/autosdelpodio.com\\\/autos\\\/el-1-quedo-1\\\/#article\",\"isPartOf\":{\"@id\":\"http:\\\/\\\/autosdelpodio.com\\\/autos\\\/el-1-quedo-1\\\/\"},\"author\":{\"name\":\"autosdelpodio\",\"@id\":\"http:\\\/\\\/autosdelpodio.com\\\/autos\\\/#\\\/schema\\\/person\\\/993527a4d01c3acdd3d6bce3770bc942\"},\"headline\":\"El 1 qued\u00f3 1\",\"datePublished\":\"2022-08-01T00:13:30+00:00\",\"dateModified\":\"2022-08-01T00:13:31+00:00\",\"mainEntityOfPage\":{\"@id\":\"http:\\\/\\\/autosdelpodio.com\\\/autos\\\/el-1-quedo-1\\\/\"},\"wordCount\":215,\"commentCount\":0,\"publisher\":{\"@id\":\"http:\\\/\\\/autosdelpodio.com\\\/autos\\\/#organization\"},\"image\":{\"@id\":\"http:\\\/\\\/autosdelpodio.com\\\/autos\\\/el-1-quedo-1\\\/#primaryimage\"},\"thumbnailUrl\":\"http:\\\/\\\/autosdelpodio.com\\\/autos\\\/wp-content\\\/uploads\\\/2020\\\/08\\\/Logo_Top_Race-e1646006293842.jpg\",\"keywords\":[\"Diego Azar\",\"Rafaela\",\"Santa Fe\",\"Top Race V6\",\"Toyota\"],\"articleSection\":[\"Destacado\",\"\u00daltimas noticias\"],\"inLanguage\":\"es\",\"potentialAction\":[{\"@type\":\"CommentAction\",\"name\":\"Comment\",\"target\":[\"http:\\\/\\\/autosdelpodio.com\\\/autos\\\/el-1-quedo-1\\\/#respond\"]}]},{\"@type\":\"WebPage\",\"@id\":\"http:\\\/\\\/autosdelpodio.com\\\/autos\\\/el-1-quedo-1\\\/\",\"url\":\"http:\\\/\\\/autosdelpodio.com\\\/autos\\\/el-1-quedo-1\\\/\",\"name\":\"Autos del Podio | El 1 qued\u00f3 1\",\"isPartOf\":{\"@id\":\"http:\\\/\\\/autosdelpodio.com\\\/autos\\\/#website\"},\"primaryImageOfPage\":{\"@id\":\"http:\\\/\\\/autosdelpodio.com\\\/autos\\\/el-1-quedo-1\\\/#primaryimage\"},\"image\":{\"@id\":\"http:\\\/\\\/autosdelpodio.com\\\/autos\\\/el-1-quedo-1\\\/#primaryimage\"},\"thumbnailUrl\":\"http:\\\/\\\/autosdelpodio.com\\\/autos\\\/wp-content\\\/uploads\\\/2020\\\/08\\\/Logo_Top_Race-e1646006293842.jpg\",\"datePublished\":\"2022-08-01T00:13:30+00:00\",\"dateModified\":\"2022-08-01T00:13:31+00:00\",\"description\":\"Autos del Podio Las as 100 millas YPF finalizaron con Pace Car y triunfo de Diego Azar\",\"breadcrumb\":{\"@id\":\"http:\\\/\\\/autosdelpodio.com\\\/autos\\\/el-1-quedo-1\\\/#breadcrumb\"},\"inLanguage\":\"es\",\"potentialAction\":[{\"@type\":\"ReadAction\",\"target\":[\"http:\\\/\\\/autosdelpodio.com\\\/autos\\\/el-1-quedo-1\\\/\"]}]},{\"@type\":\"ImageObject\",\"inLanguage\":\"es\",\"@id\":\"http:\\\/\\\/autosdelpodio.com\\\/autos\\\/el-1-quedo-1\\\/#primaryimage\",\"url\":\"http:\\\/\\\/autosdelpodio.com\\\/autos\\\/wp-content\\\/uploads\\\/2020\\\/08\\\/Logo_Top_Race-e1646006293842.jpg\",\"contentUrl\":\"http:\\\/\\\/autosdelpodio.com\\\/autos\\\/wp-content\\\/uploads\\\/2020\\\/08\\\/Logo_Top_Race-e1646006293842.jpg\",\"width\":200,\"height\":200},{\"@type\":\"BreadcrumbList\",\"@id\":\"http:\\\/\\\/autosdelpodio.com\\\/autos\\\/el-1-quedo-1\\\/#breadcrumb\",\"itemListElement\":[{\"@type\":\"ListItem\",\"position\":1,\"name\":\"Portada\",\"item\":\"http:\\\/\\\/autosdelpodio.com\\\/autos\\\/\"},{\"@type\":\"ListItem\",\"position\":2,\"name\":\"El 1 qued\u00f3 1\"}]},{\"@type\":\"WebSite\",\"@id\":\"http:\\\/\\\/autosdelpodio.com\\\/autos\\\/#website\",\"url\":\"http:\\\/\\\/autosdelpodio.com\\\/autos\\\/\",\"name\":\"Autos del Podio\",\"description\":\"La sexta del deporte motor\",\"publisher\":{\"@id\":\"http:\\\/\\\/autosdelpodio.com\\\/autos\\\/#organization\"},\"potentialAction\":[{\"@type\":\"SearchAction\",\"target\":{\"@type\":\"EntryPoint\",\"urlTemplate\":\"http:\\\/\\\/autosdelpodio.com\\\/autos\\\/?s={search_term_string}\"},\"query-input\":{\"@type\":\"PropertyValueSpecification\",\"valueRequired\":true,\"valueName\":\"search_term_string\"}}],\"inLanguage\":\"es\"},{\"@type\":\"Organization\",\"@id\":\"http:\\\/\\\/autosdelpodio.com\\\/autos\\\/#organization\",\"name\":\"Autos del Podio\",\"url\":\"http:\\\/\\\/autosdelpodio.com\\\/autos\\\/\",\"logo\":{\"@type\":\"ImageObject\",\"inLanguage\":\"es\",\"@id\":\"http:\\\/\\\/autosdelpodio.com\\\/autos\\\/#\\\/schema\\\/logo\\\/image\\\/\",\"url\":\"http:\\\/\\\/autosdelpodio.com\\\/autos\\\/wp-content\\\/uploads\\\/2020\\\/08\\\/Logo_AR.jpg\",\"contentUrl\":\"http:\\\/\\\/autosdelpodio.com\\\/autos\\\/wp-content\\\/uploads\\\/2020\\\/08\\\/Logo_AR.jpg\",\"width\":1038,\"height\":1044,\"caption\":\"Autos del Podio\"},\"image\":{\"@id\":\"http:\\\/\\\/autosdelpodio.com\\\/autos\\\/#\\\/schema\\\/logo\\\/image\\\/\"},\"sameAs\":[\"https:\\\/\\\/www.facebook.com\\\/profile.php?id=100057192590976&amp;amp;amp;amp;amp;amp;amp;amp;amp;amp;amp;amp;amp;amp;amp;amp;amp;amp;ref=ts\",\"https:\\\/\\\/x.com\\\/autosdelpodio\",\"https:\\\/\\\/www.youtube.com\\\/user\\\/AutosdelPodio\"]},{\"@type\":\"Person\",\"@id\":\"http:\\\/\\\/autosdelpodio.com\\\/autos\\\/#\\\/schema\\\/person\\\/993527a4d01c3acdd3d6bce3770bc942\",\"name\":\"autosdelpodio\",\"image\":{\"@type\":\"ImageObject\",\"inLanguage\":\"es\",\"@id\":\"http:\\\/\\\/autosdelpodio.com\\\/autos\\\/wp-content\\\/litespeed\\\/avatar\\\/aa8f65cd201a80f6b844f63278aa84af.jpg?ver=1777403005\",\"url\":\"http:\\\/\\\/autosdelpodio.com\\\/autos\\\/wp-content\\\/litespeed\\\/avatar\\\/aa8f65cd201a80f6b844f63278aa84af.jpg?ver=1777403005\",\"contentUrl\":\"http:\\\/\\\/autosdelpodio.com\\\/autos\\\/wp-content\\\/litespeed\\\/avatar\\\/aa8f65cd201a80f6b844f63278aa84af.jpg?ver=1777403005\",\"caption\":\"autosdelpodio\"}}]}<\/script>\n<!-- \/ Yoast SEO plugin. -->","yoast_head_json":{"title":"Autos del Podio | El 1 qued\u00f3 1","description":"Autos del Podio Las as 100 millas YPF finalizaron con Pace Car y triunfo de Diego Azar","robots":{"index":"index","follow":"follow","max-snippet":"max-snippet:-1","max-image-preview":"max-image-preview:large","max-video-preview":"max-video-preview:-1"},"canonical":"http:\/\/autosdelpodio.com\/autos\/el-1-quedo-1\/","og_locale":"es_ES","og_type":"article","og_title":"Autos del Podio | El 1 qued\u00f3 1","og_description":"Autos del Podio Las as 100 millas YPF finalizaron con Pace Car y triunfo de Diego Azar","og_url":"http:\/\/autosdelpodio.com\/autos\/el-1-quedo-1\/","og_site_name":"Autos del Podio","article_publisher":"https:\/\/www.facebook.com\/profile.php?id=100057192590976&amp%3bamp%3bamp%3bamp%3bamp%3bamp%3bamp%3bamp%3bamp%3bamp%3bamp%3bamp%3bamp%3bamp%3bamp%3bamp%3bamp%3bamp%3bref=ts","article_published_time":"2022-08-01T00:13:30+00:00","article_modified_time":"2022-08-01T00:13:31+00:00","og_image":[{"width":200,"height":200,"url":"http:\/\/autosdelpodio.com\/autos\/wp-content\/uploads\/2020\/08\/Logo_Top_Race-e1646006293842.jpg","type":"image\/jpeg"}],"author":"autosdelpodio","twitter_card":"summary_large_image","twitter_creator":"@autosdelpodio","twitter_site":"@autosdelpodio","twitter_misc":{"Escrito por":"autosdelpodio","Tiempo de lectura":"2 minutos"},"schema":{"@context":"https:\/\/schema.org","@graph":[{"@type":"Article","@id":"http:\/\/autosdelpodio.com\/autos\/el-1-quedo-1\/#article","isPartOf":{"@id":"http:\/\/autosdelpodio.com\/autos\/el-1-quedo-1\/"},"author":{"name":"autosdelpodio","@id":"http:\/\/autosdelpodio.com\/autos\/#\/schema\/person\/993527a4d01c3acdd3d6bce3770bc942"},"headline":"El 1 qued\u00f3 1","datePublished":"2022-08-01T00:13:30+00:00","dateModified":"2022-08-01T00:13:31+00:00","mainEntityOfPage":{"@id":"http:\/\/autosdelpodio.com\/autos\/el-1-quedo-1\/"},"wordCount":215,"commentCount":0,"publisher":{"@id":"http:\/\/autosdelpodio.com\/autos\/#organization"},"image":{"@id":"http:\/\/autosdelpodio.com\/autos\/el-1-quedo-1\/#primaryimage"},"thumbnailUrl":"http:\/\/autosdelpodio.com\/autos\/wp-content\/uploads\/2020\/08\/Logo_Top_Race-e1646006293842.jpg","keywords":["Diego Azar","Rafaela","Santa Fe","Top Race V6","Toyota"],"articleSection":["Destacado","\u00daltimas noticias"],"inLanguage":"es","potentialAction":[{"@type":"CommentAction","name":"Comment","target":["http:\/\/autosdelpodio.com\/autos\/el-1-quedo-1\/#respond"]}]},{"@type":"WebPage","@id":"http:\/\/autosdelpodio.com\/autos\/el-1-quedo-1\/","url":"http:\/\/autosdelpodio.com\/autos\/el-1-quedo-1\/","name":"Autos del Podio | El 1 qued\u00f3 1","isPartOf":{"@id":"http:\/\/autosdelpodio.com\/autos\/#website"},"primaryImageOfPage":{"@id":"http:\/\/autosdelpodio.com\/autos\/el-1-quedo-1\/#primaryimage"},"image":{"@id":"http:\/\/autosdelpodio.com\/autos\/el-1-quedo-1\/#primaryimage"},"thumbnailUrl":"http:\/\/autosdelpodio.com\/autos\/wp-content\/uploads\/2020\/08\/Logo_Top_Race-e1646006293842.jpg","datePublished":"2022-08-01T00:13:30+00:00","dateModified":"2022-08-01T00:13:31+00:00","description":"Autos del Podio Las as 100 millas YPF finalizaron con Pace Car y triunfo de Diego Azar","breadcrumb":{"@id":"http:\/\/autosdelpodio.com\/autos\/el-1-quedo-1\/#breadcrumb"},"inLanguage":"es","potentialAction":[{"@type":"ReadAction","target":["http:\/\/autosdelpodio.com\/autos\/el-1-quedo-1\/"]}]},{"@type":"ImageObject","inLanguage":"es","@id":"http:\/\/autosdelpodio.com\/autos\/el-1-quedo-1\/#primaryimage","url":"http:\/\/autosdelpodio.com\/autos\/wp-content\/uploads\/2020\/08\/Logo_Top_Race-e1646006293842.jpg","contentUrl":"http:\/\/autosdelpodio.com\/autos\/wp-content\/uploads\/2020\/08\/Logo_Top_Race-e1646006293842.jpg","width":200,"height":200},{"@type":"BreadcrumbList","@id":"http:\/\/autosdelpodio.com\/autos\/el-1-quedo-1\/#breadcrumb","itemListElement":[{"@type":"ListItem","position":1,"name":"Portada","item":"http:\/\/autosdelpodio.com\/autos\/"},{"@type":"ListItem","position":2,"name":"El 1 qued\u00f3 1"}]},{"@type":"WebSite","@id":"http:\/\/autosdelpodio.com\/autos\/#website","url":"http:\/\/autosdelpodio.com\/autos\/","name":"Autos del Podio","description":"La sexta del deporte motor","publisher":{"@id":"http:\/\/autosdelpodio.com\/autos\/#organization"},"potentialAction":[{"@type":"SearchAction","target":{"@type":"EntryPoint","urlTemplate":"http:\/\/autosdelpodio.com\/autos\/?s={search_term_string}"},"query-input":{"@type":"PropertyValueSpecification","valueRequired":true,"valueName":"search_term_string"}}],"inLanguage":"es"},{"@type":"Organization","@id":"http:\/\/autosdelpodio.com\/autos\/#organization","name":"Autos del Podio","url":"http:\/\/autosdelpodio.com\/autos\/","logo":{"@type":"ImageObject","inLanguage":"es","@id":"http:\/\/autosdelpodio.com\/autos\/#\/schema\/logo\/image\/","url":"http:\/\/autosdelpodio.com\/autos\/wp-content\/uploads\/2020\/08\/Logo_AR.jpg","contentUrl":"http:\/\/autosdelpodio.com\/autos\/wp-content\/uploads\/2020\/08\/Logo_AR.jpg","width":1038,"height":1044,"caption":"Autos del Podio"},"image":{"@id":"http:\/\/autosdelpodio.com\/autos\/#\/schema\/logo\/image\/"},"sameAs":["https:\/\/www.facebook.com\/profile.php?id=100057192590976&amp;amp;amp;amp;amp;amp;amp;amp;amp;amp;amp;amp;amp;amp;amp;amp;amp;amp;ref=ts","https:\/\/x.com\/autosdelpodio","https:\/\/www.youtube.com\/user\/AutosdelPodio"]},{"@type":"Person","@id":"http:\/\/autosdelpodio.com\/autos\/#\/schema\/person\/993527a4d01c3acdd3d6bce3770bc942","name":"autosdelpodio","image":{"@type":"ImageObject","inLanguage":"es","@id":"http:\/\/autosdelpodio.com\/autos\/wp-content\/litespeed\/avatar\/aa8f65cd201a80f6b844f63278aa84af.jpg?ver=1777403005","url":"http:\/\/autosdelpodio.com\/autos\/wp-content\/litespeed\/avatar\/aa8f65cd201a80f6b844f63278aa84af.jpg?ver=1777403005","contentUrl":"http:\/\/autosdelpodio.com\/autos\/wp-content\/litespeed\/avatar\/aa8f65cd201a80f6b844f63278aa84af.jpg?ver=1777403005","caption":"autosdelpodio"}}]}},"views":335,"_links":{"self":[{"href":"http:\/\/autosdelpodio.com\/autos\/wp-json\/wp\/v2\/posts\/6036","targetHints":{"allow":["GET"]}}],"collection":[{"href":"http:\/\/autosdelpodio.com\/autos\/wp-json\/wp\/v2\/posts"}],"about":[{"href":"http:\/\/autosdelpodio.com\/autos\/wp-json\/wp\/v2\/types\/post"}],"author":[{"embeddable":true,"href":"http:\/\/autosdelpodio.com\/autos\/wp-json\/wp\/v2\/users\/3"}],"replies":[{"embeddable":true,"href":"http:\/\/autosdelpodio.com\/autos\/wp-json\/wp\/v2\/comments?post=6036"}],"version-history":[{"count":1,"href":"http:\/\/autosdelpodio.com\/autos\/wp-json\/wp\/v2\/posts\/6036\/revisions"}],"predecessor-version":[{"id":6037,"href":"http:\/\/autosdelpodio.com\/autos\/wp-json\/wp\/v2\/posts\/6036\/revisions\/6037"}],"wp:featuredmedia":[{"embeddable":true,"href":"http:\/\/autosdelpodio.com\/autos\/wp-json\/wp\/v2\/media\/2533"}],"wp:attachment":[{"href":"http:\/\/autosdelpodio.com\/autos\/wp-json\/wp\/v2\/media?parent=6036"}],"wp:term":[{"taxonomy":"category","embeddable":true,"href":"http:\/\/autosdelpodio.com\/autos\/wp-json\/wp\/v2\/categories?post=6036"},{"taxonomy":"post_tag","embeddable":true,"href":"http:\/\/autosdelpodio.com\/autos\/wp-json\/wp\/v2\/tags?post=6036"}],"curies":[{"name":"wp","href":"https:\/\/api.w.org\/{rel}","templated":true}]}}