{"id":6038,"date":"2022-07-31T21:56:51","date_gmt":"2022-08-01T00:56:51","guid":{"rendered":"http:\/\/autosdelpodio.com\/autos\/?p=6038"},"modified":"2022-07-31T21:56:52","modified_gmt":"2022-08-01T00:56:52","slug":"quiso-ganar","status":"publish","type":"post","link":"http:\/\/autosdelpodio.com\/autos\/quiso-ganar\/","title":{"rendered":"Quiso ganar"},"content":{"rendered":"\n<p>Seba Gomez no dej\u00f3 pasar el tren de la victoria en la clase mayor del TN y prevaleci\u00f3 ante sus escoltas que por estrategia deportiva decidieron no sumar kilos en Termas de Rio Hondo.<br>Jonatan Castellano pasa nuevamente al frente del campeonato debido a que Carlos Merlo debi\u00f3 abandonar por inconvenientes mec\u00e1nicos en su Toyota Corolla que lo dej\u00f3 con 136 y a 8 por debajo del Pinchito.<br>La pr\u00f3xima competencia ser\u00e1 en el Aut\u00f3dromo bonaerense de San Nicol\u00e1s del 19 al 21 de agosto.<\/p>\n\n\n\n<p><strong>Final \u2013 TN Clase 3 \u2013 Fecha 7<br><\/strong><em>1 CHEVROLET 26 GOMEZ 18 40;06.977<br>2 FORD 4 PERNIA L 18 40;07.112 135<br>3 FORD 6 CHAPUR 18 40;07.120 143<br>4 FIAT 16 YANNANTUONI 18 40;07.422 445<br>5 PEUGEOT 5 URCERA 18 40;08.510 1.533<br>6 TOYOTA 123 LAMBIRIS 18 40;09.847 2.870<br>7 FIAT 23 PERNIA M 18 40;11.473 4.496<br>8 HONDA 60 BEGUIRISTAIN 18 40;15.727 8.750<br>9 CHEVROLET 3 CASTELLANO 18 40;15.899 8.922<br>10 FORD 61 NOCETI 18 40;16.117 9.140<br>11 CHEVROLET 99 MALLO S 18 40;18.314 11.337<br>12 TOYOTA 56 TODINO 18 40;19.267 12.290<br>13 TOYOTA 1 SANTERO 18 40;19.939 12.962<br>14 VW 177 SOTRO 18 40;20.393 13.416<br>15 FORD 118 GARCIA 18 40;21.434 14.457<br>16 FORD 114 FRANETOVICH 18 40;23.227 16.250<br>17 CHEVROLET 124 MONTANARI 18 40;23.543 16.566<br>18 TOYOTA 144 VICINO 18 40;30.844 23.867<br>19 TOYOTA 108 LUNA 18 40;31.305 24.328<br>20 CHEVROLET 7 TETI 18 41;04.374 57.397<br>21 PEUGEOT 24 LARRAURI 17 38;47.806 1 vta<br>22 TOYOTA 157 DE BENEDICTIS 16 36;31.900 2 vtas<br>23 FORD 77 COHEN 16 40;26.918 2 vtas<br>24 TOYOTA 195 IRIBARNE 15 34;16.684 3 vtas<br>25 CHEVROLET 112 PIPKIN 14 33;05.749 4 vtas<br>26 FORD 14 CARDUCCI 14 33;07.195 4 vtas<br>27 FORD 10 MUNOZ MARCHESI 11 25;26.909 7 vtas<br>28 TOYOTA 55 IANSA 10 22;44.712 8 vtas<br>29 TOYOTA 137 ZANAZZI 10 23;04.076 8 vtas<br>30 FORD 32 CONTA 10 23;19.194 8 vtas<br>31 TOYOTA 85 RISATTI 9 20;50.147 9 vtas<br>32 TOYOTA 63 MERLO 9 20;51.933 9 vtas<br>33 CHEVROLET 155 MALLO M 8 18;51.200 10 vtas<br>34 FORD 72 TEDESCHI 6 12;35.378 12 vtas<br>35 CHEVROLET 111 GASSMANN 5 9;55.673 13 vtas<br>36 HONDA 100 OKULOVICH 5 9;56.918 13 vtas<br>37 FORD 8 DOMENECH 5 9;58.779 13 vtas<br>38 TOYOTA 69 CHIALVO 5 10;05.296 13 vtas<br>39 FORD 95 ABDALA 3 6;01.487 15 vtas<br>40 CITROEN 17 GARRIZ 2 4;29.610 16 vtas<\/em><\/p>\n","protected":false},"excerpt":{"rendered":"<p>Seba Gomez no dej\u00f3 pasar el tren de la victoria en la clase mayor del TN y prevaleci\u00f3 ante sus<\/p>\n","protected":false},"author":3,"featured_media":1614,"comment_status":"open","ping_status":"open","sticky":false,"template":"","format":"standard","meta":{"colormag_page_container_layout":"default_layout","colormag_page_sidebar_layout":"default_layout","footnotes":""},"categories":[16,5],"tags":[191,368,160,705,78],"class_list":["post-6038","post","type-post","status-publish","format-standard","has-post-thumbnail","hentry","category-recta-principal","category-latest-news","tag-autodromo-termas","tag-chevrolet-cruze","tag-santiago-del-estero","tag-sebastian-gomez","tag-turismo-nacional"],"yoast_head":"<!-- This site is optimized with the Yoast SEO plugin v27.5 - https:\/\/yoast.com\/product\/yoast-seo-wordpress\/ -->\n<title>Autos del Podio | Quiso ganar<\/title>\n<meta name=\"description\" content=\"Autos del Podio Sebasti\u00e1n G\u00f3mez se va con una sonrisa de Termas de Rio Hondo\" \/>\n<meta name=\"robots\" content=\"index, follow, max-snippet:-1, max-image-preview:large, max-video-preview:-1\" \/>\n<link rel=\"canonical\" href=\"http:\/\/autosdelpodio.com\/autos\/quiso-ganar\/\" \/>\n<meta property=\"og:locale\" content=\"es_ES\" \/>\n<meta property=\"og:type\" content=\"article\" \/>\n<meta property=\"og:title\" content=\"Autos del Podio | Quiso ganar\" \/>\n<meta property=\"og:description\" content=\"Autos del Podio Sebasti\u00e1n G\u00f3mez se va con una sonrisa de Termas de Rio Hondo\" \/>\n<meta property=\"og:url\" content=\"http:\/\/autosdelpodio.com\/autos\/quiso-ganar\/\" \/>\n<meta property=\"og:site_name\" content=\"Autos del Podio\" \/>\n<meta property=\"article:publisher\" content=\"https:\/\/www.facebook.com\/profile.php?id=100057192590976&amp;amp%3bamp%3bamp%3bamp%3bamp%3bamp%3bamp%3bamp%3bamp%3bamp%3bamp%3bamp%3bamp%3bamp%3bamp%3bamp%3bamp%3bamp%3bref=ts\" \/>\n<meta property=\"article:published_time\" content=\"2022-08-01T00:56:51+00:00\" \/>\n<meta property=\"article:modified_time\" content=\"2022-08-01T00:56:52+00:00\" \/>\n<meta property=\"og:image\" content=\"http:\/\/autosdelpodio.com\/autos\/wp-content\/uploads\/2020\/04\/Logo_Turismo_Nacional.jpg\" \/>\n\t<meta property=\"og:image:width\" content=\"420\" \/>\n\t<meta property=\"og:image:height\" content=\"192\" \/>\n\t<meta property=\"og:image:type\" content=\"image\/jpeg\" \/>\n<meta name=\"author\" content=\"autosdelpodio\" \/>\n<meta name=\"twitter:card\" content=\"summary_large_image\" \/>\n<meta name=\"twitter:creator\" content=\"@autosdelpodio\" \/>\n<meta name=\"twitter:site\" content=\"@autosdelpodio\" \/>\n<meta name=\"twitter:label1\" content=\"Escrito por\" \/>\n\t<meta name=\"twitter:data1\" content=\"autosdelpodio\" \/>\n\t<meta name=\"twitter:label2\" content=\"Tiempo de lectura\" \/>\n\t<meta name=\"twitter:data2\" content=\"2 minutos\" \/>\n<script type=\"application\/ld+json\" class=\"yoast-schema-graph\">{\"@context\":\"https:\\\/\\\/schema.org\",\"@graph\":[{\"@type\":\"Article\",\"@id\":\"http:\\\/\\\/autosdelpodio.com\\\/autos\\\/quiso-ganar\\\/#article\",\"isPartOf\":{\"@id\":\"http:\\\/\\\/autosdelpodio.com\\\/autos\\\/quiso-ganar\\\/\"},\"author\":{\"name\":\"autosdelpodio\",\"@id\":\"http:\\\/\\\/autosdelpodio.com\\\/autos\\\/#\\\/schema\\\/person\\\/993527a4d01c3acdd3d6bce3770bc942\"},\"headline\":\"Quiso ganar\",\"datePublished\":\"2022-08-01T00:56:51+00:00\",\"dateModified\":\"2022-08-01T00:56:52+00:00\",\"mainEntityOfPage\":{\"@id\":\"http:\\\/\\\/autosdelpodio.com\\\/autos\\\/quiso-ganar\\\/\"},\"wordCount\":197,\"commentCount\":0,\"publisher\":{\"@id\":\"http:\\\/\\\/autosdelpodio.com\\\/autos\\\/#organization\"},\"image\":{\"@id\":\"http:\\\/\\\/autosdelpodio.com\\\/autos\\\/quiso-ganar\\\/#primaryimage\"},\"thumbnailUrl\":\"http:\\\/\\\/autosdelpodio.com\\\/autos\\\/wp-content\\\/uploads\\\/2020\\\/04\\\/Logo_Turismo_Nacional.jpg\",\"keywords\":[\"Autodromo Termas\",\"Chevrolet Cruze\",\"Santiago del Estero\",\"Sebastian Gomez\",\"Turismo Nacional\"],\"articleSection\":[\"Recta Principal\",\"\u00daltimas noticias\"],\"inLanguage\":\"es\",\"potentialAction\":[{\"@type\":\"CommentAction\",\"name\":\"Comment\",\"target\":[\"http:\\\/\\\/autosdelpodio.com\\\/autos\\\/quiso-ganar\\\/#respond\"]}]},{\"@type\":\"WebPage\",\"@id\":\"http:\\\/\\\/autosdelpodio.com\\\/autos\\\/quiso-ganar\\\/\",\"url\":\"http:\\\/\\\/autosdelpodio.com\\\/autos\\\/quiso-ganar\\\/\",\"name\":\"Autos del Podio | Quiso ganar\",\"isPartOf\":{\"@id\":\"http:\\\/\\\/autosdelpodio.com\\\/autos\\\/#website\"},\"primaryImageOfPage\":{\"@id\":\"http:\\\/\\\/autosdelpodio.com\\\/autos\\\/quiso-ganar\\\/#primaryimage\"},\"image\":{\"@id\":\"http:\\\/\\\/autosdelpodio.com\\\/autos\\\/quiso-ganar\\\/#primaryimage\"},\"thumbnailUrl\":\"http:\\\/\\\/autosdelpodio.com\\\/autos\\\/wp-content\\\/uploads\\\/2020\\\/04\\\/Logo_Turismo_Nacional.jpg\",\"datePublished\":\"2022-08-01T00:56:51+00:00\",\"dateModified\":\"2022-08-01T00:56:52+00:00\",\"description\":\"Autos del Podio Sebasti\u00e1n G\u00f3mez se va con una sonrisa de Termas de Rio Hondo\",\"breadcrumb\":{\"@id\":\"http:\\\/\\\/autosdelpodio.com\\\/autos\\\/quiso-ganar\\\/#breadcrumb\"},\"inLanguage\":\"es\",\"potentialAction\":[{\"@type\":\"ReadAction\",\"target\":[\"http:\\\/\\\/autosdelpodio.com\\\/autos\\\/quiso-ganar\\\/\"]}]},{\"@type\":\"ImageObject\",\"inLanguage\":\"es\",\"@id\":\"http:\\\/\\\/autosdelpodio.com\\\/autos\\\/quiso-ganar\\\/#primaryimage\",\"url\":\"http:\\\/\\\/autosdelpodio.com\\\/autos\\\/wp-content\\\/uploads\\\/2020\\\/04\\\/Logo_Turismo_Nacional.jpg\",\"contentUrl\":\"http:\\\/\\\/autosdelpodio.com\\\/autos\\\/wp-content\\\/uploads\\\/2020\\\/04\\\/Logo_Turismo_Nacional.jpg\",\"width\":420,\"height\":192},{\"@type\":\"BreadcrumbList\",\"@id\":\"http:\\\/\\\/autosdelpodio.com\\\/autos\\\/quiso-ganar\\\/#breadcrumb\",\"itemListElement\":[{\"@type\":\"ListItem\",\"position\":1,\"name\":\"Portada\",\"item\":\"http:\\\/\\\/autosdelpodio.com\\\/autos\\\/\"},{\"@type\":\"ListItem\",\"position\":2,\"name\":\"Quiso ganar\"}]},{\"@type\":\"WebSite\",\"@id\":\"http:\\\/\\\/autosdelpodio.com\\\/autos\\\/#website\",\"url\":\"http:\\\/\\\/autosdelpodio.com\\\/autos\\\/\",\"name\":\"Autos del Podio\",\"description\":\"La sexta del deporte motor\",\"publisher\":{\"@id\":\"http:\\\/\\\/autosdelpodio.com\\\/autos\\\/#organization\"},\"potentialAction\":[{\"@type\":\"SearchAction\",\"target\":{\"@type\":\"EntryPoint\",\"urlTemplate\":\"http:\\\/\\\/autosdelpodio.com\\\/autos\\\/?s={search_term_string}\"},\"query-input\":{\"@type\":\"PropertyValueSpecification\",\"valueRequired\":true,\"valueName\":\"search_term_string\"}}],\"inLanguage\":\"es\"},{\"@type\":\"Organization\",\"@id\":\"http:\\\/\\\/autosdelpodio.com\\\/autos\\\/#organization\",\"name\":\"Autos del Podio\",\"url\":\"http:\\\/\\\/autosdelpodio.com\\\/autos\\\/\",\"logo\":{\"@type\":\"ImageObject\",\"inLanguage\":\"es\",\"@id\":\"http:\\\/\\\/autosdelpodio.com\\\/autos\\\/#\\\/schema\\\/logo\\\/image\\\/\",\"url\":\"http:\\\/\\\/autosdelpodio.com\\\/autos\\\/wp-content\\\/uploads\\\/2020\\\/08\\\/Logo_AR.jpg\",\"contentUrl\":\"http:\\\/\\\/autosdelpodio.com\\\/autos\\\/wp-content\\\/uploads\\\/2020\\\/08\\\/Logo_AR.jpg\",\"width\":1038,\"height\":1044,\"caption\":\"Autos del Podio\"},\"image\":{\"@id\":\"http:\\\/\\\/autosdelpodio.com\\\/autos\\\/#\\\/schema\\\/logo\\\/image\\\/\"},\"sameAs\":[\"https:\\\/\\\/www.facebook.com\\\/profile.php?id=100057192590976&amp;amp;amp;amp;amp;amp;amp;amp;amp;amp;amp;amp;amp;amp;amp;amp;amp;amp;ref=ts\",\"https:\\\/\\\/x.com\\\/autosdelpodio\",\"https:\\\/\\\/www.youtube.com\\\/user\\\/AutosdelPodio\"]},{\"@type\":\"Person\",\"@id\":\"http:\\\/\\\/autosdelpodio.com\\\/autos\\\/#\\\/schema\\\/person\\\/993527a4d01c3acdd3d6bce3770bc942\",\"name\":\"autosdelpodio\",\"image\":{\"@type\":\"ImageObject\",\"inLanguage\":\"es\",\"@id\":\"http:\\\/\\\/autosdelpodio.com\\\/autos\\\/wp-content\\\/litespeed\\\/avatar\\\/aa8f65cd201a80f6b844f63278aa84af.jpg?ver=1777403005\",\"url\":\"http:\\\/\\\/autosdelpodio.com\\\/autos\\\/wp-content\\\/litespeed\\\/avatar\\\/aa8f65cd201a80f6b844f63278aa84af.jpg?ver=1777403005\",\"contentUrl\":\"http:\\\/\\\/autosdelpodio.com\\\/autos\\\/wp-content\\\/litespeed\\\/avatar\\\/aa8f65cd201a80f6b844f63278aa84af.jpg?ver=1777403005\",\"caption\":\"autosdelpodio\"}}]}<\/script>\n<!-- \/ Yoast SEO plugin. -->","yoast_head_json":{"title":"Autos del Podio | Quiso ganar","description":"Autos del Podio Sebasti\u00e1n G\u00f3mez se va con una sonrisa de Termas de Rio Hondo","robots":{"index":"index","follow":"follow","max-snippet":"max-snippet:-1","max-image-preview":"max-image-preview:large","max-video-preview":"max-video-preview:-1"},"canonical":"http:\/\/autosdelpodio.com\/autos\/quiso-ganar\/","og_locale":"es_ES","og_type":"article","og_title":"Autos del Podio | Quiso ganar","og_description":"Autos del Podio Sebasti\u00e1n G\u00f3mez se va con una sonrisa de Termas de Rio Hondo","og_url":"http:\/\/autosdelpodio.com\/autos\/quiso-ganar\/","og_site_name":"Autos del Podio","article_publisher":"https:\/\/www.facebook.com\/profile.php?id=100057192590976&amp%3bamp%3bamp%3bamp%3bamp%3bamp%3bamp%3bamp%3bamp%3bamp%3bamp%3bamp%3bamp%3bamp%3bamp%3bamp%3bamp%3bamp%3bref=ts","article_published_time":"2022-08-01T00:56:51+00:00","article_modified_time":"2022-08-01T00:56:52+00:00","og_image":[{"width":420,"height":192,"url":"http:\/\/autosdelpodio.com\/autos\/wp-content\/uploads\/2020\/04\/Logo_Turismo_Nacional.jpg","type":"image\/jpeg"}],"author":"autosdelpodio","twitter_card":"summary_large_image","twitter_creator":"@autosdelpodio","twitter_site":"@autosdelpodio","twitter_misc":{"Escrito por":"autosdelpodio","Tiempo de lectura":"2 minutos"},"schema":{"@context":"https:\/\/schema.org","@graph":[{"@type":"Article","@id":"http:\/\/autosdelpodio.com\/autos\/quiso-ganar\/#article","isPartOf":{"@id":"http:\/\/autosdelpodio.com\/autos\/quiso-ganar\/"},"author":{"name":"autosdelpodio","@id":"http:\/\/autosdelpodio.com\/autos\/#\/schema\/person\/993527a4d01c3acdd3d6bce3770bc942"},"headline":"Quiso ganar","datePublished":"2022-08-01T00:56:51+00:00","dateModified":"2022-08-01T00:56:52+00:00","mainEntityOfPage":{"@id":"http:\/\/autosdelpodio.com\/autos\/quiso-ganar\/"},"wordCount":197,"commentCount":0,"publisher":{"@id":"http:\/\/autosdelpodio.com\/autos\/#organization"},"image":{"@id":"http:\/\/autosdelpodio.com\/autos\/quiso-ganar\/#primaryimage"},"thumbnailUrl":"http:\/\/autosdelpodio.com\/autos\/wp-content\/uploads\/2020\/04\/Logo_Turismo_Nacional.jpg","keywords":["Autodromo Termas","Chevrolet Cruze","Santiago del Estero","Sebastian Gomez","Turismo Nacional"],"articleSection":["Recta Principal","\u00daltimas noticias"],"inLanguage":"es","potentialAction":[{"@type":"CommentAction","name":"Comment","target":["http:\/\/autosdelpodio.com\/autos\/quiso-ganar\/#respond"]}]},{"@type":"WebPage","@id":"http:\/\/autosdelpodio.com\/autos\/quiso-ganar\/","url":"http:\/\/autosdelpodio.com\/autos\/quiso-ganar\/","name":"Autos del Podio | Quiso ganar","isPartOf":{"@id":"http:\/\/autosdelpodio.com\/autos\/#website"},"primaryImageOfPage":{"@id":"http:\/\/autosdelpodio.com\/autos\/quiso-ganar\/#primaryimage"},"image":{"@id":"http:\/\/autosdelpodio.com\/autos\/quiso-ganar\/#primaryimage"},"thumbnailUrl":"http:\/\/autosdelpodio.com\/autos\/wp-content\/uploads\/2020\/04\/Logo_Turismo_Nacional.jpg","datePublished":"2022-08-01T00:56:51+00:00","dateModified":"2022-08-01T00:56:52+00:00","description":"Autos del Podio Sebasti\u00e1n G\u00f3mez se va con una sonrisa de Termas de Rio Hondo","breadcrumb":{"@id":"http:\/\/autosdelpodio.com\/autos\/quiso-ganar\/#breadcrumb"},"inLanguage":"es","potentialAction":[{"@type":"ReadAction","target":["http:\/\/autosdelpodio.com\/autos\/quiso-ganar\/"]}]},{"@type":"ImageObject","inLanguage":"es","@id":"http:\/\/autosdelpodio.com\/autos\/quiso-ganar\/#primaryimage","url":"http:\/\/autosdelpodio.com\/autos\/wp-content\/uploads\/2020\/04\/Logo_Turismo_Nacional.jpg","contentUrl":"http:\/\/autosdelpodio.com\/autos\/wp-content\/uploads\/2020\/04\/Logo_Turismo_Nacional.jpg","width":420,"height":192},{"@type":"BreadcrumbList","@id":"http:\/\/autosdelpodio.com\/autos\/quiso-ganar\/#breadcrumb","itemListElement":[{"@type":"ListItem","position":1,"name":"Portada","item":"http:\/\/autosdelpodio.com\/autos\/"},{"@type":"ListItem","position":2,"name":"Quiso ganar"}]},{"@type":"WebSite","@id":"http:\/\/autosdelpodio.com\/autos\/#website","url":"http:\/\/autosdelpodio.com\/autos\/","name":"Autos del Podio","description":"La sexta del deporte motor","publisher":{"@id":"http:\/\/autosdelpodio.com\/autos\/#organization"},"potentialAction":[{"@type":"SearchAction","target":{"@type":"EntryPoint","urlTemplate":"http:\/\/autosdelpodio.com\/autos\/?s={search_term_string}"},"query-input":{"@type":"PropertyValueSpecification","valueRequired":true,"valueName":"search_term_string"}}],"inLanguage":"es"},{"@type":"Organization","@id":"http:\/\/autosdelpodio.com\/autos\/#organization","name":"Autos del Podio","url":"http:\/\/autosdelpodio.com\/autos\/","logo":{"@type":"ImageObject","inLanguage":"es","@id":"http:\/\/autosdelpodio.com\/autos\/#\/schema\/logo\/image\/","url":"http:\/\/autosdelpodio.com\/autos\/wp-content\/uploads\/2020\/08\/Logo_AR.jpg","contentUrl":"http:\/\/autosdelpodio.com\/autos\/wp-content\/uploads\/2020\/08\/Logo_AR.jpg","width":1038,"height":1044,"caption":"Autos del Podio"},"image":{"@id":"http:\/\/autosdelpodio.com\/autos\/#\/schema\/logo\/image\/"},"sameAs":["https:\/\/www.facebook.com\/profile.php?id=100057192590976&amp;amp;amp;amp;amp;amp;amp;amp;amp;amp;amp;amp;amp;amp;amp;amp;amp;amp;ref=ts","https:\/\/x.com\/autosdelpodio","https:\/\/www.youtube.com\/user\/AutosdelPodio"]},{"@type":"Person","@id":"http:\/\/autosdelpodio.com\/autos\/#\/schema\/person\/993527a4d01c3acdd3d6bce3770bc942","name":"autosdelpodio","image":{"@type":"ImageObject","inLanguage":"es","@id":"http:\/\/autosdelpodio.com\/autos\/wp-content\/litespeed\/avatar\/aa8f65cd201a80f6b844f63278aa84af.jpg?ver=1777403005","url":"http:\/\/autosdelpodio.com\/autos\/wp-content\/litespeed\/avatar\/aa8f65cd201a80f6b844f63278aa84af.jpg?ver=1777403005","contentUrl":"http:\/\/autosdelpodio.com\/autos\/wp-content\/litespeed\/avatar\/aa8f65cd201a80f6b844f63278aa84af.jpg?ver=1777403005","caption":"autosdelpodio"}}]}},"views":318,"_links":{"self":[{"href":"http:\/\/autosdelpodio.com\/autos\/wp-json\/wp\/v2\/posts\/6038","targetHints":{"allow":["GET"]}}],"collection":[{"href":"http:\/\/autosdelpodio.com\/autos\/wp-json\/wp\/v2\/posts"}],"about":[{"href":"http:\/\/autosdelpodio.com\/autos\/wp-json\/wp\/v2\/types\/post"}],"author":[{"embeddable":true,"href":"http:\/\/autosdelpodio.com\/autos\/wp-json\/wp\/v2\/users\/3"}],"replies":[{"embeddable":true,"href":"http:\/\/autosdelpodio.com\/autos\/wp-json\/wp\/v2\/comments?post=6038"}],"version-history":[{"count":1,"href":"http:\/\/autosdelpodio.com\/autos\/wp-json\/wp\/v2\/posts\/6038\/revisions"}],"predecessor-version":[{"id":6039,"href":"http:\/\/autosdelpodio.com\/autos\/wp-json\/wp\/v2\/posts\/6038\/revisions\/6039"}],"wp:featuredmedia":[{"embeddable":true,"href":"http:\/\/autosdelpodio.com\/autos\/wp-json\/wp\/v2\/media\/1614"}],"wp:attachment":[{"href":"http:\/\/autosdelpodio.com\/autos\/wp-json\/wp\/v2\/media?parent=6038"}],"wp:term":[{"taxonomy":"category","embeddable":true,"href":"http:\/\/autosdelpodio.com\/autos\/wp-json\/wp\/v2\/categories?post=6038"},{"taxonomy":"post_tag","embeddable":true,"href":"http:\/\/autosdelpodio.com\/autos\/wp-json\/wp\/v2\/tags?post=6038"}],"curies":[{"name":"wp","href":"https:\/\/api.w.org\/{rel}","templated":true}]}}