{"id":6047,"date":"2022-08-03T21:40:55","date_gmt":"2022-08-04T00:40:55","guid":{"rendered":"http:\/\/autosdelpodio.com\/autos\/?p=6047"},"modified":"2022-08-04T14:30:45","modified_gmt":"2022-08-04T17:30:45","slug":"los-85-del-tc-se-festejaron-en-el-teatro-colon","status":"publish","type":"post","link":"http:\/\/autosdelpodio.com\/autos\/los-85-del-tc-se-festejaron-en-el-teatro-colon\/","title":{"rendered":"Los 85 del TC se festejaron en el Teatro Colon"},"content":{"rendered":"\n<p>El viernes 5 de agosto la categor\u00eda de automovilismo mas longeva del mundo cumplir\u00e1 85 a\u00f1os de vida y para tal ocasi\u00f3n decidi\u00f3 emplazar su festejo en el mism\u00edsimo Teatro Col\u00f3n de la Ciudad Aut\u00f3noma de Buenos Aires.<\/p>\n\n\n\n<p><em>\u00abAl futbol habr\u00eda que jugarlo en el Teatro Colon\u00bb<\/em> esboz\u00f3 alguna vez Jorge Valdano ponderando a dicho deporte como espect\u00e1culo cultural, social y deportivo inigualable.<\/p>\n\n\n\n<p>Trazando un paralelismo muy imaginario, la ACTC llev\u00f3 su gala conmemorativa a un escenario que poco tiene que ver con su historia, pero que en esencia no deja de ser una iniciativa tan novedosa como interesante.<\/p>\n\n\n\n<p><strong>\u00bfY porque no?<\/strong><\/p>\n\n\n\n<p>Si de hecho sali\u00f3 bien, tuvo su repercusi\u00f3n, institucionalmente la organizaci\u00f3n no tuvo fisuras y fue transmitida en directo por el Canal de la Ciudad.<\/p>\n\n\n\n<p><em>\u201cTodo esto parece muy f\u00e1cil, pero hay mucho trabajo detr\u00e1s. <strong>Para saber hacer, hay que saber so\u00f1ar.<\/strong> Y estar ac\u00e1 es un sue\u00f1o realizado. El TC se deb\u00eda una fiesta como esta. Este es el comienzo de la fiesta porque nuestro cumplea\u00f1os es el 5 de agosto\u201d<\/em>, dijo Hugo Mazzacane, presidente de la entidad Tcista dando el puntapi\u00e9 inicial a la ceremonia pasadas las 19 horas del lunes 1 de agosto.<\/p>\n\n\n\n<p>Los lazos pol\u00edticos que bien supieron tejer estuvieron a la orden d\u00eda: Horacio Rodr\u00edguez Larreta (Jefe de Gobierno de la Ciudad), Omar Guti\u00e9rrez (Neuqu\u00e9n), Alberto Weretilneck (R\u00edo Negro) y Oscar Herrera Ahuad (Misiones) fueron algunos de los funcionarios invitados.<\/p>\n\n\n\n<p>Ra\u00fal Lavie enton\u00f3 el himno nacional argentino y Soledad Pastorutti fue el n\u00famero musical asignado que interpret\u00f3 sus principales \u00e9xitos e hizo revolear los sacos a algunos de los campeones de TC que pasaron al frente como Christian Ledesma, Guillermo Ortelli, Omar Mart\u00ednez y<a href=\"http:\/\/autosdelpodio.com\/autos\/mariano-werner-retuvo-la-corona-del-tc\/\" target=\"_blank\" rel=\"noreferrer noopener\"> el actual Mariano Werner<\/a>.<\/p>\n\n\n\n<p><strong>De presencias y ausencias se hizo la obra<\/strong><\/p>\n\n\n\n<p>Varios de los laureados a lo largo de la rica historia del Turismo Carretera fueron reconocidos.Ademas de los mencionados fueron de la partida Norberto Fontana, Tito Bessone, Emanuel Moriatis, Mauro Giallombardo, Mat\u00edas Rossi y el Pincho Castellano.<\/p>\n\n\n\n<p>Brillaron por su ausencia sin explicaci\u00f3n alguna otros \u00ab1\u00bb de la talla de Juan Mar\u00eda Traverso (6 coronas), Emilio Satriano (1990), Walter Hern\u00e1ndez (1993), Eduardo Ramos (1994), Juan Manuel Silva (2005) y los Aventin Oscar (1991 y 92), Antonio (1980) primer campe\u00f3n con <a href=\"http:\/\/autosdelpodio.com\/autos\/resena-historica-de-la-dodge-en-tc\/\" target=\"_blank\" rel=\"noreferrer noopener\">Dodge<\/a> y Diego (2013).<\/p>\n\n\n\n<p>Estas \u00faltimas ausencias no tan llamativas aunque resulte imposible omitir los logros deportivos de la familia de Mor\u00f3n y que adem\u00e1s fueron buena parte de la historia contempor\u00e1nea de la ACTC ya que Oscar Ra\u00fal Aventin fue presidente de la entidad en varios periodos cuando HM era su vice.<\/p>\n\n\n\n<figure class=\"wp-block-image aligncenter size-full\"><img fetchpriority=\"high\" decoding=\"async\" width=\"500\" height=\"666\" src=\"http:\/\/autosdelpodio.com\/autos\/wp-content\/uploads\/2022\/08\/Trueno_Falcon_Angostado.jpg\" alt=\"\" class=\"wp-image-6048\" srcset=\"http:\/\/autosdelpodio.com\/autos\/wp-content\/uploads\/2022\/08\/Trueno_Falcon_Angostado.jpg 500w, http:\/\/autosdelpodio.com\/autos\/wp-content\/uploads\/2022\/08\/Trueno_Falcon_Angostado-225x300.jpg 225w\" sizes=\"(max-width: 500px) 100vw, 500px\" \/><figcaption><em>El Trueno Naranja, el Falcon Angostado y la Chevy de Mouras encabezan el tridente de autos insignias sobre la vereda del Teatro Col\u00f3n<\/em><\/figcaption><\/figure>\n\n\n\n<p>No fue lo \u00fanico llamativo que sucedi\u00f3.Entre la 1 de la madrugada del Lunes y hasta las 3 giraron en direcci\u00f3n al Obelisco los autos emblem\u00e1ticos que forman parte del Museo del TC.Si ley\u00f3 bien, un horario bastante a contramano de sentido com\u00fan alguno, que en caso de haberse utilizado mas prospero hubiera sido girar S\u00e1bado y\/o Domingo. Tampoco se exhibieron unidades de la marca Dodge.<\/p>\n\n\n\n<p>Hubo espacio para la presentaci\u00f3n del libro oficial \u201c85 a\u00f1os de Turismo Carretera\u201d escrito y dise\u00f1ado por <a href=\"http:\/\/autosdelpodio.com\/autos\/historia-documentada\/\" target=\"_blank\" rel=\"noreferrer noopener\">Mart\u00edn Glas, autor del libro del Torino<\/a> y otros ejemplares del automovilismo.&nbsp;<\/p>\n\n\n\n<p>En definitiva entre lo destacado nos quedamos con la propuesta en esencia de llevar al TC a donde su historia no le pas\u00f3 ni cerca, a la m\u00e1xima expresi\u00f3n teatral como es el Col\u00f3n y como fue gestionado.<\/p>\n\n\n\n<p>En el debe, falt\u00f3 algo esencial, llevar al Turismo de Carretera a donde naci\u00f3 y tiene su ADN: la ruta.A modo controlado al menos, <a href=\"http:\/\/autosdelpodio.com\/autos\/me-sorprendio-la-cantidad-de-gente-que-acompano-la-caravana\/\" target=\"_blank\" rel=\"noreferrer noopener\">como sucedi\u00f3 en 2011<\/a> sin olvidar que todo naci\u00f3 all\u00ed a base de la gesta de los pilotos-mec\u00e1nicos con grandes premios de miles de kil\u00f3metros donde centenares participaban y muchos menos arribaban.<\/p>\n\n\n\n<figure class=\"wp-block-embed is-type-video is-provider-youtube wp-block-embed-youtube wp-embed-aspect-4-3 wp-has-aspect-ratio\"><div class=\"wp-block-embed__wrapper\">\n<iframe title=\"Caravana 75 A\u00f1os TC - Buenos Aires - Mar del Plata 2011\" width=\"800\" height=\"600\" src=\"https:\/\/www.youtube.com\/embed\/l0yEB61GAYI?feature=oembed\" frameborder=\"0\" allow=\"accelerometer; autoplay; clipboard-write; encrypted-media; gyroscope; picture-in-picture\" allowfullscreen><\/iframe>\n<\/div><\/figure>\n","protected":false},"excerpt":{"rendered":"<p>El viernes 5 de agosto la categor\u00eda de automovilismo mas longeva del mundo cumplir\u00e1 85 a\u00f1os de vida y para<\/p>\n","protected":false},"author":3,"featured_media":6051,"comment_status":"open","ping_status":"open","sticky":false,"template":"","format":"standard","meta":{"colormag_page_container_layout":"default_layout","colormag_page_sidebar_layout":"default_layout","footnotes":""},"categories":[6,15,5],"tags":[143,371,86,35,39],"class_list":["post-6047","post","type-post","status-publish","format-standard","has-post-thumbnail","hentry","category-newsflash","category-opinion","category-latest-news","tag-actc","tag-caba","tag-pilotos-y-categorias","tag-republica-argentina","tag-turismo-carretera"],"yoast_head":"<!-- This site is optimized with the Yoast SEO plugin v27.4 - https:\/\/yoast.com\/product\/yoast-seo-wordpress\/ -->\n<title>Autos del Podio | Los 85 del TC se festejaron en el Teatro Colon<\/title>\n<meta name=\"description\" content=\"Autos del Podio El TC comenz\u00f3 el 5 de agosto de 1937 cuando disput\u00f3 su primer GP que gan\u00f3 \u00c1ngel Lo Valvo con Ford\" \/>\n<meta name=\"robots\" content=\"index, follow, max-snippet:-1, max-image-preview:large, max-video-preview:-1\" \/>\n<link rel=\"canonical\" href=\"http:\/\/autosdelpodio.com\/autos\/los-85-del-tc-se-festejaron-en-el-teatro-colon\/\" \/>\n<meta property=\"og:locale\" content=\"es_ES\" \/>\n<meta property=\"og:type\" content=\"article\" \/>\n<meta property=\"og:title\" content=\"Autos del Podio | Los 85 del TC se festejaron en el Teatro Colon\" \/>\n<meta property=\"og:description\" content=\"Autos del Podio El TC comenz\u00f3 el 5 de agosto de 1937 cuando disput\u00f3 su primer GP que gan\u00f3 \u00c1ngel Lo Valvo con Ford\" \/>\n<meta property=\"og:url\" content=\"http:\/\/autosdelpodio.com\/autos\/los-85-del-tc-se-festejaron-en-el-teatro-colon\/\" \/>\n<meta property=\"og:site_name\" content=\"Autos del Podio\" \/>\n<meta property=\"article:publisher\" content=\"https:\/\/www.facebook.com\/profile.php?id=100057192590976&amp;amp%3bamp%3bamp%3bamp%3bamp%3bamp%3bamp%3bamp%3bamp%3bamp%3bamp%3bamp%3bamp%3bamp%3bamp%3bamp%3bamp%3bamp%3bref=ts\" \/>\n<meta property=\"article:published_time\" content=\"2022-08-04T00:40:55+00:00\" \/>\n<meta property=\"article:modified_time\" content=\"2022-08-04T17:30:45+00:00\" \/>\n<meta property=\"og:image\" content=\"http:\/\/autosdelpodio.com\/autos\/wp-content\/uploads\/2022\/08\/Portada_85anos_TC.jpg\" \/>\n\t<meta property=\"og:image:width\" content=\"500\" \/>\n\t<meta property=\"og:image:height\" content=\"333\" \/>\n\t<meta property=\"og:image:type\" content=\"image\/jpeg\" \/>\n<meta name=\"author\" content=\"autosdelpodio\" \/>\n<meta name=\"twitter:card\" content=\"summary_large_image\" \/>\n<meta name=\"twitter:creator\" content=\"@autosdelpodio\" \/>\n<meta name=\"twitter:site\" content=\"@autosdelpodio\" \/>\n<meta name=\"twitter:label1\" content=\"Escrito por\" \/>\n\t<meta name=\"twitter:data1\" content=\"autosdelpodio\" \/>\n\t<meta name=\"twitter:label2\" content=\"Tiempo de lectura\" \/>\n\t<meta name=\"twitter:data2\" content=\"4 minutos\" \/>\n<script type=\"application\/ld+json\" class=\"yoast-schema-graph\">{\"@context\":\"https:\\\/\\\/schema.org\",\"@graph\":[{\"@type\":\"Article\",\"@id\":\"http:\\\/\\\/autosdelpodio.com\\\/autos\\\/los-85-del-tc-se-festejaron-en-el-teatro-colon\\\/#article\",\"isPartOf\":{\"@id\":\"http:\\\/\\\/autosdelpodio.com\\\/autos\\\/los-85-del-tc-se-festejaron-en-el-teatro-colon\\\/\"},\"author\":{\"name\":\"autosdelpodio\",\"@id\":\"http:\\\/\\\/autosdelpodio.com\\\/autos\\\/#\\\/schema\\\/person\\\/993527a4d01c3acdd3d6bce3770bc942\"},\"headline\":\"Los 85 del TC se festejaron en el Teatro Colon\",\"datePublished\":\"2022-08-04T00:40:55+00:00\",\"dateModified\":\"2022-08-04T17:30:45+00:00\",\"mainEntityOfPage\":{\"@id\":\"http:\\\/\\\/autosdelpodio.com\\\/autos\\\/los-85-del-tc-se-festejaron-en-el-teatro-colon\\\/\"},\"wordCount\":691,\"commentCount\":0,\"publisher\":{\"@id\":\"http:\\\/\\\/autosdelpodio.com\\\/autos\\\/#organization\"},\"image\":{\"@id\":\"http:\\\/\\\/autosdelpodio.com\\\/autos\\\/los-85-del-tc-se-festejaron-en-el-teatro-colon\\\/#primaryimage\"},\"thumbnailUrl\":\"http:\\\/\\\/autosdelpodio.com\\\/autos\\\/wp-content\\\/uploads\\\/2022\\\/08\\\/Portada_85anos_TC.jpg\",\"keywords\":[\"ACTC\",\"CABA\",\"Pilotos y Categorias\",\"Republica Argentina\",\"Turismo Carretera\"],\"articleSection\":[\"Destacado\",\"Opini\u00f3n\",\"\u00daltimas noticias\"],\"inLanguage\":\"es\",\"potentialAction\":[{\"@type\":\"CommentAction\",\"name\":\"Comment\",\"target\":[\"http:\\\/\\\/autosdelpodio.com\\\/autos\\\/los-85-del-tc-se-festejaron-en-el-teatro-colon\\\/#respond\"]}]},{\"@type\":\"WebPage\",\"@id\":\"http:\\\/\\\/autosdelpodio.com\\\/autos\\\/los-85-del-tc-se-festejaron-en-el-teatro-colon\\\/\",\"url\":\"http:\\\/\\\/autosdelpodio.com\\\/autos\\\/los-85-del-tc-se-festejaron-en-el-teatro-colon\\\/\",\"name\":\"Autos del Podio | Los 85 del TC se festejaron en el Teatro Colon\",\"isPartOf\":{\"@id\":\"http:\\\/\\\/autosdelpodio.com\\\/autos\\\/#website\"},\"primaryImageOfPage\":{\"@id\":\"http:\\\/\\\/autosdelpodio.com\\\/autos\\\/los-85-del-tc-se-festejaron-en-el-teatro-colon\\\/#primaryimage\"},\"image\":{\"@id\":\"http:\\\/\\\/autosdelpodio.com\\\/autos\\\/los-85-del-tc-se-festejaron-en-el-teatro-colon\\\/#primaryimage\"},\"thumbnailUrl\":\"http:\\\/\\\/autosdelpodio.com\\\/autos\\\/wp-content\\\/uploads\\\/2022\\\/08\\\/Portada_85anos_TC.jpg\",\"datePublished\":\"2022-08-04T00:40:55+00:00\",\"dateModified\":\"2022-08-04T17:30:45+00:00\",\"description\":\"Autos del Podio El TC comenz\u00f3 el 5 de agosto de 1937 cuando disput\u00f3 su primer GP que gan\u00f3 \u00c1ngel Lo Valvo con Ford\",\"breadcrumb\":{\"@id\":\"http:\\\/\\\/autosdelpodio.com\\\/autos\\\/los-85-del-tc-se-festejaron-en-el-teatro-colon\\\/#breadcrumb\"},\"inLanguage\":\"es\",\"potentialAction\":[{\"@type\":\"ReadAction\",\"target\":[\"http:\\\/\\\/autosdelpodio.com\\\/autos\\\/los-85-del-tc-se-festejaron-en-el-teatro-colon\\\/\"]}]},{\"@type\":\"ImageObject\",\"inLanguage\":\"es\",\"@id\":\"http:\\\/\\\/autosdelpodio.com\\\/autos\\\/los-85-del-tc-se-festejaron-en-el-teatro-colon\\\/#primaryimage\",\"url\":\"http:\\\/\\\/autosdelpodio.com\\\/autos\\\/wp-content\\\/uploads\\\/2022\\\/08\\\/Portada_85anos_TC.jpg\",\"contentUrl\":\"http:\\\/\\\/autosdelpodio.com\\\/autos\\\/wp-content\\\/uploads\\\/2022\\\/08\\\/Portada_85anos_TC.jpg\",\"width\":500,\"height\":333},{\"@type\":\"BreadcrumbList\",\"@id\":\"http:\\\/\\\/autosdelpodio.com\\\/autos\\\/los-85-del-tc-se-festejaron-en-el-teatro-colon\\\/#breadcrumb\",\"itemListElement\":[{\"@type\":\"ListItem\",\"position\":1,\"name\":\"Portada\",\"item\":\"http:\\\/\\\/autosdelpodio.com\\\/autos\\\/\"},{\"@type\":\"ListItem\",\"position\":2,\"name\":\"Los 85 del TC se festejaron en el Teatro Colon\"}]},{\"@type\":\"WebSite\",\"@id\":\"http:\\\/\\\/autosdelpodio.com\\\/autos\\\/#website\",\"url\":\"http:\\\/\\\/autosdelpodio.com\\\/autos\\\/\",\"name\":\"Autos del Podio\",\"description\":\"La sexta del deporte motor\",\"publisher\":{\"@id\":\"http:\\\/\\\/autosdelpodio.com\\\/autos\\\/#organization\"},\"potentialAction\":[{\"@type\":\"SearchAction\",\"target\":{\"@type\":\"EntryPoint\",\"urlTemplate\":\"http:\\\/\\\/autosdelpodio.com\\\/autos\\\/?s={search_term_string}\"},\"query-input\":{\"@type\":\"PropertyValueSpecification\",\"valueRequired\":true,\"valueName\":\"search_term_string\"}}],\"inLanguage\":\"es\"},{\"@type\":\"Organization\",\"@id\":\"http:\\\/\\\/autosdelpodio.com\\\/autos\\\/#organization\",\"name\":\"Autos del Podio\",\"url\":\"http:\\\/\\\/autosdelpodio.com\\\/autos\\\/\",\"logo\":{\"@type\":\"ImageObject\",\"inLanguage\":\"es\",\"@id\":\"http:\\\/\\\/autosdelpodio.com\\\/autos\\\/#\\\/schema\\\/logo\\\/image\\\/\",\"url\":\"http:\\\/\\\/autosdelpodio.com\\\/autos\\\/wp-content\\\/uploads\\\/2020\\\/08\\\/Logo_AR.jpg\",\"contentUrl\":\"http:\\\/\\\/autosdelpodio.com\\\/autos\\\/wp-content\\\/uploads\\\/2020\\\/08\\\/Logo_AR.jpg\",\"width\":1038,\"height\":1044,\"caption\":\"Autos del Podio\"},\"image\":{\"@id\":\"http:\\\/\\\/autosdelpodio.com\\\/autos\\\/#\\\/schema\\\/logo\\\/image\\\/\"},\"sameAs\":[\"https:\\\/\\\/www.facebook.com\\\/profile.php?id=100057192590976&amp;amp;amp;amp;amp;amp;amp;amp;amp;amp;amp;amp;amp;amp;amp;amp;amp;amp;ref=ts\",\"https:\\\/\\\/x.com\\\/autosdelpodio\",\"https:\\\/\\\/www.youtube.com\\\/user\\\/AutosdelPodio\"]},{\"@type\":\"Person\",\"@id\":\"http:\\\/\\\/autosdelpodio.com\\\/autos\\\/#\\\/schema\\\/person\\\/993527a4d01c3acdd3d6bce3770bc942\",\"name\":\"autosdelpodio\",\"image\":{\"@type\":\"ImageObject\",\"inLanguage\":\"es\",\"@id\":\"http:\\\/\\\/autosdelpodio.com\\\/autos\\\/wp-content\\\/litespeed\\\/avatar\\\/aa8f65cd201a80f6b844f63278aa84af.jpg?ver=1776798175\",\"url\":\"http:\\\/\\\/autosdelpodio.com\\\/autos\\\/wp-content\\\/litespeed\\\/avatar\\\/aa8f65cd201a80f6b844f63278aa84af.jpg?ver=1776798175\",\"contentUrl\":\"http:\\\/\\\/autosdelpodio.com\\\/autos\\\/wp-content\\\/litespeed\\\/avatar\\\/aa8f65cd201a80f6b844f63278aa84af.jpg?ver=1776798175\",\"caption\":\"autosdelpodio\"}}]}<\/script>\n<!-- \/ Yoast SEO plugin. -->","yoast_head_json":{"title":"Autos del Podio | Los 85 del TC se festejaron en el Teatro Colon","description":"Autos del Podio El TC comenz\u00f3 el 5 de agosto de 1937 cuando disput\u00f3 su primer GP que gan\u00f3 \u00c1ngel Lo Valvo con Ford","robots":{"index":"index","follow":"follow","max-snippet":"max-snippet:-1","max-image-preview":"max-image-preview:large","max-video-preview":"max-video-preview:-1"},"canonical":"http:\/\/autosdelpodio.com\/autos\/los-85-del-tc-se-festejaron-en-el-teatro-colon\/","og_locale":"es_ES","og_type":"article","og_title":"Autos del Podio | Los 85 del TC se festejaron en el Teatro Colon","og_description":"Autos del Podio El TC comenz\u00f3 el 5 de agosto de 1937 cuando disput\u00f3 su primer GP que gan\u00f3 \u00c1ngel Lo Valvo con Ford","og_url":"http:\/\/autosdelpodio.com\/autos\/los-85-del-tc-se-festejaron-en-el-teatro-colon\/","og_site_name":"Autos del Podio","article_publisher":"https:\/\/www.facebook.com\/profile.php?id=100057192590976&amp%3bamp%3bamp%3bamp%3bamp%3bamp%3bamp%3bamp%3bamp%3bamp%3bamp%3bamp%3bamp%3bamp%3bamp%3bamp%3bamp%3bamp%3bref=ts","article_published_time":"2022-08-04T00:40:55+00:00","article_modified_time":"2022-08-04T17:30:45+00:00","og_image":[{"width":500,"height":333,"url":"http:\/\/autosdelpodio.com\/autos\/wp-content\/uploads\/2022\/08\/Portada_85anos_TC.jpg","type":"image\/jpeg"}],"author":"autosdelpodio","twitter_card":"summary_large_image","twitter_creator":"@autosdelpodio","twitter_site":"@autosdelpodio","twitter_misc":{"Escrito por":"autosdelpodio","Tiempo de lectura":"4 minutos"},"schema":{"@context":"https:\/\/schema.org","@graph":[{"@type":"Article","@id":"http:\/\/autosdelpodio.com\/autos\/los-85-del-tc-se-festejaron-en-el-teatro-colon\/#article","isPartOf":{"@id":"http:\/\/autosdelpodio.com\/autos\/los-85-del-tc-se-festejaron-en-el-teatro-colon\/"},"author":{"name":"autosdelpodio","@id":"http:\/\/autosdelpodio.com\/autos\/#\/schema\/person\/993527a4d01c3acdd3d6bce3770bc942"},"headline":"Los 85 del TC se festejaron en el Teatro Colon","datePublished":"2022-08-04T00:40:55+00:00","dateModified":"2022-08-04T17:30:45+00:00","mainEntityOfPage":{"@id":"http:\/\/autosdelpodio.com\/autos\/los-85-del-tc-se-festejaron-en-el-teatro-colon\/"},"wordCount":691,"commentCount":0,"publisher":{"@id":"http:\/\/autosdelpodio.com\/autos\/#organization"},"image":{"@id":"http:\/\/autosdelpodio.com\/autos\/los-85-del-tc-se-festejaron-en-el-teatro-colon\/#primaryimage"},"thumbnailUrl":"http:\/\/autosdelpodio.com\/autos\/wp-content\/uploads\/2022\/08\/Portada_85anos_TC.jpg","keywords":["ACTC","CABA","Pilotos y Categorias","Republica Argentina","Turismo Carretera"],"articleSection":["Destacado","Opini\u00f3n","\u00daltimas noticias"],"inLanguage":"es","potentialAction":[{"@type":"CommentAction","name":"Comment","target":["http:\/\/autosdelpodio.com\/autos\/los-85-del-tc-se-festejaron-en-el-teatro-colon\/#respond"]}]},{"@type":"WebPage","@id":"http:\/\/autosdelpodio.com\/autos\/los-85-del-tc-se-festejaron-en-el-teatro-colon\/","url":"http:\/\/autosdelpodio.com\/autos\/los-85-del-tc-se-festejaron-en-el-teatro-colon\/","name":"Autos del Podio | Los 85 del TC se festejaron en el Teatro Colon","isPartOf":{"@id":"http:\/\/autosdelpodio.com\/autos\/#website"},"primaryImageOfPage":{"@id":"http:\/\/autosdelpodio.com\/autos\/los-85-del-tc-se-festejaron-en-el-teatro-colon\/#primaryimage"},"image":{"@id":"http:\/\/autosdelpodio.com\/autos\/los-85-del-tc-se-festejaron-en-el-teatro-colon\/#primaryimage"},"thumbnailUrl":"http:\/\/autosdelpodio.com\/autos\/wp-content\/uploads\/2022\/08\/Portada_85anos_TC.jpg","datePublished":"2022-08-04T00:40:55+00:00","dateModified":"2022-08-04T17:30:45+00:00","description":"Autos del Podio El TC comenz\u00f3 el 5 de agosto de 1937 cuando disput\u00f3 su primer GP que gan\u00f3 \u00c1ngel Lo Valvo con Ford","breadcrumb":{"@id":"http:\/\/autosdelpodio.com\/autos\/los-85-del-tc-se-festejaron-en-el-teatro-colon\/#breadcrumb"},"inLanguage":"es","potentialAction":[{"@type":"ReadAction","target":["http:\/\/autosdelpodio.com\/autos\/los-85-del-tc-se-festejaron-en-el-teatro-colon\/"]}]},{"@type":"ImageObject","inLanguage":"es","@id":"http:\/\/autosdelpodio.com\/autos\/los-85-del-tc-se-festejaron-en-el-teatro-colon\/#primaryimage","url":"http:\/\/autosdelpodio.com\/autos\/wp-content\/uploads\/2022\/08\/Portada_85anos_TC.jpg","contentUrl":"http:\/\/autosdelpodio.com\/autos\/wp-content\/uploads\/2022\/08\/Portada_85anos_TC.jpg","width":500,"height":333},{"@type":"BreadcrumbList","@id":"http:\/\/autosdelpodio.com\/autos\/los-85-del-tc-se-festejaron-en-el-teatro-colon\/#breadcrumb","itemListElement":[{"@type":"ListItem","position":1,"name":"Portada","item":"http:\/\/autosdelpodio.com\/autos\/"},{"@type":"ListItem","position":2,"name":"Los 85 del TC se festejaron en el Teatro Colon"}]},{"@type":"WebSite","@id":"http:\/\/autosdelpodio.com\/autos\/#website","url":"http:\/\/autosdelpodio.com\/autos\/","name":"Autos del Podio","description":"La sexta del deporte motor","publisher":{"@id":"http:\/\/autosdelpodio.com\/autos\/#organization"},"potentialAction":[{"@type":"SearchAction","target":{"@type":"EntryPoint","urlTemplate":"http:\/\/autosdelpodio.com\/autos\/?s={search_term_string}"},"query-input":{"@type":"PropertyValueSpecification","valueRequired":true,"valueName":"search_term_string"}}],"inLanguage":"es"},{"@type":"Organization","@id":"http:\/\/autosdelpodio.com\/autos\/#organization","name":"Autos del Podio","url":"http:\/\/autosdelpodio.com\/autos\/","logo":{"@type":"ImageObject","inLanguage":"es","@id":"http:\/\/autosdelpodio.com\/autos\/#\/schema\/logo\/image\/","url":"http:\/\/autosdelpodio.com\/autos\/wp-content\/uploads\/2020\/08\/Logo_AR.jpg","contentUrl":"http:\/\/autosdelpodio.com\/autos\/wp-content\/uploads\/2020\/08\/Logo_AR.jpg","width":1038,"height":1044,"caption":"Autos del Podio"},"image":{"@id":"http:\/\/autosdelpodio.com\/autos\/#\/schema\/logo\/image\/"},"sameAs":["https:\/\/www.facebook.com\/profile.php?id=100057192590976&amp;amp;amp;amp;amp;amp;amp;amp;amp;amp;amp;amp;amp;amp;amp;amp;amp;amp;ref=ts","https:\/\/x.com\/autosdelpodio","https:\/\/www.youtube.com\/user\/AutosdelPodio"]},{"@type":"Person","@id":"http:\/\/autosdelpodio.com\/autos\/#\/schema\/person\/993527a4d01c3acdd3d6bce3770bc942","name":"autosdelpodio","image":{"@type":"ImageObject","inLanguage":"es","@id":"http:\/\/autosdelpodio.com\/autos\/wp-content\/litespeed\/avatar\/aa8f65cd201a80f6b844f63278aa84af.jpg?ver=1776798175","url":"http:\/\/autosdelpodio.com\/autos\/wp-content\/litespeed\/avatar\/aa8f65cd201a80f6b844f63278aa84af.jpg?ver=1776798175","contentUrl":"http:\/\/autosdelpodio.com\/autos\/wp-content\/litespeed\/avatar\/aa8f65cd201a80f6b844f63278aa84af.jpg?ver=1776798175","caption":"autosdelpodio"}}]}},"views":503,"_links":{"self":[{"href":"http:\/\/autosdelpodio.com\/autos\/wp-json\/wp\/v2\/posts\/6047","targetHints":{"allow":["GET"]}}],"collection":[{"href":"http:\/\/autosdelpodio.com\/autos\/wp-json\/wp\/v2\/posts"}],"about":[{"href":"http:\/\/autosdelpodio.com\/autos\/wp-json\/wp\/v2\/types\/post"}],"author":[{"embeddable":true,"href":"http:\/\/autosdelpodio.com\/autos\/wp-json\/wp\/v2\/users\/3"}],"replies":[{"embeddable":true,"href":"http:\/\/autosdelpodio.com\/autos\/wp-json\/wp\/v2\/comments?post=6047"}],"version-history":[{"count":3,"href":"http:\/\/autosdelpodio.com\/autos\/wp-json\/wp\/v2\/posts\/6047\/revisions"}],"predecessor-version":[{"id":6053,"href":"http:\/\/autosdelpodio.com\/autos\/wp-json\/wp\/v2\/posts\/6047\/revisions\/6053"}],"wp:featuredmedia":[{"embeddable":true,"href":"http:\/\/autosdelpodio.com\/autos\/wp-json\/wp\/v2\/media\/6051"}],"wp:attachment":[{"href":"http:\/\/autosdelpodio.com\/autos\/wp-json\/wp\/v2\/media?parent=6047"}],"wp:term":[{"taxonomy":"category","embeddable":true,"href":"http:\/\/autosdelpodio.com\/autos\/wp-json\/wp\/v2\/categories?post=6047"},{"taxonomy":"post_tag","embeddable":true,"href":"http:\/\/autosdelpodio.com\/autos\/wp-json\/wp\/v2\/tags?post=6047"}],"curies":[{"name":"wp","href":"https:\/\/api.w.org\/{rel}","templated":true}]}}