{"id":6054,"date":"2022-08-04T22:17:47","date_gmt":"2022-08-05T01:17:47","guid":{"rendered":"http:\/\/autosdelpodio.com\/autos\/?p=6054"},"modified":"2022-08-04T22:17:49","modified_gmt":"2022-08-05T01:17:49","slug":"presentacion-de-constructores-y-disenadores-del-automovilismo-argentino-en-renault","status":"publish","type":"post","link":"http:\/\/autosdelpodio.com\/autos\/presentacion-de-constructores-y-disenadores-del-automovilismo-argentino-en-renault\/","title":{"rendered":"Presentaci\u00f3n de Constructores y dise\u00f1adores del automovilismo argentino en Renault"},"content":{"rendered":"\n<p>En la presentaci\u00f3n del libro estar\u00e1n presentes los dise\u00f1adores y constructores Pedro Campo, Tulio Crespi y Heriberto Pronello.<br>La conducci\u00f3n del evento estar\u00e1 cargo del periodista Eduardo Smok.<\/p>\n\n\n\n<p><strong>\u00bfCu\u00e1ndo?<\/strong><br>9 de agosto de 2022<\/p>\n\n\n\n<p><strong>\u00bfA qu\u00e9 hora?<\/strong><br>18 h.<\/p>\n\n\n\n<p><strong>\u00bfD\u00f3nde?<\/strong><br>Auditorio Renault. Fray Justo Santa Mar\u00eda de Oro 1744, CABA.<\/p>\n\n\n\n<p>El evento es gratuito. Para participar, inscribirse previamente a trav\u00e9s de este link:&nbsp;<a href=\"https:\/\/forms.gle\/AFND4H2Y9QoYDth66?fbclid=IwAR1ve7-Is-AYLB5J-pKqDajj1bhwKfHvmypQ6vW8eKJgu5_EjhS7s3hVvBE\" target=\"_blank\" rel=\"noreferrer noopener\">https:\/\/forms.gle\/AFND4H2Y9QoYDth66<\/a><\/p>\n","protected":false},"excerpt":{"rendered":"<p>En la presentaci\u00f3n del libro estar\u00e1n presentes los dise\u00f1adores y constructores Pedro Campo, Tulio Crespi y Heriberto Pronello.La conducci\u00f3n del<\/p>\n","protected":false},"author":3,"featured_media":5424,"comment_status":"open","ping_status":"open","sticky":false,"template":"","format":"standard","meta":{"colormag_page_container_layout":"default_layout","colormag_page_sidebar_layout":"default_layout","footnotes":""},"categories":[16,5],"tags":[292,66,214,89,222,30,35,707],"class_list":["post-6054","post","type-post","status-publish","format-standard","has-post-thumbnail","hentry","category-recta-principal","category-latest-news","tag-eventos","tag-gustavo-feder","tag-heriberto-pronello","tag-libros","tag-pedro-campo","tag-renault","tag-republica-argentina","tag-tulio-crespi"],"yoast_head":"<!-- This site is optimized with the Yoast SEO plugin v27.4 - https:\/\/yoast.com\/product\/yoast-seo-wordpress\/ -->\n<title>Autos del Podio | Presentaci\u00f3n de Constructores y dise\u00f1adores del automovilismo argentino en Renault<\/title>\n<meta name=\"description\" content=\"Autos del Podio El pr\u00f3ximo 9 de agosto se presentar\u00e1 en el auditorio Renault el libro Constructores y dise\u00f1adores del automovilismo argentino de Gustavo Feder.\" \/>\n<meta name=\"robots\" content=\"index, follow, max-snippet:-1, max-image-preview:large, max-video-preview:-1\" \/>\n<link rel=\"canonical\" href=\"http:\/\/autosdelpodio.com\/autos\/presentacion-de-constructores-y-disenadores-del-automovilismo-argentino-en-renault\/\" \/>\n<meta property=\"og:locale\" content=\"es_ES\" \/>\n<meta property=\"og:type\" content=\"article\" \/>\n<meta property=\"og:title\" content=\"Autos del Podio | Presentaci\u00f3n de Constructores y dise\u00f1adores del automovilismo argentino en Renault\" \/>\n<meta property=\"og:description\" content=\"Autos del Podio El pr\u00f3ximo 9 de agosto se presentar\u00e1 en el auditorio Renault el libro Constructores y dise\u00f1adores del automovilismo argentino de Gustavo Feder.\" \/>\n<meta property=\"og:url\" content=\"http:\/\/autosdelpodio.com\/autos\/presentacion-de-constructores-y-disenadores-del-automovilismo-argentino-en-renault\/\" \/>\n<meta property=\"og:site_name\" content=\"Autos del Podio\" \/>\n<meta property=\"article:publisher\" content=\"https:\/\/www.facebook.com\/profile.php?id=100057192590976&amp;amp%3bamp%3bamp%3bamp%3bamp%3bamp%3bamp%3bamp%3bamp%3bamp%3bamp%3bamp%3bamp%3bamp%3bamp%3bamp%3bamp%3bamp%3bref=ts\" \/>\n<meta property=\"article:published_time\" content=\"2022-08-05T01:17:47+00:00\" \/>\n<meta property=\"article:modified_time\" content=\"2022-08-05T01:17:49+00:00\" \/>\n<meta property=\"og:image\" content=\"http:\/\/autosdelpodio.com\/autos\/wp-content\/uploads\/2022\/02\/Banner_Libro_Constructores-e1644529471514.jpg\" \/>\n\t<meta property=\"og:image:width\" content=\"500\" \/>\n\t<meta property=\"og:image:height\" content=\"250\" \/>\n\t<meta property=\"og:image:type\" content=\"image\/jpeg\" \/>\n<meta name=\"author\" content=\"autosdelpodio\" \/>\n<meta name=\"twitter:card\" content=\"summary_large_image\" \/>\n<meta name=\"twitter:creator\" content=\"@autosdelpodio\" \/>\n<meta name=\"twitter:site\" content=\"@autosdelpodio\" \/>\n<meta name=\"twitter:label1\" content=\"Escrito por\" \/>\n\t<meta name=\"twitter:data1\" content=\"autosdelpodio\" \/>\n\t<meta name=\"twitter:label2\" content=\"Tiempo de lectura\" \/>\n\t<meta name=\"twitter:data2\" content=\"1 minuto\" \/>\n<script type=\"application\/ld+json\" class=\"yoast-schema-graph\">{\"@context\":\"https:\\\/\\\/schema.org\",\"@graph\":[{\"@type\":\"Article\",\"@id\":\"http:\\\/\\\/autosdelpodio.com\\\/autos\\\/presentacion-de-constructores-y-disenadores-del-automovilismo-argentino-en-renault\\\/#article\",\"isPartOf\":{\"@id\":\"http:\\\/\\\/autosdelpodio.com\\\/autos\\\/presentacion-de-constructores-y-disenadores-del-automovilismo-argentino-en-renault\\\/\"},\"author\":{\"name\":\"autosdelpodio\",\"@id\":\"http:\\\/\\\/autosdelpodio.com\\\/autos\\\/#\\\/schema\\\/person\\\/993527a4d01c3acdd3d6bce3770bc942\"},\"headline\":\"Presentaci\u00f3n de Constructores y dise\u00f1adores del automovilismo argentino en Renault\",\"datePublished\":\"2022-08-05T01:17:47+00:00\",\"dateModified\":\"2022-08-05T01:17:49+00:00\",\"mainEntityOfPage\":{\"@id\":\"http:\\\/\\\/autosdelpodio.com\\\/autos\\\/presentacion-de-constructores-y-disenadores-del-automovilismo-argentino-en-renault\\\/\"},\"wordCount\":87,\"commentCount\":0,\"publisher\":{\"@id\":\"http:\\\/\\\/autosdelpodio.com\\\/autos\\\/#organization\"},\"image\":{\"@id\":\"http:\\\/\\\/autosdelpodio.com\\\/autos\\\/presentacion-de-constructores-y-disenadores-del-automovilismo-argentino-en-renault\\\/#primaryimage\"},\"thumbnailUrl\":\"http:\\\/\\\/autosdelpodio.com\\\/autos\\\/wp-content\\\/uploads\\\/2022\\\/02\\\/Banner_Libro_Constructores-e1644529471514.jpg\",\"keywords\":[\"Eventos\",\"Gustavo Feder\",\"Heriberto Pronello\",\"Libros\",\"Pedro Campo\",\"Renault\",\"Republica Argentina\",\"Tulio Crespi\"],\"articleSection\":[\"Recta Principal\",\"\u00daltimas noticias\"],\"inLanguage\":\"es\",\"potentialAction\":[{\"@type\":\"CommentAction\",\"name\":\"Comment\",\"target\":[\"http:\\\/\\\/autosdelpodio.com\\\/autos\\\/presentacion-de-constructores-y-disenadores-del-automovilismo-argentino-en-renault\\\/#respond\"]}]},{\"@type\":\"WebPage\",\"@id\":\"http:\\\/\\\/autosdelpodio.com\\\/autos\\\/presentacion-de-constructores-y-disenadores-del-automovilismo-argentino-en-renault\\\/\",\"url\":\"http:\\\/\\\/autosdelpodio.com\\\/autos\\\/presentacion-de-constructores-y-disenadores-del-automovilismo-argentino-en-renault\\\/\",\"name\":\"Autos del Podio | Presentaci\u00f3n de Constructores y dise\u00f1adores del automovilismo argentino en Renault\",\"isPartOf\":{\"@id\":\"http:\\\/\\\/autosdelpodio.com\\\/autos\\\/#website\"},\"primaryImageOfPage\":{\"@id\":\"http:\\\/\\\/autosdelpodio.com\\\/autos\\\/presentacion-de-constructores-y-disenadores-del-automovilismo-argentino-en-renault\\\/#primaryimage\"},\"image\":{\"@id\":\"http:\\\/\\\/autosdelpodio.com\\\/autos\\\/presentacion-de-constructores-y-disenadores-del-automovilismo-argentino-en-renault\\\/#primaryimage\"},\"thumbnailUrl\":\"http:\\\/\\\/autosdelpodio.com\\\/autos\\\/wp-content\\\/uploads\\\/2022\\\/02\\\/Banner_Libro_Constructores-e1644529471514.jpg\",\"datePublished\":\"2022-08-05T01:17:47+00:00\",\"dateModified\":\"2022-08-05T01:17:49+00:00\",\"description\":\"Autos del Podio El pr\u00f3ximo 9 de agosto se presentar\u00e1 en el auditorio Renault el libro Constructores y dise\u00f1adores del automovilismo argentino de Gustavo Feder.\",\"breadcrumb\":{\"@id\":\"http:\\\/\\\/autosdelpodio.com\\\/autos\\\/presentacion-de-constructores-y-disenadores-del-automovilismo-argentino-en-renault\\\/#breadcrumb\"},\"inLanguage\":\"es\",\"potentialAction\":[{\"@type\":\"ReadAction\",\"target\":[\"http:\\\/\\\/autosdelpodio.com\\\/autos\\\/presentacion-de-constructores-y-disenadores-del-automovilismo-argentino-en-renault\\\/\"]}]},{\"@type\":\"ImageObject\",\"inLanguage\":\"es\",\"@id\":\"http:\\\/\\\/autosdelpodio.com\\\/autos\\\/presentacion-de-constructores-y-disenadores-del-automovilismo-argentino-en-renault\\\/#primaryimage\",\"url\":\"http:\\\/\\\/autosdelpodio.com\\\/autos\\\/wp-content\\\/uploads\\\/2022\\\/02\\\/Banner_Libro_Constructores-e1644529471514.jpg\",\"contentUrl\":\"http:\\\/\\\/autosdelpodio.com\\\/autos\\\/wp-content\\\/uploads\\\/2022\\\/02\\\/Banner_Libro_Constructores-e1644529471514.jpg\",\"width\":500,\"height\":250},{\"@type\":\"BreadcrumbList\",\"@id\":\"http:\\\/\\\/autosdelpodio.com\\\/autos\\\/presentacion-de-constructores-y-disenadores-del-automovilismo-argentino-en-renault\\\/#breadcrumb\",\"itemListElement\":[{\"@type\":\"ListItem\",\"position\":1,\"name\":\"Portada\",\"item\":\"http:\\\/\\\/autosdelpodio.com\\\/autos\\\/\"},{\"@type\":\"ListItem\",\"position\":2,\"name\":\"Presentaci\u00f3n de Constructores y dise\u00f1adores del automovilismo argentino en Renault\"}]},{\"@type\":\"WebSite\",\"@id\":\"http:\\\/\\\/autosdelpodio.com\\\/autos\\\/#website\",\"url\":\"http:\\\/\\\/autosdelpodio.com\\\/autos\\\/\",\"name\":\"Autos del Podio\",\"description\":\"La sexta del deporte motor\",\"publisher\":{\"@id\":\"http:\\\/\\\/autosdelpodio.com\\\/autos\\\/#organization\"},\"potentialAction\":[{\"@type\":\"SearchAction\",\"target\":{\"@type\":\"EntryPoint\",\"urlTemplate\":\"http:\\\/\\\/autosdelpodio.com\\\/autos\\\/?s={search_term_string}\"},\"query-input\":{\"@type\":\"PropertyValueSpecification\",\"valueRequired\":true,\"valueName\":\"search_term_string\"}}],\"inLanguage\":\"es\"},{\"@type\":\"Organization\",\"@id\":\"http:\\\/\\\/autosdelpodio.com\\\/autos\\\/#organization\",\"name\":\"Autos del Podio\",\"url\":\"http:\\\/\\\/autosdelpodio.com\\\/autos\\\/\",\"logo\":{\"@type\":\"ImageObject\",\"inLanguage\":\"es\",\"@id\":\"http:\\\/\\\/autosdelpodio.com\\\/autos\\\/#\\\/schema\\\/logo\\\/image\\\/\",\"url\":\"http:\\\/\\\/autosdelpodio.com\\\/autos\\\/wp-content\\\/uploads\\\/2020\\\/08\\\/Logo_AR.jpg\",\"contentUrl\":\"http:\\\/\\\/autosdelpodio.com\\\/autos\\\/wp-content\\\/uploads\\\/2020\\\/08\\\/Logo_AR.jpg\",\"width\":1038,\"height\":1044,\"caption\":\"Autos del Podio\"},\"image\":{\"@id\":\"http:\\\/\\\/autosdelpodio.com\\\/autos\\\/#\\\/schema\\\/logo\\\/image\\\/\"},\"sameAs\":[\"https:\\\/\\\/www.facebook.com\\\/profile.php?id=100057192590976&amp;amp;amp;amp;amp;amp;amp;amp;amp;amp;amp;amp;amp;amp;amp;amp;amp;amp;ref=ts\",\"https:\\\/\\\/x.com\\\/autosdelpodio\",\"https:\\\/\\\/www.youtube.com\\\/user\\\/AutosdelPodio\"]},{\"@type\":\"Person\",\"@id\":\"http:\\\/\\\/autosdelpodio.com\\\/autos\\\/#\\\/schema\\\/person\\\/993527a4d01c3acdd3d6bce3770bc942\",\"name\":\"autosdelpodio\",\"image\":{\"@type\":\"ImageObject\",\"inLanguage\":\"es\",\"@id\":\"http:\\\/\\\/autosdelpodio.com\\\/autos\\\/wp-content\\\/litespeed\\\/avatar\\\/aa8f65cd201a80f6b844f63278aa84af.jpg?ver=1776798175\",\"url\":\"http:\\\/\\\/autosdelpodio.com\\\/autos\\\/wp-content\\\/litespeed\\\/avatar\\\/aa8f65cd201a80f6b844f63278aa84af.jpg?ver=1776798175\",\"contentUrl\":\"http:\\\/\\\/autosdelpodio.com\\\/autos\\\/wp-content\\\/litespeed\\\/avatar\\\/aa8f65cd201a80f6b844f63278aa84af.jpg?ver=1776798175\",\"caption\":\"autosdelpodio\"}}]}<\/script>\n<!-- \/ Yoast SEO plugin. -->","yoast_head_json":{"title":"Autos del Podio | Presentaci\u00f3n de Constructores y dise\u00f1adores del automovilismo argentino en Renault","description":"Autos del Podio El pr\u00f3ximo 9 de agosto se presentar\u00e1 en el auditorio Renault el libro Constructores y dise\u00f1adores del automovilismo argentino de Gustavo Feder.","robots":{"index":"index","follow":"follow","max-snippet":"max-snippet:-1","max-image-preview":"max-image-preview:large","max-video-preview":"max-video-preview:-1"},"canonical":"http:\/\/autosdelpodio.com\/autos\/presentacion-de-constructores-y-disenadores-del-automovilismo-argentino-en-renault\/","og_locale":"es_ES","og_type":"article","og_title":"Autos del Podio | Presentaci\u00f3n de Constructores y dise\u00f1adores del automovilismo argentino en Renault","og_description":"Autos del Podio El pr\u00f3ximo 9 de agosto se presentar\u00e1 en el auditorio Renault el libro Constructores y dise\u00f1adores del automovilismo argentino de Gustavo Feder.","og_url":"http:\/\/autosdelpodio.com\/autos\/presentacion-de-constructores-y-disenadores-del-automovilismo-argentino-en-renault\/","og_site_name":"Autos del Podio","article_publisher":"https:\/\/www.facebook.com\/profile.php?id=100057192590976&amp%3bamp%3bamp%3bamp%3bamp%3bamp%3bamp%3bamp%3bamp%3bamp%3bamp%3bamp%3bamp%3bamp%3bamp%3bamp%3bamp%3bamp%3bref=ts","article_published_time":"2022-08-05T01:17:47+00:00","article_modified_time":"2022-08-05T01:17:49+00:00","og_image":[{"width":500,"height":250,"url":"http:\/\/autosdelpodio.com\/autos\/wp-content\/uploads\/2022\/02\/Banner_Libro_Constructores-e1644529471514.jpg","type":"image\/jpeg"}],"author":"autosdelpodio","twitter_card":"summary_large_image","twitter_creator":"@autosdelpodio","twitter_site":"@autosdelpodio","twitter_misc":{"Escrito por":"autosdelpodio","Tiempo de lectura":"1 minuto"},"schema":{"@context":"https:\/\/schema.org","@graph":[{"@type":"Article","@id":"http:\/\/autosdelpodio.com\/autos\/presentacion-de-constructores-y-disenadores-del-automovilismo-argentino-en-renault\/#article","isPartOf":{"@id":"http:\/\/autosdelpodio.com\/autos\/presentacion-de-constructores-y-disenadores-del-automovilismo-argentino-en-renault\/"},"author":{"name":"autosdelpodio","@id":"http:\/\/autosdelpodio.com\/autos\/#\/schema\/person\/993527a4d01c3acdd3d6bce3770bc942"},"headline":"Presentaci\u00f3n de Constructores y dise\u00f1adores del automovilismo argentino en Renault","datePublished":"2022-08-05T01:17:47+00:00","dateModified":"2022-08-05T01:17:49+00:00","mainEntityOfPage":{"@id":"http:\/\/autosdelpodio.com\/autos\/presentacion-de-constructores-y-disenadores-del-automovilismo-argentino-en-renault\/"},"wordCount":87,"commentCount":0,"publisher":{"@id":"http:\/\/autosdelpodio.com\/autos\/#organization"},"image":{"@id":"http:\/\/autosdelpodio.com\/autos\/presentacion-de-constructores-y-disenadores-del-automovilismo-argentino-en-renault\/#primaryimage"},"thumbnailUrl":"http:\/\/autosdelpodio.com\/autos\/wp-content\/uploads\/2022\/02\/Banner_Libro_Constructores-e1644529471514.jpg","keywords":["Eventos","Gustavo Feder","Heriberto Pronello","Libros","Pedro Campo","Renault","Republica Argentina","Tulio Crespi"],"articleSection":["Recta Principal","\u00daltimas noticias"],"inLanguage":"es","potentialAction":[{"@type":"CommentAction","name":"Comment","target":["http:\/\/autosdelpodio.com\/autos\/presentacion-de-constructores-y-disenadores-del-automovilismo-argentino-en-renault\/#respond"]}]},{"@type":"WebPage","@id":"http:\/\/autosdelpodio.com\/autos\/presentacion-de-constructores-y-disenadores-del-automovilismo-argentino-en-renault\/","url":"http:\/\/autosdelpodio.com\/autos\/presentacion-de-constructores-y-disenadores-del-automovilismo-argentino-en-renault\/","name":"Autos del Podio | Presentaci\u00f3n de Constructores y dise\u00f1adores del automovilismo argentino en Renault","isPartOf":{"@id":"http:\/\/autosdelpodio.com\/autos\/#website"},"primaryImageOfPage":{"@id":"http:\/\/autosdelpodio.com\/autos\/presentacion-de-constructores-y-disenadores-del-automovilismo-argentino-en-renault\/#primaryimage"},"image":{"@id":"http:\/\/autosdelpodio.com\/autos\/presentacion-de-constructores-y-disenadores-del-automovilismo-argentino-en-renault\/#primaryimage"},"thumbnailUrl":"http:\/\/autosdelpodio.com\/autos\/wp-content\/uploads\/2022\/02\/Banner_Libro_Constructores-e1644529471514.jpg","datePublished":"2022-08-05T01:17:47+00:00","dateModified":"2022-08-05T01:17:49+00:00","description":"Autos del Podio El pr\u00f3ximo 9 de agosto se presentar\u00e1 en el auditorio Renault el libro Constructores y dise\u00f1adores del automovilismo argentino de Gustavo Feder.","breadcrumb":{"@id":"http:\/\/autosdelpodio.com\/autos\/presentacion-de-constructores-y-disenadores-del-automovilismo-argentino-en-renault\/#breadcrumb"},"inLanguage":"es","potentialAction":[{"@type":"ReadAction","target":["http:\/\/autosdelpodio.com\/autos\/presentacion-de-constructores-y-disenadores-del-automovilismo-argentino-en-renault\/"]}]},{"@type":"ImageObject","inLanguage":"es","@id":"http:\/\/autosdelpodio.com\/autos\/presentacion-de-constructores-y-disenadores-del-automovilismo-argentino-en-renault\/#primaryimage","url":"http:\/\/autosdelpodio.com\/autos\/wp-content\/uploads\/2022\/02\/Banner_Libro_Constructores-e1644529471514.jpg","contentUrl":"http:\/\/autosdelpodio.com\/autos\/wp-content\/uploads\/2022\/02\/Banner_Libro_Constructores-e1644529471514.jpg","width":500,"height":250},{"@type":"BreadcrumbList","@id":"http:\/\/autosdelpodio.com\/autos\/presentacion-de-constructores-y-disenadores-del-automovilismo-argentino-en-renault\/#breadcrumb","itemListElement":[{"@type":"ListItem","position":1,"name":"Portada","item":"http:\/\/autosdelpodio.com\/autos\/"},{"@type":"ListItem","position":2,"name":"Presentaci\u00f3n de Constructores y dise\u00f1adores del automovilismo argentino en Renault"}]},{"@type":"WebSite","@id":"http:\/\/autosdelpodio.com\/autos\/#website","url":"http:\/\/autosdelpodio.com\/autos\/","name":"Autos del Podio","description":"La sexta del deporte motor","publisher":{"@id":"http:\/\/autosdelpodio.com\/autos\/#organization"},"potentialAction":[{"@type":"SearchAction","target":{"@type":"EntryPoint","urlTemplate":"http:\/\/autosdelpodio.com\/autos\/?s={search_term_string}"},"query-input":{"@type":"PropertyValueSpecification","valueRequired":true,"valueName":"search_term_string"}}],"inLanguage":"es"},{"@type":"Organization","@id":"http:\/\/autosdelpodio.com\/autos\/#organization","name":"Autos del Podio","url":"http:\/\/autosdelpodio.com\/autos\/","logo":{"@type":"ImageObject","inLanguage":"es","@id":"http:\/\/autosdelpodio.com\/autos\/#\/schema\/logo\/image\/","url":"http:\/\/autosdelpodio.com\/autos\/wp-content\/uploads\/2020\/08\/Logo_AR.jpg","contentUrl":"http:\/\/autosdelpodio.com\/autos\/wp-content\/uploads\/2020\/08\/Logo_AR.jpg","width":1038,"height":1044,"caption":"Autos del Podio"},"image":{"@id":"http:\/\/autosdelpodio.com\/autos\/#\/schema\/logo\/image\/"},"sameAs":["https:\/\/www.facebook.com\/profile.php?id=100057192590976&amp;amp;amp;amp;amp;amp;amp;amp;amp;amp;amp;amp;amp;amp;amp;amp;amp;amp;ref=ts","https:\/\/x.com\/autosdelpodio","https:\/\/www.youtube.com\/user\/AutosdelPodio"]},{"@type":"Person","@id":"http:\/\/autosdelpodio.com\/autos\/#\/schema\/person\/993527a4d01c3acdd3d6bce3770bc942","name":"autosdelpodio","image":{"@type":"ImageObject","inLanguage":"es","@id":"http:\/\/autosdelpodio.com\/autos\/wp-content\/litespeed\/avatar\/aa8f65cd201a80f6b844f63278aa84af.jpg?ver=1776798175","url":"http:\/\/autosdelpodio.com\/autos\/wp-content\/litespeed\/avatar\/aa8f65cd201a80f6b844f63278aa84af.jpg?ver=1776798175","contentUrl":"http:\/\/autosdelpodio.com\/autos\/wp-content\/litespeed\/avatar\/aa8f65cd201a80f6b844f63278aa84af.jpg?ver=1776798175","caption":"autosdelpodio"}}]}},"views":1110,"_links":{"self":[{"href":"http:\/\/autosdelpodio.com\/autos\/wp-json\/wp\/v2\/posts\/6054","targetHints":{"allow":["GET"]}}],"collection":[{"href":"http:\/\/autosdelpodio.com\/autos\/wp-json\/wp\/v2\/posts"}],"about":[{"href":"http:\/\/autosdelpodio.com\/autos\/wp-json\/wp\/v2\/types\/post"}],"author":[{"embeddable":true,"href":"http:\/\/autosdelpodio.com\/autos\/wp-json\/wp\/v2\/users\/3"}],"replies":[{"embeddable":true,"href":"http:\/\/autosdelpodio.com\/autos\/wp-json\/wp\/v2\/comments?post=6054"}],"version-history":[{"count":1,"href":"http:\/\/autosdelpodio.com\/autos\/wp-json\/wp\/v2\/posts\/6054\/revisions"}],"predecessor-version":[{"id":6055,"href":"http:\/\/autosdelpodio.com\/autos\/wp-json\/wp\/v2\/posts\/6054\/revisions\/6055"}],"wp:featuredmedia":[{"embeddable":true,"href":"http:\/\/autosdelpodio.com\/autos\/wp-json\/wp\/v2\/media\/5424"}],"wp:attachment":[{"href":"http:\/\/autosdelpodio.com\/autos\/wp-json\/wp\/v2\/media?parent=6054"}],"wp:term":[{"taxonomy":"category","embeddable":true,"href":"http:\/\/autosdelpodio.com\/autos\/wp-json\/wp\/v2\/categories?post=6054"},{"taxonomy":"post_tag","embeddable":true,"href":"http:\/\/autosdelpodio.com\/autos\/wp-json\/wp\/v2\/tags?post=6054"}],"curies":[{"name":"wp","href":"https:\/\/api.w.org\/{rel}","templated":true}]}}