{"id":609,"date":"2012-12-05T00:05:47","date_gmt":"2012-12-05T00:05:47","guid":{"rendered":"http:\/\/autosdelpodio.com\/autos\/2012\/12\/05\/no-cuestionen-al-campeon-cuestionen-el-campeonato\/"},"modified":"2012-12-05T00:05:47","modified_gmt":"2012-12-05T00:05:47","slug":"no-cuestionen-al-campeon-cuestionen-el-campeonato","status":"publish","type":"post","link":"http:\/\/autosdelpodio.com\/autos\/no-cuestionen-al-campeon-cuestionen-el-campeonato\/","title":{"rendered":"No cuestionen al campe\u00f3n, cuestionen el campeonato:"},"content":{"rendered":"<p>\u00a0<\/p>\n<p><span style=\"text-align: justify;\">Michael Schumacher super\u00f3 en cantidad de t\u00edtulos de Formula 1 a Juan Manuel Fangio, y Sebastian Vettel puede que supere a estos dos, pero no se puede trazar un paralelismo real que diga quien fue el mejor porque sus obras no son comparables entre si.<\/span><\/p>\n<p style=\"text-align: justify;\">Como Juan Mariah Traverso no puede compararse con Juan Galvez \u00a0ni Roberto Mouras con Guillermo Ortelli.<\/p>\n<p style=\"text-align: justify;\">Es curioso el trabajo de cierto periodismo intentando deslegitimar el campeonato de Mauro Giallombardo en Turismo Carretera.<\/p>\n<p>  <!--more-->  <\/p>\n<p>\u00a0<\/p>\n<p style=\"text-align: justify;\">Un an\u00e1lisis realmente pobre, si se queda en la cuesti\u00f3n de que solo con 31 carreras, 1 pole y una victoria en su haber pintar\u00e1 el 1 en el 2013. No dista mucho de c\u00f3mo lo consigui\u00f3 all\u00e1 por el a\u00f1o 2010 el ascendente Agust\u00edn Canapino.<\/p>\n<p style=\"text-align: justify;\">Ni hablar que todas estas hip\u00f3tesis \u00a0jam\u00e1s se las adjudicar\u00edan a Guillermo Ortelli, multicampeon si los hay.<\/p>\n<p style=\"text-align: justify;\">Bueno seria que a principios de a\u00f1o, antes de ver quien sale campe\u00f3n (para luego acomodar el discurso), exista un debate serio para determinar si el play off es justo o no gane quien gane y no que discutan al campe\u00f3n si que se le da a uno que no es de su agrado.<\/p>\n<p style=\"text-align: justify;\">Mauro Giallombardo gan\u00f3 en buena ley, aunque en realidad los deportes no se rigen por leyes, sino por relgas.Y el piloto de Ford no ha hecho nada fuera de \u00a0reglamento.Un reglamento que se retoc\u00f3 2 veces en busca de la tan mentada paridad, que termina muchas veces contra el espect\u00e1culo.<\/p>\n<p style=\"text-align: justify;\">Cuando se retoca tanto las reglas del juego sobre la marcha, todo se vuelve no menos que desprolijo.<\/p>\n<p style=\"text-align: justify;\">Durante el 2012, Ford consigui\u00f3 seis victorias (cuatro de ellas luego de las modificaciones anexadas al reglamento t\u00e9cnico). En tanto que Chevrolet se impuso en siete oportunidades, Torino en tres y Dodge no pudo vencer a lo largo de las 16 fechas.<\/p>\n<p style=\"text-align: justify;\">Parece que la metodolog\u00eda de Copa de Oro que lleg\u00f3 en el 2008 para que no se escape el puntero de turno Juan Manuel Silva (Ford) y se consagre prematuro campe\u00f3n como ocurri\u00f3 el a\u00f1o anterior cuando Christian Ledesma (Chevrolet) obtuvo el titulo 3 fechas antes del final, lleg\u00f3 para quedarse.<\/p>\n<p style=\"text-align: justify;\">Si no hay campe\u00f3n en la ultima fecha se cae el negocio, y est\u00e1 claro que \u00a0los protagonistas, ll\u00e1mese pilotos, equipos as\u00ed tambi\u00e9n lo entienden y acatan.<\/p>\n<p>\u00a0<\/p>\n","protected":false},"excerpt":{"rendered":"<p>\u00a0 Michael Schumacher super\u00f3 en cantidad de t\u00edtulos de Formula 1 a Juan Manuel Fangio, y Sebastian Vettel puede que<\/p>\n","protected":false},"author":1,"featured_media":0,"comment_status":"open","ping_status":"open","sticky":false,"template":"","format":"standard","meta":{"colormag_page_container_layout":"default_layout","colormag_page_sidebar_layout":"default_layout","footnotes":""},"categories":[15],"tags":[],"class_list":["post-609","post","type-post","status-publish","format-standard","hentry","category-opinion"],"yoast_head":"<!-- This site is optimized with the Yoast SEO plugin v27.4 - https:\/\/yoast.com\/product\/yoast-seo-wordpress\/ -->\n<title>Autos del Podio | No cuestionen al campe\u00f3n, cuestionen el campeonato:<\/title>\n<meta name=\"description\" content=\"Autos del Podio\" \/>\n<meta name=\"robots\" content=\"index, follow, max-snippet:-1, max-image-preview:large, max-video-preview:-1\" \/>\n<link rel=\"canonical\" href=\"https:\/\/autosdelpodio.com\/autos\/no-cuestionen-al-campeon-cuestionen-el-campeonato\/\" \/>\n<meta property=\"og:locale\" content=\"es_ES\" \/>\n<meta property=\"og:type\" content=\"article\" \/>\n<meta property=\"og:title\" content=\"Autos del Podio | No cuestionen al campe\u00f3n, cuestionen el campeonato:\" \/>\n<meta property=\"og:description\" content=\"Autos del Podio\" \/>\n<meta property=\"og:url\" content=\"https:\/\/autosdelpodio.com\/autos\/no-cuestionen-al-campeon-cuestionen-el-campeonato\/\" \/>\n<meta property=\"og:site_name\" content=\"Autos del Podio\" \/>\n<meta property=\"article:publisher\" content=\"https:\/\/www.facebook.com\/profile.php?id=100057192590976&amp;amp%3bamp%3bamp%3bamp%3bamp%3bamp%3bamp%3bamp%3bamp%3bamp%3bamp%3bamp%3bamp%3bamp%3bamp%3bamp%3bamp%3bamp%3bref=ts\" \/>\n<meta property=\"article:published_time\" content=\"2012-12-05T00:05:47+00:00\" \/>\n<meta name=\"author\" content=\"wi022230\" \/>\n<meta name=\"twitter:card\" content=\"summary_large_image\" \/>\n<meta name=\"twitter:creator\" content=\"@autosdelpodio\" \/>\n<meta name=\"twitter:site\" content=\"@autosdelpodio\" \/>\n<meta name=\"twitter:label1\" content=\"Escrito por\" \/>\n\t<meta name=\"twitter:data1\" content=\"wi022230\" \/>\n\t<meta name=\"twitter:label2\" content=\"Tiempo de lectura\" \/>\n\t<meta name=\"twitter:data2\" content=\"2 minutos\" \/>\n<script type=\"application\/ld+json\" class=\"yoast-schema-graph\">{\"@context\":\"https:\\\/\\\/schema.org\",\"@graph\":[{\"@type\":\"Article\",\"@id\":\"https:\\\/\\\/autosdelpodio.com\\\/autos\\\/no-cuestionen-al-campeon-cuestionen-el-campeonato\\\/#article\",\"isPartOf\":{\"@id\":\"https:\\\/\\\/autosdelpodio.com\\\/autos\\\/no-cuestionen-al-campeon-cuestionen-el-campeonato\\\/\"},\"author\":{\"name\":\"wi022230\",\"@id\":\"http:\\\/\\\/autosdelpodio.com\\\/autos\\\/#\\\/schema\\\/person\\\/e88353cabf768863fdf874e30120f3ba\"},\"headline\":\"No cuestionen al campe\u00f3n, cuestionen el campeonato:\",\"datePublished\":\"2012-12-05T00:05:47+00:00\",\"mainEntityOfPage\":{\"@id\":\"https:\\\/\\\/autosdelpodio.com\\\/autos\\\/no-cuestionen-al-campeon-cuestionen-el-campeonato\\\/\"},\"wordCount\":402,\"commentCount\":0,\"publisher\":{\"@id\":\"http:\\\/\\\/autosdelpodio.com\\\/autos\\\/#organization\"},\"articleSection\":[\"Opini\u00f3n\"],\"inLanguage\":\"es\",\"potentialAction\":[{\"@type\":\"CommentAction\",\"name\":\"Comment\",\"target\":[\"https:\\\/\\\/autosdelpodio.com\\\/autos\\\/no-cuestionen-al-campeon-cuestionen-el-campeonato\\\/#respond\"]}]},{\"@type\":\"WebPage\",\"@id\":\"https:\\\/\\\/autosdelpodio.com\\\/autos\\\/no-cuestionen-al-campeon-cuestionen-el-campeonato\\\/\",\"url\":\"https:\\\/\\\/autosdelpodio.com\\\/autos\\\/no-cuestionen-al-campeon-cuestionen-el-campeonato\\\/\",\"name\":\"Autos del Podio | No cuestionen al campe\u00f3n, cuestionen el campeonato:\",\"isPartOf\":{\"@id\":\"http:\\\/\\\/autosdelpodio.com\\\/autos\\\/#website\"},\"datePublished\":\"2012-12-05T00:05:47+00:00\",\"description\":\"Autos del Podio\",\"breadcrumb\":{\"@id\":\"https:\\\/\\\/autosdelpodio.com\\\/autos\\\/no-cuestionen-al-campeon-cuestionen-el-campeonato\\\/#breadcrumb\"},\"inLanguage\":\"es\",\"potentialAction\":[{\"@type\":\"ReadAction\",\"target\":[\"https:\\\/\\\/autosdelpodio.com\\\/autos\\\/no-cuestionen-al-campeon-cuestionen-el-campeonato\\\/\"]}]},{\"@type\":\"BreadcrumbList\",\"@id\":\"https:\\\/\\\/autosdelpodio.com\\\/autos\\\/no-cuestionen-al-campeon-cuestionen-el-campeonato\\\/#breadcrumb\",\"itemListElement\":[{\"@type\":\"ListItem\",\"position\":1,\"name\":\"Portada\",\"item\":\"http:\\\/\\\/autosdelpodio.com\\\/autos\\\/\"},{\"@type\":\"ListItem\",\"position\":2,\"name\":\"No cuestionen al campe\u00f3n, cuestionen el campeonato:\"}]},{\"@type\":\"WebSite\",\"@id\":\"http:\\\/\\\/autosdelpodio.com\\\/autos\\\/#website\",\"url\":\"http:\\\/\\\/autosdelpodio.com\\\/autos\\\/\",\"name\":\"Autos del Podio\",\"description\":\"La sexta del deporte motor\",\"publisher\":{\"@id\":\"http:\\\/\\\/autosdelpodio.com\\\/autos\\\/#organization\"},\"potentialAction\":[{\"@type\":\"SearchAction\",\"target\":{\"@type\":\"EntryPoint\",\"urlTemplate\":\"http:\\\/\\\/autosdelpodio.com\\\/autos\\\/?s={search_term_string}\"},\"query-input\":{\"@type\":\"PropertyValueSpecification\",\"valueRequired\":true,\"valueName\":\"search_term_string\"}}],\"inLanguage\":\"es\"},{\"@type\":\"Organization\",\"@id\":\"http:\\\/\\\/autosdelpodio.com\\\/autos\\\/#organization\",\"name\":\"Autos del Podio\",\"url\":\"http:\\\/\\\/autosdelpodio.com\\\/autos\\\/\",\"logo\":{\"@type\":\"ImageObject\",\"inLanguage\":\"es\",\"@id\":\"http:\\\/\\\/autosdelpodio.com\\\/autos\\\/#\\\/schema\\\/logo\\\/image\\\/\",\"url\":\"http:\\\/\\\/autosdelpodio.com\\\/autos\\\/wp-content\\\/uploads\\\/2020\\\/08\\\/Logo_AR.jpg\",\"contentUrl\":\"http:\\\/\\\/autosdelpodio.com\\\/autos\\\/wp-content\\\/uploads\\\/2020\\\/08\\\/Logo_AR.jpg\",\"width\":1038,\"height\":1044,\"caption\":\"Autos del Podio\"},\"image\":{\"@id\":\"http:\\\/\\\/autosdelpodio.com\\\/autos\\\/#\\\/schema\\\/logo\\\/image\\\/\"},\"sameAs\":[\"https:\\\/\\\/www.facebook.com\\\/profile.php?id=100057192590976&amp;amp;amp;amp;amp;amp;amp;amp;amp;amp;amp;amp;amp;amp;amp;amp;amp;amp;ref=ts\",\"https:\\\/\\\/x.com\\\/autosdelpodio\",\"https:\\\/\\\/www.youtube.com\\\/user\\\/AutosdelPodio\"]},{\"@type\":\"Person\",\"@id\":\"http:\\\/\\\/autosdelpodio.com\\\/autos\\\/#\\\/schema\\\/person\\\/e88353cabf768863fdf874e30120f3ba\",\"name\":\"wi022230\",\"image\":{\"@type\":\"ImageObject\",\"inLanguage\":\"es\",\"@id\":\"http:\\\/\\\/autosdelpodio.com\\\/autos\\\/wp-content\\\/litespeed\\\/avatar\\\/453fc9bdbb11d766ba4c7f14d0bd0aa9.jpg?ver=1776800006\",\"url\":\"http:\\\/\\\/autosdelpodio.com\\\/autos\\\/wp-content\\\/litespeed\\\/avatar\\\/453fc9bdbb11d766ba4c7f14d0bd0aa9.jpg?ver=1776800006\",\"contentUrl\":\"http:\\\/\\\/autosdelpodio.com\\\/autos\\\/wp-content\\\/litespeed\\\/avatar\\\/453fc9bdbb11d766ba4c7f14d0bd0aa9.jpg?ver=1776800006\",\"caption\":\"wi022230\"}}]}<\/script>\n<!-- \/ Yoast SEO plugin. -->","yoast_head_json":{"title":"Autos del Podio | No cuestionen al campe\u00f3n, cuestionen el campeonato:","description":"Autos del Podio","robots":{"index":"index","follow":"follow","max-snippet":"max-snippet:-1","max-image-preview":"max-image-preview:large","max-video-preview":"max-video-preview:-1"},"canonical":"https:\/\/autosdelpodio.com\/autos\/no-cuestionen-al-campeon-cuestionen-el-campeonato\/","og_locale":"es_ES","og_type":"article","og_title":"Autos del Podio | No cuestionen al campe\u00f3n, cuestionen el campeonato:","og_description":"Autos del Podio","og_url":"https:\/\/autosdelpodio.com\/autos\/no-cuestionen-al-campeon-cuestionen-el-campeonato\/","og_site_name":"Autos del Podio","article_publisher":"https:\/\/www.facebook.com\/profile.php?id=100057192590976&amp%3bamp%3bamp%3bamp%3bamp%3bamp%3bamp%3bamp%3bamp%3bamp%3bamp%3bamp%3bamp%3bamp%3bamp%3bamp%3bamp%3bamp%3bref=ts","article_published_time":"2012-12-05T00:05:47+00:00","author":"wi022230","twitter_card":"summary_large_image","twitter_creator":"@autosdelpodio","twitter_site":"@autosdelpodio","twitter_misc":{"Escrito por":"wi022230","Tiempo de lectura":"2 minutos"},"schema":{"@context":"https:\/\/schema.org","@graph":[{"@type":"Article","@id":"https:\/\/autosdelpodio.com\/autos\/no-cuestionen-al-campeon-cuestionen-el-campeonato\/#article","isPartOf":{"@id":"https:\/\/autosdelpodio.com\/autos\/no-cuestionen-al-campeon-cuestionen-el-campeonato\/"},"author":{"name":"wi022230","@id":"http:\/\/autosdelpodio.com\/autos\/#\/schema\/person\/e88353cabf768863fdf874e30120f3ba"},"headline":"No cuestionen al campe\u00f3n, cuestionen el campeonato:","datePublished":"2012-12-05T00:05:47+00:00","mainEntityOfPage":{"@id":"https:\/\/autosdelpodio.com\/autos\/no-cuestionen-al-campeon-cuestionen-el-campeonato\/"},"wordCount":402,"commentCount":0,"publisher":{"@id":"http:\/\/autosdelpodio.com\/autos\/#organization"},"articleSection":["Opini\u00f3n"],"inLanguage":"es","potentialAction":[{"@type":"CommentAction","name":"Comment","target":["https:\/\/autosdelpodio.com\/autos\/no-cuestionen-al-campeon-cuestionen-el-campeonato\/#respond"]}]},{"@type":"WebPage","@id":"https:\/\/autosdelpodio.com\/autos\/no-cuestionen-al-campeon-cuestionen-el-campeonato\/","url":"https:\/\/autosdelpodio.com\/autos\/no-cuestionen-al-campeon-cuestionen-el-campeonato\/","name":"Autos del Podio | No cuestionen al campe\u00f3n, cuestionen el campeonato:","isPartOf":{"@id":"http:\/\/autosdelpodio.com\/autos\/#website"},"datePublished":"2012-12-05T00:05:47+00:00","description":"Autos del Podio","breadcrumb":{"@id":"https:\/\/autosdelpodio.com\/autos\/no-cuestionen-al-campeon-cuestionen-el-campeonato\/#breadcrumb"},"inLanguage":"es","potentialAction":[{"@type":"ReadAction","target":["https:\/\/autosdelpodio.com\/autos\/no-cuestionen-al-campeon-cuestionen-el-campeonato\/"]}]},{"@type":"BreadcrumbList","@id":"https:\/\/autosdelpodio.com\/autos\/no-cuestionen-al-campeon-cuestionen-el-campeonato\/#breadcrumb","itemListElement":[{"@type":"ListItem","position":1,"name":"Portada","item":"http:\/\/autosdelpodio.com\/autos\/"},{"@type":"ListItem","position":2,"name":"No cuestionen al campe\u00f3n, cuestionen el campeonato:"}]},{"@type":"WebSite","@id":"http:\/\/autosdelpodio.com\/autos\/#website","url":"http:\/\/autosdelpodio.com\/autos\/","name":"Autos del Podio","description":"La sexta del deporte motor","publisher":{"@id":"http:\/\/autosdelpodio.com\/autos\/#organization"},"potentialAction":[{"@type":"SearchAction","target":{"@type":"EntryPoint","urlTemplate":"http:\/\/autosdelpodio.com\/autos\/?s={search_term_string}"},"query-input":{"@type":"PropertyValueSpecification","valueRequired":true,"valueName":"search_term_string"}}],"inLanguage":"es"},{"@type":"Organization","@id":"http:\/\/autosdelpodio.com\/autos\/#organization","name":"Autos del Podio","url":"http:\/\/autosdelpodio.com\/autos\/","logo":{"@type":"ImageObject","inLanguage":"es","@id":"http:\/\/autosdelpodio.com\/autos\/#\/schema\/logo\/image\/","url":"http:\/\/autosdelpodio.com\/autos\/wp-content\/uploads\/2020\/08\/Logo_AR.jpg","contentUrl":"http:\/\/autosdelpodio.com\/autos\/wp-content\/uploads\/2020\/08\/Logo_AR.jpg","width":1038,"height":1044,"caption":"Autos del Podio"},"image":{"@id":"http:\/\/autosdelpodio.com\/autos\/#\/schema\/logo\/image\/"},"sameAs":["https:\/\/www.facebook.com\/profile.php?id=100057192590976&amp;amp;amp;amp;amp;amp;amp;amp;amp;amp;amp;amp;amp;amp;amp;amp;amp;amp;ref=ts","https:\/\/x.com\/autosdelpodio","https:\/\/www.youtube.com\/user\/AutosdelPodio"]},{"@type":"Person","@id":"http:\/\/autosdelpodio.com\/autos\/#\/schema\/person\/e88353cabf768863fdf874e30120f3ba","name":"wi022230","image":{"@type":"ImageObject","inLanguage":"es","@id":"http:\/\/autosdelpodio.com\/autos\/wp-content\/litespeed\/avatar\/453fc9bdbb11d766ba4c7f14d0bd0aa9.jpg?ver=1776800006","url":"http:\/\/autosdelpodio.com\/autos\/wp-content\/litespeed\/avatar\/453fc9bdbb11d766ba4c7f14d0bd0aa9.jpg?ver=1776800006","contentUrl":"http:\/\/autosdelpodio.com\/autos\/wp-content\/litespeed\/avatar\/453fc9bdbb11d766ba4c7f14d0bd0aa9.jpg?ver=1776800006","caption":"wi022230"}}]}},"views":459,"_links":{"self":[{"href":"http:\/\/autosdelpodio.com\/autos\/wp-json\/wp\/v2\/posts\/609","targetHints":{"allow":["GET"]}}],"collection":[{"href":"http:\/\/autosdelpodio.com\/autos\/wp-json\/wp\/v2\/posts"}],"about":[{"href":"http:\/\/autosdelpodio.com\/autos\/wp-json\/wp\/v2\/types\/post"}],"author":[{"embeddable":true,"href":"http:\/\/autosdelpodio.com\/autos\/wp-json\/wp\/v2\/users\/1"}],"replies":[{"embeddable":true,"href":"http:\/\/autosdelpodio.com\/autos\/wp-json\/wp\/v2\/comments?post=609"}],"version-history":[{"count":0,"href":"http:\/\/autosdelpodio.com\/autos\/wp-json\/wp\/v2\/posts\/609\/revisions"}],"wp:attachment":[{"href":"http:\/\/autosdelpodio.com\/autos\/wp-json\/wp\/v2\/media?parent=609"}],"wp:term":[{"taxonomy":"category","embeddable":true,"href":"http:\/\/autosdelpodio.com\/autos\/wp-json\/wp\/v2\/categories?post=609"},{"taxonomy":"post_tag","embeddable":true,"href":"http:\/\/autosdelpodio.com\/autos\/wp-json\/wp\/v2\/tags?post=609"}],"curies":[{"name":"wp","href":"https:\/\/api.w.org\/{rel}","templated":true}]}}