{"id":6118,"date":"2022-08-21T15:43:46","date_gmt":"2022-08-21T18:43:46","guid":{"rendered":"http:\/\/autosdelpodio.com\/autos\/?p=6118"},"modified":"2022-08-21T15:43:47","modified_gmt":"2022-08-21T18:43:47","slug":"triunfo-necesario-que-lo-pone-en-carrera","status":"publish","type":"post","link":"http:\/\/autosdelpodio.com\/autos\/triunfo-necesario-que-lo-pone-en-carrera\/","title":{"rendered":"Triunfo necesario que lo pone en carrera"},"content":{"rendered":"\n<p>Juli\u00e1n Santero logr\u00f3 la victoria habilitante para meterse de lleno en la pelea por revalidar el \u00ab1\u00bb en la Clase 3 del Turismo Nacional en San Nicol\u00e1s.Carlos Javier Merlo, tambi\u00e9n con un Corolla y Mat\u00edas Mu\u00f1oz Marchesi con un Focus completaron el podio.<br>El mendocino tuvo una excelsa largada para definir a favor la competencia que si bien tuvo sus fricciones y tramite cambiante desde la cuarta colocaci\u00f3n hacia atr\u00e1s, no tuvo neutralizaci\u00f3n alguna.<br>Previamente, en la Clase menor del TN Ignacio Procacito gan\u00f3 por primera vez en la divisional al mando de un Volkswagen Trend escoltado por Juan Ignacio Canela y Mat\u00edas Abdala.<br>La pr\u00f3xima fecha ser\u00e1 del 23 al 25 de septiembre en el Aut\u00f3dromo Ciudad de Toay, en la provincia de La Pampa.<\/p>\n\n\n\n<p><strong>Final C3 del TN <\/strong><\/p>\n\n\n\n<figure class=\"wp-block-table\"><table><tbody><tr><td>1<\/td><td>1<\/td><td>TN CLASE 3<\/td><td>JULIAN SANTERO<\/td><td>TOYOTA COROLLA<\/td><td>1:34.029<\/td><td><\/td><\/tr><tr><td>2<\/td><td>63<\/td><td>TN CLASE 3<\/td><td>CARLOS JAVIER MERLO<\/td><td>TOYOTA COROLLA<\/td><td>1:34.333<\/td><td>1 Vuelta<\/td><\/tr><tr><td>3<\/td><td>10<\/td><td>TN CLASE 3<\/td><td>MATIAS MU\u00d1OZ MARCHESI<\/td><td>FORD FOCUS<\/td><td>1:34.474<\/td><td>1 Vuelta<\/td><\/tr><tr><td>4<\/td><td>7<\/td><td>TN CLASE 3<\/td><td>JERONIMO TETI<\/td><td>CHEVROLET CRUZE<\/td><td>1:34.663<\/td><td>1 Vuelta<\/td><\/tr><tr><td>5<\/td><td>123<\/td><td>TN CLASE 3<\/td><td>MAURICIO LAMBIRIS<\/td><td>TOYOTA COROLLA<\/td><td>1:34.221<\/td><td>1 Vuelta<\/td><\/tr><tr><td>6<\/td><td>3<\/td><td>TN CLASE 3<\/td><td>JONATAN CASTELLANO<\/td><td>CHEVROLET CRUZE<\/td><td>1:34.649<\/td><td>1 Vuelta<\/td><\/tr><tr><td>7<\/td><td>111<\/td><td>TN CLASE 3<\/td><td>JOEL GASSMAN<\/td><td>CHEVROLET CRUZE<\/td><td>1:35.684<\/td><td>1 Vuelta<\/td><\/tr><tr><td>8<\/td><td>155<\/td><td>TN CLASE 3<\/td><td>MANUEL MALLO<\/td><td>CHEVROLET CRUZE<\/td><td>1:35.414<\/td><td>1 Vuelta<\/td><\/tr><tr><td>9<\/td><td>4<\/td><td>TN CLASE 3<\/td><td>LEONEL PERNIA<\/td><td>FORD FOCUS<\/td><td>1:34.774<\/td><td>1 Vuelta<\/td><\/tr><tr><td>10<\/td><td>5<\/td><td>TN CLASE 3<\/td><td>JOSE M. URCERA<\/td><td>PEUGEOT 408<\/td><td>1:35.701<\/td><td>1 Vuelta<\/td><\/tr><tr><td>11<\/td><td>177<\/td><td>TN CLASE 3<\/td><td>LEONEL SOTRO<\/td><td>VW VENTO<\/td><td>1:35.606<\/td><td>1 Vuelta<\/td><\/tr><tr><td>12<\/td><td>55<\/td><td>TN CLASE 3<\/td><td>GASTON IANSA<\/td><td>FORD FOCUS<\/td><td>1:35.727<\/td><td>1 Vuelta<\/td><\/tr><tr><td>13<\/td><td>14<\/td><td>TN CLASE 3<\/td><td>LEANDRO CARDUCCI<\/td><td>FORD FOCUS<\/td><td>1:35.433<\/td><td>1 Vuelta<\/td><\/tr><tr><td>14<\/td><td>95<\/td><td>TN CLASE 3<\/td><td>EMANUEL ABDALA<\/td><td>TOYOTA COROLLA<\/td><td>1:36.291<\/td><td>1 Vuelta<\/td><\/tr><tr><td>15<\/td><td>85<\/td><td>TN CLASE 3<\/td><td>RICARDO RISATTI<\/td><td>TOYOTA COROLLA<\/td><td>1:35.689<\/td><td>1 Vuelta<\/td><\/tr><tr><td>16<\/td><td>8<\/td><td>TN CLASE 3<\/td><td>ALFONSO DOMENECH<\/td><td>FORD FOCUS<\/td><td>1:34.621<\/td><td>1 Vuelta<\/td><\/tr><tr><td>17<\/td><td>100<\/td><td>TN CLASE 3<\/td><td>CARLOS OKULOVICH<\/td><td>HONDA CIVIC<\/td><td>1:36.298<\/td><td>1 Vuelta<\/td><\/tr><tr><td>18<\/td><td>24<\/td><td>TN CLASE 3<\/td><td>LEONEL LARRAURI<\/td><td>PEUGEOT 408<\/td><td>1:36.661<\/td><td>1 Vuelta<\/td><\/tr><tr><td>19<\/td><td>157<\/td><td>TN CLASE 3<\/td><td>JUAN DE BENEDICTIS<\/td><td>TOYOTA COROLLA<\/td><td>1:36.320<\/td><td>1 Vuelta<\/td><\/tr><tr><td>20<\/td><td>26<\/td><td>TN CLASE 3<\/td><td>SEBASTIAN GOMEZ<\/td><td>CHEVROLET CRUZE<\/td><td>1:36.788<\/td><td>1 Vuelta<\/td><\/tr><tr><td>21<\/td><td>77<\/td><td>TN CLASE 3<\/td><td>MATIAS COHEN<\/td><td>FORD FOCUS<\/td><td>1:36.444<\/td><td>1 Vuelta<\/td><\/tr><tr><td>22<\/td><td>108<\/td><td>TN CLASE 3<\/td><td>ROBERTO LUNA<\/td><td>TOYOTA COROLLA<\/td><td>1:37.008<\/td><td>1 Vuelta<\/td><\/tr><tr><td>23<\/td><td>60<\/td><td>TN CLASE 3<\/td><td>NAZARENO BEGUIRISTAIN<\/td><td>HONDA CIVIC<\/td><td>1:36.990<\/td><td>1 Vuelta<\/td><\/tr><tr><td>24<\/td><td>99<\/td><td>TN CLASE 3<\/td><td>SANTIAGO MALLO<\/td><td>CHEVROLET CRUZE<\/td><td>1:37.243<\/td><td>1 Vuelta<\/td><\/tr><tr><td>25<\/td><td>181<\/td><td>TN CLASE 3<\/td><td>GREGORIO CONTA<\/td><td>FORD FOCUS<\/td><td>1:35.402<\/td><td>1 Vuelta<\/td><\/tr><tr><td>26<\/td><td>6<\/td><td>TN CLASE 3<\/td><td>FACUNDO CHAPUR<\/td><td>FORD FOCUS<\/td><td>1:35.528<\/td><td>1 Vuelta<\/td><\/tr><tr><td>27<\/td><td>144<\/td><td>TN CLASE 3<\/td><td>LUCAS VICINO<\/td><td>TOYOTA COROLLA<\/td><td>1:37.619<\/td><td>1 Vuelta<\/td><\/tr><tr><td>28<\/td><td>124<\/td><td>TN CLASE 3<\/td><td>NICOLAS MONTANARI<\/td><td>CHEVROLET CRUZE<\/td><td>1:36.057<\/td><td>1 Vuelta<\/td><\/tr><tr><td>29<\/td><td>23<\/td><td>TN CLASE 3<\/td><td>MARIANO PERNIA<\/td><td>FIAT TIPO<\/td><td>1:34.716<\/td><td>1 Vuelta<\/td><\/tr><tr><td>30<\/td><td>143<\/td><td>TN CLASE 3<\/td><td>IGNACIO MONTENEGRO<\/td><td>VW VENTO<\/td><td>1:36.502<\/td><td>2 Vueltas<\/td><\/tr><tr><td>31<\/td><td>69<\/td><td>TN CLASE 3<\/td><td>MARTIN CHIALVO<\/td><td>TOYOTA COROLLA<\/td><td>1:35.420<\/td><td>2 Vueltas<\/td><\/tr><tr><td>32<\/td><td>137<\/td><td>TN CLASE 3<\/td><td>IANINA ZANAZZI<\/td><td>TOYOTA COROLLA<\/td><td>1:36.916<\/td><td>2 Vueltas<\/td><\/tr><tr><td>33<\/td><td>61<\/td><td>TN CLASE 3<\/td><td>DIEGO NOCETI<\/td><td>FORD FOCUS<\/td><td>1:35.846<\/td><td>4 Vueltas<\/td><\/tr><tr><td>34<\/td><td>41<\/td><td>TN CLASE 3<\/td><td>MAURO SCHENONE<\/td><td>CHEVROLET CRUZE<\/td><td>1:37.895<\/td><td>5 Vueltas<\/td><\/tr><tr><td>35<\/td><td>72<\/td><td>TN CLASE 3<\/td><td>LUCAS TEDESCHI<\/td><td>FORD FOCUS<\/td><td>1:35.373<\/td><td>5 Vueltas<\/td><\/tr><tr><td>36<\/td><td>118<\/td><td>TN CLASE 3<\/td><td>ANTONINO GARCIA<\/td><td>FORD FOCUS<\/td><td>1:36.605<\/td><td>6 Vueltas<\/td><\/tr><tr><td>37<\/td><td>16<\/td><td>TN CLASE 3<\/td><td>FABIAN YANNANTUONI<\/td><td>FIAT TIPO<\/td><td>1:36.393<\/td><td>9 Vueltas<\/td><\/tr><tr><td>38<\/td><td>17<\/td><td>TN CLASE 3<\/td><td>JUAN JOSE GARRIZ<\/td><td>C-ELYSEE<\/td><td>1:36.650<\/td><td>13 Vueltas<\/td><\/tr><tr><td>39<\/td><td>32<\/td><td>TN CLASE 3<\/td><td>FACUNDO CONTA<\/td><td>FORD FOCUS<\/td><td>1:36.486<\/td><td>15 Vueltas<\/td><\/tr><tr><td>40<\/td><td>114<\/td><td>TN CLASE 3<\/td><td>EVER FRANETOVICH<\/td><td>FORD FOCUS<\/td><td>1:35.803<\/td><td>16 Vueltas<\/td><\/tr><tr><td>41<\/td><td>56<\/td><td>TN CLASE 3<\/td><td>GERMAN TODINO<\/td><td>TOYOTA COROLLA<\/td><td>1:36.773<\/td><td>17 Vueltas<\/td><\/tr><tr><td>42<\/td><td>195<\/td><td>TN CLASE 3<\/td><td>FEDERICO IRIBARNE<\/td><td>TOYOTA COROLLA<\/td><td><\/td><\/tr><\/tbody><\/table><\/figure>\n\n\n\n<p><em>N.S<\/em><\/p>\n","protected":false},"excerpt":{"rendered":"<p>Juli\u00e1n Santero logr\u00f3 la victoria habilitante para meterse de lleno en la pelea por revalidar el \u00ab1\u00bb en la Clase<\/p>\n","protected":false},"author":3,"featured_media":1614,"comment_status":"open","ping_status":"open","sticky":false,"template":"","format":"standard","meta":{"colormag_page_container_layout":"default_layout","colormag_page_sidebar_layout":"default_layout","footnotes":""},"categories":[16,5],"tags":[512,394,356,326,78],"class_list":["post-6118","post","type-post","status-publish","format-standard","has-post-thumbnail","hentry","category-recta-principal","category-latest-news","tag-clase-3","tag-julian-santero","tag-san-nicolas","tag-toyota","tag-turismo-nacional"],"yoast_head":"<!-- This site is optimized with the Yoast SEO plugin v27.5 - https:\/\/yoast.com\/product\/yoast-seo-wordpress\/ -->\n<title>Autos del Podio | Triunfo necesario que lo pone en carrera<\/title>\n<meta name=\"description\" content=\"Autos del Podio 1-2 de Toyota en la Clase 3 del TN con Julian Santero a la vanguardia\" \/>\n<meta name=\"robots\" content=\"index, follow, max-snippet:-1, max-image-preview:large, max-video-preview:-1\" \/>\n<link rel=\"canonical\" href=\"http:\/\/autosdelpodio.com\/autos\/triunfo-necesario-que-lo-pone-en-carrera\/\" \/>\n<meta property=\"og:locale\" content=\"es_ES\" \/>\n<meta property=\"og:type\" content=\"article\" \/>\n<meta property=\"og:title\" content=\"Autos del Podio | Triunfo necesario que lo pone en carrera\" \/>\n<meta property=\"og:description\" content=\"Autos del Podio 1-2 de Toyota en la Clase 3 del TN con Julian Santero a la vanguardia\" \/>\n<meta property=\"og:url\" content=\"http:\/\/autosdelpodio.com\/autos\/triunfo-necesario-que-lo-pone-en-carrera\/\" \/>\n<meta property=\"og:site_name\" content=\"Autos del Podio\" \/>\n<meta property=\"article:publisher\" content=\"https:\/\/www.facebook.com\/profile.php?id=100057192590976&amp;amp%3bamp%3bamp%3bamp%3bamp%3bamp%3bamp%3bamp%3bamp%3bamp%3bamp%3bamp%3bamp%3bamp%3bamp%3bamp%3bamp%3bamp%3bref=ts\" \/>\n<meta property=\"article:published_time\" content=\"2022-08-21T18:43:46+00:00\" \/>\n<meta property=\"article:modified_time\" content=\"2022-08-21T18:43:47+00:00\" \/>\n<meta property=\"og:image\" content=\"http:\/\/autosdelpodio.com\/autos\/wp-content\/uploads\/2020\/04\/Logo_Turismo_Nacional.jpg\" \/>\n\t<meta property=\"og:image:width\" content=\"420\" \/>\n\t<meta property=\"og:image:height\" content=\"192\" \/>\n\t<meta property=\"og:image:type\" content=\"image\/jpeg\" \/>\n<meta name=\"author\" content=\"autosdelpodio\" \/>\n<meta name=\"twitter:card\" content=\"summary_large_image\" \/>\n<meta name=\"twitter:creator\" content=\"@autosdelpodio\" \/>\n<meta name=\"twitter:site\" content=\"@autosdelpodio\" \/>\n<meta name=\"twitter:label1\" content=\"Escrito por\" \/>\n\t<meta name=\"twitter:data1\" content=\"autosdelpodio\" \/>\n\t<meta name=\"twitter:label2\" content=\"Tiempo de lectura\" \/>\n\t<meta name=\"twitter:data2\" content=\"3 minutos\" \/>\n<script type=\"application\/ld+json\" class=\"yoast-schema-graph\">{\"@context\":\"https:\\\/\\\/schema.org\",\"@graph\":[{\"@type\":\"Article\",\"@id\":\"http:\\\/\\\/autosdelpodio.com\\\/autos\\\/triunfo-necesario-que-lo-pone-en-carrera\\\/#article\",\"isPartOf\":{\"@id\":\"http:\\\/\\\/autosdelpodio.com\\\/autos\\\/triunfo-necesario-que-lo-pone-en-carrera\\\/\"},\"author\":{\"name\":\"autosdelpodio\",\"@id\":\"http:\\\/\\\/autosdelpodio.com\\\/autos\\\/#\\\/schema\\\/person\\\/993527a4d01c3acdd3d6bce3770bc942\"},\"headline\":\"Triunfo necesario que lo pone en carrera\",\"datePublished\":\"2022-08-21T18:43:46+00:00\",\"dateModified\":\"2022-08-21T18:43:47+00:00\",\"mainEntityOfPage\":{\"@id\":\"http:\\\/\\\/autosdelpodio.com\\\/autos\\\/triunfo-necesario-que-lo-pone-en-carrera\\\/\"},\"wordCount\":442,\"commentCount\":0,\"publisher\":{\"@id\":\"http:\\\/\\\/autosdelpodio.com\\\/autos\\\/#organization\"},\"image\":{\"@id\":\"http:\\\/\\\/autosdelpodio.com\\\/autos\\\/triunfo-necesario-que-lo-pone-en-carrera\\\/#primaryimage\"},\"thumbnailUrl\":\"http:\\\/\\\/autosdelpodio.com\\\/autos\\\/wp-content\\\/uploads\\\/2020\\\/04\\\/Logo_Turismo_Nacional.jpg\",\"keywords\":[\"Clase 3\",\"Julian Santero\",\"San Nicol\u00e1s\",\"Toyota\",\"Turismo Nacional\"],\"articleSection\":[\"Recta Principal\",\"\u00daltimas noticias\"],\"inLanguage\":\"es\",\"potentialAction\":[{\"@type\":\"CommentAction\",\"name\":\"Comment\",\"target\":[\"http:\\\/\\\/autosdelpodio.com\\\/autos\\\/triunfo-necesario-que-lo-pone-en-carrera\\\/#respond\"]}]},{\"@type\":\"WebPage\",\"@id\":\"http:\\\/\\\/autosdelpodio.com\\\/autos\\\/triunfo-necesario-que-lo-pone-en-carrera\\\/\",\"url\":\"http:\\\/\\\/autosdelpodio.com\\\/autos\\\/triunfo-necesario-que-lo-pone-en-carrera\\\/\",\"name\":\"Autos del Podio | Triunfo necesario que lo pone en carrera\",\"isPartOf\":{\"@id\":\"http:\\\/\\\/autosdelpodio.com\\\/autos\\\/#website\"},\"primaryImageOfPage\":{\"@id\":\"http:\\\/\\\/autosdelpodio.com\\\/autos\\\/triunfo-necesario-que-lo-pone-en-carrera\\\/#primaryimage\"},\"image\":{\"@id\":\"http:\\\/\\\/autosdelpodio.com\\\/autos\\\/triunfo-necesario-que-lo-pone-en-carrera\\\/#primaryimage\"},\"thumbnailUrl\":\"http:\\\/\\\/autosdelpodio.com\\\/autos\\\/wp-content\\\/uploads\\\/2020\\\/04\\\/Logo_Turismo_Nacional.jpg\",\"datePublished\":\"2022-08-21T18:43:46+00:00\",\"dateModified\":\"2022-08-21T18:43:47+00:00\",\"description\":\"Autos del Podio 1-2 de Toyota en la Clase 3 del TN con Julian Santero a la vanguardia\",\"breadcrumb\":{\"@id\":\"http:\\\/\\\/autosdelpodio.com\\\/autos\\\/triunfo-necesario-que-lo-pone-en-carrera\\\/#breadcrumb\"},\"inLanguage\":\"es\",\"potentialAction\":[{\"@type\":\"ReadAction\",\"target\":[\"http:\\\/\\\/autosdelpodio.com\\\/autos\\\/triunfo-necesario-que-lo-pone-en-carrera\\\/\"]}]},{\"@type\":\"ImageObject\",\"inLanguage\":\"es\",\"@id\":\"http:\\\/\\\/autosdelpodio.com\\\/autos\\\/triunfo-necesario-que-lo-pone-en-carrera\\\/#primaryimage\",\"url\":\"http:\\\/\\\/autosdelpodio.com\\\/autos\\\/wp-content\\\/uploads\\\/2020\\\/04\\\/Logo_Turismo_Nacional.jpg\",\"contentUrl\":\"http:\\\/\\\/autosdelpodio.com\\\/autos\\\/wp-content\\\/uploads\\\/2020\\\/04\\\/Logo_Turismo_Nacional.jpg\",\"width\":420,\"height\":192},{\"@type\":\"BreadcrumbList\",\"@id\":\"http:\\\/\\\/autosdelpodio.com\\\/autos\\\/triunfo-necesario-que-lo-pone-en-carrera\\\/#breadcrumb\",\"itemListElement\":[{\"@type\":\"ListItem\",\"position\":1,\"name\":\"Portada\",\"item\":\"http:\\\/\\\/autosdelpodio.com\\\/autos\\\/\"},{\"@type\":\"ListItem\",\"position\":2,\"name\":\"Triunfo necesario que lo pone en carrera\"}]},{\"@type\":\"WebSite\",\"@id\":\"http:\\\/\\\/autosdelpodio.com\\\/autos\\\/#website\",\"url\":\"http:\\\/\\\/autosdelpodio.com\\\/autos\\\/\",\"name\":\"Autos del Podio\",\"description\":\"La sexta del deporte motor\",\"publisher\":{\"@id\":\"http:\\\/\\\/autosdelpodio.com\\\/autos\\\/#organization\"},\"potentialAction\":[{\"@type\":\"SearchAction\",\"target\":{\"@type\":\"EntryPoint\",\"urlTemplate\":\"http:\\\/\\\/autosdelpodio.com\\\/autos\\\/?s={search_term_string}\"},\"query-input\":{\"@type\":\"PropertyValueSpecification\",\"valueRequired\":true,\"valueName\":\"search_term_string\"}}],\"inLanguage\":\"es\"},{\"@type\":\"Organization\",\"@id\":\"http:\\\/\\\/autosdelpodio.com\\\/autos\\\/#organization\",\"name\":\"Autos del Podio\",\"url\":\"http:\\\/\\\/autosdelpodio.com\\\/autos\\\/\",\"logo\":{\"@type\":\"ImageObject\",\"inLanguage\":\"es\",\"@id\":\"http:\\\/\\\/autosdelpodio.com\\\/autos\\\/#\\\/schema\\\/logo\\\/image\\\/\",\"url\":\"http:\\\/\\\/autosdelpodio.com\\\/autos\\\/wp-content\\\/uploads\\\/2020\\\/08\\\/Logo_AR.jpg\",\"contentUrl\":\"http:\\\/\\\/autosdelpodio.com\\\/autos\\\/wp-content\\\/uploads\\\/2020\\\/08\\\/Logo_AR.jpg\",\"width\":1038,\"height\":1044,\"caption\":\"Autos del Podio\"},\"image\":{\"@id\":\"http:\\\/\\\/autosdelpodio.com\\\/autos\\\/#\\\/schema\\\/logo\\\/image\\\/\"},\"sameAs\":[\"https:\\\/\\\/www.facebook.com\\\/profile.php?id=100057192590976&amp;amp;amp;amp;amp;amp;amp;amp;amp;amp;amp;amp;amp;amp;amp;amp;amp;amp;ref=ts\",\"https:\\\/\\\/x.com\\\/autosdelpodio\",\"https:\\\/\\\/www.youtube.com\\\/user\\\/AutosdelPodio\"]},{\"@type\":\"Person\",\"@id\":\"http:\\\/\\\/autosdelpodio.com\\\/autos\\\/#\\\/schema\\\/person\\\/993527a4d01c3acdd3d6bce3770bc942\",\"name\":\"autosdelpodio\",\"image\":{\"@type\":\"ImageObject\",\"inLanguage\":\"es\",\"@id\":\"http:\\\/\\\/autosdelpodio.com\\\/autos\\\/wp-content\\\/litespeed\\\/avatar\\\/aa8f65cd201a80f6b844f63278aa84af.jpg?ver=1777403005\",\"url\":\"http:\\\/\\\/autosdelpodio.com\\\/autos\\\/wp-content\\\/litespeed\\\/avatar\\\/aa8f65cd201a80f6b844f63278aa84af.jpg?ver=1777403005\",\"contentUrl\":\"http:\\\/\\\/autosdelpodio.com\\\/autos\\\/wp-content\\\/litespeed\\\/avatar\\\/aa8f65cd201a80f6b844f63278aa84af.jpg?ver=1777403005\",\"caption\":\"autosdelpodio\"}}]}<\/script>\n<!-- \/ Yoast SEO plugin. -->","yoast_head_json":{"title":"Autos del Podio | Triunfo necesario que lo pone en carrera","description":"Autos del Podio 1-2 de Toyota en la Clase 3 del TN con Julian Santero a la vanguardia","robots":{"index":"index","follow":"follow","max-snippet":"max-snippet:-1","max-image-preview":"max-image-preview:large","max-video-preview":"max-video-preview:-1"},"canonical":"http:\/\/autosdelpodio.com\/autos\/triunfo-necesario-que-lo-pone-en-carrera\/","og_locale":"es_ES","og_type":"article","og_title":"Autos del Podio | Triunfo necesario que lo pone en carrera","og_description":"Autos del Podio 1-2 de Toyota en la Clase 3 del TN con Julian Santero a la vanguardia","og_url":"http:\/\/autosdelpodio.com\/autos\/triunfo-necesario-que-lo-pone-en-carrera\/","og_site_name":"Autos del Podio","article_publisher":"https:\/\/www.facebook.com\/profile.php?id=100057192590976&amp%3bamp%3bamp%3bamp%3bamp%3bamp%3bamp%3bamp%3bamp%3bamp%3bamp%3bamp%3bamp%3bamp%3bamp%3bamp%3bamp%3bamp%3bref=ts","article_published_time":"2022-08-21T18:43:46+00:00","article_modified_time":"2022-08-21T18:43:47+00:00","og_image":[{"width":420,"height":192,"url":"http:\/\/autosdelpodio.com\/autos\/wp-content\/uploads\/2020\/04\/Logo_Turismo_Nacional.jpg","type":"image\/jpeg"}],"author":"autosdelpodio","twitter_card":"summary_large_image","twitter_creator":"@autosdelpodio","twitter_site":"@autosdelpodio","twitter_misc":{"Escrito por":"autosdelpodio","Tiempo de lectura":"3 minutos"},"schema":{"@context":"https:\/\/schema.org","@graph":[{"@type":"Article","@id":"http:\/\/autosdelpodio.com\/autos\/triunfo-necesario-que-lo-pone-en-carrera\/#article","isPartOf":{"@id":"http:\/\/autosdelpodio.com\/autos\/triunfo-necesario-que-lo-pone-en-carrera\/"},"author":{"name":"autosdelpodio","@id":"http:\/\/autosdelpodio.com\/autos\/#\/schema\/person\/993527a4d01c3acdd3d6bce3770bc942"},"headline":"Triunfo necesario que lo pone en carrera","datePublished":"2022-08-21T18:43:46+00:00","dateModified":"2022-08-21T18:43:47+00:00","mainEntityOfPage":{"@id":"http:\/\/autosdelpodio.com\/autos\/triunfo-necesario-que-lo-pone-en-carrera\/"},"wordCount":442,"commentCount":0,"publisher":{"@id":"http:\/\/autosdelpodio.com\/autos\/#organization"},"image":{"@id":"http:\/\/autosdelpodio.com\/autos\/triunfo-necesario-que-lo-pone-en-carrera\/#primaryimage"},"thumbnailUrl":"http:\/\/autosdelpodio.com\/autos\/wp-content\/uploads\/2020\/04\/Logo_Turismo_Nacional.jpg","keywords":["Clase 3","Julian Santero","San Nicol\u00e1s","Toyota","Turismo Nacional"],"articleSection":["Recta Principal","\u00daltimas noticias"],"inLanguage":"es","potentialAction":[{"@type":"CommentAction","name":"Comment","target":["http:\/\/autosdelpodio.com\/autos\/triunfo-necesario-que-lo-pone-en-carrera\/#respond"]}]},{"@type":"WebPage","@id":"http:\/\/autosdelpodio.com\/autos\/triunfo-necesario-que-lo-pone-en-carrera\/","url":"http:\/\/autosdelpodio.com\/autos\/triunfo-necesario-que-lo-pone-en-carrera\/","name":"Autos del Podio | Triunfo necesario que lo pone en carrera","isPartOf":{"@id":"http:\/\/autosdelpodio.com\/autos\/#website"},"primaryImageOfPage":{"@id":"http:\/\/autosdelpodio.com\/autos\/triunfo-necesario-que-lo-pone-en-carrera\/#primaryimage"},"image":{"@id":"http:\/\/autosdelpodio.com\/autos\/triunfo-necesario-que-lo-pone-en-carrera\/#primaryimage"},"thumbnailUrl":"http:\/\/autosdelpodio.com\/autos\/wp-content\/uploads\/2020\/04\/Logo_Turismo_Nacional.jpg","datePublished":"2022-08-21T18:43:46+00:00","dateModified":"2022-08-21T18:43:47+00:00","description":"Autos del Podio 1-2 de Toyota en la Clase 3 del TN con Julian Santero a la vanguardia","breadcrumb":{"@id":"http:\/\/autosdelpodio.com\/autos\/triunfo-necesario-que-lo-pone-en-carrera\/#breadcrumb"},"inLanguage":"es","potentialAction":[{"@type":"ReadAction","target":["http:\/\/autosdelpodio.com\/autos\/triunfo-necesario-que-lo-pone-en-carrera\/"]}]},{"@type":"ImageObject","inLanguage":"es","@id":"http:\/\/autosdelpodio.com\/autos\/triunfo-necesario-que-lo-pone-en-carrera\/#primaryimage","url":"http:\/\/autosdelpodio.com\/autos\/wp-content\/uploads\/2020\/04\/Logo_Turismo_Nacional.jpg","contentUrl":"http:\/\/autosdelpodio.com\/autos\/wp-content\/uploads\/2020\/04\/Logo_Turismo_Nacional.jpg","width":420,"height":192},{"@type":"BreadcrumbList","@id":"http:\/\/autosdelpodio.com\/autos\/triunfo-necesario-que-lo-pone-en-carrera\/#breadcrumb","itemListElement":[{"@type":"ListItem","position":1,"name":"Portada","item":"http:\/\/autosdelpodio.com\/autos\/"},{"@type":"ListItem","position":2,"name":"Triunfo necesario que lo pone en carrera"}]},{"@type":"WebSite","@id":"http:\/\/autosdelpodio.com\/autos\/#website","url":"http:\/\/autosdelpodio.com\/autos\/","name":"Autos del Podio","description":"La sexta del deporte motor","publisher":{"@id":"http:\/\/autosdelpodio.com\/autos\/#organization"},"potentialAction":[{"@type":"SearchAction","target":{"@type":"EntryPoint","urlTemplate":"http:\/\/autosdelpodio.com\/autos\/?s={search_term_string}"},"query-input":{"@type":"PropertyValueSpecification","valueRequired":true,"valueName":"search_term_string"}}],"inLanguage":"es"},{"@type":"Organization","@id":"http:\/\/autosdelpodio.com\/autos\/#organization","name":"Autos del Podio","url":"http:\/\/autosdelpodio.com\/autos\/","logo":{"@type":"ImageObject","inLanguage":"es","@id":"http:\/\/autosdelpodio.com\/autos\/#\/schema\/logo\/image\/","url":"http:\/\/autosdelpodio.com\/autos\/wp-content\/uploads\/2020\/08\/Logo_AR.jpg","contentUrl":"http:\/\/autosdelpodio.com\/autos\/wp-content\/uploads\/2020\/08\/Logo_AR.jpg","width":1038,"height":1044,"caption":"Autos del Podio"},"image":{"@id":"http:\/\/autosdelpodio.com\/autos\/#\/schema\/logo\/image\/"},"sameAs":["https:\/\/www.facebook.com\/profile.php?id=100057192590976&amp;amp;amp;amp;amp;amp;amp;amp;amp;amp;amp;amp;amp;amp;amp;amp;amp;amp;ref=ts","https:\/\/x.com\/autosdelpodio","https:\/\/www.youtube.com\/user\/AutosdelPodio"]},{"@type":"Person","@id":"http:\/\/autosdelpodio.com\/autos\/#\/schema\/person\/993527a4d01c3acdd3d6bce3770bc942","name":"autosdelpodio","image":{"@type":"ImageObject","inLanguage":"es","@id":"http:\/\/autosdelpodio.com\/autos\/wp-content\/litespeed\/avatar\/aa8f65cd201a80f6b844f63278aa84af.jpg?ver=1777403005","url":"http:\/\/autosdelpodio.com\/autos\/wp-content\/litespeed\/avatar\/aa8f65cd201a80f6b844f63278aa84af.jpg?ver=1777403005","contentUrl":"http:\/\/autosdelpodio.com\/autos\/wp-content\/litespeed\/avatar\/aa8f65cd201a80f6b844f63278aa84af.jpg?ver=1777403005","caption":"autosdelpodio"}}]}},"views":486,"_links":{"self":[{"href":"http:\/\/autosdelpodio.com\/autos\/wp-json\/wp\/v2\/posts\/6118","targetHints":{"allow":["GET"]}}],"collection":[{"href":"http:\/\/autosdelpodio.com\/autos\/wp-json\/wp\/v2\/posts"}],"about":[{"href":"http:\/\/autosdelpodio.com\/autos\/wp-json\/wp\/v2\/types\/post"}],"author":[{"embeddable":true,"href":"http:\/\/autosdelpodio.com\/autos\/wp-json\/wp\/v2\/users\/3"}],"replies":[{"embeddable":true,"href":"http:\/\/autosdelpodio.com\/autos\/wp-json\/wp\/v2\/comments?post=6118"}],"version-history":[{"count":1,"href":"http:\/\/autosdelpodio.com\/autos\/wp-json\/wp\/v2\/posts\/6118\/revisions"}],"predecessor-version":[{"id":6119,"href":"http:\/\/autosdelpodio.com\/autos\/wp-json\/wp\/v2\/posts\/6118\/revisions\/6119"}],"wp:featuredmedia":[{"embeddable":true,"href":"http:\/\/autosdelpodio.com\/autos\/wp-json\/wp\/v2\/media\/1614"}],"wp:attachment":[{"href":"http:\/\/autosdelpodio.com\/autos\/wp-json\/wp\/v2\/media?parent=6118"}],"wp:term":[{"taxonomy":"category","embeddable":true,"href":"http:\/\/autosdelpodio.com\/autos\/wp-json\/wp\/v2\/categories?post=6118"},{"taxonomy":"post_tag","embeddable":true,"href":"http:\/\/autosdelpodio.com\/autos\/wp-json\/wp\/v2\/tags?post=6118"}],"curies":[{"name":"wp","href":"https:\/\/api.w.org\/{rel}","templated":true}]}}