{"id":6204,"date":"2022-09-18T19:07:25","date_gmt":"2022-09-18T22:07:25","guid":{"rendered":"http:\/\/autosdelpodio.com\/autos\/?p=6204"},"modified":"2022-09-18T19:07:27","modified_gmt":"2022-09-18T22:07:27","slug":"expreso-parana","status":"publish","type":"post","link":"http:\/\/autosdelpodio.com\/autos\/expreso-parana\/","title":{"rendered":"Expreso Paran\u00e1"},"content":{"rendered":"\n<p>El bicampe\u00f3n Mariano Werner consigui\u00f3 de punta a punta el triunfo habilitante para revalidar credenciales en la Copa de Oro del Turismo Carretera.Jos\u00e9 Manuel Urcera y Santiago Mangoni completaron el podio en el Rosendo Hern\u00e1ndez puntano.<br>Pese al incidente en la serie con Gast\u00f3n Mazzacane que lo retras\u00f3 para la final Agust\u00edn Canapino sigue siendo l\u00edder con 54,5 puntos. Al segundo lugar trep\u00f3 Urcera con 50 y en la tercera colocaci\u00f3n se prendi\u00f3 Werner con 47.<br>La pr\u00f3xima fecha ser\u00e1 el 9 de octubre el cual marcar\u00e1 el regreso de la categor\u00eda al Aut\u00f3dromo de Comodoro Rivadavia.<\/p>\n\n\n\n<p><strong>Final TC &#8211; San Luis &#8211; Fecha 11<\/strong><\/p>\n\n\n\n<figure class=\"wp-block-table\"><table><tbody><tr><td>1<\/td><td>1<\/td><td>WERNER MARIANO<\/td><td>FORD<\/td><td>25<\/td><td>41;12.663<\/td><td><\/td><\/tr><tr><td>2<\/td><td>231<\/td><td>URCERA JOS\u00c9 MANUEL<\/td><td>TORINO<\/td><td>25<\/td><td>41;14.009<\/td><td>1.346<\/td><\/tr><tr><td>3<\/td><td>28<\/td><td>MANGONI SANTIAGO<\/td><td>CHEVROLET<\/td><td>25<\/td><td>41;14.649<\/td><td>1.986<\/td><\/tr><tr><td>4<\/td><td>10<\/td><td>CASTELLANO JONATAN<\/td><td>DODGE<\/td><td>25<\/td><td>41;14.911<\/td><td>2.248<\/td><\/tr><tr><td>5<\/td><td>14<\/td><td>GINI ESTEBAN<\/td><td>TORINO<\/td><td>25<\/td><td>41;15.147<\/td><td>2.484<\/td><\/tr><tr><td>6<\/td><td>87<\/td><td>TRUCCO JUAN MART\u00cdN<\/td><td>DODGE<\/td><td>25<\/td><td>41;15.609<\/td><td>2.946<\/td><\/tr><tr><td>7<\/td><td>4<\/td><td>GIANINI JUAN PABLO<\/td><td>FORD<\/td><td>25<\/td><td>41;16.700<\/td><td>4.037<\/td><\/tr><tr><td>8<\/td><td>7<\/td><td>PERN\u00cdA LEONEL<\/td><td>TORINO<\/td><td>25<\/td><td>41;16.750<\/td><td>4.087<\/td><\/tr><tr><td>9<\/td><td>11<\/td><td>LEDESMA CHRISTIAN<\/td><td>CHEVROLET<\/td><td>25<\/td><td>41;16.858<\/td><td>4.195<\/td><\/tr><tr><td>10<\/td><td>19<\/td><td>MORIATIS EMANUEL<\/td><td>FORD<\/td><td>25<\/td><td>41;17.059<\/td><td>4.396<\/td><\/tr><tr><td>11<\/td><td>117<\/td><td>SPATARO EMILIANO<\/td><td>TORINO<\/td><td>25<\/td><td>41;17.533<\/td><td>4.870<\/td><\/tr><tr><td>12<\/td><td>229<\/td><td>PONCE DE LE\u00d3N GABRIEL<\/td><td>FORD<\/td><td>25<\/td><td>41;17.541<\/td><td>4.878<\/td><\/tr><tr><td>13<\/td><td>161<\/td><td>CANDELA KEVIN<\/td><td>FORD<\/td><td>25<\/td><td>41;18.348<\/td><td>5.685<\/td><\/tr><tr><td>14<\/td><td>5<\/td><td>DI PALMA LUIS JOS\u00c9<\/td><td>FORD<\/td><td>25<\/td><td>41;19.817<\/td><td>7.154<\/td><\/tr><tr><td>15<\/td><td>122<\/td><td>JAKOS ANDR\u00c9S<\/td><td>TOYOTA<\/td><td>25<\/td><td>41;20.001<\/td><td>7.338<\/td><\/tr><tr><td>16<\/td><td>129<\/td><td>TROSSET NICOL\u00c1S<\/td><td>FORD<\/td><td>25<\/td><td>41;20.871<\/td><td>8.208<\/td><\/tr><tr><td>17<\/td><td>83<\/td><td>ARDUSSO FACUNDO<\/td><td>TORINO<\/td><td>25<\/td><td>41;22.032<\/td><td>9.369<\/td><\/tr><tr><td>18<\/td><td>157<\/td><td>DE BENEDICTIS J. JUAN B.<\/td><td>FORD<\/td><td>25<\/td><td>41;22.156<\/td><td>9.493<\/td><\/tr><tr><td>19<\/td><td>25<\/td><td>EBARL\u00cdN JUAN JOS\u00c9<\/td><td>CHEVROLET<\/td><td>25<\/td><td>41;22.319<\/td><td>9.656<\/td><\/tr><tr><td>20<\/td><td>68<\/td><td>SANTERO JULI\u00c1N<\/td><td>FORD<\/td><td>25<\/td><td>41;23.029<\/td><td>10.366<\/td><\/tr><tr><td>21<\/td><td>3<\/td><td>CANAPINO AGUST\u00cdN<\/td><td>CHEVROLET<\/td><td>25<\/td><td>41;23.031<\/td><td>10.368<\/td><\/tr><tr><td>22<\/td><td>79<\/td><td>NOLESI MATH\u00cdAS<\/td><td>FORD<\/td><td>25<\/td><td>41;23.095<\/td><td>10.432<\/td><\/tr><tr><td>23<\/td><td>103<\/td><td>RAMOS CHRISTIAN IV\u00c1N<\/td><td>TORINO<\/td><td>25<\/td><td>41;23.653<\/td><td>10.990<\/td><\/tr><tr><td>24<\/td><td>101<\/td><td>UGALDE LIONEL<\/td><td>TORINO<\/td><td>25<\/td><td>41;24.269<\/td><td>11.606<\/td><\/tr><tr><td>25<\/td><td>53<\/td><td>CATAL\u00c1N MAGNI JUAN TOM\u00c1S<\/td><td>FORD<\/td><td>25<\/td><td>41;25.609<\/td><td>12.946<\/td><\/tr><tr><td>26<\/td><td>72<\/td><td>SERRANO MART\u00cdN<\/td><td>CHEVROLET<\/td><td>25<\/td><td>41;25.971<\/td><td>13.308<\/td><\/tr><tr><td>27<\/td><td>77<\/td><td>CARINELLI AUGUSTO<\/td><td>DODGE<\/td><td>25<\/td><td>41;28.499<\/td><td>15.836<\/td><\/tr><tr><td>28<\/td><td>114<\/td><td>FERRANTE GAST\u00d3N<\/td><td>TORINO<\/td><td>25<\/td><td>41;28.795<\/td><td>16.132<\/td><\/tr><tr><td>29<\/td><td>23<\/td><td>BONELLI NICOL\u00c1S<\/td><td>FORD<\/td><td>25<\/td><td>41;31.060<\/td><td>18.397<\/td><\/tr><tr><td>30<\/td><td>177<\/td><td>LONDERO AYRTON<\/td><td>TORINO<\/td><td>25<\/td><td>41;31.403<\/td><td>18.740<\/td><\/tr><tr><td>31<\/td><td>99<\/td><td>BRUNO JUAN MART\u00cdN<\/td><td>TORINO<\/td><td>25<\/td><td>41;37.808<\/td><td>25.145<\/td><\/tr><tr><td>32<\/td><td>9<\/td><td>AGRELO MARCELO<\/td><td>DODGE<\/td><td>24<\/td><td>39;37.370<\/td><td>1 VTA<\/td><\/tr><tr><td>33<\/td><td>56<\/td><td>TODINO GERM\u00c1N<\/td><td>TORINO<\/td><td>24<\/td><td>39;39.837<\/td><td>1 VTA<\/td><\/tr><tr><td>34<\/td><td>31<\/td><td>FONTANA NORBERTO<\/td><td>CHEVROLET<\/td><td>24<\/td><td>41;29.476<\/td><td>1 VTA<\/td><\/tr><tr><td>35<\/td><td>55<\/td><td>MULET LEANDRO<\/td><td>DODGE<\/td><td>23<\/td><td>41;20.519<\/td><td>2 VTAS<\/td><\/tr><tr><td>36<\/td><td>317<\/td><td>ROSSI MAT\u00cdAS<\/td><td>TOYOTA<\/td><td>23<\/td><td>41;27.993<\/td><td>2 VTAS<\/td><\/tr><tr><td>37<\/td><td>20<\/td><td>CIANTINI DIEGO<\/td><td>CHEVROLET<\/td><td>21<\/td><td>32;57.216<\/td><td>4 VTAS<\/td><\/tr><tr><td>38<\/td><td>54<\/td><td>COTIGNOLA NICOL\u00c1S<\/td><td>TORINO<\/td><td>20<\/td><td>32;07.330<\/td><td>5 VTAS<\/td><\/tr><tr><td>39<\/td><td>2<\/td><td>LAMBIRIS MAURICIO<\/td><td>FORD<\/td><td>19<\/td><td>29;25.733<\/td><td>6 VTAS<\/td><\/tr><tr><td>40<\/td><td>115<\/td><td>DE CARLO DIEGO<\/td><td>CHEVROLET<\/td><td>17<\/td><td>26;45.813<\/td><td>8 VTAS<\/td><\/tr><tr><td>41<\/td><td>75<\/td><td>ALAUX SERGIO<\/td><td>CHEVROLET<\/td><td>16<\/td><td>25;10.187<\/td><td>9 VTAS<\/td><\/tr><tr><td>42<\/td><td>96<\/td><td>BENVENUTI JUAN CRUZ<\/td><td>TORINO<\/td><td>10<\/td><td>16;27.376<\/td><td>15 VTAS<\/td><\/tr><tr><td>43<\/td><td>44<\/td><td>DELLA MOTTA FACUNDO<\/td><td>DODGE<\/td><td>8<\/td><td>12;43.795<\/td><td>17 VTAS<\/td><\/tr><tr><td>44<\/td><td>88<\/td><td>PONTE MART\u00cdN<\/td><td>CHEVROLET<\/td><td>7<\/td><td>11;27.306<\/td><td>18 VTAS<\/td><\/tr><tr><td>45<\/td><td>133<\/td><td>AGUIRRE VALENT\u00cdN<\/td><td>DODGE<\/td><td>5<\/td><td>07;58.866<\/td><td>20 VTAS<\/td><\/tr><tr><td>46<\/td><td>95<\/td><td>LANDA MARCOS<\/td><td>TORINO<\/td><td>5<\/td><td>07;53.686<\/td><td>20 VTAS<\/td><\/tr><tr><td>47<\/td><td>15<\/td><td>MAZZACANE GAST\u00d3N<\/td><td>CHEVROLET<\/td><td>3<\/td><td>04;48.338<\/td><td>22 VTAS<\/td><\/tr><tr><td>48<\/td><td>111<\/td><td>IRIBARNE FEDERICO<\/td><td>TORINO<\/td><td>2<\/td><td>03;36.068<\/td><td>23 VTAS<\/td><\/tr><tr><td>49<\/td><td>38<\/td><td>COSTANZO PABLO<\/td><td>TORINO<\/td><td>1<\/td><td>02;06.879<\/td><td>24 VTAS<\/td><\/tr><\/tbody><\/table><\/figure>\n","protected":false},"excerpt":{"rendered":"<p>El bicampe\u00f3n Mariano Werner consigui\u00f3 de punta a punta el triunfo habilitante para revalidar credenciales en la Copa de Oro<\/p>\n","protected":false},"author":3,"featured_media":34,"comment_status":"open","ping_status":"open","sticky":false,"template":"","format":"standard","meta":{"colormag_page_container_layout":"default_layout","colormag_page_sidebar_layout":"default_layout","footnotes":""},"categories":[6,5],"tags":[83,384,615,408,39],"class_list":["post-6204","post","type-post","status-publish","format-standard","has-post-thumbnail","hentry","category-newsflash","category-latest-news","tag-ford","tag-mariano-werner","tag-rosendo-hernandez","tag-san-luis","tag-turismo-carretera"],"yoast_head":"<!-- This site is optimized with the Yoast SEO plugin v27.5 - https:\/\/yoast.com\/product\/yoast-seo-wordpress\/ -->\n<title>Autos del Podio | Expreso Paran\u00e1<\/title>\n<meta name=\"description\" content=\"Autos del Podio Werner gan\u00f3 con Ford en San Luis en el inicio de los play off del TC\" \/>\n<meta name=\"robots\" content=\"index, follow, max-snippet:-1, max-image-preview:large, max-video-preview:-1\" \/>\n<link rel=\"canonical\" href=\"http:\/\/autosdelpodio.com\/autos\/expreso-parana\/\" \/>\n<meta property=\"og:locale\" content=\"es_ES\" \/>\n<meta property=\"og:type\" content=\"article\" \/>\n<meta property=\"og:title\" content=\"Autos del Podio | Expreso Paran\u00e1\" \/>\n<meta property=\"og:description\" content=\"Autos del Podio Werner gan\u00f3 con Ford en San Luis en el inicio de los play off del TC\" \/>\n<meta property=\"og:url\" content=\"http:\/\/autosdelpodio.com\/autos\/expreso-parana\/\" \/>\n<meta property=\"og:site_name\" content=\"Autos del Podio\" \/>\n<meta property=\"article:publisher\" content=\"https:\/\/www.facebook.com\/profile.php?id=100057192590976&amp;amp%3bamp%3bamp%3bamp%3bamp%3bamp%3bamp%3bamp%3bamp%3bamp%3bamp%3bamp%3bamp%3bamp%3bamp%3bamp%3bamp%3bamp%3bref=ts\" \/>\n<meta property=\"article:published_time\" content=\"2022-09-18T22:07:25+00:00\" \/>\n<meta property=\"article:modified_time\" content=\"2022-09-18T22:07:27+00:00\" \/>\n<meta property=\"og:image\" content=\"http:\/\/autosdelpodio.com\/autos\/wp-content\/uploads\/2010\/10\/fordnota.jpg\" \/>\n\t<meta property=\"og:image:width\" content=\"500\" \/>\n\t<meta property=\"og:image:height\" content=\"250\" \/>\n\t<meta property=\"og:image:type\" content=\"image\/jpeg\" \/>\n<meta name=\"author\" content=\"autosdelpodio\" \/>\n<meta name=\"twitter:card\" content=\"summary_large_image\" \/>\n<meta name=\"twitter:creator\" content=\"@autosdelpodio\" \/>\n<meta name=\"twitter:site\" content=\"@autosdelpodio\" \/>\n<meta name=\"twitter:label1\" content=\"Escrito por\" \/>\n\t<meta name=\"twitter:data1\" content=\"autosdelpodio\" \/>\n\t<meta name=\"twitter:label2\" content=\"Tiempo de lectura\" \/>\n\t<meta name=\"twitter:data2\" content=\"3 minutos\" \/>\n<script type=\"application\/ld+json\" class=\"yoast-schema-graph\">{\"@context\":\"https:\\\/\\\/schema.org\",\"@graph\":[{\"@type\":\"Article\",\"@id\":\"http:\\\/\\\/autosdelpodio.com\\\/autos\\\/expreso-parana\\\/#article\",\"isPartOf\":{\"@id\":\"http:\\\/\\\/autosdelpodio.com\\\/autos\\\/expreso-parana\\\/\"},\"author\":{\"name\":\"autosdelpodio\",\"@id\":\"http:\\\/\\\/autosdelpodio.com\\\/autos\\\/#\\\/schema\\\/person\\\/993527a4d01c3acdd3d6bce3770bc942\"},\"headline\":\"Expreso Paran\u00e1\",\"datePublished\":\"2022-09-18T22:07:25+00:00\",\"dateModified\":\"2022-09-18T22:07:27+00:00\",\"mainEntityOfPage\":{\"@id\":\"http:\\\/\\\/autosdelpodio.com\\\/autos\\\/expreso-parana\\\/\"},\"wordCount\":317,\"commentCount\":0,\"publisher\":{\"@id\":\"http:\\\/\\\/autosdelpodio.com\\\/autos\\\/#organization\"},\"image\":{\"@id\":\"http:\\\/\\\/autosdelpodio.com\\\/autos\\\/expreso-parana\\\/#primaryimage\"},\"thumbnailUrl\":\"http:\\\/\\\/autosdelpodio.com\\\/autos\\\/wp-content\\\/uploads\\\/2010\\\/10\\\/fordnota.jpg\",\"keywords\":[\"Ford\",\"Mariano Werner\",\"Rosendo Hernandez\",\"San Luis\",\"Turismo Carretera\"],\"articleSection\":[\"Destacado\",\"\u00daltimas noticias\"],\"inLanguage\":\"es\",\"potentialAction\":[{\"@type\":\"CommentAction\",\"name\":\"Comment\",\"target\":[\"http:\\\/\\\/autosdelpodio.com\\\/autos\\\/expreso-parana\\\/#respond\"]}]},{\"@type\":\"WebPage\",\"@id\":\"http:\\\/\\\/autosdelpodio.com\\\/autos\\\/expreso-parana\\\/\",\"url\":\"http:\\\/\\\/autosdelpodio.com\\\/autos\\\/expreso-parana\\\/\",\"name\":\"Autos del Podio | Expreso Paran\u00e1\",\"isPartOf\":{\"@id\":\"http:\\\/\\\/autosdelpodio.com\\\/autos\\\/#website\"},\"primaryImageOfPage\":{\"@id\":\"http:\\\/\\\/autosdelpodio.com\\\/autos\\\/expreso-parana\\\/#primaryimage\"},\"image\":{\"@id\":\"http:\\\/\\\/autosdelpodio.com\\\/autos\\\/expreso-parana\\\/#primaryimage\"},\"thumbnailUrl\":\"http:\\\/\\\/autosdelpodio.com\\\/autos\\\/wp-content\\\/uploads\\\/2010\\\/10\\\/fordnota.jpg\",\"datePublished\":\"2022-09-18T22:07:25+00:00\",\"dateModified\":\"2022-09-18T22:07:27+00:00\",\"description\":\"Autos del Podio Werner gan\u00f3 con Ford en San Luis en el inicio de los play off del TC\",\"breadcrumb\":{\"@id\":\"http:\\\/\\\/autosdelpodio.com\\\/autos\\\/expreso-parana\\\/#breadcrumb\"},\"inLanguage\":\"es\",\"potentialAction\":[{\"@type\":\"ReadAction\",\"target\":[\"http:\\\/\\\/autosdelpodio.com\\\/autos\\\/expreso-parana\\\/\"]}]},{\"@type\":\"ImageObject\",\"inLanguage\":\"es\",\"@id\":\"http:\\\/\\\/autosdelpodio.com\\\/autos\\\/expreso-parana\\\/#primaryimage\",\"url\":\"http:\\\/\\\/autosdelpodio.com\\\/autos\\\/wp-content\\\/uploads\\\/2010\\\/10\\\/fordnota.jpg\",\"contentUrl\":\"http:\\\/\\\/autosdelpodio.com\\\/autos\\\/wp-content\\\/uploads\\\/2010\\\/10\\\/fordnota.jpg\",\"width\":500,\"height\":250},{\"@type\":\"BreadcrumbList\",\"@id\":\"http:\\\/\\\/autosdelpodio.com\\\/autos\\\/expreso-parana\\\/#breadcrumb\",\"itemListElement\":[{\"@type\":\"ListItem\",\"position\":1,\"name\":\"Portada\",\"item\":\"http:\\\/\\\/autosdelpodio.com\\\/autos\\\/\"},{\"@type\":\"ListItem\",\"position\":2,\"name\":\"Expreso Paran\u00e1\"}]},{\"@type\":\"WebSite\",\"@id\":\"http:\\\/\\\/autosdelpodio.com\\\/autos\\\/#website\",\"url\":\"http:\\\/\\\/autosdelpodio.com\\\/autos\\\/\",\"name\":\"Autos del Podio\",\"description\":\"La sexta del deporte motor\",\"publisher\":{\"@id\":\"http:\\\/\\\/autosdelpodio.com\\\/autos\\\/#organization\"},\"potentialAction\":[{\"@type\":\"SearchAction\",\"target\":{\"@type\":\"EntryPoint\",\"urlTemplate\":\"http:\\\/\\\/autosdelpodio.com\\\/autos\\\/?s={search_term_string}\"},\"query-input\":{\"@type\":\"PropertyValueSpecification\",\"valueRequired\":true,\"valueName\":\"search_term_string\"}}],\"inLanguage\":\"es\"},{\"@type\":\"Organization\",\"@id\":\"http:\\\/\\\/autosdelpodio.com\\\/autos\\\/#organization\",\"name\":\"Autos del Podio\",\"url\":\"http:\\\/\\\/autosdelpodio.com\\\/autos\\\/\",\"logo\":{\"@type\":\"ImageObject\",\"inLanguage\":\"es\",\"@id\":\"http:\\\/\\\/autosdelpodio.com\\\/autos\\\/#\\\/schema\\\/logo\\\/image\\\/\",\"url\":\"http:\\\/\\\/autosdelpodio.com\\\/autos\\\/wp-content\\\/uploads\\\/2020\\\/08\\\/Logo_AR.jpg\",\"contentUrl\":\"http:\\\/\\\/autosdelpodio.com\\\/autos\\\/wp-content\\\/uploads\\\/2020\\\/08\\\/Logo_AR.jpg\",\"width\":1038,\"height\":1044,\"caption\":\"Autos del Podio\"},\"image\":{\"@id\":\"http:\\\/\\\/autosdelpodio.com\\\/autos\\\/#\\\/schema\\\/logo\\\/image\\\/\"},\"sameAs\":[\"https:\\\/\\\/www.facebook.com\\\/profile.php?id=100057192590976&amp;amp;amp;amp;amp;amp;amp;amp;amp;amp;amp;amp;amp;amp;amp;amp;amp;amp;ref=ts\",\"https:\\\/\\\/x.com\\\/autosdelpodio\",\"https:\\\/\\\/www.youtube.com\\\/user\\\/AutosdelPodio\"]},{\"@type\":\"Person\",\"@id\":\"http:\\\/\\\/autosdelpodio.com\\\/autos\\\/#\\\/schema\\\/person\\\/993527a4d01c3acdd3d6bce3770bc942\",\"name\":\"autosdelpodio\",\"image\":{\"@type\":\"ImageObject\",\"inLanguage\":\"es\",\"@id\":\"http:\\\/\\\/autosdelpodio.com\\\/autos\\\/wp-content\\\/litespeed\\\/avatar\\\/aa8f65cd201a80f6b844f63278aa84af.jpg?ver=1777403005\",\"url\":\"http:\\\/\\\/autosdelpodio.com\\\/autos\\\/wp-content\\\/litespeed\\\/avatar\\\/aa8f65cd201a80f6b844f63278aa84af.jpg?ver=1777403005\",\"contentUrl\":\"http:\\\/\\\/autosdelpodio.com\\\/autos\\\/wp-content\\\/litespeed\\\/avatar\\\/aa8f65cd201a80f6b844f63278aa84af.jpg?ver=1777403005\",\"caption\":\"autosdelpodio\"}}]}<\/script>\n<!-- \/ Yoast SEO plugin. -->","yoast_head_json":{"title":"Autos del Podio | Expreso Paran\u00e1","description":"Autos del Podio Werner gan\u00f3 con Ford en San Luis en el inicio de los play off del TC","robots":{"index":"index","follow":"follow","max-snippet":"max-snippet:-1","max-image-preview":"max-image-preview:large","max-video-preview":"max-video-preview:-1"},"canonical":"http:\/\/autosdelpodio.com\/autos\/expreso-parana\/","og_locale":"es_ES","og_type":"article","og_title":"Autos del Podio | Expreso Paran\u00e1","og_description":"Autos del Podio Werner gan\u00f3 con Ford en San Luis en el inicio de los play off del TC","og_url":"http:\/\/autosdelpodio.com\/autos\/expreso-parana\/","og_site_name":"Autos del Podio","article_publisher":"https:\/\/www.facebook.com\/profile.php?id=100057192590976&amp%3bamp%3bamp%3bamp%3bamp%3bamp%3bamp%3bamp%3bamp%3bamp%3bamp%3bamp%3bamp%3bamp%3bamp%3bamp%3bamp%3bamp%3bref=ts","article_published_time":"2022-09-18T22:07:25+00:00","article_modified_time":"2022-09-18T22:07:27+00:00","og_image":[{"width":500,"height":250,"url":"http:\/\/autosdelpodio.com\/autos\/wp-content\/uploads\/2010\/10\/fordnota.jpg","type":"image\/jpeg"}],"author":"autosdelpodio","twitter_card":"summary_large_image","twitter_creator":"@autosdelpodio","twitter_site":"@autosdelpodio","twitter_misc":{"Escrito por":"autosdelpodio","Tiempo de lectura":"3 minutos"},"schema":{"@context":"https:\/\/schema.org","@graph":[{"@type":"Article","@id":"http:\/\/autosdelpodio.com\/autos\/expreso-parana\/#article","isPartOf":{"@id":"http:\/\/autosdelpodio.com\/autos\/expreso-parana\/"},"author":{"name":"autosdelpodio","@id":"http:\/\/autosdelpodio.com\/autos\/#\/schema\/person\/993527a4d01c3acdd3d6bce3770bc942"},"headline":"Expreso Paran\u00e1","datePublished":"2022-09-18T22:07:25+00:00","dateModified":"2022-09-18T22:07:27+00:00","mainEntityOfPage":{"@id":"http:\/\/autosdelpodio.com\/autos\/expreso-parana\/"},"wordCount":317,"commentCount":0,"publisher":{"@id":"http:\/\/autosdelpodio.com\/autos\/#organization"},"image":{"@id":"http:\/\/autosdelpodio.com\/autos\/expreso-parana\/#primaryimage"},"thumbnailUrl":"http:\/\/autosdelpodio.com\/autos\/wp-content\/uploads\/2010\/10\/fordnota.jpg","keywords":["Ford","Mariano Werner","Rosendo Hernandez","San Luis","Turismo Carretera"],"articleSection":["Destacado","\u00daltimas noticias"],"inLanguage":"es","potentialAction":[{"@type":"CommentAction","name":"Comment","target":["http:\/\/autosdelpodio.com\/autos\/expreso-parana\/#respond"]}]},{"@type":"WebPage","@id":"http:\/\/autosdelpodio.com\/autos\/expreso-parana\/","url":"http:\/\/autosdelpodio.com\/autos\/expreso-parana\/","name":"Autos del Podio | Expreso Paran\u00e1","isPartOf":{"@id":"http:\/\/autosdelpodio.com\/autos\/#website"},"primaryImageOfPage":{"@id":"http:\/\/autosdelpodio.com\/autos\/expreso-parana\/#primaryimage"},"image":{"@id":"http:\/\/autosdelpodio.com\/autos\/expreso-parana\/#primaryimage"},"thumbnailUrl":"http:\/\/autosdelpodio.com\/autos\/wp-content\/uploads\/2010\/10\/fordnota.jpg","datePublished":"2022-09-18T22:07:25+00:00","dateModified":"2022-09-18T22:07:27+00:00","description":"Autos del Podio Werner gan\u00f3 con Ford en San Luis en el inicio de los play off del TC","breadcrumb":{"@id":"http:\/\/autosdelpodio.com\/autos\/expreso-parana\/#breadcrumb"},"inLanguage":"es","potentialAction":[{"@type":"ReadAction","target":["http:\/\/autosdelpodio.com\/autos\/expreso-parana\/"]}]},{"@type":"ImageObject","inLanguage":"es","@id":"http:\/\/autosdelpodio.com\/autos\/expreso-parana\/#primaryimage","url":"http:\/\/autosdelpodio.com\/autos\/wp-content\/uploads\/2010\/10\/fordnota.jpg","contentUrl":"http:\/\/autosdelpodio.com\/autos\/wp-content\/uploads\/2010\/10\/fordnota.jpg","width":500,"height":250},{"@type":"BreadcrumbList","@id":"http:\/\/autosdelpodio.com\/autos\/expreso-parana\/#breadcrumb","itemListElement":[{"@type":"ListItem","position":1,"name":"Portada","item":"http:\/\/autosdelpodio.com\/autos\/"},{"@type":"ListItem","position":2,"name":"Expreso Paran\u00e1"}]},{"@type":"WebSite","@id":"http:\/\/autosdelpodio.com\/autos\/#website","url":"http:\/\/autosdelpodio.com\/autos\/","name":"Autos del Podio","description":"La sexta del deporte motor","publisher":{"@id":"http:\/\/autosdelpodio.com\/autos\/#organization"},"potentialAction":[{"@type":"SearchAction","target":{"@type":"EntryPoint","urlTemplate":"http:\/\/autosdelpodio.com\/autos\/?s={search_term_string}"},"query-input":{"@type":"PropertyValueSpecification","valueRequired":true,"valueName":"search_term_string"}}],"inLanguage":"es"},{"@type":"Organization","@id":"http:\/\/autosdelpodio.com\/autos\/#organization","name":"Autos del Podio","url":"http:\/\/autosdelpodio.com\/autos\/","logo":{"@type":"ImageObject","inLanguage":"es","@id":"http:\/\/autosdelpodio.com\/autos\/#\/schema\/logo\/image\/","url":"http:\/\/autosdelpodio.com\/autos\/wp-content\/uploads\/2020\/08\/Logo_AR.jpg","contentUrl":"http:\/\/autosdelpodio.com\/autos\/wp-content\/uploads\/2020\/08\/Logo_AR.jpg","width":1038,"height":1044,"caption":"Autos del Podio"},"image":{"@id":"http:\/\/autosdelpodio.com\/autos\/#\/schema\/logo\/image\/"},"sameAs":["https:\/\/www.facebook.com\/profile.php?id=100057192590976&amp;amp;amp;amp;amp;amp;amp;amp;amp;amp;amp;amp;amp;amp;amp;amp;amp;amp;ref=ts","https:\/\/x.com\/autosdelpodio","https:\/\/www.youtube.com\/user\/AutosdelPodio"]},{"@type":"Person","@id":"http:\/\/autosdelpodio.com\/autos\/#\/schema\/person\/993527a4d01c3acdd3d6bce3770bc942","name":"autosdelpodio","image":{"@type":"ImageObject","inLanguage":"es","@id":"http:\/\/autosdelpodio.com\/autos\/wp-content\/litespeed\/avatar\/aa8f65cd201a80f6b844f63278aa84af.jpg?ver=1777403005","url":"http:\/\/autosdelpodio.com\/autos\/wp-content\/litespeed\/avatar\/aa8f65cd201a80f6b844f63278aa84af.jpg?ver=1777403005","contentUrl":"http:\/\/autosdelpodio.com\/autos\/wp-content\/litespeed\/avatar\/aa8f65cd201a80f6b844f63278aa84af.jpg?ver=1777403005","caption":"autosdelpodio"}}]}},"views":469,"_links":{"self":[{"href":"http:\/\/autosdelpodio.com\/autos\/wp-json\/wp\/v2\/posts\/6204","targetHints":{"allow":["GET"]}}],"collection":[{"href":"http:\/\/autosdelpodio.com\/autos\/wp-json\/wp\/v2\/posts"}],"about":[{"href":"http:\/\/autosdelpodio.com\/autos\/wp-json\/wp\/v2\/types\/post"}],"author":[{"embeddable":true,"href":"http:\/\/autosdelpodio.com\/autos\/wp-json\/wp\/v2\/users\/3"}],"replies":[{"embeddable":true,"href":"http:\/\/autosdelpodio.com\/autos\/wp-json\/wp\/v2\/comments?post=6204"}],"version-history":[{"count":1,"href":"http:\/\/autosdelpodio.com\/autos\/wp-json\/wp\/v2\/posts\/6204\/revisions"}],"predecessor-version":[{"id":6205,"href":"http:\/\/autosdelpodio.com\/autos\/wp-json\/wp\/v2\/posts\/6204\/revisions\/6205"}],"wp:featuredmedia":[{"embeddable":true,"href":"http:\/\/autosdelpodio.com\/autos\/wp-json\/wp\/v2\/media\/34"}],"wp:attachment":[{"href":"http:\/\/autosdelpodio.com\/autos\/wp-json\/wp\/v2\/media?parent=6204"}],"wp:term":[{"taxonomy":"category","embeddable":true,"href":"http:\/\/autosdelpodio.com\/autos\/wp-json\/wp\/v2\/categories?post=6204"},{"taxonomy":"post_tag","embeddable":true,"href":"http:\/\/autosdelpodio.com\/autos\/wp-json\/wp\/v2\/tags?post=6204"}],"curies":[{"name":"wp","href":"https:\/\/api.w.org\/{rel}","templated":true}]}}