{"id":6210,"date":"2022-09-21T17:18:35","date_gmt":"2022-09-21T20:18:35","guid":{"rendered":"http:\/\/autosdelpodio.com\/autos\/?p=6210"},"modified":"2022-09-21T20:53:14","modified_gmt":"2022-09-21T23:53:14","slug":"lanzamiento-regional-del-fiat-fastback","status":"publish","type":"post","link":"http:\/\/autosdelpodio.com\/autos\/lanzamiento-regional-del-fiat-fastback\/","title":{"rendered":"Lanzamiento regional del Fiat Fastback"},"content":{"rendered":"\n<p>Fiat, una marca de Stellantis, convoc\u00f3 a m\u00e1s de 300 concesionarios de toda Sudam\u00e9rica para presenciar el lanzamiento regional del Fiat Fastback que se realiz\u00f3 en el barrio porte\u00f1o de Puerto Madero. En la noche del 13 de septiembre se present\u00f3 el nuevo SUV de la marca en las instalaciones del Faena Art que cont\u00f3 con la participaci\u00f3n de Antonio Filosa, presidente de Stellantis para Latinoam\u00e9rica, Mart\u00edn Zuppi, presidente de Fiat, Jeep y RAM en Argentina y Fernando Varela, responsable de importadores de la regi\u00f3n andina y Am\u00e9rica Central, entre otros altos ejecutivos de la compa\u00f1\u00eda a nivel regional.<\/p>\n\n\n\n<p>El evento de la marca signific\u00f3 el lanzamiento comercial del Fastback para el mercado brasile\u00f1o y un&nbsp;<em>avant premiere<\/em>&nbsp;para los restantes mercados de Latinoam\u00e9rica. En Argentina el lanzamiento est\u00e1 previsto para los primeros meses del 2023.<\/p>\n","protected":false},"excerpt":{"rendered":"<p>Fiat, una marca de Stellantis, convoc\u00f3 a m\u00e1s de 300 concesionarios de toda Sudam\u00e9rica para presenciar el lanzamiento regional del<\/p>\n","protected":false},"author":3,"featured_media":6211,"comment_status":"open","ping_status":"open","sticky":false,"template":"","format":"standard","meta":{"colormag_page_container_layout":"default_layout","colormag_page_sidebar_layout":"default_layout","footnotes":""},"categories":[6,5],"tags":[41,32,291,35],"class_list":["post-6210","post","type-post","status-publish","format-standard","has-post-thumbnail","hentry","category-newsflash","category-latest-news","tag-fiat","tag-industria-automotriz","tag-lanzamientos","tag-republica-argentina"],"yoast_head":"<!-- This site is optimized with the Yoast SEO plugin v27.5 - https:\/\/yoast.com\/product\/yoast-seo-wordpress\/ -->\n<title>Autos del Podio | Lanzamiento regional del Fiat Fastback<\/title>\n<meta name=\"description\" content=\"Autos del Podio Los concesionarios de Sudam\u00e9rica participaron del lanzamiento regional del nuevo SUV de la marca italiana que se realiz\u00f3 en Buenos Aires los d\u00edas 13 y 14 de septiembre.\" \/>\n<meta name=\"robots\" content=\"index, follow, max-snippet:-1, max-image-preview:large, max-video-preview:-1\" \/>\n<link rel=\"canonical\" href=\"http:\/\/autosdelpodio.com\/autos\/lanzamiento-regional-del-fiat-fastback\/\" \/>\n<meta property=\"og:locale\" content=\"es_ES\" \/>\n<meta property=\"og:type\" content=\"article\" \/>\n<meta property=\"og:title\" content=\"Autos del Podio | Lanzamiento regional del Fiat Fastback\" \/>\n<meta property=\"og:description\" content=\"Autos del Podio Los concesionarios de Sudam\u00e9rica participaron del lanzamiento regional del nuevo SUV de la marca italiana que se realiz\u00f3 en Buenos Aires los d\u00edas 13 y 14 de septiembre.\" \/>\n<meta property=\"og:url\" content=\"http:\/\/autosdelpodio.com\/autos\/lanzamiento-regional-del-fiat-fastback\/\" \/>\n<meta property=\"og:site_name\" content=\"Autos del Podio\" \/>\n<meta property=\"article:publisher\" content=\"https:\/\/www.facebook.com\/profile.php?id=100057192590976&amp;amp%3bamp%3bamp%3bamp%3bamp%3bamp%3bamp%3bamp%3bamp%3bamp%3bamp%3bamp%3bamp%3bamp%3bamp%3bamp%3bamp%3bamp%3bref=ts\" \/>\n<meta property=\"article:published_time\" content=\"2022-09-21T20:18:35+00:00\" \/>\n<meta property=\"article:modified_time\" content=\"2022-09-21T23:53:14+00:00\" \/>\n<meta property=\"og:image\" content=\"http:\/\/autosdelpodio.com\/autos\/wp-content\/uploads\/2022\/09\/Fiat_Fatsback.jpg\" \/>\n\t<meta property=\"og:image:width\" content=\"500\" \/>\n\t<meta property=\"og:image:height\" content=\"325\" \/>\n\t<meta property=\"og:image:type\" content=\"image\/jpeg\" \/>\n<meta name=\"author\" content=\"autosdelpodio\" \/>\n<meta name=\"twitter:card\" content=\"summary_large_image\" \/>\n<meta name=\"twitter:creator\" content=\"@autosdelpodio\" \/>\n<meta name=\"twitter:site\" content=\"@autosdelpodio\" \/>\n<meta name=\"twitter:label1\" content=\"Escrito por\" \/>\n\t<meta name=\"twitter:data1\" content=\"autosdelpodio\" \/>\n\t<meta name=\"twitter:label2\" content=\"Tiempo de lectura\" \/>\n\t<meta name=\"twitter:data2\" content=\"1 minuto\" \/>\n<script type=\"application\/ld+json\" class=\"yoast-schema-graph\">{\"@context\":\"https:\\\/\\\/schema.org\",\"@graph\":[{\"@type\":\"Article\",\"@id\":\"http:\\\/\\\/autosdelpodio.com\\\/autos\\\/lanzamiento-regional-del-fiat-fastback\\\/#article\",\"isPartOf\":{\"@id\":\"http:\\\/\\\/autosdelpodio.com\\\/autos\\\/lanzamiento-regional-del-fiat-fastback\\\/\"},\"author\":{\"name\":\"autosdelpodio\",\"@id\":\"http:\\\/\\\/autosdelpodio.com\\\/autos\\\/#\\\/schema\\\/person\\\/993527a4d01c3acdd3d6bce3770bc942\"},\"headline\":\"Lanzamiento regional del Fiat Fastback\",\"datePublished\":\"2022-09-21T20:18:35+00:00\",\"dateModified\":\"2022-09-21T23:53:14+00:00\",\"mainEntityOfPage\":{\"@id\":\"http:\\\/\\\/autosdelpodio.com\\\/autos\\\/lanzamiento-regional-del-fiat-fastback\\\/\"},\"wordCount\":151,\"commentCount\":0,\"publisher\":{\"@id\":\"http:\\\/\\\/autosdelpodio.com\\\/autos\\\/#organization\"},\"image\":{\"@id\":\"http:\\\/\\\/autosdelpodio.com\\\/autos\\\/lanzamiento-regional-del-fiat-fastback\\\/#primaryimage\"},\"thumbnailUrl\":\"http:\\\/\\\/autosdelpodio.com\\\/autos\\\/wp-content\\\/uploads\\\/2022\\\/09\\\/Fiat_Fatsback.jpg\",\"keywords\":[\"Fiat\",\"Industria Automotriz\",\"Lanzamientos\",\"Republica Argentina\"],\"articleSection\":[\"Destacado\",\"\u00daltimas noticias\"],\"inLanguage\":\"es\",\"potentialAction\":[{\"@type\":\"CommentAction\",\"name\":\"Comment\",\"target\":[\"http:\\\/\\\/autosdelpodio.com\\\/autos\\\/lanzamiento-regional-del-fiat-fastback\\\/#respond\"]}]},{\"@type\":\"WebPage\",\"@id\":\"http:\\\/\\\/autosdelpodio.com\\\/autos\\\/lanzamiento-regional-del-fiat-fastback\\\/\",\"url\":\"http:\\\/\\\/autosdelpodio.com\\\/autos\\\/lanzamiento-regional-del-fiat-fastback\\\/\",\"name\":\"Autos del Podio | Lanzamiento regional del Fiat Fastback\",\"isPartOf\":{\"@id\":\"http:\\\/\\\/autosdelpodio.com\\\/autos\\\/#website\"},\"primaryImageOfPage\":{\"@id\":\"http:\\\/\\\/autosdelpodio.com\\\/autos\\\/lanzamiento-regional-del-fiat-fastback\\\/#primaryimage\"},\"image\":{\"@id\":\"http:\\\/\\\/autosdelpodio.com\\\/autos\\\/lanzamiento-regional-del-fiat-fastback\\\/#primaryimage\"},\"thumbnailUrl\":\"http:\\\/\\\/autosdelpodio.com\\\/autos\\\/wp-content\\\/uploads\\\/2022\\\/09\\\/Fiat_Fatsback.jpg\",\"datePublished\":\"2022-09-21T20:18:35+00:00\",\"dateModified\":\"2022-09-21T23:53:14+00:00\",\"description\":\"Autos del Podio Los concesionarios de Sudam\u00e9rica participaron del lanzamiento regional del nuevo SUV de la marca italiana que se realiz\u00f3 en Buenos Aires los d\u00edas 13 y 14 de septiembre.\",\"breadcrumb\":{\"@id\":\"http:\\\/\\\/autosdelpodio.com\\\/autos\\\/lanzamiento-regional-del-fiat-fastback\\\/#breadcrumb\"},\"inLanguage\":\"es\",\"potentialAction\":[{\"@type\":\"ReadAction\",\"target\":[\"http:\\\/\\\/autosdelpodio.com\\\/autos\\\/lanzamiento-regional-del-fiat-fastback\\\/\"]}]},{\"@type\":\"ImageObject\",\"inLanguage\":\"es\",\"@id\":\"http:\\\/\\\/autosdelpodio.com\\\/autos\\\/lanzamiento-regional-del-fiat-fastback\\\/#primaryimage\",\"url\":\"http:\\\/\\\/autosdelpodio.com\\\/autos\\\/wp-content\\\/uploads\\\/2022\\\/09\\\/Fiat_Fatsback.jpg\",\"contentUrl\":\"http:\\\/\\\/autosdelpodio.com\\\/autos\\\/wp-content\\\/uploads\\\/2022\\\/09\\\/Fiat_Fatsback.jpg\",\"width\":500,\"height\":325},{\"@type\":\"BreadcrumbList\",\"@id\":\"http:\\\/\\\/autosdelpodio.com\\\/autos\\\/lanzamiento-regional-del-fiat-fastback\\\/#breadcrumb\",\"itemListElement\":[{\"@type\":\"ListItem\",\"position\":1,\"name\":\"Portada\",\"item\":\"http:\\\/\\\/autosdelpodio.com\\\/autos\\\/\"},{\"@type\":\"ListItem\",\"position\":2,\"name\":\"Lanzamiento regional del Fiat Fastback\"}]},{\"@type\":\"WebSite\",\"@id\":\"http:\\\/\\\/autosdelpodio.com\\\/autos\\\/#website\",\"url\":\"http:\\\/\\\/autosdelpodio.com\\\/autos\\\/\",\"name\":\"Autos del Podio\",\"description\":\"La sexta del deporte motor\",\"publisher\":{\"@id\":\"http:\\\/\\\/autosdelpodio.com\\\/autos\\\/#organization\"},\"potentialAction\":[{\"@type\":\"SearchAction\",\"target\":{\"@type\":\"EntryPoint\",\"urlTemplate\":\"http:\\\/\\\/autosdelpodio.com\\\/autos\\\/?s={search_term_string}\"},\"query-input\":{\"@type\":\"PropertyValueSpecification\",\"valueRequired\":true,\"valueName\":\"search_term_string\"}}],\"inLanguage\":\"es\"},{\"@type\":\"Organization\",\"@id\":\"http:\\\/\\\/autosdelpodio.com\\\/autos\\\/#organization\",\"name\":\"Autos del Podio\",\"url\":\"http:\\\/\\\/autosdelpodio.com\\\/autos\\\/\",\"logo\":{\"@type\":\"ImageObject\",\"inLanguage\":\"es\",\"@id\":\"http:\\\/\\\/autosdelpodio.com\\\/autos\\\/#\\\/schema\\\/logo\\\/image\\\/\",\"url\":\"http:\\\/\\\/autosdelpodio.com\\\/autos\\\/wp-content\\\/uploads\\\/2020\\\/08\\\/Logo_AR.jpg\",\"contentUrl\":\"http:\\\/\\\/autosdelpodio.com\\\/autos\\\/wp-content\\\/uploads\\\/2020\\\/08\\\/Logo_AR.jpg\",\"width\":1038,\"height\":1044,\"caption\":\"Autos del Podio\"},\"image\":{\"@id\":\"http:\\\/\\\/autosdelpodio.com\\\/autos\\\/#\\\/schema\\\/logo\\\/image\\\/\"},\"sameAs\":[\"https:\\\/\\\/www.facebook.com\\\/profile.php?id=100057192590976&amp;amp;amp;amp;amp;amp;amp;amp;amp;amp;amp;amp;amp;amp;amp;amp;amp;amp;ref=ts\",\"https:\\\/\\\/x.com\\\/autosdelpodio\",\"https:\\\/\\\/www.youtube.com\\\/user\\\/AutosdelPodio\"]},{\"@type\":\"Person\",\"@id\":\"http:\\\/\\\/autosdelpodio.com\\\/autos\\\/#\\\/schema\\\/person\\\/993527a4d01c3acdd3d6bce3770bc942\",\"name\":\"autosdelpodio\",\"image\":{\"@type\":\"ImageObject\",\"inLanguage\":\"es\",\"@id\":\"http:\\\/\\\/autosdelpodio.com\\\/autos\\\/wp-content\\\/litespeed\\\/avatar\\\/aa8f65cd201a80f6b844f63278aa84af.jpg?ver=1777403005\",\"url\":\"http:\\\/\\\/autosdelpodio.com\\\/autos\\\/wp-content\\\/litespeed\\\/avatar\\\/aa8f65cd201a80f6b844f63278aa84af.jpg?ver=1777403005\",\"contentUrl\":\"http:\\\/\\\/autosdelpodio.com\\\/autos\\\/wp-content\\\/litespeed\\\/avatar\\\/aa8f65cd201a80f6b844f63278aa84af.jpg?ver=1777403005\",\"caption\":\"autosdelpodio\"}}]}<\/script>\n<!-- \/ Yoast SEO plugin. -->","yoast_head_json":{"title":"Autos del Podio | Lanzamiento regional del Fiat Fastback","description":"Autos del Podio Los concesionarios de Sudam\u00e9rica participaron del lanzamiento regional del nuevo SUV de la marca italiana que se realiz\u00f3 en Buenos Aires los d\u00edas 13 y 14 de septiembre.","robots":{"index":"index","follow":"follow","max-snippet":"max-snippet:-1","max-image-preview":"max-image-preview:large","max-video-preview":"max-video-preview:-1"},"canonical":"http:\/\/autosdelpodio.com\/autos\/lanzamiento-regional-del-fiat-fastback\/","og_locale":"es_ES","og_type":"article","og_title":"Autos del Podio | Lanzamiento regional del Fiat Fastback","og_description":"Autos del Podio Los concesionarios de Sudam\u00e9rica participaron del lanzamiento regional del nuevo SUV de la marca italiana que se realiz\u00f3 en Buenos Aires los d\u00edas 13 y 14 de septiembre.","og_url":"http:\/\/autosdelpodio.com\/autos\/lanzamiento-regional-del-fiat-fastback\/","og_site_name":"Autos del Podio","article_publisher":"https:\/\/www.facebook.com\/profile.php?id=100057192590976&amp%3bamp%3bamp%3bamp%3bamp%3bamp%3bamp%3bamp%3bamp%3bamp%3bamp%3bamp%3bamp%3bamp%3bamp%3bamp%3bamp%3bamp%3bref=ts","article_published_time":"2022-09-21T20:18:35+00:00","article_modified_time":"2022-09-21T23:53:14+00:00","og_image":[{"width":500,"height":325,"url":"http:\/\/autosdelpodio.com\/autos\/wp-content\/uploads\/2022\/09\/Fiat_Fatsback.jpg","type":"image\/jpeg"}],"author":"autosdelpodio","twitter_card":"summary_large_image","twitter_creator":"@autosdelpodio","twitter_site":"@autosdelpodio","twitter_misc":{"Escrito por":"autosdelpodio","Tiempo de lectura":"1 minuto"},"schema":{"@context":"https:\/\/schema.org","@graph":[{"@type":"Article","@id":"http:\/\/autosdelpodio.com\/autos\/lanzamiento-regional-del-fiat-fastback\/#article","isPartOf":{"@id":"http:\/\/autosdelpodio.com\/autos\/lanzamiento-regional-del-fiat-fastback\/"},"author":{"name":"autosdelpodio","@id":"http:\/\/autosdelpodio.com\/autos\/#\/schema\/person\/993527a4d01c3acdd3d6bce3770bc942"},"headline":"Lanzamiento regional del Fiat Fastback","datePublished":"2022-09-21T20:18:35+00:00","dateModified":"2022-09-21T23:53:14+00:00","mainEntityOfPage":{"@id":"http:\/\/autosdelpodio.com\/autos\/lanzamiento-regional-del-fiat-fastback\/"},"wordCount":151,"commentCount":0,"publisher":{"@id":"http:\/\/autosdelpodio.com\/autos\/#organization"},"image":{"@id":"http:\/\/autosdelpodio.com\/autos\/lanzamiento-regional-del-fiat-fastback\/#primaryimage"},"thumbnailUrl":"http:\/\/autosdelpodio.com\/autos\/wp-content\/uploads\/2022\/09\/Fiat_Fatsback.jpg","keywords":["Fiat","Industria Automotriz","Lanzamientos","Republica Argentina"],"articleSection":["Destacado","\u00daltimas noticias"],"inLanguage":"es","potentialAction":[{"@type":"CommentAction","name":"Comment","target":["http:\/\/autosdelpodio.com\/autos\/lanzamiento-regional-del-fiat-fastback\/#respond"]}]},{"@type":"WebPage","@id":"http:\/\/autosdelpodio.com\/autos\/lanzamiento-regional-del-fiat-fastback\/","url":"http:\/\/autosdelpodio.com\/autos\/lanzamiento-regional-del-fiat-fastback\/","name":"Autos del Podio | Lanzamiento regional del Fiat Fastback","isPartOf":{"@id":"http:\/\/autosdelpodio.com\/autos\/#website"},"primaryImageOfPage":{"@id":"http:\/\/autosdelpodio.com\/autos\/lanzamiento-regional-del-fiat-fastback\/#primaryimage"},"image":{"@id":"http:\/\/autosdelpodio.com\/autos\/lanzamiento-regional-del-fiat-fastback\/#primaryimage"},"thumbnailUrl":"http:\/\/autosdelpodio.com\/autos\/wp-content\/uploads\/2022\/09\/Fiat_Fatsback.jpg","datePublished":"2022-09-21T20:18:35+00:00","dateModified":"2022-09-21T23:53:14+00:00","description":"Autos del Podio Los concesionarios de Sudam\u00e9rica participaron del lanzamiento regional del nuevo SUV de la marca italiana que se realiz\u00f3 en Buenos Aires los d\u00edas 13 y 14 de septiembre.","breadcrumb":{"@id":"http:\/\/autosdelpodio.com\/autos\/lanzamiento-regional-del-fiat-fastback\/#breadcrumb"},"inLanguage":"es","potentialAction":[{"@type":"ReadAction","target":["http:\/\/autosdelpodio.com\/autos\/lanzamiento-regional-del-fiat-fastback\/"]}]},{"@type":"ImageObject","inLanguage":"es","@id":"http:\/\/autosdelpodio.com\/autos\/lanzamiento-regional-del-fiat-fastback\/#primaryimage","url":"http:\/\/autosdelpodio.com\/autos\/wp-content\/uploads\/2022\/09\/Fiat_Fatsback.jpg","contentUrl":"http:\/\/autosdelpodio.com\/autos\/wp-content\/uploads\/2022\/09\/Fiat_Fatsback.jpg","width":500,"height":325},{"@type":"BreadcrumbList","@id":"http:\/\/autosdelpodio.com\/autos\/lanzamiento-regional-del-fiat-fastback\/#breadcrumb","itemListElement":[{"@type":"ListItem","position":1,"name":"Portada","item":"http:\/\/autosdelpodio.com\/autos\/"},{"@type":"ListItem","position":2,"name":"Lanzamiento regional del Fiat Fastback"}]},{"@type":"WebSite","@id":"http:\/\/autosdelpodio.com\/autos\/#website","url":"http:\/\/autosdelpodio.com\/autos\/","name":"Autos del Podio","description":"La sexta del deporte motor","publisher":{"@id":"http:\/\/autosdelpodio.com\/autos\/#organization"},"potentialAction":[{"@type":"SearchAction","target":{"@type":"EntryPoint","urlTemplate":"http:\/\/autosdelpodio.com\/autos\/?s={search_term_string}"},"query-input":{"@type":"PropertyValueSpecification","valueRequired":true,"valueName":"search_term_string"}}],"inLanguage":"es"},{"@type":"Organization","@id":"http:\/\/autosdelpodio.com\/autos\/#organization","name":"Autos del Podio","url":"http:\/\/autosdelpodio.com\/autos\/","logo":{"@type":"ImageObject","inLanguage":"es","@id":"http:\/\/autosdelpodio.com\/autos\/#\/schema\/logo\/image\/","url":"http:\/\/autosdelpodio.com\/autos\/wp-content\/uploads\/2020\/08\/Logo_AR.jpg","contentUrl":"http:\/\/autosdelpodio.com\/autos\/wp-content\/uploads\/2020\/08\/Logo_AR.jpg","width":1038,"height":1044,"caption":"Autos del Podio"},"image":{"@id":"http:\/\/autosdelpodio.com\/autos\/#\/schema\/logo\/image\/"},"sameAs":["https:\/\/www.facebook.com\/profile.php?id=100057192590976&amp;amp;amp;amp;amp;amp;amp;amp;amp;amp;amp;amp;amp;amp;amp;amp;amp;amp;ref=ts","https:\/\/x.com\/autosdelpodio","https:\/\/www.youtube.com\/user\/AutosdelPodio"]},{"@type":"Person","@id":"http:\/\/autosdelpodio.com\/autos\/#\/schema\/person\/993527a4d01c3acdd3d6bce3770bc942","name":"autosdelpodio","image":{"@type":"ImageObject","inLanguage":"es","@id":"http:\/\/autosdelpodio.com\/autos\/wp-content\/litespeed\/avatar\/aa8f65cd201a80f6b844f63278aa84af.jpg?ver=1777403005","url":"http:\/\/autosdelpodio.com\/autos\/wp-content\/litespeed\/avatar\/aa8f65cd201a80f6b844f63278aa84af.jpg?ver=1777403005","contentUrl":"http:\/\/autosdelpodio.com\/autos\/wp-content\/litespeed\/avatar\/aa8f65cd201a80f6b844f63278aa84af.jpg?ver=1777403005","caption":"autosdelpodio"}}]}},"views":430,"_links":{"self":[{"href":"http:\/\/autosdelpodio.com\/autos\/wp-json\/wp\/v2\/posts\/6210","targetHints":{"allow":["GET"]}}],"collection":[{"href":"http:\/\/autosdelpodio.com\/autos\/wp-json\/wp\/v2\/posts"}],"about":[{"href":"http:\/\/autosdelpodio.com\/autos\/wp-json\/wp\/v2\/types\/post"}],"author":[{"embeddable":true,"href":"http:\/\/autosdelpodio.com\/autos\/wp-json\/wp\/v2\/users\/3"}],"replies":[{"embeddable":true,"href":"http:\/\/autosdelpodio.com\/autos\/wp-json\/wp\/v2\/comments?post=6210"}],"version-history":[{"count":1,"href":"http:\/\/autosdelpodio.com\/autos\/wp-json\/wp\/v2\/posts\/6210\/revisions"}],"predecessor-version":[{"id":6212,"href":"http:\/\/autosdelpodio.com\/autos\/wp-json\/wp\/v2\/posts\/6210\/revisions\/6212"}],"wp:featuredmedia":[{"embeddable":true,"href":"http:\/\/autosdelpodio.com\/autos\/wp-json\/wp\/v2\/media\/6211"}],"wp:attachment":[{"href":"http:\/\/autosdelpodio.com\/autos\/wp-json\/wp\/v2\/media?parent=6210"}],"wp:term":[{"taxonomy":"category","embeddable":true,"href":"http:\/\/autosdelpodio.com\/autos\/wp-json\/wp\/v2\/categories?post=6210"},{"taxonomy":"post_tag","embeddable":true,"href":"http:\/\/autosdelpodio.com\/autos\/wp-json\/wp\/v2\/tags?post=6210"}],"curies":[{"name":"wp","href":"https:\/\/api.w.org\/{rel}","templated":true}]}}