{"id":6218,"date":"2022-09-22T16:23:29","date_gmt":"2022-09-22T19:23:29","guid":{"rendered":"http:\/\/autosdelpodio.com\/autos\/?p=6218"},"modified":"2022-09-22T18:16:30","modified_gmt":"2022-09-22T21:16:30","slug":"iveco-anuncio-el-lanzamiento-del-primer-bus-a-gnc-fabricado-en-argentina","status":"publish","type":"post","link":"http:\/\/autosdelpodio.com\/autos\/iveco-anuncio-el-lanzamiento-del-primer-bus-a-gnc-fabricado-en-argentina\/","title":{"rendered":"IVECO anunci\u00f3 el lanzamiento del primer BUS a GNC fabricado en Argentina"},"content":{"rendered":"\n<p>IVECO, marca perteneciente a Iveco Group, afirma su compromiso con la producci\u00f3n sustentable y el cuidado del ambiente a trav\u00e9s de la presentaci\u00f3n de un nuevo veh\u00edculo propulsado por energ\u00eda limpia. Para celebrar la Semana de la Movilidad Sustentable, la firma realiz\u00f3 un evento en la planta que posee en C\u00f3rdoba en el que se realiz\u00f3 el lanzamiento del primer bus a GNC fabricado en el pa\u00eds.<\/p>\n\n\n\n<p>Las acciones de IVECO vinculadas con la sustentabilidad siguen creciendo y es por eso que la familia Natural Power incorpora un nuevo integrante.&nbsp;<em>\u201cEn 2019 marcamos un hito en Argentina con el lanzamiento de la familia Natural Power. En 2020 empezamos con la producci\u00f3n nacional del Tector a GNC y hoy nos posicionamos como la marca que m\u00e1s apuesta por la comercializaci\u00f3n de soluciones limpias y sustentables para nuestros clientes, con un portfolio de productos que se ajusta a cada necesidad\u201d<\/em>, coment\u00f3 Santos Doncel Jones, presidente de Iveco Group Argentina.<\/p>\n\n\n\n<p><strong>Contin\u00faa la apuesta por la producci\u00f3n nacional<\/strong><br>El chasis del Bus 170G21 que se suma a la familia Natural Power ser\u00e1 fabricado \u00edntegramente en la planta que la firma posee en C\u00f3rdoba.<\/p>\n\n\n\n<p>El veh\u00edculo tendr\u00e1 entonces una capacidad para 48 pasajeros, con una gran comodidad, y est\u00e1 pensado para transporte urbano e interurbano de corta y media distancia, segmento donde se concentra actualmente el mercado de buses en Argentina.<\/p>\n\n\n\n<p>Con un motor FPT Industrial NEF de 6 cilindros de GNC y una capacidad de 80 litros cada tubo, cuenta con una autonom\u00eda de 250 km. El 170G21 alcanza una potencia m\u00e1xima de 204 hp y posee un torque de 760 Nm, logrando una velocidad m\u00e1xima de 94 km\/h. Por otro lado, su motor silencioso permite reducir la contaminaci\u00f3n sonora y convierte al bus en el ideal para realizar servicios nocturnos.<\/p>\n\n\n\n<p><em>\u201cPara cuidar el medioambiente no hay que resignar potencia ni rentabilidad sino que la tecnolog\u00eda que utilizamos nos permite tener los mismos rendimientos que un di\u00e9sel, bajando el costo operativo y, por lo tanto, ofreciendo una mayor rentabilidad para los transportistas\u201d,&nbsp;<\/em>asegur\u00f3 Francisco Spasaro, Director Comercial de IVECO para Argentina.<\/p>\n\n\n\n<p><em>\u201cEn IVECO somos conscientes de que el medioambiente no puede esperar, sobre todo porque las acciones que tomemos no son de efecto inmediato. Hoy nos pone felices celebrar la Semana de la Movilidad Sustentable con un nuevo producto en la familia Natural Power como el 170G21, que nos ayuda a seguir trabajando en pos de generar un impacto positivo en las comunidades de las que somos parte\u201d<\/em>, agreg\u00f3 Spasaro.<\/p>\n\n\n\n<p><em>Fuente: Prensa IVECO<\/em><\/p>\n","protected":false},"excerpt":{"rendered":"<p>IVECO, marca perteneciente a Iveco Group, afirma su compromiso con la producci\u00f3n sustentable y el cuidado del ambiente a trav\u00e9s<\/p>\n","protected":false},"author":3,"featured_media":6220,"comment_status":"open","ping_status":"open","sticky":false,"template":"","format":"standard","meta":{"colormag_page_container_layout":"default_layout","colormag_page_sidebar_layout":"default_layout","footnotes":""},"categories":[6,16,5],"tags":[343,111,308,208,35],"class_list":["post-6218","post","type-post","status-publish","format-standard","has-post-thumbnail","hentry","category-newsflash","category-recta-principal","category-latest-news","tag-buses","tag-cordoba","tag-iveco","tag-produccion","tag-republica-argentina"],"yoast_head":"<!-- This site is optimized with the Yoast SEO plugin v27.4 - https:\/\/yoast.com\/product\/yoast-seo-wordpress\/ -->\n<title>Autos del Podio | IVECO anunci\u00f3 el lanzamiento del primer BUS a GNC fabricado en Argentina<\/title>\n<meta name=\"description\" content=\"Autos del Podio El primer bus a GNC fabricado en Argentina ser\u00e1 adem\u00e1s un producto de exportaci\u00f3n para Am\u00e9rica Latina.\" \/>\n<meta name=\"robots\" content=\"index, follow, max-snippet:-1, max-image-preview:large, max-video-preview:-1\" \/>\n<link rel=\"canonical\" href=\"http:\/\/autosdelpodio.com\/autos\/iveco-anuncio-el-lanzamiento-del-primer-bus-a-gnc-fabricado-en-argentina\/\" \/>\n<meta property=\"og:locale\" content=\"es_ES\" \/>\n<meta property=\"og:type\" content=\"article\" \/>\n<meta property=\"og:title\" content=\"Autos del Podio | IVECO anunci\u00f3 el lanzamiento del primer BUS a GNC fabricado en Argentina\" \/>\n<meta property=\"og:description\" content=\"Autos del Podio El primer bus a GNC fabricado en Argentina ser\u00e1 adem\u00e1s un producto de exportaci\u00f3n para Am\u00e9rica Latina.\" \/>\n<meta property=\"og:url\" content=\"http:\/\/autosdelpodio.com\/autos\/iveco-anuncio-el-lanzamiento-del-primer-bus-a-gnc-fabricado-en-argentina\/\" \/>\n<meta property=\"og:site_name\" content=\"Autos del Podio\" \/>\n<meta property=\"article:publisher\" content=\"https:\/\/www.facebook.com\/profile.php?id=100057192590976&amp;amp%3bamp%3bamp%3bamp%3bamp%3bamp%3bamp%3bamp%3bamp%3bamp%3bamp%3bamp%3bamp%3bamp%3bamp%3bamp%3bamp%3bamp%3bref=ts\" \/>\n<meta property=\"article:published_time\" content=\"2022-09-22T19:23:29+00:00\" \/>\n<meta property=\"article:modified_time\" content=\"2022-09-22T21:16:30+00:00\" \/>\n<meta property=\"og:image\" content=\"http:\/\/autosdelpodio.com\/autos\/wp-content\/uploads\/2022\/09\/Iveco_GNC_2.jpg\" \/>\n\t<meta property=\"og:image:width\" content=\"500\" \/>\n\t<meta property=\"og:image:height\" content=\"332\" \/>\n\t<meta property=\"og:image:type\" content=\"image\/jpeg\" \/>\n<meta name=\"author\" content=\"autosdelpodio\" \/>\n<meta name=\"twitter:card\" content=\"summary_large_image\" \/>\n<meta name=\"twitter:creator\" content=\"@autosdelpodio\" \/>\n<meta name=\"twitter:site\" content=\"@autosdelpodio\" \/>\n<meta name=\"twitter:label1\" content=\"Escrito por\" \/>\n\t<meta name=\"twitter:data1\" content=\"autosdelpodio\" \/>\n\t<meta name=\"twitter:label2\" content=\"Tiempo de lectura\" \/>\n\t<meta name=\"twitter:data2\" content=\"2 minutos\" \/>\n<script type=\"application\/ld+json\" class=\"yoast-schema-graph\">{\"@context\":\"https:\\\/\\\/schema.org\",\"@graph\":[{\"@type\":\"Article\",\"@id\":\"http:\\\/\\\/autosdelpodio.com\\\/autos\\\/iveco-anuncio-el-lanzamiento-del-primer-bus-a-gnc-fabricado-en-argentina\\\/#article\",\"isPartOf\":{\"@id\":\"http:\\\/\\\/autosdelpodio.com\\\/autos\\\/iveco-anuncio-el-lanzamiento-del-primer-bus-a-gnc-fabricado-en-argentina\\\/\"},\"author\":{\"name\":\"autosdelpodio\",\"@id\":\"http:\\\/\\\/autosdelpodio.com\\\/autos\\\/#\\\/schema\\\/person\\\/993527a4d01c3acdd3d6bce3770bc942\"},\"headline\":\"IVECO anunci\u00f3 el lanzamiento del primer BUS a GNC fabricado en Argentina\",\"datePublished\":\"2022-09-22T19:23:29+00:00\",\"dateModified\":\"2022-09-22T21:16:30+00:00\",\"mainEntityOfPage\":{\"@id\":\"http:\\\/\\\/autosdelpodio.com\\\/autos\\\/iveco-anuncio-el-lanzamiento-del-primer-bus-a-gnc-fabricado-en-argentina\\\/\"},\"wordCount\":445,\"commentCount\":0,\"publisher\":{\"@id\":\"http:\\\/\\\/autosdelpodio.com\\\/autos\\\/#organization\"},\"image\":{\"@id\":\"http:\\\/\\\/autosdelpodio.com\\\/autos\\\/iveco-anuncio-el-lanzamiento-del-primer-bus-a-gnc-fabricado-en-argentina\\\/#primaryimage\"},\"thumbnailUrl\":\"http:\\\/\\\/autosdelpodio.com\\\/autos\\\/wp-content\\\/uploads\\\/2022\\\/09\\\/Iveco_GNC_2.jpg\",\"keywords\":[\"Buses\",\"Cordoba\",\"Iveco\",\"Producci\u00f3n\",\"Republica Argentina\"],\"articleSection\":[\"Destacado\",\"Recta Principal\",\"\u00daltimas noticias\"],\"inLanguage\":\"es\",\"potentialAction\":[{\"@type\":\"CommentAction\",\"name\":\"Comment\",\"target\":[\"http:\\\/\\\/autosdelpodio.com\\\/autos\\\/iveco-anuncio-el-lanzamiento-del-primer-bus-a-gnc-fabricado-en-argentina\\\/#respond\"]}]},{\"@type\":\"WebPage\",\"@id\":\"http:\\\/\\\/autosdelpodio.com\\\/autos\\\/iveco-anuncio-el-lanzamiento-del-primer-bus-a-gnc-fabricado-en-argentina\\\/\",\"url\":\"http:\\\/\\\/autosdelpodio.com\\\/autos\\\/iveco-anuncio-el-lanzamiento-del-primer-bus-a-gnc-fabricado-en-argentina\\\/\",\"name\":\"Autos del Podio | IVECO anunci\u00f3 el lanzamiento del primer BUS a GNC fabricado en Argentina\",\"isPartOf\":{\"@id\":\"http:\\\/\\\/autosdelpodio.com\\\/autos\\\/#website\"},\"primaryImageOfPage\":{\"@id\":\"http:\\\/\\\/autosdelpodio.com\\\/autos\\\/iveco-anuncio-el-lanzamiento-del-primer-bus-a-gnc-fabricado-en-argentina\\\/#primaryimage\"},\"image\":{\"@id\":\"http:\\\/\\\/autosdelpodio.com\\\/autos\\\/iveco-anuncio-el-lanzamiento-del-primer-bus-a-gnc-fabricado-en-argentina\\\/#primaryimage\"},\"thumbnailUrl\":\"http:\\\/\\\/autosdelpodio.com\\\/autos\\\/wp-content\\\/uploads\\\/2022\\\/09\\\/Iveco_GNC_2.jpg\",\"datePublished\":\"2022-09-22T19:23:29+00:00\",\"dateModified\":\"2022-09-22T21:16:30+00:00\",\"description\":\"Autos del Podio El primer bus a GNC fabricado en Argentina ser\u00e1 adem\u00e1s un producto de exportaci\u00f3n para Am\u00e9rica Latina.\",\"breadcrumb\":{\"@id\":\"http:\\\/\\\/autosdelpodio.com\\\/autos\\\/iveco-anuncio-el-lanzamiento-del-primer-bus-a-gnc-fabricado-en-argentina\\\/#breadcrumb\"},\"inLanguage\":\"es\",\"potentialAction\":[{\"@type\":\"ReadAction\",\"target\":[\"http:\\\/\\\/autosdelpodio.com\\\/autos\\\/iveco-anuncio-el-lanzamiento-del-primer-bus-a-gnc-fabricado-en-argentina\\\/\"]}]},{\"@type\":\"ImageObject\",\"inLanguage\":\"es\",\"@id\":\"http:\\\/\\\/autosdelpodio.com\\\/autos\\\/iveco-anuncio-el-lanzamiento-del-primer-bus-a-gnc-fabricado-en-argentina\\\/#primaryimage\",\"url\":\"http:\\\/\\\/autosdelpodio.com\\\/autos\\\/wp-content\\\/uploads\\\/2022\\\/09\\\/Iveco_GNC_2.jpg\",\"contentUrl\":\"http:\\\/\\\/autosdelpodio.com\\\/autos\\\/wp-content\\\/uploads\\\/2022\\\/09\\\/Iveco_GNC_2.jpg\",\"width\":500,\"height\":332},{\"@type\":\"BreadcrumbList\",\"@id\":\"http:\\\/\\\/autosdelpodio.com\\\/autos\\\/iveco-anuncio-el-lanzamiento-del-primer-bus-a-gnc-fabricado-en-argentina\\\/#breadcrumb\",\"itemListElement\":[{\"@type\":\"ListItem\",\"position\":1,\"name\":\"Portada\",\"item\":\"http:\\\/\\\/autosdelpodio.com\\\/autos\\\/\"},{\"@type\":\"ListItem\",\"position\":2,\"name\":\"IVECO anunci\u00f3 el lanzamiento del primer BUS a GNC fabricado en Argentina\"}]},{\"@type\":\"WebSite\",\"@id\":\"http:\\\/\\\/autosdelpodio.com\\\/autos\\\/#website\",\"url\":\"http:\\\/\\\/autosdelpodio.com\\\/autos\\\/\",\"name\":\"Autos del Podio\",\"description\":\"La sexta del deporte motor\",\"publisher\":{\"@id\":\"http:\\\/\\\/autosdelpodio.com\\\/autos\\\/#organization\"},\"potentialAction\":[{\"@type\":\"SearchAction\",\"target\":{\"@type\":\"EntryPoint\",\"urlTemplate\":\"http:\\\/\\\/autosdelpodio.com\\\/autos\\\/?s={search_term_string}\"},\"query-input\":{\"@type\":\"PropertyValueSpecification\",\"valueRequired\":true,\"valueName\":\"search_term_string\"}}],\"inLanguage\":\"es\"},{\"@type\":\"Organization\",\"@id\":\"http:\\\/\\\/autosdelpodio.com\\\/autos\\\/#organization\",\"name\":\"Autos del Podio\",\"url\":\"http:\\\/\\\/autosdelpodio.com\\\/autos\\\/\",\"logo\":{\"@type\":\"ImageObject\",\"inLanguage\":\"es\",\"@id\":\"http:\\\/\\\/autosdelpodio.com\\\/autos\\\/#\\\/schema\\\/logo\\\/image\\\/\",\"url\":\"http:\\\/\\\/autosdelpodio.com\\\/autos\\\/wp-content\\\/uploads\\\/2020\\\/08\\\/Logo_AR.jpg\",\"contentUrl\":\"http:\\\/\\\/autosdelpodio.com\\\/autos\\\/wp-content\\\/uploads\\\/2020\\\/08\\\/Logo_AR.jpg\",\"width\":1038,\"height\":1044,\"caption\":\"Autos del Podio\"},\"image\":{\"@id\":\"http:\\\/\\\/autosdelpodio.com\\\/autos\\\/#\\\/schema\\\/logo\\\/image\\\/\"},\"sameAs\":[\"https:\\\/\\\/www.facebook.com\\\/profile.php?id=100057192590976&amp;amp;amp;amp;amp;amp;amp;amp;amp;amp;amp;amp;amp;amp;amp;amp;amp;amp;ref=ts\",\"https:\\\/\\\/x.com\\\/autosdelpodio\",\"https:\\\/\\\/www.youtube.com\\\/user\\\/AutosdelPodio\"]},{\"@type\":\"Person\",\"@id\":\"http:\\\/\\\/autosdelpodio.com\\\/autos\\\/#\\\/schema\\\/person\\\/993527a4d01c3acdd3d6bce3770bc942\",\"name\":\"autosdelpodio\",\"image\":{\"@type\":\"ImageObject\",\"inLanguage\":\"es\",\"@id\":\"http:\\\/\\\/autosdelpodio.com\\\/autos\\\/wp-content\\\/litespeed\\\/avatar\\\/aa8f65cd201a80f6b844f63278aa84af.jpg?ver=1776798175\",\"url\":\"http:\\\/\\\/autosdelpodio.com\\\/autos\\\/wp-content\\\/litespeed\\\/avatar\\\/aa8f65cd201a80f6b844f63278aa84af.jpg?ver=1776798175\",\"contentUrl\":\"http:\\\/\\\/autosdelpodio.com\\\/autos\\\/wp-content\\\/litespeed\\\/avatar\\\/aa8f65cd201a80f6b844f63278aa84af.jpg?ver=1776798175\",\"caption\":\"autosdelpodio\"}}]}<\/script>\n<!-- \/ Yoast SEO plugin. -->","yoast_head_json":{"title":"Autos del Podio | IVECO anunci\u00f3 el lanzamiento del primer BUS a GNC fabricado en Argentina","description":"Autos del Podio El primer bus a GNC fabricado en Argentina ser\u00e1 adem\u00e1s un producto de exportaci\u00f3n para Am\u00e9rica Latina.","robots":{"index":"index","follow":"follow","max-snippet":"max-snippet:-1","max-image-preview":"max-image-preview:large","max-video-preview":"max-video-preview:-1"},"canonical":"http:\/\/autosdelpodio.com\/autos\/iveco-anuncio-el-lanzamiento-del-primer-bus-a-gnc-fabricado-en-argentina\/","og_locale":"es_ES","og_type":"article","og_title":"Autos del Podio | IVECO anunci\u00f3 el lanzamiento del primer BUS a GNC fabricado en Argentina","og_description":"Autos del Podio El primer bus a GNC fabricado en Argentina ser\u00e1 adem\u00e1s un producto de exportaci\u00f3n para Am\u00e9rica Latina.","og_url":"http:\/\/autosdelpodio.com\/autos\/iveco-anuncio-el-lanzamiento-del-primer-bus-a-gnc-fabricado-en-argentina\/","og_site_name":"Autos del Podio","article_publisher":"https:\/\/www.facebook.com\/profile.php?id=100057192590976&amp%3bamp%3bamp%3bamp%3bamp%3bamp%3bamp%3bamp%3bamp%3bamp%3bamp%3bamp%3bamp%3bamp%3bamp%3bamp%3bamp%3bamp%3bref=ts","article_published_time":"2022-09-22T19:23:29+00:00","article_modified_time":"2022-09-22T21:16:30+00:00","og_image":[{"width":500,"height":332,"url":"http:\/\/autosdelpodio.com\/autos\/wp-content\/uploads\/2022\/09\/Iveco_GNC_2.jpg","type":"image\/jpeg"}],"author":"autosdelpodio","twitter_card":"summary_large_image","twitter_creator":"@autosdelpodio","twitter_site":"@autosdelpodio","twitter_misc":{"Escrito por":"autosdelpodio","Tiempo de lectura":"2 minutos"},"schema":{"@context":"https:\/\/schema.org","@graph":[{"@type":"Article","@id":"http:\/\/autosdelpodio.com\/autos\/iveco-anuncio-el-lanzamiento-del-primer-bus-a-gnc-fabricado-en-argentina\/#article","isPartOf":{"@id":"http:\/\/autosdelpodio.com\/autos\/iveco-anuncio-el-lanzamiento-del-primer-bus-a-gnc-fabricado-en-argentina\/"},"author":{"name":"autosdelpodio","@id":"http:\/\/autosdelpodio.com\/autos\/#\/schema\/person\/993527a4d01c3acdd3d6bce3770bc942"},"headline":"IVECO anunci\u00f3 el lanzamiento del primer BUS a GNC fabricado en Argentina","datePublished":"2022-09-22T19:23:29+00:00","dateModified":"2022-09-22T21:16:30+00:00","mainEntityOfPage":{"@id":"http:\/\/autosdelpodio.com\/autos\/iveco-anuncio-el-lanzamiento-del-primer-bus-a-gnc-fabricado-en-argentina\/"},"wordCount":445,"commentCount":0,"publisher":{"@id":"http:\/\/autosdelpodio.com\/autos\/#organization"},"image":{"@id":"http:\/\/autosdelpodio.com\/autos\/iveco-anuncio-el-lanzamiento-del-primer-bus-a-gnc-fabricado-en-argentina\/#primaryimage"},"thumbnailUrl":"http:\/\/autosdelpodio.com\/autos\/wp-content\/uploads\/2022\/09\/Iveco_GNC_2.jpg","keywords":["Buses","Cordoba","Iveco","Producci\u00f3n","Republica Argentina"],"articleSection":["Destacado","Recta Principal","\u00daltimas noticias"],"inLanguage":"es","potentialAction":[{"@type":"CommentAction","name":"Comment","target":["http:\/\/autosdelpodio.com\/autos\/iveco-anuncio-el-lanzamiento-del-primer-bus-a-gnc-fabricado-en-argentina\/#respond"]}]},{"@type":"WebPage","@id":"http:\/\/autosdelpodio.com\/autos\/iveco-anuncio-el-lanzamiento-del-primer-bus-a-gnc-fabricado-en-argentina\/","url":"http:\/\/autosdelpodio.com\/autos\/iveco-anuncio-el-lanzamiento-del-primer-bus-a-gnc-fabricado-en-argentina\/","name":"Autos del Podio | IVECO anunci\u00f3 el lanzamiento del primer BUS a GNC fabricado en Argentina","isPartOf":{"@id":"http:\/\/autosdelpodio.com\/autos\/#website"},"primaryImageOfPage":{"@id":"http:\/\/autosdelpodio.com\/autos\/iveco-anuncio-el-lanzamiento-del-primer-bus-a-gnc-fabricado-en-argentina\/#primaryimage"},"image":{"@id":"http:\/\/autosdelpodio.com\/autos\/iveco-anuncio-el-lanzamiento-del-primer-bus-a-gnc-fabricado-en-argentina\/#primaryimage"},"thumbnailUrl":"http:\/\/autosdelpodio.com\/autos\/wp-content\/uploads\/2022\/09\/Iveco_GNC_2.jpg","datePublished":"2022-09-22T19:23:29+00:00","dateModified":"2022-09-22T21:16:30+00:00","description":"Autos del Podio El primer bus a GNC fabricado en Argentina ser\u00e1 adem\u00e1s un producto de exportaci\u00f3n para Am\u00e9rica Latina.","breadcrumb":{"@id":"http:\/\/autosdelpodio.com\/autos\/iveco-anuncio-el-lanzamiento-del-primer-bus-a-gnc-fabricado-en-argentina\/#breadcrumb"},"inLanguage":"es","potentialAction":[{"@type":"ReadAction","target":["http:\/\/autosdelpodio.com\/autos\/iveco-anuncio-el-lanzamiento-del-primer-bus-a-gnc-fabricado-en-argentina\/"]}]},{"@type":"ImageObject","inLanguage":"es","@id":"http:\/\/autosdelpodio.com\/autos\/iveco-anuncio-el-lanzamiento-del-primer-bus-a-gnc-fabricado-en-argentina\/#primaryimage","url":"http:\/\/autosdelpodio.com\/autos\/wp-content\/uploads\/2022\/09\/Iveco_GNC_2.jpg","contentUrl":"http:\/\/autosdelpodio.com\/autos\/wp-content\/uploads\/2022\/09\/Iveco_GNC_2.jpg","width":500,"height":332},{"@type":"BreadcrumbList","@id":"http:\/\/autosdelpodio.com\/autos\/iveco-anuncio-el-lanzamiento-del-primer-bus-a-gnc-fabricado-en-argentina\/#breadcrumb","itemListElement":[{"@type":"ListItem","position":1,"name":"Portada","item":"http:\/\/autosdelpodio.com\/autos\/"},{"@type":"ListItem","position":2,"name":"IVECO anunci\u00f3 el lanzamiento del primer BUS a GNC fabricado en Argentina"}]},{"@type":"WebSite","@id":"http:\/\/autosdelpodio.com\/autos\/#website","url":"http:\/\/autosdelpodio.com\/autos\/","name":"Autos del Podio","description":"La sexta del deporte motor","publisher":{"@id":"http:\/\/autosdelpodio.com\/autos\/#organization"},"potentialAction":[{"@type":"SearchAction","target":{"@type":"EntryPoint","urlTemplate":"http:\/\/autosdelpodio.com\/autos\/?s={search_term_string}"},"query-input":{"@type":"PropertyValueSpecification","valueRequired":true,"valueName":"search_term_string"}}],"inLanguage":"es"},{"@type":"Organization","@id":"http:\/\/autosdelpodio.com\/autos\/#organization","name":"Autos del Podio","url":"http:\/\/autosdelpodio.com\/autos\/","logo":{"@type":"ImageObject","inLanguage":"es","@id":"http:\/\/autosdelpodio.com\/autos\/#\/schema\/logo\/image\/","url":"http:\/\/autosdelpodio.com\/autos\/wp-content\/uploads\/2020\/08\/Logo_AR.jpg","contentUrl":"http:\/\/autosdelpodio.com\/autos\/wp-content\/uploads\/2020\/08\/Logo_AR.jpg","width":1038,"height":1044,"caption":"Autos del Podio"},"image":{"@id":"http:\/\/autosdelpodio.com\/autos\/#\/schema\/logo\/image\/"},"sameAs":["https:\/\/www.facebook.com\/profile.php?id=100057192590976&amp;amp;amp;amp;amp;amp;amp;amp;amp;amp;amp;amp;amp;amp;amp;amp;amp;amp;ref=ts","https:\/\/x.com\/autosdelpodio","https:\/\/www.youtube.com\/user\/AutosdelPodio"]},{"@type":"Person","@id":"http:\/\/autosdelpodio.com\/autos\/#\/schema\/person\/993527a4d01c3acdd3d6bce3770bc942","name":"autosdelpodio","image":{"@type":"ImageObject","inLanguage":"es","@id":"http:\/\/autosdelpodio.com\/autos\/wp-content\/litespeed\/avatar\/aa8f65cd201a80f6b844f63278aa84af.jpg?ver=1776798175","url":"http:\/\/autosdelpodio.com\/autos\/wp-content\/litespeed\/avatar\/aa8f65cd201a80f6b844f63278aa84af.jpg?ver=1776798175","contentUrl":"http:\/\/autosdelpodio.com\/autos\/wp-content\/litespeed\/avatar\/aa8f65cd201a80f6b844f63278aa84af.jpg?ver=1776798175","caption":"autosdelpodio"}}]}},"views":479,"_links":{"self":[{"href":"http:\/\/autosdelpodio.com\/autos\/wp-json\/wp\/v2\/posts\/6218","targetHints":{"allow":["GET"]}}],"collection":[{"href":"http:\/\/autosdelpodio.com\/autos\/wp-json\/wp\/v2\/posts"}],"about":[{"href":"http:\/\/autosdelpodio.com\/autos\/wp-json\/wp\/v2\/types\/post"}],"author":[{"embeddable":true,"href":"http:\/\/autosdelpodio.com\/autos\/wp-json\/wp\/v2\/users\/3"}],"replies":[{"embeddable":true,"href":"http:\/\/autosdelpodio.com\/autos\/wp-json\/wp\/v2\/comments?post=6218"}],"version-history":[{"count":4,"href":"http:\/\/autosdelpodio.com\/autos\/wp-json\/wp\/v2\/posts\/6218\/revisions"}],"predecessor-version":[{"id":6224,"href":"http:\/\/autosdelpodio.com\/autos\/wp-json\/wp\/v2\/posts\/6218\/revisions\/6224"}],"wp:featuredmedia":[{"embeddable":true,"href":"http:\/\/autosdelpodio.com\/autos\/wp-json\/wp\/v2\/media\/6220"}],"wp:attachment":[{"href":"http:\/\/autosdelpodio.com\/autos\/wp-json\/wp\/v2\/media?parent=6218"}],"wp:term":[{"taxonomy":"category","embeddable":true,"href":"http:\/\/autosdelpodio.com\/autos\/wp-json\/wp\/v2\/categories?post=6218"},{"taxonomy":"post_tag","embeddable":true,"href":"http:\/\/autosdelpodio.com\/autos\/wp-json\/wp\/v2\/tags?post=6218"}],"curies":[{"name":"wp","href":"https:\/\/api.w.org\/{rel}","templated":true}]}}