{"id":6225,"date":"2022-09-25T16:58:52","date_gmt":"2022-09-25T19:58:52","guid":{"rendered":"http:\/\/autosdelpodio.com\/autos\/?p=6225"},"modified":"2022-09-25T16:58:54","modified_gmt":"2022-09-25T19:58:54","slug":"en-toay-gano-un-focus","status":"publish","type":"post","link":"http:\/\/autosdelpodio.com\/autos\/en-toay-gano-un-focus\/","title":{"rendered":"En Toay gan\u00f3 un Focus"},"content":{"rendered":"\n<p>Alfonso Domenech bajo una pista cambiante donde irrumpi\u00f3 la lluvia se llev\u00f3 la final de la Clase 3 del Turismo Nacional en La Pampa.Podio 100 % de Ford con Gaston Iansa como primer escolta y Leonel Pernia que culmin\u00f3 tercero.<\/p>\n\n\n\n<p>Juan Bautista De Benedictis, el Poleman Antonino Garcia, Manuel Mallo, Ricardo Risatti, Mart\u00edn Chialvo, Ever Franetovich y Mariano Pern\u00eda completaron los primeros 10.<br>La pr\u00f3xima fecha ser\u00e1 del 14 al 16 de octubre en el Autodromo de Trelew.<\/p>\n\n\n\n<p><strong>Final C3 del TN &#8211; La Pampa<\/strong><\/p>\n\n\n\n<figure class=\"wp-block-table\"><table><tbody><tr><td>1<\/td><td>FORD<\/td><td>8<\/td><td>DOMENECH<\/td><td>23<\/td><td>35;51.220<\/td><td><\/td><\/tr><tr><td>2<\/td><td>FORD<\/td><td>55<\/td><td>IANSA<\/td><td>23<\/td><td>35;59.411<\/td><td>8.191<\/td><\/tr><tr><td>3<\/td><td>FORD<\/td><td>4<\/td><td>PERNIA L<\/td><td>23<\/td><td>35;59.842<\/td><td>8.622<\/td><\/tr><tr><td>4<\/td><td>TOYOTA<\/td><td>157<\/td><td>DE BENEDICTIS<\/td><td>23<\/td><td>36;03.895<\/td><td>12.675<\/td><\/tr><tr><td>5<\/td><td>FORD<\/td><td>118<\/td><td>GARCIA<\/td><td>23<\/td><td>36;07.194<\/td><td>15.974<\/td><\/tr><tr><td>6<\/td><td>CHEVROLET<\/td><td>155<\/td><td>MALLO M<\/td><td>23<\/td><td>36;08.728<\/td><td>17.508<\/td><\/tr><tr><td>7<\/td><td>TOYOTA<\/td><td>85<\/td><td>RISATTI<\/td><td>23<\/td><td>36;11.364<\/td><td>20.144<\/td><\/tr><tr><td>8<\/td><td>TOYOTA<\/td><td>69<\/td><td>CHIALVO<\/td><td>23<\/td><td>36;20.391<\/td><td>29.171<\/td><\/tr><tr><td>9<\/td><td>FORD<\/td><td>114<\/td><td>FRANETOVICH<\/td><td>23<\/td><td>36;21.313<\/td><td>30.093<\/td><\/tr><tr><td>10<\/td><td>FIAT<\/td><td>23<\/td><td>PERNIA M<\/td><td>23<\/td><td>36;24.214<\/td><td>32.994<\/td><\/tr><tr><td>11<\/td><td>CHEVROLET<\/td><td>100<\/td><td>OKULOVICH<\/td><td>23<\/td><td>36;25.288<\/td><td>34.068<\/td><\/tr><tr><td>12<\/td><td>FORD<\/td><td>5<\/td><td>URCERA<\/td><td>23<\/td><td>36;30.531<\/td><td>39.311<\/td><\/tr><tr><td>13<\/td><td>CITROEN<\/td><td>17<\/td><td>GARRIZ<\/td><td>23<\/td><td>36;33.556<\/td><td>42.336<\/td><\/tr><tr><td>14<\/td><td>TOYOTA<\/td><td>63<\/td><td>MERLO<\/td><td>23<\/td><td>36;41.932<\/td><td>50.712<\/td><\/tr><tr><td>15<\/td><td>HONDA<\/td><td>60<\/td><td>BEGUIRISTAIN<\/td><td>23<\/td><td>36;42.243<\/td><td>51.023<\/td><\/tr><tr><td>16<\/td><td>TOYOTA<\/td><td>195<\/td><td>IRIBARNE<\/td><td>23<\/td><td>36;42.770<\/td><td>51.550<\/td><\/tr><tr><td>17<\/td><td>FORD<\/td><td>14<\/td><td>CARDUCCI<\/td><td>23<\/td><td>36;47.735<\/td><td>56.515<\/td><\/tr><tr><td>18<\/td><td>CHEVROLET<\/td><td>7<\/td><td>TETI<\/td><td>23<\/td><td>36;56.726<\/td><td>1;05.506<\/td><\/tr><tr><td>19<\/td><td>FORD<\/td><td>6<\/td><td>CHAPUR<\/td><td>23<\/td><td>36;58.273<\/td><td>1;07.053<\/td><\/tr><tr><td>20<\/td><td>TOYOTA<\/td><td>144<\/td><td>VICINO<\/td><td>23<\/td><td>37;01.900<\/td><td>1;10.680<\/td><\/tr><tr><td>21<\/td><td>FORD<\/td><td>10<\/td><td>MUNOZ MARCHESI<\/td><td>23<\/td><td>37;01.999<\/td><td>1;10.779<\/td><\/tr><tr><td>22<\/td><td>CHEVROLET<\/td><td>27<\/td><td>MENVIELLE<\/td><td>23<\/td><td>37;06.068<\/td><td>1;14.848<\/td><\/tr><tr><td>23<\/td><td>CHEVROLET<\/td><td>124<\/td><td>MONTANARI<\/td><td>23<\/td><td>37;07.407<\/td><td>1;16.187<\/td><\/tr><tr><td>24<\/td><td>FORD<\/td><td>32<\/td><td>CONTA<\/td><td>23<\/td><td>37;13.608<\/td><td>1;22.388<\/td><\/tr><tr><td>25<\/td><td>CHEVROLET<\/td><td>3<\/td><td>CASTELLANO<\/td><td>23<\/td><td>37;28.540<\/td><td>1;37.320<\/td><\/tr><tr><td>26<\/td><td>KIA<\/td><td>131<\/td><td>VENTRICELLI<\/td><td>22<\/td><td>36;11.271<\/td><td>1 vta<\/td><\/tr><tr><td>27<\/td><td>TOYOTA<\/td><td>137<\/td><td>ZANAZZI<\/td><td>22<\/td><td>36;13.198<\/td><td>1 vta<\/td><\/tr><tr><td>28<\/td><td>FORD<\/td><td>181<\/td><td>CONTA<\/td><td>22<\/td><td>36;13.924<\/td><td>1 vta<\/td><\/tr><tr><td>29<\/td><td>TOYOTA<\/td><td>108<\/td><td>LUNA<\/td><td>22<\/td><td>36;59.192<\/td><td>1 vta<\/td><\/tr><tr><td>30<\/td><td>CHEVROLET<\/td><td>111<\/td><td>GASSMANN<\/td><td>21<\/td><td>33;01.994<\/td><td>2 vtas<\/td><\/tr><tr><td>31<\/td><td>TOYOTA<\/td><td>56<\/td><td>TODINO<\/td><td>19<\/td><td>30;40.869<\/td><td>4 vtas<\/td><\/tr><tr><td>32<\/td><td>TOYOTA<\/td><td>95<\/td><td>ABDALA<\/td><td>17<\/td><td>26;30.703<\/td><td>6 vtas<\/td><\/tr><tr><td>33<\/td><td>TOYOTA<\/td><td>1<\/td><td>SANTERO<\/td><td>15<\/td><td>23;51.821<\/td><td>8 vtas<\/td><\/tr><tr><td>34<\/td><td>CHEVROLET<\/td><td>99<\/td><td>MALLO S<\/td><td>15<\/td><td>24;12.075<\/td><td>8 vtas<\/td><\/tr><tr><td>35<\/td><td>CHEVROLET<\/td><td>222<\/td><td>CHORNE<\/td><td>15<\/td><td>24;55.543<\/td><td>8 vtas<\/td><\/tr><tr><td>36<\/td><td>FORD<\/td><td>77<\/td><td>COHEN<\/td><td>15<\/td><td>24;57.332<\/td><td>8 vtas<\/td><\/tr><tr><td>37<\/td><td>VW<\/td><td>177<\/td><td>SOTRO<\/td><td>12<\/td><td>21;46.168<\/td><td>11 vtas<\/td><\/tr><tr><td>38<\/td><td>PEUGEOT<\/td><td>24<\/td><td>LARRAURI<\/td><td>11<\/td><td>18;00.202<\/td><td>12 vtas<\/td><\/tr><tr><td>39<\/td><td>FORD<\/td><td>66<\/td><td>PERCAZ<\/td><td>11<\/td><td>18;22.512<\/td><td>12 vtas<\/td><\/tr><tr><td>40<\/td><td>FIAT<\/td><td>16<\/td><td>YANNANTUONI<\/td><td>11<\/td><td>21;54.529<\/td><td>12 vtas<\/td><\/tr><tr><td>41<\/td><td>FORD<\/td><td>61<\/td><td>NOCETI<\/td><td>10<\/td><td>16;31.135<\/td><td>13 vtas<\/td><\/tr><tr><td>42<\/td><td>TOYOTA<\/td><td>123<\/td><td>LAMBIRIS<\/td><td>9<\/td><td>14;11.443<\/td><td>14 vtas<\/td><\/tr><tr><td>43<\/td><td>CHEVROLET<\/td><td>41<\/td><td>SCHENONE<\/td><td>8<\/td><td>13;50.455<\/td><td>15 vtas<\/td><\/tr><tr><td>44<\/td><td>FORD<\/td><td>72<\/td><td>TEDESCHI<\/td><td>6<\/td><td>9;51.678<\/td><td>17 vtas<\/td><\/tr><tr><td>45<\/td><td>CHEVROLET<\/td><td>26<\/td><td>GOMEZ<\/td><td>3<\/td><td>5;11.487<\/td><td>20 vtas<\/td><\/tr><tr><td>46<\/td><td>FORD<\/td><td>22<\/td><td>POSCO<\/td><\/tr><\/tbody><\/table><\/figure>\n","protected":false},"excerpt":{"rendered":"<p>Alfonso Domenech bajo una pista cambiante donde irrumpi\u00f3 la lluvia se llev\u00f3 la final de la Clase 3 del Turismo<\/p>\n","protected":false},"author":3,"featured_media":1614,"comment_status":"open","ping_status":"open","sticky":false,"template":"","format":"standard","meta":{"colormag_page_container_layout":"default_layout","colormag_page_sidebar_layout":"default_layout","footnotes":""},"categories":[16,5],"tags":[715,407,602,78],"class_list":["post-6225","post","type-post","status-publish","format-standard","has-post-thumbnail","hentry","category-recta-principal","category-latest-news","tag-alfonso-domenech","tag-ford-focus","tag-la-pampa","tag-turismo-nacional"],"yoast_head":"<!-- This site is optimized with the Yoast SEO plugin v27.5 - https:\/\/yoast.com\/product\/yoast-seo-wordpress\/ -->\n<title>Autos del Podio | En Toay gan\u00f3 un Focus<\/title>\n<meta name=\"description\" content=\"Autos del Podio Primera victoria final en este 2022 para el pergaminense Alfonso Domenech\" \/>\n<meta name=\"robots\" content=\"index, follow, max-snippet:-1, max-image-preview:large, max-video-preview:-1\" \/>\n<link rel=\"canonical\" href=\"http:\/\/autosdelpodio.com\/autos\/en-toay-gano-un-focus\/\" \/>\n<meta property=\"og:locale\" content=\"es_ES\" \/>\n<meta property=\"og:type\" content=\"article\" \/>\n<meta property=\"og:title\" content=\"Autos del Podio | En Toay gan\u00f3 un Focus\" \/>\n<meta property=\"og:description\" content=\"Autos del Podio Primera victoria final en este 2022 para el pergaminense Alfonso Domenech\" \/>\n<meta property=\"og:url\" content=\"http:\/\/autosdelpodio.com\/autos\/en-toay-gano-un-focus\/\" \/>\n<meta property=\"og:site_name\" content=\"Autos del Podio\" \/>\n<meta property=\"article:publisher\" content=\"https:\/\/www.facebook.com\/profile.php?id=100057192590976&amp;amp%3bamp%3bamp%3bamp%3bamp%3bamp%3bamp%3bamp%3bamp%3bamp%3bamp%3bamp%3bamp%3bamp%3bamp%3bamp%3bamp%3bamp%3bref=ts\" \/>\n<meta property=\"article:published_time\" content=\"2022-09-25T19:58:52+00:00\" \/>\n<meta property=\"article:modified_time\" content=\"2022-09-25T19:58:54+00:00\" \/>\n<meta property=\"og:image\" content=\"http:\/\/autosdelpodio.com\/autos\/wp-content\/uploads\/2020\/04\/Logo_Turismo_Nacional.jpg\" \/>\n\t<meta property=\"og:image:width\" content=\"420\" \/>\n\t<meta property=\"og:image:height\" content=\"192\" \/>\n\t<meta property=\"og:image:type\" content=\"image\/jpeg\" \/>\n<meta name=\"author\" content=\"autosdelpodio\" \/>\n<meta name=\"twitter:card\" content=\"summary_large_image\" \/>\n<meta name=\"twitter:creator\" content=\"@autosdelpodio\" \/>\n<meta name=\"twitter:site\" content=\"@autosdelpodio\" \/>\n<meta name=\"twitter:label1\" content=\"Escrito por\" \/>\n\t<meta name=\"twitter:data1\" content=\"autosdelpodio\" \/>\n\t<meta name=\"twitter:label2\" content=\"Tiempo de lectura\" \/>\n\t<meta name=\"twitter:data2\" content=\"2 minutos\" \/>\n<script type=\"application\/ld+json\" class=\"yoast-schema-graph\">{\"@context\":\"https:\\\/\\\/schema.org\",\"@graph\":[{\"@type\":\"Article\",\"@id\":\"http:\\\/\\\/autosdelpodio.com\\\/autos\\\/en-toay-gano-un-focus\\\/#article\",\"isPartOf\":{\"@id\":\"http:\\\/\\\/autosdelpodio.com\\\/autos\\\/en-toay-gano-un-focus\\\/\"},\"author\":{\"name\":\"autosdelpodio\",\"@id\":\"http:\\\/\\\/autosdelpodio.com\\\/autos\\\/#\\\/schema\\\/person\\\/993527a4d01c3acdd3d6bce3770bc942\"},\"headline\":\"En Toay gan\u00f3 un Focus\",\"datePublished\":\"2022-09-25T19:58:52+00:00\",\"dateModified\":\"2022-09-25T19:58:54+00:00\",\"mainEntityOfPage\":{\"@id\":\"http:\\\/\\\/autosdelpodio.com\\\/autos\\\/en-toay-gano-un-focus\\\/\"},\"wordCount\":206,\"commentCount\":0,\"publisher\":{\"@id\":\"http:\\\/\\\/autosdelpodio.com\\\/autos\\\/#organization\"},\"image\":{\"@id\":\"http:\\\/\\\/autosdelpodio.com\\\/autos\\\/en-toay-gano-un-focus\\\/#primaryimage\"},\"thumbnailUrl\":\"http:\\\/\\\/autosdelpodio.com\\\/autos\\\/wp-content\\\/uploads\\\/2020\\\/04\\\/Logo_Turismo_Nacional.jpg\",\"keywords\":[\"Alfonso Domenech\",\"Ford Focus\",\"La Pampa\",\"Turismo Nacional\"],\"articleSection\":[\"Recta Principal\",\"\u00daltimas noticias\"],\"inLanguage\":\"es\",\"potentialAction\":[{\"@type\":\"CommentAction\",\"name\":\"Comment\",\"target\":[\"http:\\\/\\\/autosdelpodio.com\\\/autos\\\/en-toay-gano-un-focus\\\/#respond\"]}]},{\"@type\":\"WebPage\",\"@id\":\"http:\\\/\\\/autosdelpodio.com\\\/autos\\\/en-toay-gano-un-focus\\\/\",\"url\":\"http:\\\/\\\/autosdelpodio.com\\\/autos\\\/en-toay-gano-un-focus\\\/\",\"name\":\"Autos del Podio | En Toay gan\u00f3 un Focus\",\"isPartOf\":{\"@id\":\"http:\\\/\\\/autosdelpodio.com\\\/autos\\\/#website\"},\"primaryImageOfPage\":{\"@id\":\"http:\\\/\\\/autosdelpodio.com\\\/autos\\\/en-toay-gano-un-focus\\\/#primaryimage\"},\"image\":{\"@id\":\"http:\\\/\\\/autosdelpodio.com\\\/autos\\\/en-toay-gano-un-focus\\\/#primaryimage\"},\"thumbnailUrl\":\"http:\\\/\\\/autosdelpodio.com\\\/autos\\\/wp-content\\\/uploads\\\/2020\\\/04\\\/Logo_Turismo_Nacional.jpg\",\"datePublished\":\"2022-09-25T19:58:52+00:00\",\"dateModified\":\"2022-09-25T19:58:54+00:00\",\"description\":\"Autos del Podio Primera victoria final en este 2022 para el pergaminense Alfonso Domenech\",\"breadcrumb\":{\"@id\":\"http:\\\/\\\/autosdelpodio.com\\\/autos\\\/en-toay-gano-un-focus\\\/#breadcrumb\"},\"inLanguage\":\"es\",\"potentialAction\":[{\"@type\":\"ReadAction\",\"target\":[\"http:\\\/\\\/autosdelpodio.com\\\/autos\\\/en-toay-gano-un-focus\\\/\"]}]},{\"@type\":\"ImageObject\",\"inLanguage\":\"es\",\"@id\":\"http:\\\/\\\/autosdelpodio.com\\\/autos\\\/en-toay-gano-un-focus\\\/#primaryimage\",\"url\":\"http:\\\/\\\/autosdelpodio.com\\\/autos\\\/wp-content\\\/uploads\\\/2020\\\/04\\\/Logo_Turismo_Nacional.jpg\",\"contentUrl\":\"http:\\\/\\\/autosdelpodio.com\\\/autos\\\/wp-content\\\/uploads\\\/2020\\\/04\\\/Logo_Turismo_Nacional.jpg\",\"width\":420,\"height\":192},{\"@type\":\"BreadcrumbList\",\"@id\":\"http:\\\/\\\/autosdelpodio.com\\\/autos\\\/en-toay-gano-un-focus\\\/#breadcrumb\",\"itemListElement\":[{\"@type\":\"ListItem\",\"position\":1,\"name\":\"Portada\",\"item\":\"http:\\\/\\\/autosdelpodio.com\\\/autos\\\/\"},{\"@type\":\"ListItem\",\"position\":2,\"name\":\"En Toay gan\u00f3 un Focus\"}]},{\"@type\":\"WebSite\",\"@id\":\"http:\\\/\\\/autosdelpodio.com\\\/autos\\\/#website\",\"url\":\"http:\\\/\\\/autosdelpodio.com\\\/autos\\\/\",\"name\":\"Autos del Podio\",\"description\":\"La sexta del deporte motor\",\"publisher\":{\"@id\":\"http:\\\/\\\/autosdelpodio.com\\\/autos\\\/#organization\"},\"potentialAction\":[{\"@type\":\"SearchAction\",\"target\":{\"@type\":\"EntryPoint\",\"urlTemplate\":\"http:\\\/\\\/autosdelpodio.com\\\/autos\\\/?s={search_term_string}\"},\"query-input\":{\"@type\":\"PropertyValueSpecification\",\"valueRequired\":true,\"valueName\":\"search_term_string\"}}],\"inLanguage\":\"es\"},{\"@type\":\"Organization\",\"@id\":\"http:\\\/\\\/autosdelpodio.com\\\/autos\\\/#organization\",\"name\":\"Autos del Podio\",\"url\":\"http:\\\/\\\/autosdelpodio.com\\\/autos\\\/\",\"logo\":{\"@type\":\"ImageObject\",\"inLanguage\":\"es\",\"@id\":\"http:\\\/\\\/autosdelpodio.com\\\/autos\\\/#\\\/schema\\\/logo\\\/image\\\/\",\"url\":\"http:\\\/\\\/autosdelpodio.com\\\/autos\\\/wp-content\\\/uploads\\\/2020\\\/08\\\/Logo_AR.jpg\",\"contentUrl\":\"http:\\\/\\\/autosdelpodio.com\\\/autos\\\/wp-content\\\/uploads\\\/2020\\\/08\\\/Logo_AR.jpg\",\"width\":1038,\"height\":1044,\"caption\":\"Autos del Podio\"},\"image\":{\"@id\":\"http:\\\/\\\/autosdelpodio.com\\\/autos\\\/#\\\/schema\\\/logo\\\/image\\\/\"},\"sameAs\":[\"https:\\\/\\\/www.facebook.com\\\/profile.php?id=100057192590976&amp;amp;amp;amp;amp;amp;amp;amp;amp;amp;amp;amp;amp;amp;amp;amp;amp;amp;ref=ts\",\"https:\\\/\\\/x.com\\\/autosdelpodio\",\"https:\\\/\\\/www.youtube.com\\\/user\\\/AutosdelPodio\"]},{\"@type\":\"Person\",\"@id\":\"http:\\\/\\\/autosdelpodio.com\\\/autos\\\/#\\\/schema\\\/person\\\/993527a4d01c3acdd3d6bce3770bc942\",\"name\":\"autosdelpodio\",\"image\":{\"@type\":\"ImageObject\",\"inLanguage\":\"es\",\"@id\":\"http:\\\/\\\/autosdelpodio.com\\\/autos\\\/wp-content\\\/litespeed\\\/avatar\\\/aa8f65cd201a80f6b844f63278aa84af.jpg?ver=1777403005\",\"url\":\"http:\\\/\\\/autosdelpodio.com\\\/autos\\\/wp-content\\\/litespeed\\\/avatar\\\/aa8f65cd201a80f6b844f63278aa84af.jpg?ver=1777403005\",\"contentUrl\":\"http:\\\/\\\/autosdelpodio.com\\\/autos\\\/wp-content\\\/litespeed\\\/avatar\\\/aa8f65cd201a80f6b844f63278aa84af.jpg?ver=1777403005\",\"caption\":\"autosdelpodio\"}}]}<\/script>\n<!-- \/ Yoast SEO plugin. -->","yoast_head_json":{"title":"Autos del Podio | En Toay gan\u00f3 un Focus","description":"Autos del Podio Primera victoria final en este 2022 para el pergaminense Alfonso Domenech","robots":{"index":"index","follow":"follow","max-snippet":"max-snippet:-1","max-image-preview":"max-image-preview:large","max-video-preview":"max-video-preview:-1"},"canonical":"http:\/\/autosdelpodio.com\/autos\/en-toay-gano-un-focus\/","og_locale":"es_ES","og_type":"article","og_title":"Autos del Podio | En Toay gan\u00f3 un Focus","og_description":"Autos del Podio Primera victoria final en este 2022 para el pergaminense Alfonso Domenech","og_url":"http:\/\/autosdelpodio.com\/autos\/en-toay-gano-un-focus\/","og_site_name":"Autos del Podio","article_publisher":"https:\/\/www.facebook.com\/profile.php?id=100057192590976&amp%3bamp%3bamp%3bamp%3bamp%3bamp%3bamp%3bamp%3bamp%3bamp%3bamp%3bamp%3bamp%3bamp%3bamp%3bamp%3bamp%3bamp%3bref=ts","article_published_time":"2022-09-25T19:58:52+00:00","article_modified_time":"2022-09-25T19:58:54+00:00","og_image":[{"width":420,"height":192,"url":"http:\/\/autosdelpodio.com\/autos\/wp-content\/uploads\/2020\/04\/Logo_Turismo_Nacional.jpg","type":"image\/jpeg"}],"author":"autosdelpodio","twitter_card":"summary_large_image","twitter_creator":"@autosdelpodio","twitter_site":"@autosdelpodio","twitter_misc":{"Escrito por":"autosdelpodio","Tiempo de lectura":"2 minutos"},"schema":{"@context":"https:\/\/schema.org","@graph":[{"@type":"Article","@id":"http:\/\/autosdelpodio.com\/autos\/en-toay-gano-un-focus\/#article","isPartOf":{"@id":"http:\/\/autosdelpodio.com\/autos\/en-toay-gano-un-focus\/"},"author":{"name":"autosdelpodio","@id":"http:\/\/autosdelpodio.com\/autos\/#\/schema\/person\/993527a4d01c3acdd3d6bce3770bc942"},"headline":"En Toay gan\u00f3 un Focus","datePublished":"2022-09-25T19:58:52+00:00","dateModified":"2022-09-25T19:58:54+00:00","mainEntityOfPage":{"@id":"http:\/\/autosdelpodio.com\/autos\/en-toay-gano-un-focus\/"},"wordCount":206,"commentCount":0,"publisher":{"@id":"http:\/\/autosdelpodio.com\/autos\/#organization"},"image":{"@id":"http:\/\/autosdelpodio.com\/autos\/en-toay-gano-un-focus\/#primaryimage"},"thumbnailUrl":"http:\/\/autosdelpodio.com\/autos\/wp-content\/uploads\/2020\/04\/Logo_Turismo_Nacional.jpg","keywords":["Alfonso Domenech","Ford Focus","La Pampa","Turismo Nacional"],"articleSection":["Recta Principal","\u00daltimas noticias"],"inLanguage":"es","potentialAction":[{"@type":"CommentAction","name":"Comment","target":["http:\/\/autosdelpodio.com\/autos\/en-toay-gano-un-focus\/#respond"]}]},{"@type":"WebPage","@id":"http:\/\/autosdelpodio.com\/autos\/en-toay-gano-un-focus\/","url":"http:\/\/autosdelpodio.com\/autos\/en-toay-gano-un-focus\/","name":"Autos del Podio | En Toay gan\u00f3 un Focus","isPartOf":{"@id":"http:\/\/autosdelpodio.com\/autos\/#website"},"primaryImageOfPage":{"@id":"http:\/\/autosdelpodio.com\/autos\/en-toay-gano-un-focus\/#primaryimage"},"image":{"@id":"http:\/\/autosdelpodio.com\/autos\/en-toay-gano-un-focus\/#primaryimage"},"thumbnailUrl":"http:\/\/autosdelpodio.com\/autos\/wp-content\/uploads\/2020\/04\/Logo_Turismo_Nacional.jpg","datePublished":"2022-09-25T19:58:52+00:00","dateModified":"2022-09-25T19:58:54+00:00","description":"Autos del Podio Primera victoria final en este 2022 para el pergaminense Alfonso Domenech","breadcrumb":{"@id":"http:\/\/autosdelpodio.com\/autos\/en-toay-gano-un-focus\/#breadcrumb"},"inLanguage":"es","potentialAction":[{"@type":"ReadAction","target":["http:\/\/autosdelpodio.com\/autos\/en-toay-gano-un-focus\/"]}]},{"@type":"ImageObject","inLanguage":"es","@id":"http:\/\/autosdelpodio.com\/autos\/en-toay-gano-un-focus\/#primaryimage","url":"http:\/\/autosdelpodio.com\/autos\/wp-content\/uploads\/2020\/04\/Logo_Turismo_Nacional.jpg","contentUrl":"http:\/\/autosdelpodio.com\/autos\/wp-content\/uploads\/2020\/04\/Logo_Turismo_Nacional.jpg","width":420,"height":192},{"@type":"BreadcrumbList","@id":"http:\/\/autosdelpodio.com\/autos\/en-toay-gano-un-focus\/#breadcrumb","itemListElement":[{"@type":"ListItem","position":1,"name":"Portada","item":"http:\/\/autosdelpodio.com\/autos\/"},{"@type":"ListItem","position":2,"name":"En Toay gan\u00f3 un Focus"}]},{"@type":"WebSite","@id":"http:\/\/autosdelpodio.com\/autos\/#website","url":"http:\/\/autosdelpodio.com\/autos\/","name":"Autos del Podio","description":"La sexta del deporte motor","publisher":{"@id":"http:\/\/autosdelpodio.com\/autos\/#organization"},"potentialAction":[{"@type":"SearchAction","target":{"@type":"EntryPoint","urlTemplate":"http:\/\/autosdelpodio.com\/autos\/?s={search_term_string}"},"query-input":{"@type":"PropertyValueSpecification","valueRequired":true,"valueName":"search_term_string"}}],"inLanguage":"es"},{"@type":"Organization","@id":"http:\/\/autosdelpodio.com\/autos\/#organization","name":"Autos del Podio","url":"http:\/\/autosdelpodio.com\/autos\/","logo":{"@type":"ImageObject","inLanguage":"es","@id":"http:\/\/autosdelpodio.com\/autos\/#\/schema\/logo\/image\/","url":"http:\/\/autosdelpodio.com\/autos\/wp-content\/uploads\/2020\/08\/Logo_AR.jpg","contentUrl":"http:\/\/autosdelpodio.com\/autos\/wp-content\/uploads\/2020\/08\/Logo_AR.jpg","width":1038,"height":1044,"caption":"Autos del Podio"},"image":{"@id":"http:\/\/autosdelpodio.com\/autos\/#\/schema\/logo\/image\/"},"sameAs":["https:\/\/www.facebook.com\/profile.php?id=100057192590976&amp;amp;amp;amp;amp;amp;amp;amp;amp;amp;amp;amp;amp;amp;amp;amp;amp;amp;ref=ts","https:\/\/x.com\/autosdelpodio","https:\/\/www.youtube.com\/user\/AutosdelPodio"]},{"@type":"Person","@id":"http:\/\/autosdelpodio.com\/autos\/#\/schema\/person\/993527a4d01c3acdd3d6bce3770bc942","name":"autosdelpodio","image":{"@type":"ImageObject","inLanguage":"es","@id":"http:\/\/autosdelpodio.com\/autos\/wp-content\/litespeed\/avatar\/aa8f65cd201a80f6b844f63278aa84af.jpg?ver=1777403005","url":"http:\/\/autosdelpodio.com\/autos\/wp-content\/litespeed\/avatar\/aa8f65cd201a80f6b844f63278aa84af.jpg?ver=1777403005","contentUrl":"http:\/\/autosdelpodio.com\/autos\/wp-content\/litespeed\/avatar\/aa8f65cd201a80f6b844f63278aa84af.jpg?ver=1777403005","caption":"autosdelpodio"}}]}},"views":363,"_links":{"self":[{"href":"http:\/\/autosdelpodio.com\/autos\/wp-json\/wp\/v2\/posts\/6225","targetHints":{"allow":["GET"]}}],"collection":[{"href":"http:\/\/autosdelpodio.com\/autos\/wp-json\/wp\/v2\/posts"}],"about":[{"href":"http:\/\/autosdelpodio.com\/autos\/wp-json\/wp\/v2\/types\/post"}],"author":[{"embeddable":true,"href":"http:\/\/autosdelpodio.com\/autos\/wp-json\/wp\/v2\/users\/3"}],"replies":[{"embeddable":true,"href":"http:\/\/autosdelpodio.com\/autos\/wp-json\/wp\/v2\/comments?post=6225"}],"version-history":[{"count":2,"href":"http:\/\/autosdelpodio.com\/autos\/wp-json\/wp\/v2\/posts\/6225\/revisions"}],"predecessor-version":[{"id":6227,"href":"http:\/\/autosdelpodio.com\/autos\/wp-json\/wp\/v2\/posts\/6225\/revisions\/6227"}],"wp:featuredmedia":[{"embeddable":true,"href":"http:\/\/autosdelpodio.com\/autos\/wp-json\/wp\/v2\/media\/1614"}],"wp:attachment":[{"href":"http:\/\/autosdelpodio.com\/autos\/wp-json\/wp\/v2\/media?parent=6225"}],"wp:term":[{"taxonomy":"category","embeddable":true,"href":"http:\/\/autosdelpodio.com\/autos\/wp-json\/wp\/v2\/categories?post=6225"},{"taxonomy":"post_tag","embeddable":true,"href":"http:\/\/autosdelpodio.com\/autos\/wp-json\/wp\/v2\/tags?post=6225"}],"curies":[{"name":"wp","href":"https:\/\/api.w.org\/{rel}","templated":true}]}}