{"id":6237,"date":"2022-09-28T22:20:09","date_gmt":"2022-09-29T01:20:09","guid":{"rendered":"http:\/\/autosdelpodio.com\/autos\/?p=6237"},"modified":"2022-09-29T16:45:08","modified_gmt":"2022-09-29T19:45:08","slug":"se-vienen-los-200-km-de-buenos-aires","status":"publish","type":"post","link":"http:\/\/autosdelpodio.com\/autos\/se-vienen-los-200-km-de-buenos-aires\/","title":{"rendered":"Se vienen los 200 Km de Buenos Aires"},"content":{"rendered":"\n<p>Ser\u00e1 durante los d\u00edas 1 y 2 Octubre en el Aut\u00f3dromo Oscar y Juan Galvez, en el marco de la octava fecha del Campeonato Argentino y CODASUR de Super TC2000. Ser\u00e1 la 16\u00ba edici\u00f3n de este cl\u00e1sico del automovilismo argentino que naci\u00f3 en 2004.<br>La primera edici\u00f3n de esta carrera endurance en 2004 fue con victoria del binomio Gabriel Ponce de Le\u00f3n y Patricio Di Palma con el Ford Focus del por entonces equipo oficial comandado por Oreste Berta.<br>Y la \u00faltima competencia fue en 2021 con la consagraci\u00f3n de Leonel Pern\u00eda- Antonino, a bordo del Renault Fluence GT.<\/p>\n\n\n\n<p><em>A continuaci\u00f3n los 20 binomios que formar\u00e1n parte de la edici\u00f3n 2022<\/em><\/p>\n\n\n\n<figure class=\"wp-block-table\"><table><tbody><tr><td><strong>Chevrolet<\/strong><\/td><td>1<\/td><td>Agust\u00edn Canapino\/ Christian Ledesma<\/td><\/tr><tr><td><\/td><td>10<\/td><td>Bernardo Llaver \/ Santiago Urrutia<\/td><\/tr><tr><td><strong>Axion Energy Sport<\/strong><\/td><td>3<\/td><td>Leonel&nbsp; Pern\u00eda \/ Antonino Garcia<\/td><\/tr><tr><td><strong>Ambroggio Racing<\/strong><\/td><td>8<\/td><td>Mat\u00edas Milla\/Juan Manuel Casella<\/td><\/tr><tr><td><\/td><td>17<\/td><td>Felipe Barrios Bustos\/Facundo M\u00e1rquez<\/td><\/tr><tr><td><\/td><td>23<\/td><td>Ignacio Montenegro \/ Gaston Iansa<\/td><\/tr><tr><td><strong>Toyota Gazoo Racing<\/strong><\/td><td>41<\/td><td>Jorge Barrio\/ Dami\u00e1n Fineschi<\/td><\/tr><tr><td><\/td><td>68<\/td><td>Juli\u00e1n Santero\/ Mat\u00edas Rossi<\/td><\/tr><tr><td><strong>Puma Energy Honda Racing<\/strong><\/td><td>5<\/td><td>Fabi\u00e1n Yannantuoni \/Mat\u00edas Mu\u00f1oz Marchesi<\/td><\/tr><tr><td><\/td><td>24<\/td><td>Mat\u00edas Cravero\/ Juan Jos\u00e9 Garriz<\/td><\/tr><tr><td><\/td><td>83<\/td><td>Facundo Ardusso \/ Carlos Javier Merlo<\/td><\/tr><tr><td><strong>FDC Motorsport<\/strong><\/td><td>57<\/td><td>Franco Vivian\/ Ricardo Risatti<\/td><\/tr><tr><td><strong>Toyota Gazoo Racing Junior<\/strong><\/td><td>29<\/td><td>Facundo Aldrighetti\/ Marcelo Ciarrocchi<\/td><\/tr><tr><td><\/td><td>53<\/td><td>Eugenio Provens\/Ever Franetovich<\/td><\/tr><tr><td><strong>FS Motorsport<\/strong><\/td><td>55<\/td><td>Gonzalo Reilly\/ Lucas Colombo Russell<\/td><\/tr><tr><td><\/td><td>65<\/td><td>Emiliano Spataro\/ Norberto Fontana<\/td><\/tr><tr><td><strong>JM Motorsport<\/strong><\/td><td>67<\/td><td>Nicolas Traut\/ Figgo Bessone<\/td><\/tr><tr><td><strong>FR Competici\u00f3n<\/strong><\/td><td>78<\/td><td>Franco Riva \/Leonel Sotro<\/td><\/tr><tr><td><strong>Belloso Competici\u00f3n<\/strong><\/td><td>49<\/td><td>Rodrigo Aramendia\/Juan Scuncio Moro<\/td><\/tr><tr><td><\/td><td>66<\/td><td>Miguel Garc\u00eda \/Cyro Fontes<\/td><\/tr><\/tbody><\/table><\/figure>\n\n\n\n<p><\/p>\n","protected":false},"excerpt":{"rendered":"<p>Ser\u00e1 durante los d\u00edas 1 y 2 Octubre en el Aut\u00f3dromo Oscar y Juan Galvez, en el marco de la<\/p>\n","protected":false},"author":3,"featured_media":5722,"comment_status":"open","ping_status":"open","sticky":false,"template":"","format":"standard","meta":{"colormag_page_container_layout":"default_layout","colormag_page_sidebar_layout":"default_layout","footnotes":""},"categories":[16,5],"tags":[584,142,217],"class_list":["post-6237","post","type-post","status-publish","format-standard","has-post-thumbnail","hentry","category-recta-principal","category-latest-news","tag-200-kmba","tag-autodromo-ba","tag-tc2000"],"yoast_head":"<!-- This site is optimized with the Yoast SEO plugin v27.5 - https:\/\/yoast.com\/product\/yoast-seo-wordpress\/ -->\n<title>Autos del Podio | Se vienen los 200 Km de Buenos Aires<\/title>\n<meta name=\"description\" content=\"Autos del Podio La lista de los binomios inscriptos para los 200 Km. de Buenos Aires de TC2000\" \/>\n<meta name=\"robots\" content=\"index, follow, max-snippet:-1, max-image-preview:large, max-video-preview:-1\" \/>\n<link rel=\"canonical\" href=\"http:\/\/autosdelpodio.com\/autos\/se-vienen-los-200-km-de-buenos-aires\/\" \/>\n<meta property=\"og:locale\" content=\"es_ES\" \/>\n<meta property=\"og:type\" content=\"article\" \/>\n<meta property=\"og:title\" content=\"Autos del Podio | Se vienen los 200 Km de Buenos Aires\" \/>\n<meta property=\"og:description\" content=\"Autos del Podio La lista de los binomios inscriptos para los 200 Km. de Buenos Aires de TC2000\" \/>\n<meta property=\"og:url\" content=\"http:\/\/autosdelpodio.com\/autos\/se-vienen-los-200-km-de-buenos-aires\/\" \/>\n<meta property=\"og:site_name\" content=\"Autos del Podio\" \/>\n<meta property=\"article:publisher\" content=\"https:\/\/www.facebook.com\/profile.php?id=100057192590976&amp;amp%3bamp%3bamp%3bamp%3bamp%3bamp%3bamp%3bamp%3bamp%3bamp%3bamp%3bamp%3bamp%3bamp%3bamp%3bamp%3bamp%3bamp%3bref=ts\" \/>\n<meta property=\"article:published_time\" content=\"2022-09-29T01:20:09+00:00\" \/>\n<meta property=\"article:modified_time\" content=\"2022-09-29T19:45:08+00:00\" \/>\n<meta property=\"og:image\" content=\"http:\/\/autosdelpodio.com\/autos\/wp-content\/uploads\/2022\/05\/TC2000_New_500.jpg\" \/>\n\t<meta property=\"og:image:width\" content=\"500\" \/>\n\t<meta property=\"og:image:height\" content=\"250\" \/>\n\t<meta property=\"og:image:type\" content=\"image\/jpeg\" \/>\n<meta name=\"author\" content=\"autosdelpodio\" \/>\n<meta name=\"twitter:card\" content=\"summary_large_image\" \/>\n<meta name=\"twitter:creator\" content=\"@autosdelpodio\" \/>\n<meta name=\"twitter:site\" content=\"@autosdelpodio\" \/>\n<meta name=\"twitter:label1\" content=\"Escrito por\" \/>\n\t<meta name=\"twitter:data1\" content=\"autosdelpodio\" \/>\n\t<meta name=\"twitter:label2\" content=\"Tiempo de lectura\" \/>\n\t<meta name=\"twitter:data2\" content=\"2 minutos\" \/>\n<script type=\"application\/ld+json\" class=\"yoast-schema-graph\">{\"@context\":\"https:\\\/\\\/schema.org\",\"@graph\":[{\"@type\":\"Article\",\"@id\":\"http:\\\/\\\/autosdelpodio.com\\\/autos\\\/se-vienen-los-200-km-de-buenos-aires\\\/#article\",\"isPartOf\":{\"@id\":\"http:\\\/\\\/autosdelpodio.com\\\/autos\\\/se-vienen-los-200-km-de-buenos-aires\\\/\"},\"author\":{\"name\":\"autosdelpodio\",\"@id\":\"http:\\\/\\\/autosdelpodio.com\\\/autos\\\/#\\\/schema\\\/person\\\/993527a4d01c3acdd3d6bce3770bc942\"},\"headline\":\"Se vienen los 200 Km de Buenos Aires\",\"datePublished\":\"2022-09-29T01:20:09+00:00\",\"dateModified\":\"2022-09-29T19:45:08+00:00\",\"mainEntityOfPage\":{\"@id\":\"http:\\\/\\\/autosdelpodio.com\\\/autos\\\/se-vienen-los-200-km-de-buenos-aires\\\/\"},\"wordCount\":250,\"commentCount\":0,\"publisher\":{\"@id\":\"http:\\\/\\\/autosdelpodio.com\\\/autos\\\/#organization\"},\"image\":{\"@id\":\"http:\\\/\\\/autosdelpodio.com\\\/autos\\\/se-vienen-los-200-km-de-buenos-aires\\\/#primaryimage\"},\"thumbnailUrl\":\"http:\\\/\\\/autosdelpodio.com\\\/autos\\\/wp-content\\\/uploads\\\/2022\\\/05\\\/TC2000_New_500.jpg\",\"keywords\":[\"200 KmBA\",\"Autodromo BA\",\"TC2000\"],\"articleSection\":[\"Recta Principal\",\"\u00daltimas noticias\"],\"inLanguage\":\"es\",\"potentialAction\":[{\"@type\":\"CommentAction\",\"name\":\"Comment\",\"target\":[\"http:\\\/\\\/autosdelpodio.com\\\/autos\\\/se-vienen-los-200-km-de-buenos-aires\\\/#respond\"]}]},{\"@type\":\"WebPage\",\"@id\":\"http:\\\/\\\/autosdelpodio.com\\\/autos\\\/se-vienen-los-200-km-de-buenos-aires\\\/\",\"url\":\"http:\\\/\\\/autosdelpodio.com\\\/autos\\\/se-vienen-los-200-km-de-buenos-aires\\\/\",\"name\":\"Autos del Podio | Se vienen los 200 Km de Buenos Aires\",\"isPartOf\":{\"@id\":\"http:\\\/\\\/autosdelpodio.com\\\/autos\\\/#website\"},\"primaryImageOfPage\":{\"@id\":\"http:\\\/\\\/autosdelpodio.com\\\/autos\\\/se-vienen-los-200-km-de-buenos-aires\\\/#primaryimage\"},\"image\":{\"@id\":\"http:\\\/\\\/autosdelpodio.com\\\/autos\\\/se-vienen-los-200-km-de-buenos-aires\\\/#primaryimage\"},\"thumbnailUrl\":\"http:\\\/\\\/autosdelpodio.com\\\/autos\\\/wp-content\\\/uploads\\\/2022\\\/05\\\/TC2000_New_500.jpg\",\"datePublished\":\"2022-09-29T01:20:09+00:00\",\"dateModified\":\"2022-09-29T19:45:08+00:00\",\"description\":\"Autos del Podio La lista de los binomios inscriptos para los 200 Km. de Buenos Aires de TC2000\",\"breadcrumb\":{\"@id\":\"http:\\\/\\\/autosdelpodio.com\\\/autos\\\/se-vienen-los-200-km-de-buenos-aires\\\/#breadcrumb\"},\"inLanguage\":\"es\",\"potentialAction\":[{\"@type\":\"ReadAction\",\"target\":[\"http:\\\/\\\/autosdelpodio.com\\\/autos\\\/se-vienen-los-200-km-de-buenos-aires\\\/\"]}]},{\"@type\":\"ImageObject\",\"inLanguage\":\"es\",\"@id\":\"http:\\\/\\\/autosdelpodio.com\\\/autos\\\/se-vienen-los-200-km-de-buenos-aires\\\/#primaryimage\",\"url\":\"http:\\\/\\\/autosdelpodio.com\\\/autos\\\/wp-content\\\/uploads\\\/2022\\\/05\\\/TC2000_New_500.jpg\",\"contentUrl\":\"http:\\\/\\\/autosdelpodio.com\\\/autos\\\/wp-content\\\/uploads\\\/2022\\\/05\\\/TC2000_New_500.jpg\",\"width\":500,\"height\":250},{\"@type\":\"BreadcrumbList\",\"@id\":\"http:\\\/\\\/autosdelpodio.com\\\/autos\\\/se-vienen-los-200-km-de-buenos-aires\\\/#breadcrumb\",\"itemListElement\":[{\"@type\":\"ListItem\",\"position\":1,\"name\":\"Portada\",\"item\":\"http:\\\/\\\/autosdelpodio.com\\\/autos\\\/\"},{\"@type\":\"ListItem\",\"position\":2,\"name\":\"Se vienen los 200 Km de Buenos Aires\"}]},{\"@type\":\"WebSite\",\"@id\":\"http:\\\/\\\/autosdelpodio.com\\\/autos\\\/#website\",\"url\":\"http:\\\/\\\/autosdelpodio.com\\\/autos\\\/\",\"name\":\"Autos del Podio\",\"description\":\"La sexta del deporte motor\",\"publisher\":{\"@id\":\"http:\\\/\\\/autosdelpodio.com\\\/autos\\\/#organization\"},\"potentialAction\":[{\"@type\":\"SearchAction\",\"target\":{\"@type\":\"EntryPoint\",\"urlTemplate\":\"http:\\\/\\\/autosdelpodio.com\\\/autos\\\/?s={search_term_string}\"},\"query-input\":{\"@type\":\"PropertyValueSpecification\",\"valueRequired\":true,\"valueName\":\"search_term_string\"}}],\"inLanguage\":\"es\"},{\"@type\":\"Organization\",\"@id\":\"http:\\\/\\\/autosdelpodio.com\\\/autos\\\/#organization\",\"name\":\"Autos del Podio\",\"url\":\"http:\\\/\\\/autosdelpodio.com\\\/autos\\\/\",\"logo\":{\"@type\":\"ImageObject\",\"inLanguage\":\"es\",\"@id\":\"http:\\\/\\\/autosdelpodio.com\\\/autos\\\/#\\\/schema\\\/logo\\\/image\\\/\",\"url\":\"http:\\\/\\\/autosdelpodio.com\\\/autos\\\/wp-content\\\/uploads\\\/2020\\\/08\\\/Logo_AR.jpg\",\"contentUrl\":\"http:\\\/\\\/autosdelpodio.com\\\/autos\\\/wp-content\\\/uploads\\\/2020\\\/08\\\/Logo_AR.jpg\",\"width\":1038,\"height\":1044,\"caption\":\"Autos del Podio\"},\"image\":{\"@id\":\"http:\\\/\\\/autosdelpodio.com\\\/autos\\\/#\\\/schema\\\/logo\\\/image\\\/\"},\"sameAs\":[\"https:\\\/\\\/www.facebook.com\\\/profile.php?id=100057192590976&amp;amp;amp;amp;amp;amp;amp;amp;amp;amp;amp;amp;amp;amp;amp;amp;amp;amp;ref=ts\",\"https:\\\/\\\/x.com\\\/autosdelpodio\",\"https:\\\/\\\/www.youtube.com\\\/user\\\/AutosdelPodio\"]},{\"@type\":\"Person\",\"@id\":\"http:\\\/\\\/autosdelpodio.com\\\/autos\\\/#\\\/schema\\\/person\\\/993527a4d01c3acdd3d6bce3770bc942\",\"name\":\"autosdelpodio\",\"image\":{\"@type\":\"ImageObject\",\"inLanguage\":\"es\",\"@id\":\"http:\\\/\\\/autosdelpodio.com\\\/autos\\\/wp-content\\\/litespeed\\\/avatar\\\/aa8f65cd201a80f6b844f63278aa84af.jpg?ver=1777403005\",\"url\":\"http:\\\/\\\/autosdelpodio.com\\\/autos\\\/wp-content\\\/litespeed\\\/avatar\\\/aa8f65cd201a80f6b844f63278aa84af.jpg?ver=1777403005\",\"contentUrl\":\"http:\\\/\\\/autosdelpodio.com\\\/autos\\\/wp-content\\\/litespeed\\\/avatar\\\/aa8f65cd201a80f6b844f63278aa84af.jpg?ver=1777403005\",\"caption\":\"autosdelpodio\"}}]}<\/script>\n<!-- \/ Yoast SEO plugin. -->","yoast_head_json":{"title":"Autos del Podio | Se vienen los 200 Km de Buenos Aires","description":"Autos del Podio La lista de los binomios inscriptos para los 200 Km. de Buenos Aires de TC2000","robots":{"index":"index","follow":"follow","max-snippet":"max-snippet:-1","max-image-preview":"max-image-preview:large","max-video-preview":"max-video-preview:-1"},"canonical":"http:\/\/autosdelpodio.com\/autos\/se-vienen-los-200-km-de-buenos-aires\/","og_locale":"es_ES","og_type":"article","og_title":"Autos del Podio | Se vienen los 200 Km de Buenos Aires","og_description":"Autos del Podio La lista de los binomios inscriptos para los 200 Km. de Buenos Aires de TC2000","og_url":"http:\/\/autosdelpodio.com\/autos\/se-vienen-los-200-km-de-buenos-aires\/","og_site_name":"Autos del Podio","article_publisher":"https:\/\/www.facebook.com\/profile.php?id=100057192590976&amp%3bamp%3bamp%3bamp%3bamp%3bamp%3bamp%3bamp%3bamp%3bamp%3bamp%3bamp%3bamp%3bamp%3bamp%3bamp%3bamp%3bamp%3bref=ts","article_published_time":"2022-09-29T01:20:09+00:00","article_modified_time":"2022-09-29T19:45:08+00:00","og_image":[{"width":500,"height":250,"url":"http:\/\/autosdelpodio.com\/autos\/wp-content\/uploads\/2022\/05\/TC2000_New_500.jpg","type":"image\/jpeg"}],"author":"autosdelpodio","twitter_card":"summary_large_image","twitter_creator":"@autosdelpodio","twitter_site":"@autosdelpodio","twitter_misc":{"Escrito por":"autosdelpodio","Tiempo de lectura":"2 minutos"},"schema":{"@context":"https:\/\/schema.org","@graph":[{"@type":"Article","@id":"http:\/\/autosdelpodio.com\/autos\/se-vienen-los-200-km-de-buenos-aires\/#article","isPartOf":{"@id":"http:\/\/autosdelpodio.com\/autos\/se-vienen-los-200-km-de-buenos-aires\/"},"author":{"name":"autosdelpodio","@id":"http:\/\/autosdelpodio.com\/autos\/#\/schema\/person\/993527a4d01c3acdd3d6bce3770bc942"},"headline":"Se vienen los 200 Km de Buenos Aires","datePublished":"2022-09-29T01:20:09+00:00","dateModified":"2022-09-29T19:45:08+00:00","mainEntityOfPage":{"@id":"http:\/\/autosdelpodio.com\/autos\/se-vienen-los-200-km-de-buenos-aires\/"},"wordCount":250,"commentCount":0,"publisher":{"@id":"http:\/\/autosdelpodio.com\/autos\/#organization"},"image":{"@id":"http:\/\/autosdelpodio.com\/autos\/se-vienen-los-200-km-de-buenos-aires\/#primaryimage"},"thumbnailUrl":"http:\/\/autosdelpodio.com\/autos\/wp-content\/uploads\/2022\/05\/TC2000_New_500.jpg","keywords":["200 KmBA","Autodromo BA","TC2000"],"articleSection":["Recta Principal","\u00daltimas noticias"],"inLanguage":"es","potentialAction":[{"@type":"CommentAction","name":"Comment","target":["http:\/\/autosdelpodio.com\/autos\/se-vienen-los-200-km-de-buenos-aires\/#respond"]}]},{"@type":"WebPage","@id":"http:\/\/autosdelpodio.com\/autos\/se-vienen-los-200-km-de-buenos-aires\/","url":"http:\/\/autosdelpodio.com\/autos\/se-vienen-los-200-km-de-buenos-aires\/","name":"Autos del Podio | Se vienen los 200 Km de Buenos Aires","isPartOf":{"@id":"http:\/\/autosdelpodio.com\/autos\/#website"},"primaryImageOfPage":{"@id":"http:\/\/autosdelpodio.com\/autos\/se-vienen-los-200-km-de-buenos-aires\/#primaryimage"},"image":{"@id":"http:\/\/autosdelpodio.com\/autos\/se-vienen-los-200-km-de-buenos-aires\/#primaryimage"},"thumbnailUrl":"http:\/\/autosdelpodio.com\/autos\/wp-content\/uploads\/2022\/05\/TC2000_New_500.jpg","datePublished":"2022-09-29T01:20:09+00:00","dateModified":"2022-09-29T19:45:08+00:00","description":"Autos del Podio La lista de los binomios inscriptos para los 200 Km. de Buenos Aires de TC2000","breadcrumb":{"@id":"http:\/\/autosdelpodio.com\/autos\/se-vienen-los-200-km-de-buenos-aires\/#breadcrumb"},"inLanguage":"es","potentialAction":[{"@type":"ReadAction","target":["http:\/\/autosdelpodio.com\/autos\/se-vienen-los-200-km-de-buenos-aires\/"]}]},{"@type":"ImageObject","inLanguage":"es","@id":"http:\/\/autosdelpodio.com\/autos\/se-vienen-los-200-km-de-buenos-aires\/#primaryimage","url":"http:\/\/autosdelpodio.com\/autos\/wp-content\/uploads\/2022\/05\/TC2000_New_500.jpg","contentUrl":"http:\/\/autosdelpodio.com\/autos\/wp-content\/uploads\/2022\/05\/TC2000_New_500.jpg","width":500,"height":250},{"@type":"BreadcrumbList","@id":"http:\/\/autosdelpodio.com\/autos\/se-vienen-los-200-km-de-buenos-aires\/#breadcrumb","itemListElement":[{"@type":"ListItem","position":1,"name":"Portada","item":"http:\/\/autosdelpodio.com\/autos\/"},{"@type":"ListItem","position":2,"name":"Se vienen los 200 Km de Buenos Aires"}]},{"@type":"WebSite","@id":"http:\/\/autosdelpodio.com\/autos\/#website","url":"http:\/\/autosdelpodio.com\/autos\/","name":"Autos del Podio","description":"La sexta del deporte motor","publisher":{"@id":"http:\/\/autosdelpodio.com\/autos\/#organization"},"potentialAction":[{"@type":"SearchAction","target":{"@type":"EntryPoint","urlTemplate":"http:\/\/autosdelpodio.com\/autos\/?s={search_term_string}"},"query-input":{"@type":"PropertyValueSpecification","valueRequired":true,"valueName":"search_term_string"}}],"inLanguage":"es"},{"@type":"Organization","@id":"http:\/\/autosdelpodio.com\/autos\/#organization","name":"Autos del Podio","url":"http:\/\/autosdelpodio.com\/autos\/","logo":{"@type":"ImageObject","inLanguage":"es","@id":"http:\/\/autosdelpodio.com\/autos\/#\/schema\/logo\/image\/","url":"http:\/\/autosdelpodio.com\/autos\/wp-content\/uploads\/2020\/08\/Logo_AR.jpg","contentUrl":"http:\/\/autosdelpodio.com\/autos\/wp-content\/uploads\/2020\/08\/Logo_AR.jpg","width":1038,"height":1044,"caption":"Autos del Podio"},"image":{"@id":"http:\/\/autosdelpodio.com\/autos\/#\/schema\/logo\/image\/"},"sameAs":["https:\/\/www.facebook.com\/profile.php?id=100057192590976&amp;amp;amp;amp;amp;amp;amp;amp;amp;amp;amp;amp;amp;amp;amp;amp;amp;amp;ref=ts","https:\/\/x.com\/autosdelpodio","https:\/\/www.youtube.com\/user\/AutosdelPodio"]},{"@type":"Person","@id":"http:\/\/autosdelpodio.com\/autos\/#\/schema\/person\/993527a4d01c3acdd3d6bce3770bc942","name":"autosdelpodio","image":{"@type":"ImageObject","inLanguage":"es","@id":"http:\/\/autosdelpodio.com\/autos\/wp-content\/litespeed\/avatar\/aa8f65cd201a80f6b844f63278aa84af.jpg?ver=1777403005","url":"http:\/\/autosdelpodio.com\/autos\/wp-content\/litespeed\/avatar\/aa8f65cd201a80f6b844f63278aa84af.jpg?ver=1777403005","contentUrl":"http:\/\/autosdelpodio.com\/autos\/wp-content\/litespeed\/avatar\/aa8f65cd201a80f6b844f63278aa84af.jpg?ver=1777403005","caption":"autosdelpodio"}}]}},"views":461,"_links":{"self":[{"href":"http:\/\/autosdelpodio.com\/autos\/wp-json\/wp\/v2\/posts\/6237","targetHints":{"allow":["GET"]}}],"collection":[{"href":"http:\/\/autosdelpodio.com\/autos\/wp-json\/wp\/v2\/posts"}],"about":[{"href":"http:\/\/autosdelpodio.com\/autos\/wp-json\/wp\/v2\/types\/post"}],"author":[{"embeddable":true,"href":"http:\/\/autosdelpodio.com\/autos\/wp-json\/wp\/v2\/users\/3"}],"replies":[{"embeddable":true,"href":"http:\/\/autosdelpodio.com\/autos\/wp-json\/wp\/v2\/comments?post=6237"}],"version-history":[{"count":2,"href":"http:\/\/autosdelpodio.com\/autos\/wp-json\/wp\/v2\/posts\/6237\/revisions"}],"predecessor-version":[{"id":6239,"href":"http:\/\/autosdelpodio.com\/autos\/wp-json\/wp\/v2\/posts\/6237\/revisions\/6239"}],"wp:featuredmedia":[{"embeddable":true,"href":"http:\/\/autosdelpodio.com\/autos\/wp-json\/wp\/v2\/media\/5722"}],"wp:attachment":[{"href":"http:\/\/autosdelpodio.com\/autos\/wp-json\/wp\/v2\/media?parent=6237"}],"wp:term":[{"taxonomy":"category","embeddable":true,"href":"http:\/\/autosdelpodio.com\/autos\/wp-json\/wp\/v2\/categories?post=6237"},{"taxonomy":"post_tag","embeddable":true,"href":"http:\/\/autosdelpodio.com\/autos\/wp-json\/wp\/v2\/tags?post=6237"}],"curies":[{"name":"wp","href":"https:\/\/api.w.org\/{rel}","templated":true}]}}