{"id":6298,"date":"2022-10-16T22:52:28","date_gmt":"2022-10-17T01:52:28","guid":{"rendered":"http:\/\/autosdelpodio.com\/autos\/?p=6298"},"modified":"2022-10-16T22:52:28","modified_gmt":"2022-10-17T01:52:28","slug":"la-sana-costumbre","status":"publish","type":"post","link":"http:\/\/autosdelpodio.com\/autos\/la-sana-costumbre\/","title":{"rendered":"La sana costumbre"},"content":{"rendered":"\n<p>Jorge Barrio repiti\u00f3 victoria en la final del Top Race V6 en su regreso tras 5 temporada al Aut\u00f3dromo Yaco Guarnieri de Resistencia.El Chelo Ciarrocchi y el nuevo l\u00edder del campeonato Josito Di Palma completaron el podio.<br>El torneo anual a 2 fechas del cierre es liderado por Josito Di Palma con 280 puntos, relegando al segundo lugar al actual campe\u00f3n Diego Azar con 275. Mas atr\u00e1s aparece Marcelo Ciarrocchi con 229 puntos.<br>La pr\u00f3xima competencia ser\u00e1 el 6 de noviembre en el Aut\u00f3dromo entrerriano de Concepci\u00f3n del Uruguay.<\/p>\n\n\n\n<p><strong>Final TRV6 &#8211; Fecha 10<\/strong><\/p>\n\n\n\n<figure class=\"wp-block-table\"><table><tbody><tr><td>1<\/td><td>LEXUS<\/td><td>41<\/td><td>BARRIO<\/td><td>27<\/td><td>32;01.947<\/td><td><\/td><\/tr><tr><td>2<\/td><td>FORD<\/td><td>40<\/td><td>CIARROCCHI<\/td><td>27<\/td><td>32;05.130<\/td><td>3.183<\/td><\/tr><tr><td>3<\/td><td>FIAT<\/td><td>138<\/td><td>J. DI PALMA<\/td><td>27<\/td><td>32;07.574<\/td><td>5.627<\/td><\/tr><tr><td>4<\/td><td>FORD<\/td><td>33<\/td><td>SAPAG<\/td><td>27<\/td><td>32;09.099<\/td><td>7.152<\/td><\/tr><tr><td>5<\/td><td>LEXUS<\/td><td>100<\/td><td>REUTEMANN<\/td><td>27<\/td><td>32;09.889<\/td><td>7.942<\/td><\/tr><tr><td>6<\/td><td>LEXUS<\/td><td>95<\/td><td>RUSSO<\/td><td>27<\/td><td>32;11.256<\/td><td>9.309<\/td><\/tr><tr><td>7<\/td><td>LEXUS<\/td><td>97<\/td><td>CINGOLANI<\/td><td>27<\/td><td>32;17.487<\/td><td>15.540<\/td><\/tr><tr><td>8<\/td><td>CHEVROLET<\/td><td>71<\/td><td>PERSIA<\/td><td>27<\/td><td>32;18.441<\/td><td>16.494<\/td><\/tr><tr><td>9<\/td><td>LEXUS<\/td><td>1<\/td><td>AZAR<\/td><td>27<\/td><td>32;18.699<\/td><td>16.752<\/td><\/tr><tr><td>10<\/td><td>LEXUS<\/td><td>99<\/td><td>CAPURRO<\/td><td>27<\/td><td>32;19.069<\/td><td>17.122<\/td><\/tr><tr><td>11<\/td><td>MERCEDES<\/td><td>7<\/td><td>ROSSI<\/td><td>27<\/td><td>32;19.771<\/td><td>17.824<\/td><\/tr><tr><td>12<\/td><td>MERCEDES<\/td><td>88<\/td><td>CHIRIANO (M)<\/td><td>27<\/td><td>32;26.039<\/td><td>24.092<\/td><\/tr><tr><td>13<\/td><td>MERCEDES<\/td><td>12<\/td><td>GIUSTOZZI (M)<\/td><td>27<\/td><td>32;32.866<\/td><td>30.919<\/td><\/tr><tr><td>14<\/td><td>LEXUS<\/td><td>8<\/td><td>GASTALDI (M)<\/td><td>27<\/td><td>32;46.451<\/td><td>44.504<\/td><\/tr><tr><td>15<\/td><td>LEXUS<\/td><td>771<\/td><td>ABELLA (M)<\/td><td>26<\/td><td>32;24.059<\/td><td>1 vta<\/td><\/tr><tr><td>16<\/td><td>LEXUS<\/td><td>83<\/td><td>ALDRIGHETTI<\/td><td>26<\/td><td>32;26.337<\/td><td>1 vta<\/td><\/tr><tr><td>17<\/td><td>CHEVROLET<\/td><td>5<\/td><td>GUERRA<\/td><td>21<\/td><td>26;16.100<\/td><td>6 vtas<\/td><\/tr><tr><td>18<\/td><td>FIAT<\/td><td>107<\/td><td>VERRIELLO<\/td><td>17<\/td><td>20;02.206<\/td><td>10 vtas<\/td><\/tr><tr><td>19<\/td><td>FIAT<\/td><td>38<\/td><td>S.DI PALMA<\/td><td>16<\/td><td>18;16.795<\/td><td>11 vtas<\/td><\/tr><tr><td>20<\/td><td>FORD<\/td><td>3<\/td><td>FELIPPO<\/td><td>4<\/td><td>4;43.091<\/td><td>23 vtas<\/td><\/tr><tr><td>21<\/td><td>LEXUS<\/td><td>90<\/td><td>BONNIN<\/td><td>2<\/td><td>2;38.955<\/td><td>25 vtas<\/td><\/tr><\/tbody><\/table><\/figure>\n","protected":false},"excerpt":{"rendered":"<p>Jorge Barrio repiti\u00f3 victoria en la final del Top Race V6 en su regreso tras 5 temporada al Aut\u00f3dromo Yaco<\/p>\n","protected":false},"author":3,"featured_media":2533,"comment_status":"open","ping_status":"open","sticky":false,"template":"","format":"standard","meta":{"colormag_page_container_layout":"default_layout","colormag_page_sidebar_layout":"default_layout","footnotes":""},"categories":[16,5],"tags":[265,263,622,79],"class_list":["post-6298","post","type-post","status-publish","format-standard","has-post-thumbnail","hentry","category-recta-principal","category-latest-news","tag-autodromo-yaco-guarnieri","tag-chaco","tag-jorge-barrio","tag-top-race-v6"],"yoast_head":"<!-- This site is optimized with the Yoast SEO plugin v27.5 - https:\/\/yoast.com\/product\/yoast-seo-wordpress\/ -->\n<title>Autos del Podio | La sana costumbre<\/title>\n<meta name=\"description\" content=\"Autos del Podio Segundo triunfo en fila para Jorgito Barrio.Esta vez lo hizo en Chaco.\" \/>\n<meta name=\"robots\" content=\"index, follow, max-snippet:-1, max-image-preview:large, max-video-preview:-1\" \/>\n<link rel=\"canonical\" href=\"http:\/\/autosdelpodio.com\/autos\/la-sana-costumbre\/\" \/>\n<meta property=\"og:locale\" content=\"es_ES\" \/>\n<meta property=\"og:type\" content=\"article\" \/>\n<meta property=\"og:title\" content=\"Autos del Podio | La sana costumbre\" \/>\n<meta property=\"og:description\" content=\"Autos del Podio Segundo triunfo en fila para Jorgito Barrio.Esta vez lo hizo en Chaco.\" \/>\n<meta property=\"og:url\" content=\"http:\/\/autosdelpodio.com\/autos\/la-sana-costumbre\/\" \/>\n<meta property=\"og:site_name\" content=\"Autos del Podio\" \/>\n<meta property=\"article:publisher\" content=\"https:\/\/www.facebook.com\/profile.php?id=100057192590976&amp;amp%3bamp%3bamp%3bamp%3bamp%3bamp%3bamp%3bamp%3bamp%3bamp%3bamp%3bamp%3bamp%3bamp%3bamp%3bamp%3bamp%3bamp%3bref=ts\" \/>\n<meta property=\"article:published_time\" content=\"2022-10-17T01:52:28+00:00\" \/>\n<meta property=\"og:image\" content=\"http:\/\/autosdelpodio.com\/autos\/wp-content\/uploads\/2020\/08\/Logo_Top_Race-e1646006293842.jpg\" \/>\n\t<meta property=\"og:image:width\" content=\"200\" \/>\n\t<meta property=\"og:image:height\" content=\"200\" \/>\n\t<meta property=\"og:image:type\" content=\"image\/jpeg\" \/>\n<meta name=\"author\" content=\"autosdelpodio\" \/>\n<meta name=\"twitter:card\" content=\"summary_large_image\" \/>\n<meta name=\"twitter:creator\" content=\"@autosdelpodio\" \/>\n<meta name=\"twitter:site\" content=\"@autosdelpodio\" \/>\n<meta name=\"twitter:label1\" content=\"Escrito por\" \/>\n\t<meta name=\"twitter:data1\" content=\"autosdelpodio\" \/>\n\t<meta name=\"twitter:label2\" content=\"Tiempo de lectura\" \/>\n\t<meta name=\"twitter:data2\" content=\"2 minutos\" \/>\n<script type=\"application\/ld+json\" class=\"yoast-schema-graph\">{\"@context\":\"https:\\\/\\\/schema.org\",\"@graph\":[{\"@type\":\"Article\",\"@id\":\"http:\\\/\\\/autosdelpodio.com\\\/autos\\\/la-sana-costumbre\\\/#article\",\"isPartOf\":{\"@id\":\"http:\\\/\\\/autosdelpodio.com\\\/autos\\\/la-sana-costumbre\\\/\"},\"author\":{\"name\":\"autosdelpodio\",\"@id\":\"http:\\\/\\\/autosdelpodio.com\\\/autos\\\/#\\\/schema\\\/person\\\/993527a4d01c3acdd3d6bce3770bc942\"},\"headline\":\"La sana costumbre\",\"datePublished\":\"2022-10-17T01:52:28+00:00\",\"mainEntityOfPage\":{\"@id\":\"http:\\\/\\\/autosdelpodio.com\\\/autos\\\/la-sana-costumbre\\\/\"},\"wordCount\":155,\"commentCount\":0,\"publisher\":{\"@id\":\"http:\\\/\\\/autosdelpodio.com\\\/autos\\\/#organization\"},\"image\":{\"@id\":\"http:\\\/\\\/autosdelpodio.com\\\/autos\\\/la-sana-costumbre\\\/#primaryimage\"},\"thumbnailUrl\":\"http:\\\/\\\/autosdelpodio.com\\\/autos\\\/wp-content\\\/uploads\\\/2020\\\/08\\\/Logo_Top_Race-e1646006293842.jpg\",\"keywords\":[\"Autodromo Yaco Guarnieri\",\"Chaco\",\"Jorge Barrio\",\"Top Race V6\"],\"articleSection\":[\"Recta Principal\",\"\u00daltimas noticias\"],\"inLanguage\":\"es\",\"potentialAction\":[{\"@type\":\"CommentAction\",\"name\":\"Comment\",\"target\":[\"http:\\\/\\\/autosdelpodio.com\\\/autos\\\/la-sana-costumbre\\\/#respond\"]}]},{\"@type\":\"WebPage\",\"@id\":\"http:\\\/\\\/autosdelpodio.com\\\/autos\\\/la-sana-costumbre\\\/\",\"url\":\"http:\\\/\\\/autosdelpodio.com\\\/autos\\\/la-sana-costumbre\\\/\",\"name\":\"Autos del Podio | La sana costumbre\",\"isPartOf\":{\"@id\":\"http:\\\/\\\/autosdelpodio.com\\\/autos\\\/#website\"},\"primaryImageOfPage\":{\"@id\":\"http:\\\/\\\/autosdelpodio.com\\\/autos\\\/la-sana-costumbre\\\/#primaryimage\"},\"image\":{\"@id\":\"http:\\\/\\\/autosdelpodio.com\\\/autos\\\/la-sana-costumbre\\\/#primaryimage\"},\"thumbnailUrl\":\"http:\\\/\\\/autosdelpodio.com\\\/autos\\\/wp-content\\\/uploads\\\/2020\\\/08\\\/Logo_Top_Race-e1646006293842.jpg\",\"datePublished\":\"2022-10-17T01:52:28+00:00\",\"description\":\"Autos del Podio Segundo triunfo en fila para Jorgito Barrio.Esta vez lo hizo en Chaco.\",\"breadcrumb\":{\"@id\":\"http:\\\/\\\/autosdelpodio.com\\\/autos\\\/la-sana-costumbre\\\/#breadcrumb\"},\"inLanguage\":\"es\",\"potentialAction\":[{\"@type\":\"ReadAction\",\"target\":[\"http:\\\/\\\/autosdelpodio.com\\\/autos\\\/la-sana-costumbre\\\/\"]}]},{\"@type\":\"ImageObject\",\"inLanguage\":\"es\",\"@id\":\"http:\\\/\\\/autosdelpodio.com\\\/autos\\\/la-sana-costumbre\\\/#primaryimage\",\"url\":\"http:\\\/\\\/autosdelpodio.com\\\/autos\\\/wp-content\\\/uploads\\\/2020\\\/08\\\/Logo_Top_Race-e1646006293842.jpg\",\"contentUrl\":\"http:\\\/\\\/autosdelpodio.com\\\/autos\\\/wp-content\\\/uploads\\\/2020\\\/08\\\/Logo_Top_Race-e1646006293842.jpg\",\"width\":200,\"height\":200},{\"@type\":\"BreadcrumbList\",\"@id\":\"http:\\\/\\\/autosdelpodio.com\\\/autos\\\/la-sana-costumbre\\\/#breadcrumb\",\"itemListElement\":[{\"@type\":\"ListItem\",\"position\":1,\"name\":\"Portada\",\"item\":\"http:\\\/\\\/autosdelpodio.com\\\/autos\\\/\"},{\"@type\":\"ListItem\",\"position\":2,\"name\":\"La sana costumbre\"}]},{\"@type\":\"WebSite\",\"@id\":\"http:\\\/\\\/autosdelpodio.com\\\/autos\\\/#website\",\"url\":\"http:\\\/\\\/autosdelpodio.com\\\/autos\\\/\",\"name\":\"Autos del Podio\",\"description\":\"La sexta del deporte motor\",\"publisher\":{\"@id\":\"http:\\\/\\\/autosdelpodio.com\\\/autos\\\/#organization\"},\"potentialAction\":[{\"@type\":\"SearchAction\",\"target\":{\"@type\":\"EntryPoint\",\"urlTemplate\":\"http:\\\/\\\/autosdelpodio.com\\\/autos\\\/?s={search_term_string}\"},\"query-input\":{\"@type\":\"PropertyValueSpecification\",\"valueRequired\":true,\"valueName\":\"search_term_string\"}}],\"inLanguage\":\"es\"},{\"@type\":\"Organization\",\"@id\":\"http:\\\/\\\/autosdelpodio.com\\\/autos\\\/#organization\",\"name\":\"Autos del Podio\",\"url\":\"http:\\\/\\\/autosdelpodio.com\\\/autos\\\/\",\"logo\":{\"@type\":\"ImageObject\",\"inLanguage\":\"es\",\"@id\":\"http:\\\/\\\/autosdelpodio.com\\\/autos\\\/#\\\/schema\\\/logo\\\/image\\\/\",\"url\":\"http:\\\/\\\/autosdelpodio.com\\\/autos\\\/wp-content\\\/uploads\\\/2020\\\/08\\\/Logo_AR.jpg\",\"contentUrl\":\"http:\\\/\\\/autosdelpodio.com\\\/autos\\\/wp-content\\\/uploads\\\/2020\\\/08\\\/Logo_AR.jpg\",\"width\":1038,\"height\":1044,\"caption\":\"Autos del Podio\"},\"image\":{\"@id\":\"http:\\\/\\\/autosdelpodio.com\\\/autos\\\/#\\\/schema\\\/logo\\\/image\\\/\"},\"sameAs\":[\"https:\\\/\\\/www.facebook.com\\\/profile.php?id=100057192590976&amp;amp;amp;amp;amp;amp;amp;amp;amp;amp;amp;amp;amp;amp;amp;amp;amp;amp;ref=ts\",\"https:\\\/\\\/x.com\\\/autosdelpodio\",\"https:\\\/\\\/www.youtube.com\\\/user\\\/AutosdelPodio\"]},{\"@type\":\"Person\",\"@id\":\"http:\\\/\\\/autosdelpodio.com\\\/autos\\\/#\\\/schema\\\/person\\\/993527a4d01c3acdd3d6bce3770bc942\",\"name\":\"autosdelpodio\",\"image\":{\"@type\":\"ImageObject\",\"inLanguage\":\"es\",\"@id\":\"http:\\\/\\\/autosdelpodio.com\\\/autos\\\/wp-content\\\/litespeed\\\/avatar\\\/aa8f65cd201a80f6b844f63278aa84af.jpg?ver=1777403005\",\"url\":\"http:\\\/\\\/autosdelpodio.com\\\/autos\\\/wp-content\\\/litespeed\\\/avatar\\\/aa8f65cd201a80f6b844f63278aa84af.jpg?ver=1777403005\",\"contentUrl\":\"http:\\\/\\\/autosdelpodio.com\\\/autos\\\/wp-content\\\/litespeed\\\/avatar\\\/aa8f65cd201a80f6b844f63278aa84af.jpg?ver=1777403005\",\"caption\":\"autosdelpodio\"}}]}<\/script>\n<!-- \/ Yoast SEO plugin. -->","yoast_head_json":{"title":"Autos del Podio | La sana costumbre","description":"Autos del Podio Segundo triunfo en fila para Jorgito Barrio.Esta vez lo hizo en Chaco.","robots":{"index":"index","follow":"follow","max-snippet":"max-snippet:-1","max-image-preview":"max-image-preview:large","max-video-preview":"max-video-preview:-1"},"canonical":"http:\/\/autosdelpodio.com\/autos\/la-sana-costumbre\/","og_locale":"es_ES","og_type":"article","og_title":"Autos del Podio | La sana costumbre","og_description":"Autos del Podio Segundo triunfo en fila para Jorgito Barrio.Esta vez lo hizo en Chaco.","og_url":"http:\/\/autosdelpodio.com\/autos\/la-sana-costumbre\/","og_site_name":"Autos del Podio","article_publisher":"https:\/\/www.facebook.com\/profile.php?id=100057192590976&amp%3bamp%3bamp%3bamp%3bamp%3bamp%3bamp%3bamp%3bamp%3bamp%3bamp%3bamp%3bamp%3bamp%3bamp%3bamp%3bamp%3bamp%3bref=ts","article_published_time":"2022-10-17T01:52:28+00:00","og_image":[{"width":200,"height":200,"url":"http:\/\/autosdelpodio.com\/autos\/wp-content\/uploads\/2020\/08\/Logo_Top_Race-e1646006293842.jpg","type":"image\/jpeg"}],"author":"autosdelpodio","twitter_card":"summary_large_image","twitter_creator":"@autosdelpodio","twitter_site":"@autosdelpodio","twitter_misc":{"Escrito por":"autosdelpodio","Tiempo de lectura":"2 minutos"},"schema":{"@context":"https:\/\/schema.org","@graph":[{"@type":"Article","@id":"http:\/\/autosdelpodio.com\/autos\/la-sana-costumbre\/#article","isPartOf":{"@id":"http:\/\/autosdelpodio.com\/autos\/la-sana-costumbre\/"},"author":{"name":"autosdelpodio","@id":"http:\/\/autosdelpodio.com\/autos\/#\/schema\/person\/993527a4d01c3acdd3d6bce3770bc942"},"headline":"La sana costumbre","datePublished":"2022-10-17T01:52:28+00:00","mainEntityOfPage":{"@id":"http:\/\/autosdelpodio.com\/autos\/la-sana-costumbre\/"},"wordCount":155,"commentCount":0,"publisher":{"@id":"http:\/\/autosdelpodio.com\/autos\/#organization"},"image":{"@id":"http:\/\/autosdelpodio.com\/autos\/la-sana-costumbre\/#primaryimage"},"thumbnailUrl":"http:\/\/autosdelpodio.com\/autos\/wp-content\/uploads\/2020\/08\/Logo_Top_Race-e1646006293842.jpg","keywords":["Autodromo Yaco Guarnieri","Chaco","Jorge Barrio","Top Race V6"],"articleSection":["Recta Principal","\u00daltimas noticias"],"inLanguage":"es","potentialAction":[{"@type":"CommentAction","name":"Comment","target":["http:\/\/autosdelpodio.com\/autos\/la-sana-costumbre\/#respond"]}]},{"@type":"WebPage","@id":"http:\/\/autosdelpodio.com\/autos\/la-sana-costumbre\/","url":"http:\/\/autosdelpodio.com\/autos\/la-sana-costumbre\/","name":"Autos del Podio | La sana costumbre","isPartOf":{"@id":"http:\/\/autosdelpodio.com\/autos\/#website"},"primaryImageOfPage":{"@id":"http:\/\/autosdelpodio.com\/autos\/la-sana-costumbre\/#primaryimage"},"image":{"@id":"http:\/\/autosdelpodio.com\/autos\/la-sana-costumbre\/#primaryimage"},"thumbnailUrl":"http:\/\/autosdelpodio.com\/autos\/wp-content\/uploads\/2020\/08\/Logo_Top_Race-e1646006293842.jpg","datePublished":"2022-10-17T01:52:28+00:00","description":"Autos del Podio Segundo triunfo en fila para Jorgito Barrio.Esta vez lo hizo en Chaco.","breadcrumb":{"@id":"http:\/\/autosdelpodio.com\/autos\/la-sana-costumbre\/#breadcrumb"},"inLanguage":"es","potentialAction":[{"@type":"ReadAction","target":["http:\/\/autosdelpodio.com\/autos\/la-sana-costumbre\/"]}]},{"@type":"ImageObject","inLanguage":"es","@id":"http:\/\/autosdelpodio.com\/autos\/la-sana-costumbre\/#primaryimage","url":"http:\/\/autosdelpodio.com\/autos\/wp-content\/uploads\/2020\/08\/Logo_Top_Race-e1646006293842.jpg","contentUrl":"http:\/\/autosdelpodio.com\/autos\/wp-content\/uploads\/2020\/08\/Logo_Top_Race-e1646006293842.jpg","width":200,"height":200},{"@type":"BreadcrumbList","@id":"http:\/\/autosdelpodio.com\/autos\/la-sana-costumbre\/#breadcrumb","itemListElement":[{"@type":"ListItem","position":1,"name":"Portada","item":"http:\/\/autosdelpodio.com\/autos\/"},{"@type":"ListItem","position":2,"name":"La sana costumbre"}]},{"@type":"WebSite","@id":"http:\/\/autosdelpodio.com\/autos\/#website","url":"http:\/\/autosdelpodio.com\/autos\/","name":"Autos del Podio","description":"La sexta del deporte motor","publisher":{"@id":"http:\/\/autosdelpodio.com\/autos\/#organization"},"potentialAction":[{"@type":"SearchAction","target":{"@type":"EntryPoint","urlTemplate":"http:\/\/autosdelpodio.com\/autos\/?s={search_term_string}"},"query-input":{"@type":"PropertyValueSpecification","valueRequired":true,"valueName":"search_term_string"}}],"inLanguage":"es"},{"@type":"Organization","@id":"http:\/\/autosdelpodio.com\/autos\/#organization","name":"Autos del Podio","url":"http:\/\/autosdelpodio.com\/autos\/","logo":{"@type":"ImageObject","inLanguage":"es","@id":"http:\/\/autosdelpodio.com\/autos\/#\/schema\/logo\/image\/","url":"http:\/\/autosdelpodio.com\/autos\/wp-content\/uploads\/2020\/08\/Logo_AR.jpg","contentUrl":"http:\/\/autosdelpodio.com\/autos\/wp-content\/uploads\/2020\/08\/Logo_AR.jpg","width":1038,"height":1044,"caption":"Autos del Podio"},"image":{"@id":"http:\/\/autosdelpodio.com\/autos\/#\/schema\/logo\/image\/"},"sameAs":["https:\/\/www.facebook.com\/profile.php?id=100057192590976&amp;amp;amp;amp;amp;amp;amp;amp;amp;amp;amp;amp;amp;amp;amp;amp;amp;amp;ref=ts","https:\/\/x.com\/autosdelpodio","https:\/\/www.youtube.com\/user\/AutosdelPodio"]},{"@type":"Person","@id":"http:\/\/autosdelpodio.com\/autos\/#\/schema\/person\/993527a4d01c3acdd3d6bce3770bc942","name":"autosdelpodio","image":{"@type":"ImageObject","inLanguage":"es","@id":"http:\/\/autosdelpodio.com\/autos\/wp-content\/litespeed\/avatar\/aa8f65cd201a80f6b844f63278aa84af.jpg?ver=1777403005","url":"http:\/\/autosdelpodio.com\/autos\/wp-content\/litespeed\/avatar\/aa8f65cd201a80f6b844f63278aa84af.jpg?ver=1777403005","contentUrl":"http:\/\/autosdelpodio.com\/autos\/wp-content\/litespeed\/avatar\/aa8f65cd201a80f6b844f63278aa84af.jpg?ver=1777403005","caption":"autosdelpodio"}}]}},"views":418,"_links":{"self":[{"href":"http:\/\/autosdelpodio.com\/autos\/wp-json\/wp\/v2\/posts\/6298","targetHints":{"allow":["GET"]}}],"collection":[{"href":"http:\/\/autosdelpodio.com\/autos\/wp-json\/wp\/v2\/posts"}],"about":[{"href":"http:\/\/autosdelpodio.com\/autos\/wp-json\/wp\/v2\/types\/post"}],"author":[{"embeddable":true,"href":"http:\/\/autosdelpodio.com\/autos\/wp-json\/wp\/v2\/users\/3"}],"replies":[{"embeddable":true,"href":"http:\/\/autosdelpodio.com\/autos\/wp-json\/wp\/v2\/comments?post=6298"}],"version-history":[{"count":2,"href":"http:\/\/autosdelpodio.com\/autos\/wp-json\/wp\/v2\/posts\/6298\/revisions"}],"predecessor-version":[{"id":6300,"href":"http:\/\/autosdelpodio.com\/autos\/wp-json\/wp\/v2\/posts\/6298\/revisions\/6300"}],"wp:featuredmedia":[{"embeddable":true,"href":"http:\/\/autosdelpodio.com\/autos\/wp-json\/wp\/v2\/media\/2533"}],"wp:attachment":[{"href":"http:\/\/autosdelpodio.com\/autos\/wp-json\/wp\/v2\/media?parent=6298"}],"wp:term":[{"taxonomy":"category","embeddable":true,"href":"http:\/\/autosdelpodio.com\/autos\/wp-json\/wp\/v2\/categories?post=6298"},{"taxonomy":"post_tag","embeddable":true,"href":"http:\/\/autosdelpodio.com\/autos\/wp-json\/wp\/v2\/tags?post=6298"}],"curies":[{"name":"wp","href":"https:\/\/api.w.org\/{rel}","templated":true}]}}