{"id":6388,"date":"2022-11-06T21:57:47","date_gmt":"2022-11-07T00:57:47","guid":{"rendered":"http:\/\/autosdelpodio.com\/autos\/?p=6388"},"modified":"2022-11-06T22:03:01","modified_gmt":"2022-11-07T01:03:01","slug":"bien-de-barrio","status":"publish","type":"post","link":"http:\/\/autosdelpodio.com\/autos\/bien-de-barrio\/","title":{"rendered":"Bien de Barrio"},"content":{"rendered":"\n<p>De punta a punta, Jorge Barrio volvi\u00f3 a ganar en el Top Race V6 en su presentaci\u00f3n en el Aut\u00f3dromo uruguayense de Concepci\u00f3n.Los escoltas fueron Gast\u00f3n Rossi y Marcelo Ciarrocchi.<br>El joven de Pinamar gan\u00f3 por tercera vez en fila con el Lexus del SDE San Juan y el hecho de no haber comenzado de movida el certamen le quit\u00f3 chances concretas.En cuanto al torneo el l\u00edder sigue siendo Diego Azar con 287 puntos. En el segundo lugar esta Josito Di Palma con 281 puntos y en el tercer lugar Ciarrocchi con 245 puntos cuando quedan 42 en juego.<br>La pr\u00f3xima y ultima fecha ser\u00e1 en el Aut\u00f3dromo de Buenos Aires del 25 al 27 de noviembre.<\/p>\n\n\n\n<p><strong>Final TRV6 &#8211; Fecha 11<\/strong><\/p>\n\n\n\n<figure class=\"wp-block-table\"><table><tbody><tr><td>1<\/td><td>41<\/td><td>BARRIO, JORGE<\/td><td>Lexus<\/td><td><em>20<\/em><\/td><td>32:54.13<em>9<\/em><\/td><td><\/td><\/tr><tr><td>2<\/td><td>7<\/td><td>ROSSI, GAST\u00d3N<\/td><td>M. Benz<\/td><td>20<\/td><td>32:55.027<\/td><td>0.888<\/td><\/tr><tr><td>3<\/td><td>40<\/td><td>CIARROCCHI, MARCELO<\/td><td>Ford<\/td><td>20<\/td><td>32:57.424<\/td><td>3.285<\/td><\/tr><tr><td>4<\/td><td>99<\/td><td>CAPURRO, MAT\u00cdAS<\/td><td>Lexus<\/td><td>20<\/td><td>33:00.269<\/td><td>6.131<\/td><\/tr><tr><td>5<\/td><td>1<\/td><td>AZAR, DIEGO<\/td><td>Lexus<\/td><td>20<\/td><td>33:02.208<\/td><td>8.069<\/td><\/tr><tr><td>6<\/td><td>83<\/td><td>ALDRIGHETTI, FACUNDO<\/td><td>Lexus<\/td><td>20<\/td><td>33:03.388<\/td><td>9.250<\/td><\/tr><tr><td>7<\/td><td>33<\/td><td>SAPAG, JOS\u00c9 MANUEL<\/td><td>Ford<\/td><td>20<\/td><td>33:03.950<\/td><td>9.811<\/td><\/tr><tr><td>8<\/td><td>100<\/td><td>REUTEMANN, IAN<\/td><td>Lexus<\/td><td>20<\/td><td>33:04.089<\/td><td>9.951<\/td><\/tr><tr><td>9<\/td><td>107<\/td><td>VERRIELLO, DIEGO<\/td><td>Fiat<\/td><td>20<\/td><td>33:09.986<\/td><td>15.847<\/td><\/tr><tr><td>10<\/td><td>88<\/td><td>CHIRIANO, ADRI\u00c1N (M)<\/td><td>M. Benz<\/td><td>20<\/td><td>33:21.793<\/td><td>27.654<\/td><\/tr><tr><td>11<\/td><td>8<\/td><td>GASTALDI , LUIS (M)<\/td><td>Lexus<\/td><td>20<\/td><td>33:22.026<\/td><td>27.887<\/td><\/tr><tr><td>12<\/td><td>90<\/td><td>BONNIN, MICHELL<\/td><td>Lexus<\/td><td>20<\/td><td>33:35.639<\/td><td>41.500<\/td><\/tr><tr><td>13<\/td><td>777<\/td><td>ABELLA, SEBASTIAN (M)<\/td><td>Lexus<\/td><td>20<\/td><td>33:36.280<\/td><td>42.141<\/td><\/tr><tr><td>14<\/td><td>93<\/td><td>PEREA, JUAN (M)<\/td><td>Chevrolet<\/td><td>18<\/td><td>30:28.686<\/td><td>2 Vueltas<\/td><\/tr><tr><td>15<\/td><td>5<\/td><td>GUERRA, LUCAS<\/td><td>Chevrolet<\/td><td>15<\/td><td>25:56.305<\/td><td>5 Vueltas<\/td><\/tr><tr><td>16<\/td><td>3<\/td><td>FELIPPO, KEVIN<\/td><td>Ford<\/td><td>14<\/td><td>25:57.797<\/td><td>6 Vueltas<\/td><\/tr><tr><td>16<\/td><td>95<\/td><td>RUSSO, MATIAS<\/td><td>Lexus<\/td><td>13<\/td><td>22:30.137<\/td><td>7 Vueltas<\/td><\/tr><tr><td>17<\/td><td>71<\/td><td>PERSIA, FABRICIO<\/td><td>Chevrolet<\/td><td>9<\/td><td>14:14.056<\/td><td>11 Vueltas<\/td><\/tr><tr><td>18<\/td><td>127<\/td><td>DEMARCO, LUCA<\/td><td>Ford<\/td><td>4<\/td><td>06:53.810<\/td><td>16 Vueltas<\/td><\/tr><tr><td>19<\/td><td>97<\/td><td>CINGOLANI, TOMAS<\/td><td>Lexus<\/td><td>0<\/td><td><\/td><td>0<\/td><\/tr><tr><td>AUTO N\u00b038 EXCLUIDO DEL EVENTO Y PASE A PENALIDADES POR CONDUCTA ANTIDEPORTIVA (AGRESION A OTRO PIL.)<br>AUTO N\u00b0 138 EXCLUIDO POR ART.21 RDA (REABASTECIMIENTO DE COMBUSTIBLE Y LUBRICANTE).<br>AUTO N\u00b0 100 APERCIBIDO POR MANIOBRA PELIGROSA AL AUTO N\u00b0 71.<br>AUTO N\u00b0 93 SANCIONADO CON UNA MULTA POR DETENER EL AUTO SOBRE LA PISTA.<\/td><\/tr><\/tbody><\/table><\/figure>\n","protected":false},"excerpt":{"rendered":"<p>De punta a punta, Jorge Barrio volvi\u00f3 a ganar en el Top Race V6 en su presentaci\u00f3n en el Aut\u00f3dromo<\/p>\n","protected":false},"author":3,"featured_media":2533,"comment_status":"open","ping_status":"open","sticky":false,"template":"","format":"standard","meta":{"colormag_page_container_layout":"default_layout","colormag_page_sidebar_layout":"default_layout","footnotes":""},"categories":[16,5],"tags":[507,218,622,79,658],"class_list":["post-6388","post","type-post","status-publish","format-standard","has-post-thumbnail","hentry","category-recta-principal","category-latest-news","tag-autodromo-concepcion-u","tag-entre-rios","tag-jorge-barrio","tag-top-race-v6","tag-toyota-lexus"],"yoast_head":"<!-- This site is optimized with the Yoast SEO plugin v27.4 - https:\/\/yoast.com\/product\/yoast-seo-wordpress\/ -->\n<title>Autos del Podio | Bien de Barrio<\/title>\n<meta name=\"description\" content=\"Autos del Podio Tercer triunfo consecutivo para Barrio en el Top Race V6\" \/>\n<meta name=\"robots\" content=\"index, follow, max-snippet:-1, max-image-preview:large, max-video-preview:-1\" \/>\n<link rel=\"canonical\" href=\"http:\/\/autosdelpodio.com\/autos\/bien-de-barrio\/\" \/>\n<meta property=\"og:locale\" content=\"es_ES\" \/>\n<meta property=\"og:type\" content=\"article\" \/>\n<meta property=\"og:title\" content=\"Autos del Podio | Bien de Barrio\" \/>\n<meta property=\"og:description\" content=\"Autos del Podio Tercer triunfo consecutivo para Barrio en el Top Race V6\" \/>\n<meta property=\"og:url\" content=\"http:\/\/autosdelpodio.com\/autos\/bien-de-barrio\/\" \/>\n<meta property=\"og:site_name\" content=\"Autos del Podio\" \/>\n<meta property=\"article:publisher\" content=\"https:\/\/www.facebook.com\/profile.php?id=100057192590976&amp;amp%3bamp%3bamp%3bamp%3bamp%3bamp%3bamp%3bamp%3bamp%3bamp%3bamp%3bamp%3bamp%3bamp%3bamp%3bamp%3bamp%3bamp%3bref=ts\" \/>\n<meta property=\"article:published_time\" content=\"2022-11-07T00:57:47+00:00\" \/>\n<meta property=\"article:modified_time\" content=\"2022-11-07T01:03:01+00:00\" \/>\n<meta property=\"og:image\" content=\"http:\/\/autosdelpodio.com\/autos\/wp-content\/uploads\/2020\/08\/Logo_Top_Race-e1646006293842.jpg\" \/>\n\t<meta property=\"og:image:width\" content=\"200\" \/>\n\t<meta property=\"og:image:height\" content=\"200\" \/>\n\t<meta property=\"og:image:type\" content=\"image\/jpeg\" \/>\n<meta name=\"author\" content=\"autosdelpodio\" \/>\n<meta name=\"twitter:card\" content=\"summary_large_image\" \/>\n<meta name=\"twitter:creator\" content=\"@autosdelpodio\" \/>\n<meta name=\"twitter:site\" content=\"@autosdelpodio\" \/>\n<meta name=\"twitter:label1\" content=\"Escrito por\" \/>\n\t<meta name=\"twitter:data1\" content=\"autosdelpodio\" \/>\n\t<meta name=\"twitter:label2\" content=\"Tiempo de lectura\" \/>\n\t<meta name=\"twitter:data2\" content=\"2 minutos\" \/>\n<script type=\"application\/ld+json\" class=\"yoast-schema-graph\">{\"@context\":\"https:\\\/\\\/schema.org\",\"@graph\":[{\"@type\":\"Article\",\"@id\":\"http:\\\/\\\/autosdelpodio.com\\\/autos\\\/bien-de-barrio\\\/#article\",\"isPartOf\":{\"@id\":\"http:\\\/\\\/autosdelpodio.com\\\/autos\\\/bien-de-barrio\\\/\"},\"author\":{\"name\":\"autosdelpodio\",\"@id\":\"http:\\\/\\\/autosdelpodio.com\\\/autos\\\/#\\\/schema\\\/person\\\/993527a4d01c3acdd3d6bce3770bc942\"},\"headline\":\"Bien de Barrio\",\"datePublished\":\"2022-11-07T00:57:47+00:00\",\"dateModified\":\"2022-11-07T01:03:01+00:00\",\"mainEntityOfPage\":{\"@id\":\"http:\\\/\\\/autosdelpodio.com\\\/autos\\\/bien-de-barrio\\\/\"},\"wordCount\":252,\"commentCount\":0,\"publisher\":{\"@id\":\"http:\\\/\\\/autosdelpodio.com\\\/autos\\\/#organization\"},\"image\":{\"@id\":\"http:\\\/\\\/autosdelpodio.com\\\/autos\\\/bien-de-barrio\\\/#primaryimage\"},\"thumbnailUrl\":\"http:\\\/\\\/autosdelpodio.com\\\/autos\\\/wp-content\\\/uploads\\\/2020\\\/08\\\/Logo_Top_Race-e1646006293842.jpg\",\"keywords\":[\"Autodromo Concepci\u00f3n U\",\"Entre Rios\",\"Jorge Barrio\",\"Top Race V6\",\"Toyota Lexus\"],\"articleSection\":[\"Recta Principal\",\"\u00daltimas noticias\"],\"inLanguage\":\"es\",\"potentialAction\":[{\"@type\":\"CommentAction\",\"name\":\"Comment\",\"target\":[\"http:\\\/\\\/autosdelpodio.com\\\/autos\\\/bien-de-barrio\\\/#respond\"]}]},{\"@type\":\"WebPage\",\"@id\":\"http:\\\/\\\/autosdelpodio.com\\\/autos\\\/bien-de-barrio\\\/\",\"url\":\"http:\\\/\\\/autosdelpodio.com\\\/autos\\\/bien-de-barrio\\\/\",\"name\":\"Autos del Podio | Bien de Barrio\",\"isPartOf\":{\"@id\":\"http:\\\/\\\/autosdelpodio.com\\\/autos\\\/#website\"},\"primaryImageOfPage\":{\"@id\":\"http:\\\/\\\/autosdelpodio.com\\\/autos\\\/bien-de-barrio\\\/#primaryimage\"},\"image\":{\"@id\":\"http:\\\/\\\/autosdelpodio.com\\\/autos\\\/bien-de-barrio\\\/#primaryimage\"},\"thumbnailUrl\":\"http:\\\/\\\/autosdelpodio.com\\\/autos\\\/wp-content\\\/uploads\\\/2020\\\/08\\\/Logo_Top_Race-e1646006293842.jpg\",\"datePublished\":\"2022-11-07T00:57:47+00:00\",\"dateModified\":\"2022-11-07T01:03:01+00:00\",\"description\":\"Autos del Podio Tercer triunfo consecutivo para Barrio en el Top Race V6\",\"breadcrumb\":{\"@id\":\"http:\\\/\\\/autosdelpodio.com\\\/autos\\\/bien-de-barrio\\\/#breadcrumb\"},\"inLanguage\":\"es\",\"potentialAction\":[{\"@type\":\"ReadAction\",\"target\":[\"http:\\\/\\\/autosdelpodio.com\\\/autos\\\/bien-de-barrio\\\/\"]}]},{\"@type\":\"ImageObject\",\"inLanguage\":\"es\",\"@id\":\"http:\\\/\\\/autosdelpodio.com\\\/autos\\\/bien-de-barrio\\\/#primaryimage\",\"url\":\"http:\\\/\\\/autosdelpodio.com\\\/autos\\\/wp-content\\\/uploads\\\/2020\\\/08\\\/Logo_Top_Race-e1646006293842.jpg\",\"contentUrl\":\"http:\\\/\\\/autosdelpodio.com\\\/autos\\\/wp-content\\\/uploads\\\/2020\\\/08\\\/Logo_Top_Race-e1646006293842.jpg\",\"width\":200,\"height\":200},{\"@type\":\"BreadcrumbList\",\"@id\":\"http:\\\/\\\/autosdelpodio.com\\\/autos\\\/bien-de-barrio\\\/#breadcrumb\",\"itemListElement\":[{\"@type\":\"ListItem\",\"position\":1,\"name\":\"Portada\",\"item\":\"http:\\\/\\\/autosdelpodio.com\\\/autos\\\/\"},{\"@type\":\"ListItem\",\"position\":2,\"name\":\"Bien de Barrio\"}]},{\"@type\":\"WebSite\",\"@id\":\"http:\\\/\\\/autosdelpodio.com\\\/autos\\\/#website\",\"url\":\"http:\\\/\\\/autosdelpodio.com\\\/autos\\\/\",\"name\":\"Autos del Podio\",\"description\":\"La sexta del deporte motor\",\"publisher\":{\"@id\":\"http:\\\/\\\/autosdelpodio.com\\\/autos\\\/#organization\"},\"potentialAction\":[{\"@type\":\"SearchAction\",\"target\":{\"@type\":\"EntryPoint\",\"urlTemplate\":\"http:\\\/\\\/autosdelpodio.com\\\/autos\\\/?s={search_term_string}\"},\"query-input\":{\"@type\":\"PropertyValueSpecification\",\"valueRequired\":true,\"valueName\":\"search_term_string\"}}],\"inLanguage\":\"es\"},{\"@type\":\"Organization\",\"@id\":\"http:\\\/\\\/autosdelpodio.com\\\/autos\\\/#organization\",\"name\":\"Autos del Podio\",\"url\":\"http:\\\/\\\/autosdelpodio.com\\\/autos\\\/\",\"logo\":{\"@type\":\"ImageObject\",\"inLanguage\":\"es\",\"@id\":\"http:\\\/\\\/autosdelpodio.com\\\/autos\\\/#\\\/schema\\\/logo\\\/image\\\/\",\"url\":\"http:\\\/\\\/autosdelpodio.com\\\/autos\\\/wp-content\\\/uploads\\\/2020\\\/08\\\/Logo_AR.jpg\",\"contentUrl\":\"http:\\\/\\\/autosdelpodio.com\\\/autos\\\/wp-content\\\/uploads\\\/2020\\\/08\\\/Logo_AR.jpg\",\"width\":1038,\"height\":1044,\"caption\":\"Autos del Podio\"},\"image\":{\"@id\":\"http:\\\/\\\/autosdelpodio.com\\\/autos\\\/#\\\/schema\\\/logo\\\/image\\\/\"},\"sameAs\":[\"https:\\\/\\\/www.facebook.com\\\/profile.php?id=100057192590976&amp;amp;amp;amp;amp;amp;amp;amp;amp;amp;amp;amp;amp;amp;amp;amp;amp;amp;ref=ts\",\"https:\\\/\\\/x.com\\\/autosdelpodio\",\"https:\\\/\\\/www.youtube.com\\\/user\\\/AutosdelPodio\"]},{\"@type\":\"Person\",\"@id\":\"http:\\\/\\\/autosdelpodio.com\\\/autos\\\/#\\\/schema\\\/person\\\/993527a4d01c3acdd3d6bce3770bc942\",\"name\":\"autosdelpodio\",\"image\":{\"@type\":\"ImageObject\",\"inLanguage\":\"es\",\"@id\":\"http:\\\/\\\/autosdelpodio.com\\\/autos\\\/wp-content\\\/litespeed\\\/avatar\\\/aa8f65cd201a80f6b844f63278aa84af.jpg?ver=1776798175\",\"url\":\"http:\\\/\\\/autosdelpodio.com\\\/autos\\\/wp-content\\\/litespeed\\\/avatar\\\/aa8f65cd201a80f6b844f63278aa84af.jpg?ver=1776798175\",\"contentUrl\":\"http:\\\/\\\/autosdelpodio.com\\\/autos\\\/wp-content\\\/litespeed\\\/avatar\\\/aa8f65cd201a80f6b844f63278aa84af.jpg?ver=1776798175\",\"caption\":\"autosdelpodio\"}}]}<\/script>\n<!-- \/ Yoast SEO plugin. -->","yoast_head_json":{"title":"Autos del Podio | Bien de Barrio","description":"Autos del Podio Tercer triunfo consecutivo para Barrio en el Top Race V6","robots":{"index":"index","follow":"follow","max-snippet":"max-snippet:-1","max-image-preview":"max-image-preview:large","max-video-preview":"max-video-preview:-1"},"canonical":"http:\/\/autosdelpodio.com\/autos\/bien-de-barrio\/","og_locale":"es_ES","og_type":"article","og_title":"Autos del Podio | Bien de Barrio","og_description":"Autos del Podio Tercer triunfo consecutivo para Barrio en el Top Race V6","og_url":"http:\/\/autosdelpodio.com\/autos\/bien-de-barrio\/","og_site_name":"Autos del Podio","article_publisher":"https:\/\/www.facebook.com\/profile.php?id=100057192590976&amp%3bamp%3bamp%3bamp%3bamp%3bamp%3bamp%3bamp%3bamp%3bamp%3bamp%3bamp%3bamp%3bamp%3bamp%3bamp%3bamp%3bamp%3bref=ts","article_published_time":"2022-11-07T00:57:47+00:00","article_modified_time":"2022-11-07T01:03:01+00:00","og_image":[{"width":200,"height":200,"url":"http:\/\/autosdelpodio.com\/autos\/wp-content\/uploads\/2020\/08\/Logo_Top_Race-e1646006293842.jpg","type":"image\/jpeg"}],"author":"autosdelpodio","twitter_card":"summary_large_image","twitter_creator":"@autosdelpodio","twitter_site":"@autosdelpodio","twitter_misc":{"Escrito por":"autosdelpodio","Tiempo de lectura":"2 minutos"},"schema":{"@context":"https:\/\/schema.org","@graph":[{"@type":"Article","@id":"http:\/\/autosdelpodio.com\/autos\/bien-de-barrio\/#article","isPartOf":{"@id":"http:\/\/autosdelpodio.com\/autos\/bien-de-barrio\/"},"author":{"name":"autosdelpodio","@id":"http:\/\/autosdelpodio.com\/autos\/#\/schema\/person\/993527a4d01c3acdd3d6bce3770bc942"},"headline":"Bien de Barrio","datePublished":"2022-11-07T00:57:47+00:00","dateModified":"2022-11-07T01:03:01+00:00","mainEntityOfPage":{"@id":"http:\/\/autosdelpodio.com\/autos\/bien-de-barrio\/"},"wordCount":252,"commentCount":0,"publisher":{"@id":"http:\/\/autosdelpodio.com\/autos\/#organization"},"image":{"@id":"http:\/\/autosdelpodio.com\/autos\/bien-de-barrio\/#primaryimage"},"thumbnailUrl":"http:\/\/autosdelpodio.com\/autos\/wp-content\/uploads\/2020\/08\/Logo_Top_Race-e1646006293842.jpg","keywords":["Autodromo Concepci\u00f3n U","Entre Rios","Jorge Barrio","Top Race V6","Toyota Lexus"],"articleSection":["Recta Principal","\u00daltimas noticias"],"inLanguage":"es","potentialAction":[{"@type":"CommentAction","name":"Comment","target":["http:\/\/autosdelpodio.com\/autos\/bien-de-barrio\/#respond"]}]},{"@type":"WebPage","@id":"http:\/\/autosdelpodio.com\/autos\/bien-de-barrio\/","url":"http:\/\/autosdelpodio.com\/autos\/bien-de-barrio\/","name":"Autos del Podio | Bien de Barrio","isPartOf":{"@id":"http:\/\/autosdelpodio.com\/autos\/#website"},"primaryImageOfPage":{"@id":"http:\/\/autosdelpodio.com\/autos\/bien-de-barrio\/#primaryimage"},"image":{"@id":"http:\/\/autosdelpodio.com\/autos\/bien-de-barrio\/#primaryimage"},"thumbnailUrl":"http:\/\/autosdelpodio.com\/autos\/wp-content\/uploads\/2020\/08\/Logo_Top_Race-e1646006293842.jpg","datePublished":"2022-11-07T00:57:47+00:00","dateModified":"2022-11-07T01:03:01+00:00","description":"Autos del Podio Tercer triunfo consecutivo para Barrio en el Top Race V6","breadcrumb":{"@id":"http:\/\/autosdelpodio.com\/autos\/bien-de-barrio\/#breadcrumb"},"inLanguage":"es","potentialAction":[{"@type":"ReadAction","target":["http:\/\/autosdelpodio.com\/autos\/bien-de-barrio\/"]}]},{"@type":"ImageObject","inLanguage":"es","@id":"http:\/\/autosdelpodio.com\/autos\/bien-de-barrio\/#primaryimage","url":"http:\/\/autosdelpodio.com\/autos\/wp-content\/uploads\/2020\/08\/Logo_Top_Race-e1646006293842.jpg","contentUrl":"http:\/\/autosdelpodio.com\/autos\/wp-content\/uploads\/2020\/08\/Logo_Top_Race-e1646006293842.jpg","width":200,"height":200},{"@type":"BreadcrumbList","@id":"http:\/\/autosdelpodio.com\/autos\/bien-de-barrio\/#breadcrumb","itemListElement":[{"@type":"ListItem","position":1,"name":"Portada","item":"http:\/\/autosdelpodio.com\/autos\/"},{"@type":"ListItem","position":2,"name":"Bien de Barrio"}]},{"@type":"WebSite","@id":"http:\/\/autosdelpodio.com\/autos\/#website","url":"http:\/\/autosdelpodio.com\/autos\/","name":"Autos del Podio","description":"La sexta del deporte motor","publisher":{"@id":"http:\/\/autosdelpodio.com\/autos\/#organization"},"potentialAction":[{"@type":"SearchAction","target":{"@type":"EntryPoint","urlTemplate":"http:\/\/autosdelpodio.com\/autos\/?s={search_term_string}"},"query-input":{"@type":"PropertyValueSpecification","valueRequired":true,"valueName":"search_term_string"}}],"inLanguage":"es"},{"@type":"Organization","@id":"http:\/\/autosdelpodio.com\/autos\/#organization","name":"Autos del Podio","url":"http:\/\/autosdelpodio.com\/autos\/","logo":{"@type":"ImageObject","inLanguage":"es","@id":"http:\/\/autosdelpodio.com\/autos\/#\/schema\/logo\/image\/","url":"http:\/\/autosdelpodio.com\/autos\/wp-content\/uploads\/2020\/08\/Logo_AR.jpg","contentUrl":"http:\/\/autosdelpodio.com\/autos\/wp-content\/uploads\/2020\/08\/Logo_AR.jpg","width":1038,"height":1044,"caption":"Autos del Podio"},"image":{"@id":"http:\/\/autosdelpodio.com\/autos\/#\/schema\/logo\/image\/"},"sameAs":["https:\/\/www.facebook.com\/profile.php?id=100057192590976&amp;amp;amp;amp;amp;amp;amp;amp;amp;amp;amp;amp;amp;amp;amp;amp;amp;amp;ref=ts","https:\/\/x.com\/autosdelpodio","https:\/\/www.youtube.com\/user\/AutosdelPodio"]},{"@type":"Person","@id":"http:\/\/autosdelpodio.com\/autos\/#\/schema\/person\/993527a4d01c3acdd3d6bce3770bc942","name":"autosdelpodio","image":{"@type":"ImageObject","inLanguage":"es","@id":"http:\/\/autosdelpodio.com\/autos\/wp-content\/litespeed\/avatar\/aa8f65cd201a80f6b844f63278aa84af.jpg?ver=1776798175","url":"http:\/\/autosdelpodio.com\/autos\/wp-content\/litespeed\/avatar\/aa8f65cd201a80f6b844f63278aa84af.jpg?ver=1776798175","contentUrl":"http:\/\/autosdelpodio.com\/autos\/wp-content\/litespeed\/avatar\/aa8f65cd201a80f6b844f63278aa84af.jpg?ver=1776798175","caption":"autosdelpodio"}}]}},"views":342,"_links":{"self":[{"href":"http:\/\/autosdelpodio.com\/autos\/wp-json\/wp\/v2\/posts\/6388","targetHints":{"allow":["GET"]}}],"collection":[{"href":"http:\/\/autosdelpodio.com\/autos\/wp-json\/wp\/v2\/posts"}],"about":[{"href":"http:\/\/autosdelpodio.com\/autos\/wp-json\/wp\/v2\/types\/post"}],"author":[{"embeddable":true,"href":"http:\/\/autosdelpodio.com\/autos\/wp-json\/wp\/v2\/users\/3"}],"replies":[{"embeddable":true,"href":"http:\/\/autosdelpodio.com\/autos\/wp-json\/wp\/v2\/comments?post=6388"}],"version-history":[{"count":2,"href":"http:\/\/autosdelpodio.com\/autos\/wp-json\/wp\/v2\/posts\/6388\/revisions"}],"predecessor-version":[{"id":6391,"href":"http:\/\/autosdelpodio.com\/autos\/wp-json\/wp\/v2\/posts\/6388\/revisions\/6391"}],"wp:featuredmedia":[{"embeddable":true,"href":"http:\/\/autosdelpodio.com\/autos\/wp-json\/wp\/v2\/media\/2533"}],"wp:attachment":[{"href":"http:\/\/autosdelpodio.com\/autos\/wp-json\/wp\/v2\/media?parent=6388"}],"wp:term":[{"taxonomy":"category","embeddable":true,"href":"http:\/\/autosdelpodio.com\/autos\/wp-json\/wp\/v2\/categories?post=6388"},{"taxonomy":"post_tag","embeddable":true,"href":"http:\/\/autosdelpodio.com\/autos\/wp-json\/wp\/v2\/tags?post=6388"}],"curies":[{"name":"wp","href":"https:\/\/api.w.org\/{rel}","templated":true}]}}