{"id":640,"date":"2013-01-12T18:22:57","date_gmt":"2013-01-12T18:22:57","guid":{"rendered":"http:\/\/autosdelpodio.com\/autos\/2013\/01\/12\/el-reglamento-tecnico-de-tc-sin-grandes-cambios-pero-sin-libertades-de-construccion-y-diseno-en-las-trompas-que-ahora-llevaran-el-logo-de-la-marca\/"},"modified":"2013-01-12T18:22:57","modified_gmt":"2013-01-12T18:22:57","slug":"el-reglamento-tecnico-de-tc-sin-grandes-cambios-pero-sin-libertades-de-construccion-y-diseno-en-las-trompas-que-ahora-llevaran-el-logo-de-la-marca","status":"publish","type":"post","link":"http:\/\/autosdelpodio.com\/autos\/el-reglamento-tecnico-de-tc-sin-grandes-cambios-pero-sin-libertades-de-construccion-y-diseno-en-las-trompas-que-ahora-llevaran-el-logo-de-la-marca\/","title":{"rendered":"El  reglamento t\u00e9cnico de TC, sin grandes cambios, pero sin libertades de construcci\u00f3n y dise\u00f1o en las trompas que ahora llevar\u00e1n el logo de la marca"},"content":{"rendered":"<p>\u00a0<\/p>\n<p style=\"text-align: justify;\">\n<p style=\"text-align: justify;\">\u00a0<\/p>\n<p style=\"text-align: justify;\">\u00a0<\/p>\n<p style=\"text-align: justify;\">El Departamento T\u00e9cnico de la Asociaci\u00f3n Corredores Turismo Carretera di\u00f3 a conocer el Reglamento T\u00e9cnico 2013 para las categor\u00edas Turismo Carretera y TC Pista.<\/p>\n<p style=\"text-align: justify;\">Dentro del TC, el mismo no presenta grandes modificaciones. Mientras que por el lado del TC Pista, el dato saliente ser\u00e1 la quita de 30 Kg. al peso m\u00ednimo reglamentario de la marca Dodge por los que los valores para las diversas marcas ser\u00e1n los que a continuaci\u00f3n se detallan:<\/p>\n<p>  <!--more-->  <\/p>\n<p>\u00a0<\/p>\n<p>\u00a0<\/p>\n<p>TORINO CHEROKEE\u2026\u2026\u2026\u2026\u2026\u2026\u2026\u2026\u2026\u2026..\u2026\u2026\u2026\u2026\u2026\u2026\u2026. 1.300 Kg.<\/p>\n<p>CHEVROLET\u2026\u2026\u2026\u2026\u2026\u2026\u2026\u2026\u2026\u2026\u2026\u2026\u2026\u2026\u2026\u2026\u2026\u2026\u2026\u2026\u2026.. 1.300 Kg.<\/p>\n<p>FORD \u2026\u2026\u2026\u2026\u2026\u2026\u2026\u2026\u2026\u2026\u2026\u2026\u2026\u2026\u2026\u2026\u2026\u2026\u2026\u2026\u2026\u2026\u2026\u2026.. 1.300 Kg.<\/p>\n<p>DODGE CHEROKEE \u2026\u2026\u2026\u2026\u2026\u2026\u2026\u2026\u2026\u2026..\u2026\u2026\u2026\u2026\u2026\u2026\u2026. 1.300 Kg.<\/p>\n<p>Otro dato importante es que las trompas de los autos (que vender\u00e1 la ACTC) deber\u00e1n contar obligatoriamente con el logo identificatorio de cada una de las 4 \u00a0marcas.Ademas dicho elemento ya no tendr\u00e1 libertad de construcci\u00f3n y dise\u00f1o, y cada marca tendr\u00e1 6 opciones de trompa, tres dise\u00f1adas por Alifraco, dos dise\u00f1adas por Cuervo y una denominada redonda.<\/p>\n<p><strong>El peso m\u00ednimo de las mismas deber\u00e1 ser:<\/strong><\/p>\n<p>Trompa modelo (Alifraco de paragolpe alto) peso m\u00ednimo 11,5 Kg -1kg<\/p>\n<p>Trompa modelo (Alifraco de paragolpe bajo) peso m\u00ednimo 11,5 Kg -1kg<\/p>\n<p>Trompa modelo (Alifraco larga) peso m\u00ednimo 12 Kg -1kg<\/p>\n<p>Trompa modelo (cuervo con branquias) peso m\u00ednimo 11,5 Kg -1kg<\/p>\n<p>Trompa modelo (cuervo lisa) peso m\u00ednimo 11,5 Kg -1kg<\/p>\n<p>Trompa modelo (redonda) peso m\u00ednimo 11,5 Kg -1kg<\/p>\n<p>Spoylers de 60 mm peso m\u00ednimo 2,2 Kg -500grs<\/p>\n<p>Spoylers de 80 mm peso m\u00ednimo 2,5 Kg -500grs<\/p>\n<p>Spoylers de 100 mm peso m\u00ednimo 2,8 Kg -500grs<\/p>\n<p>\u00a0<\/p>\n","protected":false},"excerpt":{"rendered":"<p>\u00a0 \u00a0 \u00a0 El Departamento T\u00e9cnico de la Asociaci\u00f3n Corredores Turismo Carretera di\u00f3 a conocer el Reglamento T\u00e9cnico 2013 para<\/p>\n","protected":false},"author":1,"featured_media":639,"comment_status":"open","ping_status":"open","sticky":false,"template":"","format":"standard","meta":{"colormag_page_container_layout":"default_layout","colormag_page_sidebar_layout":"default_layout","footnotes":""},"categories":[5],"tags":[],"class_list":["post-640","post","type-post","status-publish","format-standard","has-post-thumbnail","hentry","category-latest-news"],"yoast_head":"<!-- This site is optimized with the Yoast SEO plugin v27.4 - https:\/\/yoast.com\/product\/yoast-seo-wordpress\/ -->\n<title>Autos del Podio | El reglamento t\u00e9cnico de TC, sin grandes cambios, pero sin libertades de construcci\u00f3n y dise\u00f1o en las trompas que ahora llevar\u00e1n el logo de la marca<\/title>\n<meta name=\"description\" content=\"Autos del Podio\" \/>\n<meta name=\"robots\" content=\"index, follow, max-snippet:-1, max-image-preview:large, max-video-preview:-1\" \/>\n<link rel=\"canonical\" href=\"http:\/\/autosdelpodio.com\/autos\/el-reglamento-tecnico-de-tc-sin-grandes-cambios-pero-sin-libertades-de-construccion-y-diseno-en-las-trompas-que-ahora-llevaran-el-logo-de-la-marca\/\" \/>\n<meta property=\"og:locale\" content=\"es_ES\" \/>\n<meta property=\"og:type\" content=\"article\" \/>\n<meta property=\"og:title\" content=\"Autos del Podio | El reglamento t\u00e9cnico de TC, sin grandes cambios, pero sin libertades de construcci\u00f3n y dise\u00f1o en las trompas que ahora llevar\u00e1n el logo de la marca\" \/>\n<meta property=\"og:description\" content=\"Autos del Podio\" \/>\n<meta property=\"og:url\" content=\"http:\/\/autosdelpodio.com\/autos\/el-reglamento-tecnico-de-tc-sin-grandes-cambios-pero-sin-libertades-de-construccion-y-diseno-en-las-trompas-que-ahora-llevaran-el-logo-de-la-marca\/\" \/>\n<meta property=\"og:site_name\" content=\"Autos del Podio\" \/>\n<meta property=\"article:publisher\" content=\"https:\/\/www.facebook.com\/profile.php?id=100057192590976&amp;amp%3bamp%3bamp%3bamp%3bamp%3bamp%3bamp%3bamp%3bamp%3bamp%3bamp%3bamp%3bamp%3bamp%3bamp%3bamp%3bamp%3bamp%3bref=ts\" \/>\n<meta property=\"article:published_time\" content=\"2013-01-12T18:22:57+00:00\" \/>\n<meta property=\"og:image\" content=\"http:\/\/autosdelpodio.com\/autos\/wp-content\/uploads\/2013\/01\/trompastc2013.jpg\" \/>\n\t<meta property=\"og:image:width\" content=\"734\" \/>\n\t<meta property=\"og:image:height\" content=\"560\" \/>\n\t<meta property=\"og:image:type\" content=\"image\/jpeg\" \/>\n<meta name=\"author\" content=\"wi022230\" \/>\n<meta name=\"twitter:card\" content=\"summary_large_image\" \/>\n<meta name=\"twitter:creator\" content=\"@autosdelpodio\" \/>\n<meta name=\"twitter:site\" content=\"@autosdelpodio\" \/>\n<meta name=\"twitter:label1\" content=\"Escrito por\" \/>\n\t<meta name=\"twitter:data1\" content=\"wi022230\" \/>\n\t<meta name=\"twitter:label2\" content=\"Tiempo de lectura\" \/>\n\t<meta name=\"twitter:data2\" content=\"1 minuto\" \/>\n<script type=\"application\/ld+json\" class=\"yoast-schema-graph\">{\"@context\":\"https:\\\/\\\/schema.org\",\"@graph\":[{\"@type\":\"Article\",\"@id\":\"http:\\\/\\\/autosdelpodio.com\\\/autos\\\/el-reglamento-tecnico-de-tc-sin-grandes-cambios-pero-sin-libertades-de-construccion-y-diseno-en-las-trompas-que-ahora-llevaran-el-logo-de-la-marca\\\/#article\",\"isPartOf\":{\"@id\":\"http:\\\/\\\/autosdelpodio.com\\\/autos\\\/el-reglamento-tecnico-de-tc-sin-grandes-cambios-pero-sin-libertades-de-construccion-y-diseno-en-las-trompas-que-ahora-llevaran-el-logo-de-la-marca\\\/\"},\"author\":{\"name\":\"wi022230\",\"@id\":\"http:\\\/\\\/autosdelpodio.com\\\/autos\\\/#\\\/schema\\\/person\\\/e88353cabf768863fdf874e30120f3ba\"},\"headline\":\"El reglamento t\u00e9cnico de TC, sin grandes cambios, pero sin libertades de construcci\u00f3n y dise\u00f1o en las trompas que ahora llevar\u00e1n el logo de la marca\",\"datePublished\":\"2013-01-12T18:22:57+00:00\",\"mainEntityOfPage\":{\"@id\":\"http:\\\/\\\/autosdelpodio.com\\\/autos\\\/el-reglamento-tecnico-de-tc-sin-grandes-cambios-pero-sin-libertades-de-construccion-y-diseno-en-las-trompas-que-ahora-llevaran-el-logo-de-la-marca\\\/\"},\"wordCount\":281,\"commentCount\":0,\"publisher\":{\"@id\":\"http:\\\/\\\/autosdelpodio.com\\\/autos\\\/#organization\"},\"image\":{\"@id\":\"http:\\\/\\\/autosdelpodio.com\\\/autos\\\/el-reglamento-tecnico-de-tc-sin-grandes-cambios-pero-sin-libertades-de-construccion-y-diseno-en-las-trompas-que-ahora-llevaran-el-logo-de-la-marca\\\/#primaryimage\"},\"thumbnailUrl\":\"http:\\\/\\\/autosdelpodio.com\\\/autos\\\/wp-content\\\/uploads\\\/2013\\\/01\\\/trompastc2013.jpg\",\"articleSection\":[\"\u00daltimas noticias\"],\"inLanguage\":\"es\",\"potentialAction\":[{\"@type\":\"CommentAction\",\"name\":\"Comment\",\"target\":[\"http:\\\/\\\/autosdelpodio.com\\\/autos\\\/el-reglamento-tecnico-de-tc-sin-grandes-cambios-pero-sin-libertades-de-construccion-y-diseno-en-las-trompas-que-ahora-llevaran-el-logo-de-la-marca\\\/#respond\"]}]},{\"@type\":\"WebPage\",\"@id\":\"http:\\\/\\\/autosdelpodio.com\\\/autos\\\/el-reglamento-tecnico-de-tc-sin-grandes-cambios-pero-sin-libertades-de-construccion-y-diseno-en-las-trompas-que-ahora-llevaran-el-logo-de-la-marca\\\/\",\"url\":\"http:\\\/\\\/autosdelpodio.com\\\/autos\\\/el-reglamento-tecnico-de-tc-sin-grandes-cambios-pero-sin-libertades-de-construccion-y-diseno-en-las-trompas-que-ahora-llevaran-el-logo-de-la-marca\\\/\",\"name\":\"Autos del Podio | El reglamento t\u00e9cnico de TC, sin grandes cambios, pero sin libertades de construcci\u00f3n y dise\u00f1o en las trompas que ahora llevar\u00e1n el logo de la marca\",\"isPartOf\":{\"@id\":\"http:\\\/\\\/autosdelpodio.com\\\/autos\\\/#website\"},\"primaryImageOfPage\":{\"@id\":\"http:\\\/\\\/autosdelpodio.com\\\/autos\\\/el-reglamento-tecnico-de-tc-sin-grandes-cambios-pero-sin-libertades-de-construccion-y-diseno-en-las-trompas-que-ahora-llevaran-el-logo-de-la-marca\\\/#primaryimage\"},\"image\":{\"@id\":\"http:\\\/\\\/autosdelpodio.com\\\/autos\\\/el-reglamento-tecnico-de-tc-sin-grandes-cambios-pero-sin-libertades-de-construccion-y-diseno-en-las-trompas-que-ahora-llevaran-el-logo-de-la-marca\\\/#primaryimage\"},\"thumbnailUrl\":\"http:\\\/\\\/autosdelpodio.com\\\/autos\\\/wp-content\\\/uploads\\\/2013\\\/01\\\/trompastc2013.jpg\",\"datePublished\":\"2013-01-12T18:22:57+00:00\",\"description\":\"Autos del Podio\",\"breadcrumb\":{\"@id\":\"http:\\\/\\\/autosdelpodio.com\\\/autos\\\/el-reglamento-tecnico-de-tc-sin-grandes-cambios-pero-sin-libertades-de-construccion-y-diseno-en-las-trompas-que-ahora-llevaran-el-logo-de-la-marca\\\/#breadcrumb\"},\"inLanguage\":\"es\",\"potentialAction\":[{\"@type\":\"ReadAction\",\"target\":[\"http:\\\/\\\/autosdelpodio.com\\\/autos\\\/el-reglamento-tecnico-de-tc-sin-grandes-cambios-pero-sin-libertades-de-construccion-y-diseno-en-las-trompas-que-ahora-llevaran-el-logo-de-la-marca\\\/\"]}]},{\"@type\":\"ImageObject\",\"inLanguage\":\"es\",\"@id\":\"http:\\\/\\\/autosdelpodio.com\\\/autos\\\/el-reglamento-tecnico-de-tc-sin-grandes-cambios-pero-sin-libertades-de-construccion-y-diseno-en-las-trompas-que-ahora-llevaran-el-logo-de-la-marca\\\/#primaryimage\",\"url\":\"http:\\\/\\\/autosdelpodio.com\\\/autos\\\/wp-content\\\/uploads\\\/2013\\\/01\\\/trompastc2013.jpg\",\"contentUrl\":\"http:\\\/\\\/autosdelpodio.com\\\/autos\\\/wp-content\\\/uploads\\\/2013\\\/01\\\/trompastc2013.jpg\",\"width\":734,\"height\":560},{\"@type\":\"BreadcrumbList\",\"@id\":\"http:\\\/\\\/autosdelpodio.com\\\/autos\\\/el-reglamento-tecnico-de-tc-sin-grandes-cambios-pero-sin-libertades-de-construccion-y-diseno-en-las-trompas-que-ahora-llevaran-el-logo-de-la-marca\\\/#breadcrumb\",\"itemListElement\":[{\"@type\":\"ListItem\",\"position\":1,\"name\":\"Portada\",\"item\":\"http:\\\/\\\/autosdelpodio.com\\\/autos\\\/\"},{\"@type\":\"ListItem\",\"position\":2,\"name\":\"El reglamento t\u00e9cnico de TC, sin grandes cambios, pero sin libertades de construcci\u00f3n y dise\u00f1o en las trompas que ahora llevar\u00e1n el logo de la marca\"}]},{\"@type\":\"WebSite\",\"@id\":\"http:\\\/\\\/autosdelpodio.com\\\/autos\\\/#website\",\"url\":\"http:\\\/\\\/autosdelpodio.com\\\/autos\\\/\",\"name\":\"Autos del Podio\",\"description\":\"La sexta del deporte motor\",\"publisher\":{\"@id\":\"http:\\\/\\\/autosdelpodio.com\\\/autos\\\/#organization\"},\"potentialAction\":[{\"@type\":\"SearchAction\",\"target\":{\"@type\":\"EntryPoint\",\"urlTemplate\":\"http:\\\/\\\/autosdelpodio.com\\\/autos\\\/?s={search_term_string}\"},\"query-input\":{\"@type\":\"PropertyValueSpecification\",\"valueRequired\":true,\"valueName\":\"search_term_string\"}}],\"inLanguage\":\"es\"},{\"@type\":\"Organization\",\"@id\":\"http:\\\/\\\/autosdelpodio.com\\\/autos\\\/#organization\",\"name\":\"Autos del Podio\",\"url\":\"http:\\\/\\\/autosdelpodio.com\\\/autos\\\/\",\"logo\":{\"@type\":\"ImageObject\",\"inLanguage\":\"es\",\"@id\":\"http:\\\/\\\/autosdelpodio.com\\\/autos\\\/#\\\/schema\\\/logo\\\/image\\\/\",\"url\":\"http:\\\/\\\/autosdelpodio.com\\\/autos\\\/wp-content\\\/uploads\\\/2020\\\/08\\\/Logo_AR.jpg\",\"contentUrl\":\"http:\\\/\\\/autosdelpodio.com\\\/autos\\\/wp-content\\\/uploads\\\/2020\\\/08\\\/Logo_AR.jpg\",\"width\":1038,\"height\":1044,\"caption\":\"Autos del Podio\"},\"image\":{\"@id\":\"http:\\\/\\\/autosdelpodio.com\\\/autos\\\/#\\\/schema\\\/logo\\\/image\\\/\"},\"sameAs\":[\"https:\\\/\\\/www.facebook.com\\\/profile.php?id=100057192590976&amp;amp;amp;amp;amp;amp;amp;amp;amp;amp;amp;amp;amp;amp;amp;amp;amp;amp;ref=ts\",\"https:\\\/\\\/x.com\\\/autosdelpodio\",\"https:\\\/\\\/www.youtube.com\\\/user\\\/AutosdelPodio\"]},{\"@type\":\"Person\",\"@id\":\"http:\\\/\\\/autosdelpodio.com\\\/autos\\\/#\\\/schema\\\/person\\\/e88353cabf768863fdf874e30120f3ba\",\"name\":\"wi022230\",\"image\":{\"@type\":\"ImageObject\",\"inLanguage\":\"es\",\"@id\":\"http:\\\/\\\/autosdelpodio.com\\\/autos\\\/wp-content\\\/litespeed\\\/avatar\\\/453fc9bdbb11d766ba4c7f14d0bd0aa9.jpg?ver=1776800006\",\"url\":\"http:\\\/\\\/autosdelpodio.com\\\/autos\\\/wp-content\\\/litespeed\\\/avatar\\\/453fc9bdbb11d766ba4c7f14d0bd0aa9.jpg?ver=1776800006\",\"contentUrl\":\"http:\\\/\\\/autosdelpodio.com\\\/autos\\\/wp-content\\\/litespeed\\\/avatar\\\/453fc9bdbb11d766ba4c7f14d0bd0aa9.jpg?ver=1776800006\",\"caption\":\"wi022230\"}}]}<\/script>\n<!-- \/ Yoast SEO plugin. -->","yoast_head_json":{"title":"Autos del Podio | El reglamento t\u00e9cnico de TC, sin grandes cambios, pero sin libertades de construcci\u00f3n y dise\u00f1o en las trompas que ahora llevar\u00e1n el logo de la marca","description":"Autos del Podio","robots":{"index":"index","follow":"follow","max-snippet":"max-snippet:-1","max-image-preview":"max-image-preview:large","max-video-preview":"max-video-preview:-1"},"canonical":"http:\/\/autosdelpodio.com\/autos\/el-reglamento-tecnico-de-tc-sin-grandes-cambios-pero-sin-libertades-de-construccion-y-diseno-en-las-trompas-que-ahora-llevaran-el-logo-de-la-marca\/","og_locale":"es_ES","og_type":"article","og_title":"Autos del Podio | El reglamento t\u00e9cnico de TC, sin grandes cambios, pero sin libertades de construcci\u00f3n y dise\u00f1o en las trompas que ahora llevar\u00e1n el logo de la marca","og_description":"Autos del Podio","og_url":"http:\/\/autosdelpodio.com\/autos\/el-reglamento-tecnico-de-tc-sin-grandes-cambios-pero-sin-libertades-de-construccion-y-diseno-en-las-trompas-que-ahora-llevaran-el-logo-de-la-marca\/","og_site_name":"Autos del Podio","article_publisher":"https:\/\/www.facebook.com\/profile.php?id=100057192590976&amp%3bamp%3bamp%3bamp%3bamp%3bamp%3bamp%3bamp%3bamp%3bamp%3bamp%3bamp%3bamp%3bamp%3bamp%3bamp%3bamp%3bamp%3bref=ts","article_published_time":"2013-01-12T18:22:57+00:00","og_image":[{"width":734,"height":560,"url":"http:\/\/autosdelpodio.com\/autos\/wp-content\/uploads\/2013\/01\/trompastc2013.jpg","type":"image\/jpeg"}],"author":"wi022230","twitter_card":"summary_large_image","twitter_creator":"@autosdelpodio","twitter_site":"@autosdelpodio","twitter_misc":{"Escrito por":"wi022230","Tiempo de lectura":"1 minuto"},"schema":{"@context":"https:\/\/schema.org","@graph":[{"@type":"Article","@id":"http:\/\/autosdelpodio.com\/autos\/el-reglamento-tecnico-de-tc-sin-grandes-cambios-pero-sin-libertades-de-construccion-y-diseno-en-las-trompas-que-ahora-llevaran-el-logo-de-la-marca\/#article","isPartOf":{"@id":"http:\/\/autosdelpodio.com\/autos\/el-reglamento-tecnico-de-tc-sin-grandes-cambios-pero-sin-libertades-de-construccion-y-diseno-en-las-trompas-que-ahora-llevaran-el-logo-de-la-marca\/"},"author":{"name":"wi022230","@id":"http:\/\/autosdelpodio.com\/autos\/#\/schema\/person\/e88353cabf768863fdf874e30120f3ba"},"headline":"El reglamento t\u00e9cnico de TC, sin grandes cambios, pero sin libertades de construcci\u00f3n y dise\u00f1o en las trompas que ahora llevar\u00e1n el logo de la marca","datePublished":"2013-01-12T18:22:57+00:00","mainEntityOfPage":{"@id":"http:\/\/autosdelpodio.com\/autos\/el-reglamento-tecnico-de-tc-sin-grandes-cambios-pero-sin-libertades-de-construccion-y-diseno-en-las-trompas-que-ahora-llevaran-el-logo-de-la-marca\/"},"wordCount":281,"commentCount":0,"publisher":{"@id":"http:\/\/autosdelpodio.com\/autos\/#organization"},"image":{"@id":"http:\/\/autosdelpodio.com\/autos\/el-reglamento-tecnico-de-tc-sin-grandes-cambios-pero-sin-libertades-de-construccion-y-diseno-en-las-trompas-que-ahora-llevaran-el-logo-de-la-marca\/#primaryimage"},"thumbnailUrl":"http:\/\/autosdelpodio.com\/autos\/wp-content\/uploads\/2013\/01\/trompastc2013.jpg","articleSection":["\u00daltimas noticias"],"inLanguage":"es","potentialAction":[{"@type":"CommentAction","name":"Comment","target":["http:\/\/autosdelpodio.com\/autos\/el-reglamento-tecnico-de-tc-sin-grandes-cambios-pero-sin-libertades-de-construccion-y-diseno-en-las-trompas-que-ahora-llevaran-el-logo-de-la-marca\/#respond"]}]},{"@type":"WebPage","@id":"http:\/\/autosdelpodio.com\/autos\/el-reglamento-tecnico-de-tc-sin-grandes-cambios-pero-sin-libertades-de-construccion-y-diseno-en-las-trompas-que-ahora-llevaran-el-logo-de-la-marca\/","url":"http:\/\/autosdelpodio.com\/autos\/el-reglamento-tecnico-de-tc-sin-grandes-cambios-pero-sin-libertades-de-construccion-y-diseno-en-las-trompas-que-ahora-llevaran-el-logo-de-la-marca\/","name":"Autos del Podio | El reglamento t\u00e9cnico de TC, sin grandes cambios, pero sin libertades de construcci\u00f3n y dise\u00f1o en las trompas que ahora llevar\u00e1n el logo de la marca","isPartOf":{"@id":"http:\/\/autosdelpodio.com\/autos\/#website"},"primaryImageOfPage":{"@id":"http:\/\/autosdelpodio.com\/autos\/el-reglamento-tecnico-de-tc-sin-grandes-cambios-pero-sin-libertades-de-construccion-y-diseno-en-las-trompas-que-ahora-llevaran-el-logo-de-la-marca\/#primaryimage"},"image":{"@id":"http:\/\/autosdelpodio.com\/autos\/el-reglamento-tecnico-de-tc-sin-grandes-cambios-pero-sin-libertades-de-construccion-y-diseno-en-las-trompas-que-ahora-llevaran-el-logo-de-la-marca\/#primaryimage"},"thumbnailUrl":"http:\/\/autosdelpodio.com\/autos\/wp-content\/uploads\/2013\/01\/trompastc2013.jpg","datePublished":"2013-01-12T18:22:57+00:00","description":"Autos del Podio","breadcrumb":{"@id":"http:\/\/autosdelpodio.com\/autos\/el-reglamento-tecnico-de-tc-sin-grandes-cambios-pero-sin-libertades-de-construccion-y-diseno-en-las-trompas-que-ahora-llevaran-el-logo-de-la-marca\/#breadcrumb"},"inLanguage":"es","potentialAction":[{"@type":"ReadAction","target":["http:\/\/autosdelpodio.com\/autos\/el-reglamento-tecnico-de-tc-sin-grandes-cambios-pero-sin-libertades-de-construccion-y-diseno-en-las-trompas-que-ahora-llevaran-el-logo-de-la-marca\/"]}]},{"@type":"ImageObject","inLanguage":"es","@id":"http:\/\/autosdelpodio.com\/autos\/el-reglamento-tecnico-de-tc-sin-grandes-cambios-pero-sin-libertades-de-construccion-y-diseno-en-las-trompas-que-ahora-llevaran-el-logo-de-la-marca\/#primaryimage","url":"http:\/\/autosdelpodio.com\/autos\/wp-content\/uploads\/2013\/01\/trompastc2013.jpg","contentUrl":"http:\/\/autosdelpodio.com\/autos\/wp-content\/uploads\/2013\/01\/trompastc2013.jpg","width":734,"height":560},{"@type":"BreadcrumbList","@id":"http:\/\/autosdelpodio.com\/autos\/el-reglamento-tecnico-de-tc-sin-grandes-cambios-pero-sin-libertades-de-construccion-y-diseno-en-las-trompas-que-ahora-llevaran-el-logo-de-la-marca\/#breadcrumb","itemListElement":[{"@type":"ListItem","position":1,"name":"Portada","item":"http:\/\/autosdelpodio.com\/autos\/"},{"@type":"ListItem","position":2,"name":"El reglamento t\u00e9cnico de TC, sin grandes cambios, pero sin libertades de construcci\u00f3n y dise\u00f1o en las trompas que ahora llevar\u00e1n el logo de la marca"}]},{"@type":"WebSite","@id":"http:\/\/autosdelpodio.com\/autos\/#website","url":"http:\/\/autosdelpodio.com\/autos\/","name":"Autos del Podio","description":"La sexta del deporte motor","publisher":{"@id":"http:\/\/autosdelpodio.com\/autos\/#organization"},"potentialAction":[{"@type":"SearchAction","target":{"@type":"EntryPoint","urlTemplate":"http:\/\/autosdelpodio.com\/autos\/?s={search_term_string}"},"query-input":{"@type":"PropertyValueSpecification","valueRequired":true,"valueName":"search_term_string"}}],"inLanguage":"es"},{"@type":"Organization","@id":"http:\/\/autosdelpodio.com\/autos\/#organization","name":"Autos del Podio","url":"http:\/\/autosdelpodio.com\/autos\/","logo":{"@type":"ImageObject","inLanguage":"es","@id":"http:\/\/autosdelpodio.com\/autos\/#\/schema\/logo\/image\/","url":"http:\/\/autosdelpodio.com\/autos\/wp-content\/uploads\/2020\/08\/Logo_AR.jpg","contentUrl":"http:\/\/autosdelpodio.com\/autos\/wp-content\/uploads\/2020\/08\/Logo_AR.jpg","width":1038,"height":1044,"caption":"Autos del Podio"},"image":{"@id":"http:\/\/autosdelpodio.com\/autos\/#\/schema\/logo\/image\/"},"sameAs":["https:\/\/www.facebook.com\/profile.php?id=100057192590976&amp;amp;amp;amp;amp;amp;amp;amp;amp;amp;amp;amp;amp;amp;amp;amp;amp;amp;ref=ts","https:\/\/x.com\/autosdelpodio","https:\/\/www.youtube.com\/user\/AutosdelPodio"]},{"@type":"Person","@id":"http:\/\/autosdelpodio.com\/autos\/#\/schema\/person\/e88353cabf768863fdf874e30120f3ba","name":"wi022230","image":{"@type":"ImageObject","inLanguage":"es","@id":"http:\/\/autosdelpodio.com\/autos\/wp-content\/litespeed\/avatar\/453fc9bdbb11d766ba4c7f14d0bd0aa9.jpg?ver=1776800006","url":"http:\/\/autosdelpodio.com\/autos\/wp-content\/litespeed\/avatar\/453fc9bdbb11d766ba4c7f14d0bd0aa9.jpg?ver=1776800006","contentUrl":"http:\/\/autosdelpodio.com\/autos\/wp-content\/litespeed\/avatar\/453fc9bdbb11d766ba4c7f14d0bd0aa9.jpg?ver=1776800006","caption":"wi022230"}}]}},"views":472,"_links":{"self":[{"href":"http:\/\/autosdelpodio.com\/autos\/wp-json\/wp\/v2\/posts\/640","targetHints":{"allow":["GET"]}}],"collection":[{"href":"http:\/\/autosdelpodio.com\/autos\/wp-json\/wp\/v2\/posts"}],"about":[{"href":"http:\/\/autosdelpodio.com\/autos\/wp-json\/wp\/v2\/types\/post"}],"author":[{"embeddable":true,"href":"http:\/\/autosdelpodio.com\/autos\/wp-json\/wp\/v2\/users\/1"}],"replies":[{"embeddable":true,"href":"http:\/\/autosdelpodio.com\/autos\/wp-json\/wp\/v2\/comments?post=640"}],"version-history":[{"count":0,"href":"http:\/\/autosdelpodio.com\/autos\/wp-json\/wp\/v2\/posts\/640\/revisions"}],"wp:featuredmedia":[{"embeddable":true,"href":"http:\/\/autosdelpodio.com\/autos\/wp-json\/wp\/v2\/media\/639"}],"wp:attachment":[{"href":"http:\/\/autosdelpodio.com\/autos\/wp-json\/wp\/v2\/media?parent=640"}],"wp:term":[{"taxonomy":"category","embeddable":true,"href":"http:\/\/autosdelpodio.com\/autos\/wp-json\/wp\/v2\/categories?post=640"},{"taxonomy":"post_tag","embeddable":true,"href":"http:\/\/autosdelpodio.com\/autos\/wp-json\/wp\/v2\/tags?post=640"}],"curies":[{"name":"wp","href":"https:\/\/api.w.org\/{rel}","templated":true}]}}