{"id":644,"date":"2013-01-17T20:20:07","date_gmt":"2013-01-17T20:20:07","guid":{"rendered":"http:\/\/autosdelpodio.com\/autos\/2013\/01\/17\/mar-de-ajo-abre-el-calendario-rioplatense\/"},"modified":"2013-01-17T20:20:07","modified_gmt":"2013-01-17T20:20:07","slug":"mar-de-ajo-abre-el-calendario-rioplatense","status":"publish","type":"post","link":"http:\/\/autosdelpodio.com\/autos\/mar-de-ajo-abre-el-calendario-rioplatense\/","title":{"rendered":"Mar de Aj\u00f2 abre el calendario rioplatense"},"content":{"rendered":"<p style=\"text-align: justify;\">El TC Rioplatense encara su decimaquinta temporada y ser\u00e1 el 3 de marzo en el trazado de Mar de Ajo donde la categor\u00eda abrir\u00e1 el juego.<\/p>\n<p>Un nuevo a\u00f1o comienza y el TC Rioplatense arranca su calendario en el Rub\u00e9n Lu\u00eds Di Palma de Mar de Ajo. Este trazado de 4695 metros de extensi\u00f3n, emplazado en la localidad de General Lavalle ser\u00e1 visitado por s\u00e9ptima vez en la historia de la categor\u00eda.<\/p>\n<p>  <!--more-->  <\/p>\n<p>Este Circuito abri\u00f3 sus puertas el 8 de febrero de 1998,\u00a0 y fue inaugurado con una carrera de Turismo Carretera ganada por Guillermo Ortelli. El TC Rioplatense visito por primera vez a este autodromo el 25\/09\/05 con 43 protagonistas, y Bruno Lunazzi fue el vencedor con su impecable Ford Falcon, preparado por Gabriel Viudez.<\/p>\n<p> Al a\u00f1o siguiente\u00a0 para el\u00a0 25\/06\/06, el TC Rioplatense con 41 protagonistas, hacia su segunda visita al autodromo de Mar de Ajo, y en esa oportunidad, bajo una intensa lluvia, era Ra\u00fal Riboldi que con su Ford lograba la victoria <\/p>\n<p>Fue el 15\/04\/07 que por tercer a\u00f1o consecutivo la categor\u00eda visitaba con 45 protagonistas al autodromo de General Lavalle. Ese a\u00f1o gan\u00f3 de manera inobjetable Juan Garriz\u00a0 con su Dodge, rompiendo la hegemon\u00eda que hasta ese momento tenia la marca Ford.<\/p>\n<p>El 16\/03\/08. Con 28 protagonistas en una carrera m\u00e1s que interesante, \u201cEl Guru\u201d Juan Carlos Cicarelli le daba a la marca Ford, su tercera victoria en ese trazado, dejando como dato estad\u00edstico la \u00fanica victoria para Juan Carlos Cicarelli en la categor\u00eda.<br \/>Fue el 16\/5\/10 que el TC Rioplatense transito el pavimento del autodromo costero retornando luego de dos a\u00f1o. Con un total de 26 maquinas presentes, en una competencia m\u00e1s que atractiva Ra\u00fal Grassa lograba el triunfo, d\u00e1ndole la primera alegr\u00eda del a\u00f1o a la marca del ovalo.<\/p>\n<p>La temporada 2011 fue la \u00faltima vez que el TC Rioplatense visito Mar de Ajo.<br \/>Fue el fin de semana del 13\/3\/11 que la divisional con 24 inscriptos abri\u00f3 su calendario con una fecha doble, con la novedad de utilizar por primera vez los neum\u00e1ticos Pirelli. Las clasificaciones las dominaba Mauro Fonseca y su Chevrolet, pero ambas finales quedaban en poder de Gaston Seoane al comando del Ford Falcon del equipo de Rub\u00e9n Pennisi.<\/p>\n<p>Vale la pena mencionar que en las seis presentaciones, la marca Chevrolet no pudo lograr la victoria, pero a pesar de ello les queda el consuelo de que \u00e9l record del circuito para la categor\u00eda esta en poder de dos Chevrolet, ya que el 16\/05\/10 Hern\u00e1n Insua al comando se su Chevrolet estableci\u00f3 en clasificaci\u00f3n 1m 51s 866\/1000 para su mejor vuelta empleando neum\u00e1ticos NA, mientras que el dominador con los neum\u00e1ticos Pirelli es Mauro Fonseca, que en la ultima oportunidad que la categor\u00edas piso el suelo costero, marco en la tanda cronometrada 1m 52s 824\/1000, convirti\u00e9ndose en el Poleman del fin de semana y la referencia de trabajo para los equipos que se le animen a la primera fecha de este a\u00f1o.<\/p>\n<p>Esta ser\u00e1 la primera competencia del calendario 2013, y como ya lo hizo en la temporada anterior, el TC Rioplatense compartir\u00e1 el escenario con el Turismo Pista y el Turismo Internacional, contado con la televisaci\u00f3n\u00a0 de Carburando a trav\u00e9s de la se\u00f1al de TYC Sport.<\/p>\n<p>\u00a0<\/p>\n","protected":false},"excerpt":{"rendered":"<p>El TC Rioplatense encara su decimaquinta temporada y ser\u00e1 el 3 de marzo en el trazado de Mar de Ajo<\/p>\n","protected":false},"author":1,"featured_media":0,"comment_status":"open","ping_status":"open","sticky":false,"template":"","format":"standard","meta":{"colormag_page_container_layout":"default_layout","colormag_page_sidebar_layout":"default_layout","footnotes":""},"categories":[5],"tags":[],"class_list":["post-644","post","type-post","status-publish","format-standard","hentry","category-latest-news"],"yoast_head":"<!-- This site is optimized with the Yoast SEO plugin v27.4 - https:\/\/yoast.com\/product\/yoast-seo-wordpress\/ -->\n<title>Autos del Podio | Mar de Aj\u00f2 abre el calendario rioplatense<\/title>\n<meta name=\"description\" content=\"Autos del Podio\" \/>\n<meta name=\"robots\" content=\"index, follow, max-snippet:-1, max-image-preview:large, max-video-preview:-1\" \/>\n<link rel=\"canonical\" href=\"http:\/\/autosdelpodio.com\/autos\/mar-de-ajo-abre-el-calendario-rioplatense\/\" \/>\n<meta property=\"og:locale\" content=\"es_ES\" \/>\n<meta property=\"og:type\" content=\"article\" \/>\n<meta property=\"og:title\" content=\"Autos del Podio | Mar de Aj\u00f2 abre el calendario rioplatense\" \/>\n<meta property=\"og:description\" content=\"Autos del Podio\" \/>\n<meta property=\"og:url\" content=\"http:\/\/autosdelpodio.com\/autos\/mar-de-ajo-abre-el-calendario-rioplatense\/\" \/>\n<meta property=\"og:site_name\" content=\"Autos del Podio\" \/>\n<meta property=\"article:publisher\" content=\"https:\/\/www.facebook.com\/profile.php?id=100057192590976&amp;amp%3bamp%3bamp%3bamp%3bamp%3bamp%3bamp%3bamp%3bamp%3bamp%3bamp%3bamp%3bamp%3bamp%3bamp%3bamp%3bamp%3bamp%3bref=ts\" \/>\n<meta property=\"article:published_time\" content=\"2013-01-17T20:20:07+00:00\" \/>\n<meta name=\"author\" content=\"wi022230\" \/>\n<meta name=\"twitter:card\" content=\"summary_large_image\" \/>\n<meta name=\"twitter:creator\" content=\"@autosdelpodio\" \/>\n<meta name=\"twitter:site\" content=\"@autosdelpodio\" \/>\n<meta name=\"twitter:label1\" content=\"Escrito por\" \/>\n\t<meta name=\"twitter:data1\" content=\"wi022230\" \/>\n\t<meta name=\"twitter:label2\" content=\"Tiempo de lectura\" \/>\n\t<meta name=\"twitter:data2\" content=\"3 minutos\" \/>\n<script type=\"application\/ld+json\" class=\"yoast-schema-graph\">{\"@context\":\"https:\\\/\\\/schema.org\",\"@graph\":[{\"@type\":\"Article\",\"@id\":\"http:\\\/\\\/autosdelpodio.com\\\/autos\\\/mar-de-ajo-abre-el-calendario-rioplatense\\\/#article\",\"isPartOf\":{\"@id\":\"http:\\\/\\\/autosdelpodio.com\\\/autos\\\/mar-de-ajo-abre-el-calendario-rioplatense\\\/\"},\"author\":{\"name\":\"wi022230\",\"@id\":\"http:\\\/\\\/autosdelpodio.com\\\/autos\\\/#\\\/schema\\\/person\\\/e88353cabf768863fdf874e30120f3ba\"},\"headline\":\"Mar de Aj\u00f2 abre el calendario rioplatense\",\"datePublished\":\"2013-01-17T20:20:07+00:00\",\"mainEntityOfPage\":{\"@id\":\"http:\\\/\\\/autosdelpodio.com\\\/autos\\\/mar-de-ajo-abre-el-calendario-rioplatense\\\/\"},\"wordCount\":559,\"commentCount\":0,\"publisher\":{\"@id\":\"http:\\\/\\\/autosdelpodio.com\\\/autos\\\/#organization\"},\"articleSection\":[\"\u00daltimas noticias\"],\"inLanguage\":\"es\",\"potentialAction\":[{\"@type\":\"CommentAction\",\"name\":\"Comment\",\"target\":[\"http:\\\/\\\/autosdelpodio.com\\\/autos\\\/mar-de-ajo-abre-el-calendario-rioplatense\\\/#respond\"]}]},{\"@type\":\"WebPage\",\"@id\":\"http:\\\/\\\/autosdelpodio.com\\\/autos\\\/mar-de-ajo-abre-el-calendario-rioplatense\\\/\",\"url\":\"http:\\\/\\\/autosdelpodio.com\\\/autos\\\/mar-de-ajo-abre-el-calendario-rioplatense\\\/\",\"name\":\"Autos del Podio | Mar de Aj\u00f2 abre el calendario rioplatense\",\"isPartOf\":{\"@id\":\"http:\\\/\\\/autosdelpodio.com\\\/autos\\\/#website\"},\"datePublished\":\"2013-01-17T20:20:07+00:00\",\"description\":\"Autos del Podio\",\"breadcrumb\":{\"@id\":\"http:\\\/\\\/autosdelpodio.com\\\/autos\\\/mar-de-ajo-abre-el-calendario-rioplatense\\\/#breadcrumb\"},\"inLanguage\":\"es\",\"potentialAction\":[{\"@type\":\"ReadAction\",\"target\":[\"http:\\\/\\\/autosdelpodio.com\\\/autos\\\/mar-de-ajo-abre-el-calendario-rioplatense\\\/\"]}]},{\"@type\":\"BreadcrumbList\",\"@id\":\"http:\\\/\\\/autosdelpodio.com\\\/autos\\\/mar-de-ajo-abre-el-calendario-rioplatense\\\/#breadcrumb\",\"itemListElement\":[{\"@type\":\"ListItem\",\"position\":1,\"name\":\"Portada\",\"item\":\"http:\\\/\\\/autosdelpodio.com\\\/autos\\\/\"},{\"@type\":\"ListItem\",\"position\":2,\"name\":\"Mar de Aj\u00f2 abre el calendario rioplatense\"}]},{\"@type\":\"WebSite\",\"@id\":\"http:\\\/\\\/autosdelpodio.com\\\/autos\\\/#website\",\"url\":\"http:\\\/\\\/autosdelpodio.com\\\/autos\\\/\",\"name\":\"Autos del Podio\",\"description\":\"La sexta del deporte motor\",\"publisher\":{\"@id\":\"http:\\\/\\\/autosdelpodio.com\\\/autos\\\/#organization\"},\"potentialAction\":[{\"@type\":\"SearchAction\",\"target\":{\"@type\":\"EntryPoint\",\"urlTemplate\":\"http:\\\/\\\/autosdelpodio.com\\\/autos\\\/?s={search_term_string}\"},\"query-input\":{\"@type\":\"PropertyValueSpecification\",\"valueRequired\":true,\"valueName\":\"search_term_string\"}}],\"inLanguage\":\"es\"},{\"@type\":\"Organization\",\"@id\":\"http:\\\/\\\/autosdelpodio.com\\\/autos\\\/#organization\",\"name\":\"Autos del Podio\",\"url\":\"http:\\\/\\\/autosdelpodio.com\\\/autos\\\/\",\"logo\":{\"@type\":\"ImageObject\",\"inLanguage\":\"es\",\"@id\":\"http:\\\/\\\/autosdelpodio.com\\\/autos\\\/#\\\/schema\\\/logo\\\/image\\\/\",\"url\":\"http:\\\/\\\/autosdelpodio.com\\\/autos\\\/wp-content\\\/uploads\\\/2020\\\/08\\\/Logo_AR.jpg\",\"contentUrl\":\"http:\\\/\\\/autosdelpodio.com\\\/autos\\\/wp-content\\\/uploads\\\/2020\\\/08\\\/Logo_AR.jpg\",\"width\":1038,\"height\":1044,\"caption\":\"Autos del Podio\"},\"image\":{\"@id\":\"http:\\\/\\\/autosdelpodio.com\\\/autos\\\/#\\\/schema\\\/logo\\\/image\\\/\"},\"sameAs\":[\"https:\\\/\\\/www.facebook.com\\\/profile.php?id=100057192590976&amp;amp;amp;amp;amp;amp;amp;amp;amp;amp;amp;amp;amp;amp;amp;amp;amp;amp;ref=ts\",\"https:\\\/\\\/x.com\\\/autosdelpodio\",\"https:\\\/\\\/www.youtube.com\\\/user\\\/AutosdelPodio\"]},{\"@type\":\"Person\",\"@id\":\"http:\\\/\\\/autosdelpodio.com\\\/autos\\\/#\\\/schema\\\/person\\\/e88353cabf768863fdf874e30120f3ba\",\"name\":\"wi022230\",\"image\":{\"@type\":\"ImageObject\",\"inLanguage\":\"es\",\"@id\":\"http:\\\/\\\/autosdelpodio.com\\\/autos\\\/wp-content\\\/litespeed\\\/avatar\\\/453fc9bdbb11d766ba4c7f14d0bd0aa9.jpg?ver=1776800006\",\"url\":\"http:\\\/\\\/autosdelpodio.com\\\/autos\\\/wp-content\\\/litespeed\\\/avatar\\\/453fc9bdbb11d766ba4c7f14d0bd0aa9.jpg?ver=1776800006\",\"contentUrl\":\"http:\\\/\\\/autosdelpodio.com\\\/autos\\\/wp-content\\\/litespeed\\\/avatar\\\/453fc9bdbb11d766ba4c7f14d0bd0aa9.jpg?ver=1776800006\",\"caption\":\"wi022230\"}}]}<\/script>\n<!-- \/ Yoast SEO plugin. -->","yoast_head_json":{"title":"Autos del Podio | Mar de Aj\u00f2 abre el calendario rioplatense","description":"Autos del Podio","robots":{"index":"index","follow":"follow","max-snippet":"max-snippet:-1","max-image-preview":"max-image-preview:large","max-video-preview":"max-video-preview:-1"},"canonical":"http:\/\/autosdelpodio.com\/autos\/mar-de-ajo-abre-el-calendario-rioplatense\/","og_locale":"es_ES","og_type":"article","og_title":"Autos del Podio | Mar de Aj\u00f2 abre el calendario rioplatense","og_description":"Autos del Podio","og_url":"http:\/\/autosdelpodio.com\/autos\/mar-de-ajo-abre-el-calendario-rioplatense\/","og_site_name":"Autos del Podio","article_publisher":"https:\/\/www.facebook.com\/profile.php?id=100057192590976&amp%3bamp%3bamp%3bamp%3bamp%3bamp%3bamp%3bamp%3bamp%3bamp%3bamp%3bamp%3bamp%3bamp%3bamp%3bamp%3bamp%3bamp%3bref=ts","article_published_time":"2013-01-17T20:20:07+00:00","author":"wi022230","twitter_card":"summary_large_image","twitter_creator":"@autosdelpodio","twitter_site":"@autosdelpodio","twitter_misc":{"Escrito por":"wi022230","Tiempo de lectura":"3 minutos"},"schema":{"@context":"https:\/\/schema.org","@graph":[{"@type":"Article","@id":"http:\/\/autosdelpodio.com\/autos\/mar-de-ajo-abre-el-calendario-rioplatense\/#article","isPartOf":{"@id":"http:\/\/autosdelpodio.com\/autos\/mar-de-ajo-abre-el-calendario-rioplatense\/"},"author":{"name":"wi022230","@id":"http:\/\/autosdelpodio.com\/autos\/#\/schema\/person\/e88353cabf768863fdf874e30120f3ba"},"headline":"Mar de Aj\u00f2 abre el calendario rioplatense","datePublished":"2013-01-17T20:20:07+00:00","mainEntityOfPage":{"@id":"http:\/\/autosdelpodio.com\/autos\/mar-de-ajo-abre-el-calendario-rioplatense\/"},"wordCount":559,"commentCount":0,"publisher":{"@id":"http:\/\/autosdelpodio.com\/autos\/#organization"},"articleSection":["\u00daltimas noticias"],"inLanguage":"es","potentialAction":[{"@type":"CommentAction","name":"Comment","target":["http:\/\/autosdelpodio.com\/autos\/mar-de-ajo-abre-el-calendario-rioplatense\/#respond"]}]},{"@type":"WebPage","@id":"http:\/\/autosdelpodio.com\/autos\/mar-de-ajo-abre-el-calendario-rioplatense\/","url":"http:\/\/autosdelpodio.com\/autos\/mar-de-ajo-abre-el-calendario-rioplatense\/","name":"Autos del Podio | Mar de Aj\u00f2 abre el calendario rioplatense","isPartOf":{"@id":"http:\/\/autosdelpodio.com\/autos\/#website"},"datePublished":"2013-01-17T20:20:07+00:00","description":"Autos del Podio","breadcrumb":{"@id":"http:\/\/autosdelpodio.com\/autos\/mar-de-ajo-abre-el-calendario-rioplatense\/#breadcrumb"},"inLanguage":"es","potentialAction":[{"@type":"ReadAction","target":["http:\/\/autosdelpodio.com\/autos\/mar-de-ajo-abre-el-calendario-rioplatense\/"]}]},{"@type":"BreadcrumbList","@id":"http:\/\/autosdelpodio.com\/autos\/mar-de-ajo-abre-el-calendario-rioplatense\/#breadcrumb","itemListElement":[{"@type":"ListItem","position":1,"name":"Portada","item":"http:\/\/autosdelpodio.com\/autos\/"},{"@type":"ListItem","position":2,"name":"Mar de Aj\u00f2 abre el calendario rioplatense"}]},{"@type":"WebSite","@id":"http:\/\/autosdelpodio.com\/autos\/#website","url":"http:\/\/autosdelpodio.com\/autos\/","name":"Autos del Podio","description":"La sexta del deporte motor","publisher":{"@id":"http:\/\/autosdelpodio.com\/autos\/#organization"},"potentialAction":[{"@type":"SearchAction","target":{"@type":"EntryPoint","urlTemplate":"http:\/\/autosdelpodio.com\/autos\/?s={search_term_string}"},"query-input":{"@type":"PropertyValueSpecification","valueRequired":true,"valueName":"search_term_string"}}],"inLanguage":"es"},{"@type":"Organization","@id":"http:\/\/autosdelpodio.com\/autos\/#organization","name":"Autos del Podio","url":"http:\/\/autosdelpodio.com\/autos\/","logo":{"@type":"ImageObject","inLanguage":"es","@id":"http:\/\/autosdelpodio.com\/autos\/#\/schema\/logo\/image\/","url":"http:\/\/autosdelpodio.com\/autos\/wp-content\/uploads\/2020\/08\/Logo_AR.jpg","contentUrl":"http:\/\/autosdelpodio.com\/autos\/wp-content\/uploads\/2020\/08\/Logo_AR.jpg","width":1038,"height":1044,"caption":"Autos del Podio"},"image":{"@id":"http:\/\/autosdelpodio.com\/autos\/#\/schema\/logo\/image\/"},"sameAs":["https:\/\/www.facebook.com\/profile.php?id=100057192590976&amp;amp;amp;amp;amp;amp;amp;amp;amp;amp;amp;amp;amp;amp;amp;amp;amp;amp;ref=ts","https:\/\/x.com\/autosdelpodio","https:\/\/www.youtube.com\/user\/AutosdelPodio"]},{"@type":"Person","@id":"http:\/\/autosdelpodio.com\/autos\/#\/schema\/person\/e88353cabf768863fdf874e30120f3ba","name":"wi022230","image":{"@type":"ImageObject","inLanguage":"es","@id":"http:\/\/autosdelpodio.com\/autos\/wp-content\/litespeed\/avatar\/453fc9bdbb11d766ba4c7f14d0bd0aa9.jpg?ver=1776800006","url":"http:\/\/autosdelpodio.com\/autos\/wp-content\/litespeed\/avatar\/453fc9bdbb11d766ba4c7f14d0bd0aa9.jpg?ver=1776800006","contentUrl":"http:\/\/autosdelpodio.com\/autos\/wp-content\/litespeed\/avatar\/453fc9bdbb11d766ba4c7f14d0bd0aa9.jpg?ver=1776800006","caption":"wi022230"}}]}},"views":410,"_links":{"self":[{"href":"http:\/\/autosdelpodio.com\/autos\/wp-json\/wp\/v2\/posts\/644","targetHints":{"allow":["GET"]}}],"collection":[{"href":"http:\/\/autosdelpodio.com\/autos\/wp-json\/wp\/v2\/posts"}],"about":[{"href":"http:\/\/autosdelpodio.com\/autos\/wp-json\/wp\/v2\/types\/post"}],"author":[{"embeddable":true,"href":"http:\/\/autosdelpodio.com\/autos\/wp-json\/wp\/v2\/users\/1"}],"replies":[{"embeddable":true,"href":"http:\/\/autosdelpodio.com\/autos\/wp-json\/wp\/v2\/comments?post=644"}],"version-history":[{"count":0,"href":"http:\/\/autosdelpodio.com\/autos\/wp-json\/wp\/v2\/posts\/644\/revisions"}],"wp:attachment":[{"href":"http:\/\/autosdelpodio.com\/autos\/wp-json\/wp\/v2\/media?parent=644"}],"wp:term":[{"taxonomy":"category","embeddable":true,"href":"http:\/\/autosdelpodio.com\/autos\/wp-json\/wp\/v2\/categories?post=644"},{"taxonomy":"post_tag","embeddable":true,"href":"http:\/\/autosdelpodio.com\/autos\/wp-json\/wp\/v2\/tags?post=644"}],"curies":[{"name":"wp","href":"https:\/\/api.w.org\/{rel}","templated":true}]}}