{"id":6489,"date":"2022-12-15T14:51:41","date_gmt":"2022-12-15T17:51:41","guid":{"rendered":"http:\/\/autosdelpodio.com\/autos\/?p=6489"},"modified":"2022-12-18T22:24:31","modified_gmt":"2022-12-19T01:24:31","slug":"renault-presento-la-nueva-master","status":"publish","type":"post","link":"http:\/\/autosdelpodio.com\/autos\/renault-presento-la-nueva-master\/","title":{"rendered":"Renault present\u00f3 la nueva Master"},"content":{"rendered":"\n<p>Renault Argentina presenta la nueva Renault Master, la renovada versi\u00f3n del modelo comercial ligero que acompa\u00f1a a los clientes profesionales de la marca desde 1998.<\/p>\n\n\n\n<p>Vivimos en un mundo cada vez m\u00e1s competitivo en el que las exigencias aumentan en un ir y venir. La nueva l\u00ednea de utilitario Renault Master fue pensada para una mejor convivencia entre seguridad, confort y robustez de un veh\u00edculo comercial con comprobadas credenciales para que los clientes profesionales hagan conocer su negocio.<\/p>\n\n\n\n<h5 class=\"wp-block-heading\"><strong>Motorizaci\u00f3n<\/strong><\/h5>\n\n\n\n<h5 class=\"wp-block-heading\">La nueva Renault Master mantiene su conocido motor M9T de Renault, fabricado en Cl\u00e9on (Francia), tambi\u00e9n utilizado en el modelo insignia de la producci\u00f3n nacional de la marca, la pick up Alaskan. Este motor eroga 130 cv y est\u00e1 hermanado a una caja manual de 6 velocidades.<\/h5>\n\n\n\n<p>Al igual que en la anterior generaci\u00f3n de Master, se mantiene la distribuci\u00f3n por cadena y el servicio cada 20.000 km. Estos atributos se suman a la excelente eficiencia en cuanto al consumo de combustible y hacen de este modelo el perfecto aliado para clientes profesionales.<\/p>\n\n\n\n<h5 class=\"wp-block-heading\"><strong>Dise\u00f1o exterior<\/strong><\/h5>\n\n\n\n<h5 class=\"wp-block-heading\">La nueva Renault Master reafirma su personalidad fuerte y moderna con un nuevo dise\u00f1o exterior. Este dise\u00f1o trae un nuevo paragolpes delantero, nueva parrilla y nuevas luces de circulaci\u00f3n diurna (DRL) en forma de \u201cC\u201d con tecnolog\u00eda LED.<\/h5>\n\n\n\n<h5 class=\"wp-block-heading\"><strong>Dise\u00f1o interior<\/strong><\/h5>\n\n\n\n<h5 class=\"wp-block-heading\">El interior del veh\u00edculo ha sido redise\u00f1ado para combinar dise\u00f1o, confort y funcionalidad. Su interior renovado cuenta con un nuevo volante multifunci\u00f3n y un tablero de instrumentos con computadora a bordo. A su vez, se destaca la incorporaci\u00f3n de la nueva pantalla multimedia de 7\u201d -compatible con Android Auto &amp; Apple CarPlay- que permite la visualizaci\u00f3n de la c\u00e1mara de estacionamiento trasera, que est\u00e1 acompa\u00f1ada sonoramente por los sensores traseros.<\/h5>\n\n\n\n<h5 class=\"wp-block-heading\"><strong>Seguridad<\/strong><\/h5>\n\n\n\n<p>En cuanto al equipamiento referido a la seguridad de la nueva Renault Master, se incorporan importantes novedades:<\/p>\n\n\n\n<ul class=\"wp-block-list\">\n<li>Control de estabilidad (ESP) y Control de Carga Adaptativo (LAC)<\/li>\n\n\n\n<li>Asistente de Arranque en Pendiente (HSA)<\/li>\n\n\n\n<li>Mitigaci\u00f3n de Vuelco (ROM)<\/li>\n\n\n\n<li>Control de Balanceo del Remolque (TSA)<\/li>\n\n\n\n<li>Asistente de Viento Cruzado (SWA)<\/li>\n\n\n\n<li>Sistema de frenos ABS con Asistencia de Frenado de Emergencia (AFU)<\/li>\n<\/ul>\n\n\n\n<h5 class=\"wp-block-heading\"><strong>Versi\u00f3n y color<\/strong><\/h5>\n\n\n\n<p>La nueva Renault Master se comercializar\u00e1 en su versi\u00f3n furg\u00f3n L1H1, con un volumen de carga de 8m3. El \u00fanico color disponible ser\u00e1 Blanco Glaciar.<\/p>\n\n\n\n<h5 class=\"wp-block-heading\">Precio y canales de comercializaci\u00f3n<\/h5>\n\n\n\n<p>El precio de lista para el mes de noviembre ser\u00e1 de $10.750.000 (pesos).<\/p>\n\n\n\n<p>Este veh\u00edculo ser\u00e1 comercializado para nuestros ahorristas del Plan Rombo y para el canal de Ventas Especiales.<\/p>\n\n\n\n<p><em>Fuente: prensa Renault Argentina<\/em><\/p>\n","protected":false},"excerpt":{"rendered":"<p>Renault Argentina presenta la nueva Renault Master, la renovada versi\u00f3n del modelo comercial ligero que acompa\u00f1a a los clientes profesionales<\/p>\n","protected":false},"author":3,"featured_media":6491,"comment_status":"open","ping_status":"open","sticky":false,"template":"","format":"standard","meta":{"colormag_page_container_layout":"default_layout","colormag_page_sidebar_layout":"default_layout","footnotes":""},"categories":[16,5],"tags":[108,208,30,35],"class_list":["post-6489","post","type-post","status-publish","format-standard","has-post-thumbnail","hentry","category-recta-principal","category-latest-news","tag-furgones","tag-produccion","tag-renault","tag-republica-argentina"],"yoast_head":"<!-- This site is optimized with the Yoast SEO plugin v27.4 - https:\/\/yoast.com\/product\/yoast-seo-wordpress\/ -->\n<title>Autos del Podio | Renault present\u00f3 la nueva Master<\/title>\n<meta name=\"description\" content=\"Autos del Podio La nueva Renault Master se comercializar\u00e1 en su versi\u00f3n furg\u00f3n L1H1, con un volumen de carga de 8m3.\" \/>\n<meta name=\"robots\" content=\"index, follow, max-snippet:-1, max-image-preview:large, max-video-preview:-1\" \/>\n<link rel=\"canonical\" href=\"http:\/\/autosdelpodio.com\/autos\/renault-presento-la-nueva-master\/\" \/>\n<meta property=\"og:locale\" content=\"es_ES\" \/>\n<meta property=\"og:type\" content=\"article\" \/>\n<meta property=\"og:title\" content=\"Autos del Podio | Renault present\u00f3 la nueva Master\" \/>\n<meta property=\"og:description\" content=\"Autos del Podio La nueva Renault Master se comercializar\u00e1 en su versi\u00f3n furg\u00f3n L1H1, con un volumen de carga de 8m3.\" \/>\n<meta property=\"og:url\" content=\"http:\/\/autosdelpodio.com\/autos\/renault-presento-la-nueva-master\/\" \/>\n<meta property=\"og:site_name\" content=\"Autos del Podio\" \/>\n<meta property=\"article:publisher\" content=\"https:\/\/www.facebook.com\/profile.php?id=100057192590976&amp;amp%3bamp%3bamp%3bamp%3bamp%3bamp%3bamp%3bamp%3bamp%3bamp%3bamp%3bamp%3bamp%3bamp%3bamp%3bamp%3bamp%3bamp%3bref=ts\" \/>\n<meta property=\"article:published_time\" content=\"2022-12-15T17:51:41+00:00\" \/>\n<meta property=\"article:modified_time\" content=\"2022-12-19T01:24:31+00:00\" \/>\n<meta property=\"og:image\" content=\"http:\/\/autosdelpodio.com\/autos\/wp-content\/uploads\/2022\/12\/Renault_Master.jpg\" \/>\n\t<meta property=\"og:image:width\" content=\"500\" \/>\n\t<meta property=\"og:image:height\" content=\"300\" \/>\n\t<meta property=\"og:image:type\" content=\"image\/jpeg\" \/>\n<meta name=\"author\" content=\"autosdelpodio\" \/>\n<meta name=\"twitter:card\" content=\"summary_large_image\" \/>\n<meta name=\"twitter:creator\" content=\"@autosdelpodio\" \/>\n<meta name=\"twitter:site\" content=\"@autosdelpodio\" \/>\n<meta name=\"twitter:label1\" content=\"Escrito por\" \/>\n\t<meta name=\"twitter:data1\" content=\"autosdelpodio\" \/>\n\t<meta name=\"twitter:label2\" content=\"Tiempo de lectura\" \/>\n\t<meta name=\"twitter:data2\" content=\"2 minutos\" \/>\n<script type=\"application\/ld+json\" class=\"yoast-schema-graph\">{\"@context\":\"https:\\\/\\\/schema.org\",\"@graph\":[{\"@type\":\"Article\",\"@id\":\"http:\\\/\\\/autosdelpodio.com\\\/autos\\\/renault-presento-la-nueva-master\\\/#article\",\"isPartOf\":{\"@id\":\"http:\\\/\\\/autosdelpodio.com\\\/autos\\\/renault-presento-la-nueva-master\\\/\"},\"author\":{\"name\":\"autosdelpodio\",\"@id\":\"http:\\\/\\\/autosdelpodio.com\\\/autos\\\/#\\\/schema\\\/person\\\/993527a4d01c3acdd3d6bce3770bc942\"},\"headline\":\"Renault present\u00f3 la nueva Master\",\"datePublished\":\"2022-12-15T17:51:41+00:00\",\"dateModified\":\"2022-12-19T01:24:31+00:00\",\"mainEntityOfPage\":{\"@id\":\"http:\\\/\\\/autosdelpodio.com\\\/autos\\\/renault-presento-la-nueva-master\\\/\"},\"wordCount\":443,\"commentCount\":0,\"publisher\":{\"@id\":\"http:\\\/\\\/autosdelpodio.com\\\/autos\\\/#organization\"},\"image\":{\"@id\":\"http:\\\/\\\/autosdelpodio.com\\\/autos\\\/renault-presento-la-nueva-master\\\/#primaryimage\"},\"thumbnailUrl\":\"http:\\\/\\\/autosdelpodio.com\\\/autos\\\/wp-content\\\/uploads\\\/2022\\\/12\\\/Renault_Master.jpg\",\"keywords\":[\"Furgones\",\"Producci\u00f3n\",\"Renault\",\"Republica Argentina\"],\"articleSection\":[\"Recta Principal\",\"\u00daltimas noticias\"],\"inLanguage\":\"es\",\"potentialAction\":[{\"@type\":\"CommentAction\",\"name\":\"Comment\",\"target\":[\"http:\\\/\\\/autosdelpodio.com\\\/autos\\\/renault-presento-la-nueva-master\\\/#respond\"]}]},{\"@type\":\"WebPage\",\"@id\":\"http:\\\/\\\/autosdelpodio.com\\\/autos\\\/renault-presento-la-nueva-master\\\/\",\"url\":\"http:\\\/\\\/autosdelpodio.com\\\/autos\\\/renault-presento-la-nueva-master\\\/\",\"name\":\"Autos del Podio | Renault present\u00f3 la nueva Master\",\"isPartOf\":{\"@id\":\"http:\\\/\\\/autosdelpodio.com\\\/autos\\\/#website\"},\"primaryImageOfPage\":{\"@id\":\"http:\\\/\\\/autosdelpodio.com\\\/autos\\\/renault-presento-la-nueva-master\\\/#primaryimage\"},\"image\":{\"@id\":\"http:\\\/\\\/autosdelpodio.com\\\/autos\\\/renault-presento-la-nueva-master\\\/#primaryimage\"},\"thumbnailUrl\":\"http:\\\/\\\/autosdelpodio.com\\\/autos\\\/wp-content\\\/uploads\\\/2022\\\/12\\\/Renault_Master.jpg\",\"datePublished\":\"2022-12-15T17:51:41+00:00\",\"dateModified\":\"2022-12-19T01:24:31+00:00\",\"description\":\"Autos del Podio La nueva Renault Master se comercializar\u00e1 en su versi\u00f3n furg\u00f3n L1H1, con un volumen de carga de 8m3.\",\"breadcrumb\":{\"@id\":\"http:\\\/\\\/autosdelpodio.com\\\/autos\\\/renault-presento-la-nueva-master\\\/#breadcrumb\"},\"inLanguage\":\"es\",\"potentialAction\":[{\"@type\":\"ReadAction\",\"target\":[\"http:\\\/\\\/autosdelpodio.com\\\/autos\\\/renault-presento-la-nueva-master\\\/\"]}]},{\"@type\":\"ImageObject\",\"inLanguage\":\"es\",\"@id\":\"http:\\\/\\\/autosdelpodio.com\\\/autos\\\/renault-presento-la-nueva-master\\\/#primaryimage\",\"url\":\"http:\\\/\\\/autosdelpodio.com\\\/autos\\\/wp-content\\\/uploads\\\/2022\\\/12\\\/Renault_Master.jpg\",\"contentUrl\":\"http:\\\/\\\/autosdelpodio.com\\\/autos\\\/wp-content\\\/uploads\\\/2022\\\/12\\\/Renault_Master.jpg\",\"width\":500,\"height\":300},{\"@type\":\"BreadcrumbList\",\"@id\":\"http:\\\/\\\/autosdelpodio.com\\\/autos\\\/renault-presento-la-nueva-master\\\/#breadcrumb\",\"itemListElement\":[{\"@type\":\"ListItem\",\"position\":1,\"name\":\"Portada\",\"item\":\"http:\\\/\\\/autosdelpodio.com\\\/autos\\\/\"},{\"@type\":\"ListItem\",\"position\":2,\"name\":\"Renault present\u00f3 la nueva Master\"}]},{\"@type\":\"WebSite\",\"@id\":\"http:\\\/\\\/autosdelpodio.com\\\/autos\\\/#website\",\"url\":\"http:\\\/\\\/autosdelpodio.com\\\/autos\\\/\",\"name\":\"Autos del Podio\",\"description\":\"La sexta del deporte motor\",\"publisher\":{\"@id\":\"http:\\\/\\\/autosdelpodio.com\\\/autos\\\/#organization\"},\"potentialAction\":[{\"@type\":\"SearchAction\",\"target\":{\"@type\":\"EntryPoint\",\"urlTemplate\":\"http:\\\/\\\/autosdelpodio.com\\\/autos\\\/?s={search_term_string}\"},\"query-input\":{\"@type\":\"PropertyValueSpecification\",\"valueRequired\":true,\"valueName\":\"search_term_string\"}}],\"inLanguage\":\"es\"},{\"@type\":\"Organization\",\"@id\":\"http:\\\/\\\/autosdelpodio.com\\\/autos\\\/#organization\",\"name\":\"Autos del Podio\",\"url\":\"http:\\\/\\\/autosdelpodio.com\\\/autos\\\/\",\"logo\":{\"@type\":\"ImageObject\",\"inLanguage\":\"es\",\"@id\":\"http:\\\/\\\/autosdelpodio.com\\\/autos\\\/#\\\/schema\\\/logo\\\/image\\\/\",\"url\":\"http:\\\/\\\/autosdelpodio.com\\\/autos\\\/wp-content\\\/uploads\\\/2020\\\/08\\\/Logo_AR.jpg\",\"contentUrl\":\"http:\\\/\\\/autosdelpodio.com\\\/autos\\\/wp-content\\\/uploads\\\/2020\\\/08\\\/Logo_AR.jpg\",\"width\":1038,\"height\":1044,\"caption\":\"Autos del Podio\"},\"image\":{\"@id\":\"http:\\\/\\\/autosdelpodio.com\\\/autos\\\/#\\\/schema\\\/logo\\\/image\\\/\"},\"sameAs\":[\"https:\\\/\\\/www.facebook.com\\\/profile.php?id=100057192590976&amp;amp;amp;amp;amp;amp;amp;amp;amp;amp;amp;amp;amp;amp;amp;amp;amp;amp;ref=ts\",\"https:\\\/\\\/x.com\\\/autosdelpodio\",\"https:\\\/\\\/www.youtube.com\\\/user\\\/AutosdelPodio\"]},{\"@type\":\"Person\",\"@id\":\"http:\\\/\\\/autosdelpodio.com\\\/autos\\\/#\\\/schema\\\/person\\\/993527a4d01c3acdd3d6bce3770bc942\",\"name\":\"autosdelpodio\",\"image\":{\"@type\":\"ImageObject\",\"inLanguage\":\"es\",\"@id\":\"http:\\\/\\\/autosdelpodio.com\\\/autos\\\/wp-content\\\/litespeed\\\/avatar\\\/aa8f65cd201a80f6b844f63278aa84af.jpg?ver=1776798175\",\"url\":\"http:\\\/\\\/autosdelpodio.com\\\/autos\\\/wp-content\\\/litespeed\\\/avatar\\\/aa8f65cd201a80f6b844f63278aa84af.jpg?ver=1776798175\",\"contentUrl\":\"http:\\\/\\\/autosdelpodio.com\\\/autos\\\/wp-content\\\/litespeed\\\/avatar\\\/aa8f65cd201a80f6b844f63278aa84af.jpg?ver=1776798175\",\"caption\":\"autosdelpodio\"}}]}<\/script>\n<!-- \/ Yoast SEO plugin. -->","yoast_head_json":{"title":"Autos del Podio | Renault present\u00f3 la nueva Master","description":"Autos del Podio La nueva Renault Master se comercializar\u00e1 en su versi\u00f3n furg\u00f3n L1H1, con un volumen de carga de 8m3.","robots":{"index":"index","follow":"follow","max-snippet":"max-snippet:-1","max-image-preview":"max-image-preview:large","max-video-preview":"max-video-preview:-1"},"canonical":"http:\/\/autosdelpodio.com\/autos\/renault-presento-la-nueva-master\/","og_locale":"es_ES","og_type":"article","og_title":"Autos del Podio | Renault present\u00f3 la nueva Master","og_description":"Autos del Podio La nueva Renault Master se comercializar\u00e1 en su versi\u00f3n furg\u00f3n L1H1, con un volumen de carga de 8m3.","og_url":"http:\/\/autosdelpodio.com\/autos\/renault-presento-la-nueva-master\/","og_site_name":"Autos del Podio","article_publisher":"https:\/\/www.facebook.com\/profile.php?id=100057192590976&amp%3bamp%3bamp%3bamp%3bamp%3bamp%3bamp%3bamp%3bamp%3bamp%3bamp%3bamp%3bamp%3bamp%3bamp%3bamp%3bamp%3bamp%3bref=ts","article_published_time":"2022-12-15T17:51:41+00:00","article_modified_time":"2022-12-19T01:24:31+00:00","og_image":[{"width":500,"height":300,"url":"http:\/\/autosdelpodio.com\/autos\/wp-content\/uploads\/2022\/12\/Renault_Master.jpg","type":"image\/jpeg"}],"author":"autosdelpodio","twitter_card":"summary_large_image","twitter_creator":"@autosdelpodio","twitter_site":"@autosdelpodio","twitter_misc":{"Escrito por":"autosdelpodio","Tiempo de lectura":"2 minutos"},"schema":{"@context":"https:\/\/schema.org","@graph":[{"@type":"Article","@id":"http:\/\/autosdelpodio.com\/autos\/renault-presento-la-nueva-master\/#article","isPartOf":{"@id":"http:\/\/autosdelpodio.com\/autos\/renault-presento-la-nueva-master\/"},"author":{"name":"autosdelpodio","@id":"http:\/\/autosdelpodio.com\/autos\/#\/schema\/person\/993527a4d01c3acdd3d6bce3770bc942"},"headline":"Renault present\u00f3 la nueva Master","datePublished":"2022-12-15T17:51:41+00:00","dateModified":"2022-12-19T01:24:31+00:00","mainEntityOfPage":{"@id":"http:\/\/autosdelpodio.com\/autos\/renault-presento-la-nueva-master\/"},"wordCount":443,"commentCount":0,"publisher":{"@id":"http:\/\/autosdelpodio.com\/autos\/#organization"},"image":{"@id":"http:\/\/autosdelpodio.com\/autos\/renault-presento-la-nueva-master\/#primaryimage"},"thumbnailUrl":"http:\/\/autosdelpodio.com\/autos\/wp-content\/uploads\/2022\/12\/Renault_Master.jpg","keywords":["Furgones","Producci\u00f3n","Renault","Republica Argentina"],"articleSection":["Recta Principal","\u00daltimas noticias"],"inLanguage":"es","potentialAction":[{"@type":"CommentAction","name":"Comment","target":["http:\/\/autosdelpodio.com\/autos\/renault-presento-la-nueva-master\/#respond"]}]},{"@type":"WebPage","@id":"http:\/\/autosdelpodio.com\/autos\/renault-presento-la-nueva-master\/","url":"http:\/\/autosdelpodio.com\/autos\/renault-presento-la-nueva-master\/","name":"Autos del Podio | Renault present\u00f3 la nueva Master","isPartOf":{"@id":"http:\/\/autosdelpodio.com\/autos\/#website"},"primaryImageOfPage":{"@id":"http:\/\/autosdelpodio.com\/autos\/renault-presento-la-nueva-master\/#primaryimage"},"image":{"@id":"http:\/\/autosdelpodio.com\/autos\/renault-presento-la-nueva-master\/#primaryimage"},"thumbnailUrl":"http:\/\/autosdelpodio.com\/autos\/wp-content\/uploads\/2022\/12\/Renault_Master.jpg","datePublished":"2022-12-15T17:51:41+00:00","dateModified":"2022-12-19T01:24:31+00:00","description":"Autos del Podio La nueva Renault Master se comercializar\u00e1 en su versi\u00f3n furg\u00f3n L1H1, con un volumen de carga de 8m3.","breadcrumb":{"@id":"http:\/\/autosdelpodio.com\/autos\/renault-presento-la-nueva-master\/#breadcrumb"},"inLanguage":"es","potentialAction":[{"@type":"ReadAction","target":["http:\/\/autosdelpodio.com\/autos\/renault-presento-la-nueva-master\/"]}]},{"@type":"ImageObject","inLanguage":"es","@id":"http:\/\/autosdelpodio.com\/autos\/renault-presento-la-nueva-master\/#primaryimage","url":"http:\/\/autosdelpodio.com\/autos\/wp-content\/uploads\/2022\/12\/Renault_Master.jpg","contentUrl":"http:\/\/autosdelpodio.com\/autos\/wp-content\/uploads\/2022\/12\/Renault_Master.jpg","width":500,"height":300},{"@type":"BreadcrumbList","@id":"http:\/\/autosdelpodio.com\/autos\/renault-presento-la-nueva-master\/#breadcrumb","itemListElement":[{"@type":"ListItem","position":1,"name":"Portada","item":"http:\/\/autosdelpodio.com\/autos\/"},{"@type":"ListItem","position":2,"name":"Renault present\u00f3 la nueva Master"}]},{"@type":"WebSite","@id":"http:\/\/autosdelpodio.com\/autos\/#website","url":"http:\/\/autosdelpodio.com\/autos\/","name":"Autos del Podio","description":"La sexta del deporte motor","publisher":{"@id":"http:\/\/autosdelpodio.com\/autos\/#organization"},"potentialAction":[{"@type":"SearchAction","target":{"@type":"EntryPoint","urlTemplate":"http:\/\/autosdelpodio.com\/autos\/?s={search_term_string}"},"query-input":{"@type":"PropertyValueSpecification","valueRequired":true,"valueName":"search_term_string"}}],"inLanguage":"es"},{"@type":"Organization","@id":"http:\/\/autosdelpodio.com\/autos\/#organization","name":"Autos del Podio","url":"http:\/\/autosdelpodio.com\/autos\/","logo":{"@type":"ImageObject","inLanguage":"es","@id":"http:\/\/autosdelpodio.com\/autos\/#\/schema\/logo\/image\/","url":"http:\/\/autosdelpodio.com\/autos\/wp-content\/uploads\/2020\/08\/Logo_AR.jpg","contentUrl":"http:\/\/autosdelpodio.com\/autos\/wp-content\/uploads\/2020\/08\/Logo_AR.jpg","width":1038,"height":1044,"caption":"Autos del Podio"},"image":{"@id":"http:\/\/autosdelpodio.com\/autos\/#\/schema\/logo\/image\/"},"sameAs":["https:\/\/www.facebook.com\/profile.php?id=100057192590976&amp;amp;amp;amp;amp;amp;amp;amp;amp;amp;amp;amp;amp;amp;amp;amp;amp;amp;ref=ts","https:\/\/x.com\/autosdelpodio","https:\/\/www.youtube.com\/user\/AutosdelPodio"]},{"@type":"Person","@id":"http:\/\/autosdelpodio.com\/autos\/#\/schema\/person\/993527a4d01c3acdd3d6bce3770bc942","name":"autosdelpodio","image":{"@type":"ImageObject","inLanguage":"es","@id":"http:\/\/autosdelpodio.com\/autos\/wp-content\/litespeed\/avatar\/aa8f65cd201a80f6b844f63278aa84af.jpg?ver=1776798175","url":"http:\/\/autosdelpodio.com\/autos\/wp-content\/litespeed\/avatar\/aa8f65cd201a80f6b844f63278aa84af.jpg?ver=1776798175","contentUrl":"http:\/\/autosdelpodio.com\/autos\/wp-content\/litespeed\/avatar\/aa8f65cd201a80f6b844f63278aa84af.jpg?ver=1776798175","caption":"autosdelpodio"}}]}},"views":510,"_links":{"self":[{"href":"http:\/\/autosdelpodio.com\/autos\/wp-json\/wp\/v2\/posts\/6489","targetHints":{"allow":["GET"]}}],"collection":[{"href":"http:\/\/autosdelpodio.com\/autos\/wp-json\/wp\/v2\/posts"}],"about":[{"href":"http:\/\/autosdelpodio.com\/autos\/wp-json\/wp\/v2\/types\/post"}],"author":[{"embeddable":true,"href":"http:\/\/autosdelpodio.com\/autos\/wp-json\/wp\/v2\/users\/3"}],"replies":[{"embeddable":true,"href":"http:\/\/autosdelpodio.com\/autos\/wp-json\/wp\/v2\/comments?post=6489"}],"version-history":[{"count":1,"href":"http:\/\/autosdelpodio.com\/autos\/wp-json\/wp\/v2\/posts\/6489\/revisions"}],"predecessor-version":[{"id":6490,"href":"http:\/\/autosdelpodio.com\/autos\/wp-json\/wp\/v2\/posts\/6489\/revisions\/6490"}],"wp:featuredmedia":[{"embeddable":true,"href":"http:\/\/autosdelpodio.com\/autos\/wp-json\/wp\/v2\/media\/6491"}],"wp:attachment":[{"href":"http:\/\/autosdelpodio.com\/autos\/wp-json\/wp\/v2\/media?parent=6489"}],"wp:term":[{"taxonomy":"category","embeddable":true,"href":"http:\/\/autosdelpodio.com\/autos\/wp-json\/wp\/v2\/categories?post=6489"},{"taxonomy":"post_tag","embeddable":true,"href":"http:\/\/autosdelpodio.com\/autos\/wp-json\/wp\/v2\/tags?post=6489"}],"curies":[{"name":"wp","href":"https:\/\/api.w.org\/{rel}","templated":true}]}}