{"id":6507,"date":"2022-12-21T21:55:56","date_gmt":"2022-12-22T00:55:56","guid":{"rendered":"http:\/\/autosdelpodio.com\/autos\/?p=6507"},"modified":"2022-12-21T21:57:27","modified_gmt":"2022-12-22T00:57:27","slug":"desde-la-base-marambio-asi-sera-el-calendario-2023-de-tc","status":"publish","type":"post","link":"http:\/\/autosdelpodio.com\/autos\/desde-la-base-marambio-asi-sera-el-calendario-2023-de-tc\/","title":{"rendered":"Desde la base Marambio, asi ser\u00e1 el calendario 2023 de TC"},"content":{"rendered":"\n<p>La comitiva de la ACTC se traslad\u00f3 hacia la Base aeromilitar Vicecomodoro Gustavo Marambio para oficializar las 15 fechas que transitar\u00e1 durante el pr\u00f3ximo a\u00f1o entre el 13 de Febrero y el 3 de Diciembre.Junto al TC Pista arranque de temporada volver\u00e1 a tener como sede al Aut\u00f3dromo de Viedma.<\/p>\n\n\n\n<p><em>Foto: Prensa ACTC<\/em><\/p>\n\n\n\n<p><strong>Calendario TC &#8211; 2023<\/strong><\/p>\n\n\n\n<figure class=\"wp-block-table\"><table><tbody><tr><td><strong>Fecha<\/strong><\/td><td><strong>Domingo<\/strong><\/td><td><strong>Autodromo<\/strong><\/td><\/tr><tr><td>1<\/td><td>12\/2<\/td><td>Viedma<\/td><\/tr><tr><td>2<\/td><td>5\/3<\/td><td>Centenario<\/td><\/tr><tr><td>3<\/td><td>26\/3<\/td><td>Toay<\/td><\/tr><tr><td>4<\/td><td>16\/4<\/td><td>El Calafate<\/td><\/tr><tr><td>5<\/td><td>30\/4<\/td><td>A confirmar<\/td><\/tr><tr><td>6<\/td><td>21\/5<\/td><td>A confirmar<\/td><\/tr><tr><td>7<\/td><td>11\/6<\/td><td>A confirmar<\/td><\/tr><tr><td>8<\/td><td>2\/7<\/td><td>A confirmar<\/td><\/tr><tr><td>9<\/td><td>23\/7<\/td><td>A confirmar<\/td><\/tr><tr><td>10<\/td><td>20\/8<\/td><td>A confirmar<\/td><\/tr><tr><td>11<\/td><td>17\/9<\/td><td>A confirmar<\/td><\/tr><tr><td>12<\/td><td>1\/10<\/td><td>A confirmar<\/td><\/tr><tr><td>13<\/td><td>29\/10<\/td><td>A confirmar<\/td><\/tr><tr><td>14<\/td><td>12\/11<\/td><td>Toay<\/td><\/tr><tr><td>15<\/td><td>3\/12<\/td><td>San Juan<\/td><\/tr><\/tbody><\/table><\/figure>\n\n\n\n<p><\/p>\n","protected":false},"excerpt":{"rendered":"<p>La comitiva de la ACTC se traslad\u00f3 hacia la Base aeromilitar Vicecomodoro Gustavo Marambio para oficializar las 15 fechas que<\/p>\n","protected":false},"author":3,"featured_media":6509,"comment_status":"open","ping_status":"open","sticky":false,"template":"","format":"standard","meta":{"colormag_page_container_layout":"default_layout","colormag_page_sidebar_layout":"default_layout","footnotes":""},"categories":[6,5],"tags":[143,387,35,349,28,39],"class_list":["post-6507","post","type-post","status-publish","format-standard","has-post-thumbnail","hentry","category-newsflash","category-latest-news","tag-actc","tag-manu-urcera","tag-republica-argentina","tag-tc-pista","tag-torino","tag-turismo-carretera"],"yoast_head":"<!-- This site is optimized with the Yoast SEO plugin v27.5 - https:\/\/yoast.com\/product\/yoast-seo-wordpress\/ -->\n<title>Autos del Podio | Desde la base Marambio, asi ser\u00e1 el calendario 2023 de TC<\/title>\n<meta name=\"description\" content=\"Autos del Podio Con la presencia del Torino campe\u00f3n de Manu Urcera se present\u00f3 el 2023 del TC\" \/>\n<meta name=\"robots\" content=\"index, follow, max-snippet:-1, max-image-preview:large, max-video-preview:-1\" \/>\n<link rel=\"canonical\" href=\"https:\/\/autosdelpodio.com\/autos\/desde-la-base-marambio-asi-sera-el-calendario-2023-de-tc\/\" \/>\n<meta property=\"og:locale\" content=\"es_ES\" \/>\n<meta property=\"og:type\" content=\"article\" \/>\n<meta property=\"og:title\" content=\"Autos del Podio | Desde la base Marambio, asi ser\u00e1 el calendario 2023 de TC\" \/>\n<meta property=\"og:description\" content=\"Autos del Podio Con la presencia del Torino campe\u00f3n de Manu Urcera se present\u00f3 el 2023 del TC\" \/>\n<meta property=\"og:url\" content=\"https:\/\/autosdelpodio.com\/autos\/desde-la-base-marambio-asi-sera-el-calendario-2023-de-tc\/\" \/>\n<meta property=\"og:site_name\" content=\"Autos del Podio\" \/>\n<meta property=\"article:publisher\" content=\"https:\/\/www.facebook.com\/profile.php?id=100057192590976&amp;amp%3bamp%3bamp%3bamp%3bamp%3bamp%3bamp%3bamp%3bamp%3bamp%3bamp%3bamp%3bamp%3bamp%3bamp%3bamp%3bamp%3bamp%3bref=ts\" \/>\n<meta property=\"article:published_time\" content=\"2022-12-22T00:55:56+00:00\" \/>\n<meta property=\"article:modified_time\" content=\"2022-12-22T00:57:27+00:00\" \/>\n<meta property=\"og:image\" content=\"https:\/\/autosdelpodio.com\/autos\/wp-content\/uploads\/2022\/12\/ACTC_Marambio_2022.jpg\" \/>\n\t<meta property=\"og:image:width\" content=\"500\" \/>\n\t<meta property=\"og:image:height\" content=\"325\" \/>\n\t<meta property=\"og:image:type\" content=\"image\/jpeg\" \/>\n<meta name=\"author\" content=\"autosdelpodio\" \/>\n<meta name=\"twitter:card\" content=\"summary_large_image\" \/>\n<meta name=\"twitter:creator\" content=\"@autosdelpodio\" \/>\n<meta name=\"twitter:site\" content=\"@autosdelpodio\" \/>\n<meta name=\"twitter:label1\" content=\"Escrito por\" \/>\n\t<meta name=\"twitter:data1\" content=\"autosdelpodio\" \/>\n\t<meta name=\"twitter:label2\" content=\"Tiempo de lectura\" \/>\n\t<meta name=\"twitter:data2\" content=\"1 minuto\" \/>\n<script type=\"application\/ld+json\" class=\"yoast-schema-graph\">{\"@context\":\"https:\\\/\\\/schema.org\",\"@graph\":[{\"@type\":\"Article\",\"@id\":\"https:\\\/\\\/autosdelpodio.com\\\/autos\\\/desde-la-base-marambio-asi-sera-el-calendario-2023-de-tc\\\/#article\",\"isPartOf\":{\"@id\":\"https:\\\/\\\/autosdelpodio.com\\\/autos\\\/desde-la-base-marambio-asi-sera-el-calendario-2023-de-tc\\\/\"},\"author\":{\"name\":\"autosdelpodio\",\"@id\":\"http:\\\/\\\/autosdelpodio.com\\\/autos\\\/#\\\/schema\\\/person\\\/993527a4d01c3acdd3d6bce3770bc942\"},\"headline\":\"Desde la base Marambio, asi ser\u00e1 el calendario 2023 de TC\",\"datePublished\":\"2022-12-22T00:55:56+00:00\",\"dateModified\":\"2022-12-22T00:57:27+00:00\",\"mainEntityOfPage\":{\"@id\":\"https:\\\/\\\/autosdelpodio.com\\\/autos\\\/desde-la-base-marambio-asi-sera-el-calendario-2023-de-tc\\\/\"},\"wordCount\":96,\"commentCount\":0,\"publisher\":{\"@id\":\"http:\\\/\\\/autosdelpodio.com\\\/autos\\\/#organization\"},\"image\":{\"@id\":\"https:\\\/\\\/autosdelpodio.com\\\/autos\\\/desde-la-base-marambio-asi-sera-el-calendario-2023-de-tc\\\/#primaryimage\"},\"thumbnailUrl\":\"http:\\\/\\\/autosdelpodio.com\\\/autos\\\/wp-content\\\/uploads\\\/2022\\\/12\\\/ACTC_Marambio_2022.jpg\",\"keywords\":[\"ACTC\",\"Manu Urcera\",\"Republica Argentina\",\"TC Pista\",\"Torino\",\"Turismo Carretera\"],\"articleSection\":[\"Destacado\",\"\u00daltimas noticias\"],\"inLanguage\":\"es\",\"potentialAction\":[{\"@type\":\"CommentAction\",\"name\":\"Comment\",\"target\":[\"https:\\\/\\\/autosdelpodio.com\\\/autos\\\/desde-la-base-marambio-asi-sera-el-calendario-2023-de-tc\\\/#respond\"]}]},{\"@type\":\"WebPage\",\"@id\":\"https:\\\/\\\/autosdelpodio.com\\\/autos\\\/desde-la-base-marambio-asi-sera-el-calendario-2023-de-tc\\\/\",\"url\":\"https:\\\/\\\/autosdelpodio.com\\\/autos\\\/desde-la-base-marambio-asi-sera-el-calendario-2023-de-tc\\\/\",\"name\":\"Autos del Podio | Desde la base Marambio, asi ser\u00e1 el calendario 2023 de TC\",\"isPartOf\":{\"@id\":\"http:\\\/\\\/autosdelpodio.com\\\/autos\\\/#website\"},\"primaryImageOfPage\":{\"@id\":\"https:\\\/\\\/autosdelpodio.com\\\/autos\\\/desde-la-base-marambio-asi-sera-el-calendario-2023-de-tc\\\/#primaryimage\"},\"image\":{\"@id\":\"https:\\\/\\\/autosdelpodio.com\\\/autos\\\/desde-la-base-marambio-asi-sera-el-calendario-2023-de-tc\\\/#primaryimage\"},\"thumbnailUrl\":\"http:\\\/\\\/autosdelpodio.com\\\/autos\\\/wp-content\\\/uploads\\\/2022\\\/12\\\/ACTC_Marambio_2022.jpg\",\"datePublished\":\"2022-12-22T00:55:56+00:00\",\"dateModified\":\"2022-12-22T00:57:27+00:00\",\"description\":\"Autos del Podio Con la presencia del Torino campe\u00f3n de Manu Urcera se present\u00f3 el 2023 del TC\",\"breadcrumb\":{\"@id\":\"https:\\\/\\\/autosdelpodio.com\\\/autos\\\/desde-la-base-marambio-asi-sera-el-calendario-2023-de-tc\\\/#breadcrumb\"},\"inLanguage\":\"es\",\"potentialAction\":[{\"@type\":\"ReadAction\",\"target\":[\"https:\\\/\\\/autosdelpodio.com\\\/autos\\\/desde-la-base-marambio-asi-sera-el-calendario-2023-de-tc\\\/\"]}]},{\"@type\":\"ImageObject\",\"inLanguage\":\"es\",\"@id\":\"https:\\\/\\\/autosdelpodio.com\\\/autos\\\/desde-la-base-marambio-asi-sera-el-calendario-2023-de-tc\\\/#primaryimage\",\"url\":\"http:\\\/\\\/autosdelpodio.com\\\/autos\\\/wp-content\\\/uploads\\\/2022\\\/12\\\/ACTC_Marambio_2022.jpg\",\"contentUrl\":\"http:\\\/\\\/autosdelpodio.com\\\/autos\\\/wp-content\\\/uploads\\\/2022\\\/12\\\/ACTC_Marambio_2022.jpg\",\"width\":500,\"height\":325},{\"@type\":\"BreadcrumbList\",\"@id\":\"https:\\\/\\\/autosdelpodio.com\\\/autos\\\/desde-la-base-marambio-asi-sera-el-calendario-2023-de-tc\\\/#breadcrumb\",\"itemListElement\":[{\"@type\":\"ListItem\",\"position\":1,\"name\":\"Portada\",\"item\":\"http:\\\/\\\/autosdelpodio.com\\\/autos\\\/\"},{\"@type\":\"ListItem\",\"position\":2,\"name\":\"Desde la base Marambio, asi ser\u00e1 el calendario 2023 de TC\"}]},{\"@type\":\"WebSite\",\"@id\":\"http:\\\/\\\/autosdelpodio.com\\\/autos\\\/#website\",\"url\":\"http:\\\/\\\/autosdelpodio.com\\\/autos\\\/\",\"name\":\"Autos del Podio\",\"description\":\"La sexta del deporte motor\",\"publisher\":{\"@id\":\"http:\\\/\\\/autosdelpodio.com\\\/autos\\\/#organization\"},\"potentialAction\":[{\"@type\":\"SearchAction\",\"target\":{\"@type\":\"EntryPoint\",\"urlTemplate\":\"http:\\\/\\\/autosdelpodio.com\\\/autos\\\/?s={search_term_string}\"},\"query-input\":{\"@type\":\"PropertyValueSpecification\",\"valueRequired\":true,\"valueName\":\"search_term_string\"}}],\"inLanguage\":\"es\"},{\"@type\":\"Organization\",\"@id\":\"http:\\\/\\\/autosdelpodio.com\\\/autos\\\/#organization\",\"name\":\"Autos del Podio\",\"url\":\"http:\\\/\\\/autosdelpodio.com\\\/autos\\\/\",\"logo\":{\"@type\":\"ImageObject\",\"inLanguage\":\"es\",\"@id\":\"http:\\\/\\\/autosdelpodio.com\\\/autos\\\/#\\\/schema\\\/logo\\\/image\\\/\",\"url\":\"http:\\\/\\\/autosdelpodio.com\\\/autos\\\/wp-content\\\/uploads\\\/2020\\\/08\\\/Logo_AR.jpg\",\"contentUrl\":\"http:\\\/\\\/autosdelpodio.com\\\/autos\\\/wp-content\\\/uploads\\\/2020\\\/08\\\/Logo_AR.jpg\",\"width\":1038,\"height\":1044,\"caption\":\"Autos del Podio\"},\"image\":{\"@id\":\"http:\\\/\\\/autosdelpodio.com\\\/autos\\\/#\\\/schema\\\/logo\\\/image\\\/\"},\"sameAs\":[\"https:\\\/\\\/www.facebook.com\\\/profile.php?id=100057192590976&amp;amp;amp;amp;amp;amp;amp;amp;amp;amp;amp;amp;amp;amp;amp;amp;amp;amp;ref=ts\",\"https:\\\/\\\/x.com\\\/autosdelpodio\",\"https:\\\/\\\/www.youtube.com\\\/user\\\/AutosdelPodio\"]},{\"@type\":\"Person\",\"@id\":\"http:\\\/\\\/autosdelpodio.com\\\/autos\\\/#\\\/schema\\\/person\\\/993527a4d01c3acdd3d6bce3770bc942\",\"name\":\"autosdelpodio\",\"image\":{\"@type\":\"ImageObject\",\"inLanguage\":\"es\",\"@id\":\"http:\\\/\\\/autosdelpodio.com\\\/autos\\\/wp-content\\\/litespeed\\\/avatar\\\/aa8f65cd201a80f6b844f63278aa84af.jpg?ver=1777403005\",\"url\":\"http:\\\/\\\/autosdelpodio.com\\\/autos\\\/wp-content\\\/litespeed\\\/avatar\\\/aa8f65cd201a80f6b844f63278aa84af.jpg?ver=1777403005\",\"contentUrl\":\"http:\\\/\\\/autosdelpodio.com\\\/autos\\\/wp-content\\\/litespeed\\\/avatar\\\/aa8f65cd201a80f6b844f63278aa84af.jpg?ver=1777403005\",\"caption\":\"autosdelpodio\"}}]}<\/script>\n<!-- \/ Yoast SEO plugin. -->","yoast_head_json":{"title":"Autos del Podio | Desde la base Marambio, asi ser\u00e1 el calendario 2023 de TC","description":"Autos del Podio Con la presencia del Torino campe\u00f3n de Manu Urcera se present\u00f3 el 2023 del TC","robots":{"index":"index","follow":"follow","max-snippet":"max-snippet:-1","max-image-preview":"max-image-preview:large","max-video-preview":"max-video-preview:-1"},"canonical":"https:\/\/autosdelpodio.com\/autos\/desde-la-base-marambio-asi-sera-el-calendario-2023-de-tc\/","og_locale":"es_ES","og_type":"article","og_title":"Autos del Podio | Desde la base Marambio, asi ser\u00e1 el calendario 2023 de TC","og_description":"Autos del Podio Con la presencia del Torino campe\u00f3n de Manu Urcera se present\u00f3 el 2023 del TC","og_url":"https:\/\/autosdelpodio.com\/autos\/desde-la-base-marambio-asi-sera-el-calendario-2023-de-tc\/","og_site_name":"Autos del Podio","article_publisher":"https:\/\/www.facebook.com\/profile.php?id=100057192590976&amp%3bamp%3bamp%3bamp%3bamp%3bamp%3bamp%3bamp%3bamp%3bamp%3bamp%3bamp%3bamp%3bamp%3bamp%3bamp%3bamp%3bamp%3bref=ts","article_published_time":"2022-12-22T00:55:56+00:00","article_modified_time":"2022-12-22T00:57:27+00:00","og_image":[{"width":500,"height":325,"url":"https:\/\/autosdelpodio.com\/autos\/wp-content\/uploads\/2022\/12\/ACTC_Marambio_2022.jpg","type":"image\/jpeg"}],"author":"autosdelpodio","twitter_card":"summary_large_image","twitter_creator":"@autosdelpodio","twitter_site":"@autosdelpodio","twitter_misc":{"Escrito por":"autosdelpodio","Tiempo de lectura":"1 minuto"},"schema":{"@context":"https:\/\/schema.org","@graph":[{"@type":"Article","@id":"https:\/\/autosdelpodio.com\/autos\/desde-la-base-marambio-asi-sera-el-calendario-2023-de-tc\/#article","isPartOf":{"@id":"https:\/\/autosdelpodio.com\/autos\/desde-la-base-marambio-asi-sera-el-calendario-2023-de-tc\/"},"author":{"name":"autosdelpodio","@id":"http:\/\/autosdelpodio.com\/autos\/#\/schema\/person\/993527a4d01c3acdd3d6bce3770bc942"},"headline":"Desde la base Marambio, asi ser\u00e1 el calendario 2023 de TC","datePublished":"2022-12-22T00:55:56+00:00","dateModified":"2022-12-22T00:57:27+00:00","mainEntityOfPage":{"@id":"https:\/\/autosdelpodio.com\/autos\/desde-la-base-marambio-asi-sera-el-calendario-2023-de-tc\/"},"wordCount":96,"commentCount":0,"publisher":{"@id":"http:\/\/autosdelpodio.com\/autos\/#organization"},"image":{"@id":"https:\/\/autosdelpodio.com\/autos\/desde-la-base-marambio-asi-sera-el-calendario-2023-de-tc\/#primaryimage"},"thumbnailUrl":"http:\/\/autosdelpodio.com\/autos\/wp-content\/uploads\/2022\/12\/ACTC_Marambio_2022.jpg","keywords":["ACTC","Manu Urcera","Republica Argentina","TC Pista","Torino","Turismo Carretera"],"articleSection":["Destacado","\u00daltimas noticias"],"inLanguage":"es","potentialAction":[{"@type":"CommentAction","name":"Comment","target":["https:\/\/autosdelpodio.com\/autos\/desde-la-base-marambio-asi-sera-el-calendario-2023-de-tc\/#respond"]}]},{"@type":"WebPage","@id":"https:\/\/autosdelpodio.com\/autos\/desde-la-base-marambio-asi-sera-el-calendario-2023-de-tc\/","url":"https:\/\/autosdelpodio.com\/autos\/desde-la-base-marambio-asi-sera-el-calendario-2023-de-tc\/","name":"Autos del Podio | Desde la base Marambio, asi ser\u00e1 el calendario 2023 de TC","isPartOf":{"@id":"http:\/\/autosdelpodio.com\/autos\/#website"},"primaryImageOfPage":{"@id":"https:\/\/autosdelpodio.com\/autos\/desde-la-base-marambio-asi-sera-el-calendario-2023-de-tc\/#primaryimage"},"image":{"@id":"https:\/\/autosdelpodio.com\/autos\/desde-la-base-marambio-asi-sera-el-calendario-2023-de-tc\/#primaryimage"},"thumbnailUrl":"http:\/\/autosdelpodio.com\/autos\/wp-content\/uploads\/2022\/12\/ACTC_Marambio_2022.jpg","datePublished":"2022-12-22T00:55:56+00:00","dateModified":"2022-12-22T00:57:27+00:00","description":"Autos del Podio Con la presencia del Torino campe\u00f3n de Manu Urcera se present\u00f3 el 2023 del TC","breadcrumb":{"@id":"https:\/\/autosdelpodio.com\/autos\/desde-la-base-marambio-asi-sera-el-calendario-2023-de-tc\/#breadcrumb"},"inLanguage":"es","potentialAction":[{"@type":"ReadAction","target":["https:\/\/autosdelpodio.com\/autos\/desde-la-base-marambio-asi-sera-el-calendario-2023-de-tc\/"]}]},{"@type":"ImageObject","inLanguage":"es","@id":"https:\/\/autosdelpodio.com\/autos\/desde-la-base-marambio-asi-sera-el-calendario-2023-de-tc\/#primaryimage","url":"http:\/\/autosdelpodio.com\/autos\/wp-content\/uploads\/2022\/12\/ACTC_Marambio_2022.jpg","contentUrl":"http:\/\/autosdelpodio.com\/autos\/wp-content\/uploads\/2022\/12\/ACTC_Marambio_2022.jpg","width":500,"height":325},{"@type":"BreadcrumbList","@id":"https:\/\/autosdelpodio.com\/autos\/desde-la-base-marambio-asi-sera-el-calendario-2023-de-tc\/#breadcrumb","itemListElement":[{"@type":"ListItem","position":1,"name":"Portada","item":"http:\/\/autosdelpodio.com\/autos\/"},{"@type":"ListItem","position":2,"name":"Desde la base Marambio, asi ser\u00e1 el calendario 2023 de TC"}]},{"@type":"WebSite","@id":"http:\/\/autosdelpodio.com\/autos\/#website","url":"http:\/\/autosdelpodio.com\/autos\/","name":"Autos del Podio","description":"La sexta del deporte motor","publisher":{"@id":"http:\/\/autosdelpodio.com\/autos\/#organization"},"potentialAction":[{"@type":"SearchAction","target":{"@type":"EntryPoint","urlTemplate":"http:\/\/autosdelpodio.com\/autos\/?s={search_term_string}"},"query-input":{"@type":"PropertyValueSpecification","valueRequired":true,"valueName":"search_term_string"}}],"inLanguage":"es"},{"@type":"Organization","@id":"http:\/\/autosdelpodio.com\/autos\/#organization","name":"Autos del Podio","url":"http:\/\/autosdelpodio.com\/autos\/","logo":{"@type":"ImageObject","inLanguage":"es","@id":"http:\/\/autosdelpodio.com\/autos\/#\/schema\/logo\/image\/","url":"http:\/\/autosdelpodio.com\/autos\/wp-content\/uploads\/2020\/08\/Logo_AR.jpg","contentUrl":"http:\/\/autosdelpodio.com\/autos\/wp-content\/uploads\/2020\/08\/Logo_AR.jpg","width":1038,"height":1044,"caption":"Autos del Podio"},"image":{"@id":"http:\/\/autosdelpodio.com\/autos\/#\/schema\/logo\/image\/"},"sameAs":["https:\/\/www.facebook.com\/profile.php?id=100057192590976&amp;amp;amp;amp;amp;amp;amp;amp;amp;amp;amp;amp;amp;amp;amp;amp;amp;amp;ref=ts","https:\/\/x.com\/autosdelpodio","https:\/\/www.youtube.com\/user\/AutosdelPodio"]},{"@type":"Person","@id":"http:\/\/autosdelpodio.com\/autos\/#\/schema\/person\/993527a4d01c3acdd3d6bce3770bc942","name":"autosdelpodio","image":{"@type":"ImageObject","inLanguage":"es","@id":"http:\/\/autosdelpodio.com\/autos\/wp-content\/litespeed\/avatar\/aa8f65cd201a80f6b844f63278aa84af.jpg?ver=1777403005","url":"http:\/\/autosdelpodio.com\/autos\/wp-content\/litespeed\/avatar\/aa8f65cd201a80f6b844f63278aa84af.jpg?ver=1777403005","contentUrl":"http:\/\/autosdelpodio.com\/autos\/wp-content\/litespeed\/avatar\/aa8f65cd201a80f6b844f63278aa84af.jpg?ver=1777403005","caption":"autosdelpodio"}}]}},"views":677,"_links":{"self":[{"href":"http:\/\/autosdelpodio.com\/autos\/wp-json\/wp\/v2\/posts\/6507","targetHints":{"allow":["GET"]}}],"collection":[{"href":"http:\/\/autosdelpodio.com\/autos\/wp-json\/wp\/v2\/posts"}],"about":[{"href":"http:\/\/autosdelpodio.com\/autos\/wp-json\/wp\/v2\/types\/post"}],"author":[{"embeddable":true,"href":"http:\/\/autosdelpodio.com\/autos\/wp-json\/wp\/v2\/users\/3"}],"replies":[{"embeddable":true,"href":"http:\/\/autosdelpodio.com\/autos\/wp-json\/wp\/v2\/comments?post=6507"}],"version-history":[{"count":2,"href":"http:\/\/autosdelpodio.com\/autos\/wp-json\/wp\/v2\/posts\/6507\/revisions"}],"predecessor-version":[{"id":6510,"href":"http:\/\/autosdelpodio.com\/autos\/wp-json\/wp\/v2\/posts\/6507\/revisions\/6510"}],"wp:featuredmedia":[{"embeddable":true,"href":"http:\/\/autosdelpodio.com\/autos\/wp-json\/wp\/v2\/media\/6509"}],"wp:attachment":[{"href":"http:\/\/autosdelpodio.com\/autos\/wp-json\/wp\/v2\/media?parent=6507"}],"wp:term":[{"taxonomy":"category","embeddable":true,"href":"http:\/\/autosdelpodio.com\/autos\/wp-json\/wp\/v2\/categories?post=6507"},{"taxonomy":"post_tag","embeddable":true,"href":"http:\/\/autosdelpodio.com\/autos\/wp-json\/wp\/v2\/tags?post=6507"}],"curies":[{"name":"wp","href":"https:\/\/api.w.org\/{rel}","templated":true}]}}