{"id":653,"date":"2013-01-28T11:51:29","date_gmt":"2013-01-28T11:51:29","guid":{"rendered":"http:\/\/autosdelpodio.com\/autos\/2013\/01\/28\/johny-scalvazio-en-la-clase-a-y-diego-baldasin-en-la-clase-b-fueron-los-primeros-ganadores-del-ano\/"},"modified":"2013-01-28T11:51:29","modified_gmt":"2013-01-28T11:51:29","slug":"johny-scalvazio-en-la-clase-a-y-diego-baldasin-en-la-clase-b-fueron-los-primeros-ganadores-del-ano","status":"publish","type":"post","link":"http:\/\/autosdelpodio.com\/autos\/johny-scalvazio-en-la-clase-a-y-diego-baldasin-en-la-clase-b-fueron-los-primeros-ganadores-del-ano\/","title":{"rendered":"Johny Scalvazio en la Clase A y Diego Baldas\u00edn en la Clase B fueron los primeros ganadores del a\u00f1o."},"content":{"rendered":"<p>Este s\u00e1bado por la noche, 26 de Enero, la F\u00f3rmula 07 puso en marcha una nueva temporada, en este caso rememorando viejas \u00e9pocas, despu\u00e9s de once a\u00f1os se volvi\u00f3 a realizar una carrera nocturna, en este caso en el circuito 5 del aut\u00f3dromo.<\/p>\n<p><span style=\"line-height: 1.3em; text-align: justify;\">  <!--more-->  <\/span><\/p>\n<p style=\"text-align: justify;\"><span style=\"line-height: 1.3em;\"><strong>La Final de la Clase B<\/strong><\/span><\/p>\n<p style=\"text-align: justify;\">\u00a0<\/p>\n<p style=\"text-align: justify;\"><span style=\"line-height: 1.3em;\">Diego Baldas\u00edn domin\u00f3 de principio a fin con comodidad.<\/span><\/p>\n<p style=\"text-align: justify;\">En el comienzo de la carrera, Fabi\u00e1n Presa con el Citro\u00ean le hizo fuerza y de hecho pelearon mano a mano por la punta.<\/p>\n<p><span style=\"text-align: justify; line-height: 1.3em;\">Luego, con el correr de las vueltas Baldas\u00edn se afirm\u00f3 en el primer puesto y Fabi\u00e1n Presa experiment\u00f3 una merma en el 3CV (con motor Fiat 1.4). All\u00ed fue donde Sergio Cosentino con el Fiat 600 logr\u00f3 superar al de Avellaneda y dio inicio a una lucha sin cuartel con Presa, Altamirano, Corbal\u00e1n y Seelmann que se hab\u00eda venido con todo, junto a ellos tambi\u00e9n ven\u00edan peleando Gambale, Gelabert y el \u201cmono\u201d Griggio que hab\u00eda largado desde el fondo.<\/span><\/p>\n<p style=\"text-align: justify;\">Por esta batalla, aprovech\u00f3 para escaparse en la punta Diego Baldas\u00edn.<\/p>\n<p style=\"text-align: justify;\">A sus espaldas fue vibrante la batalla que se vio por el segundo puesto con Cosentino, Presa, Seelman, Altamirano y Gambale.<\/p>\n<p style=\"text-align: justify;\"><span style=\"line-height: 1.3em;\">El Citro\u00ean comenz\u00f3 a caer en el clasificador y luego un toque con Claudio Corbal\u00e1n termin\u00f3 de complicarle la carrera al de Avellaneda.<\/span><\/p>\n<p style=\"text-align: justify;\">Claudio Corbal\u00e1n en el inicio estaba code\u00e1ndose con los punteros pero luego fue perdiendo ubicaciones.<\/p>\n<p style=\"text-align: justify;\"><span style=\"line-height: 1.3em;\">Finalmente cuando ya le quedaba poco a la competencia, Dar\u00edo Seelmann que ven\u00eda remontando, fue a buscarlo a Sergio Cosentino y en la uno pas\u00f3 a ser segundo, mientras que el de Parque Chacabuco (Cosentino) lamentablemente qued\u00f3 fuera de carrera.<\/span><\/p>\n<p style=\"text-align: justify;\"><span style=\"line-height: 1.3em;\">As\u00ed se cerr\u00f3 este primer compromiso del a\u00f1o, de noche, y con victoria de Diego Baldas\u00edn, segundo fue Dar\u00edo Seelmann y tercero Daniel Altamirano.<\/span><\/p>\n<p style=\"text-align: justify;\"><span style=\"line-height: 1.3em;\"><br \/><\/span><\/p>\n<p style=\"text-align: justify;\"><strong style=\"line-height: 1.3em;\">La Final de la Clase A<\/strong><\/p>\n<p style=\"text-align: justify;\"><strong style=\"line-height: 1.3em;\"><br \/><\/strong><\/p>\n<p style=\"text-align: justify;\"><span style=\"line-height: 1.3em;\">La primera final de la temporada lo tuvo como claro dominador a Johny Scalvazio, aunque durante la primera parte de la misma, Rossini le dio batalla y lo sigui\u00f3 de cerca hasta que lamentablemente el motor dijo basta y debi\u00f3 abandonar la carrera.<\/span><\/p>\n<p style=\"text-align: justify;\">\u201cEl zorro\u201d Dami\u00e1n Busto y Dar\u00edo Paulillo ven\u00edan peleando por un lugar en el podio y en el marco de esa lucha, tuvieron un encontronazo fuerte en la zona del \u201ctobog\u00e1n\u201d, lo que hizo que ambos se retrasaran, aunque por suerte pudieron salvar la situaci\u00f3n y seguir en carrera, lo cual no es poco teniendo en cuenta que el tobog\u00e1n no perdona y un error all\u00ed generalmente cuesta caro.<\/p>\n<p style=\"text-align: justify;\"><span style=\"line-height: 1.3em;\">Ruben Rossini hab\u00eda tenido un muy buen inicio de la carrera, inclusive con la posibilidad de buscar un lugarcito en el podio de esta final, aunque luego con el correr de las vueltas fue perdiendo algo de terrerno. No obstante finaliz\u00f3 en el sexto puesto, cerrando en definitiva un buen arranque de temporada.<\/span><\/p>\n<p style=\"text-align: justify;\"><span style=\"line-height: 1.3em;\">Scalvazio hab\u00eda logrado ya una muy buena ventaja con respecto al resto y cuando se cumpl\u00edan 6 vueltas de la competencia, Marcelo Scheffer con el Renault Gordini se qued\u00f3 tirado a la salida de \u201cGiles\u201d, lo cual oblig\u00f3 a las autoridades a neutralizar la final con Auto de Seguridad.<\/span><\/p>\n<p style=\"text-align: justify;\"><span style=\"line-height: 1.3em;\">Se vino la verde y adelante dominaba Scalvazio, pero ahora con Oscar Rodriguez, el Flaco Daher, Sebasti\u00e1n Detezanos, Walter Scordia (que hab\u00eda remontado desde el fondo), Nicolas Ramirez, Dar\u00edo Paulillo, el Zorro Dami\u00e1n Busto, Guillermo Aguila y el resto, todos juntos pegaditos encarando una segunda mitad de la carrera con otra expectativa a partir de la neutralizaci\u00f3n.<\/span><\/p>\n<p style=\"text-align: justify;\"><span style=\"line-height: 1.3em;\">Jos\u00e9 Daher y Walter Scordia lamentablemente se desparramaron en \u201cgiles\u201d cuando discut\u00edan la segunda posici\u00f3n y debieron desertar la final.<\/span><\/p>\n<p style=\"text-align: justify;\"><span style=\"line-height: 1.3em;\">A partir de ese momento, Oscar Rodriguez se afirm\u00f3 en el segundo puesto, Detezanos en el tercero y as\u00ed iban a transitar hasta el final de la carrera, cerrando de esta manera el triunfo a favor de Johny Scalvazio, y cerrando esta edici\u00f3n nocturna para la que tanto se trabaj\u00f3.<\/span><\/p>\n<p>\u00a0<\/p>\n","protected":false},"excerpt":{"rendered":"<p>Este s\u00e1bado por la noche, 26 de Enero, la F\u00f3rmula 07 puso en marcha una nueva temporada, en este caso<\/p>\n","protected":false},"author":1,"featured_media":0,"comment_status":"open","ping_status":"open","sticky":false,"template":"","format":"standard","meta":{"colormag_page_container_layout":"default_layout","colormag_page_sidebar_layout":"default_layout","footnotes":""},"categories":[5],"tags":[],"class_list":["post-653","post","type-post","status-publish","format-standard","hentry","category-latest-news"],"yoast_head":"<!-- This site is optimized with the Yoast SEO plugin v27.4 - https:\/\/yoast.com\/product\/yoast-seo-wordpress\/ -->\n<title>Autos del Podio | Johny Scalvazio en la Clase A y Diego Baldas\u00edn en la Clase B fueron los primeros ganadores del a\u00f1o.<\/title>\n<meta name=\"description\" content=\"Autos del Podio\" \/>\n<meta name=\"robots\" content=\"index, follow, max-snippet:-1, max-image-preview:large, max-video-preview:-1\" \/>\n<link rel=\"canonical\" href=\"http:\/\/autosdelpodio.com\/autos\/johny-scalvazio-en-la-clase-a-y-diego-baldasin-en-la-clase-b-fueron-los-primeros-ganadores-del-ano\/\" \/>\n<meta property=\"og:locale\" content=\"es_ES\" \/>\n<meta property=\"og:type\" content=\"article\" \/>\n<meta property=\"og:title\" content=\"Autos del Podio | Johny Scalvazio en la Clase A y Diego Baldas\u00edn en la Clase B fueron los primeros ganadores del a\u00f1o.\" \/>\n<meta property=\"og:description\" content=\"Autos del Podio\" \/>\n<meta property=\"og:url\" content=\"http:\/\/autosdelpodio.com\/autos\/johny-scalvazio-en-la-clase-a-y-diego-baldasin-en-la-clase-b-fueron-los-primeros-ganadores-del-ano\/\" \/>\n<meta property=\"og:site_name\" content=\"Autos del Podio\" \/>\n<meta property=\"article:publisher\" content=\"https:\/\/www.facebook.com\/profile.php?id=100057192590976&amp;amp%3bamp%3bamp%3bamp%3bamp%3bamp%3bamp%3bamp%3bamp%3bamp%3bamp%3bamp%3bamp%3bamp%3bamp%3bamp%3bamp%3bamp%3bref=ts\" \/>\n<meta property=\"article:published_time\" content=\"2013-01-28T11:51:29+00:00\" \/>\n<meta name=\"author\" content=\"wi022230\" \/>\n<meta name=\"twitter:card\" content=\"summary_large_image\" \/>\n<meta name=\"twitter:creator\" content=\"@autosdelpodio\" \/>\n<meta name=\"twitter:site\" content=\"@autosdelpodio\" \/>\n<meta name=\"twitter:label1\" content=\"Escrito por\" \/>\n\t<meta name=\"twitter:data1\" content=\"wi022230\" \/>\n\t<meta name=\"twitter:label2\" content=\"Tiempo de lectura\" \/>\n\t<meta name=\"twitter:data2\" content=\"3 minutos\" \/>\n<script type=\"application\/ld+json\" class=\"yoast-schema-graph\">{\"@context\":\"https:\\\/\\\/schema.org\",\"@graph\":[{\"@type\":\"Article\",\"@id\":\"http:\\\/\\\/autosdelpodio.com\\\/autos\\\/johny-scalvazio-en-la-clase-a-y-diego-baldasin-en-la-clase-b-fueron-los-primeros-ganadores-del-ano\\\/#article\",\"isPartOf\":{\"@id\":\"http:\\\/\\\/autosdelpodio.com\\\/autos\\\/johny-scalvazio-en-la-clase-a-y-diego-baldasin-en-la-clase-b-fueron-los-primeros-ganadores-del-ano\\\/\"},\"author\":{\"name\":\"wi022230\",\"@id\":\"http:\\\/\\\/autosdelpodio.com\\\/autos\\\/#\\\/schema\\\/person\\\/e88353cabf768863fdf874e30120f3ba\"},\"headline\":\"Johny Scalvazio en la Clase A y Diego Baldas\u00edn en la Clase B fueron los primeros ganadores del a\u00f1o.\",\"datePublished\":\"2013-01-28T11:51:29+00:00\",\"mainEntityOfPage\":{\"@id\":\"http:\\\/\\\/autosdelpodio.com\\\/autos\\\/johny-scalvazio-en-la-clase-a-y-diego-baldasin-en-la-clase-b-fueron-los-primeros-ganadores-del-ano\\\/\"},\"wordCount\":699,\"commentCount\":0,\"publisher\":{\"@id\":\"http:\\\/\\\/autosdelpodio.com\\\/autos\\\/#organization\"},\"articleSection\":[\"\u00daltimas noticias\"],\"inLanguage\":\"es\",\"potentialAction\":[{\"@type\":\"CommentAction\",\"name\":\"Comment\",\"target\":[\"http:\\\/\\\/autosdelpodio.com\\\/autos\\\/johny-scalvazio-en-la-clase-a-y-diego-baldasin-en-la-clase-b-fueron-los-primeros-ganadores-del-ano\\\/#respond\"]}]},{\"@type\":\"WebPage\",\"@id\":\"http:\\\/\\\/autosdelpodio.com\\\/autos\\\/johny-scalvazio-en-la-clase-a-y-diego-baldasin-en-la-clase-b-fueron-los-primeros-ganadores-del-ano\\\/\",\"url\":\"http:\\\/\\\/autosdelpodio.com\\\/autos\\\/johny-scalvazio-en-la-clase-a-y-diego-baldasin-en-la-clase-b-fueron-los-primeros-ganadores-del-ano\\\/\",\"name\":\"Autos del Podio | Johny Scalvazio en la Clase A y Diego Baldas\u00edn en la Clase B fueron los primeros ganadores del a\u00f1o.\",\"isPartOf\":{\"@id\":\"http:\\\/\\\/autosdelpodio.com\\\/autos\\\/#website\"},\"datePublished\":\"2013-01-28T11:51:29+00:00\",\"description\":\"Autos del Podio\",\"breadcrumb\":{\"@id\":\"http:\\\/\\\/autosdelpodio.com\\\/autos\\\/johny-scalvazio-en-la-clase-a-y-diego-baldasin-en-la-clase-b-fueron-los-primeros-ganadores-del-ano\\\/#breadcrumb\"},\"inLanguage\":\"es\",\"potentialAction\":[{\"@type\":\"ReadAction\",\"target\":[\"http:\\\/\\\/autosdelpodio.com\\\/autos\\\/johny-scalvazio-en-la-clase-a-y-diego-baldasin-en-la-clase-b-fueron-los-primeros-ganadores-del-ano\\\/\"]}]},{\"@type\":\"BreadcrumbList\",\"@id\":\"http:\\\/\\\/autosdelpodio.com\\\/autos\\\/johny-scalvazio-en-la-clase-a-y-diego-baldasin-en-la-clase-b-fueron-los-primeros-ganadores-del-ano\\\/#breadcrumb\",\"itemListElement\":[{\"@type\":\"ListItem\",\"position\":1,\"name\":\"Portada\",\"item\":\"http:\\\/\\\/autosdelpodio.com\\\/autos\\\/\"},{\"@type\":\"ListItem\",\"position\":2,\"name\":\"Johny Scalvazio en la Clase A y Diego Baldas\u00edn en la Clase B fueron los primeros ganadores del a\u00f1o.\"}]},{\"@type\":\"WebSite\",\"@id\":\"http:\\\/\\\/autosdelpodio.com\\\/autos\\\/#website\",\"url\":\"http:\\\/\\\/autosdelpodio.com\\\/autos\\\/\",\"name\":\"Autos del Podio\",\"description\":\"La sexta del deporte motor\",\"publisher\":{\"@id\":\"http:\\\/\\\/autosdelpodio.com\\\/autos\\\/#organization\"},\"potentialAction\":[{\"@type\":\"SearchAction\",\"target\":{\"@type\":\"EntryPoint\",\"urlTemplate\":\"http:\\\/\\\/autosdelpodio.com\\\/autos\\\/?s={search_term_string}\"},\"query-input\":{\"@type\":\"PropertyValueSpecification\",\"valueRequired\":true,\"valueName\":\"search_term_string\"}}],\"inLanguage\":\"es\"},{\"@type\":\"Organization\",\"@id\":\"http:\\\/\\\/autosdelpodio.com\\\/autos\\\/#organization\",\"name\":\"Autos del Podio\",\"url\":\"http:\\\/\\\/autosdelpodio.com\\\/autos\\\/\",\"logo\":{\"@type\":\"ImageObject\",\"inLanguage\":\"es\",\"@id\":\"http:\\\/\\\/autosdelpodio.com\\\/autos\\\/#\\\/schema\\\/logo\\\/image\\\/\",\"url\":\"http:\\\/\\\/autosdelpodio.com\\\/autos\\\/wp-content\\\/uploads\\\/2020\\\/08\\\/Logo_AR.jpg\",\"contentUrl\":\"http:\\\/\\\/autosdelpodio.com\\\/autos\\\/wp-content\\\/uploads\\\/2020\\\/08\\\/Logo_AR.jpg\",\"width\":1038,\"height\":1044,\"caption\":\"Autos del Podio\"},\"image\":{\"@id\":\"http:\\\/\\\/autosdelpodio.com\\\/autos\\\/#\\\/schema\\\/logo\\\/image\\\/\"},\"sameAs\":[\"https:\\\/\\\/www.facebook.com\\\/profile.php?id=100057192590976&amp;amp;amp;amp;amp;amp;amp;amp;amp;amp;amp;amp;amp;amp;amp;amp;amp;amp;ref=ts\",\"https:\\\/\\\/x.com\\\/autosdelpodio\",\"https:\\\/\\\/www.youtube.com\\\/user\\\/AutosdelPodio\"]},{\"@type\":\"Person\",\"@id\":\"http:\\\/\\\/autosdelpodio.com\\\/autos\\\/#\\\/schema\\\/person\\\/e88353cabf768863fdf874e30120f3ba\",\"name\":\"wi022230\",\"image\":{\"@type\":\"ImageObject\",\"inLanguage\":\"es\",\"@id\":\"http:\\\/\\\/autosdelpodio.com\\\/autos\\\/wp-content\\\/litespeed\\\/avatar\\\/453fc9bdbb11d766ba4c7f14d0bd0aa9.jpg?ver=1776800006\",\"url\":\"http:\\\/\\\/autosdelpodio.com\\\/autos\\\/wp-content\\\/litespeed\\\/avatar\\\/453fc9bdbb11d766ba4c7f14d0bd0aa9.jpg?ver=1776800006\",\"contentUrl\":\"http:\\\/\\\/autosdelpodio.com\\\/autos\\\/wp-content\\\/litespeed\\\/avatar\\\/453fc9bdbb11d766ba4c7f14d0bd0aa9.jpg?ver=1776800006\",\"caption\":\"wi022230\"}}]}<\/script>\n<!-- \/ Yoast SEO plugin. -->","yoast_head_json":{"title":"Autos del Podio | Johny Scalvazio en la Clase A y Diego Baldas\u00edn en la Clase B fueron los primeros ganadores del a\u00f1o.","description":"Autos del Podio","robots":{"index":"index","follow":"follow","max-snippet":"max-snippet:-1","max-image-preview":"max-image-preview:large","max-video-preview":"max-video-preview:-1"},"canonical":"http:\/\/autosdelpodio.com\/autos\/johny-scalvazio-en-la-clase-a-y-diego-baldasin-en-la-clase-b-fueron-los-primeros-ganadores-del-ano\/","og_locale":"es_ES","og_type":"article","og_title":"Autos del Podio | Johny Scalvazio en la Clase A y Diego Baldas\u00edn en la Clase B fueron los primeros ganadores del a\u00f1o.","og_description":"Autos del Podio","og_url":"http:\/\/autosdelpodio.com\/autos\/johny-scalvazio-en-la-clase-a-y-diego-baldasin-en-la-clase-b-fueron-los-primeros-ganadores-del-ano\/","og_site_name":"Autos del Podio","article_publisher":"https:\/\/www.facebook.com\/profile.php?id=100057192590976&amp%3bamp%3bamp%3bamp%3bamp%3bamp%3bamp%3bamp%3bamp%3bamp%3bamp%3bamp%3bamp%3bamp%3bamp%3bamp%3bamp%3bamp%3bref=ts","article_published_time":"2013-01-28T11:51:29+00:00","author":"wi022230","twitter_card":"summary_large_image","twitter_creator":"@autosdelpodio","twitter_site":"@autosdelpodio","twitter_misc":{"Escrito por":"wi022230","Tiempo de lectura":"3 minutos"},"schema":{"@context":"https:\/\/schema.org","@graph":[{"@type":"Article","@id":"http:\/\/autosdelpodio.com\/autos\/johny-scalvazio-en-la-clase-a-y-diego-baldasin-en-la-clase-b-fueron-los-primeros-ganadores-del-ano\/#article","isPartOf":{"@id":"http:\/\/autosdelpodio.com\/autos\/johny-scalvazio-en-la-clase-a-y-diego-baldasin-en-la-clase-b-fueron-los-primeros-ganadores-del-ano\/"},"author":{"name":"wi022230","@id":"http:\/\/autosdelpodio.com\/autos\/#\/schema\/person\/e88353cabf768863fdf874e30120f3ba"},"headline":"Johny Scalvazio en la Clase A y Diego Baldas\u00edn en la Clase B fueron los primeros ganadores del a\u00f1o.","datePublished":"2013-01-28T11:51:29+00:00","mainEntityOfPage":{"@id":"http:\/\/autosdelpodio.com\/autos\/johny-scalvazio-en-la-clase-a-y-diego-baldasin-en-la-clase-b-fueron-los-primeros-ganadores-del-ano\/"},"wordCount":699,"commentCount":0,"publisher":{"@id":"http:\/\/autosdelpodio.com\/autos\/#organization"},"articleSection":["\u00daltimas noticias"],"inLanguage":"es","potentialAction":[{"@type":"CommentAction","name":"Comment","target":["http:\/\/autosdelpodio.com\/autos\/johny-scalvazio-en-la-clase-a-y-diego-baldasin-en-la-clase-b-fueron-los-primeros-ganadores-del-ano\/#respond"]}]},{"@type":"WebPage","@id":"http:\/\/autosdelpodio.com\/autos\/johny-scalvazio-en-la-clase-a-y-diego-baldasin-en-la-clase-b-fueron-los-primeros-ganadores-del-ano\/","url":"http:\/\/autosdelpodio.com\/autos\/johny-scalvazio-en-la-clase-a-y-diego-baldasin-en-la-clase-b-fueron-los-primeros-ganadores-del-ano\/","name":"Autos del Podio | Johny Scalvazio en la Clase A y Diego Baldas\u00edn en la Clase B fueron los primeros ganadores del a\u00f1o.","isPartOf":{"@id":"http:\/\/autosdelpodio.com\/autos\/#website"},"datePublished":"2013-01-28T11:51:29+00:00","description":"Autos del Podio","breadcrumb":{"@id":"http:\/\/autosdelpodio.com\/autos\/johny-scalvazio-en-la-clase-a-y-diego-baldasin-en-la-clase-b-fueron-los-primeros-ganadores-del-ano\/#breadcrumb"},"inLanguage":"es","potentialAction":[{"@type":"ReadAction","target":["http:\/\/autosdelpodio.com\/autos\/johny-scalvazio-en-la-clase-a-y-diego-baldasin-en-la-clase-b-fueron-los-primeros-ganadores-del-ano\/"]}]},{"@type":"BreadcrumbList","@id":"http:\/\/autosdelpodio.com\/autos\/johny-scalvazio-en-la-clase-a-y-diego-baldasin-en-la-clase-b-fueron-los-primeros-ganadores-del-ano\/#breadcrumb","itemListElement":[{"@type":"ListItem","position":1,"name":"Portada","item":"http:\/\/autosdelpodio.com\/autos\/"},{"@type":"ListItem","position":2,"name":"Johny Scalvazio en la Clase A y Diego Baldas\u00edn en la Clase B fueron los primeros ganadores del a\u00f1o."}]},{"@type":"WebSite","@id":"http:\/\/autosdelpodio.com\/autos\/#website","url":"http:\/\/autosdelpodio.com\/autos\/","name":"Autos del Podio","description":"La sexta del deporte motor","publisher":{"@id":"http:\/\/autosdelpodio.com\/autos\/#organization"},"potentialAction":[{"@type":"SearchAction","target":{"@type":"EntryPoint","urlTemplate":"http:\/\/autosdelpodio.com\/autos\/?s={search_term_string}"},"query-input":{"@type":"PropertyValueSpecification","valueRequired":true,"valueName":"search_term_string"}}],"inLanguage":"es"},{"@type":"Organization","@id":"http:\/\/autosdelpodio.com\/autos\/#organization","name":"Autos del Podio","url":"http:\/\/autosdelpodio.com\/autos\/","logo":{"@type":"ImageObject","inLanguage":"es","@id":"http:\/\/autosdelpodio.com\/autos\/#\/schema\/logo\/image\/","url":"http:\/\/autosdelpodio.com\/autos\/wp-content\/uploads\/2020\/08\/Logo_AR.jpg","contentUrl":"http:\/\/autosdelpodio.com\/autos\/wp-content\/uploads\/2020\/08\/Logo_AR.jpg","width":1038,"height":1044,"caption":"Autos del Podio"},"image":{"@id":"http:\/\/autosdelpodio.com\/autos\/#\/schema\/logo\/image\/"},"sameAs":["https:\/\/www.facebook.com\/profile.php?id=100057192590976&amp;amp;amp;amp;amp;amp;amp;amp;amp;amp;amp;amp;amp;amp;amp;amp;amp;amp;ref=ts","https:\/\/x.com\/autosdelpodio","https:\/\/www.youtube.com\/user\/AutosdelPodio"]},{"@type":"Person","@id":"http:\/\/autosdelpodio.com\/autos\/#\/schema\/person\/e88353cabf768863fdf874e30120f3ba","name":"wi022230","image":{"@type":"ImageObject","inLanguage":"es","@id":"http:\/\/autosdelpodio.com\/autos\/wp-content\/litespeed\/avatar\/453fc9bdbb11d766ba4c7f14d0bd0aa9.jpg?ver=1776800006","url":"http:\/\/autosdelpodio.com\/autos\/wp-content\/litespeed\/avatar\/453fc9bdbb11d766ba4c7f14d0bd0aa9.jpg?ver=1776800006","contentUrl":"http:\/\/autosdelpodio.com\/autos\/wp-content\/litespeed\/avatar\/453fc9bdbb11d766ba4c7f14d0bd0aa9.jpg?ver=1776800006","caption":"wi022230"}}]}},"views":536,"_links":{"self":[{"href":"http:\/\/autosdelpodio.com\/autos\/wp-json\/wp\/v2\/posts\/653","targetHints":{"allow":["GET"]}}],"collection":[{"href":"http:\/\/autosdelpodio.com\/autos\/wp-json\/wp\/v2\/posts"}],"about":[{"href":"http:\/\/autosdelpodio.com\/autos\/wp-json\/wp\/v2\/types\/post"}],"author":[{"embeddable":true,"href":"http:\/\/autosdelpodio.com\/autos\/wp-json\/wp\/v2\/users\/1"}],"replies":[{"embeddable":true,"href":"http:\/\/autosdelpodio.com\/autos\/wp-json\/wp\/v2\/comments?post=653"}],"version-history":[{"count":0,"href":"http:\/\/autosdelpodio.com\/autos\/wp-json\/wp\/v2\/posts\/653\/revisions"}],"wp:attachment":[{"href":"http:\/\/autosdelpodio.com\/autos\/wp-json\/wp\/v2\/media?parent=653"}],"wp:term":[{"taxonomy":"category","embeddable":true,"href":"http:\/\/autosdelpodio.com\/autos\/wp-json\/wp\/v2\/categories?post=653"},{"taxonomy":"post_tag","embeddable":true,"href":"http:\/\/autosdelpodio.com\/autos\/wp-json\/wp\/v2\/tags?post=653"}],"curies":[{"name":"wp","href":"https:\/\/api.w.org\/{rel}","templated":true}]}}