{"id":6585,"date":"2023-01-17T16:06:27","date_gmt":"2023-01-17T19:06:27","guid":{"rendered":"http:\/\/autosdelpodio.com\/autos\/?p=6585"},"modified":"2023-01-17T16:07:24","modified_gmt":"2023-01-17T19:07:24","slug":"general-motors-argentina-25-anos-de-produccion","status":"publish","type":"post","link":"http:\/\/autosdelpodio.com\/autos\/general-motors-argentina-25-anos-de-produccion\/","title":{"rendered":"General Motors Argentina: 25 a\u00f1os de producci\u00f3n"},"content":{"rendered":"\n<p>El 11 de diciembre General Motors Argentina festej\u00f3 los 25 a\u00f1os de la inauguraci\u00f3n de su<br>complejo automotor ubicado sobre la Ruta 9 en cercan\u00edas de Rosario, Santa Fe. La puesta<br>en marcha de estas instalaciones, que demandaron una inversi\u00f3n de alrededor de u$s 300<br>millones y dos a\u00f1os de construcci\u00f3n, fue el punto culminante del proceso de regreso de la<br>automotriz al pa\u00eds luego de 15 a\u00f1os de ausencia. El ic\u00f3nico Chevrolet Corsa fue el primer<br>modelo fabricado en la planta santafesina y hasta el momento es el m\u00e1s longevo y m\u00e1s<br>producido de esta nueva etapa industrial, con un total de 919.972 unidades.<br>A lo largo de estos 25 a\u00f1os, en General Alvear se fabricaron m\u00e1s de 1.600.000 veh\u00edculos,<br>entre los cuales hubo 16 modelos diferentes de reconocidas marcas globales como<br>Chevrolet, Suzuki y Opel. Dentro de la producci\u00f3n se destacaron los modelos Corsa 4<br>puertas (1997-2008), Corsa 3 y 5 Puertas (1999-2008), Corsa Station Wagon (1998 -2008),<br>Grand Vitara 3 y 5 Puertas (2000 \u2013 2008), Corsa II 5 puertas (2002- 2007), Corsa II 4<br>puertas (2002-2010), Classic 3 y 5 puertas (2009-2011), Classic 4 puertas (2009-2016),<br>Agile 5 puertas (2009 -2016), Cruze 4 puertas (2016 \u2013 presente), Cruze 5 puertas (2016-<br>presente) y Tracker (2022 \u2013 presente).<br>En julio del a\u00f1o pasado se sum\u00f3 a la l\u00ednea de producci\u00f3n el Chevrolet Tracker que demand\u00f3<br>una inversi\u00f3n de US$ 300 millones de d\u00f3lares. Desde entonces, la nueva SUV super\u00f3 las<br>10.000 unidades fabricadas y permiti\u00f3 incorporar a Colombia como nuevo destino de<br>exportaci\u00f3n.<br>Desde la planta de Alvear se exportaron m\u00e1s de 950.000 unidades destinadas a m\u00e1s de 10<br>pa\u00edses. Los veh\u00edculos, motores y componentes que actualmente se fabrican en esta planta<br>se exportan a M\u00e9xico, Colombia, Brasil, Paraguay y Uruguay. Sin embargo, el complejo<br>tambi\u00e9n ha exportado veh\u00edculos y motores a Inglaterra, Italia, Chile, Per\u00fa y otros pa\u00edses de<br>Centroam\u00e9rica.<br>Con una inversi\u00f3n que alcanz\u00f3 los U$S 1.000 millones en menos de 10 a\u00f1os, la planta<br>santafesina cuenta con una capacidad instalada de producci\u00f3n de 115.000 veh\u00edculos por<br>a\u00f1o y se ha convertido en un gran polo industrial para la compa\u00f1\u00eda por su dimensi\u00f3n,<br>alcance y la utilizaci\u00f3n de nuevas tecnolog\u00edas de fabricaci\u00f3n de autom\u00f3viles que tienen<br>lugar por primera vez en la industria automotriz nacional.<br>En el complejo de GM se puede apreciar el elevado proceso automatizado que existe para<br>la producci\u00f3n en las plantas de prensas, carrocer\u00eda, pintura y motores, con robots de \u00faltima<br>generaci\u00f3n. Las obras recientes permitieron una ampliaci\u00f3n de 57.000 m2 e incluyeron la<br>expansi\u00f3n de la sala de medidas, el dep\u00f3sito de piezas, la planta de pinturas, los almacenes<br>de paneles y matrices, as\u00ed como la playa de veh\u00edculos. Asimismo, se instalaron 276 nuevos<br>robots en las plantas de carrocer\u00eda y pintura.<br>La f\u00e1brica de General Motors ha logrado certificaciones y reconocimientos industriales<br>desde el inicio de su operaci\u00f3n.<br><strong>Los m\u00e1s destacados son:<\/strong><\/p>\n\n\n\n<p>ISO 90001 \/ Certificada en 1998 y recertificaciones en 2015 y 2021<br>ISO 14001 \/ Certificada en 1999 y recertificaciones en 2015 y 2021<br>ISO 50001 \/ Certificada en 2013 \/ Primer planta de GM en Am\u00e9rica<br>Landfill-free 100% \/ Certificada en 2011 \/ Primera planta de GM Sudam\u00e9rica<br>Wild Life Habitat \/ Certificaci\u00f3n Plata 2015 \/ Certificaci\u00f3n en Capacitaci\u00f3n<br>Wild Life Habitat \/ Certificaci\u00f3n Oro 2022 \/ Certificaci\u00f3n en Conservaci\u00f3n<br>Certificaci\u00f3n de Calidad BIQ\u2013IV\/ Ensamble 2017 y recertificado en 2022<br>Star Energy \/ Certificada 2022<br>En la planta de Alvear trabajan 1200 empleados directos y m\u00e1s de 2000 empleados de<br>contratistas que diariamente trabajan en este parque industrial. Gracias a su compromiso<br>con una operaci\u00f3n sustentable, la planta no env\u00eda residuos a rellenos sanitarios ya que<br>recicla, recupera, reutiliza o trata el 100 % de los mismos. Adem\u00e1s, se encuentra trabajando<br>para que toda su operaci\u00f3n utilice 100 % de energ\u00edas limpias para el 2035.<\/p>\n","protected":false},"excerpt":{"rendered":"<p>El 11 de diciembre General Motors Argentina festej\u00f3 los 25 a\u00f1os de la inauguraci\u00f3n de sucomplejo automotor ubicado sobre la<\/p>\n","protected":false},"author":3,"featured_media":6588,"comment_status":"open","ping_status":"open","sticky":false,"template":"","format":"standard","meta":{"colormag_page_container_layout":"default_layout","colormag_page_sidebar_layout":"default_layout","footnotes":""},"categories":[16,5],"tags":[37,401,32,208,35],"class_list":["post-6585","post","type-post","status-publish","format-standard","has-post-thumbnail","hentry","category-recta-principal","category-latest-news","tag-chevrolet","tag-general-motors","tag-industria-automotriz","tag-produccion","tag-republica-argentina"],"yoast_head":"<!-- This site is optimized with the Yoast SEO plugin v27.4 - https:\/\/yoast.com\/product\/yoast-seo-wordpress\/ -->\n<title>Autos del Podio | General Motors Argentina: 25 a\u00f1os de producci\u00f3n<\/title>\n<meta name=\"description\" content=\"Autos del Podio El complejo automotor de GM, ubicado en Alvear, Santa Fe, celebr\u00f3 su25\u00b0 aniversario. En ese lapso se fabricaron m\u00e1s de 1.600.000 veh\u00edculosy se exportaron 950.000.\" \/>\n<meta name=\"robots\" content=\"index, follow, max-snippet:-1, max-image-preview:large, max-video-preview:-1\" \/>\n<link rel=\"canonical\" href=\"http:\/\/autosdelpodio.com\/autos\/general-motors-argentina-25-anos-de-produccion\/\" \/>\n<meta property=\"og:locale\" content=\"es_ES\" \/>\n<meta property=\"og:type\" content=\"article\" \/>\n<meta property=\"og:title\" content=\"Autos del Podio | General Motors Argentina: 25 a\u00f1os de producci\u00f3n\" \/>\n<meta property=\"og:description\" content=\"Autos del Podio El complejo automotor de GM, ubicado en Alvear, Santa Fe, celebr\u00f3 su25\u00b0 aniversario. En ese lapso se fabricaron m\u00e1s de 1.600.000 veh\u00edculosy se exportaron 950.000.\" \/>\n<meta property=\"og:url\" content=\"http:\/\/autosdelpodio.com\/autos\/general-motors-argentina-25-anos-de-produccion\/\" \/>\n<meta property=\"og:site_name\" content=\"Autos del Podio\" \/>\n<meta property=\"article:publisher\" content=\"https:\/\/www.facebook.com\/profile.php?id=100057192590976&amp;amp%3bamp%3bamp%3bamp%3bamp%3bamp%3bamp%3bamp%3bamp%3bamp%3bamp%3bamp%3bamp%3bamp%3bamp%3bamp%3bamp%3bamp%3bref=ts\" \/>\n<meta property=\"article:published_time\" content=\"2023-01-17T19:06:27+00:00\" \/>\n<meta property=\"article:modified_time\" content=\"2023-01-17T19:07:24+00:00\" \/>\n<meta property=\"og:image\" content=\"http:\/\/autosdelpodio.com\/autos\/wp-content\/uploads\/2023\/01\/GM_Argentina.jpg\" \/>\n\t<meta property=\"og:image:width\" content=\"500\" \/>\n\t<meta property=\"og:image:height\" content=\"250\" \/>\n\t<meta property=\"og:image:type\" content=\"image\/jpeg\" \/>\n<meta name=\"author\" content=\"autosdelpodio\" \/>\n<meta name=\"twitter:card\" content=\"summary_large_image\" \/>\n<meta name=\"twitter:creator\" content=\"@autosdelpodio\" \/>\n<meta name=\"twitter:site\" content=\"@autosdelpodio\" \/>\n<meta name=\"twitter:label1\" content=\"Escrito por\" \/>\n\t<meta name=\"twitter:data1\" content=\"autosdelpodio\" \/>\n\t<meta name=\"twitter:label2\" content=\"Tiempo de lectura\" \/>\n\t<meta name=\"twitter:data2\" content=\"3 minutos\" \/>\n<script type=\"application\/ld+json\" class=\"yoast-schema-graph\">{\"@context\":\"https:\\\/\\\/schema.org\",\"@graph\":[{\"@type\":\"Article\",\"@id\":\"http:\\\/\\\/autosdelpodio.com\\\/autos\\\/general-motors-argentina-25-anos-de-produccion\\\/#article\",\"isPartOf\":{\"@id\":\"http:\\\/\\\/autosdelpodio.com\\\/autos\\\/general-motors-argentina-25-anos-de-produccion\\\/\"},\"author\":{\"name\":\"autosdelpodio\",\"@id\":\"http:\\\/\\\/autosdelpodio.com\\\/autos\\\/#\\\/schema\\\/person\\\/993527a4d01c3acdd3d6bce3770bc942\"},\"headline\":\"General Motors Argentina: 25 a\u00f1os de producci\u00f3n\",\"datePublished\":\"2023-01-17T19:06:27+00:00\",\"dateModified\":\"2023-01-17T19:07:24+00:00\",\"mainEntityOfPage\":{\"@id\":\"http:\\\/\\\/autosdelpodio.com\\\/autos\\\/general-motors-argentina-25-anos-de-produccion\\\/\"},\"wordCount\":613,\"commentCount\":0,\"publisher\":{\"@id\":\"http:\\\/\\\/autosdelpodio.com\\\/autos\\\/#organization\"},\"image\":{\"@id\":\"http:\\\/\\\/autosdelpodio.com\\\/autos\\\/general-motors-argentina-25-anos-de-produccion\\\/#primaryimage\"},\"thumbnailUrl\":\"http:\\\/\\\/autosdelpodio.com\\\/autos\\\/wp-content\\\/uploads\\\/2023\\\/01\\\/GM_Argentina.jpg\",\"keywords\":[\"Chevrolet\",\"General Motors\",\"Industria Automotriz\",\"Producci\u00f3n\",\"Republica Argentina\"],\"articleSection\":[\"Recta Principal\",\"\u00daltimas noticias\"],\"inLanguage\":\"es\",\"potentialAction\":[{\"@type\":\"CommentAction\",\"name\":\"Comment\",\"target\":[\"http:\\\/\\\/autosdelpodio.com\\\/autos\\\/general-motors-argentina-25-anos-de-produccion\\\/#respond\"]}]},{\"@type\":\"WebPage\",\"@id\":\"http:\\\/\\\/autosdelpodio.com\\\/autos\\\/general-motors-argentina-25-anos-de-produccion\\\/\",\"url\":\"http:\\\/\\\/autosdelpodio.com\\\/autos\\\/general-motors-argentina-25-anos-de-produccion\\\/\",\"name\":\"Autos del Podio | General Motors Argentina: 25 a\u00f1os de producci\u00f3n\",\"isPartOf\":{\"@id\":\"http:\\\/\\\/autosdelpodio.com\\\/autos\\\/#website\"},\"primaryImageOfPage\":{\"@id\":\"http:\\\/\\\/autosdelpodio.com\\\/autos\\\/general-motors-argentina-25-anos-de-produccion\\\/#primaryimage\"},\"image\":{\"@id\":\"http:\\\/\\\/autosdelpodio.com\\\/autos\\\/general-motors-argentina-25-anos-de-produccion\\\/#primaryimage\"},\"thumbnailUrl\":\"http:\\\/\\\/autosdelpodio.com\\\/autos\\\/wp-content\\\/uploads\\\/2023\\\/01\\\/GM_Argentina.jpg\",\"datePublished\":\"2023-01-17T19:06:27+00:00\",\"dateModified\":\"2023-01-17T19:07:24+00:00\",\"description\":\"Autos del Podio El complejo automotor de GM, ubicado en Alvear, Santa Fe, celebr\u00f3 su25\u00b0 aniversario. En ese lapso se fabricaron m\u00e1s de 1.600.000 veh\u00edculosy se exportaron 950.000.\",\"breadcrumb\":{\"@id\":\"http:\\\/\\\/autosdelpodio.com\\\/autos\\\/general-motors-argentina-25-anos-de-produccion\\\/#breadcrumb\"},\"inLanguage\":\"es\",\"potentialAction\":[{\"@type\":\"ReadAction\",\"target\":[\"http:\\\/\\\/autosdelpodio.com\\\/autos\\\/general-motors-argentina-25-anos-de-produccion\\\/\"]}]},{\"@type\":\"ImageObject\",\"inLanguage\":\"es\",\"@id\":\"http:\\\/\\\/autosdelpodio.com\\\/autos\\\/general-motors-argentina-25-anos-de-produccion\\\/#primaryimage\",\"url\":\"http:\\\/\\\/autosdelpodio.com\\\/autos\\\/wp-content\\\/uploads\\\/2023\\\/01\\\/GM_Argentina.jpg\",\"contentUrl\":\"http:\\\/\\\/autosdelpodio.com\\\/autos\\\/wp-content\\\/uploads\\\/2023\\\/01\\\/GM_Argentina.jpg\",\"width\":500,\"height\":250,\"caption\":\"DCIM100MEDIADJI_0019.JPG\"},{\"@type\":\"BreadcrumbList\",\"@id\":\"http:\\\/\\\/autosdelpodio.com\\\/autos\\\/general-motors-argentina-25-anos-de-produccion\\\/#breadcrumb\",\"itemListElement\":[{\"@type\":\"ListItem\",\"position\":1,\"name\":\"Portada\",\"item\":\"http:\\\/\\\/autosdelpodio.com\\\/autos\\\/\"},{\"@type\":\"ListItem\",\"position\":2,\"name\":\"General Motors Argentina: 25 a\u00f1os de producci\u00f3n\"}]},{\"@type\":\"WebSite\",\"@id\":\"http:\\\/\\\/autosdelpodio.com\\\/autos\\\/#website\",\"url\":\"http:\\\/\\\/autosdelpodio.com\\\/autos\\\/\",\"name\":\"Autos del Podio\",\"description\":\"La sexta del deporte motor\",\"publisher\":{\"@id\":\"http:\\\/\\\/autosdelpodio.com\\\/autos\\\/#organization\"},\"potentialAction\":[{\"@type\":\"SearchAction\",\"target\":{\"@type\":\"EntryPoint\",\"urlTemplate\":\"http:\\\/\\\/autosdelpodio.com\\\/autos\\\/?s={search_term_string}\"},\"query-input\":{\"@type\":\"PropertyValueSpecification\",\"valueRequired\":true,\"valueName\":\"search_term_string\"}}],\"inLanguage\":\"es\"},{\"@type\":\"Organization\",\"@id\":\"http:\\\/\\\/autosdelpodio.com\\\/autos\\\/#organization\",\"name\":\"Autos del Podio\",\"url\":\"http:\\\/\\\/autosdelpodio.com\\\/autos\\\/\",\"logo\":{\"@type\":\"ImageObject\",\"inLanguage\":\"es\",\"@id\":\"http:\\\/\\\/autosdelpodio.com\\\/autos\\\/#\\\/schema\\\/logo\\\/image\\\/\",\"url\":\"http:\\\/\\\/autosdelpodio.com\\\/autos\\\/wp-content\\\/uploads\\\/2020\\\/08\\\/Logo_AR.jpg\",\"contentUrl\":\"http:\\\/\\\/autosdelpodio.com\\\/autos\\\/wp-content\\\/uploads\\\/2020\\\/08\\\/Logo_AR.jpg\",\"width\":1038,\"height\":1044,\"caption\":\"Autos del Podio\"},\"image\":{\"@id\":\"http:\\\/\\\/autosdelpodio.com\\\/autos\\\/#\\\/schema\\\/logo\\\/image\\\/\"},\"sameAs\":[\"https:\\\/\\\/www.facebook.com\\\/profile.php?id=100057192590976&amp;amp;amp;amp;amp;amp;amp;amp;amp;amp;amp;amp;amp;amp;amp;amp;amp;amp;ref=ts\",\"https:\\\/\\\/x.com\\\/autosdelpodio\",\"https:\\\/\\\/www.youtube.com\\\/user\\\/AutosdelPodio\"]},{\"@type\":\"Person\",\"@id\":\"http:\\\/\\\/autosdelpodio.com\\\/autos\\\/#\\\/schema\\\/person\\\/993527a4d01c3acdd3d6bce3770bc942\",\"name\":\"autosdelpodio\",\"image\":{\"@type\":\"ImageObject\",\"inLanguage\":\"es\",\"@id\":\"http:\\\/\\\/autosdelpodio.com\\\/autos\\\/wp-content\\\/litespeed\\\/avatar\\\/aa8f65cd201a80f6b844f63278aa84af.jpg?ver=1776798175\",\"url\":\"http:\\\/\\\/autosdelpodio.com\\\/autos\\\/wp-content\\\/litespeed\\\/avatar\\\/aa8f65cd201a80f6b844f63278aa84af.jpg?ver=1776798175\",\"contentUrl\":\"http:\\\/\\\/autosdelpodio.com\\\/autos\\\/wp-content\\\/litespeed\\\/avatar\\\/aa8f65cd201a80f6b844f63278aa84af.jpg?ver=1776798175\",\"caption\":\"autosdelpodio\"}}]}<\/script>\n<!-- \/ Yoast SEO plugin. -->","yoast_head_json":{"title":"Autos del Podio | General Motors Argentina: 25 a\u00f1os de producci\u00f3n","description":"Autos del Podio El complejo automotor de GM, ubicado en Alvear, Santa Fe, celebr\u00f3 su25\u00b0 aniversario. En ese lapso se fabricaron m\u00e1s de 1.600.000 veh\u00edculosy se exportaron 950.000.","robots":{"index":"index","follow":"follow","max-snippet":"max-snippet:-1","max-image-preview":"max-image-preview:large","max-video-preview":"max-video-preview:-1"},"canonical":"http:\/\/autosdelpodio.com\/autos\/general-motors-argentina-25-anos-de-produccion\/","og_locale":"es_ES","og_type":"article","og_title":"Autos del Podio | General Motors Argentina: 25 a\u00f1os de producci\u00f3n","og_description":"Autos del Podio El complejo automotor de GM, ubicado en Alvear, Santa Fe, celebr\u00f3 su25\u00b0 aniversario. En ese lapso se fabricaron m\u00e1s de 1.600.000 veh\u00edculosy se exportaron 950.000.","og_url":"http:\/\/autosdelpodio.com\/autos\/general-motors-argentina-25-anos-de-produccion\/","og_site_name":"Autos del Podio","article_publisher":"https:\/\/www.facebook.com\/profile.php?id=100057192590976&amp%3bamp%3bamp%3bamp%3bamp%3bamp%3bamp%3bamp%3bamp%3bamp%3bamp%3bamp%3bamp%3bamp%3bamp%3bamp%3bamp%3bamp%3bref=ts","article_published_time":"2023-01-17T19:06:27+00:00","article_modified_time":"2023-01-17T19:07:24+00:00","og_image":[{"width":500,"height":250,"url":"http:\/\/autosdelpodio.com\/autos\/wp-content\/uploads\/2023\/01\/GM_Argentina.jpg","type":"image\/jpeg"}],"author":"autosdelpodio","twitter_card":"summary_large_image","twitter_creator":"@autosdelpodio","twitter_site":"@autosdelpodio","twitter_misc":{"Escrito por":"autosdelpodio","Tiempo de lectura":"3 minutos"},"schema":{"@context":"https:\/\/schema.org","@graph":[{"@type":"Article","@id":"http:\/\/autosdelpodio.com\/autos\/general-motors-argentina-25-anos-de-produccion\/#article","isPartOf":{"@id":"http:\/\/autosdelpodio.com\/autos\/general-motors-argentina-25-anos-de-produccion\/"},"author":{"name":"autosdelpodio","@id":"http:\/\/autosdelpodio.com\/autos\/#\/schema\/person\/993527a4d01c3acdd3d6bce3770bc942"},"headline":"General Motors Argentina: 25 a\u00f1os de producci\u00f3n","datePublished":"2023-01-17T19:06:27+00:00","dateModified":"2023-01-17T19:07:24+00:00","mainEntityOfPage":{"@id":"http:\/\/autosdelpodio.com\/autos\/general-motors-argentina-25-anos-de-produccion\/"},"wordCount":613,"commentCount":0,"publisher":{"@id":"http:\/\/autosdelpodio.com\/autos\/#organization"},"image":{"@id":"http:\/\/autosdelpodio.com\/autos\/general-motors-argentina-25-anos-de-produccion\/#primaryimage"},"thumbnailUrl":"http:\/\/autosdelpodio.com\/autos\/wp-content\/uploads\/2023\/01\/GM_Argentina.jpg","keywords":["Chevrolet","General Motors","Industria Automotriz","Producci\u00f3n","Republica Argentina"],"articleSection":["Recta Principal","\u00daltimas noticias"],"inLanguage":"es","potentialAction":[{"@type":"CommentAction","name":"Comment","target":["http:\/\/autosdelpodio.com\/autos\/general-motors-argentina-25-anos-de-produccion\/#respond"]}]},{"@type":"WebPage","@id":"http:\/\/autosdelpodio.com\/autos\/general-motors-argentina-25-anos-de-produccion\/","url":"http:\/\/autosdelpodio.com\/autos\/general-motors-argentina-25-anos-de-produccion\/","name":"Autos del Podio | General Motors Argentina: 25 a\u00f1os de producci\u00f3n","isPartOf":{"@id":"http:\/\/autosdelpodio.com\/autos\/#website"},"primaryImageOfPage":{"@id":"http:\/\/autosdelpodio.com\/autos\/general-motors-argentina-25-anos-de-produccion\/#primaryimage"},"image":{"@id":"http:\/\/autosdelpodio.com\/autos\/general-motors-argentina-25-anos-de-produccion\/#primaryimage"},"thumbnailUrl":"http:\/\/autosdelpodio.com\/autos\/wp-content\/uploads\/2023\/01\/GM_Argentina.jpg","datePublished":"2023-01-17T19:06:27+00:00","dateModified":"2023-01-17T19:07:24+00:00","description":"Autos del Podio El complejo automotor de GM, ubicado en Alvear, Santa Fe, celebr\u00f3 su25\u00b0 aniversario. En ese lapso se fabricaron m\u00e1s de 1.600.000 veh\u00edculosy se exportaron 950.000.","breadcrumb":{"@id":"http:\/\/autosdelpodio.com\/autos\/general-motors-argentina-25-anos-de-produccion\/#breadcrumb"},"inLanguage":"es","potentialAction":[{"@type":"ReadAction","target":["http:\/\/autosdelpodio.com\/autos\/general-motors-argentina-25-anos-de-produccion\/"]}]},{"@type":"ImageObject","inLanguage":"es","@id":"http:\/\/autosdelpodio.com\/autos\/general-motors-argentina-25-anos-de-produccion\/#primaryimage","url":"http:\/\/autosdelpodio.com\/autos\/wp-content\/uploads\/2023\/01\/GM_Argentina.jpg","contentUrl":"http:\/\/autosdelpodio.com\/autos\/wp-content\/uploads\/2023\/01\/GM_Argentina.jpg","width":500,"height":250,"caption":"DCIM100MEDIADJI_0019.JPG"},{"@type":"BreadcrumbList","@id":"http:\/\/autosdelpodio.com\/autos\/general-motors-argentina-25-anos-de-produccion\/#breadcrumb","itemListElement":[{"@type":"ListItem","position":1,"name":"Portada","item":"http:\/\/autosdelpodio.com\/autos\/"},{"@type":"ListItem","position":2,"name":"General Motors Argentina: 25 a\u00f1os de producci\u00f3n"}]},{"@type":"WebSite","@id":"http:\/\/autosdelpodio.com\/autos\/#website","url":"http:\/\/autosdelpodio.com\/autos\/","name":"Autos del Podio","description":"La sexta del deporte motor","publisher":{"@id":"http:\/\/autosdelpodio.com\/autos\/#organization"},"potentialAction":[{"@type":"SearchAction","target":{"@type":"EntryPoint","urlTemplate":"http:\/\/autosdelpodio.com\/autos\/?s={search_term_string}"},"query-input":{"@type":"PropertyValueSpecification","valueRequired":true,"valueName":"search_term_string"}}],"inLanguage":"es"},{"@type":"Organization","@id":"http:\/\/autosdelpodio.com\/autos\/#organization","name":"Autos del Podio","url":"http:\/\/autosdelpodio.com\/autos\/","logo":{"@type":"ImageObject","inLanguage":"es","@id":"http:\/\/autosdelpodio.com\/autos\/#\/schema\/logo\/image\/","url":"http:\/\/autosdelpodio.com\/autos\/wp-content\/uploads\/2020\/08\/Logo_AR.jpg","contentUrl":"http:\/\/autosdelpodio.com\/autos\/wp-content\/uploads\/2020\/08\/Logo_AR.jpg","width":1038,"height":1044,"caption":"Autos del Podio"},"image":{"@id":"http:\/\/autosdelpodio.com\/autos\/#\/schema\/logo\/image\/"},"sameAs":["https:\/\/www.facebook.com\/profile.php?id=100057192590976&amp;amp;amp;amp;amp;amp;amp;amp;amp;amp;amp;amp;amp;amp;amp;amp;amp;amp;ref=ts","https:\/\/x.com\/autosdelpodio","https:\/\/www.youtube.com\/user\/AutosdelPodio"]},{"@type":"Person","@id":"http:\/\/autosdelpodio.com\/autos\/#\/schema\/person\/993527a4d01c3acdd3d6bce3770bc942","name":"autosdelpodio","image":{"@type":"ImageObject","inLanguage":"es","@id":"http:\/\/autosdelpodio.com\/autos\/wp-content\/litespeed\/avatar\/aa8f65cd201a80f6b844f63278aa84af.jpg?ver=1776798175","url":"http:\/\/autosdelpodio.com\/autos\/wp-content\/litespeed\/avatar\/aa8f65cd201a80f6b844f63278aa84af.jpg?ver=1776798175","contentUrl":"http:\/\/autosdelpodio.com\/autos\/wp-content\/litespeed\/avatar\/aa8f65cd201a80f6b844f63278aa84af.jpg?ver=1776798175","caption":"autosdelpodio"}}]}},"views":381,"_links":{"self":[{"href":"http:\/\/autosdelpodio.com\/autos\/wp-json\/wp\/v2\/posts\/6585","targetHints":{"allow":["GET"]}}],"collection":[{"href":"http:\/\/autosdelpodio.com\/autos\/wp-json\/wp\/v2\/posts"}],"about":[{"href":"http:\/\/autosdelpodio.com\/autos\/wp-json\/wp\/v2\/types\/post"}],"author":[{"embeddable":true,"href":"http:\/\/autosdelpodio.com\/autos\/wp-json\/wp\/v2\/users\/3"}],"replies":[{"embeddable":true,"href":"http:\/\/autosdelpodio.com\/autos\/wp-json\/wp\/v2\/comments?post=6585"}],"version-history":[{"count":2,"href":"http:\/\/autosdelpodio.com\/autos\/wp-json\/wp\/v2\/posts\/6585\/revisions"}],"predecessor-version":[{"id":6589,"href":"http:\/\/autosdelpodio.com\/autos\/wp-json\/wp\/v2\/posts\/6585\/revisions\/6589"}],"wp:featuredmedia":[{"embeddable":true,"href":"http:\/\/autosdelpodio.com\/autos\/wp-json\/wp\/v2\/media\/6588"}],"wp:attachment":[{"href":"http:\/\/autosdelpodio.com\/autos\/wp-json\/wp\/v2\/media?parent=6585"}],"wp:term":[{"taxonomy":"category","embeddable":true,"href":"http:\/\/autosdelpodio.com\/autos\/wp-json\/wp\/v2\/categories?post=6585"},{"taxonomy":"post_tag","embeddable":true,"href":"http:\/\/autosdelpodio.com\/autos\/wp-json\/wp\/v2\/tags?post=6585"}],"curies":[{"name":"wp","href":"https:\/\/api.w.org\/{rel}","templated":true}]}}