{"id":661,"date":"2013-02-10T17:55:51","date_gmt":"2013-02-10T17:55:51","guid":{"rendered":"http:\/\/autosdelpodio.com\/autos\/2013\/02\/10\/a-lo-canapa\/"},"modified":"2013-02-10T17:55:51","modified_gmt":"2013-02-10T17:55:51","slug":"a-lo-canapa","status":"publish","type":"post","link":"http:\/\/autosdelpodio.com\/autos\/a-lo-canapa\/","title":{"rendered":"A lo Canapa"},"content":{"rendered":"<p><span style=\"line-height: 1.3em; text-align: justify;\">Al igual que en 2011, Agust\u00edn Canapino (Chevrolet) volvi\u00f3 a la victoria en el Turismo Carretera despu\u00e9s de dos a\u00f1os en el aut\u00f3dromo de Mar de Aj\u00f3 ante unas 27.000 personas. El podio lo completaron dos pilotos de Ford, el actual campe\u00f3n Mauro Giallombardo y Diego Aventin.<\/span><\/p>\n<p style=\"text-align: justify;\"><span style=\"line-height: 1.3em;\">Completaron el top ten Mat\u00edas Rossi (Chevrolet), Juan Manuel Silva (Ford), Christian Ledesma (Chevrolet), Mariano Werner (Ford), Juan Bautista de Benedictis (Ford), Norberto Fontana (Torino) y Sergio Alaux (Chevrolet). <\/span><\/p>\n<p>  <!--more-->  <\/p>\n<p><span style=\"line-height: 1.3em; text-align: justify;\">Con la nueva escala de puntos impuesta a partir de este a\u00f1o, Canapino lidera la fase regular con47.5 unidades, seguido por Giallombardo con 43.75 y Aventin 41.5; Rossi con 40.5 y Silva con 36.75 puntos.<\/span><\/p>\n<p style=\"text-align: justify;\"><span style=\"line-height: 1.3em;\">La pr\u00f3xima fecha ser\u00e1 el pr\u00f3ximo 3 de marzo, en el aut\u00f3dromo Centenario, en la provincia de Neuqu\u00e9n.<\/span><\/p>\n<p style=\"text-align: justify;\">Final TC<\/p>\n<p style=\"text-align: justify;\">1 \u00a08 \u00a0 Canapino, Agust\u00edn \u00a0 \u00a0 \u00a0 43:07.572<\/p>\n<p style=\"text-align: justify;\">2 \u00a01 \u00a0 Giallombardo, Mauro \u00a0 \u00a0 + 1,174<\/p>\n<p style=\"text-align: justify;\">3 \u00a014 \u00a0Aventin, Diego \u00a0 \u00a0 \u00a0 \u00a0 \u00a0+ 3,013<\/p>\n<p style=\"text-align: justify;\">4 \u00a02 \u00a0 Rossi, Mat\u00edas \u00a0 \u00a0 \u00a0 \u00a0 \u00a0 + 19,253<\/p>\n<p style=\"text-align: justify;\">5 \u00a0111 Silva, Juan Manuel \u00a0 \u00a0 \u00a0+ 19,396<\/p>\n<p style=\"text-align: justify;\">6 \u00a04 \u00a0 Ledesma, Christian \u00a0 \u00a0 \u00a0+ 21,304<\/p>\n<p style=\"text-align: justify;\">7 \u00a015 \u00a0Werner, Mariano \u00a0 \u00a0 \u00a0 \u00a0 + 23,422<\/p>\n<p style=\"text-align: justify;\">8 \u00a06 \u00a0 De Benedictis, Juan B. \u00a0+ 23,766<\/p>\n<p style=\"text-align: justify;\">9 \u00a09 \u00a0 Fontana, Norberto \u00a0 \u00a0 \u00a0 + 26,645<\/p>\n<p style=\"text-align: justify;\">10 13 \u00a0Alaux, Sergio \u00a0 \u00a0 \u00a0 \u00a0 \u00a0 + 34,280<\/p>\n<p style=\"text-align: justify;\">11 98 \u00a0Bonelli, Nicol\u00e1s \u00a0 \u00a0 \u00a0 \u00a0+ 40,055<\/p>\n<p style=\"text-align: justify;\">12 33 \u00a0Oubi\u00f1a, Adri\u00e1n \u00a0 \u00a0 \u00a0 \u00a0 \u00a0+ 41,146<\/p>\n<p style=\"text-align: justify;\">13 25 \u00a0Savino, Jos\u00e9 \u00a0 \u00a0 \u00a0 \u00a0 \u00a0 \u00a0+ 41,802<\/p>\n<p style=\"text-align: justify;\">14 22 \u00a0Mart\u00ednez, Omar \u00a0 \u00a0 \u00a0 \u00a0 \u00a0+ 42,923<\/p>\n<p style=\"text-align: justify;\">15 26 \u00a0Trucco, Juan Mart\u00edn \u00a0 \u00a0 + 43,722<\/p>\n<p style=\"text-align: justify;\">16 3 \u00a0 Ortelli, Guillermo \u00a0 \u00a0 \u00a0+ 44,479<\/p>\n<p style=\"text-align: justify;\">17 35 \u00a0Sotro, Leonel \u00a0 \u00a0 \u00a0 \u00a0 \u00a0 + 45,242<\/p>\n<p style=\"text-align: justify;\">18 24 \u00a0Pern\u00eda, Leonel \u00a0 \u00a0 \u00a0 \u00a0 \u00a0+ 45,625<\/p>\n<p style=\"text-align: justify;\">19 21 \u00a0Gianini, Juan Pablo \u00a0 \u00a0 + 46,902<\/p>\n<p style=\"text-align: justify;\">20 38 \u00a0Urretavizcaya, Tom\u00e1s \u00a0 \u00a0+ 53,039<\/p>\n<p style=\"text-align: justify;\">21 12 \u00a0Spataro, Emiliano \u00a0 \u00a0 \u00a0 + 54,195<\/p>\n<p style=\"text-align: justify;\">22 10 \u00a0Castellano, Jonatan \u00a0 \u00a0 + 54,448<\/p>\n<p style=\"text-align: justify;\">23 17 \u00a0Angelini, Juan Marcos \u00a0 + 56,235<\/p>\n<p style=\"text-align: justify;\">24 85 \u00a0Risatti, Ricardo \u00a0 \u00a0 \u00a0 \u00a0+ 1;00,674<\/p>\n<p style=\"text-align: justify;\">25 27 \u00a0Jalaf, Mat\u00edas \u00a0 \u00a0 \u00a0 \u00a0 \u00a0 + 1;03,840<\/p>\n<p style=\"text-align: justify;\">26 23 \u00a0L\u00f3pez, Jos\u00e9 Mar\u00eda \u00a0 \u00a0 \u00a0 + 1;04,193<\/p>\n<p style=\"text-align: justify;\">27 11 \u00a0Ponte, Mart\u00edn \u00a0 \u00a0 \u00a0 \u00a0 \u00a0 + 1;15,685<\/p>\n<p style=\"text-align: justify;\">28 182 Kohler, Claudio \u00a0 \u00a0 \u00a0 \u00a0 + 1;22,550<\/p>\n<p style=\"text-align: justify;\">29 19 \u00a0Bonelli, Pr\u00f3spero \u00a0 \u00a0 \u00a0 + 1;24,802<\/p>\n<p style=\"text-align: justify;\">30 7 \u00a0 Girolami, N\u00e9stor \u00a0 \u00a0 \u00a0 \u00a0+ 1;30,354<\/p>\n<p style=\"text-align: justify;\">31 39 \u00a0Verna, Rafael \u00a0 \u00a0 \u00a0 \u00a0 \u00a0 + 1;34,245<\/p>\n<p style=\"text-align: justify;\">32 46 \u00a0Dose, Christian \u00a0 \u00a0 \u00a0 \u00a0 + 1;38,708<\/p>\n<p style=\"text-align: justify;\">33 50 \u00a0Candela , Enrique \u00a0 \u00a0 \u00a0 + 1;40,886<\/p>\n<p style=\"text-align: justify;\">34 101 Guerrieri, Esteban \u00a0 \u00a0 \u00a0+ 1;43,229<\/p>\n<p style=\"text-align: justify;\">35 40 \u00a0Campanera, Laureano \u00a0 \u00a0 + 1;44,143<\/p>\n<p style=\"text-align: justify;\">36 45 \u00a0De Carlo, Diego \u00a0 \u00a0 \u00a0 \u00a0 + 1;45,472<\/p>\n<p style=\"text-align: justify;\">37 20 \u00a0Altuna, Mariano \u00a0 \u00a0 \u00a0 \u00a0 &#8212;<\/p>\n<p style=\"text-align: justify;\">38 5 \u00a0 Ponce de Le\u00f3n, Gabriel \u00a0&#8212;<\/p>\n<p style=\"text-align: justify;\">39 31 \u00a0Okulovich, Carlos \u00a0 \u00a0 \u00a0 &#8212;<\/p>\n<p style=\"text-align: justify;\">40 29 \u00a0Basso, Mart\u00edn \u00a0 \u00a0 \u00a0 \u00a0 \u00a0 &#8212;<\/p>\n<p style=\"text-align: justify;\">41 61 \u00a0Ventricelli , Luciano \u00a0 &#8212;<\/p>\n<p style=\"text-align: justify;\">42 36 \u00a0Nolesi, Mathias \u00a0 \u00a0 \u00a0 \u00a0 &#8212;<\/p>\n<p style=\"text-align: justify;\">43 30 \u00a0Juan, Maximiliano \u00a0 \u00a0 \u00a0 &#8212;<\/p>\n<p style=\"text-align: justify;\">44 83 \u00a0Ardusso, Facundo \u00a0 \u00a0 \u00a0 \u00a0&#8212;<\/p>\n<p style=\"text-align: justify;\">45 37 \u00a0Di Palma, Josito \u00a0 \u00a0 \u00a0 \u00a0&#8212;<\/p>\n<p>\u00a0<\/p>\n","protected":false},"excerpt":{"rendered":"<p>Al igual que en 2011, Agust\u00edn Canapino (Chevrolet) volvi\u00f3 a la victoria en el Turismo Carretera despu\u00e9s de dos a\u00f1os<\/p>\n","protected":false},"author":1,"featured_media":0,"comment_status":"open","ping_status":"open","sticky":false,"template":"","format":"standard","meta":{"colormag_page_container_layout":"default_layout","colormag_page_sidebar_layout":"default_layout","footnotes":""},"categories":[5],"tags":[],"class_list":["post-661","post","type-post","status-publish","format-standard","hentry","category-latest-news"],"yoast_head":"<!-- This site is optimized with the Yoast SEO plugin v27.5 - https:\/\/yoast.com\/product\/yoast-seo-wordpress\/ -->\n<title>Autos del Podio | A lo Canapa<\/title>\n<meta name=\"description\" content=\"Autos del Podio\" \/>\n<meta name=\"robots\" content=\"index, follow, max-snippet:-1, max-image-preview:large, max-video-preview:-1\" \/>\n<link rel=\"canonical\" href=\"http:\/\/autosdelpodio.com\/autos\/a-lo-canapa\/\" \/>\n<meta property=\"og:locale\" content=\"es_ES\" \/>\n<meta property=\"og:type\" content=\"article\" \/>\n<meta property=\"og:title\" content=\"Autos del Podio | A lo Canapa\" \/>\n<meta property=\"og:description\" content=\"Autos del Podio\" \/>\n<meta property=\"og:url\" content=\"http:\/\/autosdelpodio.com\/autos\/a-lo-canapa\/\" \/>\n<meta property=\"og:site_name\" content=\"Autos del Podio\" \/>\n<meta property=\"article:publisher\" content=\"https:\/\/www.facebook.com\/profile.php?id=100057192590976&amp;amp%3bamp%3bamp%3bamp%3bamp%3bamp%3bamp%3bamp%3bamp%3bamp%3bamp%3bamp%3bamp%3bamp%3bamp%3bamp%3bamp%3bamp%3bref=ts\" \/>\n<meta property=\"article:published_time\" content=\"2013-02-10T17:55:51+00:00\" \/>\n<meta name=\"author\" content=\"wi022230\" \/>\n<meta name=\"twitter:card\" content=\"summary_large_image\" \/>\n<meta name=\"twitter:creator\" content=\"@autosdelpodio\" \/>\n<meta name=\"twitter:site\" content=\"@autosdelpodio\" \/>\n<meta name=\"twitter:label1\" content=\"Escrito por\" \/>\n\t<meta name=\"twitter:data1\" content=\"wi022230\" \/>\n\t<meta name=\"twitter:label2\" content=\"Tiempo de lectura\" \/>\n\t<meta name=\"twitter:data2\" content=\"1 minuto\" \/>\n<script type=\"application\/ld+json\" class=\"yoast-schema-graph\">{\"@context\":\"https:\\\/\\\/schema.org\",\"@graph\":[{\"@type\":\"Article\",\"@id\":\"http:\\\/\\\/autosdelpodio.com\\\/autos\\\/a-lo-canapa\\\/#article\",\"isPartOf\":{\"@id\":\"http:\\\/\\\/autosdelpodio.com\\\/autos\\\/a-lo-canapa\\\/\"},\"author\":{\"name\":\"wi022230\",\"@id\":\"http:\\\/\\\/autosdelpodio.com\\\/autos\\\/#\\\/schema\\\/person\\\/e88353cabf768863fdf874e30120f3ba\"},\"headline\":\"A lo Canapa\",\"datePublished\":\"2013-02-10T17:55:51+00:00\",\"mainEntityOfPage\":{\"@id\":\"http:\\\/\\\/autosdelpodio.com\\\/autos\\\/a-lo-canapa\\\/\"},\"wordCount\":265,\"commentCount\":0,\"publisher\":{\"@id\":\"http:\\\/\\\/autosdelpodio.com\\\/autos\\\/#organization\"},\"articleSection\":[\"\u00daltimas noticias\"],\"inLanguage\":\"es\",\"potentialAction\":[{\"@type\":\"CommentAction\",\"name\":\"Comment\",\"target\":[\"http:\\\/\\\/autosdelpodio.com\\\/autos\\\/a-lo-canapa\\\/#respond\"]}]},{\"@type\":\"WebPage\",\"@id\":\"http:\\\/\\\/autosdelpodio.com\\\/autos\\\/a-lo-canapa\\\/\",\"url\":\"http:\\\/\\\/autosdelpodio.com\\\/autos\\\/a-lo-canapa\\\/\",\"name\":\"Autos del Podio | A lo Canapa\",\"isPartOf\":{\"@id\":\"http:\\\/\\\/autosdelpodio.com\\\/autos\\\/#website\"},\"datePublished\":\"2013-02-10T17:55:51+00:00\",\"description\":\"Autos del Podio\",\"breadcrumb\":{\"@id\":\"http:\\\/\\\/autosdelpodio.com\\\/autos\\\/a-lo-canapa\\\/#breadcrumb\"},\"inLanguage\":\"es\",\"potentialAction\":[{\"@type\":\"ReadAction\",\"target\":[\"http:\\\/\\\/autosdelpodio.com\\\/autos\\\/a-lo-canapa\\\/\"]}]},{\"@type\":\"BreadcrumbList\",\"@id\":\"http:\\\/\\\/autosdelpodio.com\\\/autos\\\/a-lo-canapa\\\/#breadcrumb\",\"itemListElement\":[{\"@type\":\"ListItem\",\"position\":1,\"name\":\"Portada\",\"item\":\"http:\\\/\\\/autosdelpodio.com\\\/autos\\\/\"},{\"@type\":\"ListItem\",\"position\":2,\"name\":\"A lo Canapa\"}]},{\"@type\":\"WebSite\",\"@id\":\"http:\\\/\\\/autosdelpodio.com\\\/autos\\\/#website\",\"url\":\"http:\\\/\\\/autosdelpodio.com\\\/autos\\\/\",\"name\":\"Autos del Podio\",\"description\":\"La sexta del deporte motor\",\"publisher\":{\"@id\":\"http:\\\/\\\/autosdelpodio.com\\\/autos\\\/#organization\"},\"potentialAction\":[{\"@type\":\"SearchAction\",\"target\":{\"@type\":\"EntryPoint\",\"urlTemplate\":\"http:\\\/\\\/autosdelpodio.com\\\/autos\\\/?s={search_term_string}\"},\"query-input\":{\"@type\":\"PropertyValueSpecification\",\"valueRequired\":true,\"valueName\":\"search_term_string\"}}],\"inLanguage\":\"es\"},{\"@type\":\"Organization\",\"@id\":\"http:\\\/\\\/autosdelpodio.com\\\/autos\\\/#organization\",\"name\":\"Autos del Podio\",\"url\":\"http:\\\/\\\/autosdelpodio.com\\\/autos\\\/\",\"logo\":{\"@type\":\"ImageObject\",\"inLanguage\":\"es\",\"@id\":\"http:\\\/\\\/autosdelpodio.com\\\/autos\\\/#\\\/schema\\\/logo\\\/image\\\/\",\"url\":\"http:\\\/\\\/autosdelpodio.com\\\/autos\\\/wp-content\\\/uploads\\\/2020\\\/08\\\/Logo_AR.jpg\",\"contentUrl\":\"http:\\\/\\\/autosdelpodio.com\\\/autos\\\/wp-content\\\/uploads\\\/2020\\\/08\\\/Logo_AR.jpg\",\"width\":1038,\"height\":1044,\"caption\":\"Autos del Podio\"},\"image\":{\"@id\":\"http:\\\/\\\/autosdelpodio.com\\\/autos\\\/#\\\/schema\\\/logo\\\/image\\\/\"},\"sameAs\":[\"https:\\\/\\\/www.facebook.com\\\/profile.php?id=100057192590976&amp;amp;amp;amp;amp;amp;amp;amp;amp;amp;amp;amp;amp;amp;amp;amp;amp;amp;ref=ts\",\"https:\\\/\\\/x.com\\\/autosdelpodio\",\"https:\\\/\\\/www.youtube.com\\\/user\\\/AutosdelPodio\"]},{\"@type\":\"Person\",\"@id\":\"http:\\\/\\\/autosdelpodio.com\\\/autos\\\/#\\\/schema\\\/person\\\/e88353cabf768863fdf874e30120f3ba\",\"name\":\"wi022230\",\"image\":{\"@type\":\"ImageObject\",\"inLanguage\":\"es\",\"@id\":\"http:\\\/\\\/autosdelpodio.com\\\/autos\\\/wp-content\\\/litespeed\\\/avatar\\\/453fc9bdbb11d766ba4c7f14d0bd0aa9.jpg?ver=1776800006\",\"url\":\"http:\\\/\\\/autosdelpodio.com\\\/autos\\\/wp-content\\\/litespeed\\\/avatar\\\/453fc9bdbb11d766ba4c7f14d0bd0aa9.jpg?ver=1776800006\",\"contentUrl\":\"http:\\\/\\\/autosdelpodio.com\\\/autos\\\/wp-content\\\/litespeed\\\/avatar\\\/453fc9bdbb11d766ba4c7f14d0bd0aa9.jpg?ver=1776800006\",\"caption\":\"wi022230\"}}]}<\/script>\n<!-- \/ Yoast SEO plugin. -->","yoast_head_json":{"title":"Autos del Podio | A lo Canapa","description":"Autos del Podio","robots":{"index":"index","follow":"follow","max-snippet":"max-snippet:-1","max-image-preview":"max-image-preview:large","max-video-preview":"max-video-preview:-1"},"canonical":"http:\/\/autosdelpodio.com\/autos\/a-lo-canapa\/","og_locale":"es_ES","og_type":"article","og_title":"Autos del Podio | A lo Canapa","og_description":"Autos del Podio","og_url":"http:\/\/autosdelpodio.com\/autos\/a-lo-canapa\/","og_site_name":"Autos del Podio","article_publisher":"https:\/\/www.facebook.com\/profile.php?id=100057192590976&amp%3bamp%3bamp%3bamp%3bamp%3bamp%3bamp%3bamp%3bamp%3bamp%3bamp%3bamp%3bamp%3bamp%3bamp%3bamp%3bamp%3bamp%3bref=ts","article_published_time":"2013-02-10T17:55:51+00:00","author":"wi022230","twitter_card":"summary_large_image","twitter_creator":"@autosdelpodio","twitter_site":"@autosdelpodio","twitter_misc":{"Escrito por":"wi022230","Tiempo de lectura":"1 minuto"},"schema":{"@context":"https:\/\/schema.org","@graph":[{"@type":"Article","@id":"http:\/\/autosdelpodio.com\/autos\/a-lo-canapa\/#article","isPartOf":{"@id":"http:\/\/autosdelpodio.com\/autos\/a-lo-canapa\/"},"author":{"name":"wi022230","@id":"http:\/\/autosdelpodio.com\/autos\/#\/schema\/person\/e88353cabf768863fdf874e30120f3ba"},"headline":"A lo Canapa","datePublished":"2013-02-10T17:55:51+00:00","mainEntityOfPage":{"@id":"http:\/\/autosdelpodio.com\/autos\/a-lo-canapa\/"},"wordCount":265,"commentCount":0,"publisher":{"@id":"http:\/\/autosdelpodio.com\/autos\/#organization"},"articleSection":["\u00daltimas noticias"],"inLanguage":"es","potentialAction":[{"@type":"CommentAction","name":"Comment","target":["http:\/\/autosdelpodio.com\/autos\/a-lo-canapa\/#respond"]}]},{"@type":"WebPage","@id":"http:\/\/autosdelpodio.com\/autos\/a-lo-canapa\/","url":"http:\/\/autosdelpodio.com\/autos\/a-lo-canapa\/","name":"Autos del Podio | A lo Canapa","isPartOf":{"@id":"http:\/\/autosdelpodio.com\/autos\/#website"},"datePublished":"2013-02-10T17:55:51+00:00","description":"Autos del Podio","breadcrumb":{"@id":"http:\/\/autosdelpodio.com\/autos\/a-lo-canapa\/#breadcrumb"},"inLanguage":"es","potentialAction":[{"@type":"ReadAction","target":["http:\/\/autosdelpodio.com\/autos\/a-lo-canapa\/"]}]},{"@type":"BreadcrumbList","@id":"http:\/\/autosdelpodio.com\/autos\/a-lo-canapa\/#breadcrumb","itemListElement":[{"@type":"ListItem","position":1,"name":"Portada","item":"http:\/\/autosdelpodio.com\/autos\/"},{"@type":"ListItem","position":2,"name":"A lo Canapa"}]},{"@type":"WebSite","@id":"http:\/\/autosdelpodio.com\/autos\/#website","url":"http:\/\/autosdelpodio.com\/autos\/","name":"Autos del Podio","description":"La sexta del deporte motor","publisher":{"@id":"http:\/\/autosdelpodio.com\/autos\/#organization"},"potentialAction":[{"@type":"SearchAction","target":{"@type":"EntryPoint","urlTemplate":"http:\/\/autosdelpodio.com\/autos\/?s={search_term_string}"},"query-input":{"@type":"PropertyValueSpecification","valueRequired":true,"valueName":"search_term_string"}}],"inLanguage":"es"},{"@type":"Organization","@id":"http:\/\/autosdelpodio.com\/autos\/#organization","name":"Autos del Podio","url":"http:\/\/autosdelpodio.com\/autos\/","logo":{"@type":"ImageObject","inLanguage":"es","@id":"http:\/\/autosdelpodio.com\/autos\/#\/schema\/logo\/image\/","url":"http:\/\/autosdelpodio.com\/autos\/wp-content\/uploads\/2020\/08\/Logo_AR.jpg","contentUrl":"http:\/\/autosdelpodio.com\/autos\/wp-content\/uploads\/2020\/08\/Logo_AR.jpg","width":1038,"height":1044,"caption":"Autos del Podio"},"image":{"@id":"http:\/\/autosdelpodio.com\/autos\/#\/schema\/logo\/image\/"},"sameAs":["https:\/\/www.facebook.com\/profile.php?id=100057192590976&amp;amp;amp;amp;amp;amp;amp;amp;amp;amp;amp;amp;amp;amp;amp;amp;amp;amp;ref=ts","https:\/\/x.com\/autosdelpodio","https:\/\/www.youtube.com\/user\/AutosdelPodio"]},{"@type":"Person","@id":"http:\/\/autosdelpodio.com\/autos\/#\/schema\/person\/e88353cabf768863fdf874e30120f3ba","name":"wi022230","image":{"@type":"ImageObject","inLanguage":"es","@id":"http:\/\/autosdelpodio.com\/autos\/wp-content\/litespeed\/avatar\/453fc9bdbb11d766ba4c7f14d0bd0aa9.jpg?ver=1776800006","url":"http:\/\/autosdelpodio.com\/autos\/wp-content\/litespeed\/avatar\/453fc9bdbb11d766ba4c7f14d0bd0aa9.jpg?ver=1776800006","contentUrl":"http:\/\/autosdelpodio.com\/autos\/wp-content\/litespeed\/avatar\/453fc9bdbb11d766ba4c7f14d0bd0aa9.jpg?ver=1776800006","caption":"wi022230"}}]}},"views":888,"_links":{"self":[{"href":"http:\/\/autosdelpodio.com\/autos\/wp-json\/wp\/v2\/posts\/661","targetHints":{"allow":["GET"]}}],"collection":[{"href":"http:\/\/autosdelpodio.com\/autos\/wp-json\/wp\/v2\/posts"}],"about":[{"href":"http:\/\/autosdelpodio.com\/autos\/wp-json\/wp\/v2\/types\/post"}],"author":[{"embeddable":true,"href":"http:\/\/autosdelpodio.com\/autos\/wp-json\/wp\/v2\/users\/1"}],"replies":[{"embeddable":true,"href":"http:\/\/autosdelpodio.com\/autos\/wp-json\/wp\/v2\/comments?post=661"}],"version-history":[{"count":0,"href":"http:\/\/autosdelpodio.com\/autos\/wp-json\/wp\/v2\/posts\/661\/revisions"}],"wp:attachment":[{"href":"http:\/\/autosdelpodio.com\/autos\/wp-json\/wp\/v2\/media?parent=661"}],"wp:term":[{"taxonomy":"category","embeddable":true,"href":"http:\/\/autosdelpodio.com\/autos\/wp-json\/wp\/v2\/categories?post=661"},{"taxonomy":"post_tag","embeddable":true,"href":"http:\/\/autosdelpodio.com\/autos\/wp-json\/wp\/v2\/tags?post=661"}],"curies":[{"name":"wp","href":"https:\/\/api.w.org\/{rel}","templated":true}]}}