{"id":662,"date":"2013-02-11T02:34:01","date_gmt":"2013-02-11T02:34:01","guid":{"rendered":"http:\/\/autosdelpodio.com\/autos\/2013\/02\/11\/el-cronograma-de-actividades-de-la-21d-fiesta-nacional-del-automovilismo-balcarce-2013\/"},"modified":"2013-02-11T02:34:01","modified_gmt":"2013-02-11T02:34:01","slug":"el-cronograma-de-actividades-de-la-21d-fiesta-nacional-del-automovilismo-balcarce-2013","status":"publish","type":"post","link":"http:\/\/autosdelpodio.com\/autos\/el-cronograma-de-actividades-de-la-21d-fiesta-nacional-del-automovilismo-balcarce-2013\/","title":{"rendered":"El cronograma de actividades de la 21\u00b0 Fiesta Nacional del Automovilismo Balcarce 2013"},"content":{"rendered":"<p><span style=\"line-height: 1.3em;\">Mi\u00e9rcoles 13 de Febrero: Carrera de los Museos. Acto de Inauguraci\u00f3n. Presentaci\u00f3n de cascos art\u00edsticos. Apertura de muestra fotogr\u00e1fica. Muestra pict\u00f3rica.\u201dFangio\u201d. Copa de honor.<\/span><\/p>\n<p>Jueves 14 de Febrero: Inauguraci\u00f3n Tour por los talleres mec\u00e1nicos de la ciudad. Showroom de concesionarios locales. Apertura de actividades en el aut\u00f3dromo Juan Manuel Fangio. Inicio de actividades en el kart\u00f3dromo. Exposici\u00f3n de artesanos. Muestra de autos. Entrega de premios Juan Manuel Bordeu en el museo Fangio. Proyecci\u00f3n del film documental \u201cLa Caracas\u201d<\/p>\n<p>  <!--more-->  <\/p>\n<p><span style=\"text-align: justify; line-height: 1.3em;\">Viernes 15 de Febrero: Muestra de autos de las categor\u00edas zonales. Presentaci\u00f3n campeonato ACVB en pantalla gigante. Showroom del Campe\u00f3n Nacional de Rally Federico Villagra. Show musical con bandas locales.<\/span><\/p>\n<p style=\"text-align: justify;\">S\u00e1bado 16 de Febrero: Arribo de Autos Sports de la 1\u00b0 Vuelta \u201cJuan Manuel Bordeu\u201dTour de autos de competici\u00f3n y Cupecitas antiguas. Carrera M\u00e1ster de pilotos en kart\u00f3dromo..Show musical en Cerro el Triunfo. Elecci\u00f3n de la Reina de la 21\u00b0 Fiesta Nacional del Automovilismo.<\/p>\n<p style=\"text-align: justify;\">Domingo 17 de Febrero: Carrera de Regularidad de autos Baquet circuito La Chata. 1\u00b0 Vuelta \u201c Juan Manuel Bordeu\u201d de Autos Sports y Cupecitas Acta.. Encuentro Multimarca .Desfile simb\u00f3lico por las calles de Balcarce. Cierre de la Fiesta con Show musical de bandas locales.<\/p>\n<p style=\"text-align: justify;\">Martes 12 de Febrero: Caravana de Autos antiguos y Hot road por las calles de Mar del Plata.<\/p>\n<p>\u00a0<\/p>\n<p>Informes: www.fiestadelautomovilismo.com.ar<\/p>\n<p>\u00a0<\/p>\n","protected":false},"excerpt":{"rendered":"<p>Mi\u00e9rcoles 13 de Febrero: Carrera de los Museos. Acto de Inauguraci\u00f3n. Presentaci\u00f3n de cascos art\u00edsticos. Apertura de muestra fotogr\u00e1fica. Muestra<\/p>\n","protected":false},"author":1,"featured_media":0,"comment_status":"open","ping_status":"open","sticky":false,"template":"","format":"standard","meta":{"colormag_page_container_layout":"default_layout","colormag_page_sidebar_layout":"default_layout","footnotes":""},"categories":[5],"tags":[],"class_list":["post-662","post","type-post","status-publish","format-standard","hentry","category-latest-news"],"yoast_head":"<!-- This site is optimized with the Yoast SEO plugin v27.5 - https:\/\/yoast.com\/product\/yoast-seo-wordpress\/ -->\n<title>Autos del Podio | El cronograma de actividades de la 21\u00b0 Fiesta Nacional del Automovilismo Balcarce 2013<\/title>\n<meta name=\"description\" content=\"Autos del Podio\" \/>\n<meta name=\"robots\" content=\"index, follow, max-snippet:-1, max-image-preview:large, max-video-preview:-1\" \/>\n<link rel=\"canonical\" href=\"http:\/\/autosdelpodio.com\/autos\/el-cronograma-de-actividades-de-la-21d-fiesta-nacional-del-automovilismo-balcarce-2013\/\" \/>\n<meta property=\"og:locale\" content=\"es_ES\" \/>\n<meta property=\"og:type\" content=\"article\" \/>\n<meta property=\"og:title\" content=\"Autos del Podio | El cronograma de actividades de la 21\u00b0 Fiesta Nacional del Automovilismo Balcarce 2013\" \/>\n<meta property=\"og:description\" content=\"Autos del Podio\" \/>\n<meta property=\"og:url\" content=\"http:\/\/autosdelpodio.com\/autos\/el-cronograma-de-actividades-de-la-21d-fiesta-nacional-del-automovilismo-balcarce-2013\/\" \/>\n<meta property=\"og:site_name\" content=\"Autos del Podio\" \/>\n<meta property=\"article:publisher\" content=\"https:\/\/www.facebook.com\/profile.php?id=100057192590976&amp;amp%3bamp%3bamp%3bamp%3bamp%3bamp%3bamp%3bamp%3bamp%3bamp%3bamp%3bamp%3bamp%3bamp%3bamp%3bamp%3bamp%3bamp%3bref=ts\" \/>\n<meta property=\"article:published_time\" content=\"2013-02-11T02:34:01+00:00\" \/>\n<meta name=\"author\" content=\"wi022230\" \/>\n<meta name=\"twitter:card\" content=\"summary_large_image\" \/>\n<meta name=\"twitter:creator\" content=\"@autosdelpodio\" \/>\n<meta name=\"twitter:site\" content=\"@autosdelpodio\" \/>\n<meta name=\"twitter:label1\" content=\"Escrito por\" \/>\n\t<meta name=\"twitter:data1\" content=\"wi022230\" \/>\n\t<meta name=\"twitter:label2\" content=\"Tiempo de lectura\" \/>\n\t<meta name=\"twitter:data2\" content=\"1 minuto\" \/>\n<script type=\"application\/ld+json\" class=\"yoast-schema-graph\">{\"@context\":\"https:\\\/\\\/schema.org\",\"@graph\":[{\"@type\":\"Article\",\"@id\":\"http:\\\/\\\/autosdelpodio.com\\\/autos\\\/el-cronograma-de-actividades-de-la-21d-fiesta-nacional-del-automovilismo-balcarce-2013\\\/#article\",\"isPartOf\":{\"@id\":\"http:\\\/\\\/autosdelpodio.com\\\/autos\\\/el-cronograma-de-actividades-de-la-21d-fiesta-nacional-del-automovilismo-balcarce-2013\\\/\"},\"author\":{\"name\":\"wi022230\",\"@id\":\"http:\\\/\\\/autosdelpodio.com\\\/autos\\\/#\\\/schema\\\/person\\\/e88353cabf768863fdf874e30120f3ba\"},\"headline\":\"El cronograma de actividades de la 21\u00b0 Fiesta Nacional del Automovilismo Balcarce 2013\",\"datePublished\":\"2013-02-11T02:34:01+00:00\",\"mainEntityOfPage\":{\"@id\":\"http:\\\/\\\/autosdelpodio.com\\\/autos\\\/el-cronograma-de-actividades-de-la-21d-fiesta-nacional-del-automovilismo-balcarce-2013\\\/\"},\"wordCount\":244,\"commentCount\":0,\"publisher\":{\"@id\":\"http:\\\/\\\/autosdelpodio.com\\\/autos\\\/#organization\"},\"articleSection\":[\"\u00daltimas noticias\"],\"inLanguage\":\"es\",\"potentialAction\":[{\"@type\":\"CommentAction\",\"name\":\"Comment\",\"target\":[\"http:\\\/\\\/autosdelpodio.com\\\/autos\\\/el-cronograma-de-actividades-de-la-21d-fiesta-nacional-del-automovilismo-balcarce-2013\\\/#respond\"]}]},{\"@type\":\"WebPage\",\"@id\":\"http:\\\/\\\/autosdelpodio.com\\\/autos\\\/el-cronograma-de-actividades-de-la-21d-fiesta-nacional-del-automovilismo-balcarce-2013\\\/\",\"url\":\"http:\\\/\\\/autosdelpodio.com\\\/autos\\\/el-cronograma-de-actividades-de-la-21d-fiesta-nacional-del-automovilismo-balcarce-2013\\\/\",\"name\":\"Autos del Podio | El cronograma de actividades de la 21\u00b0 Fiesta Nacional del Automovilismo Balcarce 2013\",\"isPartOf\":{\"@id\":\"http:\\\/\\\/autosdelpodio.com\\\/autos\\\/#website\"},\"datePublished\":\"2013-02-11T02:34:01+00:00\",\"description\":\"Autos del Podio\",\"breadcrumb\":{\"@id\":\"http:\\\/\\\/autosdelpodio.com\\\/autos\\\/el-cronograma-de-actividades-de-la-21d-fiesta-nacional-del-automovilismo-balcarce-2013\\\/#breadcrumb\"},\"inLanguage\":\"es\",\"potentialAction\":[{\"@type\":\"ReadAction\",\"target\":[\"http:\\\/\\\/autosdelpodio.com\\\/autos\\\/el-cronograma-de-actividades-de-la-21d-fiesta-nacional-del-automovilismo-balcarce-2013\\\/\"]}]},{\"@type\":\"BreadcrumbList\",\"@id\":\"http:\\\/\\\/autosdelpodio.com\\\/autos\\\/el-cronograma-de-actividades-de-la-21d-fiesta-nacional-del-automovilismo-balcarce-2013\\\/#breadcrumb\",\"itemListElement\":[{\"@type\":\"ListItem\",\"position\":1,\"name\":\"Portada\",\"item\":\"http:\\\/\\\/autosdelpodio.com\\\/autos\\\/\"},{\"@type\":\"ListItem\",\"position\":2,\"name\":\"El cronograma de actividades de la 21\u00b0 Fiesta Nacional del Automovilismo Balcarce 2013\"}]},{\"@type\":\"WebSite\",\"@id\":\"http:\\\/\\\/autosdelpodio.com\\\/autos\\\/#website\",\"url\":\"http:\\\/\\\/autosdelpodio.com\\\/autos\\\/\",\"name\":\"Autos del Podio\",\"description\":\"La sexta del deporte motor\",\"publisher\":{\"@id\":\"http:\\\/\\\/autosdelpodio.com\\\/autos\\\/#organization\"},\"potentialAction\":[{\"@type\":\"SearchAction\",\"target\":{\"@type\":\"EntryPoint\",\"urlTemplate\":\"http:\\\/\\\/autosdelpodio.com\\\/autos\\\/?s={search_term_string}\"},\"query-input\":{\"@type\":\"PropertyValueSpecification\",\"valueRequired\":true,\"valueName\":\"search_term_string\"}}],\"inLanguage\":\"es\"},{\"@type\":\"Organization\",\"@id\":\"http:\\\/\\\/autosdelpodio.com\\\/autos\\\/#organization\",\"name\":\"Autos del Podio\",\"url\":\"http:\\\/\\\/autosdelpodio.com\\\/autos\\\/\",\"logo\":{\"@type\":\"ImageObject\",\"inLanguage\":\"es\",\"@id\":\"http:\\\/\\\/autosdelpodio.com\\\/autos\\\/#\\\/schema\\\/logo\\\/image\\\/\",\"url\":\"http:\\\/\\\/autosdelpodio.com\\\/autos\\\/wp-content\\\/uploads\\\/2020\\\/08\\\/Logo_AR.jpg\",\"contentUrl\":\"http:\\\/\\\/autosdelpodio.com\\\/autos\\\/wp-content\\\/uploads\\\/2020\\\/08\\\/Logo_AR.jpg\",\"width\":1038,\"height\":1044,\"caption\":\"Autos del Podio\"},\"image\":{\"@id\":\"http:\\\/\\\/autosdelpodio.com\\\/autos\\\/#\\\/schema\\\/logo\\\/image\\\/\"},\"sameAs\":[\"https:\\\/\\\/www.facebook.com\\\/profile.php?id=100057192590976&amp;amp;amp;amp;amp;amp;amp;amp;amp;amp;amp;amp;amp;amp;amp;amp;amp;amp;ref=ts\",\"https:\\\/\\\/x.com\\\/autosdelpodio\",\"https:\\\/\\\/www.youtube.com\\\/user\\\/AutosdelPodio\"]},{\"@type\":\"Person\",\"@id\":\"http:\\\/\\\/autosdelpodio.com\\\/autos\\\/#\\\/schema\\\/person\\\/e88353cabf768863fdf874e30120f3ba\",\"name\":\"wi022230\",\"image\":{\"@type\":\"ImageObject\",\"inLanguage\":\"es\",\"@id\":\"http:\\\/\\\/autosdelpodio.com\\\/autos\\\/wp-content\\\/litespeed\\\/avatar\\\/453fc9bdbb11d766ba4c7f14d0bd0aa9.jpg?ver=1776800006\",\"url\":\"http:\\\/\\\/autosdelpodio.com\\\/autos\\\/wp-content\\\/litespeed\\\/avatar\\\/453fc9bdbb11d766ba4c7f14d0bd0aa9.jpg?ver=1776800006\",\"contentUrl\":\"http:\\\/\\\/autosdelpodio.com\\\/autos\\\/wp-content\\\/litespeed\\\/avatar\\\/453fc9bdbb11d766ba4c7f14d0bd0aa9.jpg?ver=1776800006\",\"caption\":\"wi022230\"}}]}<\/script>\n<!-- \/ Yoast SEO plugin. -->","yoast_head_json":{"title":"Autos del Podio | El cronograma de actividades de la 21\u00b0 Fiesta Nacional del Automovilismo Balcarce 2013","description":"Autos del Podio","robots":{"index":"index","follow":"follow","max-snippet":"max-snippet:-1","max-image-preview":"max-image-preview:large","max-video-preview":"max-video-preview:-1"},"canonical":"http:\/\/autosdelpodio.com\/autos\/el-cronograma-de-actividades-de-la-21d-fiesta-nacional-del-automovilismo-balcarce-2013\/","og_locale":"es_ES","og_type":"article","og_title":"Autos del Podio | El cronograma de actividades de la 21\u00b0 Fiesta Nacional del Automovilismo Balcarce 2013","og_description":"Autos del Podio","og_url":"http:\/\/autosdelpodio.com\/autos\/el-cronograma-de-actividades-de-la-21d-fiesta-nacional-del-automovilismo-balcarce-2013\/","og_site_name":"Autos del Podio","article_publisher":"https:\/\/www.facebook.com\/profile.php?id=100057192590976&amp%3bamp%3bamp%3bamp%3bamp%3bamp%3bamp%3bamp%3bamp%3bamp%3bamp%3bamp%3bamp%3bamp%3bamp%3bamp%3bamp%3bamp%3bref=ts","article_published_time":"2013-02-11T02:34:01+00:00","author":"wi022230","twitter_card":"summary_large_image","twitter_creator":"@autosdelpodio","twitter_site":"@autosdelpodio","twitter_misc":{"Escrito por":"wi022230","Tiempo de lectura":"1 minuto"},"schema":{"@context":"https:\/\/schema.org","@graph":[{"@type":"Article","@id":"http:\/\/autosdelpodio.com\/autos\/el-cronograma-de-actividades-de-la-21d-fiesta-nacional-del-automovilismo-balcarce-2013\/#article","isPartOf":{"@id":"http:\/\/autosdelpodio.com\/autos\/el-cronograma-de-actividades-de-la-21d-fiesta-nacional-del-automovilismo-balcarce-2013\/"},"author":{"name":"wi022230","@id":"http:\/\/autosdelpodio.com\/autos\/#\/schema\/person\/e88353cabf768863fdf874e30120f3ba"},"headline":"El cronograma de actividades de la 21\u00b0 Fiesta Nacional del Automovilismo Balcarce 2013","datePublished":"2013-02-11T02:34:01+00:00","mainEntityOfPage":{"@id":"http:\/\/autosdelpodio.com\/autos\/el-cronograma-de-actividades-de-la-21d-fiesta-nacional-del-automovilismo-balcarce-2013\/"},"wordCount":244,"commentCount":0,"publisher":{"@id":"http:\/\/autosdelpodio.com\/autos\/#organization"},"articleSection":["\u00daltimas noticias"],"inLanguage":"es","potentialAction":[{"@type":"CommentAction","name":"Comment","target":["http:\/\/autosdelpodio.com\/autos\/el-cronograma-de-actividades-de-la-21d-fiesta-nacional-del-automovilismo-balcarce-2013\/#respond"]}]},{"@type":"WebPage","@id":"http:\/\/autosdelpodio.com\/autos\/el-cronograma-de-actividades-de-la-21d-fiesta-nacional-del-automovilismo-balcarce-2013\/","url":"http:\/\/autosdelpodio.com\/autos\/el-cronograma-de-actividades-de-la-21d-fiesta-nacional-del-automovilismo-balcarce-2013\/","name":"Autos del Podio | El cronograma de actividades de la 21\u00b0 Fiesta Nacional del Automovilismo Balcarce 2013","isPartOf":{"@id":"http:\/\/autosdelpodio.com\/autos\/#website"},"datePublished":"2013-02-11T02:34:01+00:00","description":"Autos del Podio","breadcrumb":{"@id":"http:\/\/autosdelpodio.com\/autos\/el-cronograma-de-actividades-de-la-21d-fiesta-nacional-del-automovilismo-balcarce-2013\/#breadcrumb"},"inLanguage":"es","potentialAction":[{"@type":"ReadAction","target":["http:\/\/autosdelpodio.com\/autos\/el-cronograma-de-actividades-de-la-21d-fiesta-nacional-del-automovilismo-balcarce-2013\/"]}]},{"@type":"BreadcrumbList","@id":"http:\/\/autosdelpodio.com\/autos\/el-cronograma-de-actividades-de-la-21d-fiesta-nacional-del-automovilismo-balcarce-2013\/#breadcrumb","itemListElement":[{"@type":"ListItem","position":1,"name":"Portada","item":"http:\/\/autosdelpodio.com\/autos\/"},{"@type":"ListItem","position":2,"name":"El cronograma de actividades de la 21\u00b0 Fiesta Nacional del Automovilismo Balcarce 2013"}]},{"@type":"WebSite","@id":"http:\/\/autosdelpodio.com\/autos\/#website","url":"http:\/\/autosdelpodio.com\/autos\/","name":"Autos del Podio","description":"La sexta del deporte motor","publisher":{"@id":"http:\/\/autosdelpodio.com\/autos\/#organization"},"potentialAction":[{"@type":"SearchAction","target":{"@type":"EntryPoint","urlTemplate":"http:\/\/autosdelpodio.com\/autos\/?s={search_term_string}"},"query-input":{"@type":"PropertyValueSpecification","valueRequired":true,"valueName":"search_term_string"}}],"inLanguage":"es"},{"@type":"Organization","@id":"http:\/\/autosdelpodio.com\/autos\/#organization","name":"Autos del Podio","url":"http:\/\/autosdelpodio.com\/autos\/","logo":{"@type":"ImageObject","inLanguage":"es","@id":"http:\/\/autosdelpodio.com\/autos\/#\/schema\/logo\/image\/","url":"http:\/\/autosdelpodio.com\/autos\/wp-content\/uploads\/2020\/08\/Logo_AR.jpg","contentUrl":"http:\/\/autosdelpodio.com\/autos\/wp-content\/uploads\/2020\/08\/Logo_AR.jpg","width":1038,"height":1044,"caption":"Autos del Podio"},"image":{"@id":"http:\/\/autosdelpodio.com\/autos\/#\/schema\/logo\/image\/"},"sameAs":["https:\/\/www.facebook.com\/profile.php?id=100057192590976&amp;amp;amp;amp;amp;amp;amp;amp;amp;amp;amp;amp;amp;amp;amp;amp;amp;amp;ref=ts","https:\/\/x.com\/autosdelpodio","https:\/\/www.youtube.com\/user\/AutosdelPodio"]},{"@type":"Person","@id":"http:\/\/autosdelpodio.com\/autos\/#\/schema\/person\/e88353cabf768863fdf874e30120f3ba","name":"wi022230","image":{"@type":"ImageObject","inLanguage":"es","@id":"http:\/\/autosdelpodio.com\/autos\/wp-content\/litespeed\/avatar\/453fc9bdbb11d766ba4c7f14d0bd0aa9.jpg?ver=1776800006","url":"http:\/\/autosdelpodio.com\/autos\/wp-content\/litespeed\/avatar\/453fc9bdbb11d766ba4c7f14d0bd0aa9.jpg?ver=1776800006","contentUrl":"http:\/\/autosdelpodio.com\/autos\/wp-content\/litespeed\/avatar\/453fc9bdbb11d766ba4c7f14d0bd0aa9.jpg?ver=1776800006","caption":"wi022230"}}]}},"views":464,"_links":{"self":[{"href":"http:\/\/autosdelpodio.com\/autos\/wp-json\/wp\/v2\/posts\/662","targetHints":{"allow":["GET"]}}],"collection":[{"href":"http:\/\/autosdelpodio.com\/autos\/wp-json\/wp\/v2\/posts"}],"about":[{"href":"http:\/\/autosdelpodio.com\/autos\/wp-json\/wp\/v2\/types\/post"}],"author":[{"embeddable":true,"href":"http:\/\/autosdelpodio.com\/autos\/wp-json\/wp\/v2\/users\/1"}],"replies":[{"embeddable":true,"href":"http:\/\/autosdelpodio.com\/autos\/wp-json\/wp\/v2\/comments?post=662"}],"version-history":[{"count":0,"href":"http:\/\/autosdelpodio.com\/autos\/wp-json\/wp\/v2\/posts\/662\/revisions"}],"wp:attachment":[{"href":"http:\/\/autosdelpodio.com\/autos\/wp-json\/wp\/v2\/media?parent=662"}],"wp:term":[{"taxonomy":"category","embeddable":true,"href":"http:\/\/autosdelpodio.com\/autos\/wp-json\/wp\/v2\/categories?post=662"},{"taxonomy":"post_tag","embeddable":true,"href":"http:\/\/autosdelpodio.com\/autos\/wp-json\/wp\/v2\/tags?post=662"}],"curies":[{"name":"wp","href":"https:\/\/api.w.org\/{rel}","templated":true}]}}