{"id":6665,"date":"2023-02-20T15:34:38","date_gmt":"2023-02-20T18:34:38","guid":{"rendered":"http:\/\/autosdelpodio.com\/autos\/?p=6665"},"modified":"2023-02-21T19:50:34","modified_gmt":"2023-02-21T22:50:34","slug":"chery-fabricara-autos-electricos-en-argentina","status":"publish","type":"post","link":"http:\/\/autosdelpodio.com\/autos\/chery-fabricara-autos-electricos-en-argentina\/","title":{"rendered":"Chery fabricar\u00e1 autos el\u00e9ctricos en Argentina"},"content":{"rendered":"\n<p>La agencia estatal Telam anunci\u00f3 que la automotriz china construir\u00e1 una planta industrial en el pa\u00eds para producir autos el\u00e9ctricos. Estar\u00e1 operativa a partir de 2030 y fabricar\u00e1 100.000 veh\u00edculos por a\u00f1o.<br>En el cable vertido por la agencia de noticias nacional se destaca que la automotriz china Chery anunci\u00f3 que invertir\u00e1 US$ 400 millones en Argentina para establecer una planta de producci\u00f3n local de 100.000 veh\u00edculos el\u00e9ctricos anuales, que generar\u00e1 6.000 empleos directos en el marco del proceso de industrializaci\u00f3n del litio.<br>El anuncio se hizo luego de la reuni\u00f3n mantenida el mi\u00e9rcoles en la ciudad de Wuhu entre el vicepresidente de Chery Internacional, Zhang Shenghan; el secretario de Industria, Jos\u00e9 de Mendiguren, y el embajador argentino en China, Sabino Vaca Narvaja.<br>El objetivo de la compa\u00f1\u00eda para fines de 2030 es fabricar 100.000 veh\u00edculos por a\u00f1o en la Argentina, en una planta que generar\u00e1 6.000 puestos de trabajo directos de alta calificaci\u00f3n.<br>De esta manera, junto con la actual planta de Chery en Brasil, se cubrir\u00e1n por completo los mercados de Am\u00e9rica Latina.<\/p>\n","protected":false},"excerpt":{"rendered":"<p>La agencia estatal Telam anunci\u00f3 que la automotriz china construir\u00e1 una planta industrial en el pa\u00eds para producir autos el\u00e9ctricos.<\/p>\n","protected":false},"author":3,"featured_media":6667,"comment_status":"open","ping_status":"open","sticky":false,"template":"","format":"standard","meta":{"colormag_page_container_layout":"default_layout","colormag_page_sidebar_layout":"default_layout","footnotes":""},"categories":[6,5],"tags":[60,742,743,32,208,35],"class_list":["post-6665","post","type-post","status-publish","format-standard","has-post-thumbnail","hentry","category-newsflash","category-latest-news","tag-autos-electricos","tag-chery","tag-china","tag-industria-automotriz","tag-produccion","tag-republica-argentina"],"yoast_head":"<!-- This site is optimized with the Yoast SEO plugin v27.4 - https:\/\/yoast.com\/product\/yoast-seo-wordpress\/ -->\n<title>Autos del Podio | Chery fabricar\u00e1 autos el\u00e9ctricos en Argentina<\/title>\n<meta name=\"description\" content=\"Autos del Podio En Argentina, las ventas de veh\u00edculos h\u00edbridos y el\u00e9ctricos durante 2022 alcanzaron las 7.848 unidades patentadas.\" \/>\n<meta name=\"robots\" content=\"index, follow, max-snippet:-1, max-image-preview:large, max-video-preview:-1\" \/>\n<link rel=\"canonical\" href=\"http:\/\/autosdelpodio.com\/autos\/chery-fabricara-autos-electricos-en-argentina\/\" \/>\n<meta property=\"og:locale\" content=\"es_ES\" \/>\n<meta property=\"og:type\" content=\"article\" \/>\n<meta property=\"og:title\" content=\"Autos del Podio | Chery fabricar\u00e1 autos el\u00e9ctricos en Argentina\" \/>\n<meta property=\"og:description\" content=\"Autos del Podio En Argentina, las ventas de veh\u00edculos h\u00edbridos y el\u00e9ctricos durante 2022 alcanzaron las 7.848 unidades patentadas.\" \/>\n<meta property=\"og:url\" content=\"http:\/\/autosdelpodio.com\/autos\/chery-fabricara-autos-electricos-en-argentina\/\" \/>\n<meta property=\"og:site_name\" content=\"Autos del Podio\" \/>\n<meta property=\"article:publisher\" content=\"https:\/\/www.facebook.com\/profile.php?id=100057192590976&amp;amp%3bamp%3bamp%3bamp%3bamp%3bamp%3bamp%3bamp%3bamp%3bamp%3bamp%3bamp%3bamp%3bamp%3bamp%3bamp%3bamp%3bamp%3bref=ts\" \/>\n<meta property=\"article:published_time\" content=\"2023-02-20T18:34:38+00:00\" \/>\n<meta property=\"article:modified_time\" content=\"2023-02-21T22:50:34+00:00\" \/>\n<meta property=\"og:image\" content=\"http:\/\/autosdelpodio.com\/autos\/wp-content\/uploads\/2023\/02\/Logo_Chery.jpg\" \/>\n\t<meta property=\"og:image:width\" content=\"500\" \/>\n\t<meta property=\"og:image:height\" content=\"250\" \/>\n\t<meta property=\"og:image:type\" content=\"image\/jpeg\" \/>\n<meta name=\"author\" content=\"autosdelpodio\" \/>\n<meta name=\"twitter:card\" content=\"summary_large_image\" \/>\n<meta name=\"twitter:creator\" content=\"@autosdelpodio\" \/>\n<meta name=\"twitter:site\" content=\"@autosdelpodio\" \/>\n<meta name=\"twitter:label1\" content=\"Escrito por\" \/>\n\t<meta name=\"twitter:data1\" content=\"autosdelpodio\" \/>\n\t<meta name=\"twitter:label2\" content=\"Tiempo de lectura\" \/>\n\t<meta name=\"twitter:data2\" content=\"1 minuto\" \/>\n<script type=\"application\/ld+json\" class=\"yoast-schema-graph\">{\"@context\":\"https:\\\/\\\/schema.org\",\"@graph\":[{\"@type\":\"Article\",\"@id\":\"http:\\\/\\\/autosdelpodio.com\\\/autos\\\/chery-fabricara-autos-electricos-en-argentina\\\/#article\",\"isPartOf\":{\"@id\":\"http:\\\/\\\/autosdelpodio.com\\\/autos\\\/chery-fabricara-autos-electricos-en-argentina\\\/\"},\"author\":{\"name\":\"autosdelpodio\",\"@id\":\"http:\\\/\\\/autosdelpodio.com\\\/autos\\\/#\\\/schema\\\/person\\\/993527a4d01c3acdd3d6bce3770bc942\"},\"headline\":\"Chery fabricar\u00e1 autos el\u00e9ctricos en Argentina\",\"datePublished\":\"2023-02-20T18:34:38+00:00\",\"dateModified\":\"2023-02-21T22:50:34+00:00\",\"mainEntityOfPage\":{\"@id\":\"http:\\\/\\\/autosdelpodio.com\\\/autos\\\/chery-fabricara-autos-electricos-en-argentina\\\/\"},\"wordCount\":190,\"commentCount\":0,\"publisher\":{\"@id\":\"http:\\\/\\\/autosdelpodio.com\\\/autos\\\/#organization\"},\"image\":{\"@id\":\"http:\\\/\\\/autosdelpodio.com\\\/autos\\\/chery-fabricara-autos-electricos-en-argentina\\\/#primaryimage\"},\"thumbnailUrl\":\"http:\\\/\\\/autosdelpodio.com\\\/autos\\\/wp-content\\\/uploads\\\/2023\\\/02\\\/Logo_Chery.jpg\",\"keywords\":[\"Autos electricos\",\"Chery\",\"China\",\"Industria Automotriz\",\"Producci\u00f3n\",\"Republica Argentina\"],\"articleSection\":[\"Destacado\",\"\u00daltimas noticias\"],\"inLanguage\":\"es\",\"potentialAction\":[{\"@type\":\"CommentAction\",\"name\":\"Comment\",\"target\":[\"http:\\\/\\\/autosdelpodio.com\\\/autos\\\/chery-fabricara-autos-electricos-en-argentina\\\/#respond\"]}]},{\"@type\":\"WebPage\",\"@id\":\"http:\\\/\\\/autosdelpodio.com\\\/autos\\\/chery-fabricara-autos-electricos-en-argentina\\\/\",\"url\":\"http:\\\/\\\/autosdelpodio.com\\\/autos\\\/chery-fabricara-autos-electricos-en-argentina\\\/\",\"name\":\"Autos del Podio | Chery fabricar\u00e1 autos el\u00e9ctricos en Argentina\",\"isPartOf\":{\"@id\":\"http:\\\/\\\/autosdelpodio.com\\\/autos\\\/#website\"},\"primaryImageOfPage\":{\"@id\":\"http:\\\/\\\/autosdelpodio.com\\\/autos\\\/chery-fabricara-autos-electricos-en-argentina\\\/#primaryimage\"},\"image\":{\"@id\":\"http:\\\/\\\/autosdelpodio.com\\\/autos\\\/chery-fabricara-autos-electricos-en-argentina\\\/#primaryimage\"},\"thumbnailUrl\":\"http:\\\/\\\/autosdelpodio.com\\\/autos\\\/wp-content\\\/uploads\\\/2023\\\/02\\\/Logo_Chery.jpg\",\"datePublished\":\"2023-02-20T18:34:38+00:00\",\"dateModified\":\"2023-02-21T22:50:34+00:00\",\"description\":\"Autos del Podio En Argentina, las ventas de veh\u00edculos h\u00edbridos y el\u00e9ctricos durante 2022 alcanzaron las 7.848 unidades patentadas.\",\"breadcrumb\":{\"@id\":\"http:\\\/\\\/autosdelpodio.com\\\/autos\\\/chery-fabricara-autos-electricos-en-argentina\\\/#breadcrumb\"},\"inLanguage\":\"es\",\"potentialAction\":[{\"@type\":\"ReadAction\",\"target\":[\"http:\\\/\\\/autosdelpodio.com\\\/autos\\\/chery-fabricara-autos-electricos-en-argentina\\\/\"]}]},{\"@type\":\"ImageObject\",\"inLanguage\":\"es\",\"@id\":\"http:\\\/\\\/autosdelpodio.com\\\/autos\\\/chery-fabricara-autos-electricos-en-argentina\\\/#primaryimage\",\"url\":\"http:\\\/\\\/autosdelpodio.com\\\/autos\\\/wp-content\\\/uploads\\\/2023\\\/02\\\/Logo_Chery.jpg\",\"contentUrl\":\"http:\\\/\\\/autosdelpodio.com\\\/autos\\\/wp-content\\\/uploads\\\/2023\\\/02\\\/Logo_Chery.jpg\",\"width\":500,\"height\":250},{\"@type\":\"BreadcrumbList\",\"@id\":\"http:\\\/\\\/autosdelpodio.com\\\/autos\\\/chery-fabricara-autos-electricos-en-argentina\\\/#breadcrumb\",\"itemListElement\":[{\"@type\":\"ListItem\",\"position\":1,\"name\":\"Portada\",\"item\":\"http:\\\/\\\/autosdelpodio.com\\\/autos\\\/\"},{\"@type\":\"ListItem\",\"position\":2,\"name\":\"Chery fabricar\u00e1 autos el\u00e9ctricos en Argentina\"}]},{\"@type\":\"WebSite\",\"@id\":\"http:\\\/\\\/autosdelpodio.com\\\/autos\\\/#website\",\"url\":\"http:\\\/\\\/autosdelpodio.com\\\/autos\\\/\",\"name\":\"Autos del Podio\",\"description\":\"La sexta del deporte motor\",\"publisher\":{\"@id\":\"http:\\\/\\\/autosdelpodio.com\\\/autos\\\/#organization\"},\"potentialAction\":[{\"@type\":\"SearchAction\",\"target\":{\"@type\":\"EntryPoint\",\"urlTemplate\":\"http:\\\/\\\/autosdelpodio.com\\\/autos\\\/?s={search_term_string}\"},\"query-input\":{\"@type\":\"PropertyValueSpecification\",\"valueRequired\":true,\"valueName\":\"search_term_string\"}}],\"inLanguage\":\"es\"},{\"@type\":\"Organization\",\"@id\":\"http:\\\/\\\/autosdelpodio.com\\\/autos\\\/#organization\",\"name\":\"Autos del Podio\",\"url\":\"http:\\\/\\\/autosdelpodio.com\\\/autos\\\/\",\"logo\":{\"@type\":\"ImageObject\",\"inLanguage\":\"es\",\"@id\":\"http:\\\/\\\/autosdelpodio.com\\\/autos\\\/#\\\/schema\\\/logo\\\/image\\\/\",\"url\":\"http:\\\/\\\/autosdelpodio.com\\\/autos\\\/wp-content\\\/uploads\\\/2020\\\/08\\\/Logo_AR.jpg\",\"contentUrl\":\"http:\\\/\\\/autosdelpodio.com\\\/autos\\\/wp-content\\\/uploads\\\/2020\\\/08\\\/Logo_AR.jpg\",\"width\":1038,\"height\":1044,\"caption\":\"Autos del Podio\"},\"image\":{\"@id\":\"http:\\\/\\\/autosdelpodio.com\\\/autos\\\/#\\\/schema\\\/logo\\\/image\\\/\"},\"sameAs\":[\"https:\\\/\\\/www.facebook.com\\\/profile.php?id=100057192590976&amp;amp;amp;amp;amp;amp;amp;amp;amp;amp;amp;amp;amp;amp;amp;amp;amp;amp;ref=ts\",\"https:\\\/\\\/x.com\\\/autosdelpodio\",\"https:\\\/\\\/www.youtube.com\\\/user\\\/AutosdelPodio\"]},{\"@type\":\"Person\",\"@id\":\"http:\\\/\\\/autosdelpodio.com\\\/autos\\\/#\\\/schema\\\/person\\\/993527a4d01c3acdd3d6bce3770bc942\",\"name\":\"autosdelpodio\",\"image\":{\"@type\":\"ImageObject\",\"inLanguage\":\"es\",\"@id\":\"http:\\\/\\\/autosdelpodio.com\\\/autos\\\/wp-content\\\/litespeed\\\/avatar\\\/aa8f65cd201a80f6b844f63278aa84af.jpg?ver=1776798175\",\"url\":\"http:\\\/\\\/autosdelpodio.com\\\/autos\\\/wp-content\\\/litespeed\\\/avatar\\\/aa8f65cd201a80f6b844f63278aa84af.jpg?ver=1776798175\",\"contentUrl\":\"http:\\\/\\\/autosdelpodio.com\\\/autos\\\/wp-content\\\/litespeed\\\/avatar\\\/aa8f65cd201a80f6b844f63278aa84af.jpg?ver=1776798175\",\"caption\":\"autosdelpodio\"}}]}<\/script>\n<!-- \/ Yoast SEO plugin. -->","yoast_head_json":{"title":"Autos del Podio | Chery fabricar\u00e1 autos el\u00e9ctricos en Argentina","description":"Autos del Podio En Argentina, las ventas de veh\u00edculos h\u00edbridos y el\u00e9ctricos durante 2022 alcanzaron las 7.848 unidades patentadas.","robots":{"index":"index","follow":"follow","max-snippet":"max-snippet:-1","max-image-preview":"max-image-preview:large","max-video-preview":"max-video-preview:-1"},"canonical":"http:\/\/autosdelpodio.com\/autos\/chery-fabricara-autos-electricos-en-argentina\/","og_locale":"es_ES","og_type":"article","og_title":"Autos del Podio | Chery fabricar\u00e1 autos el\u00e9ctricos en Argentina","og_description":"Autos del Podio En Argentina, las ventas de veh\u00edculos h\u00edbridos y el\u00e9ctricos durante 2022 alcanzaron las 7.848 unidades patentadas.","og_url":"http:\/\/autosdelpodio.com\/autos\/chery-fabricara-autos-electricos-en-argentina\/","og_site_name":"Autos del Podio","article_publisher":"https:\/\/www.facebook.com\/profile.php?id=100057192590976&amp%3bamp%3bamp%3bamp%3bamp%3bamp%3bamp%3bamp%3bamp%3bamp%3bamp%3bamp%3bamp%3bamp%3bamp%3bamp%3bamp%3bamp%3bref=ts","article_published_time":"2023-02-20T18:34:38+00:00","article_modified_time":"2023-02-21T22:50:34+00:00","og_image":[{"width":500,"height":250,"url":"http:\/\/autosdelpodio.com\/autos\/wp-content\/uploads\/2023\/02\/Logo_Chery.jpg","type":"image\/jpeg"}],"author":"autosdelpodio","twitter_card":"summary_large_image","twitter_creator":"@autosdelpodio","twitter_site":"@autosdelpodio","twitter_misc":{"Escrito por":"autosdelpodio","Tiempo de lectura":"1 minuto"},"schema":{"@context":"https:\/\/schema.org","@graph":[{"@type":"Article","@id":"http:\/\/autosdelpodio.com\/autos\/chery-fabricara-autos-electricos-en-argentina\/#article","isPartOf":{"@id":"http:\/\/autosdelpodio.com\/autos\/chery-fabricara-autos-electricos-en-argentina\/"},"author":{"name":"autosdelpodio","@id":"http:\/\/autosdelpodio.com\/autos\/#\/schema\/person\/993527a4d01c3acdd3d6bce3770bc942"},"headline":"Chery fabricar\u00e1 autos el\u00e9ctricos en Argentina","datePublished":"2023-02-20T18:34:38+00:00","dateModified":"2023-02-21T22:50:34+00:00","mainEntityOfPage":{"@id":"http:\/\/autosdelpodio.com\/autos\/chery-fabricara-autos-electricos-en-argentina\/"},"wordCount":190,"commentCount":0,"publisher":{"@id":"http:\/\/autosdelpodio.com\/autos\/#organization"},"image":{"@id":"http:\/\/autosdelpodio.com\/autos\/chery-fabricara-autos-electricos-en-argentina\/#primaryimage"},"thumbnailUrl":"http:\/\/autosdelpodio.com\/autos\/wp-content\/uploads\/2023\/02\/Logo_Chery.jpg","keywords":["Autos electricos","Chery","China","Industria Automotriz","Producci\u00f3n","Republica Argentina"],"articleSection":["Destacado","\u00daltimas noticias"],"inLanguage":"es","potentialAction":[{"@type":"CommentAction","name":"Comment","target":["http:\/\/autosdelpodio.com\/autos\/chery-fabricara-autos-electricos-en-argentina\/#respond"]}]},{"@type":"WebPage","@id":"http:\/\/autosdelpodio.com\/autos\/chery-fabricara-autos-electricos-en-argentina\/","url":"http:\/\/autosdelpodio.com\/autos\/chery-fabricara-autos-electricos-en-argentina\/","name":"Autos del Podio | Chery fabricar\u00e1 autos el\u00e9ctricos en Argentina","isPartOf":{"@id":"http:\/\/autosdelpodio.com\/autos\/#website"},"primaryImageOfPage":{"@id":"http:\/\/autosdelpodio.com\/autos\/chery-fabricara-autos-electricos-en-argentina\/#primaryimage"},"image":{"@id":"http:\/\/autosdelpodio.com\/autos\/chery-fabricara-autos-electricos-en-argentina\/#primaryimage"},"thumbnailUrl":"http:\/\/autosdelpodio.com\/autos\/wp-content\/uploads\/2023\/02\/Logo_Chery.jpg","datePublished":"2023-02-20T18:34:38+00:00","dateModified":"2023-02-21T22:50:34+00:00","description":"Autos del Podio En Argentina, las ventas de veh\u00edculos h\u00edbridos y el\u00e9ctricos durante 2022 alcanzaron las 7.848 unidades patentadas.","breadcrumb":{"@id":"http:\/\/autosdelpodio.com\/autos\/chery-fabricara-autos-electricos-en-argentina\/#breadcrumb"},"inLanguage":"es","potentialAction":[{"@type":"ReadAction","target":["http:\/\/autosdelpodio.com\/autos\/chery-fabricara-autos-electricos-en-argentina\/"]}]},{"@type":"ImageObject","inLanguage":"es","@id":"http:\/\/autosdelpodio.com\/autos\/chery-fabricara-autos-electricos-en-argentina\/#primaryimage","url":"http:\/\/autosdelpodio.com\/autos\/wp-content\/uploads\/2023\/02\/Logo_Chery.jpg","contentUrl":"http:\/\/autosdelpodio.com\/autos\/wp-content\/uploads\/2023\/02\/Logo_Chery.jpg","width":500,"height":250},{"@type":"BreadcrumbList","@id":"http:\/\/autosdelpodio.com\/autos\/chery-fabricara-autos-electricos-en-argentina\/#breadcrumb","itemListElement":[{"@type":"ListItem","position":1,"name":"Portada","item":"http:\/\/autosdelpodio.com\/autos\/"},{"@type":"ListItem","position":2,"name":"Chery fabricar\u00e1 autos el\u00e9ctricos en Argentina"}]},{"@type":"WebSite","@id":"http:\/\/autosdelpodio.com\/autos\/#website","url":"http:\/\/autosdelpodio.com\/autos\/","name":"Autos del Podio","description":"La sexta del deporte motor","publisher":{"@id":"http:\/\/autosdelpodio.com\/autos\/#organization"},"potentialAction":[{"@type":"SearchAction","target":{"@type":"EntryPoint","urlTemplate":"http:\/\/autosdelpodio.com\/autos\/?s={search_term_string}"},"query-input":{"@type":"PropertyValueSpecification","valueRequired":true,"valueName":"search_term_string"}}],"inLanguage":"es"},{"@type":"Organization","@id":"http:\/\/autosdelpodio.com\/autos\/#organization","name":"Autos del Podio","url":"http:\/\/autosdelpodio.com\/autos\/","logo":{"@type":"ImageObject","inLanguage":"es","@id":"http:\/\/autosdelpodio.com\/autos\/#\/schema\/logo\/image\/","url":"http:\/\/autosdelpodio.com\/autos\/wp-content\/uploads\/2020\/08\/Logo_AR.jpg","contentUrl":"http:\/\/autosdelpodio.com\/autos\/wp-content\/uploads\/2020\/08\/Logo_AR.jpg","width":1038,"height":1044,"caption":"Autos del Podio"},"image":{"@id":"http:\/\/autosdelpodio.com\/autos\/#\/schema\/logo\/image\/"},"sameAs":["https:\/\/www.facebook.com\/profile.php?id=100057192590976&amp;amp;amp;amp;amp;amp;amp;amp;amp;amp;amp;amp;amp;amp;amp;amp;amp;amp;ref=ts","https:\/\/x.com\/autosdelpodio","https:\/\/www.youtube.com\/user\/AutosdelPodio"]},{"@type":"Person","@id":"http:\/\/autosdelpodio.com\/autos\/#\/schema\/person\/993527a4d01c3acdd3d6bce3770bc942","name":"autosdelpodio","image":{"@type":"ImageObject","inLanguage":"es","@id":"http:\/\/autosdelpodio.com\/autos\/wp-content\/litespeed\/avatar\/aa8f65cd201a80f6b844f63278aa84af.jpg?ver=1776798175","url":"http:\/\/autosdelpodio.com\/autos\/wp-content\/litespeed\/avatar\/aa8f65cd201a80f6b844f63278aa84af.jpg?ver=1776798175","contentUrl":"http:\/\/autosdelpodio.com\/autos\/wp-content\/litespeed\/avatar\/aa8f65cd201a80f6b844f63278aa84af.jpg?ver=1776798175","caption":"autosdelpodio"}}]}},"views":452,"_links":{"self":[{"href":"http:\/\/autosdelpodio.com\/autos\/wp-json\/wp\/v2\/posts\/6665","targetHints":{"allow":["GET"]}}],"collection":[{"href":"http:\/\/autosdelpodio.com\/autos\/wp-json\/wp\/v2\/posts"}],"about":[{"href":"http:\/\/autosdelpodio.com\/autos\/wp-json\/wp\/v2\/types\/post"}],"author":[{"embeddable":true,"href":"http:\/\/autosdelpodio.com\/autos\/wp-json\/wp\/v2\/users\/3"}],"replies":[{"embeddable":true,"href":"http:\/\/autosdelpodio.com\/autos\/wp-json\/wp\/v2\/comments?post=6665"}],"version-history":[{"count":2,"href":"http:\/\/autosdelpodio.com\/autos\/wp-json\/wp\/v2\/posts\/6665\/revisions"}],"predecessor-version":[{"id":6676,"href":"http:\/\/autosdelpodio.com\/autos\/wp-json\/wp\/v2\/posts\/6665\/revisions\/6676"}],"wp:featuredmedia":[{"embeddable":true,"href":"http:\/\/autosdelpodio.com\/autos\/wp-json\/wp\/v2\/media\/6667"}],"wp:attachment":[{"href":"http:\/\/autosdelpodio.com\/autos\/wp-json\/wp\/v2\/media?parent=6665"}],"wp:term":[{"taxonomy":"category","embeddable":true,"href":"http:\/\/autosdelpodio.com\/autos\/wp-json\/wp\/v2\/categories?post=6665"},{"taxonomy":"post_tag","embeddable":true,"href":"http:\/\/autosdelpodio.com\/autos\/wp-json\/wp\/v2\/tags?post=6665"}],"curies":[{"name":"wp","href":"https:\/\/api.w.org\/{rel}","templated":true}]}}