{"id":6683,"date":"2023-02-26T18:04:14","date_gmt":"2023-02-26T21:04:14","guid":{"rendered":"http:\/\/autosdelpodio.com\/autos\/?p=6683"},"modified":"2023-02-26T18:04:15","modified_gmt":"2023-02-26T21:04:15","slug":"para-todos-los-gustos-en-el-mouras","status":"publish","type":"post","link":"http:\/\/autosdelpodio.com\/autos\/para-todos-los-gustos-en-el-mouras\/","title":{"rendered":"Para todos los gustos en el Mouras"},"content":{"rendered":"\n<p>En las TC Pick Up, el m\u00e1ximo ganador Juan Pablo Gianini arranc\u00f3 el a\u00f1o con el pie derecho en el escenario platense.Al mando de una Ranger con la atenci\u00f3n de su equipo fue escoltado por Mariano Werner y el Poleman Diego Ciantini.<br>En el mismo circuito que mostr\u00f3 mejoras en su carpeta asf\u00e1ltica fueron parte del evento el TC Mouras y TC Pista Mouras.<br>A Geronimo Gonnet (Torino) le lleg\u00f3 su bautismo triunfal donde Jerem\u00edas Scialchi y Lautaro Pi\u00f1eiro completaron<br>En el TCPM fue triunfo de Thomas Pozner (Dodge) de la capital de la provincia de Buenos Aires como nuevo puntero.<br>El reencuentro de las categor\u00edas ser\u00e1 el 19 de Marzo en escenario a determinar.<\/p>\n\n\n\n<p><strong>Final TC Pick Up &#8211; Fecha 1<\/strong><\/p>\n\n\n\n<figure class=\"wp-block-table\"><table><tbody><tr><td>1<\/td><td>51<\/td><td>GIANINI JUAN PABLO<\/td><td>FORD<\/td><td>17<\/td><td>28;14.693<\/td><td><\/td><\/tr><tr><td>2<\/td><td>6<\/td><td>WERNER MARIANO<\/td><td>Y<\/td><td>17<\/td><td>28;14.875<\/td><td>0.182<\/td><\/tr><tr><td>3<\/td><td>77<\/td><td>CIANTINI DIEGO<\/td><td>VOLKSWAGEN<\/td><td>17<\/td><td>28;15.701<\/td><td>1.008<\/td><\/tr><tr><td>4<\/td><td>1<\/td><td>MART\u00cdNEZ OMAR<\/td><td>FORD<\/td><td>17<\/td><td>28;16.271<\/td><td>1.578<\/td><\/tr><tr><td>5<\/td><td>3<\/td><td>MART\u00cdNEZ AGUST\u00cdN<\/td><td>FORD<\/td><td>17<\/td><td>28;21.170<\/td><td>6.477<\/td><\/tr><tr><td>6<\/td><td>197<\/td><td>QUIJADA MARCOS<\/td><td>FORD<\/td><td>17<\/td><td>28;21.888<\/td><td>7.195<\/td><\/tr><tr><td>7<\/td><td>38<\/td><td>LAMBIRIS MAURICIO<\/td><td>NISSAN<\/td><td>17<\/td><td>28;22.019<\/td><td>7.326<\/td><\/tr><tr><td>8<\/td><td>7<\/td><td>MAZZACANE GAST\u00d3N<\/td><td>VOLKSWAGEN<\/td><td>17<\/td><td>28;24.786<\/td><td>10.093<\/td><\/tr><tr><td>9<\/td><td>87<\/td><td>TRUCCO JUAN MART\u00cdN<\/td><td>VOLKSWAGEN<\/td><td>17<\/td><td>28;25.706<\/td><td>11.013<\/td><\/tr><tr><td>10<\/td><td>117<\/td><td>ABDALA TOM\u00c1S<\/td><td>FORD<\/td><td>17<\/td><td>28;27.486<\/td><td>12.793<\/td><\/tr><tr><td>11<\/td><td>2<\/td><td>JAKOS ANDR\u00c9S<\/td><td>Y<\/td><td>17<\/td><td>28;27.917<\/td><td>13.224<\/td><\/tr><tr><td>12<\/td><td>72<\/td><td>\u00c1LVAREZ SANTIAGO<\/td><td>VOLKSWAGEN<\/td><td>17<\/td><td>28;31.175<\/td><td>16.482<\/td><\/tr><tr><td>13<\/td><td>64<\/td><td>MORILLO FRANCO<\/td><td>Y<\/td><td>17<\/td><td>28;31.947<\/td><td>17.254<\/td><\/tr><tr><td>14<\/td><td>15<\/td><td>DE CARLO DIEGO<\/td><td>VOLKSWAGEN<\/td><td>17<\/td><td>28;39.163<\/td><td>24.470<\/td><\/tr><tr><td>15<\/td><td>19<\/td><td>CHAPUR FACUNDO<\/td><td>Y<\/td><td>17<\/td><td>28;39.433<\/td><td>24.740<\/td><\/tr><tr><td>16<\/td><td>111<\/td><td>PEZZUCCHI NICOL\u00c1S<\/td><td>NISSAN<\/td><td>17<\/td><td>28;46.436<\/td><td>31.743<\/td><\/tr><tr><td>17<\/td><td>55<\/td><td>IRIBARNE FEDERICO<\/td><td>Y<\/td><td>17<\/td><td>28;49.494<\/td><td>34.801<\/td><\/tr><tr><td>18<\/td><td>69<\/td><td>MION EDDY<\/td><td>FORD<\/td><td>17<\/td><td>28;50.236<\/td><td>35.543<\/td><\/tr><tr><td>19<\/td><td>101<\/td><td>DI SCALA CRISTIAN<\/td><td>Y<\/td><td>17<\/td><td>28;50.663<\/td><td>35.970<\/td><\/tr><tr><td>20<\/td><td>132<\/td><td>VALLE LUCAS<\/td><td>FORD<\/td><td>17<\/td><td>28;50.803<\/td><td>36.110<\/td><\/tr><tr><td>21<\/td><td>23<\/td><td>DOSE CHRISTIAN<\/td><td>CHEVROLET<\/td><td>17<\/td><td>28;57.378<\/td><td>42.685<\/td><\/tr><tr><td>22<\/td><td>20<\/td><td>OYHANART MARIANO<\/td><td>FORD<\/td><td>17<\/td><td>29;33.792<\/td><td>1;19.099<\/td><\/tr><tr><td>23<\/td><td>44<\/td><td>MULET LEANDRO<\/td><td>Y<\/td><td>10<\/td><td>17;58.618<\/td><td>7 VTAS<\/td><\/tr><tr><td>24<\/td><td>113<\/td><td>LUG\u00d3N RODRIGO<\/td><td>Y<\/td><td>10<\/td><td>18;08.401<\/td><td>7 VTAS<\/td><\/tr><tr><td>25<\/td><td>14<\/td><td>RODR\u00cdGUEZ MAT\u00cdAS<\/td><td>Y<\/td><td>6<\/td><td>09;55.126<\/td><td>11 VTAS<\/td><\/tr><tr><td>26<\/td><td>31<\/td><td>MONTENEGRO GONZALO<\/td><td>FORD<\/td><td>3<\/td><td>05;07.187<\/td><td>14 VTAS<\/td><\/tr><tr><td><\/td><\/tr><tr><td>PROMEDIO: 154,021 Km\/h<\/td><\/tr><tr><td><\/td><\/tr><tr><td>RECORD DE VUELTA: Nro 51 (GIANINI) Vta 12 en 1:30.883 a 168,942 Km\/h<\/td><\/tr><\/tbody><\/table><\/figure>\n","protected":false},"excerpt":{"rendered":"<p>En las TC Pick Up, el m\u00e1ximo ganador Juan Pablo Gianini arranc\u00f3 el a\u00f1o con el pie derecho en el<\/p>\n","protected":false},"author":3,"featured_media":0,"comment_status":"open","ping_status":"open","sticky":false,"template":"","format":"standard","meta":{"colormag_page_container_layout":"default_layout","colormag_page_sidebar_layout":"default_layout","footnotes":""},"categories":[16,5],"tags":[390,501,363,322,145,323],"class_list":["post-6683","post","type-post","status-publish","format-standard","hentry","category-recta-principal","category-latest-news","tag-autodromo-mouras","tag-juan-pablo-gianini","tag-ranger","tag-tc-mouras","tag-tc-pick-up","tag-tcpm"],"yoast_head":"<!-- This site is optimized with the Yoast SEO plugin v27.5 - https:\/\/yoast.com\/product\/yoast-seo-wordpress\/ -->\n<title>Autos del Podio | Para todos los gustos en el Mouras<\/title>\n<meta name=\"description\" content=\"Autos del Podio Gianini revalid\u00f3 credenciales en las TC Pick Up que corri\u00f3 una vez mas junto al TC Mouras y TCPM\" \/>\n<meta name=\"robots\" content=\"index, follow, max-snippet:-1, max-image-preview:large, max-video-preview:-1\" \/>\n<link rel=\"canonical\" href=\"http:\/\/autosdelpodio.com\/autos\/para-todos-los-gustos-en-el-mouras\/\" \/>\n<meta property=\"og:locale\" content=\"es_ES\" \/>\n<meta property=\"og:type\" content=\"article\" \/>\n<meta property=\"og:title\" content=\"Autos del Podio | Para todos los gustos en el Mouras\" \/>\n<meta property=\"og:description\" content=\"Autos del Podio Gianini revalid\u00f3 credenciales en las TC Pick Up que corri\u00f3 una vez mas junto al TC Mouras y TCPM\" \/>\n<meta property=\"og:url\" content=\"http:\/\/autosdelpodio.com\/autos\/para-todos-los-gustos-en-el-mouras\/\" \/>\n<meta property=\"og:site_name\" content=\"Autos del Podio\" \/>\n<meta property=\"article:publisher\" content=\"https:\/\/www.facebook.com\/profile.php?id=100057192590976&amp;amp%3bamp%3bamp%3bamp%3bamp%3bamp%3bamp%3bamp%3bamp%3bamp%3bamp%3bamp%3bamp%3bamp%3bamp%3bamp%3bamp%3bamp%3bref=ts\" \/>\n<meta property=\"article:published_time\" content=\"2023-02-26T21:04:14+00:00\" \/>\n<meta property=\"article:modified_time\" content=\"2023-02-26T21:04:15+00:00\" \/>\n<meta name=\"author\" content=\"autosdelpodio\" \/>\n<meta name=\"twitter:card\" content=\"summary_large_image\" \/>\n<meta name=\"twitter:creator\" content=\"@autosdelpodio\" \/>\n<meta name=\"twitter:site\" content=\"@autosdelpodio\" \/>\n<meta name=\"twitter:label1\" content=\"Escrito por\" \/>\n\t<meta name=\"twitter:data1\" content=\"autosdelpodio\" \/>\n\t<meta name=\"twitter:label2\" content=\"Tiempo de lectura\" \/>\n\t<meta name=\"twitter:data2\" content=\"2 minutos\" \/>\n<script type=\"application\/ld+json\" class=\"yoast-schema-graph\">{\"@context\":\"https:\\\/\\\/schema.org\",\"@graph\":[{\"@type\":\"Article\",\"@id\":\"http:\\\/\\\/autosdelpodio.com\\\/autos\\\/para-todos-los-gustos-en-el-mouras\\\/#article\",\"isPartOf\":{\"@id\":\"http:\\\/\\\/autosdelpodio.com\\\/autos\\\/para-todos-los-gustos-en-el-mouras\\\/\"},\"author\":{\"name\":\"autosdelpodio\",\"@id\":\"http:\\\/\\\/autosdelpodio.com\\\/autos\\\/#\\\/schema\\\/person\\\/993527a4d01c3acdd3d6bce3770bc942\"},\"headline\":\"Para todos los gustos en el Mouras\",\"datePublished\":\"2023-02-26T21:04:14+00:00\",\"dateModified\":\"2023-02-26T21:04:15+00:00\",\"mainEntityOfPage\":{\"@id\":\"http:\\\/\\\/autosdelpodio.com\\\/autos\\\/para-todos-los-gustos-en-el-mouras\\\/\"},\"wordCount\":244,\"commentCount\":0,\"publisher\":{\"@id\":\"http:\\\/\\\/autosdelpodio.com\\\/autos\\\/#organization\"},\"keywords\":[\"Autodromo Mouras\",\"Juan Pablo Gianini\",\"Ranger\",\"TC Mouras\",\"TC Pick Up\",\"TCPM\"],\"articleSection\":[\"Recta Principal\",\"\u00daltimas noticias\"],\"inLanguage\":\"es\",\"potentialAction\":[{\"@type\":\"CommentAction\",\"name\":\"Comment\",\"target\":[\"http:\\\/\\\/autosdelpodio.com\\\/autos\\\/para-todos-los-gustos-en-el-mouras\\\/#respond\"]}]},{\"@type\":\"WebPage\",\"@id\":\"http:\\\/\\\/autosdelpodio.com\\\/autos\\\/para-todos-los-gustos-en-el-mouras\\\/\",\"url\":\"http:\\\/\\\/autosdelpodio.com\\\/autos\\\/para-todos-los-gustos-en-el-mouras\\\/\",\"name\":\"Autos del Podio | Para todos los gustos en el Mouras\",\"isPartOf\":{\"@id\":\"http:\\\/\\\/autosdelpodio.com\\\/autos\\\/#website\"},\"datePublished\":\"2023-02-26T21:04:14+00:00\",\"dateModified\":\"2023-02-26T21:04:15+00:00\",\"description\":\"Autos del Podio Gianini revalid\u00f3 credenciales en las TC Pick Up que corri\u00f3 una vez mas junto al TC Mouras y TCPM\",\"breadcrumb\":{\"@id\":\"http:\\\/\\\/autosdelpodio.com\\\/autos\\\/para-todos-los-gustos-en-el-mouras\\\/#breadcrumb\"},\"inLanguage\":\"es\",\"potentialAction\":[{\"@type\":\"ReadAction\",\"target\":[\"http:\\\/\\\/autosdelpodio.com\\\/autos\\\/para-todos-los-gustos-en-el-mouras\\\/\"]}]},{\"@type\":\"BreadcrumbList\",\"@id\":\"http:\\\/\\\/autosdelpodio.com\\\/autos\\\/para-todos-los-gustos-en-el-mouras\\\/#breadcrumb\",\"itemListElement\":[{\"@type\":\"ListItem\",\"position\":1,\"name\":\"Portada\",\"item\":\"http:\\\/\\\/autosdelpodio.com\\\/autos\\\/\"},{\"@type\":\"ListItem\",\"position\":2,\"name\":\"Para todos los gustos en el Mouras\"}]},{\"@type\":\"WebSite\",\"@id\":\"http:\\\/\\\/autosdelpodio.com\\\/autos\\\/#website\",\"url\":\"http:\\\/\\\/autosdelpodio.com\\\/autos\\\/\",\"name\":\"Autos del Podio\",\"description\":\"La sexta del deporte motor\",\"publisher\":{\"@id\":\"http:\\\/\\\/autosdelpodio.com\\\/autos\\\/#organization\"},\"potentialAction\":[{\"@type\":\"SearchAction\",\"target\":{\"@type\":\"EntryPoint\",\"urlTemplate\":\"http:\\\/\\\/autosdelpodio.com\\\/autos\\\/?s={search_term_string}\"},\"query-input\":{\"@type\":\"PropertyValueSpecification\",\"valueRequired\":true,\"valueName\":\"search_term_string\"}}],\"inLanguage\":\"es\"},{\"@type\":\"Organization\",\"@id\":\"http:\\\/\\\/autosdelpodio.com\\\/autos\\\/#organization\",\"name\":\"Autos del Podio\",\"url\":\"http:\\\/\\\/autosdelpodio.com\\\/autos\\\/\",\"logo\":{\"@type\":\"ImageObject\",\"inLanguage\":\"es\",\"@id\":\"http:\\\/\\\/autosdelpodio.com\\\/autos\\\/#\\\/schema\\\/logo\\\/image\\\/\",\"url\":\"http:\\\/\\\/autosdelpodio.com\\\/autos\\\/wp-content\\\/uploads\\\/2020\\\/08\\\/Logo_AR.jpg\",\"contentUrl\":\"http:\\\/\\\/autosdelpodio.com\\\/autos\\\/wp-content\\\/uploads\\\/2020\\\/08\\\/Logo_AR.jpg\",\"width\":1038,\"height\":1044,\"caption\":\"Autos del Podio\"},\"image\":{\"@id\":\"http:\\\/\\\/autosdelpodio.com\\\/autos\\\/#\\\/schema\\\/logo\\\/image\\\/\"},\"sameAs\":[\"https:\\\/\\\/www.facebook.com\\\/profile.php?id=100057192590976&amp;amp;amp;amp;amp;amp;amp;amp;amp;amp;amp;amp;amp;amp;amp;amp;amp;amp;ref=ts\",\"https:\\\/\\\/x.com\\\/autosdelpodio\",\"https:\\\/\\\/www.youtube.com\\\/user\\\/AutosdelPodio\"]},{\"@type\":\"Person\",\"@id\":\"http:\\\/\\\/autosdelpodio.com\\\/autos\\\/#\\\/schema\\\/person\\\/993527a4d01c3acdd3d6bce3770bc942\",\"name\":\"autosdelpodio\",\"image\":{\"@type\":\"ImageObject\",\"inLanguage\":\"es\",\"@id\":\"http:\\\/\\\/autosdelpodio.com\\\/autos\\\/wp-content\\\/litespeed\\\/avatar\\\/aa8f65cd201a80f6b844f63278aa84af.jpg?ver=1777403005\",\"url\":\"http:\\\/\\\/autosdelpodio.com\\\/autos\\\/wp-content\\\/litespeed\\\/avatar\\\/aa8f65cd201a80f6b844f63278aa84af.jpg?ver=1777403005\",\"contentUrl\":\"http:\\\/\\\/autosdelpodio.com\\\/autos\\\/wp-content\\\/litespeed\\\/avatar\\\/aa8f65cd201a80f6b844f63278aa84af.jpg?ver=1777403005\",\"caption\":\"autosdelpodio\"}}]}<\/script>\n<!-- \/ Yoast SEO plugin. -->","yoast_head_json":{"title":"Autos del Podio | Para todos los gustos en el Mouras","description":"Autos del Podio Gianini revalid\u00f3 credenciales en las TC Pick Up que corri\u00f3 una vez mas junto al TC Mouras y TCPM","robots":{"index":"index","follow":"follow","max-snippet":"max-snippet:-1","max-image-preview":"max-image-preview:large","max-video-preview":"max-video-preview:-1"},"canonical":"http:\/\/autosdelpodio.com\/autos\/para-todos-los-gustos-en-el-mouras\/","og_locale":"es_ES","og_type":"article","og_title":"Autos del Podio | Para todos los gustos en el Mouras","og_description":"Autos del Podio Gianini revalid\u00f3 credenciales en las TC Pick Up que corri\u00f3 una vez mas junto al TC Mouras y TCPM","og_url":"http:\/\/autosdelpodio.com\/autos\/para-todos-los-gustos-en-el-mouras\/","og_site_name":"Autos del Podio","article_publisher":"https:\/\/www.facebook.com\/profile.php?id=100057192590976&amp%3bamp%3bamp%3bamp%3bamp%3bamp%3bamp%3bamp%3bamp%3bamp%3bamp%3bamp%3bamp%3bamp%3bamp%3bamp%3bamp%3bamp%3bref=ts","article_published_time":"2023-02-26T21:04:14+00:00","article_modified_time":"2023-02-26T21:04:15+00:00","author":"autosdelpodio","twitter_card":"summary_large_image","twitter_creator":"@autosdelpodio","twitter_site":"@autosdelpodio","twitter_misc":{"Escrito por":"autosdelpodio","Tiempo de lectura":"2 minutos"},"schema":{"@context":"https:\/\/schema.org","@graph":[{"@type":"Article","@id":"http:\/\/autosdelpodio.com\/autos\/para-todos-los-gustos-en-el-mouras\/#article","isPartOf":{"@id":"http:\/\/autosdelpodio.com\/autos\/para-todos-los-gustos-en-el-mouras\/"},"author":{"name":"autosdelpodio","@id":"http:\/\/autosdelpodio.com\/autos\/#\/schema\/person\/993527a4d01c3acdd3d6bce3770bc942"},"headline":"Para todos los gustos en el Mouras","datePublished":"2023-02-26T21:04:14+00:00","dateModified":"2023-02-26T21:04:15+00:00","mainEntityOfPage":{"@id":"http:\/\/autosdelpodio.com\/autos\/para-todos-los-gustos-en-el-mouras\/"},"wordCount":244,"commentCount":0,"publisher":{"@id":"http:\/\/autosdelpodio.com\/autos\/#organization"},"keywords":["Autodromo Mouras","Juan Pablo Gianini","Ranger","TC Mouras","TC Pick Up","TCPM"],"articleSection":["Recta Principal","\u00daltimas noticias"],"inLanguage":"es","potentialAction":[{"@type":"CommentAction","name":"Comment","target":["http:\/\/autosdelpodio.com\/autos\/para-todos-los-gustos-en-el-mouras\/#respond"]}]},{"@type":"WebPage","@id":"http:\/\/autosdelpodio.com\/autos\/para-todos-los-gustos-en-el-mouras\/","url":"http:\/\/autosdelpodio.com\/autos\/para-todos-los-gustos-en-el-mouras\/","name":"Autos del Podio | Para todos los gustos en el Mouras","isPartOf":{"@id":"http:\/\/autosdelpodio.com\/autos\/#website"},"datePublished":"2023-02-26T21:04:14+00:00","dateModified":"2023-02-26T21:04:15+00:00","description":"Autos del Podio Gianini revalid\u00f3 credenciales en las TC Pick Up que corri\u00f3 una vez mas junto al TC Mouras y TCPM","breadcrumb":{"@id":"http:\/\/autosdelpodio.com\/autos\/para-todos-los-gustos-en-el-mouras\/#breadcrumb"},"inLanguage":"es","potentialAction":[{"@type":"ReadAction","target":["http:\/\/autosdelpodio.com\/autos\/para-todos-los-gustos-en-el-mouras\/"]}]},{"@type":"BreadcrumbList","@id":"http:\/\/autosdelpodio.com\/autos\/para-todos-los-gustos-en-el-mouras\/#breadcrumb","itemListElement":[{"@type":"ListItem","position":1,"name":"Portada","item":"http:\/\/autosdelpodio.com\/autos\/"},{"@type":"ListItem","position":2,"name":"Para todos los gustos en el Mouras"}]},{"@type":"WebSite","@id":"http:\/\/autosdelpodio.com\/autos\/#website","url":"http:\/\/autosdelpodio.com\/autos\/","name":"Autos del Podio","description":"La sexta del deporte motor","publisher":{"@id":"http:\/\/autosdelpodio.com\/autos\/#organization"},"potentialAction":[{"@type":"SearchAction","target":{"@type":"EntryPoint","urlTemplate":"http:\/\/autosdelpodio.com\/autos\/?s={search_term_string}"},"query-input":{"@type":"PropertyValueSpecification","valueRequired":true,"valueName":"search_term_string"}}],"inLanguage":"es"},{"@type":"Organization","@id":"http:\/\/autosdelpodio.com\/autos\/#organization","name":"Autos del Podio","url":"http:\/\/autosdelpodio.com\/autos\/","logo":{"@type":"ImageObject","inLanguage":"es","@id":"http:\/\/autosdelpodio.com\/autos\/#\/schema\/logo\/image\/","url":"http:\/\/autosdelpodio.com\/autos\/wp-content\/uploads\/2020\/08\/Logo_AR.jpg","contentUrl":"http:\/\/autosdelpodio.com\/autos\/wp-content\/uploads\/2020\/08\/Logo_AR.jpg","width":1038,"height":1044,"caption":"Autos del Podio"},"image":{"@id":"http:\/\/autosdelpodio.com\/autos\/#\/schema\/logo\/image\/"},"sameAs":["https:\/\/www.facebook.com\/profile.php?id=100057192590976&amp;amp;amp;amp;amp;amp;amp;amp;amp;amp;amp;amp;amp;amp;amp;amp;amp;amp;ref=ts","https:\/\/x.com\/autosdelpodio","https:\/\/www.youtube.com\/user\/AutosdelPodio"]},{"@type":"Person","@id":"http:\/\/autosdelpodio.com\/autos\/#\/schema\/person\/993527a4d01c3acdd3d6bce3770bc942","name":"autosdelpodio","image":{"@type":"ImageObject","inLanguage":"es","@id":"http:\/\/autosdelpodio.com\/autos\/wp-content\/litespeed\/avatar\/aa8f65cd201a80f6b844f63278aa84af.jpg?ver=1777403005","url":"http:\/\/autosdelpodio.com\/autos\/wp-content\/litespeed\/avatar\/aa8f65cd201a80f6b844f63278aa84af.jpg?ver=1777403005","contentUrl":"http:\/\/autosdelpodio.com\/autos\/wp-content\/litespeed\/avatar\/aa8f65cd201a80f6b844f63278aa84af.jpg?ver=1777403005","caption":"autosdelpodio"}}]}},"views":327,"_links":{"self":[{"href":"http:\/\/autosdelpodio.com\/autos\/wp-json\/wp\/v2\/posts\/6683","targetHints":{"allow":["GET"]}}],"collection":[{"href":"http:\/\/autosdelpodio.com\/autos\/wp-json\/wp\/v2\/posts"}],"about":[{"href":"http:\/\/autosdelpodio.com\/autos\/wp-json\/wp\/v2\/types\/post"}],"author":[{"embeddable":true,"href":"http:\/\/autosdelpodio.com\/autos\/wp-json\/wp\/v2\/users\/3"}],"replies":[{"embeddable":true,"href":"http:\/\/autosdelpodio.com\/autos\/wp-json\/wp\/v2\/comments?post=6683"}],"version-history":[{"count":1,"href":"http:\/\/autosdelpodio.com\/autos\/wp-json\/wp\/v2\/posts\/6683\/revisions"}],"predecessor-version":[{"id":6684,"href":"http:\/\/autosdelpodio.com\/autos\/wp-json\/wp\/v2\/posts\/6683\/revisions\/6684"}],"wp:attachment":[{"href":"http:\/\/autosdelpodio.com\/autos\/wp-json\/wp\/v2\/media?parent=6683"}],"wp:term":[{"taxonomy":"category","embeddable":true,"href":"http:\/\/autosdelpodio.com\/autos\/wp-json\/wp\/v2\/categories?post=6683"},{"taxonomy":"post_tag","embeddable":true,"href":"http:\/\/autosdelpodio.com\/autos\/wp-json\/wp\/v2\/tags?post=6683"}],"curies":[{"name":"wp","href":"https:\/\/api.w.org\/{rel}","templated":true}]}}