{"id":6769,"date":"2023-03-26T22:35:12","date_gmt":"2023-03-27T01:35:12","guid":{"rendered":"http:\/\/autosdelpodio.com\/autos\/?p=6769"},"modified":"2023-03-26T22:35:13","modified_gmt":"2023-03-27T01:35:13","slug":"experiencia-y-juventud","status":"publish","type":"post","link":"http:\/\/autosdelpodio.com\/autos\/experiencia-y-juventud\/","title":{"rendered":"Experiencia y juventud"},"content":{"rendered":"\n<p>Walter Hern\u00e1ndez e Ignacio Montenegro fueron los vencedores de las 2 carreras que ofreci\u00f3 el TCR South America que abri\u00f3 temporada en el Oscar Cabal\u00e9n de C\u00f3rdoba.<br>Luego de casi 20 a\u00f1os, el campe\u00f3n 1993 de Turismo Carretera se di\u00f3 el gran gusto de volver a ganar en el automovilismo grande en la novel categor\u00eda que transita su tercera temporada.<br>En la Race 1, fue triunfo de Ignacio Montenegro con el Honda alistado por la Scuadra Martino.<br>En la pr\u00f3xima presentaci\u00f3n, que continuar\u00e1 en suelo argentino el escenario designado ser\u00e1 el Aut\u00f3dromo Juan Manuel Fangio de Rosario del 14 al 16 de abril.<\/p>\n\n\n\n<p><strong>Final Race II<\/strong><\/p>\n\n\n\n<figure class=\"wp-block-table\"><table><tbody><tr><td><em><strong>1<\/strong><\/em><\/td><td><em><strong>27<\/strong><\/em><\/td><td><em><strong>WALTER HERNANDEZ<\/strong><\/em><\/td><td><em><strong>LYNK<\/strong><\/em><\/td><td><em><strong>19<\/strong><\/em><\/td><td><em><strong>32:41.741<\/strong><\/em><\/td><td><\/td><\/tr><tr><td>2<\/td><td>23<\/td><td>IGNACIO MONTENEGRO<\/td><td>HONDA<\/td><td>19<\/td><td>32:43.500<\/td><td>1759<\/td><\/tr><tr><td>3<\/td><td>8<\/td><td>RAFAEL SUZUKI<\/td><td>LYNK<\/td><td>19<\/td><td>32:44.014<\/td><td>2273<\/td><\/tr><tr><td>4<\/td><td>1<\/td><td>FABRICIO PEZZINI<\/td><td>LYNK<\/td><td>19<\/td><td>32:45.566<\/td><td>3825<\/td><\/tr><tr><td>5<\/td><td>17<\/td><td>BERNARDO LLAVER<\/td><td>TOYOTA<\/td><td>19<\/td><td>32:46.006<\/td><td>4265<\/td><\/tr><tr><td>6<\/td><td>28<\/td><td>GALID OSMAN<\/td><td>CUPRA<\/td><td>19<\/td><td>32:48.566<\/td><td>6825<\/td><\/tr><tr><td>7<\/td><td>33<\/td><td>MANUEL SAPAG<\/td><td>TOYOTA<\/td><td>19<\/td><td>32:49.416<\/td><td>7675<\/td><\/tr><tr><td>8<\/td><td>20<\/td><td>PABLO OTERO<\/td><td>PEUGEOT<\/td><td>19<\/td><td>32:52.353<\/td><td>10612<\/td><\/tr><tr><td>9<\/td><td>60<\/td><td>JUAN MANUEL CASELLA<\/td><td>HONDA<\/td><td>19<\/td><td>32:52.918<\/td><td>11177<\/td><\/tr><tr><td>10<\/td><td>10<\/td><td>ADALBERTO BAPTISTA<\/td><td>TOYOTA<\/td><td>19<\/td><td>32:59.738<\/td><td>17997<\/td><\/tr><tr><td>11<\/td><td>37<\/td><td>GUILHERME REISCHL<\/td><td>PEUGEOT<\/td><td>19<\/td><td>33:04.387<\/td><td>22646<\/td><\/tr><tr><td>12<\/td><td>55<\/td><td>DIEGO GUTIERREZ<\/td><td>PEUGEOT<\/td><td>19<\/td><td>33:37.057<\/td><td>55316<\/td><\/tr><tr><td>13<\/td><td>2<\/td><td>JUAN ANGEL ROSSO<\/td><td>TOYOTA<\/td><td>18<\/td><td>31:26.680<\/td><td>1 Lap<\/td><\/tr><tr><td>14<\/td><td>69<\/td><td>GONZALO ALTERIO<\/td><td>A L FA R O M E O<\/td><td>17<\/td><td>29:35.492<\/td><td>2 Laps<\/td><\/tr><tr><td>15<\/td><td>43<\/td><td>PEDRO CARDOSO<\/td><td>HYUNDAI<\/td><td>17<\/td><td>29:37.243<\/td><td>2 Laps<\/td><\/tr><tr><td>16<\/td><td>34<\/td><td>FABIO CASAGRANDE<\/td><td>HONDA<\/td><td>17<\/td><td>33:23.133<\/td><td>2 Laps<\/td><\/tr><tr><td>17<\/td><td>15<\/td><td>ENRIQUE MAGLIONE<\/td><td>HONDA<\/td><td>13<\/td><td>21:23.978<\/td><td>6 Laps<\/td><\/tr><tr><td>18<\/td><td>7<\/td><td>JUAN PABLO BESSONE<\/td><td>PEUGEOT<\/td><td>11<\/td><td>18:13.957<\/td><td>8 Laps<\/td><\/tr><tr><td>19<\/td><td>24<\/td><td>FREDERICK BALBI<\/td><td>LYNK<\/td><td>6<\/td><td>9:59.596<\/td><td>13 Laps<\/td><\/tr><tr><td>20<\/td><td>70<\/td><td>DIEGO NUNES<\/td><td>AUDI<\/td><td>5<\/td><td>10:08.621<\/td><td>14 Laps<\/td><\/tr><tr><td>21<\/td><td>77<\/td><td>RAPHAEL REIS<\/td><td>CUPRA<\/td><td>3<\/td><td>5:31.255<\/td><td>16 Laps<\/td><\/tr><tr><td><strong>AUTO 34 (CASAGRANDE) RECARGADO CON 30 SEGUNDOS POR MANIOBRA EN PERJUICIO DEL 77 (REIS)<\/strong><\/td><\/tr><tr><td><strong>AUTO 5 (YANNANTUONI) DESCLASIFICADO POR T\u00c9CNICA (DESPEJE DEL PISO).&nbsp;<\/strong><\/td><\/tr><\/tbody><\/table><\/figure>\n","protected":false},"excerpt":{"rendered":"<p>Walter Hern\u00e1ndez e Ignacio Montenegro fueron los vencedores de las 2 carreras que ofreci\u00f3 el TCR South America que abri\u00f3<\/p>\n","protected":false},"author":3,"featured_media":5618,"comment_status":"open","ping_status":"open","sticky":false,"template":"","format":"standard","meta":{"colormag_page_container_layout":"default_layout","colormag_page_sidebar_layout":"default_layout","footnotes":""},"categories":[6,5],"tags":[379,111,708,86,242,747],"class_list":["post-6769","post","type-post","status-publish","format-standard","has-post-thumbnail","hentry","category-newsflash","category-latest-news","tag-autodromo-cabalen","tag-cordoba","tag-ignacio-montenegro","tag-pilotos-y-categorias","tag-tcr","tag-walter-hernandez"],"yoast_head":"<!-- This site is optimized with the Yoast SEO plugin v27.5 - https:\/\/yoast.com\/product\/yoast-seo-wordpress\/ -->\n<title>Autos del Podio | Experiencia y juventud<\/title>\n<meta name=\"description\" content=\"Autos del Podio Saldo positivo dej\u00f3 el TCR South America tras su paso por Alta Gracia\" \/>\n<meta name=\"robots\" content=\"index, follow, max-snippet:-1, max-image-preview:large, max-video-preview:-1\" \/>\n<link rel=\"canonical\" href=\"https:\/\/autosdelpodio.com\/autos\/experiencia-y-juventud\/\" \/>\n<meta property=\"og:locale\" content=\"es_ES\" \/>\n<meta property=\"og:type\" content=\"article\" \/>\n<meta property=\"og:title\" content=\"Autos del Podio | Experiencia y juventud\" \/>\n<meta property=\"og:description\" content=\"Autos del Podio Saldo positivo dej\u00f3 el TCR South America tras su paso por Alta Gracia\" \/>\n<meta property=\"og:url\" content=\"https:\/\/autosdelpodio.com\/autos\/experiencia-y-juventud\/\" \/>\n<meta property=\"og:site_name\" content=\"Autos del Podio\" \/>\n<meta property=\"article:publisher\" content=\"https:\/\/www.facebook.com\/profile.php?id=100057192590976&amp;amp%3bamp%3bamp%3bamp%3bamp%3bamp%3bamp%3bamp%3bamp%3bamp%3bamp%3bamp%3bamp%3bamp%3bamp%3bamp%3bamp%3bamp%3bref=ts\" \/>\n<meta property=\"article:published_time\" content=\"2023-03-27T01:35:12+00:00\" \/>\n<meta property=\"article:modified_time\" content=\"2023-03-27T01:35:13+00:00\" \/>\n<meta property=\"og:image\" content=\"https:\/\/autosdelpodio.com\/autos\/wp-content\/uploads\/2022\/04\/Logo_TCR_America.jpg\" \/>\n\t<meta property=\"og:image:width\" content=\"500\" \/>\n\t<meta property=\"og:image:height\" content=\"300\" \/>\n\t<meta property=\"og:image:type\" content=\"image\/jpeg\" \/>\n<meta name=\"author\" content=\"autosdelpodio\" \/>\n<meta name=\"twitter:card\" content=\"summary_large_image\" \/>\n<meta name=\"twitter:creator\" content=\"@autosdelpodio\" \/>\n<meta name=\"twitter:site\" content=\"@autosdelpodio\" \/>\n<meta name=\"twitter:label1\" content=\"Escrito por\" \/>\n\t<meta name=\"twitter:data1\" content=\"autosdelpodio\" \/>\n\t<meta name=\"twitter:label2\" content=\"Tiempo de lectura\" \/>\n\t<meta name=\"twitter:data2\" content=\"2 minutos\" \/>\n<script type=\"application\/ld+json\" class=\"yoast-schema-graph\">{\"@context\":\"https:\\\/\\\/schema.org\",\"@graph\":[{\"@type\":\"Article\",\"@id\":\"https:\\\/\\\/autosdelpodio.com\\\/autos\\\/experiencia-y-juventud\\\/#article\",\"isPartOf\":{\"@id\":\"https:\\\/\\\/autosdelpodio.com\\\/autos\\\/experiencia-y-juventud\\\/\"},\"author\":{\"name\":\"autosdelpodio\",\"@id\":\"http:\\\/\\\/autosdelpodio.com\\\/autos\\\/#\\\/schema\\\/person\\\/993527a4d01c3acdd3d6bce3770bc942\"},\"headline\":\"Experiencia y juventud\",\"datePublished\":\"2023-03-27T01:35:12+00:00\",\"dateModified\":\"2023-03-27T01:35:13+00:00\",\"mainEntityOfPage\":{\"@id\":\"https:\\\/\\\/autosdelpodio.com\\\/autos\\\/experiencia-y-juventud\\\/\"},\"wordCount\":215,\"commentCount\":0,\"publisher\":{\"@id\":\"http:\\\/\\\/autosdelpodio.com\\\/autos\\\/#organization\"},\"image\":{\"@id\":\"https:\\\/\\\/autosdelpodio.com\\\/autos\\\/experiencia-y-juventud\\\/#primaryimage\"},\"thumbnailUrl\":\"http:\\\/\\\/autosdelpodio.com\\\/autos\\\/wp-content\\\/uploads\\\/2022\\\/04\\\/Logo_TCR_America.jpg\",\"keywords\":[\"Autodromo Cabalen\",\"Cordoba\",\"Ignacio Montenegro\",\"Pilotos y Categorias\",\"TCR\",\"Walter Hernandez\"],\"articleSection\":[\"Destacado\",\"\u00daltimas noticias\"],\"inLanguage\":\"es\",\"potentialAction\":[{\"@type\":\"CommentAction\",\"name\":\"Comment\",\"target\":[\"https:\\\/\\\/autosdelpodio.com\\\/autos\\\/experiencia-y-juventud\\\/#respond\"]}]},{\"@type\":\"WebPage\",\"@id\":\"https:\\\/\\\/autosdelpodio.com\\\/autos\\\/experiencia-y-juventud\\\/\",\"url\":\"https:\\\/\\\/autosdelpodio.com\\\/autos\\\/experiencia-y-juventud\\\/\",\"name\":\"Autos del Podio | Experiencia y juventud\",\"isPartOf\":{\"@id\":\"http:\\\/\\\/autosdelpodio.com\\\/autos\\\/#website\"},\"primaryImageOfPage\":{\"@id\":\"https:\\\/\\\/autosdelpodio.com\\\/autos\\\/experiencia-y-juventud\\\/#primaryimage\"},\"image\":{\"@id\":\"https:\\\/\\\/autosdelpodio.com\\\/autos\\\/experiencia-y-juventud\\\/#primaryimage\"},\"thumbnailUrl\":\"http:\\\/\\\/autosdelpodio.com\\\/autos\\\/wp-content\\\/uploads\\\/2022\\\/04\\\/Logo_TCR_America.jpg\",\"datePublished\":\"2023-03-27T01:35:12+00:00\",\"dateModified\":\"2023-03-27T01:35:13+00:00\",\"description\":\"Autos del Podio Saldo positivo dej\u00f3 el TCR South America tras su paso por Alta Gracia\",\"breadcrumb\":{\"@id\":\"https:\\\/\\\/autosdelpodio.com\\\/autos\\\/experiencia-y-juventud\\\/#breadcrumb\"},\"inLanguage\":\"es\",\"potentialAction\":[{\"@type\":\"ReadAction\",\"target\":[\"https:\\\/\\\/autosdelpodio.com\\\/autos\\\/experiencia-y-juventud\\\/\"]}]},{\"@type\":\"ImageObject\",\"inLanguage\":\"es\",\"@id\":\"https:\\\/\\\/autosdelpodio.com\\\/autos\\\/experiencia-y-juventud\\\/#primaryimage\",\"url\":\"http:\\\/\\\/autosdelpodio.com\\\/autos\\\/wp-content\\\/uploads\\\/2022\\\/04\\\/Logo_TCR_America.jpg\",\"contentUrl\":\"http:\\\/\\\/autosdelpodio.com\\\/autos\\\/wp-content\\\/uploads\\\/2022\\\/04\\\/Logo_TCR_America.jpg\",\"width\":500,\"height\":300,\"caption\":\"TCR South America\"},{\"@type\":\"BreadcrumbList\",\"@id\":\"https:\\\/\\\/autosdelpodio.com\\\/autos\\\/experiencia-y-juventud\\\/#breadcrumb\",\"itemListElement\":[{\"@type\":\"ListItem\",\"position\":1,\"name\":\"Portada\",\"item\":\"http:\\\/\\\/autosdelpodio.com\\\/autos\\\/\"},{\"@type\":\"ListItem\",\"position\":2,\"name\":\"Experiencia y juventud\"}]},{\"@type\":\"WebSite\",\"@id\":\"http:\\\/\\\/autosdelpodio.com\\\/autos\\\/#website\",\"url\":\"http:\\\/\\\/autosdelpodio.com\\\/autos\\\/\",\"name\":\"Autos del Podio\",\"description\":\"La sexta del deporte motor\",\"publisher\":{\"@id\":\"http:\\\/\\\/autosdelpodio.com\\\/autos\\\/#organization\"},\"potentialAction\":[{\"@type\":\"SearchAction\",\"target\":{\"@type\":\"EntryPoint\",\"urlTemplate\":\"http:\\\/\\\/autosdelpodio.com\\\/autos\\\/?s={search_term_string}\"},\"query-input\":{\"@type\":\"PropertyValueSpecification\",\"valueRequired\":true,\"valueName\":\"search_term_string\"}}],\"inLanguage\":\"es\"},{\"@type\":\"Organization\",\"@id\":\"http:\\\/\\\/autosdelpodio.com\\\/autos\\\/#organization\",\"name\":\"Autos del Podio\",\"url\":\"http:\\\/\\\/autosdelpodio.com\\\/autos\\\/\",\"logo\":{\"@type\":\"ImageObject\",\"inLanguage\":\"es\",\"@id\":\"http:\\\/\\\/autosdelpodio.com\\\/autos\\\/#\\\/schema\\\/logo\\\/image\\\/\",\"url\":\"http:\\\/\\\/autosdelpodio.com\\\/autos\\\/wp-content\\\/uploads\\\/2020\\\/08\\\/Logo_AR.jpg\",\"contentUrl\":\"http:\\\/\\\/autosdelpodio.com\\\/autos\\\/wp-content\\\/uploads\\\/2020\\\/08\\\/Logo_AR.jpg\",\"width\":1038,\"height\":1044,\"caption\":\"Autos del Podio\"},\"image\":{\"@id\":\"http:\\\/\\\/autosdelpodio.com\\\/autos\\\/#\\\/schema\\\/logo\\\/image\\\/\"},\"sameAs\":[\"https:\\\/\\\/www.facebook.com\\\/profile.php?id=100057192590976&amp;amp;amp;amp;amp;amp;amp;amp;amp;amp;amp;amp;amp;amp;amp;amp;amp;amp;ref=ts\",\"https:\\\/\\\/x.com\\\/autosdelpodio\",\"https:\\\/\\\/www.youtube.com\\\/user\\\/AutosdelPodio\"]},{\"@type\":\"Person\",\"@id\":\"http:\\\/\\\/autosdelpodio.com\\\/autos\\\/#\\\/schema\\\/person\\\/993527a4d01c3acdd3d6bce3770bc942\",\"name\":\"autosdelpodio\",\"image\":{\"@type\":\"ImageObject\",\"inLanguage\":\"es\",\"@id\":\"http:\\\/\\\/autosdelpodio.com\\\/autos\\\/wp-content\\\/litespeed\\\/avatar\\\/aa8f65cd201a80f6b844f63278aa84af.jpg?ver=1777403005\",\"url\":\"http:\\\/\\\/autosdelpodio.com\\\/autos\\\/wp-content\\\/litespeed\\\/avatar\\\/aa8f65cd201a80f6b844f63278aa84af.jpg?ver=1777403005\",\"contentUrl\":\"http:\\\/\\\/autosdelpodio.com\\\/autos\\\/wp-content\\\/litespeed\\\/avatar\\\/aa8f65cd201a80f6b844f63278aa84af.jpg?ver=1777403005\",\"caption\":\"autosdelpodio\"}}]}<\/script>\n<!-- \/ Yoast SEO plugin. -->","yoast_head_json":{"title":"Autos del Podio | Experiencia y juventud","description":"Autos del Podio Saldo positivo dej\u00f3 el TCR South America tras su paso por Alta Gracia","robots":{"index":"index","follow":"follow","max-snippet":"max-snippet:-1","max-image-preview":"max-image-preview:large","max-video-preview":"max-video-preview:-1"},"canonical":"https:\/\/autosdelpodio.com\/autos\/experiencia-y-juventud\/","og_locale":"es_ES","og_type":"article","og_title":"Autos del Podio | Experiencia y juventud","og_description":"Autos del Podio Saldo positivo dej\u00f3 el TCR South America tras su paso por Alta Gracia","og_url":"https:\/\/autosdelpodio.com\/autos\/experiencia-y-juventud\/","og_site_name":"Autos del Podio","article_publisher":"https:\/\/www.facebook.com\/profile.php?id=100057192590976&amp%3bamp%3bamp%3bamp%3bamp%3bamp%3bamp%3bamp%3bamp%3bamp%3bamp%3bamp%3bamp%3bamp%3bamp%3bamp%3bamp%3bamp%3bref=ts","article_published_time":"2023-03-27T01:35:12+00:00","article_modified_time":"2023-03-27T01:35:13+00:00","og_image":[{"width":500,"height":300,"url":"https:\/\/autosdelpodio.com\/autos\/wp-content\/uploads\/2022\/04\/Logo_TCR_America.jpg","type":"image\/jpeg"}],"author":"autosdelpodio","twitter_card":"summary_large_image","twitter_creator":"@autosdelpodio","twitter_site":"@autosdelpodio","twitter_misc":{"Escrito por":"autosdelpodio","Tiempo de lectura":"2 minutos"},"schema":{"@context":"https:\/\/schema.org","@graph":[{"@type":"Article","@id":"https:\/\/autosdelpodio.com\/autos\/experiencia-y-juventud\/#article","isPartOf":{"@id":"https:\/\/autosdelpodio.com\/autos\/experiencia-y-juventud\/"},"author":{"name":"autosdelpodio","@id":"http:\/\/autosdelpodio.com\/autos\/#\/schema\/person\/993527a4d01c3acdd3d6bce3770bc942"},"headline":"Experiencia y juventud","datePublished":"2023-03-27T01:35:12+00:00","dateModified":"2023-03-27T01:35:13+00:00","mainEntityOfPage":{"@id":"https:\/\/autosdelpodio.com\/autos\/experiencia-y-juventud\/"},"wordCount":215,"commentCount":0,"publisher":{"@id":"http:\/\/autosdelpodio.com\/autos\/#organization"},"image":{"@id":"https:\/\/autosdelpodio.com\/autos\/experiencia-y-juventud\/#primaryimage"},"thumbnailUrl":"http:\/\/autosdelpodio.com\/autos\/wp-content\/uploads\/2022\/04\/Logo_TCR_America.jpg","keywords":["Autodromo Cabalen","Cordoba","Ignacio Montenegro","Pilotos y Categorias","TCR","Walter Hernandez"],"articleSection":["Destacado","\u00daltimas noticias"],"inLanguage":"es","potentialAction":[{"@type":"CommentAction","name":"Comment","target":["https:\/\/autosdelpodio.com\/autos\/experiencia-y-juventud\/#respond"]}]},{"@type":"WebPage","@id":"https:\/\/autosdelpodio.com\/autos\/experiencia-y-juventud\/","url":"https:\/\/autosdelpodio.com\/autos\/experiencia-y-juventud\/","name":"Autos del Podio | Experiencia y juventud","isPartOf":{"@id":"http:\/\/autosdelpodio.com\/autos\/#website"},"primaryImageOfPage":{"@id":"https:\/\/autosdelpodio.com\/autos\/experiencia-y-juventud\/#primaryimage"},"image":{"@id":"https:\/\/autosdelpodio.com\/autos\/experiencia-y-juventud\/#primaryimage"},"thumbnailUrl":"http:\/\/autosdelpodio.com\/autos\/wp-content\/uploads\/2022\/04\/Logo_TCR_America.jpg","datePublished":"2023-03-27T01:35:12+00:00","dateModified":"2023-03-27T01:35:13+00:00","description":"Autos del Podio Saldo positivo dej\u00f3 el TCR South America tras su paso por Alta Gracia","breadcrumb":{"@id":"https:\/\/autosdelpodio.com\/autos\/experiencia-y-juventud\/#breadcrumb"},"inLanguage":"es","potentialAction":[{"@type":"ReadAction","target":["https:\/\/autosdelpodio.com\/autos\/experiencia-y-juventud\/"]}]},{"@type":"ImageObject","inLanguage":"es","@id":"https:\/\/autosdelpodio.com\/autos\/experiencia-y-juventud\/#primaryimage","url":"http:\/\/autosdelpodio.com\/autos\/wp-content\/uploads\/2022\/04\/Logo_TCR_America.jpg","contentUrl":"http:\/\/autosdelpodio.com\/autos\/wp-content\/uploads\/2022\/04\/Logo_TCR_America.jpg","width":500,"height":300,"caption":"TCR South America"},{"@type":"BreadcrumbList","@id":"https:\/\/autosdelpodio.com\/autos\/experiencia-y-juventud\/#breadcrumb","itemListElement":[{"@type":"ListItem","position":1,"name":"Portada","item":"http:\/\/autosdelpodio.com\/autos\/"},{"@type":"ListItem","position":2,"name":"Experiencia y juventud"}]},{"@type":"WebSite","@id":"http:\/\/autosdelpodio.com\/autos\/#website","url":"http:\/\/autosdelpodio.com\/autos\/","name":"Autos del Podio","description":"La sexta del deporte motor","publisher":{"@id":"http:\/\/autosdelpodio.com\/autos\/#organization"},"potentialAction":[{"@type":"SearchAction","target":{"@type":"EntryPoint","urlTemplate":"http:\/\/autosdelpodio.com\/autos\/?s={search_term_string}"},"query-input":{"@type":"PropertyValueSpecification","valueRequired":true,"valueName":"search_term_string"}}],"inLanguage":"es"},{"@type":"Organization","@id":"http:\/\/autosdelpodio.com\/autos\/#organization","name":"Autos del Podio","url":"http:\/\/autosdelpodio.com\/autos\/","logo":{"@type":"ImageObject","inLanguage":"es","@id":"http:\/\/autosdelpodio.com\/autos\/#\/schema\/logo\/image\/","url":"http:\/\/autosdelpodio.com\/autos\/wp-content\/uploads\/2020\/08\/Logo_AR.jpg","contentUrl":"http:\/\/autosdelpodio.com\/autos\/wp-content\/uploads\/2020\/08\/Logo_AR.jpg","width":1038,"height":1044,"caption":"Autos del Podio"},"image":{"@id":"http:\/\/autosdelpodio.com\/autos\/#\/schema\/logo\/image\/"},"sameAs":["https:\/\/www.facebook.com\/profile.php?id=100057192590976&amp;amp;amp;amp;amp;amp;amp;amp;amp;amp;amp;amp;amp;amp;amp;amp;amp;amp;ref=ts","https:\/\/x.com\/autosdelpodio","https:\/\/www.youtube.com\/user\/AutosdelPodio"]},{"@type":"Person","@id":"http:\/\/autosdelpodio.com\/autos\/#\/schema\/person\/993527a4d01c3acdd3d6bce3770bc942","name":"autosdelpodio","image":{"@type":"ImageObject","inLanguage":"es","@id":"http:\/\/autosdelpodio.com\/autos\/wp-content\/litespeed\/avatar\/aa8f65cd201a80f6b844f63278aa84af.jpg?ver=1777403005","url":"http:\/\/autosdelpodio.com\/autos\/wp-content\/litespeed\/avatar\/aa8f65cd201a80f6b844f63278aa84af.jpg?ver=1777403005","contentUrl":"http:\/\/autosdelpodio.com\/autos\/wp-content\/litespeed\/avatar\/aa8f65cd201a80f6b844f63278aa84af.jpg?ver=1777403005","caption":"autosdelpodio"}}]}},"views":317,"_links":{"self":[{"href":"http:\/\/autosdelpodio.com\/autos\/wp-json\/wp\/v2\/posts\/6769","targetHints":{"allow":["GET"]}}],"collection":[{"href":"http:\/\/autosdelpodio.com\/autos\/wp-json\/wp\/v2\/posts"}],"about":[{"href":"http:\/\/autosdelpodio.com\/autos\/wp-json\/wp\/v2\/types\/post"}],"author":[{"embeddable":true,"href":"http:\/\/autosdelpodio.com\/autos\/wp-json\/wp\/v2\/users\/3"}],"replies":[{"embeddable":true,"href":"http:\/\/autosdelpodio.com\/autos\/wp-json\/wp\/v2\/comments?post=6769"}],"version-history":[{"count":1,"href":"http:\/\/autosdelpodio.com\/autos\/wp-json\/wp\/v2\/posts\/6769\/revisions"}],"predecessor-version":[{"id":6770,"href":"http:\/\/autosdelpodio.com\/autos\/wp-json\/wp\/v2\/posts\/6769\/revisions\/6770"}],"wp:featuredmedia":[{"embeddable":true,"href":"http:\/\/autosdelpodio.com\/autos\/wp-json\/wp\/v2\/media\/5618"}],"wp:attachment":[{"href":"http:\/\/autosdelpodio.com\/autos\/wp-json\/wp\/v2\/media?parent=6769"}],"wp:term":[{"taxonomy":"category","embeddable":true,"href":"http:\/\/autosdelpodio.com\/autos\/wp-json\/wp\/v2\/categories?post=6769"},{"taxonomy":"post_tag","embeddable":true,"href":"http:\/\/autosdelpodio.com\/autos\/wp-json\/wp\/v2\/tags?post=6769"}],"curies":[{"name":"wp","href":"https:\/\/api.w.org\/{rel}","templated":true}]}}