{"id":6771,"date":"2023-03-30T16:19:21","date_gmt":"2023-03-30T19:19:21","guid":{"rendered":"http:\/\/autosdelpodio.com\/autos\/?p=6771"},"modified":"2023-03-31T09:43:35","modified_gmt":"2023-03-31T12:43:35","slug":"larga-vida-a-las-24-horas-de-buenos-aires","status":"publish","type":"post","link":"http:\/\/autosdelpodio.com\/autos\/larga-vida-a-las-24-horas-de-buenos-aires\/","title":{"rendered":"Larga vida a las 24 Horas de Buenos Aires"},"content":{"rendered":"\n<p>Durante los d\u00edas 25 y 26 de Marzo se desarroll\u00f3 la competencia de resistencia y velocidad controlada con veh\u00edculos del tipo sed\u00e1n y coup\u00e9 comprendidos entre 1961 y 2000 inclusive, divididos en categor\u00edas por a\u00f1o y cilindrada.<\/p>\n\n\n\n<p>La jornada del s\u00e1bado 25 se inici\u00f3 bien temprano cuando a media ma\u00f1ana se efectu\u00f3 un desfile de autos antiguos. No falt\u00f3 la prometida muestra de autos cl\u00e1sicos y de competici\u00f3n en el play\u00f3n trasero de boxes, Autojumble, Expo Lole ( la muestra alusiva y dedicada a Carlos Alberto Reutemann) lindera a la Race Control en el 1\u00b0 piso), sal\u00f3n de artistas pl\u00e1sticos, muestra de carteles, cascos hist\u00f3ricos, entre otras atracciones.<\/p>\n\n\n\n<p>Sin cesar el movimiento en las calles de boxes y aleda\u00f1os formaron parte de la oferta fierrerra karting vintage, cycle karts y motos cl\u00e1sicas hasta que a las 14 horas en punto se puso en marcha la largada simb\u00f3lica de carrera al estilo Le Mans, a cargo del piloto Osvaldo \u201cCocho\u201d Lopez, encargado de entregar el trofeo que llevaba su nombre.<\/p>\n\n\n\n<p>87 tripulaciones fueron de la partida, de las cuales 70 llegaron a la meta siendo parte de la misma ex pilotos profesionales, amateurs, entusiastas y personajes del \u00e1mbito period\u00edstico y del espect\u00e1culo. Entre los ex drivers participaron Gustavo Der Ohanessian, Tim Pairetti y Juan Carlos Giachino. De los actuales estuvo el actual TRV6 Lucas Guerra y del \u00abambiente de la far\u00e1ndula\u00bb Alfa de Gran Hermano, los conductores de Radio Rivadavia Baby Etchecopar y Eduardo Feinmann y el colega de TN Autos Mat\u00edas Antico.<\/p>\n\n\n\n<p>No pas\u00f3 inadvertido una vez mas la presencia fuera de agenda del Flaco Juan Maria Traverso, siempre tan vigente, recurrido y convocante.<\/p>\n\n\n\n<figure class=\"wp-block-image aligncenter size-full\"><img fetchpriority=\"high\" decoding=\"async\" width=\"500\" height=\"300\" src=\"http:\/\/autosdelpodio.com\/autos\/wp-content\/uploads\/2023\/03\/24_hsba_2023.jpg\" alt=\"\" class=\"wp-image-6788\" srcset=\"http:\/\/autosdelpodio.com\/autos\/wp-content\/uploads\/2023\/03\/24_hsba_2023.jpg 500w, http:\/\/autosdelpodio.com\/autos\/wp-content\/uploads\/2023\/03\/24_hsba_2023-300x180.jpg 300w\" sizes=\"(max-width: 500px) 100vw, 500px\" \/><figcaption class=\"wp-element-caption\"><strong>Emulando los viejos GP, las 24hsBA consiste en una prueba de resistencia y velocidad controlada&nbsp;<\/strong><\/figcaption><\/figure>\n\n\n\n<p><em style=\"\"><b>\u00abMe es un honor que el trofeo lleve mi nombre.He tenido la suerte de ganarlas junto a un gran piloto y amigo como Paco Mayorga. A todos los participantes les digo que disfruten.El <\/b><\/em><strong><em>Aut\u00f3dromo es la casa de todos\u00bb<\/em><\/strong>, indic\u00f3 Cocho Lopez momentos previos a la largada.<\/p>\n\n\n\n<p><em><strong>\u00abUna vez mas y contradiciendo mi palabra inicial, participar\u00e9 de la carrera.Me es complicado correr y organizar el evento, pero realmente una vez que lo materializamos nos llena de satisfacci\u00f3n.La idea es seguir mejorandola y evolucionando la propuesta a\u00f1o tras a\u00f1o\u00bb<\/strong><\/em> coment\u00f3 al paso Eduardo Ramirez, uno de los padres de la criatura.<\/p>\n\n\n\n<p>Todo a su tiempo y armoniosamente, como dijo alguna vez Juan Domingo Peron, fue transcurriendo este evento XXXL y particular que ofrece nuestro automovilismo para cumplir con todo lo pactado en la previa.<\/p>\n\n\n\n<p><strong>Todos los ganadores:<\/strong><\/p>\n\n\n\n<p><em>Categor\u00eda A: Fernando P\u00e9rez, Gustavo P\u00e9rez y Marcelo Sena (Auto Uni\u00f3n 1957)<\/em><\/p>\n\n\n\n<p><em>Categor\u00eda B: Roberto Maldonado, Mauricio Marul y Jorge Luppani (Austin Mini 1000HL 1979)<\/em><\/p>\n\n\n\n<p><em>Categor\u00eda D: Reinaldo Fuster, Mart\u00edn Di Santo y Ariel Lesserre (Fiat 128 Berlina 1975)<\/em><\/p>\n\n\n\n<p><em>Categor\u00eda E: Carlos Berisso y Gustavo Gallo (Volvo 122S 1963)<\/em><\/p>\n\n\n\n<p><em>Categor\u00eda F: N\u00e9stor y Mart\u00edn Zabalza (Ford Escort XR3 1992)<\/em><\/p>\n\n\n\n<p><em>Categor\u00eda G: Jos\u00e9 Luis Di Palma, Eduardo Ruiz y Alejandro Crespo G\u00f3mez (Ford Falcon 1962)<\/em><\/p>\n\n\n\n<p><em>Categor\u00eda H: Carlos Giordano, Roque Stefanelli y Germ\u00e1n Sarricouet (Mercedes 230 1984)<\/em><\/p>\n\n\n\n<p><em>Categor\u00eda I: Leonardo Boutet y Luis Zerbini (Peugeot 205 1994)<\/em><\/p>\n\n\n\n<figure class=\"wp-block-embed is-type-video is-provider-youtube wp-block-embed-youtube wp-embed-aspect-16-9 wp-has-aspect-ratio\"><div class=\"wp-block-embed__wrapper\">\n<iframe title=\"24 horas de la Ciudad de Buenos Aires ELF\" width=\"800\" height=\"450\" src=\"https:\/\/www.youtube.com\/embed\/kQWBN9WozF4?feature=oembed\" frameborder=\"0\" allow=\"accelerometer; autoplay; clipboard-write; encrypted-media; gyroscope; picture-in-picture; web-share\" allowfullscreen><\/iframe>\n<\/div><\/figure>\n","protected":false},"excerpt":{"rendered":"<p>Durante los d\u00edas 25 y 26 de Marzo se desarroll\u00f3 la competencia de resistencia y velocidad controlada con veh\u00edculos del<\/p>\n","protected":false},"author":3,"featured_media":6787,"comment_status":"open","ping_status":"open","sticky":false,"template":"","format":"standard","meta":{"colormag_page_container_layout":"default_layout","colormag_page_sidebar_layout":"default_layout","footnotes":""},"categories":[6,5],"tags":[620,142,118,325,86,35],"class_list":["post-6771","post","type-post","status-publish","format-standard","has-post-thumbnail","hentry","category-newsflash","category-latest-news","tag-24-horas-de-buenos-aires","tag-autodromo-ba","tag-autos-clasicos","tag-endurance","tag-pilotos-y-categorias","tag-republica-argentina"],"yoast_head":"<!-- This site is optimized with the Yoast SEO plugin v27.4 - https:\/\/yoast.com\/product\/yoast-seo-wordpress\/ -->\n<title>Autos del Podio | Larga vida a las 24 Horas de Buenos Aires<\/title>\n<meta name=\"description\" content=\"Autos del Podio El cl\u00e1sico del automovilismo argentino tuvo su fiesta en el Galvez porte\u00f1o\" \/>\n<meta name=\"robots\" content=\"index, follow, max-snippet:-1, max-image-preview:large, max-video-preview:-1\" \/>\n<link rel=\"canonical\" href=\"https:\/\/autosdelpodio.com\/autos\/larga-vida-a-las-24-horas-de-buenos-aires\/\" \/>\n<meta property=\"og:locale\" content=\"es_ES\" \/>\n<meta property=\"og:type\" content=\"article\" \/>\n<meta property=\"og:title\" content=\"Autos del Podio | Larga vida a las 24 Horas de Buenos Aires\" \/>\n<meta property=\"og:description\" content=\"Autos del Podio El cl\u00e1sico del automovilismo argentino tuvo su fiesta en el Galvez porte\u00f1o\" \/>\n<meta property=\"og:url\" content=\"https:\/\/autosdelpodio.com\/autos\/larga-vida-a-las-24-horas-de-buenos-aires\/\" \/>\n<meta property=\"og:site_name\" content=\"Autos del Podio\" \/>\n<meta property=\"article:publisher\" content=\"https:\/\/www.facebook.com\/profile.php?id=100057192590976&amp;amp%3bamp%3bamp%3bamp%3bamp%3bamp%3bamp%3bamp%3bamp%3bamp%3bamp%3bamp%3bamp%3bamp%3bamp%3bamp%3bamp%3bamp%3bref=ts\" \/>\n<meta property=\"article:published_time\" content=\"2023-03-30T19:19:21+00:00\" \/>\n<meta property=\"article:modified_time\" content=\"2023-03-31T12:43:35+00:00\" \/>\n<meta property=\"og:image\" content=\"https:\/\/autosdelpodio.com\/autos\/wp-content\/uploads\/2023\/03\/24_hsba_1200.jpg\" \/>\n\t<meta property=\"og:image:width\" content=\"1200\" \/>\n\t<meta property=\"og:image:height\" content=\"797\" \/>\n\t<meta property=\"og:image:type\" content=\"image\/jpeg\" \/>\n<meta name=\"author\" content=\"autosdelpodio\" \/>\n<meta name=\"twitter:card\" content=\"summary_large_image\" \/>\n<meta name=\"twitter:creator\" content=\"@autosdelpodio\" \/>\n<meta name=\"twitter:site\" content=\"@autosdelpodio\" \/>\n<meta name=\"twitter:label1\" content=\"Escrito por\" \/>\n\t<meta name=\"twitter:data1\" content=\"autosdelpodio\" \/>\n\t<meta name=\"twitter:label2\" content=\"Tiempo de lectura\" \/>\n\t<meta name=\"twitter:data2\" content=\"3 minutos\" \/>\n<script type=\"application\/ld+json\" class=\"yoast-schema-graph\">{\"@context\":\"https:\\\/\\\/schema.org\",\"@graph\":[{\"@type\":\"Article\",\"@id\":\"https:\\\/\\\/autosdelpodio.com\\\/autos\\\/larga-vida-a-las-24-horas-de-buenos-aires\\\/#article\",\"isPartOf\":{\"@id\":\"https:\\\/\\\/autosdelpodio.com\\\/autos\\\/larga-vida-a-las-24-horas-de-buenos-aires\\\/\"},\"author\":{\"name\":\"autosdelpodio\",\"@id\":\"http:\\\/\\\/autosdelpodio.com\\\/autos\\\/#\\\/schema\\\/person\\\/993527a4d01c3acdd3d6bce3770bc942\"},\"headline\":\"Larga vida a las 24 Horas de Buenos Aires\",\"datePublished\":\"2023-03-30T19:19:21+00:00\",\"dateModified\":\"2023-03-31T12:43:35+00:00\",\"mainEntityOfPage\":{\"@id\":\"https:\\\/\\\/autosdelpodio.com\\\/autos\\\/larga-vida-a-las-24-horas-de-buenos-aires\\\/\"},\"wordCount\":558,\"commentCount\":0,\"publisher\":{\"@id\":\"http:\\\/\\\/autosdelpodio.com\\\/autos\\\/#organization\"},\"image\":{\"@id\":\"https:\\\/\\\/autosdelpodio.com\\\/autos\\\/larga-vida-a-las-24-horas-de-buenos-aires\\\/#primaryimage\"},\"thumbnailUrl\":\"http:\\\/\\\/autosdelpodio.com\\\/autos\\\/wp-content\\\/uploads\\\/2023\\\/03\\\/24_hsba_1200.jpg\",\"keywords\":[\"24 Horas de Buenos Aires\",\"Autodromo BA\",\"Autos Clasicos\",\"Endurance\",\"Pilotos y Categorias\",\"Republica Argentina\"],\"articleSection\":[\"Destacado\",\"\u00daltimas noticias\"],\"inLanguage\":\"es\",\"potentialAction\":[{\"@type\":\"CommentAction\",\"name\":\"Comment\",\"target\":[\"https:\\\/\\\/autosdelpodio.com\\\/autos\\\/larga-vida-a-las-24-horas-de-buenos-aires\\\/#respond\"]}]},{\"@type\":\"WebPage\",\"@id\":\"https:\\\/\\\/autosdelpodio.com\\\/autos\\\/larga-vida-a-las-24-horas-de-buenos-aires\\\/\",\"url\":\"https:\\\/\\\/autosdelpodio.com\\\/autos\\\/larga-vida-a-las-24-horas-de-buenos-aires\\\/\",\"name\":\"Autos del Podio | Larga vida a las 24 Horas de Buenos Aires\",\"isPartOf\":{\"@id\":\"http:\\\/\\\/autosdelpodio.com\\\/autos\\\/#website\"},\"primaryImageOfPage\":{\"@id\":\"https:\\\/\\\/autosdelpodio.com\\\/autos\\\/larga-vida-a-las-24-horas-de-buenos-aires\\\/#primaryimage\"},\"image\":{\"@id\":\"https:\\\/\\\/autosdelpodio.com\\\/autos\\\/larga-vida-a-las-24-horas-de-buenos-aires\\\/#primaryimage\"},\"thumbnailUrl\":\"http:\\\/\\\/autosdelpodio.com\\\/autos\\\/wp-content\\\/uploads\\\/2023\\\/03\\\/24_hsba_1200.jpg\",\"datePublished\":\"2023-03-30T19:19:21+00:00\",\"dateModified\":\"2023-03-31T12:43:35+00:00\",\"description\":\"Autos del Podio El cl\u00e1sico del automovilismo argentino tuvo su fiesta en el Galvez porte\u00f1o\",\"breadcrumb\":{\"@id\":\"https:\\\/\\\/autosdelpodio.com\\\/autos\\\/larga-vida-a-las-24-horas-de-buenos-aires\\\/#breadcrumb\"},\"inLanguage\":\"es\",\"potentialAction\":[{\"@type\":\"ReadAction\",\"target\":[\"https:\\\/\\\/autosdelpodio.com\\\/autos\\\/larga-vida-a-las-24-horas-de-buenos-aires\\\/\"]}]},{\"@type\":\"ImageObject\",\"inLanguage\":\"es\",\"@id\":\"https:\\\/\\\/autosdelpodio.com\\\/autos\\\/larga-vida-a-las-24-horas-de-buenos-aires\\\/#primaryimage\",\"url\":\"http:\\\/\\\/autosdelpodio.com\\\/autos\\\/wp-content\\\/uploads\\\/2023\\\/03\\\/24_hsba_1200.jpg\",\"contentUrl\":\"http:\\\/\\\/autosdelpodio.com\\\/autos\\\/wp-content\\\/uploads\\\/2023\\\/03\\\/24_hsba_1200.jpg\",\"width\":1200,\"height\":797},{\"@type\":\"BreadcrumbList\",\"@id\":\"https:\\\/\\\/autosdelpodio.com\\\/autos\\\/larga-vida-a-las-24-horas-de-buenos-aires\\\/#breadcrumb\",\"itemListElement\":[{\"@type\":\"ListItem\",\"position\":1,\"name\":\"Portada\",\"item\":\"http:\\\/\\\/autosdelpodio.com\\\/autos\\\/\"},{\"@type\":\"ListItem\",\"position\":2,\"name\":\"Larga vida a las 24 Horas de Buenos Aires\"}]},{\"@type\":\"WebSite\",\"@id\":\"http:\\\/\\\/autosdelpodio.com\\\/autos\\\/#website\",\"url\":\"http:\\\/\\\/autosdelpodio.com\\\/autos\\\/\",\"name\":\"Autos del Podio\",\"description\":\"La sexta del deporte motor\",\"publisher\":{\"@id\":\"http:\\\/\\\/autosdelpodio.com\\\/autos\\\/#organization\"},\"potentialAction\":[{\"@type\":\"SearchAction\",\"target\":{\"@type\":\"EntryPoint\",\"urlTemplate\":\"http:\\\/\\\/autosdelpodio.com\\\/autos\\\/?s={search_term_string}\"},\"query-input\":{\"@type\":\"PropertyValueSpecification\",\"valueRequired\":true,\"valueName\":\"search_term_string\"}}],\"inLanguage\":\"es\"},{\"@type\":\"Organization\",\"@id\":\"http:\\\/\\\/autosdelpodio.com\\\/autos\\\/#organization\",\"name\":\"Autos del Podio\",\"url\":\"http:\\\/\\\/autosdelpodio.com\\\/autos\\\/\",\"logo\":{\"@type\":\"ImageObject\",\"inLanguage\":\"es\",\"@id\":\"http:\\\/\\\/autosdelpodio.com\\\/autos\\\/#\\\/schema\\\/logo\\\/image\\\/\",\"url\":\"http:\\\/\\\/autosdelpodio.com\\\/autos\\\/wp-content\\\/uploads\\\/2020\\\/08\\\/Logo_AR.jpg\",\"contentUrl\":\"http:\\\/\\\/autosdelpodio.com\\\/autos\\\/wp-content\\\/uploads\\\/2020\\\/08\\\/Logo_AR.jpg\",\"width\":1038,\"height\":1044,\"caption\":\"Autos del Podio\"},\"image\":{\"@id\":\"http:\\\/\\\/autosdelpodio.com\\\/autos\\\/#\\\/schema\\\/logo\\\/image\\\/\"},\"sameAs\":[\"https:\\\/\\\/www.facebook.com\\\/profile.php?id=100057192590976&amp;amp;amp;amp;amp;amp;amp;amp;amp;amp;amp;amp;amp;amp;amp;amp;amp;amp;ref=ts\",\"https:\\\/\\\/x.com\\\/autosdelpodio\",\"https:\\\/\\\/www.youtube.com\\\/user\\\/AutosdelPodio\"]},{\"@type\":\"Person\",\"@id\":\"http:\\\/\\\/autosdelpodio.com\\\/autos\\\/#\\\/schema\\\/person\\\/993527a4d01c3acdd3d6bce3770bc942\",\"name\":\"autosdelpodio\",\"image\":{\"@type\":\"ImageObject\",\"inLanguage\":\"es\",\"@id\":\"http:\\\/\\\/autosdelpodio.com\\\/autos\\\/wp-content\\\/litespeed\\\/avatar\\\/aa8f65cd201a80f6b844f63278aa84af.jpg?ver=1776798175\",\"url\":\"http:\\\/\\\/autosdelpodio.com\\\/autos\\\/wp-content\\\/litespeed\\\/avatar\\\/aa8f65cd201a80f6b844f63278aa84af.jpg?ver=1776798175\",\"contentUrl\":\"http:\\\/\\\/autosdelpodio.com\\\/autos\\\/wp-content\\\/litespeed\\\/avatar\\\/aa8f65cd201a80f6b844f63278aa84af.jpg?ver=1776798175\",\"caption\":\"autosdelpodio\"}}]}<\/script>\n<!-- \/ Yoast SEO plugin. -->","yoast_head_json":{"title":"Autos del Podio | Larga vida a las 24 Horas de Buenos Aires","description":"Autos del Podio El cl\u00e1sico del automovilismo argentino tuvo su fiesta en el Galvez porte\u00f1o","robots":{"index":"index","follow":"follow","max-snippet":"max-snippet:-1","max-image-preview":"max-image-preview:large","max-video-preview":"max-video-preview:-1"},"canonical":"https:\/\/autosdelpodio.com\/autos\/larga-vida-a-las-24-horas-de-buenos-aires\/","og_locale":"es_ES","og_type":"article","og_title":"Autos del Podio | Larga vida a las 24 Horas de Buenos Aires","og_description":"Autos del Podio El cl\u00e1sico del automovilismo argentino tuvo su fiesta en el Galvez porte\u00f1o","og_url":"https:\/\/autosdelpodio.com\/autos\/larga-vida-a-las-24-horas-de-buenos-aires\/","og_site_name":"Autos del Podio","article_publisher":"https:\/\/www.facebook.com\/profile.php?id=100057192590976&amp%3bamp%3bamp%3bamp%3bamp%3bamp%3bamp%3bamp%3bamp%3bamp%3bamp%3bamp%3bamp%3bamp%3bamp%3bamp%3bamp%3bamp%3bref=ts","article_published_time":"2023-03-30T19:19:21+00:00","article_modified_time":"2023-03-31T12:43:35+00:00","og_image":[{"width":1200,"height":797,"url":"https:\/\/autosdelpodio.com\/autos\/wp-content\/uploads\/2023\/03\/24_hsba_1200.jpg","type":"image\/jpeg"}],"author":"autosdelpodio","twitter_card":"summary_large_image","twitter_creator":"@autosdelpodio","twitter_site":"@autosdelpodio","twitter_misc":{"Escrito por":"autosdelpodio","Tiempo de lectura":"3 minutos"},"schema":{"@context":"https:\/\/schema.org","@graph":[{"@type":"Article","@id":"https:\/\/autosdelpodio.com\/autos\/larga-vida-a-las-24-horas-de-buenos-aires\/#article","isPartOf":{"@id":"https:\/\/autosdelpodio.com\/autos\/larga-vida-a-las-24-horas-de-buenos-aires\/"},"author":{"name":"autosdelpodio","@id":"http:\/\/autosdelpodio.com\/autos\/#\/schema\/person\/993527a4d01c3acdd3d6bce3770bc942"},"headline":"Larga vida a las 24 Horas de Buenos Aires","datePublished":"2023-03-30T19:19:21+00:00","dateModified":"2023-03-31T12:43:35+00:00","mainEntityOfPage":{"@id":"https:\/\/autosdelpodio.com\/autos\/larga-vida-a-las-24-horas-de-buenos-aires\/"},"wordCount":558,"commentCount":0,"publisher":{"@id":"http:\/\/autosdelpodio.com\/autos\/#organization"},"image":{"@id":"https:\/\/autosdelpodio.com\/autos\/larga-vida-a-las-24-horas-de-buenos-aires\/#primaryimage"},"thumbnailUrl":"http:\/\/autosdelpodio.com\/autos\/wp-content\/uploads\/2023\/03\/24_hsba_1200.jpg","keywords":["24 Horas de Buenos Aires","Autodromo BA","Autos Clasicos","Endurance","Pilotos y Categorias","Republica Argentina"],"articleSection":["Destacado","\u00daltimas noticias"],"inLanguage":"es","potentialAction":[{"@type":"CommentAction","name":"Comment","target":["https:\/\/autosdelpodio.com\/autos\/larga-vida-a-las-24-horas-de-buenos-aires\/#respond"]}]},{"@type":"WebPage","@id":"https:\/\/autosdelpodio.com\/autos\/larga-vida-a-las-24-horas-de-buenos-aires\/","url":"https:\/\/autosdelpodio.com\/autos\/larga-vida-a-las-24-horas-de-buenos-aires\/","name":"Autos del Podio | Larga vida a las 24 Horas de Buenos Aires","isPartOf":{"@id":"http:\/\/autosdelpodio.com\/autos\/#website"},"primaryImageOfPage":{"@id":"https:\/\/autosdelpodio.com\/autos\/larga-vida-a-las-24-horas-de-buenos-aires\/#primaryimage"},"image":{"@id":"https:\/\/autosdelpodio.com\/autos\/larga-vida-a-las-24-horas-de-buenos-aires\/#primaryimage"},"thumbnailUrl":"http:\/\/autosdelpodio.com\/autos\/wp-content\/uploads\/2023\/03\/24_hsba_1200.jpg","datePublished":"2023-03-30T19:19:21+00:00","dateModified":"2023-03-31T12:43:35+00:00","description":"Autos del Podio El cl\u00e1sico del automovilismo argentino tuvo su fiesta en el Galvez porte\u00f1o","breadcrumb":{"@id":"https:\/\/autosdelpodio.com\/autos\/larga-vida-a-las-24-horas-de-buenos-aires\/#breadcrumb"},"inLanguage":"es","potentialAction":[{"@type":"ReadAction","target":["https:\/\/autosdelpodio.com\/autos\/larga-vida-a-las-24-horas-de-buenos-aires\/"]}]},{"@type":"ImageObject","inLanguage":"es","@id":"https:\/\/autosdelpodio.com\/autos\/larga-vida-a-las-24-horas-de-buenos-aires\/#primaryimage","url":"http:\/\/autosdelpodio.com\/autos\/wp-content\/uploads\/2023\/03\/24_hsba_1200.jpg","contentUrl":"http:\/\/autosdelpodio.com\/autos\/wp-content\/uploads\/2023\/03\/24_hsba_1200.jpg","width":1200,"height":797},{"@type":"BreadcrumbList","@id":"https:\/\/autosdelpodio.com\/autos\/larga-vida-a-las-24-horas-de-buenos-aires\/#breadcrumb","itemListElement":[{"@type":"ListItem","position":1,"name":"Portada","item":"http:\/\/autosdelpodio.com\/autos\/"},{"@type":"ListItem","position":2,"name":"Larga vida a las 24 Horas de Buenos Aires"}]},{"@type":"WebSite","@id":"http:\/\/autosdelpodio.com\/autos\/#website","url":"http:\/\/autosdelpodio.com\/autos\/","name":"Autos del Podio","description":"La sexta del deporte motor","publisher":{"@id":"http:\/\/autosdelpodio.com\/autos\/#organization"},"potentialAction":[{"@type":"SearchAction","target":{"@type":"EntryPoint","urlTemplate":"http:\/\/autosdelpodio.com\/autos\/?s={search_term_string}"},"query-input":{"@type":"PropertyValueSpecification","valueRequired":true,"valueName":"search_term_string"}}],"inLanguage":"es"},{"@type":"Organization","@id":"http:\/\/autosdelpodio.com\/autos\/#organization","name":"Autos del Podio","url":"http:\/\/autosdelpodio.com\/autos\/","logo":{"@type":"ImageObject","inLanguage":"es","@id":"http:\/\/autosdelpodio.com\/autos\/#\/schema\/logo\/image\/","url":"http:\/\/autosdelpodio.com\/autos\/wp-content\/uploads\/2020\/08\/Logo_AR.jpg","contentUrl":"http:\/\/autosdelpodio.com\/autos\/wp-content\/uploads\/2020\/08\/Logo_AR.jpg","width":1038,"height":1044,"caption":"Autos del Podio"},"image":{"@id":"http:\/\/autosdelpodio.com\/autos\/#\/schema\/logo\/image\/"},"sameAs":["https:\/\/www.facebook.com\/profile.php?id=100057192590976&amp;amp;amp;amp;amp;amp;amp;amp;amp;amp;amp;amp;amp;amp;amp;amp;amp;amp;ref=ts","https:\/\/x.com\/autosdelpodio","https:\/\/www.youtube.com\/user\/AutosdelPodio"]},{"@type":"Person","@id":"http:\/\/autosdelpodio.com\/autos\/#\/schema\/person\/993527a4d01c3acdd3d6bce3770bc942","name":"autosdelpodio","image":{"@type":"ImageObject","inLanguage":"es","@id":"http:\/\/autosdelpodio.com\/autos\/wp-content\/litespeed\/avatar\/aa8f65cd201a80f6b844f63278aa84af.jpg?ver=1776798175","url":"http:\/\/autosdelpodio.com\/autos\/wp-content\/litespeed\/avatar\/aa8f65cd201a80f6b844f63278aa84af.jpg?ver=1776798175","contentUrl":"http:\/\/autosdelpodio.com\/autos\/wp-content\/litespeed\/avatar\/aa8f65cd201a80f6b844f63278aa84af.jpg?ver=1776798175","caption":"autosdelpodio"}}]}},"views":400,"_links":{"self":[{"href":"http:\/\/autosdelpodio.com\/autos\/wp-json\/wp\/v2\/posts\/6771","targetHints":{"allow":["GET"]}}],"collection":[{"href":"http:\/\/autosdelpodio.com\/autos\/wp-json\/wp\/v2\/posts"}],"about":[{"href":"http:\/\/autosdelpodio.com\/autos\/wp-json\/wp\/v2\/types\/post"}],"author":[{"embeddable":true,"href":"http:\/\/autosdelpodio.com\/autos\/wp-json\/wp\/v2\/users\/3"}],"replies":[{"embeddable":true,"href":"http:\/\/autosdelpodio.com\/autos\/wp-json\/wp\/v2\/comments?post=6771"}],"version-history":[{"count":12,"href":"http:\/\/autosdelpodio.com\/autos\/wp-json\/wp\/v2\/posts\/6771\/revisions"}],"predecessor-version":[{"id":6792,"href":"http:\/\/autosdelpodio.com\/autos\/wp-json\/wp\/v2\/posts\/6771\/revisions\/6792"}],"wp:featuredmedia":[{"embeddable":true,"href":"http:\/\/autosdelpodio.com\/autos\/wp-json\/wp\/v2\/media\/6787"}],"wp:attachment":[{"href":"http:\/\/autosdelpodio.com\/autos\/wp-json\/wp\/v2\/media?parent=6771"}],"wp:term":[{"taxonomy":"category","embeddable":true,"href":"http:\/\/autosdelpodio.com\/autos\/wp-json\/wp\/v2\/categories?post=6771"},{"taxonomy":"post_tag","embeddable":true,"href":"http:\/\/autosdelpodio.com\/autos\/wp-json\/wp\/v2\/tags?post=6771"}],"curies":[{"name":"wp","href":"https:\/\/api.w.org\/{rel}","templated":true}]}}