{"id":6781,"date":"2023-03-29T16:50:06","date_gmt":"2023-03-29T19:50:06","guid":{"rendered":"http:\/\/autosdelpodio.com\/autos\/?p=6781"},"modified":"2023-03-29T21:40:44","modified_gmt":"2023-03-30T00:40:44","slug":"volkswagen-presento-el-nuevo-tiguan-allspace","status":"publish","type":"post","link":"http:\/\/autosdelpodio.com\/autos\/volkswagen-presento-el-nuevo-tiguan-allspace\/","title":{"rendered":"Volkswagen present\u00f3 el nuevo Tiguan Allspace"},"content":{"rendered":"\n<p>Volkswagen Argentina anuncia el lanzamiento del nuevo Tiguan Allspace, el integrante de mayor tama\u00f1o de la familia SUVW y uno de los veh\u00edculos m\u00e1s exitosos y preferidos del mercado. El modelo presenta una renovaci\u00f3n centrada en su dise\u00f1o y tecnolog\u00eda. Se ofrecer\u00e1 en una sola versi\u00f3n, denominada \u201cLife\u201d 350 TSI con un motor de 2.0 litros turbo de 220 CV de potencia y 350 Nm de torque. Est\u00e1 equipado con una caja DSG de 7 velocidades combinada con el ic\u00f3nico sistema de tracci\u00f3n integral 4Motion. Este veh\u00edculo de siete asientos llega para completar una oferta exclusiva que combina deportividad, seguridad y robustez.<\/p>\n\n\n\n<p>Fabricado en M\u00e9xico, el nuevo Tiguan Allspace se presenta con un renovado dise\u00f1o tanto frontal como trasero e incluye nuevos logos completamente alineados con el New Brand Design de la marca. Cuenta con un motor naftero 2.0 TSI de 220 CV de potencia que entrega 350 Nm de torque, caja DSG de 7 marchas con sistema Start &amp; Stop con regeneraci\u00f3n de frenado y tracci\u00f3n integral 4Motion aportando mayor seguridad, estabilidad y soporte activo.<\/p>\n\n\n\n<h5 class=\"wp-block-heading\"><strong>Equipamiento actualizado<\/strong><\/h5>\n\n\n\n<p>Entre su equipamiento destacado el nuevo Tiguan Allspace incluye el Active Info Display &amp; Discover Media, un tablero digital de 10,25\u201d y pantalla&nbsp; de 8\u201d con navegador y Wireless APP Conect, como as\u00ed tambi\u00e9n el nuevo cargador inal\u00e1mbrico que permite conectar smartphones compatibles sin necesidad de cables. Cuenta tambi\u00e9n con sensores de estacionamiento delantero, trasero, c\u00e1mara de visi\u00f3n trasera y sistema de apertura y encendido sin llave llamado \u201cKESSY\u201d.<\/p>\n\n\n\n<p>En cuanto al interior cuenta con una tercera fila de asientos, capacidad para 7 pasajeros y con un ba\u00fal con una capacidad de 230 litros o 685 litros en caso de plegar completamente la tercera fila.&nbsp; Agrega un nuevo climatizador t\u00e1ctil de 3 zonas y novedosos asistentes a la conducci\u00f3n como el control crucero adaptativo, freno aut\u00f3nomo de emergencia, sistema de detecci\u00f3n de peatones y asistente de luz de carretera \u201cLight Assist\u201d que hacen de este veh\u00edculo uno de los m\u00e1s seguros de su segmento.<\/p>\n\n\n\n<p>El nuevo Tiguan Allspace est\u00e1 equipado con 6 airbags, bloqueo de diferencial electr\u00f3nico, asistente en pendiente y de descenso, control de tracci\u00f3n, detector de fatiga y monitoreo de presi\u00f3n de neum\u00e1ticos.<\/p>\n\n\n\n<p>El Tiguan Allspace llega para incorporarse nuevamente a la familia SUVW, junto con Taos, T-Cross y Nivus, grandes protagonistas de sus segmentos.<\/p>\n\n\n\n<p><em>Fuente: prensa Volkswagen Argentina<\/em><\/p>\n","protected":false},"excerpt":{"rendered":"<p>Volkswagen Argentina anuncia el lanzamiento del nuevo Tiguan Allspace, el integrante de mayor tama\u00f1o de la familia SUVW y uno<\/p>\n","protected":false},"author":3,"featured_media":6783,"comment_status":"open","ping_status":"open","sticky":false,"template":"","format":"standard","meta":{"colormag_page_container_layout":"default_layout","colormag_page_sidebar_layout":"default_layout","footnotes":""},"categories":[6,5],"tags":[32,291,35,369,90],"class_list":["post-6781","post","type-post","status-publish","format-standard","has-post-thumbnail","hentry","category-newsflash","category-latest-news","tag-industria-automotriz","tag-lanzamientos","tag-republica-argentina","tag-suv","tag-volkswagen"],"yoast_head":"<!-- This site is optimized with the Yoast SEO plugin v27.4 - https:\/\/yoast.com\/product\/yoast-seo-wordpress\/ -->\n<title>Autos del Podio | Volkswagen present\u00f3 el nuevo Tiguan Allspace<\/title>\n<meta name=\"description\" content=\"Autos del Podio El renovado SUV combina confort, tecnolog\u00eda y seguridad para 7 pasajeros. Ya est\u00e1 disponible en concesionarios de la red Volkswagen.\" \/>\n<meta name=\"robots\" content=\"index, follow, max-snippet:-1, max-image-preview:large, max-video-preview:-1\" \/>\n<link rel=\"canonical\" href=\"https:\/\/autosdelpodio.com\/autos\/volkswagen-presento-el-nuevo-tiguan-allspace\/\" \/>\n<meta property=\"og:locale\" content=\"es_ES\" \/>\n<meta property=\"og:type\" content=\"article\" \/>\n<meta property=\"og:title\" content=\"Autos del Podio | Volkswagen present\u00f3 el nuevo Tiguan Allspace\" \/>\n<meta property=\"og:description\" content=\"Autos del Podio El renovado SUV combina confort, tecnolog\u00eda y seguridad para 7 pasajeros. Ya est\u00e1 disponible en concesionarios de la red Volkswagen.\" \/>\n<meta property=\"og:url\" content=\"https:\/\/autosdelpodio.com\/autos\/volkswagen-presento-el-nuevo-tiguan-allspace\/\" \/>\n<meta property=\"og:site_name\" content=\"Autos del Podio\" \/>\n<meta property=\"article:publisher\" content=\"https:\/\/www.facebook.com\/profile.php?id=100057192590976&amp;amp%3bamp%3bamp%3bamp%3bamp%3bamp%3bamp%3bamp%3bamp%3bamp%3bamp%3bamp%3bamp%3bamp%3bamp%3bamp%3bamp%3bamp%3bref=ts\" \/>\n<meta property=\"article:published_time\" content=\"2023-03-29T19:50:06+00:00\" \/>\n<meta property=\"article:modified_time\" content=\"2023-03-30T00:40:44+00:00\" \/>\n<meta property=\"og:image\" content=\"https:\/\/autosdelpodio.com\/autos\/wp-content\/uploads\/2023\/03\/ww_Tiguan_Allspace.jpg\" \/>\n\t<meta property=\"og:image:width\" content=\"500\" \/>\n\t<meta property=\"og:image:height\" content=\"300\" \/>\n\t<meta property=\"og:image:type\" content=\"image\/jpeg\" \/>\n<meta name=\"author\" content=\"autosdelpodio\" \/>\n<meta name=\"twitter:card\" content=\"summary_large_image\" \/>\n<meta name=\"twitter:creator\" content=\"@autosdelpodio\" \/>\n<meta name=\"twitter:site\" content=\"@autosdelpodio\" \/>\n<meta name=\"twitter:label1\" content=\"Escrito por\" \/>\n\t<meta name=\"twitter:data1\" content=\"autosdelpodio\" \/>\n\t<meta name=\"twitter:label2\" content=\"Tiempo de lectura\" \/>\n\t<meta name=\"twitter:data2\" content=\"2 minutos\" \/>\n<script type=\"application\/ld+json\" class=\"yoast-schema-graph\">{\"@context\":\"https:\\\/\\\/schema.org\",\"@graph\":[{\"@type\":\"Article\",\"@id\":\"https:\\\/\\\/autosdelpodio.com\\\/autos\\\/volkswagen-presento-el-nuevo-tiguan-allspace\\\/#article\",\"isPartOf\":{\"@id\":\"https:\\\/\\\/autosdelpodio.com\\\/autos\\\/volkswagen-presento-el-nuevo-tiguan-allspace\\\/\"},\"author\":{\"name\":\"autosdelpodio\",\"@id\":\"http:\\\/\\\/autosdelpodio.com\\\/autos\\\/#\\\/schema\\\/person\\\/993527a4d01c3acdd3d6bce3770bc942\"},\"headline\":\"Volkswagen present\u00f3 el nuevo Tiguan Allspace\",\"datePublished\":\"2023-03-29T19:50:06+00:00\",\"dateModified\":\"2023-03-30T00:40:44+00:00\",\"mainEntityOfPage\":{\"@id\":\"https:\\\/\\\/autosdelpodio.com\\\/autos\\\/volkswagen-presento-el-nuevo-tiguan-allspace\\\/\"},\"wordCount\":411,\"commentCount\":0,\"publisher\":{\"@id\":\"http:\\\/\\\/autosdelpodio.com\\\/autos\\\/#organization\"},\"image\":{\"@id\":\"https:\\\/\\\/autosdelpodio.com\\\/autos\\\/volkswagen-presento-el-nuevo-tiguan-allspace\\\/#primaryimage\"},\"thumbnailUrl\":\"http:\\\/\\\/autosdelpodio.com\\\/autos\\\/wp-content\\\/uploads\\\/2023\\\/03\\\/ww_Tiguan_Allspace.jpg\",\"keywords\":[\"Industria Automotriz\",\"Lanzamientos\",\"Republica Argentina\",\"SUV\",\"Volkswagen\"],\"articleSection\":[\"Destacado\",\"\u00daltimas noticias\"],\"inLanguage\":\"es\",\"potentialAction\":[{\"@type\":\"CommentAction\",\"name\":\"Comment\",\"target\":[\"https:\\\/\\\/autosdelpodio.com\\\/autos\\\/volkswagen-presento-el-nuevo-tiguan-allspace\\\/#respond\"]}]},{\"@type\":\"WebPage\",\"@id\":\"https:\\\/\\\/autosdelpodio.com\\\/autos\\\/volkswagen-presento-el-nuevo-tiguan-allspace\\\/\",\"url\":\"https:\\\/\\\/autosdelpodio.com\\\/autos\\\/volkswagen-presento-el-nuevo-tiguan-allspace\\\/\",\"name\":\"Autos del Podio | Volkswagen present\u00f3 el nuevo Tiguan Allspace\",\"isPartOf\":{\"@id\":\"http:\\\/\\\/autosdelpodio.com\\\/autos\\\/#website\"},\"primaryImageOfPage\":{\"@id\":\"https:\\\/\\\/autosdelpodio.com\\\/autos\\\/volkswagen-presento-el-nuevo-tiguan-allspace\\\/#primaryimage\"},\"image\":{\"@id\":\"https:\\\/\\\/autosdelpodio.com\\\/autos\\\/volkswagen-presento-el-nuevo-tiguan-allspace\\\/#primaryimage\"},\"thumbnailUrl\":\"http:\\\/\\\/autosdelpodio.com\\\/autos\\\/wp-content\\\/uploads\\\/2023\\\/03\\\/ww_Tiguan_Allspace.jpg\",\"datePublished\":\"2023-03-29T19:50:06+00:00\",\"dateModified\":\"2023-03-30T00:40:44+00:00\",\"description\":\"Autos del Podio El renovado SUV combina confort, tecnolog\u00eda y seguridad para 7 pasajeros. Ya est\u00e1 disponible en concesionarios de la red Volkswagen.\",\"breadcrumb\":{\"@id\":\"https:\\\/\\\/autosdelpodio.com\\\/autos\\\/volkswagen-presento-el-nuevo-tiguan-allspace\\\/#breadcrumb\"},\"inLanguage\":\"es\",\"potentialAction\":[{\"@type\":\"ReadAction\",\"target\":[\"https:\\\/\\\/autosdelpodio.com\\\/autos\\\/volkswagen-presento-el-nuevo-tiguan-allspace\\\/\"]}]},{\"@type\":\"ImageObject\",\"inLanguage\":\"es\",\"@id\":\"https:\\\/\\\/autosdelpodio.com\\\/autos\\\/volkswagen-presento-el-nuevo-tiguan-allspace\\\/#primaryimage\",\"url\":\"http:\\\/\\\/autosdelpodio.com\\\/autos\\\/wp-content\\\/uploads\\\/2023\\\/03\\\/ww_Tiguan_Allspace.jpg\",\"contentUrl\":\"http:\\\/\\\/autosdelpodio.com\\\/autos\\\/wp-content\\\/uploads\\\/2023\\\/03\\\/ww_Tiguan_Allspace.jpg\",\"width\":500,\"height\":300},{\"@type\":\"BreadcrumbList\",\"@id\":\"https:\\\/\\\/autosdelpodio.com\\\/autos\\\/volkswagen-presento-el-nuevo-tiguan-allspace\\\/#breadcrumb\",\"itemListElement\":[{\"@type\":\"ListItem\",\"position\":1,\"name\":\"Portada\",\"item\":\"http:\\\/\\\/autosdelpodio.com\\\/autos\\\/\"},{\"@type\":\"ListItem\",\"position\":2,\"name\":\"Volkswagen present\u00f3 el nuevo Tiguan Allspace\"}]},{\"@type\":\"WebSite\",\"@id\":\"http:\\\/\\\/autosdelpodio.com\\\/autos\\\/#website\",\"url\":\"http:\\\/\\\/autosdelpodio.com\\\/autos\\\/\",\"name\":\"Autos del Podio\",\"description\":\"La sexta del deporte motor\",\"publisher\":{\"@id\":\"http:\\\/\\\/autosdelpodio.com\\\/autos\\\/#organization\"},\"potentialAction\":[{\"@type\":\"SearchAction\",\"target\":{\"@type\":\"EntryPoint\",\"urlTemplate\":\"http:\\\/\\\/autosdelpodio.com\\\/autos\\\/?s={search_term_string}\"},\"query-input\":{\"@type\":\"PropertyValueSpecification\",\"valueRequired\":true,\"valueName\":\"search_term_string\"}}],\"inLanguage\":\"es\"},{\"@type\":\"Organization\",\"@id\":\"http:\\\/\\\/autosdelpodio.com\\\/autos\\\/#organization\",\"name\":\"Autos del Podio\",\"url\":\"http:\\\/\\\/autosdelpodio.com\\\/autos\\\/\",\"logo\":{\"@type\":\"ImageObject\",\"inLanguage\":\"es\",\"@id\":\"http:\\\/\\\/autosdelpodio.com\\\/autos\\\/#\\\/schema\\\/logo\\\/image\\\/\",\"url\":\"http:\\\/\\\/autosdelpodio.com\\\/autos\\\/wp-content\\\/uploads\\\/2020\\\/08\\\/Logo_AR.jpg\",\"contentUrl\":\"http:\\\/\\\/autosdelpodio.com\\\/autos\\\/wp-content\\\/uploads\\\/2020\\\/08\\\/Logo_AR.jpg\",\"width\":1038,\"height\":1044,\"caption\":\"Autos del Podio\"},\"image\":{\"@id\":\"http:\\\/\\\/autosdelpodio.com\\\/autos\\\/#\\\/schema\\\/logo\\\/image\\\/\"},\"sameAs\":[\"https:\\\/\\\/www.facebook.com\\\/profile.php?id=100057192590976&amp;amp;amp;amp;amp;amp;amp;amp;amp;amp;amp;amp;amp;amp;amp;amp;amp;amp;ref=ts\",\"https:\\\/\\\/x.com\\\/autosdelpodio\",\"https:\\\/\\\/www.youtube.com\\\/user\\\/AutosdelPodio\"]},{\"@type\":\"Person\",\"@id\":\"http:\\\/\\\/autosdelpodio.com\\\/autos\\\/#\\\/schema\\\/person\\\/993527a4d01c3acdd3d6bce3770bc942\",\"name\":\"autosdelpodio\",\"image\":{\"@type\":\"ImageObject\",\"inLanguage\":\"es\",\"@id\":\"http:\\\/\\\/autosdelpodio.com\\\/autos\\\/wp-content\\\/litespeed\\\/avatar\\\/aa8f65cd201a80f6b844f63278aa84af.jpg?ver=1776798175\",\"url\":\"http:\\\/\\\/autosdelpodio.com\\\/autos\\\/wp-content\\\/litespeed\\\/avatar\\\/aa8f65cd201a80f6b844f63278aa84af.jpg?ver=1776798175\",\"contentUrl\":\"http:\\\/\\\/autosdelpodio.com\\\/autos\\\/wp-content\\\/litespeed\\\/avatar\\\/aa8f65cd201a80f6b844f63278aa84af.jpg?ver=1776798175\",\"caption\":\"autosdelpodio\"}}]}<\/script>\n<!-- \/ Yoast SEO plugin. -->","yoast_head_json":{"title":"Autos del Podio | Volkswagen present\u00f3 el nuevo Tiguan Allspace","description":"Autos del Podio El renovado SUV combina confort, tecnolog\u00eda y seguridad para 7 pasajeros. Ya est\u00e1 disponible en concesionarios de la red Volkswagen.","robots":{"index":"index","follow":"follow","max-snippet":"max-snippet:-1","max-image-preview":"max-image-preview:large","max-video-preview":"max-video-preview:-1"},"canonical":"https:\/\/autosdelpodio.com\/autos\/volkswagen-presento-el-nuevo-tiguan-allspace\/","og_locale":"es_ES","og_type":"article","og_title":"Autos del Podio | Volkswagen present\u00f3 el nuevo Tiguan Allspace","og_description":"Autos del Podio El renovado SUV combina confort, tecnolog\u00eda y seguridad para 7 pasajeros. Ya est\u00e1 disponible en concesionarios de la red Volkswagen.","og_url":"https:\/\/autosdelpodio.com\/autos\/volkswagen-presento-el-nuevo-tiguan-allspace\/","og_site_name":"Autos del Podio","article_publisher":"https:\/\/www.facebook.com\/profile.php?id=100057192590976&amp%3bamp%3bamp%3bamp%3bamp%3bamp%3bamp%3bamp%3bamp%3bamp%3bamp%3bamp%3bamp%3bamp%3bamp%3bamp%3bamp%3bamp%3bref=ts","article_published_time":"2023-03-29T19:50:06+00:00","article_modified_time":"2023-03-30T00:40:44+00:00","og_image":[{"width":500,"height":300,"url":"https:\/\/autosdelpodio.com\/autos\/wp-content\/uploads\/2023\/03\/ww_Tiguan_Allspace.jpg","type":"image\/jpeg"}],"author":"autosdelpodio","twitter_card":"summary_large_image","twitter_creator":"@autosdelpodio","twitter_site":"@autosdelpodio","twitter_misc":{"Escrito por":"autosdelpodio","Tiempo de lectura":"2 minutos"},"schema":{"@context":"https:\/\/schema.org","@graph":[{"@type":"Article","@id":"https:\/\/autosdelpodio.com\/autos\/volkswagen-presento-el-nuevo-tiguan-allspace\/#article","isPartOf":{"@id":"https:\/\/autosdelpodio.com\/autos\/volkswagen-presento-el-nuevo-tiguan-allspace\/"},"author":{"name":"autosdelpodio","@id":"http:\/\/autosdelpodio.com\/autos\/#\/schema\/person\/993527a4d01c3acdd3d6bce3770bc942"},"headline":"Volkswagen present\u00f3 el nuevo Tiguan Allspace","datePublished":"2023-03-29T19:50:06+00:00","dateModified":"2023-03-30T00:40:44+00:00","mainEntityOfPage":{"@id":"https:\/\/autosdelpodio.com\/autos\/volkswagen-presento-el-nuevo-tiguan-allspace\/"},"wordCount":411,"commentCount":0,"publisher":{"@id":"http:\/\/autosdelpodio.com\/autos\/#organization"},"image":{"@id":"https:\/\/autosdelpodio.com\/autos\/volkswagen-presento-el-nuevo-tiguan-allspace\/#primaryimage"},"thumbnailUrl":"http:\/\/autosdelpodio.com\/autos\/wp-content\/uploads\/2023\/03\/ww_Tiguan_Allspace.jpg","keywords":["Industria Automotriz","Lanzamientos","Republica Argentina","SUV","Volkswagen"],"articleSection":["Destacado","\u00daltimas noticias"],"inLanguage":"es","potentialAction":[{"@type":"CommentAction","name":"Comment","target":["https:\/\/autosdelpodio.com\/autos\/volkswagen-presento-el-nuevo-tiguan-allspace\/#respond"]}]},{"@type":"WebPage","@id":"https:\/\/autosdelpodio.com\/autos\/volkswagen-presento-el-nuevo-tiguan-allspace\/","url":"https:\/\/autosdelpodio.com\/autos\/volkswagen-presento-el-nuevo-tiguan-allspace\/","name":"Autos del Podio | Volkswagen present\u00f3 el nuevo Tiguan Allspace","isPartOf":{"@id":"http:\/\/autosdelpodio.com\/autos\/#website"},"primaryImageOfPage":{"@id":"https:\/\/autosdelpodio.com\/autos\/volkswagen-presento-el-nuevo-tiguan-allspace\/#primaryimage"},"image":{"@id":"https:\/\/autosdelpodio.com\/autos\/volkswagen-presento-el-nuevo-tiguan-allspace\/#primaryimage"},"thumbnailUrl":"http:\/\/autosdelpodio.com\/autos\/wp-content\/uploads\/2023\/03\/ww_Tiguan_Allspace.jpg","datePublished":"2023-03-29T19:50:06+00:00","dateModified":"2023-03-30T00:40:44+00:00","description":"Autos del Podio El renovado SUV combina confort, tecnolog\u00eda y seguridad para 7 pasajeros. Ya est\u00e1 disponible en concesionarios de la red Volkswagen.","breadcrumb":{"@id":"https:\/\/autosdelpodio.com\/autos\/volkswagen-presento-el-nuevo-tiguan-allspace\/#breadcrumb"},"inLanguage":"es","potentialAction":[{"@type":"ReadAction","target":["https:\/\/autosdelpodio.com\/autos\/volkswagen-presento-el-nuevo-tiguan-allspace\/"]}]},{"@type":"ImageObject","inLanguage":"es","@id":"https:\/\/autosdelpodio.com\/autos\/volkswagen-presento-el-nuevo-tiguan-allspace\/#primaryimage","url":"http:\/\/autosdelpodio.com\/autos\/wp-content\/uploads\/2023\/03\/ww_Tiguan_Allspace.jpg","contentUrl":"http:\/\/autosdelpodio.com\/autos\/wp-content\/uploads\/2023\/03\/ww_Tiguan_Allspace.jpg","width":500,"height":300},{"@type":"BreadcrumbList","@id":"https:\/\/autosdelpodio.com\/autos\/volkswagen-presento-el-nuevo-tiguan-allspace\/#breadcrumb","itemListElement":[{"@type":"ListItem","position":1,"name":"Portada","item":"http:\/\/autosdelpodio.com\/autos\/"},{"@type":"ListItem","position":2,"name":"Volkswagen present\u00f3 el nuevo Tiguan Allspace"}]},{"@type":"WebSite","@id":"http:\/\/autosdelpodio.com\/autos\/#website","url":"http:\/\/autosdelpodio.com\/autos\/","name":"Autos del Podio","description":"La sexta del deporte motor","publisher":{"@id":"http:\/\/autosdelpodio.com\/autos\/#organization"},"potentialAction":[{"@type":"SearchAction","target":{"@type":"EntryPoint","urlTemplate":"http:\/\/autosdelpodio.com\/autos\/?s={search_term_string}"},"query-input":{"@type":"PropertyValueSpecification","valueRequired":true,"valueName":"search_term_string"}}],"inLanguage":"es"},{"@type":"Organization","@id":"http:\/\/autosdelpodio.com\/autos\/#organization","name":"Autos del Podio","url":"http:\/\/autosdelpodio.com\/autos\/","logo":{"@type":"ImageObject","inLanguage":"es","@id":"http:\/\/autosdelpodio.com\/autos\/#\/schema\/logo\/image\/","url":"http:\/\/autosdelpodio.com\/autos\/wp-content\/uploads\/2020\/08\/Logo_AR.jpg","contentUrl":"http:\/\/autosdelpodio.com\/autos\/wp-content\/uploads\/2020\/08\/Logo_AR.jpg","width":1038,"height":1044,"caption":"Autos del Podio"},"image":{"@id":"http:\/\/autosdelpodio.com\/autos\/#\/schema\/logo\/image\/"},"sameAs":["https:\/\/www.facebook.com\/profile.php?id=100057192590976&amp;amp;amp;amp;amp;amp;amp;amp;amp;amp;amp;amp;amp;amp;amp;amp;amp;amp;ref=ts","https:\/\/x.com\/autosdelpodio","https:\/\/www.youtube.com\/user\/AutosdelPodio"]},{"@type":"Person","@id":"http:\/\/autosdelpodio.com\/autos\/#\/schema\/person\/993527a4d01c3acdd3d6bce3770bc942","name":"autosdelpodio","image":{"@type":"ImageObject","inLanguage":"es","@id":"http:\/\/autosdelpodio.com\/autos\/wp-content\/litespeed\/avatar\/aa8f65cd201a80f6b844f63278aa84af.jpg?ver=1776798175","url":"http:\/\/autosdelpodio.com\/autos\/wp-content\/litespeed\/avatar\/aa8f65cd201a80f6b844f63278aa84af.jpg?ver=1776798175","contentUrl":"http:\/\/autosdelpodio.com\/autos\/wp-content\/litespeed\/avatar\/aa8f65cd201a80f6b844f63278aa84af.jpg?ver=1776798175","caption":"autosdelpodio"}}]}},"views":368,"_links":{"self":[{"href":"http:\/\/autosdelpodio.com\/autos\/wp-json\/wp\/v2\/posts\/6781","targetHints":{"allow":["GET"]}}],"collection":[{"href":"http:\/\/autosdelpodio.com\/autos\/wp-json\/wp\/v2\/posts"}],"about":[{"href":"http:\/\/autosdelpodio.com\/autos\/wp-json\/wp\/v2\/types\/post"}],"author":[{"embeddable":true,"href":"http:\/\/autosdelpodio.com\/autos\/wp-json\/wp\/v2\/users\/3"}],"replies":[{"embeddable":true,"href":"http:\/\/autosdelpodio.com\/autos\/wp-json\/wp\/v2\/comments?post=6781"}],"version-history":[{"count":2,"href":"http:\/\/autosdelpodio.com\/autos\/wp-json\/wp\/v2\/posts\/6781\/revisions"}],"predecessor-version":[{"id":6785,"href":"http:\/\/autosdelpodio.com\/autos\/wp-json\/wp\/v2\/posts\/6781\/revisions\/6785"}],"wp:featuredmedia":[{"embeddable":true,"href":"http:\/\/autosdelpodio.com\/autos\/wp-json\/wp\/v2\/media\/6783"}],"wp:attachment":[{"href":"http:\/\/autosdelpodio.com\/autos\/wp-json\/wp\/v2\/media?parent=6781"}],"wp:term":[{"taxonomy":"category","embeddable":true,"href":"http:\/\/autosdelpodio.com\/autos\/wp-json\/wp\/v2\/categories?post=6781"},{"taxonomy":"post_tag","embeddable":true,"href":"http:\/\/autosdelpodio.com\/autos\/wp-json\/wp\/v2\/tags?post=6781"}],"curies":[{"name":"wp","href":"https:\/\/api.w.org\/{rel}","templated":true}]}}