{"id":6806,"date":"2023-04-09T16:40:49","date_gmt":"2023-04-09T19:40:49","guid":{"rendered":"http:\/\/autosdelpodio.com\/autos\/?p=6806"},"modified":"2023-04-09T16:40:50","modified_gmt":"2023-04-09T19:40:50","slug":"pincho-el-triunfo","status":"publish","type":"post","link":"http:\/\/autosdelpodio.com\/autos\/pincho-el-triunfo\/","title":{"rendered":"Pincho el triunfo"},"content":{"rendered":"\n<p>El actual monarca de la Clase 3 del TN se llev\u00f3 la tercera final del a\u00f1o en el Aut\u00f3dromo de Paran\u00e1.A bordo del Chevrolet Cruze el de Lober\u00eda fue escoltado por Fabi\u00e1n Yannantuoni y Jer\u00f3nimo Teti.<br>Fin de semana ideal para el Pinchito, que solo le falt\u00f3 quedarse por la Pole del S\u00e1bado, que qued\u00f3 en manos del local Mariano Werner.Pero a partir de all\u00ed, fruto de quedar segundo se impuso en su serie e hizo un verdadero monologo en la carrera a lo largo de 20 giros.<br>La pr\u00f3xima fecha ser\u00e1 el 7 de mayo muy probablemente en el Aut\u00f3dromo de Concordia, provincia de Entre R\u00edos.<\/p>\n\n\n\n<p><strong><em>Final C3 del TN &#8211; Fecha 3<\/em><\/strong><\/p>\n\n\n\n<figure class=\"wp-block-table\"><table><tbody><tr><td>1\u00ba<\/td><td>CASTELLANO<\/td><td>Chevrolet Cruze<\/td><td>33;25.090<\/td><\/tr><tr><td>2\u00ba<\/td><td>YANNANTUONI<\/td><td>Fiat Tipo<\/td><td>2.071<\/td><\/tr><tr><td>3\u00ba<\/td><td>TETI<\/td><td>Chevrolet Cruze<\/td><td>4.382<\/td><\/tr><tr><td>4\u00ba<\/td><td>SANTERO<\/td><td>Toyota Corolla<\/td><td>7.041<\/td><\/tr><tr><td>5\u00ba<\/td><td>MU\u00d1OZ MARCHESI<\/td><td>Ford Focus<\/td><td>10.450<\/td><\/tr><tr><td>6\u00ba<\/td><td>URCERA<\/td><td>Ford Focus<\/td><td>10.480<\/td><\/tr><tr><td>7\u00ba<\/td><td>GARCIA<\/td><td>Toyota Corolla<\/td><td>11.166<\/td><\/tr><tr><td>8\u00ba<\/td><td>IGLESIAS<\/td><td>Toyota Corolla<\/td><td>11.600<\/td><\/tr><tr><td>9\u00ba<\/td><td>GASSMANN<\/td><td>Chevrolet Cruze<\/td><td>12.620<\/td><\/tr><tr><td>10\u00ba<\/td><td>MALLO S<\/td><td>Chevrolet Cruze<\/td><td>13.038<\/td><\/tr><tr><td>11\u00ba<\/td><td>RISATTI<\/td><td>Ford Focus<\/td><td>13.654<\/td><\/tr><tr><td>12\u00ba<\/td><td>FRANETOVICH<\/td><td>Ford Focus<\/td><td>15.658<\/td><\/tr><tr><td>13\u00ba<\/td><td>JAKOS<\/td><td>Toyota Corolla<\/td><td>16.351<\/td><\/tr><tr><td>14\u00ba<\/td><td>BUSTOS F<\/td><td>Toyota Corolla<\/td><td>16.670<\/td><\/tr><tr><td>15\u00ba<\/td><td>IANSA<\/td><td>Ford Focus<\/td><td>17.552<\/td><\/tr><tr><td>16\u00ba<\/td><td>VICINO<\/td><td>Toyota Corolla<\/td><td>17.955<\/td><\/tr><tr><td>17\u00ba<\/td><td>CRAVERO<\/td><td>Ford Focus<\/td><td>19.204<\/td><\/tr><tr><td>18\u00ba<\/td><td>DOMENECH<\/td><td>Toyota Corolla<\/td><td>19.584<\/td><\/tr><tr><td>19\u00ba<\/td><td>MALLO M.<\/td><td>Chevrolet Cruze<\/td><td>21.584<\/td><\/tr><tr><td>20\u00ba<\/td><td>TEDESCHI<\/td><td>Ford Focus<\/td><td>25.326<\/td><\/tr><tr><td>21\u00ba<\/td><td>COHEN<\/td><td>Ford Focus<\/td><td>27.776<\/td><\/tr><tr><td>22\u00ba<\/td><td>NUNEZ<\/td><td>Toyota Corolla<\/td><td>28.555<\/td><\/tr><tr><td>23\u00ba<\/td><td>MENVIELLE<\/td><td>Chevrolet Cruze<\/td><td>29.274<\/td><\/tr><tr><td>24\u00ba<\/td><td>ZANAZZI<\/td><td>Ford Focus<\/td><td>34.952<\/td><\/tr><tr><td>25\u00ba<\/td><td>GEYMONAT<\/td><td>Toyota Corolla<\/td><td>1;08.378<\/td><\/tr><tr><td>26\u00ba<\/td><td>WERNER<\/td><td>Toyota Corolla<\/td><td>2 vtas<\/td><\/tr><tr><td>27\u00ba<\/td><td>CHAPUR<\/td><td>Ford Focus<\/td><td>2 vtas<\/td><\/tr><tr><td>28\u00ba<\/td><td>CIAURRO<\/td><td>Ford Focus<\/td><td>3 vtas<\/td><\/tr><tr><td>29\u00ba<\/td><td>DE BENEDICTIS<\/td><td>Ford Focus<\/td><td>3 vtas<\/td><\/tr><tr><td>30\u00ba<\/td><td>BAGNERA<\/td><td>Toyota Corolla<\/td><td>6 vtas<\/td><\/tr><tr><td>31\u00ba<\/td><td>GOMEZ<\/td><td>Chevrolet Cruze<\/td><td>9 vtas<\/td><\/tr><tr><td>32\u00ba<\/td><td>PERNIA L<\/td><td>Ford Focus<\/td><td>11 vtas<\/td><\/tr><tr><td>33\u00ba<\/td><td>PIPKIN<\/td><td>Toyota Corolla<\/td><td>11 vtas<\/td><\/tr><tr><td>34\u00ba<\/td><td>LARRAURI<\/td><td>Honda Civic<\/td><td>12 vtas<\/td><\/tr><tr><td>35\u00ba<\/td><td>LUNA<\/td><td>Chevrolet Cruze<\/td><td>12 vtas<\/td><\/tr><tr><td>36\u00ba<\/td><td>GARRIZ<\/td><td>Citro\u00ebn C-Elys\u00e9e<\/td><td>13 vtas<\/td><\/tr><tr><td>37\u00ba<\/td><td>PERNIA M<\/td><td>Fiat Tipo<\/td><td>14 vtas<\/td><\/tr><tr><td>38\u00ba<\/td><td>GRIPPO<\/td><td>Toyota Corolla<\/td><td>16 vtas<\/td><\/tr><tr><td>39\u00ba<\/td><td>SCHENONE<\/td><td>Chevrolet Cruze<\/td><td>17 vtas<\/td><\/tr><tr><td>40\u00ba<\/td><td>CARDUCCI<\/td><td>Ford Focus<\/td><td>17 vtas<\/td><\/tr><tr><td>41\u00ba<\/td><td>MONTANARI<\/td><td>Chevrolet Cruze<\/td><td>19 vtas<\/td><\/tr><\/tbody><\/table><\/figure>\n","protected":false},"excerpt":{"rendered":"<p>El actual monarca de la Clase 3 del TN se llev\u00f3 la tercera final del a\u00f1o en el Aut\u00f3dromo de<\/p>\n","protected":false},"author":3,"featured_media":1614,"comment_status":"open","ping_status":"open","sticky":false,"template":"","format":"standard","meta":{"colormag_page_container_layout":"default_layout","colormag_page_sidebar_layout":"default_layout","footnotes":""},"categories":[16,5],"tags":[503,368,512,218,226,78],"class_list":["post-6806","post","type-post","status-publish","format-standard","has-post-thumbnail","hentry","category-recta-principal","category-latest-news","tag-autodromo-parana","tag-chevrolet-cruze","tag-clase-3","tag-entre-rios","tag-jonatan-castellano","tag-turismo-nacional"],"yoast_head":"<!-- This site is optimized with the Yoast SEO plugin v27.5 - https:\/\/yoast.com\/product\/yoast-seo-wordpress\/ -->\n<title>Autos del Podio | Pincho el triunfo<\/title>\n<meta name=\"description\" content=\"Autos del Podio Novena victoria en su historial para Jonatan Castellano en la clase mayor del TN\" \/>\n<meta name=\"robots\" content=\"index, follow, max-snippet:-1, max-image-preview:large, max-video-preview:-1\" \/>\n<link rel=\"canonical\" href=\"https:\/\/autosdelpodio.com\/autos\/pincho-el-triunfo\/\" \/>\n<meta property=\"og:locale\" content=\"es_ES\" \/>\n<meta property=\"og:type\" content=\"article\" \/>\n<meta property=\"og:title\" content=\"Autos del Podio | Pincho el triunfo\" \/>\n<meta property=\"og:description\" content=\"Autos del Podio Novena victoria en su historial para Jonatan Castellano en la clase mayor del TN\" \/>\n<meta property=\"og:url\" content=\"https:\/\/autosdelpodio.com\/autos\/pincho-el-triunfo\/\" \/>\n<meta property=\"og:site_name\" content=\"Autos del Podio\" \/>\n<meta property=\"article:publisher\" content=\"https:\/\/www.facebook.com\/profile.php?id=100057192590976&amp;amp%3bamp%3bamp%3bamp%3bamp%3bamp%3bamp%3bamp%3bamp%3bamp%3bamp%3bamp%3bamp%3bamp%3bamp%3bamp%3bamp%3bamp%3bref=ts\" \/>\n<meta property=\"article:published_time\" content=\"2023-04-09T19:40:49+00:00\" \/>\n<meta property=\"article:modified_time\" content=\"2023-04-09T19:40:50+00:00\" \/>\n<meta property=\"og:image\" content=\"https:\/\/autosdelpodio.com\/autos\/wp-content\/uploads\/2020\/04\/Logo_Turismo_Nacional.jpg\" \/>\n\t<meta property=\"og:image:width\" content=\"420\" \/>\n\t<meta property=\"og:image:height\" content=\"192\" \/>\n\t<meta property=\"og:image:type\" content=\"image\/jpeg\" \/>\n<meta name=\"author\" content=\"autosdelpodio\" \/>\n<meta name=\"twitter:card\" content=\"summary_large_image\" \/>\n<meta name=\"twitter:creator\" content=\"@autosdelpodio\" \/>\n<meta name=\"twitter:site\" content=\"@autosdelpodio\" \/>\n<meta name=\"twitter:label1\" content=\"Escrito por\" \/>\n\t<meta name=\"twitter:data1\" content=\"autosdelpodio\" \/>\n\t<meta name=\"twitter:label2\" content=\"Tiempo de lectura\" \/>\n\t<meta name=\"twitter:data2\" content=\"2 minutos\" \/>\n<script type=\"application\/ld+json\" class=\"yoast-schema-graph\">{\"@context\":\"https:\\\/\\\/schema.org\",\"@graph\":[{\"@type\":\"Article\",\"@id\":\"https:\\\/\\\/autosdelpodio.com\\\/autos\\\/pincho-el-triunfo\\\/#article\",\"isPartOf\":{\"@id\":\"https:\\\/\\\/autosdelpodio.com\\\/autos\\\/pincho-el-triunfo\\\/\"},\"author\":{\"name\":\"autosdelpodio\",\"@id\":\"http:\\\/\\\/autosdelpodio.com\\\/autos\\\/#\\\/schema\\\/person\\\/993527a4d01c3acdd3d6bce3770bc942\"},\"headline\":\"Pincho el triunfo\",\"datePublished\":\"2023-04-09T19:40:49+00:00\",\"dateModified\":\"2023-04-09T19:40:50+00:00\",\"mainEntityOfPage\":{\"@id\":\"https:\\\/\\\/autosdelpodio.com\\\/autos\\\/pincho-el-triunfo\\\/\"},\"wordCount\":273,\"commentCount\":0,\"publisher\":{\"@id\":\"http:\\\/\\\/autosdelpodio.com\\\/autos\\\/#organization\"},\"image\":{\"@id\":\"https:\\\/\\\/autosdelpodio.com\\\/autos\\\/pincho-el-triunfo\\\/#primaryimage\"},\"thumbnailUrl\":\"http:\\\/\\\/autosdelpodio.com\\\/autos\\\/wp-content\\\/uploads\\\/2020\\\/04\\\/Logo_Turismo_Nacional.jpg\",\"keywords\":[\"Autodromo Paran\u00e1\",\"Chevrolet Cruze\",\"Clase 3\",\"Entre Rios\",\"Jonatan Castellano\",\"Turismo Nacional\"],\"articleSection\":[\"Recta Principal\",\"\u00daltimas noticias\"],\"inLanguage\":\"es\",\"potentialAction\":[{\"@type\":\"CommentAction\",\"name\":\"Comment\",\"target\":[\"https:\\\/\\\/autosdelpodio.com\\\/autos\\\/pincho-el-triunfo\\\/#respond\"]}]},{\"@type\":\"WebPage\",\"@id\":\"https:\\\/\\\/autosdelpodio.com\\\/autos\\\/pincho-el-triunfo\\\/\",\"url\":\"https:\\\/\\\/autosdelpodio.com\\\/autos\\\/pincho-el-triunfo\\\/\",\"name\":\"Autos del Podio | Pincho el triunfo\",\"isPartOf\":{\"@id\":\"http:\\\/\\\/autosdelpodio.com\\\/autos\\\/#website\"},\"primaryImageOfPage\":{\"@id\":\"https:\\\/\\\/autosdelpodio.com\\\/autos\\\/pincho-el-triunfo\\\/#primaryimage\"},\"image\":{\"@id\":\"https:\\\/\\\/autosdelpodio.com\\\/autos\\\/pincho-el-triunfo\\\/#primaryimage\"},\"thumbnailUrl\":\"http:\\\/\\\/autosdelpodio.com\\\/autos\\\/wp-content\\\/uploads\\\/2020\\\/04\\\/Logo_Turismo_Nacional.jpg\",\"datePublished\":\"2023-04-09T19:40:49+00:00\",\"dateModified\":\"2023-04-09T19:40:50+00:00\",\"description\":\"Autos del Podio Novena victoria en su historial para Jonatan Castellano en la clase mayor del TN\",\"breadcrumb\":{\"@id\":\"https:\\\/\\\/autosdelpodio.com\\\/autos\\\/pincho-el-triunfo\\\/#breadcrumb\"},\"inLanguage\":\"es\",\"potentialAction\":[{\"@type\":\"ReadAction\",\"target\":[\"https:\\\/\\\/autosdelpodio.com\\\/autos\\\/pincho-el-triunfo\\\/\"]}]},{\"@type\":\"ImageObject\",\"inLanguage\":\"es\",\"@id\":\"https:\\\/\\\/autosdelpodio.com\\\/autos\\\/pincho-el-triunfo\\\/#primaryimage\",\"url\":\"http:\\\/\\\/autosdelpodio.com\\\/autos\\\/wp-content\\\/uploads\\\/2020\\\/04\\\/Logo_Turismo_Nacional.jpg\",\"contentUrl\":\"http:\\\/\\\/autosdelpodio.com\\\/autos\\\/wp-content\\\/uploads\\\/2020\\\/04\\\/Logo_Turismo_Nacional.jpg\",\"width\":420,\"height\":192},{\"@type\":\"BreadcrumbList\",\"@id\":\"https:\\\/\\\/autosdelpodio.com\\\/autos\\\/pincho-el-triunfo\\\/#breadcrumb\",\"itemListElement\":[{\"@type\":\"ListItem\",\"position\":1,\"name\":\"Portada\",\"item\":\"http:\\\/\\\/autosdelpodio.com\\\/autos\\\/\"},{\"@type\":\"ListItem\",\"position\":2,\"name\":\"Pincho el triunfo\"}]},{\"@type\":\"WebSite\",\"@id\":\"http:\\\/\\\/autosdelpodio.com\\\/autos\\\/#website\",\"url\":\"http:\\\/\\\/autosdelpodio.com\\\/autos\\\/\",\"name\":\"Autos del Podio\",\"description\":\"La sexta del deporte motor\",\"publisher\":{\"@id\":\"http:\\\/\\\/autosdelpodio.com\\\/autos\\\/#organization\"},\"potentialAction\":[{\"@type\":\"SearchAction\",\"target\":{\"@type\":\"EntryPoint\",\"urlTemplate\":\"http:\\\/\\\/autosdelpodio.com\\\/autos\\\/?s={search_term_string}\"},\"query-input\":{\"@type\":\"PropertyValueSpecification\",\"valueRequired\":true,\"valueName\":\"search_term_string\"}}],\"inLanguage\":\"es\"},{\"@type\":\"Organization\",\"@id\":\"http:\\\/\\\/autosdelpodio.com\\\/autos\\\/#organization\",\"name\":\"Autos del Podio\",\"url\":\"http:\\\/\\\/autosdelpodio.com\\\/autos\\\/\",\"logo\":{\"@type\":\"ImageObject\",\"inLanguage\":\"es\",\"@id\":\"http:\\\/\\\/autosdelpodio.com\\\/autos\\\/#\\\/schema\\\/logo\\\/image\\\/\",\"url\":\"http:\\\/\\\/autosdelpodio.com\\\/autos\\\/wp-content\\\/uploads\\\/2020\\\/08\\\/Logo_AR.jpg\",\"contentUrl\":\"http:\\\/\\\/autosdelpodio.com\\\/autos\\\/wp-content\\\/uploads\\\/2020\\\/08\\\/Logo_AR.jpg\",\"width\":1038,\"height\":1044,\"caption\":\"Autos del Podio\"},\"image\":{\"@id\":\"http:\\\/\\\/autosdelpodio.com\\\/autos\\\/#\\\/schema\\\/logo\\\/image\\\/\"},\"sameAs\":[\"https:\\\/\\\/www.facebook.com\\\/profile.php?id=100057192590976&amp;amp;amp;amp;amp;amp;amp;amp;amp;amp;amp;amp;amp;amp;amp;amp;amp;amp;ref=ts\",\"https:\\\/\\\/x.com\\\/autosdelpodio\",\"https:\\\/\\\/www.youtube.com\\\/user\\\/AutosdelPodio\"]},{\"@type\":\"Person\",\"@id\":\"http:\\\/\\\/autosdelpodio.com\\\/autos\\\/#\\\/schema\\\/person\\\/993527a4d01c3acdd3d6bce3770bc942\",\"name\":\"autosdelpodio\",\"image\":{\"@type\":\"ImageObject\",\"inLanguage\":\"es\",\"@id\":\"http:\\\/\\\/autosdelpodio.com\\\/autos\\\/wp-content\\\/litespeed\\\/avatar\\\/aa8f65cd201a80f6b844f63278aa84af.jpg?ver=1777403005\",\"url\":\"http:\\\/\\\/autosdelpodio.com\\\/autos\\\/wp-content\\\/litespeed\\\/avatar\\\/aa8f65cd201a80f6b844f63278aa84af.jpg?ver=1777403005\",\"contentUrl\":\"http:\\\/\\\/autosdelpodio.com\\\/autos\\\/wp-content\\\/litespeed\\\/avatar\\\/aa8f65cd201a80f6b844f63278aa84af.jpg?ver=1777403005\",\"caption\":\"autosdelpodio\"}}]}<\/script>\n<!-- \/ Yoast SEO plugin. -->","yoast_head_json":{"title":"Autos del Podio | Pincho el triunfo","description":"Autos del Podio Novena victoria en su historial para Jonatan Castellano en la clase mayor del TN","robots":{"index":"index","follow":"follow","max-snippet":"max-snippet:-1","max-image-preview":"max-image-preview:large","max-video-preview":"max-video-preview:-1"},"canonical":"https:\/\/autosdelpodio.com\/autos\/pincho-el-triunfo\/","og_locale":"es_ES","og_type":"article","og_title":"Autos del Podio | Pincho el triunfo","og_description":"Autos del Podio Novena victoria en su historial para Jonatan Castellano en la clase mayor del TN","og_url":"https:\/\/autosdelpodio.com\/autos\/pincho-el-triunfo\/","og_site_name":"Autos del Podio","article_publisher":"https:\/\/www.facebook.com\/profile.php?id=100057192590976&amp%3bamp%3bamp%3bamp%3bamp%3bamp%3bamp%3bamp%3bamp%3bamp%3bamp%3bamp%3bamp%3bamp%3bamp%3bamp%3bamp%3bamp%3bref=ts","article_published_time":"2023-04-09T19:40:49+00:00","article_modified_time":"2023-04-09T19:40:50+00:00","og_image":[{"width":420,"height":192,"url":"https:\/\/autosdelpodio.com\/autos\/wp-content\/uploads\/2020\/04\/Logo_Turismo_Nacional.jpg","type":"image\/jpeg"}],"author":"autosdelpodio","twitter_card":"summary_large_image","twitter_creator":"@autosdelpodio","twitter_site":"@autosdelpodio","twitter_misc":{"Escrito por":"autosdelpodio","Tiempo de lectura":"2 minutos"},"schema":{"@context":"https:\/\/schema.org","@graph":[{"@type":"Article","@id":"https:\/\/autosdelpodio.com\/autos\/pincho-el-triunfo\/#article","isPartOf":{"@id":"https:\/\/autosdelpodio.com\/autos\/pincho-el-triunfo\/"},"author":{"name":"autosdelpodio","@id":"http:\/\/autosdelpodio.com\/autos\/#\/schema\/person\/993527a4d01c3acdd3d6bce3770bc942"},"headline":"Pincho el triunfo","datePublished":"2023-04-09T19:40:49+00:00","dateModified":"2023-04-09T19:40:50+00:00","mainEntityOfPage":{"@id":"https:\/\/autosdelpodio.com\/autos\/pincho-el-triunfo\/"},"wordCount":273,"commentCount":0,"publisher":{"@id":"http:\/\/autosdelpodio.com\/autos\/#organization"},"image":{"@id":"https:\/\/autosdelpodio.com\/autos\/pincho-el-triunfo\/#primaryimage"},"thumbnailUrl":"http:\/\/autosdelpodio.com\/autos\/wp-content\/uploads\/2020\/04\/Logo_Turismo_Nacional.jpg","keywords":["Autodromo Paran\u00e1","Chevrolet Cruze","Clase 3","Entre Rios","Jonatan Castellano","Turismo Nacional"],"articleSection":["Recta Principal","\u00daltimas noticias"],"inLanguage":"es","potentialAction":[{"@type":"CommentAction","name":"Comment","target":["https:\/\/autosdelpodio.com\/autos\/pincho-el-triunfo\/#respond"]}]},{"@type":"WebPage","@id":"https:\/\/autosdelpodio.com\/autos\/pincho-el-triunfo\/","url":"https:\/\/autosdelpodio.com\/autos\/pincho-el-triunfo\/","name":"Autos del Podio | Pincho el triunfo","isPartOf":{"@id":"http:\/\/autosdelpodio.com\/autos\/#website"},"primaryImageOfPage":{"@id":"https:\/\/autosdelpodio.com\/autos\/pincho-el-triunfo\/#primaryimage"},"image":{"@id":"https:\/\/autosdelpodio.com\/autos\/pincho-el-triunfo\/#primaryimage"},"thumbnailUrl":"http:\/\/autosdelpodio.com\/autos\/wp-content\/uploads\/2020\/04\/Logo_Turismo_Nacional.jpg","datePublished":"2023-04-09T19:40:49+00:00","dateModified":"2023-04-09T19:40:50+00:00","description":"Autos del Podio Novena victoria en su historial para Jonatan Castellano en la clase mayor del TN","breadcrumb":{"@id":"https:\/\/autosdelpodio.com\/autos\/pincho-el-triunfo\/#breadcrumb"},"inLanguage":"es","potentialAction":[{"@type":"ReadAction","target":["https:\/\/autosdelpodio.com\/autos\/pincho-el-triunfo\/"]}]},{"@type":"ImageObject","inLanguage":"es","@id":"https:\/\/autosdelpodio.com\/autos\/pincho-el-triunfo\/#primaryimage","url":"http:\/\/autosdelpodio.com\/autos\/wp-content\/uploads\/2020\/04\/Logo_Turismo_Nacional.jpg","contentUrl":"http:\/\/autosdelpodio.com\/autos\/wp-content\/uploads\/2020\/04\/Logo_Turismo_Nacional.jpg","width":420,"height":192},{"@type":"BreadcrumbList","@id":"https:\/\/autosdelpodio.com\/autos\/pincho-el-triunfo\/#breadcrumb","itemListElement":[{"@type":"ListItem","position":1,"name":"Portada","item":"http:\/\/autosdelpodio.com\/autos\/"},{"@type":"ListItem","position":2,"name":"Pincho el triunfo"}]},{"@type":"WebSite","@id":"http:\/\/autosdelpodio.com\/autos\/#website","url":"http:\/\/autosdelpodio.com\/autos\/","name":"Autos del Podio","description":"La sexta del deporte motor","publisher":{"@id":"http:\/\/autosdelpodio.com\/autos\/#organization"},"potentialAction":[{"@type":"SearchAction","target":{"@type":"EntryPoint","urlTemplate":"http:\/\/autosdelpodio.com\/autos\/?s={search_term_string}"},"query-input":{"@type":"PropertyValueSpecification","valueRequired":true,"valueName":"search_term_string"}}],"inLanguage":"es"},{"@type":"Organization","@id":"http:\/\/autosdelpodio.com\/autos\/#organization","name":"Autos del Podio","url":"http:\/\/autosdelpodio.com\/autos\/","logo":{"@type":"ImageObject","inLanguage":"es","@id":"http:\/\/autosdelpodio.com\/autos\/#\/schema\/logo\/image\/","url":"http:\/\/autosdelpodio.com\/autos\/wp-content\/uploads\/2020\/08\/Logo_AR.jpg","contentUrl":"http:\/\/autosdelpodio.com\/autos\/wp-content\/uploads\/2020\/08\/Logo_AR.jpg","width":1038,"height":1044,"caption":"Autos del Podio"},"image":{"@id":"http:\/\/autosdelpodio.com\/autos\/#\/schema\/logo\/image\/"},"sameAs":["https:\/\/www.facebook.com\/profile.php?id=100057192590976&amp;amp;amp;amp;amp;amp;amp;amp;amp;amp;amp;amp;amp;amp;amp;amp;amp;amp;ref=ts","https:\/\/x.com\/autosdelpodio","https:\/\/www.youtube.com\/user\/AutosdelPodio"]},{"@type":"Person","@id":"http:\/\/autosdelpodio.com\/autos\/#\/schema\/person\/993527a4d01c3acdd3d6bce3770bc942","name":"autosdelpodio","image":{"@type":"ImageObject","inLanguage":"es","@id":"http:\/\/autosdelpodio.com\/autos\/wp-content\/litespeed\/avatar\/aa8f65cd201a80f6b844f63278aa84af.jpg?ver=1777403005","url":"http:\/\/autosdelpodio.com\/autos\/wp-content\/litespeed\/avatar\/aa8f65cd201a80f6b844f63278aa84af.jpg?ver=1777403005","contentUrl":"http:\/\/autosdelpodio.com\/autos\/wp-content\/litespeed\/avatar\/aa8f65cd201a80f6b844f63278aa84af.jpg?ver=1777403005","caption":"autosdelpodio"}}]}},"views":450,"_links":{"self":[{"href":"http:\/\/autosdelpodio.com\/autos\/wp-json\/wp\/v2\/posts\/6806","targetHints":{"allow":["GET"]}}],"collection":[{"href":"http:\/\/autosdelpodio.com\/autos\/wp-json\/wp\/v2\/posts"}],"about":[{"href":"http:\/\/autosdelpodio.com\/autos\/wp-json\/wp\/v2\/types\/post"}],"author":[{"embeddable":true,"href":"http:\/\/autosdelpodio.com\/autos\/wp-json\/wp\/v2\/users\/3"}],"replies":[{"embeddable":true,"href":"http:\/\/autosdelpodio.com\/autos\/wp-json\/wp\/v2\/comments?post=6806"}],"version-history":[{"count":1,"href":"http:\/\/autosdelpodio.com\/autos\/wp-json\/wp\/v2\/posts\/6806\/revisions"}],"predecessor-version":[{"id":6807,"href":"http:\/\/autosdelpodio.com\/autos\/wp-json\/wp\/v2\/posts\/6806\/revisions\/6807"}],"wp:featuredmedia":[{"embeddable":true,"href":"http:\/\/autosdelpodio.com\/autos\/wp-json\/wp\/v2\/media\/1614"}],"wp:attachment":[{"href":"http:\/\/autosdelpodio.com\/autos\/wp-json\/wp\/v2\/media?parent=6806"}],"wp:term":[{"taxonomy":"category","embeddable":true,"href":"http:\/\/autosdelpodio.com\/autos\/wp-json\/wp\/v2\/categories?post=6806"},{"taxonomy":"post_tag","embeddable":true,"href":"http:\/\/autosdelpodio.com\/autos\/wp-json\/wp\/v2\/tags?post=6806"}],"curies":[{"name":"wp","href":"https:\/\/api.w.org\/{rel}","templated":true}]}}