{"id":6832,"date":"2023-04-19T22:10:45","date_gmt":"2023-04-20T01:10:45","guid":{"rendered":"http:\/\/autosdelpodio.com\/autos\/?p=6832"},"modified":"2023-04-19T22:10:46","modified_gmt":"2023-04-20T01:10:46","slug":"multiplicar-es-la-tarea","status":"publish","type":"post","link":"http:\/\/autosdelpodio.com\/autos\/multiplicar-es-la-tarea\/","title":{"rendered":"Multiplicar es la tarea"},"content":{"rendered":"\n<p>El pasado Domingo 16 de Abril se produjo la exhibici\u00f3n de autos con fines solidarios en el Polideportivo La Torcaza de la localidad bonaerense de Ituzaing\u00f3. Hubo variedad de autos, m\u00fasica en vivo, feria con oferta gastron\u00f3mica y de objetos tem\u00e1ticos.<br>Cuando de ayudar se trata, todos debemos ser emp\u00e1ticos. En la zona oeste del gran Buenos Aires, el predio municipal de Ituzaing\u00f3 ubicado entre las calles Brandsen y Pringles fue una vez mas sede de esta iniciativa solidaria impulsada por la Fundaci\u00f3n Nobles Corazones Federal que invitaba a fierreros y p\u00fablico general a acercarse a la muestra al aire libre a cambio de un alimento no perecedero.<\/p>\n\n\n\n<figure class=\"wp-block-image aligncenter size-full\"><img fetchpriority=\"high\" decoding=\"async\" width=\"500\" height=\"325\" src=\"http:\/\/autosdelpodio.com\/autos\/wp-content\/uploads\/2023\/04\/Torino_Pato_Di_Palma.jpg\" alt=\"\" class=\"wp-image-6837\" srcset=\"http:\/\/autosdelpodio.com\/autos\/wp-content\/uploads\/2023\/04\/Torino_Pato_Di_Palma.jpg 500w, http:\/\/autosdelpodio.com\/autos\/wp-content\/uploads\/2023\/04\/Torino_Pato_Di_Palma-300x195.jpg 300w\" sizes=\"(max-width: 500px) 100vw, 500px\" \/><figcaption class=\"wp-element-caption\"><em><strong>El Torino de Patricio Di Palma que hab\u00eda empezado a construir su pap\u00e1 el Loco Luis presente una vez mas en Ituzaing\u00f3<\/strong><\/em><\/figcaption><\/figure>\n\n\n\n<p>La presencia de m\u00e1quinas multimarcas fue variada. El estado de conservaci\u00f3n de los mismos fue de aceptable a inmaculados.Muchos veh\u00edculos, acercados por los distintos clubes, agrupaciones y particulares con vestigios de \u00abd\u00e9cadas de batallas y rodaje\u00bb formaron parte de la misma y se entremezclaron sin aires de \u00abvedetismo alguno\u00bb.La idea y el motivo que nos agrupaba claramente era otro.<\/p>\n\n\n\n<figure class=\"wp-block-image aligncenter size-full\"><img decoding=\"async\" width=\"500\" height=\"300\" src=\"http:\/\/autosdelpodio.com\/autos\/wp-content\/uploads\/2023\/04\/Komby_VW.jpg\" alt=\"\" class=\"wp-image-6843\" srcset=\"http:\/\/autosdelpodio.com\/autos\/wp-content\/uploads\/2023\/04\/Komby_VW.jpg 500w, http:\/\/autosdelpodio.com\/autos\/wp-content\/uploads\/2023\/04\/Komby_VW-300x180.jpg 300w\" sizes=\"(max-width: 500px) 100vw, 500px\" \/><figcaption class=\"wp-element-caption\"><strong><em><a href=\"http:\/\/autosdelpodio.com\/autos\/la-pan-lactal-la-vw-kombi-argentina\/\" target=\"_blank\" rel=\"noreferrer noopener\">La Pan Lactal \u2013 La VW Kombi argentina<\/a><\/em><\/strong><\/figcaption><\/figure>\n\n\n\n<p><br>Los puestos de food trucks, artesanos, de la fundaci\u00f3n NCF \u00abAyudanos a ayudar\u00bb creada en 2019, el stand de Incucai, el show musical a cargo de la Banda Militar de M\u00fasica Jorge Newbery y la presencia del ex piloto de automovilismo Osvaldo Cocho Lopez hicieron olvidar el cielo plomizo y la amenaza de lluvia t\u00edpica de \u00e9pocas oto\u00f1ales.<\/p>\n\n\n\n<figure class=\"wp-block-gallery has-nested-images columns-default is-cropped wp-block-gallery-1 is-layout-flex wp-block-gallery-is-layout-flex\">\n<figure class=\"wp-block-image size-large\"><img decoding=\"async\" width=\"497\" height=\"611\" data-id=\"6839\" src=\"http:\/\/autosdelpodio.com\/autos\/wp-content\/uploads\/2023\/04\/Cocho_Torino.jpg\" alt=\"\" class=\"wp-image-6839\" srcset=\"http:\/\/autosdelpodio.com\/autos\/wp-content\/uploads\/2023\/04\/Cocho_Torino.jpg 497w, http:\/\/autosdelpodio.com\/autos\/wp-content\/uploads\/2023\/04\/Cocho_Torino-244x300.jpg 244w\" sizes=\"(max-width: 497px) 100vw, 497px\" \/><figcaption class=\"wp-element-caption\">A la izquierda, Cocho Lopez estampa la firma en la bandera argentina<\/figcaption><\/figure>\n\n\n\n<figure class=\"wp-block-image size-large\"><img loading=\"lazy\" decoding=\"async\" width=\"500\" height=\"325\" data-id=\"6840\" src=\"http:\/\/autosdelpodio.com\/autos\/wp-content\/uploads\/2023\/04\/Torino_Procar4000_JMT.jpg\" alt=\"\" class=\"wp-image-6840\" srcset=\"http:\/\/autosdelpodio.com\/autos\/wp-content\/uploads\/2023\/04\/Torino_Procar4000_JMT.jpg 500w, http:\/\/autosdelpodio.com\/autos\/wp-content\/uploads\/2023\/04\/Torino_Procar4000_JMT-300x195.jpg 300w\" sizes=\"(max-width: 500px) 100vw, 500px\" \/><figcaption class=\"wp-element-caption\">El Torino en homenaje al \u201cFlaco\u201d Traverso que maneja Germ\u00e1n de la Torre en el Procar4000 <\/figcaption><\/figure>\n\n\n\n<figure class=\"wp-block-image size-large\"><img loading=\"lazy\" decoding=\"async\" width=\"500\" height=\"325\" data-id=\"6841\" src=\"http:\/\/autosdelpodio.com\/autos\/wp-content\/uploads\/2023\/04\/Banda_Militar_ITZGO.jpg\" alt=\"\" class=\"wp-image-6841\" srcset=\"http:\/\/autosdelpodio.com\/autos\/wp-content\/uploads\/2023\/04\/Banda_Militar_ITZGO.jpg 500w, http:\/\/autosdelpodio.com\/autos\/wp-content\/uploads\/2023\/04\/Banda_Militar_ITZGO-300x195.jpg 300w\" sizes=\"(max-width: 500px) 100vw, 500px\" \/><figcaption class=\"wp-element-caption\">El ritmo a cargo de La Banda Militar de M\u00fasica Jorge Newbery<\/figcaption><\/figure>\n<\/figure>\n","protected":false},"excerpt":{"rendered":"<p>El pasado Domingo 16 de Abril se produjo la exhibici\u00f3n de autos con fines solidarios en el Polideportivo La Torcaza<\/p>\n","protected":false},"author":3,"featured_media":6835,"comment_status":"open","ping_status":"open","sticky":false,"template":"","format":"standard","meta":{"colormag_page_container_layout":"default_layout","colormag_page_sidebar_layout":"default_layout","footnotes":""},"categories":[6,5],"tags":[118,186,569,292,68,750],"class_list":["post-6832","post","type-post","status-publish","format-standard","has-post-thumbnail","hentry","category-newsflash","category-latest-news","tag-autos-clasicos","tag-buenos-aires","tag-clubes","tag-eventos","tag-exposiciones","tag-ituzaingo"],"yoast_head":"<!-- This site is optimized with the Yoast SEO plugin v27.5 - https:\/\/yoast.com\/product\/yoast-seo-wordpress\/ -->\n<title>Autos del Podio | Multiplicar es la tarea<\/title>\n<meta name=\"description\" content=\"Autos del Podio Encuentro est\u00e1tico de autos multimarca en el partido de Ituazingo\" \/>\n<meta name=\"robots\" content=\"index, follow, max-snippet:-1, max-image-preview:large, max-video-preview:-1\" \/>\n<link rel=\"canonical\" href=\"https:\/\/autosdelpodio.com\/autos\/multiplicar-es-la-tarea\/\" \/>\n<meta property=\"og:locale\" content=\"es_ES\" \/>\n<meta property=\"og:type\" content=\"article\" \/>\n<meta property=\"og:title\" content=\"Autos del Podio | Multiplicar es la tarea\" \/>\n<meta property=\"og:description\" content=\"Autos del Podio Encuentro est\u00e1tico de autos multimarca en el partido de Ituazingo\" \/>\n<meta property=\"og:url\" content=\"https:\/\/autosdelpodio.com\/autos\/multiplicar-es-la-tarea\/\" \/>\n<meta property=\"og:site_name\" content=\"Autos del Podio\" \/>\n<meta property=\"article:publisher\" content=\"https:\/\/www.facebook.com\/profile.php?id=100057192590976&amp;amp%3bamp%3bamp%3bamp%3bamp%3bamp%3bamp%3bamp%3bamp%3bamp%3bamp%3bamp%3bamp%3bamp%3bamp%3bamp%3bamp%3bamp%3bref=ts\" \/>\n<meta property=\"article:published_time\" content=\"2023-04-20T01:10:45+00:00\" \/>\n<meta property=\"article:modified_time\" content=\"2023-04-20T01:10:46+00:00\" \/>\n<meta property=\"og:image\" content=\"https:\/\/autosdelpodio.com\/autos\/wp-content\/uploads\/2023\/04\/Expo_Ituzaingo_Portada.jpg\" \/>\n\t<meta property=\"og:image:width\" content=\"500\" \/>\n\t<meta property=\"og:image:height\" content=\"325\" \/>\n\t<meta property=\"og:image:type\" content=\"image\/jpeg\" \/>\n<meta name=\"author\" content=\"autosdelpodio\" \/>\n<meta name=\"twitter:card\" content=\"summary_large_image\" \/>\n<meta name=\"twitter:creator\" content=\"@autosdelpodio\" \/>\n<meta name=\"twitter:site\" content=\"@autosdelpodio\" \/>\n<meta name=\"twitter:label1\" content=\"Escrito por\" \/>\n\t<meta name=\"twitter:data1\" content=\"autosdelpodio\" \/>\n\t<meta name=\"twitter:label2\" content=\"Tiempo de lectura\" \/>\n\t<meta name=\"twitter:data2\" content=\"3 minutos\" \/>\n<script type=\"application\/ld+json\" class=\"yoast-schema-graph\">{\"@context\":\"https:\\\/\\\/schema.org\",\"@graph\":[{\"@type\":\"Article\",\"@id\":\"https:\\\/\\\/autosdelpodio.com\\\/autos\\\/multiplicar-es-la-tarea\\\/#article\",\"isPartOf\":{\"@id\":\"https:\\\/\\\/autosdelpodio.com\\\/autos\\\/multiplicar-es-la-tarea\\\/\"},\"author\":{\"name\":\"autosdelpodio\",\"@id\":\"http:\\\/\\\/autosdelpodio.com\\\/autos\\\/#\\\/schema\\\/person\\\/993527a4d01c3acdd3d6bce3770bc942\"},\"headline\":\"Multiplicar es la tarea\",\"datePublished\":\"2023-04-20T01:10:45+00:00\",\"dateModified\":\"2023-04-20T01:10:46+00:00\",\"mainEntityOfPage\":{\"@id\":\"https:\\\/\\\/autosdelpodio.com\\\/autos\\\/multiplicar-es-la-tarea\\\/\"},\"wordCount\":316,\"commentCount\":0,\"publisher\":{\"@id\":\"http:\\\/\\\/autosdelpodio.com\\\/autos\\\/#organization\"},\"image\":{\"@id\":\"https:\\\/\\\/autosdelpodio.com\\\/autos\\\/multiplicar-es-la-tarea\\\/#primaryimage\"},\"thumbnailUrl\":\"http:\\\/\\\/autosdelpodio.com\\\/autos\\\/wp-content\\\/uploads\\\/2023\\\/04\\\/Expo_Ituzaingo_Portada.jpg\",\"keywords\":[\"Autos Clasicos\",\"Buenos Aires\",\"Clubes\",\"Eventos\",\"Exposiciones\",\"Ituzaingo\"],\"articleSection\":[\"Destacado\",\"\u00daltimas noticias\"],\"inLanguage\":\"es\",\"potentialAction\":[{\"@type\":\"CommentAction\",\"name\":\"Comment\",\"target\":[\"https:\\\/\\\/autosdelpodio.com\\\/autos\\\/multiplicar-es-la-tarea\\\/#respond\"]}]},{\"@type\":\"WebPage\",\"@id\":\"https:\\\/\\\/autosdelpodio.com\\\/autos\\\/multiplicar-es-la-tarea\\\/\",\"url\":\"https:\\\/\\\/autosdelpodio.com\\\/autos\\\/multiplicar-es-la-tarea\\\/\",\"name\":\"Autos del Podio | Multiplicar es la tarea\",\"isPartOf\":{\"@id\":\"http:\\\/\\\/autosdelpodio.com\\\/autos\\\/#website\"},\"primaryImageOfPage\":{\"@id\":\"https:\\\/\\\/autosdelpodio.com\\\/autos\\\/multiplicar-es-la-tarea\\\/#primaryimage\"},\"image\":{\"@id\":\"https:\\\/\\\/autosdelpodio.com\\\/autos\\\/multiplicar-es-la-tarea\\\/#primaryimage\"},\"thumbnailUrl\":\"http:\\\/\\\/autosdelpodio.com\\\/autos\\\/wp-content\\\/uploads\\\/2023\\\/04\\\/Expo_Ituzaingo_Portada.jpg\",\"datePublished\":\"2023-04-20T01:10:45+00:00\",\"dateModified\":\"2023-04-20T01:10:46+00:00\",\"description\":\"Autos del Podio Encuentro est\u00e1tico de autos multimarca en el partido de Ituazingo\",\"breadcrumb\":{\"@id\":\"https:\\\/\\\/autosdelpodio.com\\\/autos\\\/multiplicar-es-la-tarea\\\/#breadcrumb\"},\"inLanguage\":\"es\",\"potentialAction\":[{\"@type\":\"ReadAction\",\"target\":[\"https:\\\/\\\/autosdelpodio.com\\\/autos\\\/multiplicar-es-la-tarea\\\/\"]}]},{\"@type\":\"ImageObject\",\"inLanguage\":\"es\",\"@id\":\"https:\\\/\\\/autosdelpodio.com\\\/autos\\\/multiplicar-es-la-tarea\\\/#primaryimage\",\"url\":\"http:\\\/\\\/autosdelpodio.com\\\/autos\\\/wp-content\\\/uploads\\\/2023\\\/04\\\/Expo_Ituzaingo_Portada.jpg\",\"contentUrl\":\"http:\\\/\\\/autosdelpodio.com\\\/autos\\\/wp-content\\\/uploads\\\/2023\\\/04\\\/Expo_Ituzaingo_Portada.jpg\",\"width\":500,\"height\":325},{\"@type\":\"BreadcrumbList\",\"@id\":\"https:\\\/\\\/autosdelpodio.com\\\/autos\\\/multiplicar-es-la-tarea\\\/#breadcrumb\",\"itemListElement\":[{\"@type\":\"ListItem\",\"position\":1,\"name\":\"Portada\",\"item\":\"http:\\\/\\\/autosdelpodio.com\\\/autos\\\/\"},{\"@type\":\"ListItem\",\"position\":2,\"name\":\"Multiplicar es la tarea\"}]},{\"@type\":\"WebSite\",\"@id\":\"http:\\\/\\\/autosdelpodio.com\\\/autos\\\/#website\",\"url\":\"http:\\\/\\\/autosdelpodio.com\\\/autos\\\/\",\"name\":\"Autos del Podio\",\"description\":\"La sexta del deporte motor\",\"publisher\":{\"@id\":\"http:\\\/\\\/autosdelpodio.com\\\/autos\\\/#organization\"},\"potentialAction\":[{\"@type\":\"SearchAction\",\"target\":{\"@type\":\"EntryPoint\",\"urlTemplate\":\"http:\\\/\\\/autosdelpodio.com\\\/autos\\\/?s={search_term_string}\"},\"query-input\":{\"@type\":\"PropertyValueSpecification\",\"valueRequired\":true,\"valueName\":\"search_term_string\"}}],\"inLanguage\":\"es\"},{\"@type\":\"Organization\",\"@id\":\"http:\\\/\\\/autosdelpodio.com\\\/autos\\\/#organization\",\"name\":\"Autos del Podio\",\"url\":\"http:\\\/\\\/autosdelpodio.com\\\/autos\\\/\",\"logo\":{\"@type\":\"ImageObject\",\"inLanguage\":\"es\",\"@id\":\"http:\\\/\\\/autosdelpodio.com\\\/autos\\\/#\\\/schema\\\/logo\\\/image\\\/\",\"url\":\"http:\\\/\\\/autosdelpodio.com\\\/autos\\\/wp-content\\\/uploads\\\/2020\\\/08\\\/Logo_AR.jpg\",\"contentUrl\":\"http:\\\/\\\/autosdelpodio.com\\\/autos\\\/wp-content\\\/uploads\\\/2020\\\/08\\\/Logo_AR.jpg\",\"width\":1038,\"height\":1044,\"caption\":\"Autos del Podio\"},\"image\":{\"@id\":\"http:\\\/\\\/autosdelpodio.com\\\/autos\\\/#\\\/schema\\\/logo\\\/image\\\/\"},\"sameAs\":[\"https:\\\/\\\/www.facebook.com\\\/profile.php?id=100057192590976&amp;amp;amp;amp;amp;amp;amp;amp;amp;amp;amp;amp;amp;amp;amp;amp;amp;amp;ref=ts\",\"https:\\\/\\\/x.com\\\/autosdelpodio\",\"https:\\\/\\\/www.youtube.com\\\/user\\\/AutosdelPodio\"]},{\"@type\":\"Person\",\"@id\":\"http:\\\/\\\/autosdelpodio.com\\\/autos\\\/#\\\/schema\\\/person\\\/993527a4d01c3acdd3d6bce3770bc942\",\"name\":\"autosdelpodio\",\"image\":{\"@type\":\"ImageObject\",\"inLanguage\":\"es\",\"@id\":\"http:\\\/\\\/autosdelpodio.com\\\/autos\\\/wp-content\\\/litespeed\\\/avatar\\\/aa8f65cd201a80f6b844f63278aa84af.jpg?ver=1777403005\",\"url\":\"http:\\\/\\\/autosdelpodio.com\\\/autos\\\/wp-content\\\/litespeed\\\/avatar\\\/aa8f65cd201a80f6b844f63278aa84af.jpg?ver=1777403005\",\"contentUrl\":\"http:\\\/\\\/autosdelpodio.com\\\/autos\\\/wp-content\\\/litespeed\\\/avatar\\\/aa8f65cd201a80f6b844f63278aa84af.jpg?ver=1777403005\",\"caption\":\"autosdelpodio\"}}]}<\/script>\n<!-- \/ Yoast SEO plugin. -->","yoast_head_json":{"title":"Autos del Podio | Multiplicar es la tarea","description":"Autos del Podio Encuentro est\u00e1tico de autos multimarca en el partido de Ituazingo","robots":{"index":"index","follow":"follow","max-snippet":"max-snippet:-1","max-image-preview":"max-image-preview:large","max-video-preview":"max-video-preview:-1"},"canonical":"https:\/\/autosdelpodio.com\/autos\/multiplicar-es-la-tarea\/","og_locale":"es_ES","og_type":"article","og_title":"Autos del Podio | Multiplicar es la tarea","og_description":"Autos del Podio Encuentro est\u00e1tico de autos multimarca en el partido de Ituazingo","og_url":"https:\/\/autosdelpodio.com\/autos\/multiplicar-es-la-tarea\/","og_site_name":"Autos del Podio","article_publisher":"https:\/\/www.facebook.com\/profile.php?id=100057192590976&amp%3bamp%3bamp%3bamp%3bamp%3bamp%3bamp%3bamp%3bamp%3bamp%3bamp%3bamp%3bamp%3bamp%3bamp%3bamp%3bamp%3bamp%3bref=ts","article_published_time":"2023-04-20T01:10:45+00:00","article_modified_time":"2023-04-20T01:10:46+00:00","og_image":[{"width":500,"height":325,"url":"https:\/\/autosdelpodio.com\/autos\/wp-content\/uploads\/2023\/04\/Expo_Ituzaingo_Portada.jpg","type":"image\/jpeg"}],"author":"autosdelpodio","twitter_card":"summary_large_image","twitter_creator":"@autosdelpodio","twitter_site":"@autosdelpodio","twitter_misc":{"Escrito por":"autosdelpodio","Tiempo de lectura":"3 minutos"},"schema":{"@context":"https:\/\/schema.org","@graph":[{"@type":"Article","@id":"https:\/\/autosdelpodio.com\/autos\/multiplicar-es-la-tarea\/#article","isPartOf":{"@id":"https:\/\/autosdelpodio.com\/autos\/multiplicar-es-la-tarea\/"},"author":{"name":"autosdelpodio","@id":"http:\/\/autosdelpodio.com\/autos\/#\/schema\/person\/993527a4d01c3acdd3d6bce3770bc942"},"headline":"Multiplicar es la tarea","datePublished":"2023-04-20T01:10:45+00:00","dateModified":"2023-04-20T01:10:46+00:00","mainEntityOfPage":{"@id":"https:\/\/autosdelpodio.com\/autos\/multiplicar-es-la-tarea\/"},"wordCount":316,"commentCount":0,"publisher":{"@id":"http:\/\/autosdelpodio.com\/autos\/#organization"},"image":{"@id":"https:\/\/autosdelpodio.com\/autos\/multiplicar-es-la-tarea\/#primaryimage"},"thumbnailUrl":"http:\/\/autosdelpodio.com\/autos\/wp-content\/uploads\/2023\/04\/Expo_Ituzaingo_Portada.jpg","keywords":["Autos Clasicos","Buenos Aires","Clubes","Eventos","Exposiciones","Ituzaingo"],"articleSection":["Destacado","\u00daltimas noticias"],"inLanguage":"es","potentialAction":[{"@type":"CommentAction","name":"Comment","target":["https:\/\/autosdelpodio.com\/autos\/multiplicar-es-la-tarea\/#respond"]}]},{"@type":"WebPage","@id":"https:\/\/autosdelpodio.com\/autos\/multiplicar-es-la-tarea\/","url":"https:\/\/autosdelpodio.com\/autos\/multiplicar-es-la-tarea\/","name":"Autos del Podio | Multiplicar es la tarea","isPartOf":{"@id":"http:\/\/autosdelpodio.com\/autos\/#website"},"primaryImageOfPage":{"@id":"https:\/\/autosdelpodio.com\/autos\/multiplicar-es-la-tarea\/#primaryimage"},"image":{"@id":"https:\/\/autosdelpodio.com\/autos\/multiplicar-es-la-tarea\/#primaryimage"},"thumbnailUrl":"http:\/\/autosdelpodio.com\/autos\/wp-content\/uploads\/2023\/04\/Expo_Ituzaingo_Portada.jpg","datePublished":"2023-04-20T01:10:45+00:00","dateModified":"2023-04-20T01:10:46+00:00","description":"Autos del Podio Encuentro est\u00e1tico de autos multimarca en el partido de Ituazingo","breadcrumb":{"@id":"https:\/\/autosdelpodio.com\/autos\/multiplicar-es-la-tarea\/#breadcrumb"},"inLanguage":"es","potentialAction":[{"@type":"ReadAction","target":["https:\/\/autosdelpodio.com\/autos\/multiplicar-es-la-tarea\/"]}]},{"@type":"ImageObject","inLanguage":"es","@id":"https:\/\/autosdelpodio.com\/autos\/multiplicar-es-la-tarea\/#primaryimage","url":"http:\/\/autosdelpodio.com\/autos\/wp-content\/uploads\/2023\/04\/Expo_Ituzaingo_Portada.jpg","contentUrl":"http:\/\/autosdelpodio.com\/autos\/wp-content\/uploads\/2023\/04\/Expo_Ituzaingo_Portada.jpg","width":500,"height":325},{"@type":"BreadcrumbList","@id":"https:\/\/autosdelpodio.com\/autos\/multiplicar-es-la-tarea\/#breadcrumb","itemListElement":[{"@type":"ListItem","position":1,"name":"Portada","item":"http:\/\/autosdelpodio.com\/autos\/"},{"@type":"ListItem","position":2,"name":"Multiplicar es la tarea"}]},{"@type":"WebSite","@id":"http:\/\/autosdelpodio.com\/autos\/#website","url":"http:\/\/autosdelpodio.com\/autos\/","name":"Autos del Podio","description":"La sexta del deporte motor","publisher":{"@id":"http:\/\/autosdelpodio.com\/autos\/#organization"},"potentialAction":[{"@type":"SearchAction","target":{"@type":"EntryPoint","urlTemplate":"http:\/\/autosdelpodio.com\/autos\/?s={search_term_string}"},"query-input":{"@type":"PropertyValueSpecification","valueRequired":true,"valueName":"search_term_string"}}],"inLanguage":"es"},{"@type":"Organization","@id":"http:\/\/autosdelpodio.com\/autos\/#organization","name":"Autos del Podio","url":"http:\/\/autosdelpodio.com\/autos\/","logo":{"@type":"ImageObject","inLanguage":"es","@id":"http:\/\/autosdelpodio.com\/autos\/#\/schema\/logo\/image\/","url":"http:\/\/autosdelpodio.com\/autos\/wp-content\/uploads\/2020\/08\/Logo_AR.jpg","contentUrl":"http:\/\/autosdelpodio.com\/autos\/wp-content\/uploads\/2020\/08\/Logo_AR.jpg","width":1038,"height":1044,"caption":"Autos del Podio"},"image":{"@id":"http:\/\/autosdelpodio.com\/autos\/#\/schema\/logo\/image\/"},"sameAs":["https:\/\/www.facebook.com\/profile.php?id=100057192590976&amp;amp;amp;amp;amp;amp;amp;amp;amp;amp;amp;amp;amp;amp;amp;amp;amp;amp;ref=ts","https:\/\/x.com\/autosdelpodio","https:\/\/www.youtube.com\/user\/AutosdelPodio"]},{"@type":"Person","@id":"http:\/\/autosdelpodio.com\/autos\/#\/schema\/person\/993527a4d01c3acdd3d6bce3770bc942","name":"autosdelpodio","image":{"@type":"ImageObject","inLanguage":"es","@id":"http:\/\/autosdelpodio.com\/autos\/wp-content\/litespeed\/avatar\/aa8f65cd201a80f6b844f63278aa84af.jpg?ver=1777403005","url":"http:\/\/autosdelpodio.com\/autos\/wp-content\/litespeed\/avatar\/aa8f65cd201a80f6b844f63278aa84af.jpg?ver=1777403005","contentUrl":"http:\/\/autosdelpodio.com\/autos\/wp-content\/litespeed\/avatar\/aa8f65cd201a80f6b844f63278aa84af.jpg?ver=1777403005","caption":"autosdelpodio"}}]}},"views":398,"_links":{"self":[{"href":"http:\/\/autosdelpodio.com\/autos\/wp-json\/wp\/v2\/posts\/6832","targetHints":{"allow":["GET"]}}],"collection":[{"href":"http:\/\/autosdelpodio.com\/autos\/wp-json\/wp\/v2\/posts"}],"about":[{"href":"http:\/\/autosdelpodio.com\/autos\/wp-json\/wp\/v2\/types\/post"}],"author":[{"embeddable":true,"href":"http:\/\/autosdelpodio.com\/autos\/wp-json\/wp\/v2\/users\/3"}],"replies":[{"embeddable":true,"href":"http:\/\/autosdelpodio.com\/autos\/wp-json\/wp\/v2\/comments?post=6832"}],"version-history":[{"count":6,"href":"http:\/\/autosdelpodio.com\/autos\/wp-json\/wp\/v2\/posts\/6832\/revisions"}],"predecessor-version":[{"id":6844,"href":"http:\/\/autosdelpodio.com\/autos\/wp-json\/wp\/v2\/posts\/6832\/revisions\/6844"}],"wp:featuredmedia":[{"embeddable":true,"href":"http:\/\/autosdelpodio.com\/autos\/wp-json\/wp\/v2\/media\/6835"}],"wp:attachment":[{"href":"http:\/\/autosdelpodio.com\/autos\/wp-json\/wp\/v2\/media?parent=6832"}],"wp:term":[{"taxonomy":"category","embeddable":true,"href":"http:\/\/autosdelpodio.com\/autos\/wp-json\/wp\/v2\/categories?post=6832"},{"taxonomy":"post_tag","embeddable":true,"href":"http:\/\/autosdelpodio.com\/autos\/wp-json\/wp\/v2\/tags?post=6832"}],"curies":[{"name":"wp","href":"https:\/\/api.w.org\/{rel}","templated":true}]}}