{"id":6848,"date":"2023-04-23T12:56:21","date_gmt":"2023-04-23T15:56:21","guid":{"rendered":"http:\/\/autosdelpodio.com\/autos\/?p=6848"},"modified":"2023-04-23T12:56:22","modified_gmt":"2023-04-23T15:56:22","slug":"todo-para-renault","status":"publish","type":"post","link":"http:\/\/autosdelpodio.com\/autos\/todo-para-renault\/","title":{"rendered":"Todo para Renault"},"content":{"rendered":"\n<p>El actual campe\u00f3n Leonel Pern\u00eda se llev\u00f3 la segunda y \u00faltima final de TC2000 en el Aut\u00f3dromo Oscar Cabal\u00e9n de C\u00f3rdoba. Al Poleman lo escoltaron Juli\u00e1n Santero e Ignacio Montenegro.<br>Buenas competencias arroj\u00f3 el paso de la categor\u00eda por Alta Gracia y fundamentalmente para el equipo Renault.Bajo una buena concurrencia de p\u00fablico, en el inicio de la jornada Ignacio Montenegro se qued\u00f3 con la primera final al cabo de 25 minutos mas una vuelta secundado por el propio Pernia y Facundo Aldrighetti, reciente incorporaci\u00f3n de Toyota.<br>El campeonato lo lidera la fiera del Tandil con 119 puntos.M\u00e1s atr\u00e1s se ubican Ignacio Montenegro con 82 y Juli\u00e1n Santero (Toyota) con 57.<br>El pr\u00f3ximo compromiso, pautado para el 14 de Mayo, ser\u00e1 en escenario a\u00fan a confirmar.<\/p>\n\n\n\n<p><strong>Final TC20000 &#8211; Fecha 3 &#8211; Carrera 2<\/strong><\/p>\n\n\n\n<figure class=\"wp-block-table\"><table><tbody><tr><td>1<\/td><td>RENAULT<\/td><td>1<\/td><td>L.PERNIA<\/td><td>17<\/td><td>26;59.958<\/td><td><\/td><\/tr><tr><td>2<\/td><td>TOYOTA<\/td><td>68<\/td><td>SANTERO<\/td><td>17<\/td><td>27;04.852<\/td><td>4.894<\/td><\/tr><tr><td>3<\/td><td>RENAULT<\/td><td>23<\/td><td>MONTENEGRO (C)<\/td><td>17<\/td><td>27;06.714<\/td><td>6.756<\/td><\/tr><tr><td>4<\/td><td>CHEVROLET<\/td><td>57<\/td><td>VIVIAN<\/td><td>17<\/td><td>27;07.349<\/td><td>7.391<\/td><\/tr><tr><td>5<\/td><td>HONDA<\/td><td>83<\/td><td>ARDUSSO<\/td><td>17<\/td><td>27;16.605<\/td><td>16.647<\/td><\/tr><tr><td>6<\/td><td>RENAULT<\/td><td>77<\/td><td>M.PERNIA (C)<\/td><td>17<\/td><td>27;22.311<\/td><td>22.353<\/td><\/tr><tr><td>7<\/td><td>HONDA<\/td><td>10<\/td><td>LLAVER<\/td><td>17<\/td><td>27;23.083<\/td><td>23.125<\/td><\/tr><tr><td>8<\/td><td>RENAULT<\/td><td>88<\/td><td>MARQUES (C)<\/td><td>17<\/td><td>27;23.767<\/td><td>23.809<\/td><\/tr><tr><td>9<\/td><td>TOYOTA<\/td><td>29<\/td><td>ALDRIGHETTI (C)<\/td><td>17<\/td><td>27;26.101<\/td><td>26.143<\/td><\/tr><tr><td>10<\/td><td>CITROEN<\/td><td>71<\/td><td>F.PERSIA (C)<\/td><td>17<\/td><td>27;42.305<\/td><td>42.347<\/td><\/tr><tr><td>11<\/td><td>CHEVROLET<\/td><td>37<\/td><td>ARAMENDIA (C)<\/td><td>17<\/td><td>27;44.810<\/td><td>44.852<\/td><\/tr><tr><td>12<\/td><td>HONDA<\/td><td>52<\/td><td>FONTES (C)<\/td><td>17<\/td><td>27;44.899<\/td><td>44.941<\/td><\/tr><tr><td>13<\/td><td>RENAULT<\/td><td>17<\/td><td>BARRIOS B. (C)<\/td><td>17<\/td><td>27;45.154<\/td><td>45.196<\/td><\/tr><tr><td>14<\/td><td>HONDA<\/td><td>42<\/td><td>SCUNCIO MORO (C)<\/td><td>17<\/td><td>27;45.643<\/td><td>45.685<\/td><\/tr><tr><td>15<\/td><td>TOYOTA<\/td><td>3<\/td><td>FELIPPO (SC)<\/td><td>17<\/td><td>27;54.128<\/td><td>54.170<\/td><\/tr><tr><td>16<\/td><td>RENAULT<\/td><td>85<\/td><td>T.PERNIA (SC)<\/td><td>17<\/td><td>27;56.101<\/td><td>56.143<\/td><\/tr><tr><td>17<\/td><td>CITROEN<\/td><td>111<\/td><td>A.PERSIA (SC)<\/td><td>17<\/td><td>28;01.536<\/td><td>1;01.578<\/td><\/tr><tr><td>18<\/td><td>PEUGEOT<\/td><td>62<\/td><td>STANG (SC)<\/td><td>17<\/td><td>28;05.655<\/td><td>1;05.697<\/td><\/tr><tr><td>19<\/td><td>PEUGEOT<\/td><td>188<\/td><td>NG (SC)<\/td><td>17<\/td><td>28;06.018<\/td><td>1;06.060<\/td><\/tr><tr><td>20<\/td><td>TOYOTA<\/td><td>99<\/td><td>CAPURRO (SC)<\/td><td>17<\/td><td>28;07.058<\/td><td>1;07.100<\/td><\/tr><tr><td>21<\/td><td>FORD<\/td><td>16<\/td><td>POLAKOVICH (SC)<\/td><td>17<\/td><td>28;10.768<\/td><td>1;10.810<\/td><\/tr><tr><td>22<\/td><td>CHEVROLET<\/td><td>19<\/td><td>TRAUT (C)<\/td><td>17<\/td><td>28;16.962<\/td><td>1;17.004<\/td><\/tr><tr><td>23<\/td><td>FORD<\/td><td>32<\/td><td>GROSSO (SC)<\/td><td>17<\/td><td>28;38.086<\/td><td>1;38.128<\/td><\/tr><tr><td>24<\/td><td>FIAT<\/td><td>34<\/td><td>DI PALMA<\/td><td>16<\/td><td>26;00.986<\/td><td>1 vta<\/td><\/tr><tr><td>25<\/td><td>TOYOTA<\/td><td>61<\/td><td>BOHDANOWICZ (C)<\/td><td>16<\/td><td>27;10.699<\/td><td>1 vta<\/td><\/tr><tr><td>26<\/td><td>FIAT<\/td><td>25<\/td><td>CIARROCCHI<\/td><td>7<\/td><td>11;28.603<\/td><td>10 vtas<\/td><\/tr><\/tbody><\/table><\/figure>\n","protected":false},"excerpt":{"rendered":"<p>El actual campe\u00f3n Leonel Pern\u00eda se llev\u00f3 la segunda y \u00faltima final de TC2000 en el Aut\u00f3dromo Oscar Cabal\u00e9n de<\/p>\n","protected":false},"author":3,"featured_media":5722,"comment_status":"open","ping_status":"open","sticky":false,"template":"","format":"standard","meta":{"colormag_page_container_layout":"default_layout","colormag_page_sidebar_layout":"default_layout","footnotes":""},"categories":[6,5],"tags":[379,111,515,514,217],"class_list":["post-6848","post","type-post","status-publish","format-standard","has-post-thumbnail","hentry","category-newsflash","category-latest-news","tag-autodromo-cabalen","tag-cordoba","tag-leonel-pernia","tag-renault-fluence","tag-tc2000"],"yoast_head":"<!-- This site is optimized with the Yoast SEO plugin v27.4 - https:\/\/yoast.com\/product\/yoast-seo-wordpress\/ -->\n<title>Autos del Podio | Todo para Renault<\/title>\n<meta name=\"description\" content=\"Autos del Podio Victoria #28 en la categor\u00eda y la segunda en la temporada para Leonel Pernia.\" \/>\n<meta name=\"robots\" content=\"index, follow, max-snippet:-1, max-image-preview:large, max-video-preview:-1\" \/>\n<link rel=\"canonical\" href=\"https:\/\/autosdelpodio.com\/autos\/todo-para-renault\/\" \/>\n<meta property=\"og:locale\" content=\"es_ES\" \/>\n<meta property=\"og:type\" content=\"article\" \/>\n<meta property=\"og:title\" content=\"Autos del Podio | Todo para Renault\" \/>\n<meta property=\"og:description\" content=\"Autos del Podio Victoria #28 en la categor\u00eda y la segunda en la temporada para Leonel Pernia.\" \/>\n<meta property=\"og:url\" content=\"https:\/\/autosdelpodio.com\/autos\/todo-para-renault\/\" \/>\n<meta property=\"og:site_name\" content=\"Autos del Podio\" \/>\n<meta property=\"article:publisher\" content=\"https:\/\/www.facebook.com\/profile.php?id=100057192590976&amp;amp%3bamp%3bamp%3bamp%3bamp%3bamp%3bamp%3bamp%3bamp%3bamp%3bamp%3bamp%3bamp%3bamp%3bamp%3bamp%3bamp%3bamp%3bref=ts\" \/>\n<meta property=\"article:published_time\" content=\"2023-04-23T15:56:21+00:00\" \/>\n<meta property=\"article:modified_time\" content=\"2023-04-23T15:56:22+00:00\" \/>\n<meta property=\"og:image\" content=\"https:\/\/autosdelpodio.com\/autos\/wp-content\/uploads\/2022\/05\/TC2000_New_500.jpg\" \/>\n\t<meta property=\"og:image:width\" content=\"500\" \/>\n\t<meta property=\"og:image:height\" content=\"250\" \/>\n\t<meta property=\"og:image:type\" content=\"image\/jpeg\" \/>\n<meta name=\"author\" content=\"autosdelpodio\" \/>\n<meta name=\"twitter:card\" content=\"summary_large_image\" \/>\n<meta name=\"twitter:creator\" content=\"@autosdelpodio\" \/>\n<meta name=\"twitter:site\" content=\"@autosdelpodio\" \/>\n<meta name=\"twitter:label1\" content=\"Escrito por\" \/>\n\t<meta name=\"twitter:data1\" content=\"autosdelpodio\" \/>\n\t<meta name=\"twitter:label2\" content=\"Tiempo de lectura\" \/>\n\t<meta name=\"twitter:data2\" content=\"2 minutos\" \/>\n<script type=\"application\/ld+json\" class=\"yoast-schema-graph\">{\"@context\":\"https:\\\/\\\/schema.org\",\"@graph\":[{\"@type\":\"Article\",\"@id\":\"https:\\\/\\\/autosdelpodio.com\\\/autos\\\/todo-para-renault\\\/#article\",\"isPartOf\":{\"@id\":\"https:\\\/\\\/autosdelpodio.com\\\/autos\\\/todo-para-renault\\\/\"},\"author\":{\"name\":\"autosdelpodio\",\"@id\":\"http:\\\/\\\/autosdelpodio.com\\\/autos\\\/#\\\/schema\\\/person\\\/993527a4d01c3acdd3d6bce3770bc942\"},\"headline\":\"Todo para Renault\",\"datePublished\":\"2023-04-23T15:56:21+00:00\",\"dateModified\":\"2023-04-23T15:56:22+00:00\",\"mainEntityOfPage\":{\"@id\":\"https:\\\/\\\/autosdelpodio.com\\\/autos\\\/todo-para-renault\\\/\"},\"wordCount\":227,\"commentCount\":0,\"publisher\":{\"@id\":\"http:\\\/\\\/autosdelpodio.com\\\/autos\\\/#organization\"},\"image\":{\"@id\":\"https:\\\/\\\/autosdelpodio.com\\\/autos\\\/todo-para-renault\\\/#primaryimage\"},\"thumbnailUrl\":\"http:\\\/\\\/autosdelpodio.com\\\/autos\\\/wp-content\\\/uploads\\\/2022\\\/05\\\/TC2000_New_500.jpg\",\"keywords\":[\"Autodromo Cabalen\",\"Cordoba\",\"Leonel Pernia\",\"Renault Fluence\",\"TC2000\"],\"articleSection\":[\"Destacado\",\"\u00daltimas noticias\"],\"inLanguage\":\"es\",\"potentialAction\":[{\"@type\":\"CommentAction\",\"name\":\"Comment\",\"target\":[\"https:\\\/\\\/autosdelpodio.com\\\/autos\\\/todo-para-renault\\\/#respond\"]}]},{\"@type\":\"WebPage\",\"@id\":\"https:\\\/\\\/autosdelpodio.com\\\/autos\\\/todo-para-renault\\\/\",\"url\":\"https:\\\/\\\/autosdelpodio.com\\\/autos\\\/todo-para-renault\\\/\",\"name\":\"Autos del Podio | Todo para Renault\",\"isPartOf\":{\"@id\":\"http:\\\/\\\/autosdelpodio.com\\\/autos\\\/#website\"},\"primaryImageOfPage\":{\"@id\":\"https:\\\/\\\/autosdelpodio.com\\\/autos\\\/todo-para-renault\\\/#primaryimage\"},\"image\":{\"@id\":\"https:\\\/\\\/autosdelpodio.com\\\/autos\\\/todo-para-renault\\\/#primaryimage\"},\"thumbnailUrl\":\"http:\\\/\\\/autosdelpodio.com\\\/autos\\\/wp-content\\\/uploads\\\/2022\\\/05\\\/TC2000_New_500.jpg\",\"datePublished\":\"2023-04-23T15:56:21+00:00\",\"dateModified\":\"2023-04-23T15:56:22+00:00\",\"description\":\"Autos del Podio Victoria #28 en la categor\u00eda y la segunda en la temporada para Leonel Pernia.\",\"breadcrumb\":{\"@id\":\"https:\\\/\\\/autosdelpodio.com\\\/autos\\\/todo-para-renault\\\/#breadcrumb\"},\"inLanguage\":\"es\",\"potentialAction\":[{\"@type\":\"ReadAction\",\"target\":[\"https:\\\/\\\/autosdelpodio.com\\\/autos\\\/todo-para-renault\\\/\"]}]},{\"@type\":\"ImageObject\",\"inLanguage\":\"es\",\"@id\":\"https:\\\/\\\/autosdelpodio.com\\\/autos\\\/todo-para-renault\\\/#primaryimage\",\"url\":\"http:\\\/\\\/autosdelpodio.com\\\/autos\\\/wp-content\\\/uploads\\\/2022\\\/05\\\/TC2000_New_500.jpg\",\"contentUrl\":\"http:\\\/\\\/autosdelpodio.com\\\/autos\\\/wp-content\\\/uploads\\\/2022\\\/05\\\/TC2000_New_500.jpg\",\"width\":500,\"height\":250},{\"@type\":\"BreadcrumbList\",\"@id\":\"https:\\\/\\\/autosdelpodio.com\\\/autos\\\/todo-para-renault\\\/#breadcrumb\",\"itemListElement\":[{\"@type\":\"ListItem\",\"position\":1,\"name\":\"Portada\",\"item\":\"http:\\\/\\\/autosdelpodio.com\\\/autos\\\/\"},{\"@type\":\"ListItem\",\"position\":2,\"name\":\"Todo para Renault\"}]},{\"@type\":\"WebSite\",\"@id\":\"http:\\\/\\\/autosdelpodio.com\\\/autos\\\/#website\",\"url\":\"http:\\\/\\\/autosdelpodio.com\\\/autos\\\/\",\"name\":\"Autos del Podio\",\"description\":\"La sexta del deporte motor\",\"publisher\":{\"@id\":\"http:\\\/\\\/autosdelpodio.com\\\/autos\\\/#organization\"},\"potentialAction\":[{\"@type\":\"SearchAction\",\"target\":{\"@type\":\"EntryPoint\",\"urlTemplate\":\"http:\\\/\\\/autosdelpodio.com\\\/autos\\\/?s={search_term_string}\"},\"query-input\":{\"@type\":\"PropertyValueSpecification\",\"valueRequired\":true,\"valueName\":\"search_term_string\"}}],\"inLanguage\":\"es\"},{\"@type\":\"Organization\",\"@id\":\"http:\\\/\\\/autosdelpodio.com\\\/autos\\\/#organization\",\"name\":\"Autos del Podio\",\"url\":\"http:\\\/\\\/autosdelpodio.com\\\/autos\\\/\",\"logo\":{\"@type\":\"ImageObject\",\"inLanguage\":\"es\",\"@id\":\"http:\\\/\\\/autosdelpodio.com\\\/autos\\\/#\\\/schema\\\/logo\\\/image\\\/\",\"url\":\"http:\\\/\\\/autosdelpodio.com\\\/autos\\\/wp-content\\\/uploads\\\/2020\\\/08\\\/Logo_AR.jpg\",\"contentUrl\":\"http:\\\/\\\/autosdelpodio.com\\\/autos\\\/wp-content\\\/uploads\\\/2020\\\/08\\\/Logo_AR.jpg\",\"width\":1038,\"height\":1044,\"caption\":\"Autos del Podio\"},\"image\":{\"@id\":\"http:\\\/\\\/autosdelpodio.com\\\/autos\\\/#\\\/schema\\\/logo\\\/image\\\/\"},\"sameAs\":[\"https:\\\/\\\/www.facebook.com\\\/profile.php?id=100057192590976&amp;amp;amp;amp;amp;amp;amp;amp;amp;amp;amp;amp;amp;amp;amp;amp;amp;amp;ref=ts\",\"https:\\\/\\\/x.com\\\/autosdelpodio\",\"https:\\\/\\\/www.youtube.com\\\/user\\\/AutosdelPodio\"]},{\"@type\":\"Person\",\"@id\":\"http:\\\/\\\/autosdelpodio.com\\\/autos\\\/#\\\/schema\\\/person\\\/993527a4d01c3acdd3d6bce3770bc942\",\"name\":\"autosdelpodio\",\"image\":{\"@type\":\"ImageObject\",\"inLanguage\":\"es\",\"@id\":\"http:\\\/\\\/autosdelpodio.com\\\/autos\\\/wp-content\\\/litespeed\\\/avatar\\\/aa8f65cd201a80f6b844f63278aa84af.jpg?ver=1776798175\",\"url\":\"http:\\\/\\\/autosdelpodio.com\\\/autos\\\/wp-content\\\/litespeed\\\/avatar\\\/aa8f65cd201a80f6b844f63278aa84af.jpg?ver=1776798175\",\"contentUrl\":\"http:\\\/\\\/autosdelpodio.com\\\/autos\\\/wp-content\\\/litespeed\\\/avatar\\\/aa8f65cd201a80f6b844f63278aa84af.jpg?ver=1776798175\",\"caption\":\"autosdelpodio\"}}]}<\/script>\n<!-- \/ Yoast SEO plugin. -->","yoast_head_json":{"title":"Autos del Podio | Todo para Renault","description":"Autos del Podio Victoria #28 en la categor\u00eda y la segunda en la temporada para Leonel Pernia.","robots":{"index":"index","follow":"follow","max-snippet":"max-snippet:-1","max-image-preview":"max-image-preview:large","max-video-preview":"max-video-preview:-1"},"canonical":"https:\/\/autosdelpodio.com\/autos\/todo-para-renault\/","og_locale":"es_ES","og_type":"article","og_title":"Autos del Podio | Todo para Renault","og_description":"Autos del Podio Victoria #28 en la categor\u00eda y la segunda en la temporada para Leonel Pernia.","og_url":"https:\/\/autosdelpodio.com\/autos\/todo-para-renault\/","og_site_name":"Autos del Podio","article_publisher":"https:\/\/www.facebook.com\/profile.php?id=100057192590976&amp%3bamp%3bamp%3bamp%3bamp%3bamp%3bamp%3bamp%3bamp%3bamp%3bamp%3bamp%3bamp%3bamp%3bamp%3bamp%3bamp%3bamp%3bref=ts","article_published_time":"2023-04-23T15:56:21+00:00","article_modified_time":"2023-04-23T15:56:22+00:00","og_image":[{"width":500,"height":250,"url":"https:\/\/autosdelpodio.com\/autos\/wp-content\/uploads\/2022\/05\/TC2000_New_500.jpg","type":"image\/jpeg"}],"author":"autosdelpodio","twitter_card":"summary_large_image","twitter_creator":"@autosdelpodio","twitter_site":"@autosdelpodio","twitter_misc":{"Escrito por":"autosdelpodio","Tiempo de lectura":"2 minutos"},"schema":{"@context":"https:\/\/schema.org","@graph":[{"@type":"Article","@id":"https:\/\/autosdelpodio.com\/autos\/todo-para-renault\/#article","isPartOf":{"@id":"https:\/\/autosdelpodio.com\/autos\/todo-para-renault\/"},"author":{"name":"autosdelpodio","@id":"http:\/\/autosdelpodio.com\/autos\/#\/schema\/person\/993527a4d01c3acdd3d6bce3770bc942"},"headline":"Todo para Renault","datePublished":"2023-04-23T15:56:21+00:00","dateModified":"2023-04-23T15:56:22+00:00","mainEntityOfPage":{"@id":"https:\/\/autosdelpodio.com\/autos\/todo-para-renault\/"},"wordCount":227,"commentCount":0,"publisher":{"@id":"http:\/\/autosdelpodio.com\/autos\/#organization"},"image":{"@id":"https:\/\/autosdelpodio.com\/autos\/todo-para-renault\/#primaryimage"},"thumbnailUrl":"http:\/\/autosdelpodio.com\/autos\/wp-content\/uploads\/2022\/05\/TC2000_New_500.jpg","keywords":["Autodromo Cabalen","Cordoba","Leonel Pernia","Renault Fluence","TC2000"],"articleSection":["Destacado","\u00daltimas noticias"],"inLanguage":"es","potentialAction":[{"@type":"CommentAction","name":"Comment","target":["https:\/\/autosdelpodio.com\/autos\/todo-para-renault\/#respond"]}]},{"@type":"WebPage","@id":"https:\/\/autosdelpodio.com\/autos\/todo-para-renault\/","url":"https:\/\/autosdelpodio.com\/autos\/todo-para-renault\/","name":"Autos del Podio | Todo para Renault","isPartOf":{"@id":"http:\/\/autosdelpodio.com\/autos\/#website"},"primaryImageOfPage":{"@id":"https:\/\/autosdelpodio.com\/autos\/todo-para-renault\/#primaryimage"},"image":{"@id":"https:\/\/autosdelpodio.com\/autos\/todo-para-renault\/#primaryimage"},"thumbnailUrl":"http:\/\/autosdelpodio.com\/autos\/wp-content\/uploads\/2022\/05\/TC2000_New_500.jpg","datePublished":"2023-04-23T15:56:21+00:00","dateModified":"2023-04-23T15:56:22+00:00","description":"Autos del Podio Victoria #28 en la categor\u00eda y la segunda en la temporada para Leonel Pernia.","breadcrumb":{"@id":"https:\/\/autosdelpodio.com\/autos\/todo-para-renault\/#breadcrumb"},"inLanguage":"es","potentialAction":[{"@type":"ReadAction","target":["https:\/\/autosdelpodio.com\/autos\/todo-para-renault\/"]}]},{"@type":"ImageObject","inLanguage":"es","@id":"https:\/\/autosdelpodio.com\/autos\/todo-para-renault\/#primaryimage","url":"http:\/\/autosdelpodio.com\/autos\/wp-content\/uploads\/2022\/05\/TC2000_New_500.jpg","contentUrl":"http:\/\/autosdelpodio.com\/autos\/wp-content\/uploads\/2022\/05\/TC2000_New_500.jpg","width":500,"height":250},{"@type":"BreadcrumbList","@id":"https:\/\/autosdelpodio.com\/autos\/todo-para-renault\/#breadcrumb","itemListElement":[{"@type":"ListItem","position":1,"name":"Portada","item":"http:\/\/autosdelpodio.com\/autos\/"},{"@type":"ListItem","position":2,"name":"Todo para Renault"}]},{"@type":"WebSite","@id":"http:\/\/autosdelpodio.com\/autos\/#website","url":"http:\/\/autosdelpodio.com\/autos\/","name":"Autos del Podio","description":"La sexta del deporte motor","publisher":{"@id":"http:\/\/autosdelpodio.com\/autos\/#organization"},"potentialAction":[{"@type":"SearchAction","target":{"@type":"EntryPoint","urlTemplate":"http:\/\/autosdelpodio.com\/autos\/?s={search_term_string}"},"query-input":{"@type":"PropertyValueSpecification","valueRequired":true,"valueName":"search_term_string"}}],"inLanguage":"es"},{"@type":"Organization","@id":"http:\/\/autosdelpodio.com\/autos\/#organization","name":"Autos del Podio","url":"http:\/\/autosdelpodio.com\/autos\/","logo":{"@type":"ImageObject","inLanguage":"es","@id":"http:\/\/autosdelpodio.com\/autos\/#\/schema\/logo\/image\/","url":"http:\/\/autosdelpodio.com\/autos\/wp-content\/uploads\/2020\/08\/Logo_AR.jpg","contentUrl":"http:\/\/autosdelpodio.com\/autos\/wp-content\/uploads\/2020\/08\/Logo_AR.jpg","width":1038,"height":1044,"caption":"Autos del Podio"},"image":{"@id":"http:\/\/autosdelpodio.com\/autos\/#\/schema\/logo\/image\/"},"sameAs":["https:\/\/www.facebook.com\/profile.php?id=100057192590976&amp;amp;amp;amp;amp;amp;amp;amp;amp;amp;amp;amp;amp;amp;amp;amp;amp;amp;ref=ts","https:\/\/x.com\/autosdelpodio","https:\/\/www.youtube.com\/user\/AutosdelPodio"]},{"@type":"Person","@id":"http:\/\/autosdelpodio.com\/autos\/#\/schema\/person\/993527a4d01c3acdd3d6bce3770bc942","name":"autosdelpodio","image":{"@type":"ImageObject","inLanguage":"es","@id":"http:\/\/autosdelpodio.com\/autos\/wp-content\/litespeed\/avatar\/aa8f65cd201a80f6b844f63278aa84af.jpg?ver=1776798175","url":"http:\/\/autosdelpodio.com\/autos\/wp-content\/litespeed\/avatar\/aa8f65cd201a80f6b844f63278aa84af.jpg?ver=1776798175","contentUrl":"http:\/\/autosdelpodio.com\/autos\/wp-content\/litespeed\/avatar\/aa8f65cd201a80f6b844f63278aa84af.jpg?ver=1776798175","caption":"autosdelpodio"}}]}},"views":401,"_links":{"self":[{"href":"http:\/\/autosdelpodio.com\/autos\/wp-json\/wp\/v2\/posts\/6848","targetHints":{"allow":["GET"]}}],"collection":[{"href":"http:\/\/autosdelpodio.com\/autos\/wp-json\/wp\/v2\/posts"}],"about":[{"href":"http:\/\/autosdelpodio.com\/autos\/wp-json\/wp\/v2\/types\/post"}],"author":[{"embeddable":true,"href":"http:\/\/autosdelpodio.com\/autos\/wp-json\/wp\/v2\/users\/3"}],"replies":[{"embeddable":true,"href":"http:\/\/autosdelpodio.com\/autos\/wp-json\/wp\/v2\/comments?post=6848"}],"version-history":[{"count":1,"href":"http:\/\/autosdelpodio.com\/autos\/wp-json\/wp\/v2\/posts\/6848\/revisions"}],"predecessor-version":[{"id":6849,"href":"http:\/\/autosdelpodio.com\/autos\/wp-json\/wp\/v2\/posts\/6848\/revisions\/6849"}],"wp:featuredmedia":[{"embeddable":true,"href":"http:\/\/autosdelpodio.com\/autos\/wp-json\/wp\/v2\/media\/5722"}],"wp:attachment":[{"href":"http:\/\/autosdelpodio.com\/autos\/wp-json\/wp\/v2\/media?parent=6848"}],"wp:term":[{"taxonomy":"category","embeddable":true,"href":"http:\/\/autosdelpodio.com\/autos\/wp-json\/wp\/v2\/categories?post=6848"},{"taxonomy":"post_tag","embeddable":true,"href":"http:\/\/autosdelpodio.com\/autos\/wp-json\/wp\/v2\/tags?post=6848"}],"curies":[{"name":"wp","href":"https:\/\/api.w.org\/{rel}","templated":true}]}}