{"id":6879,"date":"2023-05-07T20:57:50","date_gmt":"2023-05-07T23:57:50","guid":{"rendered":"http:\/\/autosdelpodio.com\/autos\/?p=6879"},"modified":"2023-05-07T20:57:51","modified_gmt":"2023-05-07T23:57:51","slug":"miami-a-sus-pies","status":"publish","type":"post","link":"http:\/\/autosdelpodio.com\/autos\/miami-a-sus-pies\/","title":{"rendered":"Miami a sus pies"},"content":{"rendered":"\n<p>Max Verstappen volvi\u00f3 a mostrar su mejor versi\u00f3n para dominar con amplitud el Gran Premio de Estados Unidos escoltado por el otro Red Bull de Sergio P\u00e9rez y el Aston Martin de Fernando Alonso.<br>El campeonato lo sigue liderando el neerland\u00e9s con 119 puntos, seguido por Checo P\u00e9rez con 105 puntos y Fernando Alonso con 75.<br>La pr\u00f3xima competencia ser\u00e1 el 21 de mayo en el circuito de Emilia Romagna, en Italia.<\/p>\n\n\n\n<p><strong><em>Final F1 &#8211; Miami<\/em><\/strong><\/p>\n\n\n\n<figure class=\"wp-block-table\"><table><tbody><tr><td>\u00ba<\/td><td>Max Verstappen<\/td><td>Red Bull<\/td><td><\/td><td>57<\/td><\/tr><tr><td>2\u00ba<\/td><td>Sergio P\u00e9rez<\/td><td>Red Bull<\/td><td>+ 5\u2033384<\/td><td>57<\/td><\/tr><tr><td>3\u00ba<\/td><td>Fernando Alonso<\/td><td>Aston Martin<\/td><td>+ 26\u2033305<\/td><td>57<\/td><\/tr><tr><td>4\u00ba<\/td><td>George Russell<\/td><td>Mercedes<\/td><td>+ 33\u2033229<\/td><td>57<\/td><\/tr><tr><td>5\u00ba<\/td><td>Carlos Sainz<\/td><td>Ferrari<\/td><td>+ 42\u2033511<\/td><td>57<\/td><\/tr><tr><td>6\u00ba<\/td><td>Lewis Hamilton<\/td><td>Mercedes<\/td><td>+ 51\u2033249<\/td><td>57<\/td><\/tr><tr><td>7\u00ba<\/td><td>Charles Leclerc<\/td><td>Ferrari<\/td><td>+ 52\u2033988<\/td><td>57<\/td><\/tr><tr><td>8\u00ba<\/td><td>Pierre Gasly<\/td><td>Alpine<\/td><td>+ 55\u2033670<\/td><td>57<\/td><\/tr><tr><td>9\u00ba<\/td><td>Esteban Ocon<\/td><td>Alpine<\/td><td>+ 58\u2033123<\/td><td>57<\/td><\/tr><tr><td>10\u00ba<\/td><td>Kevin Magnussen (D)<\/td><td>Haas<\/td><td>+ 62\u2033945<\/td><td>57<\/td><\/tr><tr><td>11\u00ba<\/td><td>Yuki Tsunoda<\/td><td>AlphaTauri<\/td><td>+ 64\u2033309<\/td><td>57<\/td><\/tr><tr><td>12\u00ba<\/td><td>Lance Stroll<\/td><td>Aston Martin<\/td><td>+ 64\u2033754<\/td><td>57<\/td><\/tr><tr><td>13\u00ba<\/td><td>Valtteri Bottas<\/td><td>Alfa Romeo<\/td><td>+ 71\u2033637<\/td><td>57<\/td><\/tr><tr><td>14\u00ba<\/td><td>Alex Albon<\/td><td>Williams<\/td><td>+ 72\u2033861<\/td><td>57<\/td><\/tr><tr><td>15\u00ba<\/td><td>Nico Hulkenberg<\/td><td>Haas<\/td><td>+ 74\u2033950<\/td><td>57<\/td><\/tr><tr><td>16\u00ba<\/td><td>Guanyu Zhou<\/td><td>Alfa Romeo<\/td><td>+ 78\u2033440<\/td><td>57<\/td><\/tr><tr><td>17\u00ba<\/td><td>Lando Norris<\/td><td>McLaren<\/td><td>+ 87\u2033717<\/td><td>57<\/td><\/tr><tr><td>18\u00ba<\/td><td>Nick De Vries<\/td><td>AlphaTauri<\/td><td>+ 88\u2033949<\/td><td>57<\/td><\/tr><tr><td>19\u00ba<\/td><td>Oscar Piastri<\/td><td>McLaren<\/td><td>+ 1 vuelta<\/td><td>56<\/td><\/tr><tr><td>20\u00ba<\/td><td>Logan Sargeant<\/td><td>Williams<\/td><td>+ 1 vuelta<\/td><td>56<\/td><\/tr><\/tbody><\/table><\/figure>\n","protected":false},"excerpt":{"rendered":"<p>Max Verstappen volvi\u00f3 a mostrar su mejor versi\u00f3n para dominar con amplitud el Gran Premio de Estados Unidos escoltado por<\/p>\n","protected":false},"author":3,"featured_media":1751,"comment_status":"open","ping_status":"open","sticky":false,"template":"","format":"standard","meta":{"colormag_page_container_layout":"default_layout","colormag_page_sidebar_layout":"default_layout","footnotes":""},"categories":[6,5],"tags":[183,75,675,310,311],"class_list":["post-6879","post","type-post","status-publish","format-standard","has-post-thumbnail","hentry","category-newsflash","category-latest-news","tag-estados-unidos","tag-formula-1","tag-gp-miami","tag-max-verstappen","tag-red-bull"],"yoast_head":"<!-- This site is optimized with the Yoast SEO plugin v27.4 - https:\/\/yoast.com\/product\/yoast-seo-wordpress\/ -->\n<title>Autos del Podio | Miami a sus pies<\/title>\n<meta name=\"description\" content=\"Autos del Podio La Formula 1 tuvo su quinta funci\u00f3n en el a\u00f1o en Miami y Max Verstappen no tuvo rivales\" \/>\n<meta name=\"robots\" content=\"index, follow, max-snippet:-1, max-image-preview:large, max-video-preview:-1\" \/>\n<link rel=\"canonical\" href=\"http:\/\/autosdelpodio.com\/autos\/miami-a-sus-pies\/\" \/>\n<meta property=\"og:locale\" content=\"es_ES\" \/>\n<meta property=\"og:type\" content=\"article\" \/>\n<meta property=\"og:title\" content=\"Autos del Podio | Miami a sus pies\" \/>\n<meta property=\"og:description\" content=\"Autos del Podio La Formula 1 tuvo su quinta funci\u00f3n en el a\u00f1o en Miami y Max Verstappen no tuvo rivales\" \/>\n<meta property=\"og:url\" content=\"http:\/\/autosdelpodio.com\/autos\/miami-a-sus-pies\/\" \/>\n<meta property=\"og:site_name\" content=\"Autos del Podio\" \/>\n<meta property=\"article:publisher\" content=\"https:\/\/www.facebook.com\/profile.php?id=100057192590976&amp;amp%3bamp%3bamp%3bamp%3bamp%3bamp%3bamp%3bamp%3bamp%3bamp%3bamp%3bamp%3bamp%3bamp%3bamp%3bamp%3bamp%3bamp%3bref=ts\" \/>\n<meta property=\"article:published_time\" content=\"2023-05-07T23:57:50+00:00\" \/>\n<meta property=\"article:modified_time\" content=\"2023-05-07T23:57:51+00:00\" \/>\n<meta property=\"og:image\" content=\"http:\/\/autosdelpodio.com\/autos\/wp-content\/uploads\/2020\/04\/Logo_F1_-e1621029352226.jpg\" \/>\n\t<meta property=\"og:image:width\" content=\"500\" \/>\n\t<meta property=\"og:image:height\" content=\"278\" \/>\n\t<meta property=\"og:image:type\" content=\"image\/jpeg\" \/>\n<meta name=\"author\" content=\"autosdelpodio\" \/>\n<meta name=\"twitter:card\" content=\"summary_large_image\" \/>\n<meta name=\"twitter:creator\" content=\"@autosdelpodio\" \/>\n<meta name=\"twitter:site\" content=\"@autosdelpodio\" \/>\n<meta name=\"twitter:label1\" content=\"Escrito por\" \/>\n\t<meta name=\"twitter:data1\" content=\"autosdelpodio\" \/>\n\t<meta name=\"twitter:label2\" content=\"Tiempo de lectura\" \/>\n\t<meta name=\"twitter:data2\" content=\"1 minuto\" \/>\n<script type=\"application\/ld+json\" class=\"yoast-schema-graph\">{\"@context\":\"https:\\\/\\\/schema.org\",\"@graph\":[{\"@type\":\"Article\",\"@id\":\"http:\\\/\\\/autosdelpodio.com\\\/autos\\\/miami-a-sus-pies\\\/#article\",\"isPartOf\":{\"@id\":\"http:\\\/\\\/autosdelpodio.com\\\/autos\\\/miami-a-sus-pies\\\/\"},\"author\":{\"name\":\"autosdelpodio\",\"@id\":\"http:\\\/\\\/autosdelpodio.com\\\/autos\\\/#\\\/schema\\\/person\\\/993527a4d01c3acdd3d6bce3770bc942\"},\"headline\":\"Miami a sus pies\",\"datePublished\":\"2023-05-07T23:57:50+00:00\",\"dateModified\":\"2023-05-07T23:57:51+00:00\",\"mainEntityOfPage\":{\"@id\":\"http:\\\/\\\/autosdelpodio.com\\\/autos\\\/miami-a-sus-pies\\\/\"},\"wordCount\":152,\"commentCount\":0,\"publisher\":{\"@id\":\"http:\\\/\\\/autosdelpodio.com\\\/autos\\\/#organization\"},\"image\":{\"@id\":\"http:\\\/\\\/autosdelpodio.com\\\/autos\\\/miami-a-sus-pies\\\/#primaryimage\"},\"thumbnailUrl\":\"http:\\\/\\\/autosdelpodio.com\\\/autos\\\/wp-content\\\/uploads\\\/2020\\\/04\\\/Logo_F1_-e1621029352226.jpg\",\"keywords\":[\"Estados Unidos\",\"Formula 1\",\"GP Miami\",\"Max Verstappen\",\"Red Bull\"],\"articleSection\":[\"Destacado\",\"\u00daltimas noticias\"],\"inLanguage\":\"es\",\"potentialAction\":[{\"@type\":\"CommentAction\",\"name\":\"Comment\",\"target\":[\"http:\\\/\\\/autosdelpodio.com\\\/autos\\\/miami-a-sus-pies\\\/#respond\"]}]},{\"@type\":\"WebPage\",\"@id\":\"http:\\\/\\\/autosdelpodio.com\\\/autos\\\/miami-a-sus-pies\\\/\",\"url\":\"http:\\\/\\\/autosdelpodio.com\\\/autos\\\/miami-a-sus-pies\\\/\",\"name\":\"Autos del Podio | Miami a sus pies\",\"isPartOf\":{\"@id\":\"http:\\\/\\\/autosdelpodio.com\\\/autos\\\/#website\"},\"primaryImageOfPage\":{\"@id\":\"http:\\\/\\\/autosdelpodio.com\\\/autos\\\/miami-a-sus-pies\\\/#primaryimage\"},\"image\":{\"@id\":\"http:\\\/\\\/autosdelpodio.com\\\/autos\\\/miami-a-sus-pies\\\/#primaryimage\"},\"thumbnailUrl\":\"http:\\\/\\\/autosdelpodio.com\\\/autos\\\/wp-content\\\/uploads\\\/2020\\\/04\\\/Logo_F1_-e1621029352226.jpg\",\"datePublished\":\"2023-05-07T23:57:50+00:00\",\"dateModified\":\"2023-05-07T23:57:51+00:00\",\"description\":\"Autos del Podio La Formula 1 tuvo su quinta funci\u00f3n en el a\u00f1o en Miami y Max Verstappen no tuvo rivales\",\"breadcrumb\":{\"@id\":\"http:\\\/\\\/autosdelpodio.com\\\/autos\\\/miami-a-sus-pies\\\/#breadcrumb\"},\"inLanguage\":\"es\",\"potentialAction\":[{\"@type\":\"ReadAction\",\"target\":[\"http:\\\/\\\/autosdelpodio.com\\\/autos\\\/miami-a-sus-pies\\\/\"]}]},{\"@type\":\"ImageObject\",\"inLanguage\":\"es\",\"@id\":\"http:\\\/\\\/autosdelpodio.com\\\/autos\\\/miami-a-sus-pies\\\/#primaryimage\",\"url\":\"http:\\\/\\\/autosdelpodio.com\\\/autos\\\/wp-content\\\/uploads\\\/2020\\\/04\\\/Logo_F1_-e1621029352226.jpg\",\"contentUrl\":\"http:\\\/\\\/autosdelpodio.com\\\/autos\\\/wp-content\\\/uploads\\\/2020\\\/04\\\/Logo_F1_-e1621029352226.jpg\",\"width\":500,\"height\":278},{\"@type\":\"BreadcrumbList\",\"@id\":\"http:\\\/\\\/autosdelpodio.com\\\/autos\\\/miami-a-sus-pies\\\/#breadcrumb\",\"itemListElement\":[{\"@type\":\"ListItem\",\"position\":1,\"name\":\"Portada\",\"item\":\"http:\\\/\\\/autosdelpodio.com\\\/autos\\\/\"},{\"@type\":\"ListItem\",\"position\":2,\"name\":\"Miami a sus pies\"}]},{\"@type\":\"WebSite\",\"@id\":\"http:\\\/\\\/autosdelpodio.com\\\/autos\\\/#website\",\"url\":\"http:\\\/\\\/autosdelpodio.com\\\/autos\\\/\",\"name\":\"Autos del Podio\",\"description\":\"La sexta del deporte motor\",\"publisher\":{\"@id\":\"http:\\\/\\\/autosdelpodio.com\\\/autos\\\/#organization\"},\"potentialAction\":[{\"@type\":\"SearchAction\",\"target\":{\"@type\":\"EntryPoint\",\"urlTemplate\":\"http:\\\/\\\/autosdelpodio.com\\\/autos\\\/?s={search_term_string}\"},\"query-input\":{\"@type\":\"PropertyValueSpecification\",\"valueRequired\":true,\"valueName\":\"search_term_string\"}}],\"inLanguage\":\"es\"},{\"@type\":\"Organization\",\"@id\":\"http:\\\/\\\/autosdelpodio.com\\\/autos\\\/#organization\",\"name\":\"Autos del Podio\",\"url\":\"http:\\\/\\\/autosdelpodio.com\\\/autos\\\/\",\"logo\":{\"@type\":\"ImageObject\",\"inLanguage\":\"es\",\"@id\":\"http:\\\/\\\/autosdelpodio.com\\\/autos\\\/#\\\/schema\\\/logo\\\/image\\\/\",\"url\":\"http:\\\/\\\/autosdelpodio.com\\\/autos\\\/wp-content\\\/uploads\\\/2020\\\/08\\\/Logo_AR.jpg\",\"contentUrl\":\"http:\\\/\\\/autosdelpodio.com\\\/autos\\\/wp-content\\\/uploads\\\/2020\\\/08\\\/Logo_AR.jpg\",\"width\":1038,\"height\":1044,\"caption\":\"Autos del Podio\"},\"image\":{\"@id\":\"http:\\\/\\\/autosdelpodio.com\\\/autos\\\/#\\\/schema\\\/logo\\\/image\\\/\"},\"sameAs\":[\"https:\\\/\\\/www.facebook.com\\\/profile.php?id=100057192590976&amp;amp;amp;amp;amp;amp;amp;amp;amp;amp;amp;amp;amp;amp;amp;amp;amp;amp;ref=ts\",\"https:\\\/\\\/x.com\\\/autosdelpodio\",\"https:\\\/\\\/www.youtube.com\\\/user\\\/AutosdelPodio\"]},{\"@type\":\"Person\",\"@id\":\"http:\\\/\\\/autosdelpodio.com\\\/autos\\\/#\\\/schema\\\/person\\\/993527a4d01c3acdd3d6bce3770bc942\",\"name\":\"autosdelpodio\",\"image\":{\"@type\":\"ImageObject\",\"inLanguage\":\"es\",\"@id\":\"http:\\\/\\\/autosdelpodio.com\\\/autos\\\/wp-content\\\/litespeed\\\/avatar\\\/aa8f65cd201a80f6b844f63278aa84af.jpg?ver=1776798175\",\"url\":\"http:\\\/\\\/autosdelpodio.com\\\/autos\\\/wp-content\\\/litespeed\\\/avatar\\\/aa8f65cd201a80f6b844f63278aa84af.jpg?ver=1776798175\",\"contentUrl\":\"http:\\\/\\\/autosdelpodio.com\\\/autos\\\/wp-content\\\/litespeed\\\/avatar\\\/aa8f65cd201a80f6b844f63278aa84af.jpg?ver=1776798175\",\"caption\":\"autosdelpodio\"}}]}<\/script>\n<!-- \/ Yoast SEO plugin. -->","yoast_head_json":{"title":"Autos del Podio | Miami a sus pies","description":"Autos del Podio La Formula 1 tuvo su quinta funci\u00f3n en el a\u00f1o en Miami y Max Verstappen no tuvo rivales","robots":{"index":"index","follow":"follow","max-snippet":"max-snippet:-1","max-image-preview":"max-image-preview:large","max-video-preview":"max-video-preview:-1"},"canonical":"http:\/\/autosdelpodio.com\/autos\/miami-a-sus-pies\/","og_locale":"es_ES","og_type":"article","og_title":"Autos del Podio | Miami a sus pies","og_description":"Autos del Podio La Formula 1 tuvo su quinta funci\u00f3n en el a\u00f1o en Miami y Max Verstappen no tuvo rivales","og_url":"http:\/\/autosdelpodio.com\/autos\/miami-a-sus-pies\/","og_site_name":"Autos del Podio","article_publisher":"https:\/\/www.facebook.com\/profile.php?id=100057192590976&amp%3bamp%3bamp%3bamp%3bamp%3bamp%3bamp%3bamp%3bamp%3bamp%3bamp%3bamp%3bamp%3bamp%3bamp%3bamp%3bamp%3bamp%3bref=ts","article_published_time":"2023-05-07T23:57:50+00:00","article_modified_time":"2023-05-07T23:57:51+00:00","og_image":[{"width":500,"height":278,"url":"http:\/\/autosdelpodio.com\/autos\/wp-content\/uploads\/2020\/04\/Logo_F1_-e1621029352226.jpg","type":"image\/jpeg"}],"author":"autosdelpodio","twitter_card":"summary_large_image","twitter_creator":"@autosdelpodio","twitter_site":"@autosdelpodio","twitter_misc":{"Escrito por":"autosdelpodio","Tiempo de lectura":"1 minuto"},"schema":{"@context":"https:\/\/schema.org","@graph":[{"@type":"Article","@id":"http:\/\/autosdelpodio.com\/autos\/miami-a-sus-pies\/#article","isPartOf":{"@id":"http:\/\/autosdelpodio.com\/autos\/miami-a-sus-pies\/"},"author":{"name":"autosdelpodio","@id":"http:\/\/autosdelpodio.com\/autos\/#\/schema\/person\/993527a4d01c3acdd3d6bce3770bc942"},"headline":"Miami a sus pies","datePublished":"2023-05-07T23:57:50+00:00","dateModified":"2023-05-07T23:57:51+00:00","mainEntityOfPage":{"@id":"http:\/\/autosdelpodio.com\/autos\/miami-a-sus-pies\/"},"wordCount":152,"commentCount":0,"publisher":{"@id":"http:\/\/autosdelpodio.com\/autos\/#organization"},"image":{"@id":"http:\/\/autosdelpodio.com\/autos\/miami-a-sus-pies\/#primaryimage"},"thumbnailUrl":"http:\/\/autosdelpodio.com\/autos\/wp-content\/uploads\/2020\/04\/Logo_F1_-e1621029352226.jpg","keywords":["Estados Unidos","Formula 1","GP Miami","Max Verstappen","Red Bull"],"articleSection":["Destacado","\u00daltimas noticias"],"inLanguage":"es","potentialAction":[{"@type":"CommentAction","name":"Comment","target":["http:\/\/autosdelpodio.com\/autos\/miami-a-sus-pies\/#respond"]}]},{"@type":"WebPage","@id":"http:\/\/autosdelpodio.com\/autos\/miami-a-sus-pies\/","url":"http:\/\/autosdelpodio.com\/autos\/miami-a-sus-pies\/","name":"Autos del Podio | Miami a sus pies","isPartOf":{"@id":"http:\/\/autosdelpodio.com\/autos\/#website"},"primaryImageOfPage":{"@id":"http:\/\/autosdelpodio.com\/autos\/miami-a-sus-pies\/#primaryimage"},"image":{"@id":"http:\/\/autosdelpodio.com\/autos\/miami-a-sus-pies\/#primaryimage"},"thumbnailUrl":"http:\/\/autosdelpodio.com\/autos\/wp-content\/uploads\/2020\/04\/Logo_F1_-e1621029352226.jpg","datePublished":"2023-05-07T23:57:50+00:00","dateModified":"2023-05-07T23:57:51+00:00","description":"Autos del Podio La Formula 1 tuvo su quinta funci\u00f3n en el a\u00f1o en Miami y Max Verstappen no tuvo rivales","breadcrumb":{"@id":"http:\/\/autosdelpodio.com\/autos\/miami-a-sus-pies\/#breadcrumb"},"inLanguage":"es","potentialAction":[{"@type":"ReadAction","target":["http:\/\/autosdelpodio.com\/autos\/miami-a-sus-pies\/"]}]},{"@type":"ImageObject","inLanguage":"es","@id":"http:\/\/autosdelpodio.com\/autos\/miami-a-sus-pies\/#primaryimage","url":"http:\/\/autosdelpodio.com\/autos\/wp-content\/uploads\/2020\/04\/Logo_F1_-e1621029352226.jpg","contentUrl":"http:\/\/autosdelpodio.com\/autos\/wp-content\/uploads\/2020\/04\/Logo_F1_-e1621029352226.jpg","width":500,"height":278},{"@type":"BreadcrumbList","@id":"http:\/\/autosdelpodio.com\/autos\/miami-a-sus-pies\/#breadcrumb","itemListElement":[{"@type":"ListItem","position":1,"name":"Portada","item":"http:\/\/autosdelpodio.com\/autos\/"},{"@type":"ListItem","position":2,"name":"Miami a sus pies"}]},{"@type":"WebSite","@id":"http:\/\/autosdelpodio.com\/autos\/#website","url":"http:\/\/autosdelpodio.com\/autos\/","name":"Autos del Podio","description":"La sexta del deporte motor","publisher":{"@id":"http:\/\/autosdelpodio.com\/autos\/#organization"},"potentialAction":[{"@type":"SearchAction","target":{"@type":"EntryPoint","urlTemplate":"http:\/\/autosdelpodio.com\/autos\/?s={search_term_string}"},"query-input":{"@type":"PropertyValueSpecification","valueRequired":true,"valueName":"search_term_string"}}],"inLanguage":"es"},{"@type":"Organization","@id":"http:\/\/autosdelpodio.com\/autos\/#organization","name":"Autos del Podio","url":"http:\/\/autosdelpodio.com\/autos\/","logo":{"@type":"ImageObject","inLanguage":"es","@id":"http:\/\/autosdelpodio.com\/autos\/#\/schema\/logo\/image\/","url":"http:\/\/autosdelpodio.com\/autos\/wp-content\/uploads\/2020\/08\/Logo_AR.jpg","contentUrl":"http:\/\/autosdelpodio.com\/autos\/wp-content\/uploads\/2020\/08\/Logo_AR.jpg","width":1038,"height":1044,"caption":"Autos del Podio"},"image":{"@id":"http:\/\/autosdelpodio.com\/autos\/#\/schema\/logo\/image\/"},"sameAs":["https:\/\/www.facebook.com\/profile.php?id=100057192590976&amp;amp;amp;amp;amp;amp;amp;amp;amp;amp;amp;amp;amp;amp;amp;amp;amp;amp;ref=ts","https:\/\/x.com\/autosdelpodio","https:\/\/www.youtube.com\/user\/AutosdelPodio"]},{"@type":"Person","@id":"http:\/\/autosdelpodio.com\/autos\/#\/schema\/person\/993527a4d01c3acdd3d6bce3770bc942","name":"autosdelpodio","image":{"@type":"ImageObject","inLanguage":"es","@id":"http:\/\/autosdelpodio.com\/autos\/wp-content\/litespeed\/avatar\/aa8f65cd201a80f6b844f63278aa84af.jpg?ver=1776798175","url":"http:\/\/autosdelpodio.com\/autos\/wp-content\/litespeed\/avatar\/aa8f65cd201a80f6b844f63278aa84af.jpg?ver=1776798175","contentUrl":"http:\/\/autosdelpodio.com\/autos\/wp-content\/litespeed\/avatar\/aa8f65cd201a80f6b844f63278aa84af.jpg?ver=1776798175","caption":"autosdelpodio"}}]}},"views":422,"_links":{"self":[{"href":"http:\/\/autosdelpodio.com\/autos\/wp-json\/wp\/v2\/posts\/6879","targetHints":{"allow":["GET"]}}],"collection":[{"href":"http:\/\/autosdelpodio.com\/autos\/wp-json\/wp\/v2\/posts"}],"about":[{"href":"http:\/\/autosdelpodio.com\/autos\/wp-json\/wp\/v2\/types\/post"}],"author":[{"embeddable":true,"href":"http:\/\/autosdelpodio.com\/autos\/wp-json\/wp\/v2\/users\/3"}],"replies":[{"embeddable":true,"href":"http:\/\/autosdelpodio.com\/autos\/wp-json\/wp\/v2\/comments?post=6879"}],"version-history":[{"count":1,"href":"http:\/\/autosdelpodio.com\/autos\/wp-json\/wp\/v2\/posts\/6879\/revisions"}],"predecessor-version":[{"id":6880,"href":"http:\/\/autosdelpodio.com\/autos\/wp-json\/wp\/v2\/posts\/6879\/revisions\/6880"}],"wp:featuredmedia":[{"embeddable":true,"href":"http:\/\/autosdelpodio.com\/autos\/wp-json\/wp\/v2\/media\/1751"}],"wp:attachment":[{"href":"http:\/\/autosdelpodio.com\/autos\/wp-json\/wp\/v2\/media?parent=6879"}],"wp:term":[{"taxonomy":"category","embeddable":true,"href":"http:\/\/autosdelpodio.com\/autos\/wp-json\/wp\/v2\/categories?post=6879"},{"taxonomy":"post_tag","embeddable":true,"href":"http:\/\/autosdelpodio.com\/autos\/wp-json\/wp\/v2\/tags?post=6879"}],"curies":[{"name":"wp","href":"https:\/\/api.w.org\/{rel}","templated":true}]}}