{"id":6901,"date":"2023-05-14T16:43:30","date_gmt":"2023-05-14T19:43:30","guid":{"rendered":"http:\/\/autosdelpodio.com\/autos\/?p=6901"},"modified":"2023-05-14T16:47:16","modified_gmt":"2023-05-14T19:47:16","slug":"tcpk-independizadas","status":"publish","type":"post","link":"http:\/\/autosdelpodio.com\/autos\/tcpk-independizadas\/","title":{"rendered":"TCPK independizadas"},"content":{"rendered":"\n<p>Mauricio Lambiris se qued\u00f3 con la cuarta final del a\u00f1o de las TC Pick Up fruto del abandono de Guillermo Ortelli en el ep\u00edlogo de la misma.El uruguayo fue escoltado por Jos\u00e9 Manuel Urcera y Gast\u00f3n Mazzacane.<br>Ya que por primera vez, y de ahora en adelante, en varias de sus presentaciones las TC Pick tomar\u00e1n autonom\u00eda; en el circuito platense se disput\u00f3 la s\u00e9ptima fecha del TC Mouras y TC Pista Mouras<br>Jorge Barrio (Chevrolet) tuvo su debut triunfal en el Mouras donde Jorge Blas S\u00e9fchek e Ignacio Fain completaron el podio.<br>En el TCPM fue triunfo primerizo de Faustino Cifre. El piloto de Ford cort\u00f3 la hegemon\u00eda de Gast\u00f3n Iansa, que ven\u00eda marcando tendencia ya que se impuso en 4 de las 7 presentaciones que hubo en este 2023.<br>El reencuentro de las categor\u00edas ser\u00e1 el 14 de Mayo en el Aut\u00f3dromo de Viedma, en la capital de R\u00edo Negro.<\/p>\n\n\n\n<p><strong>Final TC Pick Up &#8211; Fecha 4<\/strong> <strong>&#8211; Rio Negro<\/strong><\/p>\n\n\n\n<figure class=\"wp-block-table\"><table><tbody><tr><td>1<\/td><td>38<\/td><td>LAMBIRIS MAURICIO<\/td><td>NISSAN<\/td><td>18<\/td><td>31;19.888<\/td><td><\/td><\/tr><tr><td>2<\/td><td>231<\/td><td>URCERA JOS\u00c9 MANUEL<\/td><td>Y<\/td><td>18<\/td><td>31;24.516<\/td><td>4.628<\/td><\/tr><tr><td>3<\/td><td>7<\/td><td>MAZZACANE GAST\u00d3N<\/td><td>VOLKSWAGEN<\/td><td>18<\/td><td>31;25.837<\/td><td>5.949<\/td><\/tr><tr><td>4<\/td><td>87<\/td><td>TRUCCO JUAN MART\u00cdN<\/td><td>VOLKSWAGEN<\/td><td>18<\/td><td>31;25.960<\/td><td>6.072<\/td><\/tr><tr><td>5<\/td><td>2<\/td><td>JAKOS ANDR\u00c9S<\/td><td>Y<\/td><td>18<\/td><td>31;26.364<\/td><td>6.476<\/td><\/tr><tr><td>6<\/td><td>111<\/td><td>PEZZUCCHI NICOL\u00c1S<\/td><td>NISSAN<\/td><td>18<\/td><td>31;26.918<\/td><td>7.030<\/td><\/tr><tr><td>7<\/td><td>51<\/td><td>GIANINI JUAN PABLO<\/td><td>FORD<\/td><td>18<\/td><td>31;27.590<\/td><td>7.702<\/td><\/tr><tr><td>8<\/td><td>14<\/td><td>RODR\u00cdGUEZ MAT\u00cdAS<\/td><td>Y<\/td><td>18<\/td><td>31;29.437<\/td><td>9.549<\/td><\/tr><tr><td>9<\/td><td>55<\/td><td>IRIBARNE FEDERICO<\/td><td>Y<\/td><td>18<\/td><td>31;35.560<\/td><td>15.672<\/td><\/tr><tr><td>10<\/td><td>197<\/td><td>QUIJADA MARCOS<\/td><td>FORD<\/td><td>18<\/td><td>31;35.685<\/td><td>15.797<\/td><\/tr><tr><td>11<\/td><td>1<\/td><td>MART\u00cdNEZ OMAR<\/td><td>FORD<\/td><td>18<\/td><td>31;36.379<\/td><td>16.491<\/td><\/tr><tr><td>12<\/td><td>3<\/td><td>MART\u00cdNEZ AGUST\u00cdN<\/td><td>FORD<\/td><td>18<\/td><td>31;36.861<\/td><td>16.973<\/td><\/tr><tr><td>13<\/td><td>19<\/td><td>CHAPUR FACUNDO<\/td><td>Y<\/td><td>18<\/td><td>31;38.002<\/td><td>18.114<\/td><\/tr><tr><td>14<\/td><td>132<\/td><td>VALLE LUCAS<\/td><td>FORD<\/td><td>18<\/td><td>31;38.424<\/td><td>18.536<\/td><\/tr><tr><td>15<\/td><td>117<\/td><td>ABDALA TOM\u00c1S<\/td><td>FORD<\/td><td>18<\/td><td>31;45.869<\/td><td>25.981<\/td><\/tr><tr><td>16<\/td><td>15<\/td><td>DE CARLO DIEGO<\/td><td>VOLKSWAGEN<\/td><td>18<\/td><td>31;46.041<\/td><td>26.153<\/td><\/tr><tr><td>17<\/td><td>77<\/td><td>CIANTINI DIEGO<\/td><td>VOLKSWAGEN<\/td><td>18<\/td><td>32;43.368<\/td><td>1;23.480<\/td><\/tr><tr><td>18<\/td><td>33<\/td><td>ORTELLI GUILLERMO<\/td><td>VOLKSWAGEN<\/td><td>17<\/td><td>29;44.348<\/td><td>1 VTA<\/td><\/tr><tr><td>19<\/td><td>69<\/td><td>MION EDDY<\/td><td>FORD<\/td><td>17<\/td><td>32;15.946<\/td><td>1 VTA<\/td><\/tr><tr><td>20<\/td><td>64<\/td><td>MORILLO FRANCO<\/td><td>Y<\/td><td>15<\/td><td>27;29.894<\/td><td>3 VTAS<\/td><\/tr><tr><td>21<\/td><td>66<\/td><td>JACK JAVIER<\/td><td>FORD<\/td><td>13<\/td><td>23;45.727<\/td><td>5 VTAS<\/td><\/tr><tr><td>22<\/td><td>113<\/td><td>LUG\u00d3N RODRIGO<\/td><td>Y<\/td><td>6<\/td><td>12;18.112<\/td><td>12 VTAS<\/td><\/tr><tr><td>23<\/td><td>6<\/td><td>WERNER MARIANO<\/td><td>Y<\/td><td>4<\/td><td>06;32.208<\/td><td>14 VTAS<\/td><\/tr><tr><td>24<\/td><td>56<\/td><td>TODINO GERM\u00c1N<\/td><td>Y<\/td><td>2<\/td><td>09;10.835<\/td><td>16 VTAS<\/td><\/tr><tr><td colspan=\"7\"><\/td><\/tr><tr><td colspan=\"7\">PROMEDIO: 141,948 Km\/h<\/td><\/tr><tr><td colspan=\"7\"><\/td><\/tr><tr><td colspan=\"7\">RECORD DE VUELTA: Nro 38 (LAMBIRIS) Vta 8 en 1:34.856 a 156,287 Km\/h<\/td><\/tr><\/tbody><\/table><\/figure>\n","protected":false},"excerpt":{"rendered":"<p>Mauricio Lambiris se qued\u00f3 con la cuarta final del a\u00f1o de las TC Pick Up fruto del abandono de Guillermo<\/p>\n","protected":false},"author":3,"featured_media":0,"comment_status":"open","ping_status":"open","sticky":false,"template":"","format":"standard","meta":{"colormag_page_container_layout":"default_layout","colormag_page_sidebar_layout":"default_layout","footnotes":""},"categories":[16,5],"tags":[143,399,239,86,322,145,323],"class_list":["post-6901","post","type-post","status-publish","format-standard","hentry","category-recta-principal","category-latest-news","tag-actc","tag-mauricio-lambiris","tag-nissan","tag-pilotos-y-categorias","tag-tc-mouras","tag-tc-pick-up","tag-tcpm"],"yoast_head":"<!-- This site is optimized with the Yoast SEO plugin v27.4 - https:\/\/yoast.com\/product\/yoast-seo-wordpress\/ -->\n<title>Autos del Podio | TCPK independizadas<\/title>\n<meta name=\"description\" content=\"Autos del Podio Panorama informativo de lo sucedido con las TC Pick Up en Viedma y el Mouras en La Plata.\" \/>\n<meta name=\"robots\" content=\"index, follow, max-snippet:-1, max-image-preview:large, max-video-preview:-1\" \/>\n<link rel=\"canonical\" href=\"http:\/\/autosdelpodio.com\/autos\/tcpk-independizadas\/\" \/>\n<meta property=\"og:locale\" content=\"es_ES\" \/>\n<meta property=\"og:type\" content=\"article\" \/>\n<meta property=\"og:title\" content=\"Autos del Podio | TCPK independizadas\" \/>\n<meta property=\"og:description\" content=\"Autos del Podio Panorama informativo de lo sucedido con las TC Pick Up en Viedma y el Mouras en La Plata.\" \/>\n<meta property=\"og:url\" content=\"http:\/\/autosdelpodio.com\/autos\/tcpk-independizadas\/\" \/>\n<meta property=\"og:site_name\" content=\"Autos del Podio\" \/>\n<meta property=\"article:publisher\" content=\"https:\/\/www.facebook.com\/profile.php?id=100057192590976&amp;amp%3bamp%3bamp%3bamp%3bamp%3bamp%3bamp%3bamp%3bamp%3bamp%3bamp%3bamp%3bamp%3bamp%3bamp%3bamp%3bamp%3bamp%3bref=ts\" \/>\n<meta property=\"article:published_time\" content=\"2023-05-14T19:43:30+00:00\" \/>\n<meta property=\"article:modified_time\" content=\"2023-05-14T19:47:16+00:00\" \/>\n<meta name=\"author\" content=\"autosdelpodio\" \/>\n<meta name=\"twitter:card\" content=\"summary_large_image\" \/>\n<meta name=\"twitter:creator\" content=\"@autosdelpodio\" \/>\n<meta name=\"twitter:site\" content=\"@autosdelpodio\" \/>\n<meta name=\"twitter:label1\" content=\"Escrito por\" \/>\n\t<meta name=\"twitter:data1\" content=\"autosdelpodio\" \/>\n\t<meta name=\"twitter:label2\" content=\"Tiempo de lectura\" \/>\n\t<meta name=\"twitter:data2\" content=\"2 minutos\" \/>\n<script type=\"application\/ld+json\" class=\"yoast-schema-graph\">{\"@context\":\"https:\\\/\\\/schema.org\",\"@graph\":[{\"@type\":\"Article\",\"@id\":\"http:\\\/\\\/autosdelpodio.com\\\/autos\\\/tcpk-independizadas\\\/#article\",\"isPartOf\":{\"@id\":\"http:\\\/\\\/autosdelpodio.com\\\/autos\\\/tcpk-independizadas\\\/\"},\"author\":{\"name\":\"autosdelpodio\",\"@id\":\"http:\\\/\\\/autosdelpodio.com\\\/autos\\\/#\\\/schema\\\/person\\\/993527a4d01c3acdd3d6bce3770bc942\"},\"headline\":\"TCPK independizadas\",\"datePublished\":\"2023-05-14T19:43:30+00:00\",\"dateModified\":\"2023-05-14T19:47:16+00:00\",\"mainEntityOfPage\":{\"@id\":\"http:\\\/\\\/autosdelpodio.com\\\/autos\\\/tcpk-independizadas\\\/\"},\"wordCount\":280,\"commentCount\":0,\"publisher\":{\"@id\":\"http:\\\/\\\/autosdelpodio.com\\\/autos\\\/#organization\"},\"keywords\":[\"ACTC\",\"Mauricio Lambiris\",\"Nissan\",\"Pilotos y Categorias\",\"TC Mouras\",\"TC Pick Up\",\"TCPM\"],\"articleSection\":[\"Recta Principal\",\"\u00daltimas noticias\"],\"inLanguage\":\"es\",\"potentialAction\":[{\"@type\":\"CommentAction\",\"name\":\"Comment\",\"target\":[\"http:\\\/\\\/autosdelpodio.com\\\/autos\\\/tcpk-independizadas\\\/#respond\"]}]},{\"@type\":\"WebPage\",\"@id\":\"http:\\\/\\\/autosdelpodio.com\\\/autos\\\/tcpk-independizadas\\\/\",\"url\":\"http:\\\/\\\/autosdelpodio.com\\\/autos\\\/tcpk-independizadas\\\/\",\"name\":\"Autos del Podio | TCPK independizadas\",\"isPartOf\":{\"@id\":\"http:\\\/\\\/autosdelpodio.com\\\/autos\\\/#website\"},\"datePublished\":\"2023-05-14T19:43:30+00:00\",\"dateModified\":\"2023-05-14T19:47:16+00:00\",\"description\":\"Autos del Podio Panorama informativo de lo sucedido con las TC Pick Up en Viedma y el Mouras en La Plata.\",\"breadcrumb\":{\"@id\":\"http:\\\/\\\/autosdelpodio.com\\\/autos\\\/tcpk-independizadas\\\/#breadcrumb\"},\"inLanguage\":\"es\",\"potentialAction\":[{\"@type\":\"ReadAction\",\"target\":[\"http:\\\/\\\/autosdelpodio.com\\\/autos\\\/tcpk-independizadas\\\/\"]}]},{\"@type\":\"BreadcrumbList\",\"@id\":\"http:\\\/\\\/autosdelpodio.com\\\/autos\\\/tcpk-independizadas\\\/#breadcrumb\",\"itemListElement\":[{\"@type\":\"ListItem\",\"position\":1,\"name\":\"Portada\",\"item\":\"http:\\\/\\\/autosdelpodio.com\\\/autos\\\/\"},{\"@type\":\"ListItem\",\"position\":2,\"name\":\"TCPK independizadas\"}]},{\"@type\":\"WebSite\",\"@id\":\"http:\\\/\\\/autosdelpodio.com\\\/autos\\\/#website\",\"url\":\"http:\\\/\\\/autosdelpodio.com\\\/autos\\\/\",\"name\":\"Autos del Podio\",\"description\":\"La sexta del deporte motor\",\"publisher\":{\"@id\":\"http:\\\/\\\/autosdelpodio.com\\\/autos\\\/#organization\"},\"potentialAction\":[{\"@type\":\"SearchAction\",\"target\":{\"@type\":\"EntryPoint\",\"urlTemplate\":\"http:\\\/\\\/autosdelpodio.com\\\/autos\\\/?s={search_term_string}\"},\"query-input\":{\"@type\":\"PropertyValueSpecification\",\"valueRequired\":true,\"valueName\":\"search_term_string\"}}],\"inLanguage\":\"es\"},{\"@type\":\"Organization\",\"@id\":\"http:\\\/\\\/autosdelpodio.com\\\/autos\\\/#organization\",\"name\":\"Autos del Podio\",\"url\":\"http:\\\/\\\/autosdelpodio.com\\\/autos\\\/\",\"logo\":{\"@type\":\"ImageObject\",\"inLanguage\":\"es\",\"@id\":\"http:\\\/\\\/autosdelpodio.com\\\/autos\\\/#\\\/schema\\\/logo\\\/image\\\/\",\"url\":\"http:\\\/\\\/autosdelpodio.com\\\/autos\\\/wp-content\\\/uploads\\\/2020\\\/08\\\/Logo_AR.jpg\",\"contentUrl\":\"http:\\\/\\\/autosdelpodio.com\\\/autos\\\/wp-content\\\/uploads\\\/2020\\\/08\\\/Logo_AR.jpg\",\"width\":1038,\"height\":1044,\"caption\":\"Autos del Podio\"},\"image\":{\"@id\":\"http:\\\/\\\/autosdelpodio.com\\\/autos\\\/#\\\/schema\\\/logo\\\/image\\\/\"},\"sameAs\":[\"https:\\\/\\\/www.facebook.com\\\/profile.php?id=100057192590976&amp;amp;amp;amp;amp;amp;amp;amp;amp;amp;amp;amp;amp;amp;amp;amp;amp;amp;ref=ts\",\"https:\\\/\\\/x.com\\\/autosdelpodio\",\"https:\\\/\\\/www.youtube.com\\\/user\\\/AutosdelPodio\"]},{\"@type\":\"Person\",\"@id\":\"http:\\\/\\\/autosdelpodio.com\\\/autos\\\/#\\\/schema\\\/person\\\/993527a4d01c3acdd3d6bce3770bc942\",\"name\":\"autosdelpodio\",\"image\":{\"@type\":\"ImageObject\",\"inLanguage\":\"es\",\"@id\":\"http:\\\/\\\/autosdelpodio.com\\\/autos\\\/wp-content\\\/litespeed\\\/avatar\\\/aa8f65cd201a80f6b844f63278aa84af.jpg?ver=1776798175\",\"url\":\"http:\\\/\\\/autosdelpodio.com\\\/autos\\\/wp-content\\\/litespeed\\\/avatar\\\/aa8f65cd201a80f6b844f63278aa84af.jpg?ver=1776798175\",\"contentUrl\":\"http:\\\/\\\/autosdelpodio.com\\\/autos\\\/wp-content\\\/litespeed\\\/avatar\\\/aa8f65cd201a80f6b844f63278aa84af.jpg?ver=1776798175\",\"caption\":\"autosdelpodio\"}}]}<\/script>\n<!-- \/ Yoast SEO plugin. -->","yoast_head_json":{"title":"Autos del Podio | TCPK independizadas","description":"Autos del Podio Panorama informativo de lo sucedido con las TC Pick Up en Viedma y el Mouras en La Plata.","robots":{"index":"index","follow":"follow","max-snippet":"max-snippet:-1","max-image-preview":"max-image-preview:large","max-video-preview":"max-video-preview:-1"},"canonical":"http:\/\/autosdelpodio.com\/autos\/tcpk-independizadas\/","og_locale":"es_ES","og_type":"article","og_title":"Autos del Podio | TCPK independizadas","og_description":"Autos del Podio Panorama informativo de lo sucedido con las TC Pick Up en Viedma y el Mouras en La Plata.","og_url":"http:\/\/autosdelpodio.com\/autos\/tcpk-independizadas\/","og_site_name":"Autos del Podio","article_publisher":"https:\/\/www.facebook.com\/profile.php?id=100057192590976&amp%3bamp%3bamp%3bamp%3bamp%3bamp%3bamp%3bamp%3bamp%3bamp%3bamp%3bamp%3bamp%3bamp%3bamp%3bamp%3bamp%3bamp%3bref=ts","article_published_time":"2023-05-14T19:43:30+00:00","article_modified_time":"2023-05-14T19:47:16+00:00","author":"autosdelpodio","twitter_card":"summary_large_image","twitter_creator":"@autosdelpodio","twitter_site":"@autosdelpodio","twitter_misc":{"Escrito por":"autosdelpodio","Tiempo de lectura":"2 minutos"},"schema":{"@context":"https:\/\/schema.org","@graph":[{"@type":"Article","@id":"http:\/\/autosdelpodio.com\/autos\/tcpk-independizadas\/#article","isPartOf":{"@id":"http:\/\/autosdelpodio.com\/autos\/tcpk-independizadas\/"},"author":{"name":"autosdelpodio","@id":"http:\/\/autosdelpodio.com\/autos\/#\/schema\/person\/993527a4d01c3acdd3d6bce3770bc942"},"headline":"TCPK independizadas","datePublished":"2023-05-14T19:43:30+00:00","dateModified":"2023-05-14T19:47:16+00:00","mainEntityOfPage":{"@id":"http:\/\/autosdelpodio.com\/autos\/tcpk-independizadas\/"},"wordCount":280,"commentCount":0,"publisher":{"@id":"http:\/\/autosdelpodio.com\/autos\/#organization"},"keywords":["ACTC","Mauricio Lambiris","Nissan","Pilotos y Categorias","TC Mouras","TC Pick Up","TCPM"],"articleSection":["Recta Principal","\u00daltimas noticias"],"inLanguage":"es","potentialAction":[{"@type":"CommentAction","name":"Comment","target":["http:\/\/autosdelpodio.com\/autos\/tcpk-independizadas\/#respond"]}]},{"@type":"WebPage","@id":"http:\/\/autosdelpodio.com\/autos\/tcpk-independizadas\/","url":"http:\/\/autosdelpodio.com\/autos\/tcpk-independizadas\/","name":"Autos del Podio | TCPK independizadas","isPartOf":{"@id":"http:\/\/autosdelpodio.com\/autos\/#website"},"datePublished":"2023-05-14T19:43:30+00:00","dateModified":"2023-05-14T19:47:16+00:00","description":"Autos del Podio Panorama informativo de lo sucedido con las TC Pick Up en Viedma y el Mouras en La Plata.","breadcrumb":{"@id":"http:\/\/autosdelpodio.com\/autos\/tcpk-independizadas\/#breadcrumb"},"inLanguage":"es","potentialAction":[{"@type":"ReadAction","target":["http:\/\/autosdelpodio.com\/autos\/tcpk-independizadas\/"]}]},{"@type":"BreadcrumbList","@id":"http:\/\/autosdelpodio.com\/autos\/tcpk-independizadas\/#breadcrumb","itemListElement":[{"@type":"ListItem","position":1,"name":"Portada","item":"http:\/\/autosdelpodio.com\/autos\/"},{"@type":"ListItem","position":2,"name":"TCPK independizadas"}]},{"@type":"WebSite","@id":"http:\/\/autosdelpodio.com\/autos\/#website","url":"http:\/\/autosdelpodio.com\/autos\/","name":"Autos del Podio","description":"La sexta del deporte motor","publisher":{"@id":"http:\/\/autosdelpodio.com\/autos\/#organization"},"potentialAction":[{"@type":"SearchAction","target":{"@type":"EntryPoint","urlTemplate":"http:\/\/autosdelpodio.com\/autos\/?s={search_term_string}"},"query-input":{"@type":"PropertyValueSpecification","valueRequired":true,"valueName":"search_term_string"}}],"inLanguage":"es"},{"@type":"Organization","@id":"http:\/\/autosdelpodio.com\/autos\/#organization","name":"Autos del Podio","url":"http:\/\/autosdelpodio.com\/autos\/","logo":{"@type":"ImageObject","inLanguage":"es","@id":"http:\/\/autosdelpodio.com\/autos\/#\/schema\/logo\/image\/","url":"http:\/\/autosdelpodio.com\/autos\/wp-content\/uploads\/2020\/08\/Logo_AR.jpg","contentUrl":"http:\/\/autosdelpodio.com\/autos\/wp-content\/uploads\/2020\/08\/Logo_AR.jpg","width":1038,"height":1044,"caption":"Autos del Podio"},"image":{"@id":"http:\/\/autosdelpodio.com\/autos\/#\/schema\/logo\/image\/"},"sameAs":["https:\/\/www.facebook.com\/profile.php?id=100057192590976&amp;amp;amp;amp;amp;amp;amp;amp;amp;amp;amp;amp;amp;amp;amp;amp;amp;amp;ref=ts","https:\/\/x.com\/autosdelpodio","https:\/\/www.youtube.com\/user\/AutosdelPodio"]},{"@type":"Person","@id":"http:\/\/autosdelpodio.com\/autos\/#\/schema\/person\/993527a4d01c3acdd3d6bce3770bc942","name":"autosdelpodio","image":{"@type":"ImageObject","inLanguage":"es","@id":"http:\/\/autosdelpodio.com\/autos\/wp-content\/litespeed\/avatar\/aa8f65cd201a80f6b844f63278aa84af.jpg?ver=1776798175","url":"http:\/\/autosdelpodio.com\/autos\/wp-content\/litespeed\/avatar\/aa8f65cd201a80f6b844f63278aa84af.jpg?ver=1776798175","contentUrl":"http:\/\/autosdelpodio.com\/autos\/wp-content\/litespeed\/avatar\/aa8f65cd201a80f6b844f63278aa84af.jpg?ver=1776798175","caption":"autosdelpodio"}}]}},"views":286,"_links":{"self":[{"href":"http:\/\/autosdelpodio.com\/autos\/wp-json\/wp\/v2\/posts\/6901","targetHints":{"allow":["GET"]}}],"collection":[{"href":"http:\/\/autosdelpodio.com\/autos\/wp-json\/wp\/v2\/posts"}],"about":[{"href":"http:\/\/autosdelpodio.com\/autos\/wp-json\/wp\/v2\/types\/post"}],"author":[{"embeddable":true,"href":"http:\/\/autosdelpodio.com\/autos\/wp-json\/wp\/v2\/users\/3"}],"replies":[{"embeddable":true,"href":"http:\/\/autosdelpodio.com\/autos\/wp-json\/wp\/v2\/comments?post=6901"}],"version-history":[{"count":3,"href":"http:\/\/autosdelpodio.com\/autos\/wp-json\/wp\/v2\/posts\/6901\/revisions"}],"predecessor-version":[{"id":6905,"href":"http:\/\/autosdelpodio.com\/autos\/wp-json\/wp\/v2\/posts\/6901\/revisions\/6905"}],"wp:attachment":[{"href":"http:\/\/autosdelpodio.com\/autos\/wp-json\/wp\/v2\/media?parent=6901"}],"wp:term":[{"taxonomy":"category","embeddable":true,"href":"http:\/\/autosdelpodio.com\/autos\/wp-json\/wp\/v2\/categories?post=6901"},{"taxonomy":"post_tag","embeddable":true,"href":"http:\/\/autosdelpodio.com\/autos\/wp-json\/wp\/v2\/tags?post=6901"}],"curies":[{"name":"wp","href":"https:\/\/api.w.org\/{rel}","templated":true}]}}