{"id":6918,"date":"2023-05-21T12:53:08","date_gmt":"2023-05-21T15:53:08","guid":{"rendered":"http:\/\/autosdelpodio.com\/autos\/?p=6918"},"modified":"2023-05-21T12:53:09","modified_gmt":"2023-05-21T15:53:09","slug":"el-homenaje-local-a-cocho-lopez","status":"publish","type":"post","link":"http:\/\/autosdelpodio.com\/autos\/el-homenaje-local-a-cocho-lopez\/","title":{"rendered":"El homenaje local a Cocho Lopez"},"content":{"rendered":"\n<p>La Comuna Comuna 9 de la ciudad de Buenos Aires inaugur\u00f3 oficialmente el mural realizado por el artista Maxi Bagnasco en reconocimiento al volante del barrio de Mataderos Osvaldo Abel L\u00f3pez.<br>La cita pautada para las 13 horas del S\u00e1bado 20 de Mayo entre las calles Murguiondo y Rod\u00f3, da las coordenadas de la esquina del que fuera el Frigor\u00edfico Pompeya, antiguamente propiedad de la familia de L\u00f3pez.Que mejor lugar para dejar sentada la pintura casi fotogr\u00e1fica del <a href=\"http:\/\/autosdelpodio.com\/autos\/club-argentino-de-pilotos-la-categoria-que-lo-tuvo-todo\/\" target=\"_blank\" rel=\"noreferrer noopener\">m\u00faltiple campe\u00f3n del automovilismo argentino<\/a>.<br>Formaron parte del evento la familia de Cocho desde luego, autoridades del gobierno porte\u00f1o, amigos, periodistas, fan\u00e1ticos de todas las \u00e9pocas, uno de los actuales due\u00f1os del frigor\u00edfico que cedi\u00f3 gentilmente y con todo gusto la esquina en cuesti\u00f3n, Juanjo Monteagudo, due\u00f1o de equipo de competici\u00f3n y el ex driver Gustavo Der Ohanessian.<\/p>\n\n\n\n<figure class=\"wp-block-image aligncenter size-full\"><img fetchpriority=\"high\" decoding=\"async\" width=\"500\" height=\"350\" src=\"http:\/\/autosdelpodio.com\/autos\/wp-content\/uploads\/2023\/05\/Muro_Cocho_II.jpg\" alt=\"\" class=\"wp-image-6923\" srcset=\"http:\/\/autosdelpodio.com\/autos\/wp-content\/uploads\/2023\/05\/Muro_Cocho_II.jpg 500w, http:\/\/autosdelpodio.com\/autos\/wp-content\/uploads\/2023\/05\/Muro_Cocho_II-300x210.jpg 300w, http:\/\/autosdelpodio.com\/autos\/wp-content\/uploads\/2023\/05\/Muro_Cocho_II-130x90.jpg 130w\" sizes=\"(max-width: 500px) 100vw, 500px\" \/><figcaption class=\"wp-element-caption\"><em><strong>Emotiva inauguraci\u00f3n este s\u00e1bado del mural con la imagen del ex piloto Osvaldo \u201cCocho\u201d L\u00f3pez en la Rep\u00fablica de Mataderos.<\/strong><\/em><\/figcaption><\/figure>\n\n\n\n<p>A la izquierda del mural, sobre la ochava estaba estacionado el Ford Falcon 2003 de TC, ultimo auto que utilizara Cocho en su vasta carrera deportiva y a la derecha <a href=\"https:\/\/www.youtube.com\/watch?v=6DytkB9pG04\" target=\"_blank\" rel=\"noreferrer noopener\">el Regatta Vencedor<\/a>, subcampe\u00f3n de la temporada 1990 de TC2000. En el centro, el escenario, donde fueron subiendo cada uno de los actores en cuesti\u00f3n en un acto breve y efectivo que dej\u00f3 lugar para la emoci\u00f3n y posterior degustaci\u00f3n de todo tipo de fiambres junto a los infaltables choripanes.<\/p>\n\n\n\n<figure class=\"wp-block-embed is-type-video is-provider-youtube wp-block-embed-youtube wp-embed-aspect-16-9 wp-has-aspect-ratio\"><div class=\"wp-block-embed__wrapper\">\n<iframe title=\"Inauguraci\u00f3n Mural Cocho Lopez\" width=\"800\" height=\"450\" src=\"https:\/\/www.youtube.com\/embed\/f2Ih5vQ3170?feature=oembed\" frameborder=\"0\" allow=\"accelerometer; autoplay; clipboard-write; encrypted-media; gyroscope; picture-in-picture; web-share\" allowfullscreen><\/iframe>\n<\/div><\/figure>\n\n\n\n<p><\/p>\n","protected":false},"excerpt":{"rendered":"<p>La Comuna Comuna 9 de la ciudad de Buenos Aires inaugur\u00f3 oficialmente el mural realizado por el artista Maxi Bagnasco<\/p>\n","protected":false},"author":3,"featured_media":6922,"comment_status":"open","ping_status":"open","sticky":false,"template":"","format":"standard","meta":{"colormag_page_container_layout":"default_layout","colormag_page_sidebar_layout":"default_layout","footnotes":""},"categories":[6,5],"tags":[116,371,99,87,756,171,757],"class_list":["post-6918","post","type-post","status-publish","format-standard","has-post-thumbnail","hentry","category-newsflash","category-latest-news","tag-arte","tag-caba","tag-cocho-lopez","tag-ford-falcon","tag-mataderos","tag-pinturas","tag-regatta"],"yoast_head":"<!-- This site is optimized with the Yoast SEO plugin v27.5 - https:\/\/yoast.com\/product\/yoast-seo-wordpress\/ -->\n<title>Autos del Podio | El homenaje local a Cocho Lopez<\/title>\n<meta name=\"description\" content=\"Autos del Podio Emotiva inauguraci\u00f3n este s\u00e1bado del mural con la imagen del ex piloto Osvaldo \u201cCocho\u201d L\u00f3pez en la Rep\u00fablica de Mataderos.\" \/>\n<meta name=\"robots\" content=\"index, follow, max-snippet:-1, max-image-preview:large, max-video-preview:-1\" \/>\n<link rel=\"canonical\" href=\"http:\/\/autosdelpodio.com\/autos\/el-homenaje-local-a-cocho-lopez\/\" \/>\n<meta property=\"og:locale\" content=\"es_ES\" \/>\n<meta property=\"og:type\" content=\"article\" \/>\n<meta property=\"og:title\" content=\"Autos del Podio | El homenaje local a Cocho Lopez\" \/>\n<meta property=\"og:description\" content=\"Autos del Podio Emotiva inauguraci\u00f3n este s\u00e1bado del mural con la imagen del ex piloto Osvaldo \u201cCocho\u201d L\u00f3pez en la Rep\u00fablica de Mataderos.\" \/>\n<meta property=\"og:url\" content=\"http:\/\/autosdelpodio.com\/autos\/el-homenaje-local-a-cocho-lopez\/\" \/>\n<meta property=\"og:site_name\" content=\"Autos del Podio\" \/>\n<meta property=\"article:publisher\" content=\"https:\/\/www.facebook.com\/profile.php?id=100057192590976&amp;amp%3bamp%3bamp%3bamp%3bamp%3bamp%3bamp%3bamp%3bamp%3bamp%3bamp%3bamp%3bamp%3bamp%3bamp%3bamp%3bamp%3bamp%3bref=ts\" \/>\n<meta property=\"article:published_time\" content=\"2023-05-21T15:53:08+00:00\" \/>\n<meta property=\"article:modified_time\" content=\"2023-05-21T15:53:09+00:00\" \/>\n<meta property=\"og:image\" content=\"http:\/\/autosdelpodio.com\/autos\/wp-content\/uploads\/2023\/05\/Muro_Cocho_Portada.jpg\" \/>\n\t<meta property=\"og:image:width\" content=\"500\" \/>\n\t<meta property=\"og:image:height\" content=\"325\" \/>\n\t<meta property=\"og:image:type\" content=\"image\/jpeg\" \/>\n<meta name=\"author\" content=\"autosdelpodio\" \/>\n<meta name=\"twitter:card\" content=\"summary_large_image\" \/>\n<meta name=\"twitter:creator\" content=\"@autosdelpodio\" \/>\n<meta name=\"twitter:site\" content=\"@autosdelpodio\" \/>\n<meta name=\"twitter:label1\" content=\"Escrito por\" \/>\n\t<meta name=\"twitter:data1\" content=\"autosdelpodio\" \/>\n\t<meta name=\"twitter:label2\" content=\"Tiempo de lectura\" \/>\n\t<meta name=\"twitter:data2\" content=\"2 minutos\" \/>\n<script type=\"application\/ld+json\" class=\"yoast-schema-graph\">{\"@context\":\"https:\\\/\\\/schema.org\",\"@graph\":[{\"@type\":\"Article\",\"@id\":\"http:\\\/\\\/autosdelpodio.com\\\/autos\\\/el-homenaje-local-a-cocho-lopez\\\/#article\",\"isPartOf\":{\"@id\":\"http:\\\/\\\/autosdelpodio.com\\\/autos\\\/el-homenaje-local-a-cocho-lopez\\\/\"},\"author\":{\"name\":\"autosdelpodio\",\"@id\":\"http:\\\/\\\/autosdelpodio.com\\\/autos\\\/#\\\/schema\\\/person\\\/993527a4d01c3acdd3d6bce3770bc942\"},\"headline\":\"El homenaje local a Cocho Lopez\",\"datePublished\":\"2023-05-21T15:53:08+00:00\",\"dateModified\":\"2023-05-21T15:53:09+00:00\",\"mainEntityOfPage\":{\"@id\":\"http:\\\/\\\/autosdelpodio.com\\\/autos\\\/el-homenaje-local-a-cocho-lopez\\\/\"},\"wordCount\":266,\"commentCount\":1,\"publisher\":{\"@id\":\"http:\\\/\\\/autosdelpodio.com\\\/autos\\\/#organization\"},\"image\":{\"@id\":\"http:\\\/\\\/autosdelpodio.com\\\/autos\\\/el-homenaje-local-a-cocho-lopez\\\/#primaryimage\"},\"thumbnailUrl\":\"http:\\\/\\\/autosdelpodio.com\\\/autos\\\/wp-content\\\/uploads\\\/2023\\\/05\\\/Muro_Cocho_Portada.jpg\",\"keywords\":[\"Arte\",\"CABA\",\"Cocho Lopez\",\"Ford Falcon\",\"Mataderos\",\"Pinturas\",\"Regatta\"],\"articleSection\":[\"Destacado\",\"\u00daltimas noticias\"],\"inLanguage\":\"es\",\"potentialAction\":[{\"@type\":\"CommentAction\",\"name\":\"Comment\",\"target\":[\"http:\\\/\\\/autosdelpodio.com\\\/autos\\\/el-homenaje-local-a-cocho-lopez\\\/#respond\"]}]},{\"@type\":\"WebPage\",\"@id\":\"http:\\\/\\\/autosdelpodio.com\\\/autos\\\/el-homenaje-local-a-cocho-lopez\\\/\",\"url\":\"http:\\\/\\\/autosdelpodio.com\\\/autos\\\/el-homenaje-local-a-cocho-lopez\\\/\",\"name\":\"Autos del Podio | El homenaje local a Cocho Lopez\",\"isPartOf\":{\"@id\":\"http:\\\/\\\/autosdelpodio.com\\\/autos\\\/#website\"},\"primaryImageOfPage\":{\"@id\":\"http:\\\/\\\/autosdelpodio.com\\\/autos\\\/el-homenaje-local-a-cocho-lopez\\\/#primaryimage\"},\"image\":{\"@id\":\"http:\\\/\\\/autosdelpodio.com\\\/autos\\\/el-homenaje-local-a-cocho-lopez\\\/#primaryimage\"},\"thumbnailUrl\":\"http:\\\/\\\/autosdelpodio.com\\\/autos\\\/wp-content\\\/uploads\\\/2023\\\/05\\\/Muro_Cocho_Portada.jpg\",\"datePublished\":\"2023-05-21T15:53:08+00:00\",\"dateModified\":\"2023-05-21T15:53:09+00:00\",\"description\":\"Autos del Podio Emotiva inauguraci\u00f3n este s\u00e1bado del mural con la imagen del ex piloto Osvaldo \u201cCocho\u201d L\u00f3pez en la Rep\u00fablica de Mataderos.\",\"breadcrumb\":{\"@id\":\"http:\\\/\\\/autosdelpodio.com\\\/autos\\\/el-homenaje-local-a-cocho-lopez\\\/#breadcrumb\"},\"inLanguage\":\"es\",\"potentialAction\":[{\"@type\":\"ReadAction\",\"target\":[\"http:\\\/\\\/autosdelpodio.com\\\/autos\\\/el-homenaje-local-a-cocho-lopez\\\/\"]}]},{\"@type\":\"ImageObject\",\"inLanguage\":\"es\",\"@id\":\"http:\\\/\\\/autosdelpodio.com\\\/autos\\\/el-homenaje-local-a-cocho-lopez\\\/#primaryimage\",\"url\":\"http:\\\/\\\/autosdelpodio.com\\\/autos\\\/wp-content\\\/uploads\\\/2023\\\/05\\\/Muro_Cocho_Portada.jpg\",\"contentUrl\":\"http:\\\/\\\/autosdelpodio.com\\\/autos\\\/wp-content\\\/uploads\\\/2023\\\/05\\\/Muro_Cocho_Portada.jpg\",\"width\":500,\"height\":325},{\"@type\":\"BreadcrumbList\",\"@id\":\"http:\\\/\\\/autosdelpodio.com\\\/autos\\\/el-homenaje-local-a-cocho-lopez\\\/#breadcrumb\",\"itemListElement\":[{\"@type\":\"ListItem\",\"position\":1,\"name\":\"Portada\",\"item\":\"http:\\\/\\\/autosdelpodio.com\\\/autos\\\/\"},{\"@type\":\"ListItem\",\"position\":2,\"name\":\"El homenaje local a Cocho Lopez\"}]},{\"@type\":\"WebSite\",\"@id\":\"http:\\\/\\\/autosdelpodio.com\\\/autos\\\/#website\",\"url\":\"http:\\\/\\\/autosdelpodio.com\\\/autos\\\/\",\"name\":\"Autos del Podio\",\"description\":\"La sexta del deporte motor\",\"publisher\":{\"@id\":\"http:\\\/\\\/autosdelpodio.com\\\/autos\\\/#organization\"},\"potentialAction\":[{\"@type\":\"SearchAction\",\"target\":{\"@type\":\"EntryPoint\",\"urlTemplate\":\"http:\\\/\\\/autosdelpodio.com\\\/autos\\\/?s={search_term_string}\"},\"query-input\":{\"@type\":\"PropertyValueSpecification\",\"valueRequired\":true,\"valueName\":\"search_term_string\"}}],\"inLanguage\":\"es\"},{\"@type\":\"Organization\",\"@id\":\"http:\\\/\\\/autosdelpodio.com\\\/autos\\\/#organization\",\"name\":\"Autos del Podio\",\"url\":\"http:\\\/\\\/autosdelpodio.com\\\/autos\\\/\",\"logo\":{\"@type\":\"ImageObject\",\"inLanguage\":\"es\",\"@id\":\"http:\\\/\\\/autosdelpodio.com\\\/autos\\\/#\\\/schema\\\/logo\\\/image\\\/\",\"url\":\"http:\\\/\\\/autosdelpodio.com\\\/autos\\\/wp-content\\\/uploads\\\/2020\\\/08\\\/Logo_AR.jpg\",\"contentUrl\":\"http:\\\/\\\/autosdelpodio.com\\\/autos\\\/wp-content\\\/uploads\\\/2020\\\/08\\\/Logo_AR.jpg\",\"width\":1038,\"height\":1044,\"caption\":\"Autos del Podio\"},\"image\":{\"@id\":\"http:\\\/\\\/autosdelpodio.com\\\/autos\\\/#\\\/schema\\\/logo\\\/image\\\/\"},\"sameAs\":[\"https:\\\/\\\/www.facebook.com\\\/profile.php?id=100057192590976&amp;amp;amp;amp;amp;amp;amp;amp;amp;amp;amp;amp;amp;amp;amp;amp;amp;amp;ref=ts\",\"https:\\\/\\\/x.com\\\/autosdelpodio\",\"https:\\\/\\\/www.youtube.com\\\/user\\\/AutosdelPodio\"]},{\"@type\":\"Person\",\"@id\":\"http:\\\/\\\/autosdelpodio.com\\\/autos\\\/#\\\/schema\\\/person\\\/993527a4d01c3acdd3d6bce3770bc942\",\"name\":\"autosdelpodio\",\"image\":{\"@type\":\"ImageObject\",\"inLanguage\":\"es\",\"@id\":\"http:\\\/\\\/autosdelpodio.com\\\/autos\\\/wp-content\\\/litespeed\\\/avatar\\\/aa8f65cd201a80f6b844f63278aa84af.jpg?ver=1777403005\",\"url\":\"http:\\\/\\\/autosdelpodio.com\\\/autos\\\/wp-content\\\/litespeed\\\/avatar\\\/aa8f65cd201a80f6b844f63278aa84af.jpg?ver=1777403005\",\"contentUrl\":\"http:\\\/\\\/autosdelpodio.com\\\/autos\\\/wp-content\\\/litespeed\\\/avatar\\\/aa8f65cd201a80f6b844f63278aa84af.jpg?ver=1777403005\",\"caption\":\"autosdelpodio\"}}]}<\/script>\n<!-- \/ Yoast SEO plugin. -->","yoast_head_json":{"title":"Autos del Podio | El homenaje local a Cocho Lopez","description":"Autos del Podio Emotiva inauguraci\u00f3n este s\u00e1bado del mural con la imagen del ex piloto Osvaldo \u201cCocho\u201d L\u00f3pez en la Rep\u00fablica de Mataderos.","robots":{"index":"index","follow":"follow","max-snippet":"max-snippet:-1","max-image-preview":"max-image-preview:large","max-video-preview":"max-video-preview:-1"},"canonical":"http:\/\/autosdelpodio.com\/autos\/el-homenaje-local-a-cocho-lopez\/","og_locale":"es_ES","og_type":"article","og_title":"Autos del Podio | El homenaje local a Cocho Lopez","og_description":"Autos del Podio Emotiva inauguraci\u00f3n este s\u00e1bado del mural con la imagen del ex piloto Osvaldo \u201cCocho\u201d L\u00f3pez en la Rep\u00fablica de Mataderos.","og_url":"http:\/\/autosdelpodio.com\/autos\/el-homenaje-local-a-cocho-lopez\/","og_site_name":"Autos del Podio","article_publisher":"https:\/\/www.facebook.com\/profile.php?id=100057192590976&amp%3bamp%3bamp%3bamp%3bamp%3bamp%3bamp%3bamp%3bamp%3bamp%3bamp%3bamp%3bamp%3bamp%3bamp%3bamp%3bamp%3bamp%3bref=ts","article_published_time":"2023-05-21T15:53:08+00:00","article_modified_time":"2023-05-21T15:53:09+00:00","og_image":[{"width":500,"height":325,"url":"http:\/\/autosdelpodio.com\/autos\/wp-content\/uploads\/2023\/05\/Muro_Cocho_Portada.jpg","type":"image\/jpeg"}],"author":"autosdelpodio","twitter_card":"summary_large_image","twitter_creator":"@autosdelpodio","twitter_site":"@autosdelpodio","twitter_misc":{"Escrito por":"autosdelpodio","Tiempo de lectura":"2 minutos"},"schema":{"@context":"https:\/\/schema.org","@graph":[{"@type":"Article","@id":"http:\/\/autosdelpodio.com\/autos\/el-homenaje-local-a-cocho-lopez\/#article","isPartOf":{"@id":"http:\/\/autosdelpodio.com\/autos\/el-homenaje-local-a-cocho-lopez\/"},"author":{"name":"autosdelpodio","@id":"http:\/\/autosdelpodio.com\/autos\/#\/schema\/person\/993527a4d01c3acdd3d6bce3770bc942"},"headline":"El homenaje local a Cocho Lopez","datePublished":"2023-05-21T15:53:08+00:00","dateModified":"2023-05-21T15:53:09+00:00","mainEntityOfPage":{"@id":"http:\/\/autosdelpodio.com\/autos\/el-homenaje-local-a-cocho-lopez\/"},"wordCount":266,"commentCount":1,"publisher":{"@id":"http:\/\/autosdelpodio.com\/autos\/#organization"},"image":{"@id":"http:\/\/autosdelpodio.com\/autos\/el-homenaje-local-a-cocho-lopez\/#primaryimage"},"thumbnailUrl":"http:\/\/autosdelpodio.com\/autos\/wp-content\/uploads\/2023\/05\/Muro_Cocho_Portada.jpg","keywords":["Arte","CABA","Cocho Lopez","Ford Falcon","Mataderos","Pinturas","Regatta"],"articleSection":["Destacado","\u00daltimas noticias"],"inLanguage":"es","potentialAction":[{"@type":"CommentAction","name":"Comment","target":["http:\/\/autosdelpodio.com\/autos\/el-homenaje-local-a-cocho-lopez\/#respond"]}]},{"@type":"WebPage","@id":"http:\/\/autosdelpodio.com\/autos\/el-homenaje-local-a-cocho-lopez\/","url":"http:\/\/autosdelpodio.com\/autos\/el-homenaje-local-a-cocho-lopez\/","name":"Autos del Podio | El homenaje local a Cocho Lopez","isPartOf":{"@id":"http:\/\/autosdelpodio.com\/autos\/#website"},"primaryImageOfPage":{"@id":"http:\/\/autosdelpodio.com\/autos\/el-homenaje-local-a-cocho-lopez\/#primaryimage"},"image":{"@id":"http:\/\/autosdelpodio.com\/autos\/el-homenaje-local-a-cocho-lopez\/#primaryimage"},"thumbnailUrl":"http:\/\/autosdelpodio.com\/autos\/wp-content\/uploads\/2023\/05\/Muro_Cocho_Portada.jpg","datePublished":"2023-05-21T15:53:08+00:00","dateModified":"2023-05-21T15:53:09+00:00","description":"Autos del Podio Emotiva inauguraci\u00f3n este s\u00e1bado del mural con la imagen del ex piloto Osvaldo \u201cCocho\u201d L\u00f3pez en la Rep\u00fablica de Mataderos.","breadcrumb":{"@id":"http:\/\/autosdelpodio.com\/autos\/el-homenaje-local-a-cocho-lopez\/#breadcrumb"},"inLanguage":"es","potentialAction":[{"@type":"ReadAction","target":["http:\/\/autosdelpodio.com\/autos\/el-homenaje-local-a-cocho-lopez\/"]}]},{"@type":"ImageObject","inLanguage":"es","@id":"http:\/\/autosdelpodio.com\/autos\/el-homenaje-local-a-cocho-lopez\/#primaryimage","url":"http:\/\/autosdelpodio.com\/autos\/wp-content\/uploads\/2023\/05\/Muro_Cocho_Portada.jpg","contentUrl":"http:\/\/autosdelpodio.com\/autos\/wp-content\/uploads\/2023\/05\/Muro_Cocho_Portada.jpg","width":500,"height":325},{"@type":"BreadcrumbList","@id":"http:\/\/autosdelpodio.com\/autos\/el-homenaje-local-a-cocho-lopez\/#breadcrumb","itemListElement":[{"@type":"ListItem","position":1,"name":"Portada","item":"http:\/\/autosdelpodio.com\/autos\/"},{"@type":"ListItem","position":2,"name":"El homenaje local a Cocho Lopez"}]},{"@type":"WebSite","@id":"http:\/\/autosdelpodio.com\/autos\/#website","url":"http:\/\/autosdelpodio.com\/autos\/","name":"Autos del Podio","description":"La sexta del deporte motor","publisher":{"@id":"http:\/\/autosdelpodio.com\/autos\/#organization"},"potentialAction":[{"@type":"SearchAction","target":{"@type":"EntryPoint","urlTemplate":"http:\/\/autosdelpodio.com\/autos\/?s={search_term_string}"},"query-input":{"@type":"PropertyValueSpecification","valueRequired":true,"valueName":"search_term_string"}}],"inLanguage":"es"},{"@type":"Organization","@id":"http:\/\/autosdelpodio.com\/autos\/#organization","name":"Autos del Podio","url":"http:\/\/autosdelpodio.com\/autos\/","logo":{"@type":"ImageObject","inLanguage":"es","@id":"http:\/\/autosdelpodio.com\/autos\/#\/schema\/logo\/image\/","url":"http:\/\/autosdelpodio.com\/autos\/wp-content\/uploads\/2020\/08\/Logo_AR.jpg","contentUrl":"http:\/\/autosdelpodio.com\/autos\/wp-content\/uploads\/2020\/08\/Logo_AR.jpg","width":1038,"height":1044,"caption":"Autos del Podio"},"image":{"@id":"http:\/\/autosdelpodio.com\/autos\/#\/schema\/logo\/image\/"},"sameAs":["https:\/\/www.facebook.com\/profile.php?id=100057192590976&amp;amp;amp;amp;amp;amp;amp;amp;amp;amp;amp;amp;amp;amp;amp;amp;amp;amp;ref=ts","https:\/\/x.com\/autosdelpodio","https:\/\/www.youtube.com\/user\/AutosdelPodio"]},{"@type":"Person","@id":"http:\/\/autosdelpodio.com\/autos\/#\/schema\/person\/993527a4d01c3acdd3d6bce3770bc942","name":"autosdelpodio","image":{"@type":"ImageObject","inLanguage":"es","@id":"http:\/\/autosdelpodio.com\/autos\/wp-content\/litespeed\/avatar\/aa8f65cd201a80f6b844f63278aa84af.jpg?ver=1777403005","url":"http:\/\/autosdelpodio.com\/autos\/wp-content\/litespeed\/avatar\/aa8f65cd201a80f6b844f63278aa84af.jpg?ver=1777403005","contentUrl":"http:\/\/autosdelpodio.com\/autos\/wp-content\/litespeed\/avatar\/aa8f65cd201a80f6b844f63278aa84af.jpg?ver=1777403005","caption":"autosdelpodio"}}]}},"views":631,"_links":{"self":[{"href":"http:\/\/autosdelpodio.com\/autos\/wp-json\/wp\/v2\/posts\/6918","targetHints":{"allow":["GET"]}}],"collection":[{"href":"http:\/\/autosdelpodio.com\/autos\/wp-json\/wp\/v2\/posts"}],"about":[{"href":"http:\/\/autosdelpodio.com\/autos\/wp-json\/wp\/v2\/types\/post"}],"author":[{"embeddable":true,"href":"http:\/\/autosdelpodio.com\/autos\/wp-json\/wp\/v2\/users\/3"}],"replies":[{"embeddable":true,"href":"http:\/\/autosdelpodio.com\/autos\/wp-json\/wp\/v2\/comments?post=6918"}],"version-history":[{"count":5,"href":"http:\/\/autosdelpodio.com\/autos\/wp-json\/wp\/v2\/posts\/6918\/revisions"}],"predecessor-version":[{"id":6925,"href":"http:\/\/autosdelpodio.com\/autos\/wp-json\/wp\/v2\/posts\/6918\/revisions\/6925"}],"wp:featuredmedia":[{"embeddable":true,"href":"http:\/\/autosdelpodio.com\/autos\/wp-json\/wp\/v2\/media\/6922"}],"wp:attachment":[{"href":"http:\/\/autosdelpodio.com\/autos\/wp-json\/wp\/v2\/media?parent=6918"}],"wp:term":[{"taxonomy":"category","embeddable":true,"href":"http:\/\/autosdelpodio.com\/autos\/wp-json\/wp\/v2\/categories?post=6918"},{"taxonomy":"post_tag","embeddable":true,"href":"http:\/\/autosdelpodio.com\/autos\/wp-json\/wp\/v2\/tags?post=6918"}],"curies":[{"name":"wp","href":"https:\/\/api.w.org\/{rel}","templated":true}]}}