{"id":694,"date":"2013-03-17T23:37:01","date_gmt":"2013-03-17T23:37:01","guid":{"rendered":"http:\/\/autosdelpodio.com\/autos\/2013\/03\/17\/smith-y-montenegro-los-destacados-del-tcm\/"},"modified":"2013-03-17T23:37:01","modified_gmt":"2013-03-17T23:37:01","slug":"smith-y-montenegro-los-destacados-del-tcm","status":"publish","type":"post","link":"http:\/\/autosdelpodio.com\/autos\/smith-y-montenegro-los-destacados-del-tcm\/","title":{"rendered":"Smith y Montenegro, los destacados del TCM"},"content":{"rendered":"<p><span style=\"text-align: justify; line-height: 1.3em;\">Brian Smith gan\u00f3 la carrera de invitados del TC Mouras, la segunda de la temporada en el Autodromo Roberto Mouras en La Plata conduciendo el Chevrolet de Gonzalo Montenegro, quien a su vez se impuso en la carrera de pilotos titulares.<\/span><\/p>\n<p>  <!--more-->  <\/p>\n<p><span style=\"text-align: justify; line-height: 1.3em;\">En la carrera de titulares, Montenegro supo capitalizar la deserci\u00f3n de Alan Ruggiero, que con su Ford Falc\u00f3n se qued\u00f3 con las manos vac\u00edas a una vuelta del final debido a la rotura de un neum\u00e1tico. Juan Pablo Barucca (Chevrolet) y Brian Atkinson (Ford) escoltaron al ganador.<\/span><\/p>\n<p style=\"text-align: justify;\">En tanto que la carrera de pilotos invitados ganada por Smith, Mariano Werner (con el Ford de Marcos Muchiut) y Jonatan Castellano (con el Dodge de Diego Verriello) completaron el podio.<\/p>\n<p>Final \u00a0TCM<\/p>\n<p>1 \u00a0 \u00a0195 \u00a0SMITH BRIAN \u00a0 \u00a0 \u00a0 \u00a0 \u00a0 \u00a0 \u00a0CHEVROLET \u00a0 \u00a0 \u00a0 16 \u00a0 \u00a0 24;42,336<\/p>\n<p><span style=\"line-height: 1.3em;\">2 \u00a0 \u00a0 92 \u00a0WERNER MARIANO \u00a0 \u00a0 \u00a0 \u00a0 \u00a0 FORD \u00a0 \u00a0 \u00a0 \u00a0 \u00a0 \u00a016 \u00a0 \u00a0 24;42,515 \u00a0 \u00a0 \u00a0 \u00a00,179<\/span><\/p>\n<p><span style=\"line-height: 1.3em;\">3 \u00a0 \u00a0 18 \u00a0CASTELLANO JONATAN \u00a0 \u00a0 \u00a0 DODGE \u00a0 \u00a0 \u00a0 \u00a0 \u00a0 16 \u00a0 \u00a0 24;43,274 \u00a0 \u00a0 \u00a0 \u00a00,938<\/span><\/p>\n<p><span style=\"line-height: 1.3em;\">4 \u00a0 \u00a0 16 \u00a0SAVINO JOSE \u00a0 \u00a0 \u00a0 \u00a0 \u00a0 \u00a0 \u00a0FORD \u00a0 \u00a0 \u00a0 \u00a0 \u00a0 \u00a016 \u00a0 \u00a0 24;44,062 \u00a0 \u00a0 \u00a0 \u00a01,726<\/span><\/p>\n<p><span style=\"line-height: 1.3em;\">5 \u00a0 \u00a0 \u00a09 \u00a0ALTUNA MARIANO \u00a0 \u00a0 \u00a0 \u00a0 \u00a0 DODGE \u00a0 \u00a0 \u00a0 \u00a0 \u00a0 16 \u00a0 \u00a0 24;44,739 \u00a0 \u00a0 \u00a0 \u00a02,403<\/span><\/p>\n<p><span style=\"line-height: 1.3em;\">6 \u00a0 \u00a0 23 \u00a0GIANINI JUAN PABLO \u00a0 \u00a0 \u00a0 FORD \u00a0 \u00a0 \u00a0 \u00a0 \u00a0 \u00a016 \u00a0 \u00a0 24;55,835 \u00a0 \u00a0 \u00a0 13,499<\/span><\/p>\n<p><span style=\"line-height: 1.3em;\">7 \u00a0 \u00a0 19 \u00a0ANGELINI JUAN MARCOS \u00a0 \u00a0 FORD \u00a0 \u00a0 \u00a0 \u00a0 \u00a0 \u00a016 \u00a0 \u00a0 24;58,091 \u00a0 \u00a0 \u00a0 15,755<\/span><\/p>\n<p><span style=\"line-height: 1.3em;\">8 \u00a0 \u00a0 82 \u00a0TRUCCO JUAN \u00a0 \u00a0 \u00a0 \u00a0 \u00a0 \u00a0 \u00a0CHEVROLET \u00a0 \u00a0 \u00a0 16 \u00a0 \u00a0 24;58,635 \u00a0 \u00a0 \u00a0 16,299<\/span><\/p>\n<p><span style=\"line-height: 1.3em;\">9 \u00a0 \u00a0119 \u00a0RISATTI RICARDO \u00a0 \u00a0 \u00a0 \u00a0 \u00a0DODGE \u00a0 \u00a0 \u00a0 \u00a0 \u00a0 16 \u00a0 \u00a0 25;02,420 \u00a0 \u00a0 \u00a0 20,084<\/span><\/p>\n<p><span style=\"line-height: 1.3em;\">10 \u00a0 \u00a030 \u00a0COSTANZO PABLO \u00a0 \u00a0 \u00a0 \u00a0 \u00a0 FORD \u00a0 \u00a0 \u00a0 \u00a0 \u00a0 \u00a016 \u00a0 \u00a0 25;14,812 \u00a0 \u00a0 \u00a0 32,476<\/span><\/p>\n<p><span style=\"line-height: 1.3em;\">11 \u00a0 \u00a011 \u00a0VIVIAN FRANCO \u00a0 \u00a0 \u00a0 \u00a0 \u00a0 \u00a0CHEVROLET \u00a0 \u00a0 \u00a0 16 \u00a0 \u00a0 25;16,886 \u00a0 \u00a0 \u00a0 34,550<\/span><\/p>\n<p><span style=\"line-height: 1.3em;\">12 \u00a0 \u00a022 \u00a0PEZZUCCHI NICOLAS \u00a0 \u00a0 \u00a0 \u00a0DODGE \u00a0 \u00a0 \u00a0 \u00a0 \u00a0 16 \u00a0 \u00a0 25;11,134 \u00a0 \u00a0 \u00a0 28,798<\/span><\/p>\n<p><span style=\"line-height: 1.3em;\">13 \u00a0 \u00a091 \u00a0GINI ESTEBAN \u00a0 \u00a0 \u00a0 \u00a0 \u00a0 \u00a0 CHEVROLET \u00a0 \u00a0 \u00a0 16 \u00a0 \u00a0 25;22,354 \u00a0 \u00a0 \u00a0 40,018<\/span><\/p>\n<p><span style=\"line-height: 1.3em;\">14 \u00a0 \u00a077 \u00a0URRETAVIZCAYA TOMAS \u00a0 \u00a0 \u00a0CHEVROLET \u00a0 \u00a0 \u00a0 16 \u00a0 \u00a0 25;24,611 \u00a0 \u00a0 \u00a0 42,275<\/span><\/p>\n<p><span style=\"line-height: 1.3em;\">15 \u00a0 151 \u00a0GENTILE PEDRO \u00a0 \u00a0 \u00a0 \u00a0 \u00a0 \u00a0FORD \u00a0 \u00a0 \u00a0 \u00a0 \u00a0 \u00a016 \u00a0 \u00a0 25;23,903 \u00a0 \u00a0 \u00a0 41,567<\/span><\/p>\n<p><span style=\"line-height: 1.3em;\">16 \u00a0 114 \u00a0FERRANDO MARIO \u00a0 \u00a0 \u00a0 \u00a0 \u00a0 CHEVROLET \u00a0 \u00a0 \u00a0 16 \u00a0 \u00a0 25;38,172 \u00a0 \u00a0 \u00a0 55,836<\/span><\/p>\n<p><span style=\"line-height: 1.3em;\">17 \u00a0 \u00a020 \u00a0PERNIA LEONEL \u00a0 \u00a0 \u00a0 \u00a0 \u00a0 \u00a0CHEVROLET \u00a0 \u00a0 \u00a0 7 \u00a0 \u00a0 \u00a011;09,489 \u00a0 \u00a0 \u00a0 \u00a09 VTAS <\/span><\/p>\n<p><span style=\"line-height: 1.3em;\">18 \u00a0 116 \u00a0CANDELA ENRIQUE \u00a0 \u00a0 \u00a0 \u00a0 \u00a0FORD \u00a0 \u00a0 \u00a0 \u00a0 \u00a0 \u00a07 \u00a0 \u00a0 \u00a011;18,866 \u00a0 \u00a0 \u00a0 \u00a09 VTAS<\/span><\/p>\n<p><span style=\"line-height: 1.3em;\">19 \u00a0 104 \u00a0OUBI\u00d1A ADRIAN \u00a0 \u00a0 \u00a0 \u00a0 \u00a0 \u00a0FORD \u00a0 \u00a0 \u00a0 \u00a0 \u00a0 \u00a05 \u00a0 \u00a0 \u00a0 8;00,454 \u00a0 \u00a0 \u00a0 11 VTAS<\/span><\/p>\n<p><span style=\"line-height: 1.3em;\">20 \u00a0 126 \u00a0MANGONI SANTIAGO \u00a0 \u00a0 \u00a0 \u00a0 CHEVROLET \u00a0 \u00a0 \u00a0 5 \u00a0 \u00a0 \u00a0 8;17,574 \u00a0 \u00a0 \u00a0 11 VTAS<\/span><\/p>\n<p><span style=\"line-height: 1.3em;\">21 \u00a0 \u00a027 \u00a0AMEZCUA JUAN JOSE \u00a0 \u00a0 \u00a0 \u00a0CHEVROLET \u00a0 \u00a0 \u00a0 4 \u00a0 \u00a0 \u00a0 6;41,906 \u00a0 \u00a0 \u00a0 12 VTAS<\/span><\/p>\n<p><span style=\"line-height: 1.3em;\">22 \u00a0 \u00a095 \u00a0TABORDA CHRISTIAN \u00a0 \u00a0 \u00a0 \u00a0CHEVROLET \u00a0 \u00a0 \u00a0 2 \u00a0 \u00a0 \u00a0 3;15,162 \u00a0 \u00a0 \u00a0 14 VTAS <\/span><\/p>\n<p>\u00a0<\/p>\n<p><span style=\"line-height: 1.3em;\">NO LARGO: 14 \u00a0EBARLIN JUAN JOSE \u00a0 \u00a0 \u00a0 \u00a0CHEVROLET <\/span><\/p>\n<p>NO LARGO: 39 \u00a0FERRANTE GASTON \u00a0 \u00a0 \u00a0 \u00a0 \u00a0CHEVROLET<\/p>\n<p><span style=\"line-height: 1.3em;\">PROMEDIO: 165.728 KM\/H<\/span><\/p>\n<p><span style=\"line-height: 1.3em;\">RECORD DE VUELTA: NRO. 82 (TRUCCO) VTA. 3 EN 1` 31\u00ab 006 \u00a0A \u00a0168.714 KM\/H<\/span><\/p>\n<p><span style=\"line-height: 1.3em;\">Apercibido: N 77 (T. Urretavizcaya) por toque al N 151 (Gentile)<\/span><\/p>\n<p><span style=\"line-height: 1.3em;\">Recargo: N 151 (Gentile) por toque al N 77 (T.Urretavizcaya)<\/span><\/p>\n<p><span style=\"line-height: 1.3em;\">N 22 (Pezzucchi) 10 seg por toque al N 116 (Candela)<\/span><\/p>\n<p><span style=\"line-height: 1.3em;\">Excluido: N 6 (Ventricelli) por maniobra peligrosa al N 116 (Candela) <\/span><\/p>\n<p>\u00a0<\/p>\n","protected":false},"excerpt":{"rendered":"<p>Brian Smith gan\u00f3 la carrera de invitados del TC Mouras, la segunda de la temporada en el Autodromo Roberto Mouras<\/p>\n","protected":false},"author":1,"featured_media":0,"comment_status":"open","ping_status":"open","sticky":false,"template":"","format":"standard","meta":{"colormag_page_container_layout":"default_layout","colormag_page_sidebar_layout":"default_layout","footnotes":""},"categories":[5],"tags":[],"class_list":["post-694","post","type-post","status-publish","format-standard","hentry","category-latest-news"],"yoast_head":"<!-- This site is optimized with the Yoast SEO plugin v27.4 - https:\/\/yoast.com\/product\/yoast-seo-wordpress\/ -->\n<title>Autos del Podio | Smith y Montenegro, los destacados del TCM<\/title>\n<meta name=\"description\" content=\"Autos del Podio\" \/>\n<meta name=\"robots\" content=\"index, follow, max-snippet:-1, max-image-preview:large, max-video-preview:-1\" \/>\n<link rel=\"canonical\" href=\"http:\/\/autosdelpodio.com\/autos\/smith-y-montenegro-los-destacados-del-tcm\/\" \/>\n<meta property=\"og:locale\" content=\"es_ES\" \/>\n<meta property=\"og:type\" content=\"article\" \/>\n<meta property=\"og:title\" content=\"Autos del Podio | Smith y Montenegro, los destacados del TCM\" \/>\n<meta property=\"og:description\" content=\"Autos del Podio\" \/>\n<meta property=\"og:url\" content=\"http:\/\/autosdelpodio.com\/autos\/smith-y-montenegro-los-destacados-del-tcm\/\" \/>\n<meta property=\"og:site_name\" content=\"Autos del Podio\" \/>\n<meta property=\"article:publisher\" content=\"https:\/\/www.facebook.com\/profile.php?id=100057192590976&amp;amp%3bamp%3bamp%3bamp%3bamp%3bamp%3bamp%3bamp%3bamp%3bamp%3bamp%3bamp%3bamp%3bamp%3bamp%3bamp%3bamp%3bamp%3bref=ts\" \/>\n<meta property=\"article:published_time\" content=\"2013-03-17T23:37:01+00:00\" \/>\n<meta name=\"author\" content=\"wi022230\" \/>\n<meta name=\"twitter:card\" content=\"summary_large_image\" \/>\n<meta name=\"twitter:creator\" content=\"@autosdelpodio\" \/>\n<meta name=\"twitter:site\" content=\"@autosdelpodio\" \/>\n<meta name=\"twitter:label1\" content=\"Escrito por\" \/>\n\t<meta name=\"twitter:data1\" content=\"wi022230\" \/>\n\t<meta name=\"twitter:label2\" content=\"Tiempo de lectura\" \/>\n\t<meta name=\"twitter:data2\" content=\"1 minuto\" \/>\n<script type=\"application\/ld+json\" class=\"yoast-schema-graph\">{\"@context\":\"https:\\\/\\\/schema.org\",\"@graph\":[{\"@type\":\"Article\",\"@id\":\"http:\\\/\\\/autosdelpodio.com\\\/autos\\\/smith-y-montenegro-los-destacados-del-tcm\\\/#article\",\"isPartOf\":{\"@id\":\"http:\\\/\\\/autosdelpodio.com\\\/autos\\\/smith-y-montenegro-los-destacados-del-tcm\\\/\"},\"author\":{\"name\":\"wi022230\",\"@id\":\"http:\\\/\\\/autosdelpodio.com\\\/autos\\\/#\\\/schema\\\/person\\\/e88353cabf768863fdf874e30120f3ba\"},\"headline\":\"Smith y Montenegro, los destacados del TCM\",\"datePublished\":\"2013-03-17T23:37:01+00:00\",\"mainEntityOfPage\":{\"@id\":\"http:\\\/\\\/autosdelpodio.com\\\/autos\\\/smith-y-montenegro-los-destacados-del-tcm\\\/\"},\"wordCount\":267,\"commentCount\":0,\"publisher\":{\"@id\":\"http:\\\/\\\/autosdelpodio.com\\\/autos\\\/#organization\"},\"articleSection\":[\"\u00daltimas noticias\"],\"inLanguage\":\"es\",\"potentialAction\":[{\"@type\":\"CommentAction\",\"name\":\"Comment\",\"target\":[\"http:\\\/\\\/autosdelpodio.com\\\/autos\\\/smith-y-montenegro-los-destacados-del-tcm\\\/#respond\"]}]},{\"@type\":\"WebPage\",\"@id\":\"http:\\\/\\\/autosdelpodio.com\\\/autos\\\/smith-y-montenegro-los-destacados-del-tcm\\\/\",\"url\":\"http:\\\/\\\/autosdelpodio.com\\\/autos\\\/smith-y-montenegro-los-destacados-del-tcm\\\/\",\"name\":\"Autos del Podio | Smith y Montenegro, los destacados del TCM\",\"isPartOf\":{\"@id\":\"http:\\\/\\\/autosdelpodio.com\\\/autos\\\/#website\"},\"datePublished\":\"2013-03-17T23:37:01+00:00\",\"description\":\"Autos del Podio\",\"breadcrumb\":{\"@id\":\"http:\\\/\\\/autosdelpodio.com\\\/autos\\\/smith-y-montenegro-los-destacados-del-tcm\\\/#breadcrumb\"},\"inLanguage\":\"es\",\"potentialAction\":[{\"@type\":\"ReadAction\",\"target\":[\"http:\\\/\\\/autosdelpodio.com\\\/autos\\\/smith-y-montenegro-los-destacados-del-tcm\\\/\"]}]},{\"@type\":\"BreadcrumbList\",\"@id\":\"http:\\\/\\\/autosdelpodio.com\\\/autos\\\/smith-y-montenegro-los-destacados-del-tcm\\\/#breadcrumb\",\"itemListElement\":[{\"@type\":\"ListItem\",\"position\":1,\"name\":\"Portada\",\"item\":\"http:\\\/\\\/autosdelpodio.com\\\/autos\\\/\"},{\"@type\":\"ListItem\",\"position\":2,\"name\":\"Smith y Montenegro, los destacados del TCM\"}]},{\"@type\":\"WebSite\",\"@id\":\"http:\\\/\\\/autosdelpodio.com\\\/autos\\\/#website\",\"url\":\"http:\\\/\\\/autosdelpodio.com\\\/autos\\\/\",\"name\":\"Autos del Podio\",\"description\":\"La sexta del deporte motor\",\"publisher\":{\"@id\":\"http:\\\/\\\/autosdelpodio.com\\\/autos\\\/#organization\"},\"potentialAction\":[{\"@type\":\"SearchAction\",\"target\":{\"@type\":\"EntryPoint\",\"urlTemplate\":\"http:\\\/\\\/autosdelpodio.com\\\/autos\\\/?s={search_term_string}\"},\"query-input\":{\"@type\":\"PropertyValueSpecification\",\"valueRequired\":true,\"valueName\":\"search_term_string\"}}],\"inLanguage\":\"es\"},{\"@type\":\"Organization\",\"@id\":\"http:\\\/\\\/autosdelpodio.com\\\/autos\\\/#organization\",\"name\":\"Autos del Podio\",\"url\":\"http:\\\/\\\/autosdelpodio.com\\\/autos\\\/\",\"logo\":{\"@type\":\"ImageObject\",\"inLanguage\":\"es\",\"@id\":\"http:\\\/\\\/autosdelpodio.com\\\/autos\\\/#\\\/schema\\\/logo\\\/image\\\/\",\"url\":\"http:\\\/\\\/autosdelpodio.com\\\/autos\\\/wp-content\\\/uploads\\\/2020\\\/08\\\/Logo_AR.jpg\",\"contentUrl\":\"http:\\\/\\\/autosdelpodio.com\\\/autos\\\/wp-content\\\/uploads\\\/2020\\\/08\\\/Logo_AR.jpg\",\"width\":1038,\"height\":1044,\"caption\":\"Autos del Podio\"},\"image\":{\"@id\":\"http:\\\/\\\/autosdelpodio.com\\\/autos\\\/#\\\/schema\\\/logo\\\/image\\\/\"},\"sameAs\":[\"https:\\\/\\\/www.facebook.com\\\/profile.php?id=100057192590976&amp;amp;amp;amp;amp;amp;amp;amp;amp;amp;amp;amp;amp;amp;amp;amp;amp;amp;ref=ts\",\"https:\\\/\\\/x.com\\\/autosdelpodio\",\"https:\\\/\\\/www.youtube.com\\\/user\\\/AutosdelPodio\"]},{\"@type\":\"Person\",\"@id\":\"http:\\\/\\\/autosdelpodio.com\\\/autos\\\/#\\\/schema\\\/person\\\/e88353cabf768863fdf874e30120f3ba\",\"name\":\"wi022230\",\"image\":{\"@type\":\"ImageObject\",\"inLanguage\":\"es\",\"@id\":\"http:\\\/\\\/autosdelpodio.com\\\/autos\\\/wp-content\\\/litespeed\\\/avatar\\\/453fc9bdbb11d766ba4c7f14d0bd0aa9.jpg?ver=1776800006\",\"url\":\"http:\\\/\\\/autosdelpodio.com\\\/autos\\\/wp-content\\\/litespeed\\\/avatar\\\/453fc9bdbb11d766ba4c7f14d0bd0aa9.jpg?ver=1776800006\",\"contentUrl\":\"http:\\\/\\\/autosdelpodio.com\\\/autos\\\/wp-content\\\/litespeed\\\/avatar\\\/453fc9bdbb11d766ba4c7f14d0bd0aa9.jpg?ver=1776800006\",\"caption\":\"wi022230\"}}]}<\/script>\n<!-- \/ Yoast SEO plugin. -->","yoast_head_json":{"title":"Autos del Podio | Smith y Montenegro, los destacados del TCM","description":"Autos del Podio","robots":{"index":"index","follow":"follow","max-snippet":"max-snippet:-1","max-image-preview":"max-image-preview:large","max-video-preview":"max-video-preview:-1"},"canonical":"http:\/\/autosdelpodio.com\/autos\/smith-y-montenegro-los-destacados-del-tcm\/","og_locale":"es_ES","og_type":"article","og_title":"Autos del Podio | Smith y Montenegro, los destacados del TCM","og_description":"Autos del Podio","og_url":"http:\/\/autosdelpodio.com\/autos\/smith-y-montenegro-los-destacados-del-tcm\/","og_site_name":"Autos del Podio","article_publisher":"https:\/\/www.facebook.com\/profile.php?id=100057192590976&amp%3bamp%3bamp%3bamp%3bamp%3bamp%3bamp%3bamp%3bamp%3bamp%3bamp%3bamp%3bamp%3bamp%3bamp%3bamp%3bamp%3bamp%3bref=ts","article_published_time":"2013-03-17T23:37:01+00:00","author":"wi022230","twitter_card":"summary_large_image","twitter_creator":"@autosdelpodio","twitter_site":"@autosdelpodio","twitter_misc":{"Escrito por":"wi022230","Tiempo de lectura":"1 minuto"},"schema":{"@context":"https:\/\/schema.org","@graph":[{"@type":"Article","@id":"http:\/\/autosdelpodio.com\/autos\/smith-y-montenegro-los-destacados-del-tcm\/#article","isPartOf":{"@id":"http:\/\/autosdelpodio.com\/autos\/smith-y-montenegro-los-destacados-del-tcm\/"},"author":{"name":"wi022230","@id":"http:\/\/autosdelpodio.com\/autos\/#\/schema\/person\/e88353cabf768863fdf874e30120f3ba"},"headline":"Smith y Montenegro, los destacados del TCM","datePublished":"2013-03-17T23:37:01+00:00","mainEntityOfPage":{"@id":"http:\/\/autosdelpodio.com\/autos\/smith-y-montenegro-los-destacados-del-tcm\/"},"wordCount":267,"commentCount":0,"publisher":{"@id":"http:\/\/autosdelpodio.com\/autos\/#organization"},"articleSection":["\u00daltimas noticias"],"inLanguage":"es","potentialAction":[{"@type":"CommentAction","name":"Comment","target":["http:\/\/autosdelpodio.com\/autos\/smith-y-montenegro-los-destacados-del-tcm\/#respond"]}]},{"@type":"WebPage","@id":"http:\/\/autosdelpodio.com\/autos\/smith-y-montenegro-los-destacados-del-tcm\/","url":"http:\/\/autosdelpodio.com\/autos\/smith-y-montenegro-los-destacados-del-tcm\/","name":"Autos del Podio | Smith y Montenegro, los destacados del TCM","isPartOf":{"@id":"http:\/\/autosdelpodio.com\/autos\/#website"},"datePublished":"2013-03-17T23:37:01+00:00","description":"Autos del Podio","breadcrumb":{"@id":"http:\/\/autosdelpodio.com\/autos\/smith-y-montenegro-los-destacados-del-tcm\/#breadcrumb"},"inLanguage":"es","potentialAction":[{"@type":"ReadAction","target":["http:\/\/autosdelpodio.com\/autos\/smith-y-montenegro-los-destacados-del-tcm\/"]}]},{"@type":"BreadcrumbList","@id":"http:\/\/autosdelpodio.com\/autos\/smith-y-montenegro-los-destacados-del-tcm\/#breadcrumb","itemListElement":[{"@type":"ListItem","position":1,"name":"Portada","item":"http:\/\/autosdelpodio.com\/autos\/"},{"@type":"ListItem","position":2,"name":"Smith y Montenegro, los destacados del TCM"}]},{"@type":"WebSite","@id":"http:\/\/autosdelpodio.com\/autos\/#website","url":"http:\/\/autosdelpodio.com\/autos\/","name":"Autos del Podio","description":"La sexta del deporte motor","publisher":{"@id":"http:\/\/autosdelpodio.com\/autos\/#organization"},"potentialAction":[{"@type":"SearchAction","target":{"@type":"EntryPoint","urlTemplate":"http:\/\/autosdelpodio.com\/autos\/?s={search_term_string}"},"query-input":{"@type":"PropertyValueSpecification","valueRequired":true,"valueName":"search_term_string"}}],"inLanguage":"es"},{"@type":"Organization","@id":"http:\/\/autosdelpodio.com\/autos\/#organization","name":"Autos del Podio","url":"http:\/\/autosdelpodio.com\/autos\/","logo":{"@type":"ImageObject","inLanguage":"es","@id":"http:\/\/autosdelpodio.com\/autos\/#\/schema\/logo\/image\/","url":"http:\/\/autosdelpodio.com\/autos\/wp-content\/uploads\/2020\/08\/Logo_AR.jpg","contentUrl":"http:\/\/autosdelpodio.com\/autos\/wp-content\/uploads\/2020\/08\/Logo_AR.jpg","width":1038,"height":1044,"caption":"Autos del Podio"},"image":{"@id":"http:\/\/autosdelpodio.com\/autos\/#\/schema\/logo\/image\/"},"sameAs":["https:\/\/www.facebook.com\/profile.php?id=100057192590976&amp;amp;amp;amp;amp;amp;amp;amp;amp;amp;amp;amp;amp;amp;amp;amp;amp;amp;ref=ts","https:\/\/x.com\/autosdelpodio","https:\/\/www.youtube.com\/user\/AutosdelPodio"]},{"@type":"Person","@id":"http:\/\/autosdelpodio.com\/autos\/#\/schema\/person\/e88353cabf768863fdf874e30120f3ba","name":"wi022230","image":{"@type":"ImageObject","inLanguage":"es","@id":"http:\/\/autosdelpodio.com\/autos\/wp-content\/litespeed\/avatar\/453fc9bdbb11d766ba4c7f14d0bd0aa9.jpg?ver=1776800006","url":"http:\/\/autosdelpodio.com\/autos\/wp-content\/litespeed\/avatar\/453fc9bdbb11d766ba4c7f14d0bd0aa9.jpg?ver=1776800006","contentUrl":"http:\/\/autosdelpodio.com\/autos\/wp-content\/litespeed\/avatar\/453fc9bdbb11d766ba4c7f14d0bd0aa9.jpg?ver=1776800006","caption":"wi022230"}}]}},"views":517,"_links":{"self":[{"href":"http:\/\/autosdelpodio.com\/autos\/wp-json\/wp\/v2\/posts\/694","targetHints":{"allow":["GET"]}}],"collection":[{"href":"http:\/\/autosdelpodio.com\/autos\/wp-json\/wp\/v2\/posts"}],"about":[{"href":"http:\/\/autosdelpodio.com\/autos\/wp-json\/wp\/v2\/types\/post"}],"author":[{"embeddable":true,"href":"http:\/\/autosdelpodio.com\/autos\/wp-json\/wp\/v2\/users\/1"}],"replies":[{"embeddable":true,"href":"http:\/\/autosdelpodio.com\/autos\/wp-json\/wp\/v2\/comments?post=694"}],"version-history":[{"count":0,"href":"http:\/\/autosdelpodio.com\/autos\/wp-json\/wp\/v2\/posts\/694\/revisions"}],"wp:attachment":[{"href":"http:\/\/autosdelpodio.com\/autos\/wp-json\/wp\/v2\/media?parent=694"}],"wp:term":[{"taxonomy":"category","embeddable":true,"href":"http:\/\/autosdelpodio.com\/autos\/wp-json\/wp\/v2\/categories?post=694"},{"taxonomy":"post_tag","embeddable":true,"href":"http:\/\/autosdelpodio.com\/autos\/wp-json\/wp\/v2\/tags?post=694"}],"curies":[{"name":"wp","href":"https:\/\/api.w.org\/{rel}","templated":true}]}}