{"id":6985,"date":"2023-06-21T21:16:43","date_gmt":"2023-06-22T00:16:43","guid":{"rendered":"http:\/\/autosdelpodio.com\/autos\/?p=6985"},"modified":"2023-06-23T23:06:37","modified_gmt":"2023-06-24T02:06:37","slug":"el-citroen-c3-cumple-20-anos-en-argentina","status":"publish","type":"post","link":"http:\/\/autosdelpodio.com\/autos\/el-citroen-c3-cumple-20-anos-en-argentina\/","title":{"rendered":"El Citro\u00ebn C3 cumple 20 a\u00f1os en Argentina"},"content":{"rendered":"\n<p>Hace veinte a\u00f1os, el Citro\u00ebn C3 lleg\u00f3 a Sudam\u00e9rica. Producido en la planta de Porto Real (Rio de Janeiro), se han comercializado m\u00e1s de 100.000 unidades en Argentina desde su presentaci\u00f3n en mayo de 2003.<\/p>\n\n\n\n<p>Probado recientemente por Autos&amp;Clubes&nbsp;<a href=\"https:\/\/www.autosyclubes.com.ar\/el-primer-escalon-de-citroen\/\">(ver nota<\/a>), el Citro\u00ebn C3 es el modelo m\u00e1s exitoso de la marca en la regi\u00f3n y lo celebra con el \u00e9xito de la nueva generaci\u00f3n, desarrollada para la regi\u00f3n.<\/p>\n\n\n\n<p>Stellantis Argentina explica la buena perfirmance comercial del nuevo C3 en veinte atributos y caracter\u00edsticas que se detallan a continuaci\u00f3n:<\/p>\n\n\n\n<p>1) Por supuesto lo primero no pod\u00eda ser otra cosa que la actitud SUV. Y esto no se trata solo de su estilo audaz. Su suspensi\u00f3n a\u00f1ade confort y estabilidad y ofrece caracter\u00edsticas \u00fanicas en el segmento: son 18 cm de altura libre del suelo, 23\u00ba de \u00e1ngulo de entrada y 39\u00ba de \u00e1ngulo de salida. Esto significa m\u00e1s confort a\u00fan para superar los obst\u00e1culos urbanos t\u00edpicos.<\/p>\n\n\n\n<p>2) La pantalla t\u00e1ctil Citro\u00ebn Connect de 10\u2033 ya se ha convertido en sin\u00f3nimo del nuevo C3. Elogiado por los clientes, este centro multimedia presenta una gran pantalla de diez pulgadas que une una interfaz intuitiva, r\u00e1pida respuesta e integraci\u00f3n Android Auto y Apple Carplay completamente inal\u00e1mbrica. Adem\u00e1s, est\u00e1 conectado con un sistema eficiente con seis parlantes, un diferencial en el segmento. El sistema multimedia se complementa con la opci\u00f3n de hasta tres puertos USB.<\/p>\n\n\n\n<p>3) Todo esto est\u00e1 integrado en un paquete accesible, desde el momento de la compra hasta su uso. Los primeros tres servicios de mantenimiento del nuevo C3 son gratuitos y su canasta de piezas tambi\u00e9n tiene valores muy competitivos. Tanto los componentes de mantenimiento peri\u00f3dico como los que deben cambiarse despu\u00e9s de imprevistos est\u00e1n dise\u00f1ados para ser accesibles. El dise\u00f1o inteligente del nuevo C3 tambi\u00e9n disminuye el n\u00famero de elementos da\u00f1ados en peque\u00f1as colisiones, simplificando la reparaci\u00f3n y haciendo una p\u00f3liza de seguro m\u00e1s accesible.<\/p>\n\n\n\n<p>4) En cuanto a la motorizaci\u00f3n, \u00bfsab\u00edas que el motor nafta 1.2 Puretech de 82 cv est\u00e1 dise\u00f1ado para simplificar su mantenimiento? Desde su concepci\u00f3n se pens\u00f3 en la accesibilidad de las revisiones y de las piezas de reposici\u00f3n de intercambio peri\u00f3dico para hacer revisiones a\u00fan m\u00e1s r\u00e1pidas y extender la disponibilidad del modelo a sus propietarios.<\/p>\n\n\n\n<p>5) Hablando del motor 1.2 Puretech, esta alternativa le otorga al C3 un consumo de combustible eficiente de hasta 6,5 litros\/100km para un ciclo mixto. Esto permite al modelo tener una autonom\u00eda de m\u00e1s de 720 km.<\/p>\n\n\n\n<p>6) Esta eficiencia y accesibilidad fueron posibles gracias a la amplia experiencia de Citro\u00ebn y Stellantis en Sudam\u00e9rica. El nuevo C3 se beneficia de la sinergia del mayor grupo automotriz de la regi\u00f3n.<\/p>\n\n\n\n<p>7) El Nuevo C3 debut\u00f3 como primer proyecto en Porto Real (Rio de Janeiro) de la innovadora variante de la plataforma CMP. Moderna, ligera y vers\u00e1til, permite el desarrollo de diferentes modelos sobre una misma arquitectura y estando presente en el Nuevo C3 Aircross.<\/p>\n\n\n\n<p>8) Sobre esta base, el nuevo C3 ofrece un habit\u00e1culo grande y espacioso, con una posici\u00f3n de conducci\u00f3n elevada y c\u00f3moda para todos los ocupantes.<\/p>\n\n\n\n<p>9) Su ba\u00fal de 315 litros (est\u00e1ndar VDA) es el m\u00e1s grande del segmento y fue pensado para transportar la mayor y m\u00e1s diversa cantidad de equipaje.<\/p>\n\n\n\n<p>10) La d\u00e9cima curiosidad en torno al nuevo C3 est\u00e1 directamente relacionada con los pa\u00edses que, junto con Argentina, comercializan el modelo en la regi\u00f3n. Actualmente Brasil, Uruguay, Paraguay, Chile, Colombia, Per\u00fa, Rep\u00fablica Dominicana y Costa Rica tienen el modelo en su gama de productos Citro\u00ebn.<\/p>\n\n\n\n<p>11) En nuestro pa\u00eds, el nuevo C3 present\u00f3 recientemente su mejor performance desde su lanzamiento con un 97% de aumento entre abril y mayo. Unas 712 unidades patentadas para el \u00faltimo mes.<\/p>\n\n\n\n<p>12) A veces el confort est\u00e1 en equipamientos tan discretos que pueden pasar desapercibidos. Por ejemplo, el que otorgan las ventanas el\u00e9ctricas con cierre \u201cone touch\u201d y protecci\u00f3n antipinzamiento.<\/p>\n\n\n\n<p>13) Cada nuevo C3 viene de serie con aire acondicionado y direcci\u00f3n el\u00e9ctrica, pero incluso estos elementos tan necesarios y solicitados por los clientes son especiales en el modelo. Siendo ligera durante las maniobras y firme a altas velocidades, la direcci\u00f3n el\u00e9ctrica optimiza el control del veh\u00edculo en cualquier condici\u00f3n. El sistema de climatizaci\u00f3n est\u00e1 dise\u00f1ado para vencer incluso los veranos m\u00e1s calurosos y garantizar el confort incluso en los d\u00edas m\u00e1s fr\u00edos del invierno. Despu\u00e9s de todo, Argentina tiene diferentes climas y el nuevo C3 debe ser c\u00f3modo y agradable en cualquiera de ellos.<\/p>\n\n\n\n<p>14) La innovaci\u00f3n y el estilo del C3 est\u00e1n en los detalles m\u00e1s peque\u00f1os. Por ejemplo, las luces de circulaci\u00f3n diurna (DRL) con leds que, en esta generaci\u00f3n, forman la ic\u00f3nica \u201cV\u201d horizontal presente en los modelos Citro\u00ebn. La gesti\u00f3n de las luces de circulaci\u00f3n diurna es inteligente y se adapta a la condici\u00f3n en la que se encuentra el veh\u00edculo en ese momento.<\/p>\n\n\n\n<figure class=\"wp-block-image aligncenter size-full\"><img fetchpriority=\"high\" decoding=\"async\" width=\"500\" height=\"325\" src=\"http:\/\/autosdelpodio.com\/autos\/wp-content\/uploads\/2023\/06\/Citroen_C3_2023_Motor.jpg\" alt=\"\" class=\"wp-image-6986\" srcset=\"http:\/\/autosdelpodio.com\/autos\/wp-content\/uploads\/2023\/06\/Citroen_C3_2023_Motor.jpg 500w, http:\/\/autosdelpodio.com\/autos\/wp-content\/uploads\/2023\/06\/Citroen_C3_2023_Motor-300x195.jpg 300w\" sizes=\"(max-width: 500px) 100vw, 500px\" \/><\/figure>\n\n\n\n<p>15) Cada nuevo C3 viene de serie con control de estabilidad y tracci\u00f3n. Pero \u00bfsab\u00edas que, en este auto, este sistema ofrece una caracter\u00edstica extra? Es el asistente de arranque en pendiente. Funciona as\u00ed: al detenerse en una pendiente, el sistema mantiene al nuevo C3 parado durante unos segundos despu\u00e9s de quitar el pie del freno, lo que le permite salir con tranquilidad y sin riesgo de que el autom\u00f3vil retroceda. Y el asistente tambi\u00e9n trabaja en los descensos, simplificando las maniobras en calles inclinadas.<\/p>\n\n\n\n<p>16) Una mirada m\u00e1s cercana notar\u00e1 que cada nuevo C3 lleva neum\u00e1ticos eficientes 195\/65 R15. Esta medida proporciona a\u00fan m\u00e1s confort al conductor y a los pasajeros, ya que aumenta la absorci\u00f3n de impactos junto con una suspensi\u00f3n eficiente y agradable. El perfil alto de las cubiertas ayuda a su protecci\u00f3n.<\/p>\n\n\n\n<p>17) El nuevo C3 tiene un aspecto llamativo, pero el cliente puede personalizarlo. Es el \u00fanico modelo del segmento que ofrece dos alternativas de color de techo (negro o blanco), pudiendo brindar una carrocer\u00eda bitono.<\/p>\n\n\n\n<p>18) El pasado mes de abril, el nuevo Citro\u00ebn C3 gan\u00f3 el premio al \u201cBest Urban Car\u201d en los World Car Awards 2023. El modelo recibi\u00f3 el prestigioso premio en la 19\u00aa edici\u00f3n de los World Car Awards. El anuncio se produjo durante la inauguraci\u00f3n del Auto Show de Nueva York, luego de la votaci\u00f3n de m\u00e1s de 100 periodistas internacionales de 32 pa\u00edses. El hatch con actitud SUV gan\u00f3 el t\u00edtulo en la categor\u00eda \u201cUrban Car\u201d, abierta a todos los autos a la venta en los principales mercados y en dos continentes diferentes.<\/p>\n\n\n\n<p>19) Cada vez m\u00e1s el consumidor quiere destacar su veh\u00edculo y, con el nuevo C3, esto no es diferente. Es por eso que Citro\u00ebn ofrece una gama de m\u00e1s de 40 accesorios, como pedaleras, fundas de asientos, redes de equipaje, llantas de aleaci\u00f3n diamantadas y stickers para la carrocer\u00eda. Todo para que cada nuevo C3 sea \u00fanico.<\/p>\n\n\n\n<p>20) \u00bfSabes qu\u00e9 es C-Cubed o C-Cubo? Es un programa innovador que prepara tres nuevos modelos desarrollados y dise\u00f1ados para Am\u00e9rica del Sur. El nuevo C3 fue el primer lanzamiento de esta tr\u00edada que tiene todo para conquistar a\u00fan m\u00e1s argentinos y sudamericanos.<\/p>\n","protected":false},"excerpt":{"rendered":"<p>Hace veinte a\u00f1os, el Citro\u00ebn C3 lleg\u00f3 a Sudam\u00e9rica. Producido en la planta de Porto Real (Rio de Janeiro), se<\/p>\n","protected":false},"author":3,"featured_media":6987,"comment_status":"open","ping_status":"open","sticky":false,"template":"","format":"standard","meta":{"colormag_page_container_layout":"default_layout","colormag_page_sidebar_layout":"default_layout","footnotes":""},"categories":[6,5],"tags":[48,32,208,35,555],"class_list":["post-6985","post","type-post","status-publish","format-standard","has-post-thumbnail","hentry","category-newsflash","category-latest-news","tag-citroen","tag-industria-automotriz","tag-produccion","tag-republica-argentina","tag-stellantis"],"yoast_head":"<!-- This site is optimized with the Yoast SEO plugin v27.5 - https:\/\/yoast.com\/product\/yoast-seo-wordpress\/ -->\n<title>Autos del Podio | El Citro\u00ebn C3 cumple 20 a\u00f1os en Argentina<\/title>\n<meta name=\"description\" content=\"Autos del Podio El Citro\u00ebn C3 es el autom\u00f3vil m\u00e1s chico que la marca del doble chevr\u00f3n comercializa en nuestro pa\u00eds.\" \/>\n<meta name=\"robots\" content=\"index, follow, max-snippet:-1, max-image-preview:large, max-video-preview:-1\" \/>\n<link rel=\"canonical\" href=\"http:\/\/autosdelpodio.com\/autos\/el-citroen-c3-cumple-20-anos-en-argentina\/\" \/>\n<meta property=\"og:locale\" content=\"es_ES\" \/>\n<meta property=\"og:type\" content=\"article\" \/>\n<meta property=\"og:title\" content=\"Autos del Podio | El Citro\u00ebn C3 cumple 20 a\u00f1os en Argentina\" \/>\n<meta property=\"og:description\" content=\"Autos del Podio El Citro\u00ebn C3 es el autom\u00f3vil m\u00e1s chico que la marca del doble chevr\u00f3n comercializa en nuestro pa\u00eds.\" \/>\n<meta property=\"og:url\" content=\"http:\/\/autosdelpodio.com\/autos\/el-citroen-c3-cumple-20-anos-en-argentina\/\" \/>\n<meta property=\"og:site_name\" content=\"Autos del Podio\" \/>\n<meta property=\"article:publisher\" content=\"https:\/\/www.facebook.com\/profile.php?id=100057192590976&amp;amp%3bamp%3bamp%3bamp%3bamp%3bamp%3bamp%3bamp%3bamp%3bamp%3bamp%3bamp%3bamp%3bamp%3bamp%3bamp%3bamp%3bamp%3bref=ts\" \/>\n<meta property=\"article:published_time\" content=\"2023-06-22T00:16:43+00:00\" \/>\n<meta property=\"article:modified_time\" content=\"2023-06-24T02:06:37+00:00\" \/>\n<meta property=\"og:image\" content=\"http:\/\/autosdelpodio.com\/autos\/wp-content\/uploads\/2023\/06\/Citroen_C3_2023.jpg\" \/>\n\t<meta property=\"og:image:width\" content=\"500\" \/>\n\t<meta property=\"og:image:height\" content=\"325\" \/>\n\t<meta property=\"og:image:type\" content=\"image\/jpeg\" \/>\n<meta name=\"author\" content=\"autosdelpodio\" \/>\n<meta name=\"twitter:card\" content=\"summary_large_image\" \/>\n<meta name=\"twitter:creator\" content=\"@autosdelpodio\" \/>\n<meta name=\"twitter:site\" content=\"@autosdelpodio\" \/>\n<meta name=\"twitter:label1\" content=\"Escrito por\" \/>\n\t<meta name=\"twitter:data1\" content=\"autosdelpodio\" \/>\n\t<meta name=\"twitter:label2\" content=\"Tiempo de lectura\" \/>\n\t<meta name=\"twitter:data2\" content=\"6 minutos\" \/>\n<script type=\"application\/ld+json\" class=\"yoast-schema-graph\">{\"@context\":\"https:\\\/\\\/schema.org\",\"@graph\":[{\"@type\":\"Article\",\"@id\":\"http:\\\/\\\/autosdelpodio.com\\\/autos\\\/el-citroen-c3-cumple-20-anos-en-argentina\\\/#article\",\"isPartOf\":{\"@id\":\"http:\\\/\\\/autosdelpodio.com\\\/autos\\\/el-citroen-c3-cumple-20-anos-en-argentina\\\/\"},\"author\":{\"name\":\"autosdelpodio\",\"@id\":\"http:\\\/\\\/autosdelpodio.com\\\/autos\\\/#\\\/schema\\\/person\\\/993527a4d01c3acdd3d6bce3770bc942\"},\"headline\":\"El Citro\u00ebn C3 cumple 20 a\u00f1os en Argentina\",\"datePublished\":\"2023-06-22T00:16:43+00:00\",\"dateModified\":\"2023-06-24T02:06:37+00:00\",\"mainEntityOfPage\":{\"@id\":\"http:\\\/\\\/autosdelpodio.com\\\/autos\\\/el-citroen-c3-cumple-20-anos-en-argentina\\\/\"},\"wordCount\":1274,\"commentCount\":0,\"publisher\":{\"@id\":\"http:\\\/\\\/autosdelpodio.com\\\/autos\\\/#organization\"},\"image\":{\"@id\":\"http:\\\/\\\/autosdelpodio.com\\\/autos\\\/el-citroen-c3-cumple-20-anos-en-argentina\\\/#primaryimage\"},\"thumbnailUrl\":\"http:\\\/\\\/autosdelpodio.com\\\/autos\\\/wp-content\\\/uploads\\\/2023\\\/06\\\/Citroen_C3_2023.jpg\",\"keywords\":[\"Citro\u00ebn\",\"Industria Automotriz\",\"Producci\u00f3n\",\"Republica Argentina\",\"Stellantis\"],\"articleSection\":[\"Destacado\",\"\u00daltimas noticias\"],\"inLanguage\":\"es\",\"potentialAction\":[{\"@type\":\"CommentAction\",\"name\":\"Comment\",\"target\":[\"http:\\\/\\\/autosdelpodio.com\\\/autos\\\/el-citroen-c3-cumple-20-anos-en-argentina\\\/#respond\"]}]},{\"@type\":\"WebPage\",\"@id\":\"http:\\\/\\\/autosdelpodio.com\\\/autos\\\/el-citroen-c3-cumple-20-anos-en-argentina\\\/\",\"url\":\"http:\\\/\\\/autosdelpodio.com\\\/autos\\\/el-citroen-c3-cumple-20-anos-en-argentina\\\/\",\"name\":\"Autos del Podio | El Citro\u00ebn C3 cumple 20 a\u00f1os en Argentina\",\"isPartOf\":{\"@id\":\"http:\\\/\\\/autosdelpodio.com\\\/autos\\\/#website\"},\"primaryImageOfPage\":{\"@id\":\"http:\\\/\\\/autosdelpodio.com\\\/autos\\\/el-citroen-c3-cumple-20-anos-en-argentina\\\/#primaryimage\"},\"image\":{\"@id\":\"http:\\\/\\\/autosdelpodio.com\\\/autos\\\/el-citroen-c3-cumple-20-anos-en-argentina\\\/#primaryimage\"},\"thumbnailUrl\":\"http:\\\/\\\/autosdelpodio.com\\\/autos\\\/wp-content\\\/uploads\\\/2023\\\/06\\\/Citroen_C3_2023.jpg\",\"datePublished\":\"2023-06-22T00:16:43+00:00\",\"dateModified\":\"2023-06-24T02:06:37+00:00\",\"description\":\"Autos del Podio El Citro\u00ebn C3 es el autom\u00f3vil m\u00e1s chico que la marca del doble chevr\u00f3n comercializa en nuestro pa\u00eds.\",\"breadcrumb\":{\"@id\":\"http:\\\/\\\/autosdelpodio.com\\\/autos\\\/el-citroen-c3-cumple-20-anos-en-argentina\\\/#breadcrumb\"},\"inLanguage\":\"es\",\"potentialAction\":[{\"@type\":\"ReadAction\",\"target\":[\"http:\\\/\\\/autosdelpodio.com\\\/autos\\\/el-citroen-c3-cumple-20-anos-en-argentina\\\/\"]}]},{\"@type\":\"ImageObject\",\"inLanguage\":\"es\",\"@id\":\"http:\\\/\\\/autosdelpodio.com\\\/autos\\\/el-citroen-c3-cumple-20-anos-en-argentina\\\/#primaryimage\",\"url\":\"http:\\\/\\\/autosdelpodio.com\\\/autos\\\/wp-content\\\/uploads\\\/2023\\\/06\\\/Citroen_C3_2023.jpg\",\"contentUrl\":\"http:\\\/\\\/autosdelpodio.com\\\/autos\\\/wp-content\\\/uploads\\\/2023\\\/06\\\/Citroen_C3_2023.jpg\",\"width\":500,\"height\":325},{\"@type\":\"BreadcrumbList\",\"@id\":\"http:\\\/\\\/autosdelpodio.com\\\/autos\\\/el-citroen-c3-cumple-20-anos-en-argentina\\\/#breadcrumb\",\"itemListElement\":[{\"@type\":\"ListItem\",\"position\":1,\"name\":\"Portada\",\"item\":\"http:\\\/\\\/autosdelpodio.com\\\/autos\\\/\"},{\"@type\":\"ListItem\",\"position\":2,\"name\":\"El Citro\u00ebn C3 cumple 20 a\u00f1os en Argentina\"}]},{\"@type\":\"WebSite\",\"@id\":\"http:\\\/\\\/autosdelpodio.com\\\/autos\\\/#website\",\"url\":\"http:\\\/\\\/autosdelpodio.com\\\/autos\\\/\",\"name\":\"Autos del Podio\",\"description\":\"La sexta del deporte motor\",\"publisher\":{\"@id\":\"http:\\\/\\\/autosdelpodio.com\\\/autos\\\/#organization\"},\"potentialAction\":[{\"@type\":\"SearchAction\",\"target\":{\"@type\":\"EntryPoint\",\"urlTemplate\":\"http:\\\/\\\/autosdelpodio.com\\\/autos\\\/?s={search_term_string}\"},\"query-input\":{\"@type\":\"PropertyValueSpecification\",\"valueRequired\":true,\"valueName\":\"search_term_string\"}}],\"inLanguage\":\"es\"},{\"@type\":\"Organization\",\"@id\":\"http:\\\/\\\/autosdelpodio.com\\\/autos\\\/#organization\",\"name\":\"Autos del Podio\",\"url\":\"http:\\\/\\\/autosdelpodio.com\\\/autos\\\/\",\"logo\":{\"@type\":\"ImageObject\",\"inLanguage\":\"es\",\"@id\":\"http:\\\/\\\/autosdelpodio.com\\\/autos\\\/#\\\/schema\\\/logo\\\/image\\\/\",\"url\":\"http:\\\/\\\/autosdelpodio.com\\\/autos\\\/wp-content\\\/uploads\\\/2020\\\/08\\\/Logo_AR.jpg\",\"contentUrl\":\"http:\\\/\\\/autosdelpodio.com\\\/autos\\\/wp-content\\\/uploads\\\/2020\\\/08\\\/Logo_AR.jpg\",\"width\":1038,\"height\":1044,\"caption\":\"Autos del Podio\"},\"image\":{\"@id\":\"http:\\\/\\\/autosdelpodio.com\\\/autos\\\/#\\\/schema\\\/logo\\\/image\\\/\"},\"sameAs\":[\"https:\\\/\\\/www.facebook.com\\\/profile.php?id=100057192590976&amp;amp;amp;amp;amp;amp;amp;amp;amp;amp;amp;amp;amp;amp;amp;amp;amp;amp;ref=ts\",\"https:\\\/\\\/x.com\\\/autosdelpodio\",\"https:\\\/\\\/www.youtube.com\\\/user\\\/AutosdelPodio\"]},{\"@type\":\"Person\",\"@id\":\"http:\\\/\\\/autosdelpodio.com\\\/autos\\\/#\\\/schema\\\/person\\\/993527a4d01c3acdd3d6bce3770bc942\",\"name\":\"autosdelpodio\",\"image\":{\"@type\":\"ImageObject\",\"inLanguage\":\"es\",\"@id\":\"http:\\\/\\\/autosdelpodio.com\\\/autos\\\/wp-content\\\/litespeed\\\/avatar\\\/aa8f65cd201a80f6b844f63278aa84af.jpg?ver=1777403005\",\"url\":\"http:\\\/\\\/autosdelpodio.com\\\/autos\\\/wp-content\\\/litespeed\\\/avatar\\\/aa8f65cd201a80f6b844f63278aa84af.jpg?ver=1777403005\",\"contentUrl\":\"http:\\\/\\\/autosdelpodio.com\\\/autos\\\/wp-content\\\/litespeed\\\/avatar\\\/aa8f65cd201a80f6b844f63278aa84af.jpg?ver=1777403005\",\"caption\":\"autosdelpodio\"}}]}<\/script>\n<!-- \/ Yoast SEO plugin. -->","yoast_head_json":{"title":"Autos del Podio | El Citro\u00ebn C3 cumple 20 a\u00f1os en Argentina","description":"Autos del Podio El Citro\u00ebn C3 es el autom\u00f3vil m\u00e1s chico que la marca del doble chevr\u00f3n comercializa en nuestro pa\u00eds.","robots":{"index":"index","follow":"follow","max-snippet":"max-snippet:-1","max-image-preview":"max-image-preview:large","max-video-preview":"max-video-preview:-1"},"canonical":"http:\/\/autosdelpodio.com\/autos\/el-citroen-c3-cumple-20-anos-en-argentina\/","og_locale":"es_ES","og_type":"article","og_title":"Autos del Podio | El Citro\u00ebn C3 cumple 20 a\u00f1os en Argentina","og_description":"Autos del Podio El Citro\u00ebn C3 es el autom\u00f3vil m\u00e1s chico que la marca del doble chevr\u00f3n comercializa en nuestro pa\u00eds.","og_url":"http:\/\/autosdelpodio.com\/autos\/el-citroen-c3-cumple-20-anos-en-argentina\/","og_site_name":"Autos del Podio","article_publisher":"https:\/\/www.facebook.com\/profile.php?id=100057192590976&amp%3bamp%3bamp%3bamp%3bamp%3bamp%3bamp%3bamp%3bamp%3bamp%3bamp%3bamp%3bamp%3bamp%3bamp%3bamp%3bamp%3bamp%3bref=ts","article_published_time":"2023-06-22T00:16:43+00:00","article_modified_time":"2023-06-24T02:06:37+00:00","og_image":[{"width":500,"height":325,"url":"http:\/\/autosdelpodio.com\/autos\/wp-content\/uploads\/2023\/06\/Citroen_C3_2023.jpg","type":"image\/jpeg"}],"author":"autosdelpodio","twitter_card":"summary_large_image","twitter_creator":"@autosdelpodio","twitter_site":"@autosdelpodio","twitter_misc":{"Escrito por":"autosdelpodio","Tiempo de lectura":"6 minutos"},"schema":{"@context":"https:\/\/schema.org","@graph":[{"@type":"Article","@id":"http:\/\/autosdelpodio.com\/autos\/el-citroen-c3-cumple-20-anos-en-argentina\/#article","isPartOf":{"@id":"http:\/\/autosdelpodio.com\/autos\/el-citroen-c3-cumple-20-anos-en-argentina\/"},"author":{"name":"autosdelpodio","@id":"http:\/\/autosdelpodio.com\/autos\/#\/schema\/person\/993527a4d01c3acdd3d6bce3770bc942"},"headline":"El Citro\u00ebn C3 cumple 20 a\u00f1os en Argentina","datePublished":"2023-06-22T00:16:43+00:00","dateModified":"2023-06-24T02:06:37+00:00","mainEntityOfPage":{"@id":"http:\/\/autosdelpodio.com\/autos\/el-citroen-c3-cumple-20-anos-en-argentina\/"},"wordCount":1274,"commentCount":0,"publisher":{"@id":"http:\/\/autosdelpodio.com\/autos\/#organization"},"image":{"@id":"http:\/\/autosdelpodio.com\/autos\/el-citroen-c3-cumple-20-anos-en-argentina\/#primaryimage"},"thumbnailUrl":"http:\/\/autosdelpodio.com\/autos\/wp-content\/uploads\/2023\/06\/Citroen_C3_2023.jpg","keywords":["Citro\u00ebn","Industria Automotriz","Producci\u00f3n","Republica Argentina","Stellantis"],"articleSection":["Destacado","\u00daltimas noticias"],"inLanguage":"es","potentialAction":[{"@type":"CommentAction","name":"Comment","target":["http:\/\/autosdelpodio.com\/autos\/el-citroen-c3-cumple-20-anos-en-argentina\/#respond"]}]},{"@type":"WebPage","@id":"http:\/\/autosdelpodio.com\/autos\/el-citroen-c3-cumple-20-anos-en-argentina\/","url":"http:\/\/autosdelpodio.com\/autos\/el-citroen-c3-cumple-20-anos-en-argentina\/","name":"Autos del Podio | El Citro\u00ebn C3 cumple 20 a\u00f1os en Argentina","isPartOf":{"@id":"http:\/\/autosdelpodio.com\/autos\/#website"},"primaryImageOfPage":{"@id":"http:\/\/autosdelpodio.com\/autos\/el-citroen-c3-cumple-20-anos-en-argentina\/#primaryimage"},"image":{"@id":"http:\/\/autosdelpodio.com\/autos\/el-citroen-c3-cumple-20-anos-en-argentina\/#primaryimage"},"thumbnailUrl":"http:\/\/autosdelpodio.com\/autos\/wp-content\/uploads\/2023\/06\/Citroen_C3_2023.jpg","datePublished":"2023-06-22T00:16:43+00:00","dateModified":"2023-06-24T02:06:37+00:00","description":"Autos del Podio El Citro\u00ebn C3 es el autom\u00f3vil m\u00e1s chico que la marca del doble chevr\u00f3n comercializa en nuestro pa\u00eds.","breadcrumb":{"@id":"http:\/\/autosdelpodio.com\/autos\/el-citroen-c3-cumple-20-anos-en-argentina\/#breadcrumb"},"inLanguage":"es","potentialAction":[{"@type":"ReadAction","target":["http:\/\/autosdelpodio.com\/autos\/el-citroen-c3-cumple-20-anos-en-argentina\/"]}]},{"@type":"ImageObject","inLanguage":"es","@id":"http:\/\/autosdelpodio.com\/autos\/el-citroen-c3-cumple-20-anos-en-argentina\/#primaryimage","url":"http:\/\/autosdelpodio.com\/autos\/wp-content\/uploads\/2023\/06\/Citroen_C3_2023.jpg","contentUrl":"http:\/\/autosdelpodio.com\/autos\/wp-content\/uploads\/2023\/06\/Citroen_C3_2023.jpg","width":500,"height":325},{"@type":"BreadcrumbList","@id":"http:\/\/autosdelpodio.com\/autos\/el-citroen-c3-cumple-20-anos-en-argentina\/#breadcrumb","itemListElement":[{"@type":"ListItem","position":1,"name":"Portada","item":"http:\/\/autosdelpodio.com\/autos\/"},{"@type":"ListItem","position":2,"name":"El Citro\u00ebn C3 cumple 20 a\u00f1os en Argentina"}]},{"@type":"WebSite","@id":"http:\/\/autosdelpodio.com\/autos\/#website","url":"http:\/\/autosdelpodio.com\/autos\/","name":"Autos del Podio","description":"La sexta del deporte motor","publisher":{"@id":"http:\/\/autosdelpodio.com\/autos\/#organization"},"potentialAction":[{"@type":"SearchAction","target":{"@type":"EntryPoint","urlTemplate":"http:\/\/autosdelpodio.com\/autos\/?s={search_term_string}"},"query-input":{"@type":"PropertyValueSpecification","valueRequired":true,"valueName":"search_term_string"}}],"inLanguage":"es"},{"@type":"Organization","@id":"http:\/\/autosdelpodio.com\/autos\/#organization","name":"Autos del Podio","url":"http:\/\/autosdelpodio.com\/autos\/","logo":{"@type":"ImageObject","inLanguage":"es","@id":"http:\/\/autosdelpodio.com\/autos\/#\/schema\/logo\/image\/","url":"http:\/\/autosdelpodio.com\/autos\/wp-content\/uploads\/2020\/08\/Logo_AR.jpg","contentUrl":"http:\/\/autosdelpodio.com\/autos\/wp-content\/uploads\/2020\/08\/Logo_AR.jpg","width":1038,"height":1044,"caption":"Autos del Podio"},"image":{"@id":"http:\/\/autosdelpodio.com\/autos\/#\/schema\/logo\/image\/"},"sameAs":["https:\/\/www.facebook.com\/profile.php?id=100057192590976&amp;amp;amp;amp;amp;amp;amp;amp;amp;amp;amp;amp;amp;amp;amp;amp;amp;amp;ref=ts","https:\/\/x.com\/autosdelpodio","https:\/\/www.youtube.com\/user\/AutosdelPodio"]},{"@type":"Person","@id":"http:\/\/autosdelpodio.com\/autos\/#\/schema\/person\/993527a4d01c3acdd3d6bce3770bc942","name":"autosdelpodio","image":{"@type":"ImageObject","inLanguage":"es","@id":"http:\/\/autosdelpodio.com\/autos\/wp-content\/litespeed\/avatar\/aa8f65cd201a80f6b844f63278aa84af.jpg?ver=1777403005","url":"http:\/\/autosdelpodio.com\/autos\/wp-content\/litespeed\/avatar\/aa8f65cd201a80f6b844f63278aa84af.jpg?ver=1777403005","contentUrl":"http:\/\/autosdelpodio.com\/autos\/wp-content\/litespeed\/avatar\/aa8f65cd201a80f6b844f63278aa84af.jpg?ver=1777403005","caption":"autosdelpodio"}}]}},"views":554,"_links":{"self":[{"href":"http:\/\/autosdelpodio.com\/autos\/wp-json\/wp\/v2\/posts\/6985","targetHints":{"allow":["GET"]}}],"collection":[{"href":"http:\/\/autosdelpodio.com\/autos\/wp-json\/wp\/v2\/posts"}],"about":[{"href":"http:\/\/autosdelpodio.com\/autos\/wp-json\/wp\/v2\/types\/post"}],"author":[{"embeddable":true,"href":"http:\/\/autosdelpodio.com\/autos\/wp-json\/wp\/v2\/users\/3"}],"replies":[{"embeddable":true,"href":"http:\/\/autosdelpodio.com\/autos\/wp-json\/wp\/v2\/comments?post=6985"}],"version-history":[{"count":1,"href":"http:\/\/autosdelpodio.com\/autos\/wp-json\/wp\/v2\/posts\/6985\/revisions"}],"predecessor-version":[{"id":6988,"href":"http:\/\/autosdelpodio.com\/autos\/wp-json\/wp\/v2\/posts\/6985\/revisions\/6988"}],"wp:featuredmedia":[{"embeddable":true,"href":"http:\/\/autosdelpodio.com\/autos\/wp-json\/wp\/v2\/media\/6987"}],"wp:attachment":[{"href":"http:\/\/autosdelpodio.com\/autos\/wp-json\/wp\/v2\/media?parent=6985"}],"wp:term":[{"taxonomy":"category","embeddable":true,"href":"http:\/\/autosdelpodio.com\/autos\/wp-json\/wp\/v2\/categories?post=6985"},{"taxonomy":"post_tag","embeddable":true,"href":"http:\/\/autosdelpodio.com\/autos\/wp-json\/wp\/v2\/tags?post=6985"}],"curies":[{"name":"wp","href":"https:\/\/api.w.org\/{rel}","templated":true}]}}