{"id":6991,"date":"2023-06-25T16:16:59","date_gmt":"2023-06-25T19:16:59","guid":{"rendered":"http:\/\/autosdelpodio.com\/autos\/?p=6991"},"modified":"2023-06-25T16:22:28","modified_gmt":"2023-06-25T19:22:28","slug":"todo-a-favor","status":"publish","type":"post","link":"http:\/\/autosdelpodio.com\/autos\/todo-a-favor\/","title":{"rendered":"Todo a favor"},"content":{"rendered":"\n<p>Franco Vivian no solo obtuvo la victoria en San Nicol\u00e1s sino que adem\u00e1s se va de la ciudad bonaerense como l\u00edder del campeonato.Facundo Ardusso e Ignacio Montenegro completaron el podio.<br>Tal como lo adelantamos en el primer p\u00e1rrafo de la nota, el piloto del Pro Racing lidera el torneo con 165 puntos, seguido del actual monarca Leonel Pern\u00eda con 161 y Montenegro es tercero con 156.<br>La pr\u00f3xima competencia ser\u00e1 el 16 de julio en La Rioja, en el marco de <a href=\"http:\/\/autosdelpodio.com\/autos\/el-segundo-semestre-del-tc2000\/\" target=\"_blank\" rel=\"noreferrer noopener\">la Semana de la velocidad<\/a>.<\/p>\n\n\n\n<p><strong>Final &#8211; Carrera II #TC2000<\/strong><\/p>\n\n\n\n<figure class=\"wp-block-table\"><table><tbody><tr><td><em><strong>1<\/strong><\/em><\/td><td><em><strong>57<\/strong><\/em><\/td><td><em><strong>VIVIAN<\/strong><\/em><\/td><td><em><strong>18<\/strong><\/em><\/td><td><em><strong>27;19.333<\/strong><\/em><\/td><td><\/td><\/tr><tr><td>2<\/td><td>83<\/td><td>ARDUSSO<\/td><td>18<\/td><td>27;25.295<\/td><td>5.962<\/td><\/tr><tr><td>3<\/td><td>23<\/td><td>MONTENEGRO<\/td><td>18<\/td><td>27;27.176<\/td><td>7.843<\/td><\/tr><tr><td>4<\/td><td>1<\/td><td>L.PERNIA<\/td><td>18<\/td><td>27;27.880<\/td><td>8.547<\/td><\/tr><tr><td>5<\/td><td>29<\/td><td>ALDRIGHETTI (C)<\/td><td>18<\/td><td>27;31.592<\/td><td>12.259<\/td><\/tr><tr><td>6<\/td><td>77<\/td><td>M.PERNIA (C)<\/td><td>18<\/td><td>27;31.732<\/td><td>12.399<\/td><\/tr><tr><td>7<\/td><td>88<\/td><td>MARQUES<\/td><td>18<\/td><td>27;32.003<\/td><td>12.670<\/td><\/tr><tr><td>8<\/td><td>10<\/td><td>LLAVER<\/td><td>18<\/td><td>27;33.844<\/td><td>14.511<\/td><\/tr><tr><td>9<\/td><td>42<\/td><td>SCUNCIO MORO (C)<\/td><td>18<\/td><td>27;37.320<\/td><td>17.987<\/td><\/tr><tr><td>10<\/td><td>37<\/td><td>ARAMENDIA (C)<\/td><td>18<\/td><td>27;37.922<\/td><td>18.589<\/td><\/tr><tr><td>11<\/td><td>71<\/td><td>F.PERSIA (C)<\/td><td>18<\/td><td>27;42.691<\/td><td>23.358<\/td><\/tr><tr><td>12<\/td><td>52<\/td><td>VALLE (C)<\/td><td>18<\/td><td>27;51.366<\/td><td>32.033<\/td><\/tr><tr><td>13<\/td><td>34<\/td><td>DI PALMA<\/td><td>18<\/td><td>27;55.956<\/td><td>36.623<\/td><\/tr><tr><td>14<\/td><td>111<\/td><td>A.PERSIA (SC)<\/td><td>18<\/td><td>28;09.436<\/td><td>50.103<\/td><\/tr><tr><td>15<\/td><td>3<\/td><td>FELIPPO (SC)<\/td><td>18<\/td><td>28;19.245<\/td><td>59.912<\/td><\/tr><tr><td>16<\/td><td>85<\/td><td>T.PERNIA (SC)<\/td><td>18<\/td><td>28;19.935<\/td><td>1;00.602<\/td><\/tr><tr><td>17<\/td><td>16<\/td><td>POLAKOVICH (SC)<\/td><td>18<\/td><td>28;21.486<\/td><td>1;02.153<\/td><\/tr><tr><td>18<\/td><td>99<\/td><td>CAPURRO (SC)<\/td><td>18<\/td><td>28;28.466<\/td><td>1;09.133<\/td><\/tr><tr><td>19<\/td><td>17<\/td><td>BARRIOS B. (C)<\/td><td>18<\/td><td>28;41.142<\/td><td>1;21.809<\/td><\/tr><tr><td>20<\/td><td>75<\/td><td>BOBEL (SC)<\/td><td>18<\/td><td>28;49.847<\/td><td>1;30.514<\/td><\/tr><tr><td>21<\/td><td>27<\/td><td>TRAVERSO (SC)<\/td><td>15<\/td><td>31;06.556<\/td><td>3 vtas<\/td><\/tr><tr><td>22<\/td><td>44<\/td><td>BESSONE (SC)<\/td><td>13<\/td><td>20;37.583<\/td><td>5 vtas<\/td><\/tr><tr><td>23<\/td><td>62<\/td><td>STANG (SC)<\/td><td>8<\/td><td>14;15.312<\/td><td>10 vtas<\/td><\/tr><tr><td>24<\/td><td>68<\/td><td>SANTERO<\/td><td>8<\/td><td>14;40.462<\/td><td>10 vtas<\/td><\/tr><tr><td>25<\/td><td>19<\/td><td>TRAUT (C)<\/td><td>5<\/td><td>7;48.774<\/td><td>13 vtas<\/td><\/tr><tr><td>26<\/td><td>25<\/td><td>CIARROCCHI<\/td><td>2<\/td><td>3;25.031<\/td><td>16 vtas<\/td><\/tr><\/tbody><\/table><\/figure>\n","protected":false},"excerpt":{"rendered":"<p>Franco Vivian no solo obtuvo la victoria en San Nicol\u00e1s sino que adem\u00e1s se va de la ciudad bonaerense como<\/p>\n","protected":false},"author":3,"featured_media":5722,"comment_status":"open","ping_status":"open","sticky":false,"template":"","format":"standard","meta":{"colormag_page_container_layout":"default_layout","colormag_page_sidebar_layout":"default_layout","footnotes":""},"categories":[6,5],"tags":[368,545,356,217],"class_list":["post-6991","post","type-post","status-publish","format-standard","has-post-thumbnail","hentry","category-newsflash","category-latest-news","tag-chevrolet-cruze","tag-franco-vivian","tag-san-nicolas","tag-tc2000"],"yoast_head":"<!-- This site is optimized with the Yoast SEO plugin v27.5 - https:\/\/yoast.com\/product\/yoast-seo-wordpress\/ -->\n<title>Autos del Podio | Todo a favor<\/title>\n<meta name=\"description\" content=\"Autos del Podio El TC2000 corri\u00f3 junto al TC2000 Series en el circuito Juan Maria Traverso de San Nicol\u00e1s\" \/>\n<meta name=\"robots\" content=\"index, follow, max-snippet:-1, max-image-preview:large, max-video-preview:-1\" \/>\n<link rel=\"canonical\" href=\"http:\/\/autosdelpodio.com\/autos\/todo-a-favor\/\" \/>\n<meta property=\"og:locale\" content=\"es_ES\" \/>\n<meta property=\"og:type\" content=\"article\" \/>\n<meta property=\"og:title\" content=\"Autos del Podio | Todo a favor\" \/>\n<meta property=\"og:description\" content=\"Autos del Podio El TC2000 corri\u00f3 junto al TC2000 Series en el circuito Juan Maria Traverso de San Nicol\u00e1s\" \/>\n<meta property=\"og:url\" content=\"http:\/\/autosdelpodio.com\/autos\/todo-a-favor\/\" \/>\n<meta property=\"og:site_name\" content=\"Autos del Podio\" \/>\n<meta property=\"article:publisher\" content=\"https:\/\/www.facebook.com\/profile.php?id=100057192590976&amp;amp%3bamp%3bamp%3bamp%3bamp%3bamp%3bamp%3bamp%3bamp%3bamp%3bamp%3bamp%3bamp%3bamp%3bamp%3bamp%3bamp%3bamp%3bref=ts\" \/>\n<meta property=\"article:published_time\" content=\"2023-06-25T19:16:59+00:00\" \/>\n<meta property=\"article:modified_time\" content=\"2023-06-25T19:22:28+00:00\" \/>\n<meta property=\"og:image\" content=\"http:\/\/autosdelpodio.com\/autos\/wp-content\/uploads\/2022\/05\/TC2000_New_500.jpg\" \/>\n\t<meta property=\"og:image:width\" content=\"500\" \/>\n\t<meta property=\"og:image:height\" content=\"250\" \/>\n\t<meta property=\"og:image:type\" content=\"image\/jpeg\" \/>\n<meta name=\"author\" content=\"autosdelpodio\" \/>\n<meta name=\"twitter:card\" content=\"summary_large_image\" \/>\n<meta name=\"twitter:creator\" content=\"@autosdelpodio\" \/>\n<meta name=\"twitter:site\" content=\"@autosdelpodio\" \/>\n<meta name=\"twitter:label1\" content=\"Escrito por\" \/>\n\t<meta name=\"twitter:data1\" content=\"autosdelpodio\" \/>\n\t<meta name=\"twitter:label2\" content=\"Tiempo de lectura\" \/>\n\t<meta name=\"twitter:data2\" content=\"2 minutos\" \/>\n<script type=\"application\/ld+json\" class=\"yoast-schema-graph\">{\"@context\":\"https:\\\/\\\/schema.org\",\"@graph\":[{\"@type\":\"Article\",\"@id\":\"http:\\\/\\\/autosdelpodio.com\\\/autos\\\/todo-a-favor\\\/#article\",\"isPartOf\":{\"@id\":\"http:\\\/\\\/autosdelpodio.com\\\/autos\\\/todo-a-favor\\\/\"},\"author\":{\"name\":\"autosdelpodio\",\"@id\":\"http:\\\/\\\/autosdelpodio.com\\\/autos\\\/#\\\/schema\\\/person\\\/993527a4d01c3acdd3d6bce3770bc942\"},\"headline\":\"Todo a favor\",\"datePublished\":\"2023-06-25T19:16:59+00:00\",\"dateModified\":\"2023-06-25T19:22:28+00:00\",\"mainEntityOfPage\":{\"@id\":\"http:\\\/\\\/autosdelpodio.com\\\/autos\\\/todo-a-favor\\\/\"},\"wordCount\":154,\"commentCount\":0,\"publisher\":{\"@id\":\"http:\\\/\\\/autosdelpodio.com\\\/autos\\\/#organization\"},\"image\":{\"@id\":\"http:\\\/\\\/autosdelpodio.com\\\/autos\\\/todo-a-favor\\\/#primaryimage\"},\"thumbnailUrl\":\"http:\\\/\\\/autosdelpodio.com\\\/autos\\\/wp-content\\\/uploads\\\/2022\\\/05\\\/TC2000_New_500.jpg\",\"keywords\":[\"Chevrolet Cruze\",\"Franco Vivian\",\"San Nicol\u00e1s\",\"TC2000\"],\"articleSection\":[\"Destacado\",\"\u00daltimas noticias\"],\"inLanguage\":\"es\",\"potentialAction\":[{\"@type\":\"CommentAction\",\"name\":\"Comment\",\"target\":[\"http:\\\/\\\/autosdelpodio.com\\\/autos\\\/todo-a-favor\\\/#respond\"]}]},{\"@type\":\"WebPage\",\"@id\":\"http:\\\/\\\/autosdelpodio.com\\\/autos\\\/todo-a-favor\\\/\",\"url\":\"http:\\\/\\\/autosdelpodio.com\\\/autos\\\/todo-a-favor\\\/\",\"name\":\"Autos del Podio | Todo a favor\",\"isPartOf\":{\"@id\":\"http:\\\/\\\/autosdelpodio.com\\\/autos\\\/#website\"},\"primaryImageOfPage\":{\"@id\":\"http:\\\/\\\/autosdelpodio.com\\\/autos\\\/todo-a-favor\\\/#primaryimage\"},\"image\":{\"@id\":\"http:\\\/\\\/autosdelpodio.com\\\/autos\\\/todo-a-favor\\\/#primaryimage\"},\"thumbnailUrl\":\"http:\\\/\\\/autosdelpodio.com\\\/autos\\\/wp-content\\\/uploads\\\/2022\\\/05\\\/TC2000_New_500.jpg\",\"datePublished\":\"2023-06-25T19:16:59+00:00\",\"dateModified\":\"2023-06-25T19:22:28+00:00\",\"description\":\"Autos del Podio El TC2000 corri\u00f3 junto al TC2000 Series en el circuito Juan Maria Traverso de San Nicol\u00e1s\",\"breadcrumb\":{\"@id\":\"http:\\\/\\\/autosdelpodio.com\\\/autos\\\/todo-a-favor\\\/#breadcrumb\"},\"inLanguage\":\"es\",\"potentialAction\":[{\"@type\":\"ReadAction\",\"target\":[\"http:\\\/\\\/autosdelpodio.com\\\/autos\\\/todo-a-favor\\\/\"]}]},{\"@type\":\"ImageObject\",\"inLanguage\":\"es\",\"@id\":\"http:\\\/\\\/autosdelpodio.com\\\/autos\\\/todo-a-favor\\\/#primaryimage\",\"url\":\"http:\\\/\\\/autosdelpodio.com\\\/autos\\\/wp-content\\\/uploads\\\/2022\\\/05\\\/TC2000_New_500.jpg\",\"contentUrl\":\"http:\\\/\\\/autosdelpodio.com\\\/autos\\\/wp-content\\\/uploads\\\/2022\\\/05\\\/TC2000_New_500.jpg\",\"width\":500,\"height\":250},{\"@type\":\"BreadcrumbList\",\"@id\":\"http:\\\/\\\/autosdelpodio.com\\\/autos\\\/todo-a-favor\\\/#breadcrumb\",\"itemListElement\":[{\"@type\":\"ListItem\",\"position\":1,\"name\":\"Portada\",\"item\":\"http:\\\/\\\/autosdelpodio.com\\\/autos\\\/\"},{\"@type\":\"ListItem\",\"position\":2,\"name\":\"Todo a favor\"}]},{\"@type\":\"WebSite\",\"@id\":\"http:\\\/\\\/autosdelpodio.com\\\/autos\\\/#website\",\"url\":\"http:\\\/\\\/autosdelpodio.com\\\/autos\\\/\",\"name\":\"Autos del Podio\",\"description\":\"La sexta del deporte motor\",\"publisher\":{\"@id\":\"http:\\\/\\\/autosdelpodio.com\\\/autos\\\/#organization\"},\"potentialAction\":[{\"@type\":\"SearchAction\",\"target\":{\"@type\":\"EntryPoint\",\"urlTemplate\":\"http:\\\/\\\/autosdelpodio.com\\\/autos\\\/?s={search_term_string}\"},\"query-input\":{\"@type\":\"PropertyValueSpecification\",\"valueRequired\":true,\"valueName\":\"search_term_string\"}}],\"inLanguage\":\"es\"},{\"@type\":\"Organization\",\"@id\":\"http:\\\/\\\/autosdelpodio.com\\\/autos\\\/#organization\",\"name\":\"Autos del Podio\",\"url\":\"http:\\\/\\\/autosdelpodio.com\\\/autos\\\/\",\"logo\":{\"@type\":\"ImageObject\",\"inLanguage\":\"es\",\"@id\":\"http:\\\/\\\/autosdelpodio.com\\\/autos\\\/#\\\/schema\\\/logo\\\/image\\\/\",\"url\":\"http:\\\/\\\/autosdelpodio.com\\\/autos\\\/wp-content\\\/uploads\\\/2020\\\/08\\\/Logo_AR.jpg\",\"contentUrl\":\"http:\\\/\\\/autosdelpodio.com\\\/autos\\\/wp-content\\\/uploads\\\/2020\\\/08\\\/Logo_AR.jpg\",\"width\":1038,\"height\":1044,\"caption\":\"Autos del Podio\"},\"image\":{\"@id\":\"http:\\\/\\\/autosdelpodio.com\\\/autos\\\/#\\\/schema\\\/logo\\\/image\\\/\"},\"sameAs\":[\"https:\\\/\\\/www.facebook.com\\\/profile.php?id=100057192590976&amp;amp;amp;amp;amp;amp;amp;amp;amp;amp;amp;amp;amp;amp;amp;amp;amp;amp;ref=ts\",\"https:\\\/\\\/x.com\\\/autosdelpodio\",\"https:\\\/\\\/www.youtube.com\\\/user\\\/AutosdelPodio\"]},{\"@type\":\"Person\",\"@id\":\"http:\\\/\\\/autosdelpodio.com\\\/autos\\\/#\\\/schema\\\/person\\\/993527a4d01c3acdd3d6bce3770bc942\",\"name\":\"autosdelpodio\",\"image\":{\"@type\":\"ImageObject\",\"inLanguage\":\"es\",\"@id\":\"http:\\\/\\\/autosdelpodio.com\\\/autos\\\/wp-content\\\/litespeed\\\/avatar\\\/aa8f65cd201a80f6b844f63278aa84af.jpg?ver=1777403005\",\"url\":\"http:\\\/\\\/autosdelpodio.com\\\/autos\\\/wp-content\\\/litespeed\\\/avatar\\\/aa8f65cd201a80f6b844f63278aa84af.jpg?ver=1777403005\",\"contentUrl\":\"http:\\\/\\\/autosdelpodio.com\\\/autos\\\/wp-content\\\/litespeed\\\/avatar\\\/aa8f65cd201a80f6b844f63278aa84af.jpg?ver=1777403005\",\"caption\":\"autosdelpodio\"}}]}<\/script>\n<!-- \/ Yoast SEO plugin. -->","yoast_head_json":{"title":"Autos del Podio | Todo a favor","description":"Autos del Podio El TC2000 corri\u00f3 junto al TC2000 Series en el circuito Juan Maria Traverso de San Nicol\u00e1s","robots":{"index":"index","follow":"follow","max-snippet":"max-snippet:-1","max-image-preview":"max-image-preview:large","max-video-preview":"max-video-preview:-1"},"canonical":"http:\/\/autosdelpodio.com\/autos\/todo-a-favor\/","og_locale":"es_ES","og_type":"article","og_title":"Autos del Podio | Todo a favor","og_description":"Autos del Podio El TC2000 corri\u00f3 junto al TC2000 Series en el circuito Juan Maria Traverso de San Nicol\u00e1s","og_url":"http:\/\/autosdelpodio.com\/autos\/todo-a-favor\/","og_site_name":"Autos del Podio","article_publisher":"https:\/\/www.facebook.com\/profile.php?id=100057192590976&amp%3bamp%3bamp%3bamp%3bamp%3bamp%3bamp%3bamp%3bamp%3bamp%3bamp%3bamp%3bamp%3bamp%3bamp%3bamp%3bamp%3bamp%3bref=ts","article_published_time":"2023-06-25T19:16:59+00:00","article_modified_time":"2023-06-25T19:22:28+00:00","og_image":[{"width":500,"height":250,"url":"http:\/\/autosdelpodio.com\/autos\/wp-content\/uploads\/2022\/05\/TC2000_New_500.jpg","type":"image\/jpeg"}],"author":"autosdelpodio","twitter_card":"summary_large_image","twitter_creator":"@autosdelpodio","twitter_site":"@autosdelpodio","twitter_misc":{"Escrito por":"autosdelpodio","Tiempo de lectura":"2 minutos"},"schema":{"@context":"https:\/\/schema.org","@graph":[{"@type":"Article","@id":"http:\/\/autosdelpodio.com\/autos\/todo-a-favor\/#article","isPartOf":{"@id":"http:\/\/autosdelpodio.com\/autos\/todo-a-favor\/"},"author":{"name":"autosdelpodio","@id":"http:\/\/autosdelpodio.com\/autos\/#\/schema\/person\/993527a4d01c3acdd3d6bce3770bc942"},"headline":"Todo a favor","datePublished":"2023-06-25T19:16:59+00:00","dateModified":"2023-06-25T19:22:28+00:00","mainEntityOfPage":{"@id":"http:\/\/autosdelpodio.com\/autos\/todo-a-favor\/"},"wordCount":154,"commentCount":0,"publisher":{"@id":"http:\/\/autosdelpodio.com\/autos\/#organization"},"image":{"@id":"http:\/\/autosdelpodio.com\/autos\/todo-a-favor\/#primaryimage"},"thumbnailUrl":"http:\/\/autosdelpodio.com\/autos\/wp-content\/uploads\/2022\/05\/TC2000_New_500.jpg","keywords":["Chevrolet Cruze","Franco Vivian","San Nicol\u00e1s","TC2000"],"articleSection":["Destacado","\u00daltimas noticias"],"inLanguage":"es","potentialAction":[{"@type":"CommentAction","name":"Comment","target":["http:\/\/autosdelpodio.com\/autos\/todo-a-favor\/#respond"]}]},{"@type":"WebPage","@id":"http:\/\/autosdelpodio.com\/autos\/todo-a-favor\/","url":"http:\/\/autosdelpodio.com\/autos\/todo-a-favor\/","name":"Autos del Podio | Todo a favor","isPartOf":{"@id":"http:\/\/autosdelpodio.com\/autos\/#website"},"primaryImageOfPage":{"@id":"http:\/\/autosdelpodio.com\/autos\/todo-a-favor\/#primaryimage"},"image":{"@id":"http:\/\/autosdelpodio.com\/autos\/todo-a-favor\/#primaryimage"},"thumbnailUrl":"http:\/\/autosdelpodio.com\/autos\/wp-content\/uploads\/2022\/05\/TC2000_New_500.jpg","datePublished":"2023-06-25T19:16:59+00:00","dateModified":"2023-06-25T19:22:28+00:00","description":"Autos del Podio El TC2000 corri\u00f3 junto al TC2000 Series en el circuito Juan Maria Traverso de San Nicol\u00e1s","breadcrumb":{"@id":"http:\/\/autosdelpodio.com\/autos\/todo-a-favor\/#breadcrumb"},"inLanguage":"es","potentialAction":[{"@type":"ReadAction","target":["http:\/\/autosdelpodio.com\/autos\/todo-a-favor\/"]}]},{"@type":"ImageObject","inLanguage":"es","@id":"http:\/\/autosdelpodio.com\/autos\/todo-a-favor\/#primaryimage","url":"http:\/\/autosdelpodio.com\/autos\/wp-content\/uploads\/2022\/05\/TC2000_New_500.jpg","contentUrl":"http:\/\/autosdelpodio.com\/autos\/wp-content\/uploads\/2022\/05\/TC2000_New_500.jpg","width":500,"height":250},{"@type":"BreadcrumbList","@id":"http:\/\/autosdelpodio.com\/autos\/todo-a-favor\/#breadcrumb","itemListElement":[{"@type":"ListItem","position":1,"name":"Portada","item":"http:\/\/autosdelpodio.com\/autos\/"},{"@type":"ListItem","position":2,"name":"Todo a favor"}]},{"@type":"WebSite","@id":"http:\/\/autosdelpodio.com\/autos\/#website","url":"http:\/\/autosdelpodio.com\/autos\/","name":"Autos del Podio","description":"La sexta del deporte motor","publisher":{"@id":"http:\/\/autosdelpodio.com\/autos\/#organization"},"potentialAction":[{"@type":"SearchAction","target":{"@type":"EntryPoint","urlTemplate":"http:\/\/autosdelpodio.com\/autos\/?s={search_term_string}"},"query-input":{"@type":"PropertyValueSpecification","valueRequired":true,"valueName":"search_term_string"}}],"inLanguage":"es"},{"@type":"Organization","@id":"http:\/\/autosdelpodio.com\/autos\/#organization","name":"Autos del Podio","url":"http:\/\/autosdelpodio.com\/autos\/","logo":{"@type":"ImageObject","inLanguage":"es","@id":"http:\/\/autosdelpodio.com\/autos\/#\/schema\/logo\/image\/","url":"http:\/\/autosdelpodio.com\/autos\/wp-content\/uploads\/2020\/08\/Logo_AR.jpg","contentUrl":"http:\/\/autosdelpodio.com\/autos\/wp-content\/uploads\/2020\/08\/Logo_AR.jpg","width":1038,"height":1044,"caption":"Autos del Podio"},"image":{"@id":"http:\/\/autosdelpodio.com\/autos\/#\/schema\/logo\/image\/"},"sameAs":["https:\/\/www.facebook.com\/profile.php?id=100057192590976&amp;amp;amp;amp;amp;amp;amp;amp;amp;amp;amp;amp;amp;amp;amp;amp;amp;amp;ref=ts","https:\/\/x.com\/autosdelpodio","https:\/\/www.youtube.com\/user\/AutosdelPodio"]},{"@type":"Person","@id":"http:\/\/autosdelpodio.com\/autos\/#\/schema\/person\/993527a4d01c3acdd3d6bce3770bc942","name":"autosdelpodio","image":{"@type":"ImageObject","inLanguage":"es","@id":"http:\/\/autosdelpodio.com\/autos\/wp-content\/litespeed\/avatar\/aa8f65cd201a80f6b844f63278aa84af.jpg?ver=1777403005","url":"http:\/\/autosdelpodio.com\/autos\/wp-content\/litespeed\/avatar\/aa8f65cd201a80f6b844f63278aa84af.jpg?ver=1777403005","contentUrl":"http:\/\/autosdelpodio.com\/autos\/wp-content\/litespeed\/avatar\/aa8f65cd201a80f6b844f63278aa84af.jpg?ver=1777403005","caption":"autosdelpodio"}}]}},"views":426,"_links":{"self":[{"href":"http:\/\/autosdelpodio.com\/autos\/wp-json\/wp\/v2\/posts\/6991","targetHints":{"allow":["GET"]}}],"collection":[{"href":"http:\/\/autosdelpodio.com\/autos\/wp-json\/wp\/v2\/posts"}],"about":[{"href":"http:\/\/autosdelpodio.com\/autos\/wp-json\/wp\/v2\/types\/post"}],"author":[{"embeddable":true,"href":"http:\/\/autosdelpodio.com\/autos\/wp-json\/wp\/v2\/users\/3"}],"replies":[{"embeddable":true,"href":"http:\/\/autosdelpodio.com\/autos\/wp-json\/wp\/v2\/comments?post=6991"}],"version-history":[{"count":2,"href":"http:\/\/autosdelpodio.com\/autos\/wp-json\/wp\/v2\/posts\/6991\/revisions"}],"predecessor-version":[{"id":6993,"href":"http:\/\/autosdelpodio.com\/autos\/wp-json\/wp\/v2\/posts\/6991\/revisions\/6993"}],"wp:featuredmedia":[{"embeddable":true,"href":"http:\/\/autosdelpodio.com\/autos\/wp-json\/wp\/v2\/media\/5722"}],"wp:attachment":[{"href":"http:\/\/autosdelpodio.com\/autos\/wp-json\/wp\/v2\/media?parent=6991"}],"wp:term":[{"taxonomy":"category","embeddable":true,"href":"http:\/\/autosdelpodio.com\/autos\/wp-json\/wp\/v2\/categories?post=6991"},{"taxonomy":"post_tag","embeddable":true,"href":"http:\/\/autosdelpodio.com\/autos\/wp-json\/wp\/v2\/tags?post=6991"}],"curies":[{"name":"wp","href":"https:\/\/api.w.org\/{rel}","templated":true}]}}