{"id":7133,"date":"2023-09-03T13:20:07","date_gmt":"2023-09-03T16:20:07","guid":{"rendered":"http:\/\/autosdelpodio.com\/autos\/?p=7133"},"modified":"2023-09-03T13:20:09","modified_gmt":"2023-09-03T16:20:09","slug":"fmax","status":"publish","type":"post","link":"http:\/\/autosdelpodio.com\/autos\/fmax\/","title":{"rendered":"FMax"},"content":{"rendered":"\n<p>Max Verstappen hilvan\u00f3 su d\u00e9cimo triunfo en fila dentro de la F1.Esta vez festej\u00f3 en el Gran Premio de Monza escoltado por Sergio P\u00e9rez y Carlos Sainz.<br>Sin mucho m\u00e1s que agregar, el neerland\u00e9s se encaminar\u00e1 nuevamente hacia la corona ya que lidera el mundial de pilotos con 364 puntos, seguido por Checo P\u00e9rez con 219 y mas relegado a\u00fan Fernando Alonso con 170.<br>La pr\u00f3xima competencia ser\u00e1 del 15 al 17 de septiembre en Singapur, cuando transite el circuito callejero de Marina Bay.<\/p>\n\n\n\n<p><strong><em>Final F1 &#8211; GP de Italia<\/em><\/strong><\/p>\n\n\n\n<figure class=\"wp-block-table\"><table><tbody><tr><td>1&nbsp;<\/td><td>1<\/td><td>Max Verstappen<\/td><td>Red Bull\/Honda RBPT<\/td><td>51<\/td><td>&#8211;<\/td><\/tr><tr><td>2&nbsp;<\/td><td>11<\/td><td>Sergio P\u00e9rez<\/td><td>Red Bull\/Honda RBPT<\/td><td>51<\/td><td>-6.064<\/td><\/tr><tr><td>3&nbsp;<\/td><td>55<\/td><td>Carlos Sainz Jr.<\/td><td>Ferrari<\/td><td>51<\/td><td>-11.193<\/td><\/tr><tr><td>4&nbsp;<\/td><td>16<\/td><td>Charles Leclerc<\/td><td>Ferrari<\/td><td>51<\/td><td>-11.377<\/td><\/tr><tr><td>5&nbsp;<\/td><td>63<\/td><td><a href=\"https:\/\/es.motorsport.com\/driver\/george-russell\/42291\/\" target=\"_blank\" rel=\"noreferrer noopener\">George Russell<\/a><\/td><td><a href=\"https:\/\/es.motorsport.com\/team\/mercedes-amg-f1\/20\/\" target=\"_blank\" rel=\"noreferrer noopener\">Mercedes<\/a><\/td><td>51<\/td><td>-23.028<\/td><\/tr><tr><td>6&nbsp;<\/td><td>44<\/td><td><a href=\"https:\/\/es.motorsport.com\/driver\/lewis-hamilton\/22537\/\" target=\"_blank\" rel=\"noreferrer noopener\">Lewis Hamilton<\/a><\/td><td>Mercedes<\/td><td>51<\/td><td>-42.679<\/td><\/tr><tr><td>7&nbsp;<\/td><td>23<\/td><td><a href=\"https:\/\/es.motorsport.com\/driver\/alexander-albon\/142782\/\" target=\"_blank\" rel=\"noreferrer noopener\">Alexander Albon<\/a><\/td><td>Williams\/Mercedes<\/td><td>51<\/td><td>-45.106<\/td><\/tr><tr><td>8&nbsp;<\/td><td>4<\/td><td><a href=\"https:\/\/es.motorsport.com\/driver\/lando-norris\/290513\/\" target=\"_blank\" rel=\"noreferrer noopener\">Lando Norris<\/a><\/td><td>McLaren\/Mercedes<\/td><td>51<\/td><td>-45.449<\/td><\/tr><tr><td>9&nbsp;<\/td><td>14<\/td><td><a href=\"https:\/\/es.motorsport.com\/driver\/fernando-alonso\/21755\/\" target=\"_blank\" rel=\"noreferrer noopener\">Fernando Alonso<\/a><\/td><td>Aston Martin\/Mercedes<\/td><td>51<\/td><td>-46.294<\/td><\/tr><tr><td>10&nbsp;<\/td><td>77<\/td><td><a href=\"https:\/\/es.motorsport.com\/driver\/valtteri-bottas\/34294\/\" target=\"_blank\" rel=\"noreferrer noopener\">Valtteri Bottas<\/a><\/td><td><a href=\"https:\/\/es.motorsport.com\/team\/alfa-romeo\/18179\/\" target=\"_blank\" rel=\"noreferrer noopener\">Alfa Romeo<\/a>\/Ferrari<\/td><td>51<\/td><td>-1&#8217;04.056<\/td><\/tr><tr><td>11&nbsp;<\/td><td>40<\/td><td><a href=\"https:\/\/es.motorsport.com\/driver\/liam-lawson\/826049\/\" target=\"_blank\" rel=\"noreferrer noopener\">Liam Lawson<\/a><\/td><td><a href=\"https:\/\/es.motorsport.com\/team\/alpha-tauri\/19\/\" target=\"_blank\" rel=\"noreferrer noopener\">AlphaTauri<\/a>\/Honda RBPT<\/td><td>51<\/td><td>-1&#8217;10.638<\/td><\/tr><tr><td>12&nbsp;<\/td><td>81<\/td><td><a href=\"https:\/\/es.motorsport.com\/driver\/oscar-piastri\/828726\/\" target=\"_blank\" rel=\"noreferrer noopener\">Oscar Piastri<\/a><\/td><td>McLaren\/Mercedes<\/td><td>51<\/td><td>-1&#8217;13.074<\/td><\/tr><tr><td>13&nbsp;<\/td><td>2<\/td><td><a href=\"https:\/\/es.motorsport.com\/driver\/logan-sargeant\/289611\/\" target=\"_blank\" rel=\"noreferrer noopener\">Logan Sargeant<\/a><\/td><td>Williams\/Mercedes<\/td><td>51<\/td><td>-1&#8217;18.557<\/td><\/tr><tr><td>14&nbsp;<\/td><td>24<\/td><td>Zhou Guanyu<\/td><td>Alfa Romeo\/Ferrari<\/td><td>51<\/td><td>-1&#8217;20.164<\/td><\/tr><tr><td>15&nbsp;<\/td><td>10<\/td><td><a href=\"https:\/\/es.motorsport.com\/driver\/pierre-gasly\/40763\/\" target=\"_blank\" rel=\"noreferrer noopener\">Pierre Gasly<\/a><\/td><td><a href=\"https:\/\/es.motorsport.com\/team\/alpine\/37486\/\" target=\"_blank\" rel=\"noreferrer noopener\">Alpine<\/a>\/Renault<\/td><td>51<\/td><td>-1&#8217;22.510<\/td><\/tr><tr><td>16&nbsp;<\/td><td>18<\/td><td><a href=\"https:\/\/es.motorsport.com\/driver\/lance-stroll\/42079\/\" target=\"_blank\" rel=\"noreferrer noopener\">Lance Stroll<\/a><\/td><td>Aston Martin\/Mercedes<\/td><td>51<\/td><td>-1&#8217;27.266<\/td><\/tr><tr><td>17&nbsp;<\/td><td>27<\/td><td>Nico H\u00fclkenberg<\/td><td>Haas\/Ferrari<\/td><td>50<\/td><td>&#8211;<\/td><\/tr><tr><td>18&nbsp;<\/td><td>20<\/td><td><a href=\"https:\/\/es.motorsport.com\/driver\/kevin-magnussen\/37100\/\" target=\"_blank\" rel=\"noreferrer noopener\">Kevin Magnussen<\/a><\/td><td>Haas\/Ferrari<\/td><td>50<\/td><td>&#8211;<\/td><\/tr><tr><td>&#8211;&nbsp;<\/td><td>31<\/td><td><a href=\"https:\/\/es.motorsport.com\/driver\/esteban-ocon\/40761\/\" target=\"_blank\" rel=\"noreferrer noopener\">Esteban Ocon<\/a><\/td><td>Alpine\/Renault<\/td><td>39<\/td><td>&#8211;<\/td><\/tr><tr><td>&#8211;&nbsp;<\/td><td>22<\/td><td><a href=\"https:\/\/es.motorsport.com\/driver\/yuki-tsunoda\/828558\/\" target=\"_blank\" rel=\"noreferrer noopener\">Yuki Tsunoda<\/a><\/td><td>AlphaTauri\/Honda RBPT<\/td><td>0<\/td><td>&#8211;<\/td><\/tr><\/tbody><\/table><\/figure>\n","protected":false},"excerpt":{"rendered":"<p>Max Verstappen hilvan\u00f3 su d\u00e9cimo triunfo en fila dentro de la F1.Esta vez festej\u00f3 en el Gran Premio de Monza<\/p>\n","protected":false},"author":3,"featured_media":1751,"comment_status":"open","ping_status":"open","sticky":false,"template":"","format":"standard","meta":{"colormag_page_container_layout":"default_layout","colormag_page_sidebar_layout":"default_layout","footnotes":""},"categories":[6,5],"tags":[75,612,47,310,311],"class_list":["post-7133","post","type-post","status-publish","format-standard","has-post-thumbnail","hentry","category-newsflash","category-latest-news","tag-formula-1","tag-gp-monza","tag-italia","tag-max-verstappen","tag-red-bull"],"yoast_head":"<!-- This site is optimized with the Yoast SEO plugin v27.5 - https:\/\/yoast.com\/product\/yoast-seo-wordpress\/ -->\n<title>Autos del Podio | FMax<\/title>\n<meta name=\"description\" content=\"Autos del Podio Con 10 triunfos en serie en la Formula 1, Max Verstappen super\u00f3 el record de Sebastian Vettel\" \/>\n<meta name=\"robots\" content=\"index, follow, max-snippet:-1, max-image-preview:large, max-video-preview:-1\" \/>\n<link rel=\"canonical\" href=\"http:\/\/autosdelpodio.com\/autos\/fmax\/\" \/>\n<meta property=\"og:locale\" content=\"es_ES\" \/>\n<meta property=\"og:type\" content=\"article\" \/>\n<meta property=\"og:title\" content=\"Autos del Podio | FMax\" \/>\n<meta property=\"og:description\" content=\"Autos del Podio Con 10 triunfos en serie en la Formula 1, Max Verstappen super\u00f3 el record de Sebastian Vettel\" \/>\n<meta property=\"og:url\" content=\"http:\/\/autosdelpodio.com\/autos\/fmax\/\" \/>\n<meta property=\"og:site_name\" content=\"Autos del Podio\" \/>\n<meta property=\"article:publisher\" content=\"https:\/\/www.facebook.com\/profile.php?id=100057192590976&amp;amp%3bamp%3bamp%3bamp%3bamp%3bamp%3bamp%3bamp%3bamp%3bamp%3bamp%3bamp%3bamp%3bamp%3bamp%3bamp%3bamp%3bamp%3bref=ts\" \/>\n<meta property=\"article:published_time\" content=\"2023-09-03T16:20:07+00:00\" \/>\n<meta property=\"article:modified_time\" content=\"2023-09-03T16:20:09+00:00\" \/>\n<meta property=\"og:image\" content=\"http:\/\/autosdelpodio.com\/autos\/wp-content\/uploads\/2020\/04\/Logo_F1_-e1621029352226.jpg\" \/>\n\t<meta property=\"og:image:width\" content=\"500\" \/>\n\t<meta property=\"og:image:height\" content=\"278\" \/>\n\t<meta property=\"og:image:type\" content=\"image\/jpeg\" \/>\n<meta name=\"author\" content=\"autosdelpodio\" \/>\n<meta name=\"twitter:card\" content=\"summary_large_image\" \/>\n<meta name=\"twitter:creator\" content=\"@autosdelpodio\" \/>\n<meta name=\"twitter:site\" content=\"@autosdelpodio\" \/>\n<meta name=\"twitter:label1\" content=\"Escrito por\" \/>\n\t<meta name=\"twitter:data1\" content=\"autosdelpodio\" \/>\n\t<meta name=\"twitter:label2\" content=\"Tiempo de lectura\" \/>\n\t<meta name=\"twitter:data2\" content=\"2 minutos\" \/>\n<script type=\"application\/ld+json\" class=\"yoast-schema-graph\">{\"@context\":\"https:\\\/\\\/schema.org\",\"@graph\":[{\"@type\":\"Article\",\"@id\":\"http:\\\/\\\/autosdelpodio.com\\\/autos\\\/fmax\\\/#article\",\"isPartOf\":{\"@id\":\"http:\\\/\\\/autosdelpodio.com\\\/autos\\\/fmax\\\/\"},\"author\":{\"name\":\"autosdelpodio\",\"@id\":\"http:\\\/\\\/autosdelpodio.com\\\/autos\\\/#\\\/schema\\\/person\\\/993527a4d01c3acdd3d6bce3770bc942\"},\"headline\":\"FMax\",\"datePublished\":\"2023-09-03T16:20:07+00:00\",\"dateModified\":\"2023-09-03T16:20:09+00:00\",\"mainEntityOfPage\":{\"@id\":\"http:\\\/\\\/autosdelpodio.com\\\/autos\\\/fmax\\\/\"},\"wordCount\":231,\"commentCount\":0,\"publisher\":{\"@id\":\"http:\\\/\\\/autosdelpodio.com\\\/autos\\\/#organization\"},\"image\":{\"@id\":\"http:\\\/\\\/autosdelpodio.com\\\/autos\\\/fmax\\\/#primaryimage\"},\"thumbnailUrl\":\"http:\\\/\\\/autosdelpodio.com\\\/autos\\\/wp-content\\\/uploads\\\/2020\\\/04\\\/Logo_F1_-e1621029352226.jpg\",\"keywords\":[\"Formula 1\",\"GP Monza\",\"Italia\",\"Max Verstappen\",\"Red Bull\"],\"articleSection\":[\"Destacado\",\"\u00daltimas noticias\"],\"inLanguage\":\"es\",\"potentialAction\":[{\"@type\":\"CommentAction\",\"name\":\"Comment\",\"target\":[\"http:\\\/\\\/autosdelpodio.com\\\/autos\\\/fmax\\\/#respond\"]}]},{\"@type\":\"WebPage\",\"@id\":\"http:\\\/\\\/autosdelpodio.com\\\/autos\\\/fmax\\\/\",\"url\":\"http:\\\/\\\/autosdelpodio.com\\\/autos\\\/fmax\\\/\",\"name\":\"Autos del Podio | FMax\",\"isPartOf\":{\"@id\":\"http:\\\/\\\/autosdelpodio.com\\\/autos\\\/#website\"},\"primaryImageOfPage\":{\"@id\":\"http:\\\/\\\/autosdelpodio.com\\\/autos\\\/fmax\\\/#primaryimage\"},\"image\":{\"@id\":\"http:\\\/\\\/autosdelpodio.com\\\/autos\\\/fmax\\\/#primaryimage\"},\"thumbnailUrl\":\"http:\\\/\\\/autosdelpodio.com\\\/autos\\\/wp-content\\\/uploads\\\/2020\\\/04\\\/Logo_F1_-e1621029352226.jpg\",\"datePublished\":\"2023-09-03T16:20:07+00:00\",\"dateModified\":\"2023-09-03T16:20:09+00:00\",\"description\":\"Autos del Podio Con 10 triunfos en serie en la Formula 1, Max Verstappen super\u00f3 el record de Sebastian Vettel\",\"breadcrumb\":{\"@id\":\"http:\\\/\\\/autosdelpodio.com\\\/autos\\\/fmax\\\/#breadcrumb\"},\"inLanguage\":\"es\",\"potentialAction\":[{\"@type\":\"ReadAction\",\"target\":[\"http:\\\/\\\/autosdelpodio.com\\\/autos\\\/fmax\\\/\"]}]},{\"@type\":\"ImageObject\",\"inLanguage\":\"es\",\"@id\":\"http:\\\/\\\/autosdelpodio.com\\\/autos\\\/fmax\\\/#primaryimage\",\"url\":\"http:\\\/\\\/autosdelpodio.com\\\/autos\\\/wp-content\\\/uploads\\\/2020\\\/04\\\/Logo_F1_-e1621029352226.jpg\",\"contentUrl\":\"http:\\\/\\\/autosdelpodio.com\\\/autos\\\/wp-content\\\/uploads\\\/2020\\\/04\\\/Logo_F1_-e1621029352226.jpg\",\"width\":500,\"height\":278},{\"@type\":\"BreadcrumbList\",\"@id\":\"http:\\\/\\\/autosdelpodio.com\\\/autos\\\/fmax\\\/#breadcrumb\",\"itemListElement\":[{\"@type\":\"ListItem\",\"position\":1,\"name\":\"Portada\",\"item\":\"http:\\\/\\\/autosdelpodio.com\\\/autos\\\/\"},{\"@type\":\"ListItem\",\"position\":2,\"name\":\"FMax\"}]},{\"@type\":\"WebSite\",\"@id\":\"http:\\\/\\\/autosdelpodio.com\\\/autos\\\/#website\",\"url\":\"http:\\\/\\\/autosdelpodio.com\\\/autos\\\/\",\"name\":\"Autos del Podio\",\"description\":\"La sexta del deporte motor\",\"publisher\":{\"@id\":\"http:\\\/\\\/autosdelpodio.com\\\/autos\\\/#organization\"},\"potentialAction\":[{\"@type\":\"SearchAction\",\"target\":{\"@type\":\"EntryPoint\",\"urlTemplate\":\"http:\\\/\\\/autosdelpodio.com\\\/autos\\\/?s={search_term_string}\"},\"query-input\":{\"@type\":\"PropertyValueSpecification\",\"valueRequired\":true,\"valueName\":\"search_term_string\"}}],\"inLanguage\":\"es\"},{\"@type\":\"Organization\",\"@id\":\"http:\\\/\\\/autosdelpodio.com\\\/autos\\\/#organization\",\"name\":\"Autos del Podio\",\"url\":\"http:\\\/\\\/autosdelpodio.com\\\/autos\\\/\",\"logo\":{\"@type\":\"ImageObject\",\"inLanguage\":\"es\",\"@id\":\"http:\\\/\\\/autosdelpodio.com\\\/autos\\\/#\\\/schema\\\/logo\\\/image\\\/\",\"url\":\"http:\\\/\\\/autosdelpodio.com\\\/autos\\\/wp-content\\\/uploads\\\/2020\\\/08\\\/Logo_AR.jpg\",\"contentUrl\":\"http:\\\/\\\/autosdelpodio.com\\\/autos\\\/wp-content\\\/uploads\\\/2020\\\/08\\\/Logo_AR.jpg\",\"width\":1038,\"height\":1044,\"caption\":\"Autos del Podio\"},\"image\":{\"@id\":\"http:\\\/\\\/autosdelpodio.com\\\/autos\\\/#\\\/schema\\\/logo\\\/image\\\/\"},\"sameAs\":[\"https:\\\/\\\/www.facebook.com\\\/profile.php?id=100057192590976&amp;amp;amp;amp;amp;amp;amp;amp;amp;amp;amp;amp;amp;amp;amp;amp;amp;amp;ref=ts\",\"https:\\\/\\\/x.com\\\/autosdelpodio\",\"https:\\\/\\\/www.youtube.com\\\/user\\\/AutosdelPodio\"]},{\"@type\":\"Person\",\"@id\":\"http:\\\/\\\/autosdelpodio.com\\\/autos\\\/#\\\/schema\\\/person\\\/993527a4d01c3acdd3d6bce3770bc942\",\"name\":\"autosdelpodio\",\"image\":{\"@type\":\"ImageObject\",\"inLanguage\":\"es\",\"@id\":\"http:\\\/\\\/autosdelpodio.com\\\/autos\\\/wp-content\\\/litespeed\\\/avatar\\\/aa8f65cd201a80f6b844f63278aa84af.jpg?ver=1777403005\",\"url\":\"http:\\\/\\\/autosdelpodio.com\\\/autos\\\/wp-content\\\/litespeed\\\/avatar\\\/aa8f65cd201a80f6b844f63278aa84af.jpg?ver=1777403005\",\"contentUrl\":\"http:\\\/\\\/autosdelpodio.com\\\/autos\\\/wp-content\\\/litespeed\\\/avatar\\\/aa8f65cd201a80f6b844f63278aa84af.jpg?ver=1777403005\",\"caption\":\"autosdelpodio\"}}]}<\/script>\n<!-- \/ Yoast SEO plugin. -->","yoast_head_json":{"title":"Autos del Podio | FMax","description":"Autos del Podio Con 10 triunfos en serie en la Formula 1, Max Verstappen super\u00f3 el record de Sebastian Vettel","robots":{"index":"index","follow":"follow","max-snippet":"max-snippet:-1","max-image-preview":"max-image-preview:large","max-video-preview":"max-video-preview:-1"},"canonical":"http:\/\/autosdelpodio.com\/autos\/fmax\/","og_locale":"es_ES","og_type":"article","og_title":"Autos del Podio | FMax","og_description":"Autos del Podio Con 10 triunfos en serie en la Formula 1, Max Verstappen super\u00f3 el record de Sebastian Vettel","og_url":"http:\/\/autosdelpodio.com\/autos\/fmax\/","og_site_name":"Autos del Podio","article_publisher":"https:\/\/www.facebook.com\/profile.php?id=100057192590976&amp%3bamp%3bamp%3bamp%3bamp%3bamp%3bamp%3bamp%3bamp%3bamp%3bamp%3bamp%3bamp%3bamp%3bamp%3bamp%3bamp%3bamp%3bref=ts","article_published_time":"2023-09-03T16:20:07+00:00","article_modified_time":"2023-09-03T16:20:09+00:00","og_image":[{"width":500,"height":278,"url":"http:\/\/autosdelpodio.com\/autos\/wp-content\/uploads\/2020\/04\/Logo_F1_-e1621029352226.jpg","type":"image\/jpeg"}],"author":"autosdelpodio","twitter_card":"summary_large_image","twitter_creator":"@autosdelpodio","twitter_site":"@autosdelpodio","twitter_misc":{"Escrito por":"autosdelpodio","Tiempo de lectura":"2 minutos"},"schema":{"@context":"https:\/\/schema.org","@graph":[{"@type":"Article","@id":"http:\/\/autosdelpodio.com\/autos\/fmax\/#article","isPartOf":{"@id":"http:\/\/autosdelpodio.com\/autos\/fmax\/"},"author":{"name":"autosdelpodio","@id":"http:\/\/autosdelpodio.com\/autos\/#\/schema\/person\/993527a4d01c3acdd3d6bce3770bc942"},"headline":"FMax","datePublished":"2023-09-03T16:20:07+00:00","dateModified":"2023-09-03T16:20:09+00:00","mainEntityOfPage":{"@id":"http:\/\/autosdelpodio.com\/autos\/fmax\/"},"wordCount":231,"commentCount":0,"publisher":{"@id":"http:\/\/autosdelpodio.com\/autos\/#organization"},"image":{"@id":"http:\/\/autosdelpodio.com\/autos\/fmax\/#primaryimage"},"thumbnailUrl":"http:\/\/autosdelpodio.com\/autos\/wp-content\/uploads\/2020\/04\/Logo_F1_-e1621029352226.jpg","keywords":["Formula 1","GP Monza","Italia","Max Verstappen","Red Bull"],"articleSection":["Destacado","\u00daltimas noticias"],"inLanguage":"es","potentialAction":[{"@type":"CommentAction","name":"Comment","target":["http:\/\/autosdelpodio.com\/autos\/fmax\/#respond"]}]},{"@type":"WebPage","@id":"http:\/\/autosdelpodio.com\/autos\/fmax\/","url":"http:\/\/autosdelpodio.com\/autos\/fmax\/","name":"Autos del Podio | FMax","isPartOf":{"@id":"http:\/\/autosdelpodio.com\/autos\/#website"},"primaryImageOfPage":{"@id":"http:\/\/autosdelpodio.com\/autos\/fmax\/#primaryimage"},"image":{"@id":"http:\/\/autosdelpodio.com\/autos\/fmax\/#primaryimage"},"thumbnailUrl":"http:\/\/autosdelpodio.com\/autos\/wp-content\/uploads\/2020\/04\/Logo_F1_-e1621029352226.jpg","datePublished":"2023-09-03T16:20:07+00:00","dateModified":"2023-09-03T16:20:09+00:00","description":"Autos del Podio Con 10 triunfos en serie en la Formula 1, Max Verstappen super\u00f3 el record de Sebastian Vettel","breadcrumb":{"@id":"http:\/\/autosdelpodio.com\/autos\/fmax\/#breadcrumb"},"inLanguage":"es","potentialAction":[{"@type":"ReadAction","target":["http:\/\/autosdelpodio.com\/autos\/fmax\/"]}]},{"@type":"ImageObject","inLanguage":"es","@id":"http:\/\/autosdelpodio.com\/autos\/fmax\/#primaryimage","url":"http:\/\/autosdelpodio.com\/autos\/wp-content\/uploads\/2020\/04\/Logo_F1_-e1621029352226.jpg","contentUrl":"http:\/\/autosdelpodio.com\/autos\/wp-content\/uploads\/2020\/04\/Logo_F1_-e1621029352226.jpg","width":500,"height":278},{"@type":"BreadcrumbList","@id":"http:\/\/autosdelpodio.com\/autos\/fmax\/#breadcrumb","itemListElement":[{"@type":"ListItem","position":1,"name":"Portada","item":"http:\/\/autosdelpodio.com\/autos\/"},{"@type":"ListItem","position":2,"name":"FMax"}]},{"@type":"WebSite","@id":"http:\/\/autosdelpodio.com\/autos\/#website","url":"http:\/\/autosdelpodio.com\/autos\/","name":"Autos del Podio","description":"La sexta del deporte motor","publisher":{"@id":"http:\/\/autosdelpodio.com\/autos\/#organization"},"potentialAction":[{"@type":"SearchAction","target":{"@type":"EntryPoint","urlTemplate":"http:\/\/autosdelpodio.com\/autos\/?s={search_term_string}"},"query-input":{"@type":"PropertyValueSpecification","valueRequired":true,"valueName":"search_term_string"}}],"inLanguage":"es"},{"@type":"Organization","@id":"http:\/\/autosdelpodio.com\/autos\/#organization","name":"Autos del Podio","url":"http:\/\/autosdelpodio.com\/autos\/","logo":{"@type":"ImageObject","inLanguage":"es","@id":"http:\/\/autosdelpodio.com\/autos\/#\/schema\/logo\/image\/","url":"http:\/\/autosdelpodio.com\/autos\/wp-content\/uploads\/2020\/08\/Logo_AR.jpg","contentUrl":"http:\/\/autosdelpodio.com\/autos\/wp-content\/uploads\/2020\/08\/Logo_AR.jpg","width":1038,"height":1044,"caption":"Autos del Podio"},"image":{"@id":"http:\/\/autosdelpodio.com\/autos\/#\/schema\/logo\/image\/"},"sameAs":["https:\/\/www.facebook.com\/profile.php?id=100057192590976&amp;amp;amp;amp;amp;amp;amp;amp;amp;amp;amp;amp;amp;amp;amp;amp;amp;amp;ref=ts","https:\/\/x.com\/autosdelpodio","https:\/\/www.youtube.com\/user\/AutosdelPodio"]},{"@type":"Person","@id":"http:\/\/autosdelpodio.com\/autos\/#\/schema\/person\/993527a4d01c3acdd3d6bce3770bc942","name":"autosdelpodio","image":{"@type":"ImageObject","inLanguage":"es","@id":"http:\/\/autosdelpodio.com\/autos\/wp-content\/litespeed\/avatar\/aa8f65cd201a80f6b844f63278aa84af.jpg?ver=1777403005","url":"http:\/\/autosdelpodio.com\/autos\/wp-content\/litespeed\/avatar\/aa8f65cd201a80f6b844f63278aa84af.jpg?ver=1777403005","contentUrl":"http:\/\/autosdelpodio.com\/autos\/wp-content\/litespeed\/avatar\/aa8f65cd201a80f6b844f63278aa84af.jpg?ver=1777403005","caption":"autosdelpodio"}}]}},"views":348,"_links":{"self":[{"href":"http:\/\/autosdelpodio.com\/autos\/wp-json\/wp\/v2\/posts\/7133","targetHints":{"allow":["GET"]}}],"collection":[{"href":"http:\/\/autosdelpodio.com\/autos\/wp-json\/wp\/v2\/posts"}],"about":[{"href":"http:\/\/autosdelpodio.com\/autos\/wp-json\/wp\/v2\/types\/post"}],"author":[{"embeddable":true,"href":"http:\/\/autosdelpodio.com\/autos\/wp-json\/wp\/v2\/users\/3"}],"replies":[{"embeddable":true,"href":"http:\/\/autosdelpodio.com\/autos\/wp-json\/wp\/v2\/comments?post=7133"}],"version-history":[{"count":3,"href":"http:\/\/autosdelpodio.com\/autos\/wp-json\/wp\/v2\/posts\/7133\/revisions"}],"predecessor-version":[{"id":7136,"href":"http:\/\/autosdelpodio.com\/autos\/wp-json\/wp\/v2\/posts\/7133\/revisions\/7136"}],"wp:featuredmedia":[{"embeddable":true,"href":"http:\/\/autosdelpodio.com\/autos\/wp-json\/wp\/v2\/media\/1751"}],"wp:attachment":[{"href":"http:\/\/autosdelpodio.com\/autos\/wp-json\/wp\/v2\/media?parent=7133"}],"wp:term":[{"taxonomy":"category","embeddable":true,"href":"http:\/\/autosdelpodio.com\/autos\/wp-json\/wp\/v2\/categories?post=7133"},{"taxonomy":"post_tag","embeddable":true,"href":"http:\/\/autosdelpodio.com\/autos\/wp-json\/wp\/v2\/tags?post=7133"}],"curies":[{"name":"wp","href":"https:\/\/api.w.org\/{rel}","templated":true}]}}