{"id":7166,"date":"2023-09-20T21:24:56","date_gmt":"2023-09-21T00:24:56","guid":{"rendered":"http:\/\/autosdelpodio.com\/autos\/?p=7166"},"modified":"2023-09-20T21:24:58","modified_gmt":"2023-09-21T00:24:58","slug":"berta-pagani-y-el-torino-380w-y-una-visita-historica-a-santa-isabel","status":"publish","type":"post","link":"http:\/\/autosdelpodio.com\/autos\/berta-pagani-y-el-torino-380w-y-una-visita-historica-a-santa-isabel\/","title":{"rendered":"Berta, Pagani y el Torino 380W y una visita hist\u00f3rica a Santa Isabel"},"content":{"rendered":"\n<p>Este martes, la f\u00e1brica Santa Isabel de Renault fue escenario de un encuentro hist\u00f3rico al recibir la visita del hist\u00f3rico constructor integral de motores y autom\u00f3viles, Oreste Berta, junto al reconocido dise\u00f1ador y constructor de autom\u00f3viles Horacio Pagani y su Torino 380W, que volvi\u00f3 a pisar la l\u00ednea de fabricaci\u00f3n en C\u00f3rdoba.<\/p>\n\n\n\n<p>Mundialmente reconocidos por su vasta trayectoria, Horacio Pagani, considerado un pionero en el dise\u00f1o de autom\u00f3viles s\u00faper deportivos con materiales compuestos, fund\u00f3 en Italia Pagani Automobili y se destaca como uno de los argentinos m\u00e1s sobresalientes en la materia. Oreste Berta, en tanto, proyectista, desarrollista y constructor integral de motores y autom\u00f3viles de competici\u00f3n, form\u00f3 parte de las filas de IKA-Renault y lider\u00f3 la recordada Misi\u00f3n Argentina en las 84 Horas de N\u00fcrburgring.<\/p>\n\n\n\n<h5 class=\"wp-block-heading\">A pura emoci\u00f3n<\/h5>\n\n\n\n<p>En su visita, Berta y Pagani recorrieron la f\u00e1brica, recordaron an\u00e9cdotas de la \u00e9poca y las grandes haza\u00f1as del pasado que sentaron las bases de grandeza de Renault en nuestro pa\u00eds.<\/p>\n\n\n\n<p>Desde luego, las 84 Horas de N\u00fcrburgring en 1969 fueron el recuerdo principal. Berta rememor\u00f3 las horas de trabajo en F\u00e1brica Santa Isabel para dar vida a los tres Torino que aqu\u00ed se desarrollaron para viajar a Alemania, con Juan Manuel Fangio a la cabeza, y que se transformaron en parte de esta gran haza\u00f1a argentina. Al respecto, Horacio Pagani record\u00f3 que, en aquel momento, con tan solo 11 a\u00f1os, llevaba al colegio una radio y ped\u00eda salir de clases regularmente para seguir la actuaci\u00f3n de los Torino en el \u201cInfierno Verde\u201d.<\/p>\n\n\n\n<p>El punto m\u00e1s emocionante de la visita sucedi\u00f3 cuando Berta y Pagani ingresaron a la l\u00ednea de fabricaci\u00f3n a bordo del Torino 380W \u2013 mismo modelo utilizado en 1969 \u2013 que fue recientemente restaurado y que Pagani llevar\u00e1 a Italia para sumarlo a su colecci\u00f3n personal.<\/p>\n\n\n\n<p>El momento, de incalculable valor hist\u00f3rico y emocional, permiti\u00f3 que un Torino volviera a atravesar la l\u00ednea de salida de fabricaci\u00f3n en Santa Isabel luego de m\u00e1s de 40 a\u00f1os, bajo la atenta mirada de los operadores que emocionados reconocieron el hist\u00f3rico momento con aplausos y ovaci\u00f3n.<\/p>\n\n\n\n<p><em>Fuente: prensa Renault<\/em><\/p>\n","protected":false},"excerpt":{"rendered":"<p>Este martes, la f\u00e1brica Santa Isabel de Renault fue escenario de un encuentro hist\u00f3rico al recibir la visita del hist\u00f3rico<\/p>\n","protected":false},"author":3,"featured_media":7167,"comment_status":"open","ping_status":"open","sticky":false,"template":"","format":"standard","meta":{"colormag_page_container_layout":"default_layout","colormag_page_sidebar_layout":"default_layout","footnotes":""},"categories":[6,5],"tags":[772,29,261,30,56,28],"class_list":["post-7166","post","type-post","status-publish","format-standard","has-post-thumbnail","hentry","category-newsflash","category-latest-news","tag-horacio-pagani","tag-ika","tag-oreste-berta","tag-renault","tag-santa-isabel","tag-torino"],"yoast_head":"<!-- This site is optimized with the Yoast SEO plugin v27.5 - https:\/\/yoast.com\/product\/yoast-seo-wordpress\/ -->\n<title>Autos del Podio | Berta, Pagani y el Torino 380W y una visita hist\u00f3rica a Santa Isabel<\/title>\n<meta name=\"description\" content=\"Autos del Podio Santa Isabel fue escenario de un encuentro inolvidable a la fabrica que vi\u00f3 nacer al Torino\" \/>\n<meta name=\"robots\" content=\"index, follow, max-snippet:-1, max-image-preview:large, max-video-preview:-1\" \/>\n<link rel=\"canonical\" href=\"http:\/\/autosdelpodio.com\/autos\/berta-pagani-y-el-torino-380w-y-una-visita-historica-a-santa-isabel\/\" \/>\n<meta property=\"og:locale\" content=\"es_ES\" \/>\n<meta property=\"og:type\" content=\"article\" \/>\n<meta property=\"og:title\" content=\"Autos del Podio | Berta, Pagani y el Torino 380W y una visita hist\u00f3rica a Santa Isabel\" \/>\n<meta property=\"og:description\" content=\"Autos del Podio Santa Isabel fue escenario de un encuentro inolvidable a la fabrica que vi\u00f3 nacer al Torino\" \/>\n<meta property=\"og:url\" content=\"http:\/\/autosdelpodio.com\/autos\/berta-pagani-y-el-torino-380w-y-una-visita-historica-a-santa-isabel\/\" \/>\n<meta property=\"og:site_name\" content=\"Autos del Podio\" \/>\n<meta property=\"article:publisher\" content=\"https:\/\/www.facebook.com\/profile.php?id=100057192590976&amp;amp%3bamp%3bamp%3bamp%3bamp%3bamp%3bamp%3bamp%3bamp%3bamp%3bamp%3bamp%3bamp%3bamp%3bamp%3bamp%3bamp%3bamp%3bref=ts\" \/>\n<meta property=\"article:published_time\" content=\"2023-09-21T00:24:56+00:00\" \/>\n<meta property=\"article:modified_time\" content=\"2023-09-21T00:24:58+00:00\" \/>\n<meta property=\"og:image\" content=\"http:\/\/autosdelpodio.com\/autos\/wp-content\/uploads\/2023\/09\/Berta_Pagani_Torino.jpg\" \/>\n\t<meta property=\"og:image:width\" content=\"500\" \/>\n\t<meta property=\"og:image:height\" content=\"325\" \/>\n\t<meta property=\"og:image:type\" content=\"image\/jpeg\" \/>\n<meta name=\"author\" content=\"autosdelpodio\" \/>\n<meta name=\"twitter:card\" content=\"summary_large_image\" \/>\n<meta name=\"twitter:creator\" content=\"@autosdelpodio\" \/>\n<meta name=\"twitter:site\" content=\"@autosdelpodio\" \/>\n<meta name=\"twitter:label1\" content=\"Escrito por\" \/>\n\t<meta name=\"twitter:data1\" content=\"autosdelpodio\" \/>\n\t<meta name=\"twitter:label2\" content=\"Tiempo de lectura\" \/>\n\t<meta name=\"twitter:data2\" content=\"2 minutos\" \/>\n<script type=\"application\/ld+json\" class=\"yoast-schema-graph\">{\"@context\":\"https:\\\/\\\/schema.org\",\"@graph\":[{\"@type\":\"Article\",\"@id\":\"http:\\\/\\\/autosdelpodio.com\\\/autos\\\/berta-pagani-y-el-torino-380w-y-una-visita-historica-a-santa-isabel\\\/#article\",\"isPartOf\":{\"@id\":\"http:\\\/\\\/autosdelpodio.com\\\/autos\\\/berta-pagani-y-el-torino-380w-y-una-visita-historica-a-santa-isabel\\\/\"},\"author\":{\"name\":\"autosdelpodio\",\"@id\":\"http:\\\/\\\/autosdelpodio.com\\\/autos\\\/#\\\/schema\\\/person\\\/993527a4d01c3acdd3d6bce3770bc942\"},\"headline\":\"Berta, Pagani y el Torino 380W y una visita hist\u00f3rica a Santa Isabel\",\"datePublished\":\"2023-09-21T00:24:56+00:00\",\"dateModified\":\"2023-09-21T00:24:58+00:00\",\"mainEntityOfPage\":{\"@id\":\"http:\\\/\\\/autosdelpodio.com\\\/autos\\\/berta-pagani-y-el-torino-380w-y-una-visita-historica-a-santa-isabel\\\/\"},\"wordCount\":392,\"commentCount\":0,\"publisher\":{\"@id\":\"http:\\\/\\\/autosdelpodio.com\\\/autos\\\/#organization\"},\"image\":{\"@id\":\"http:\\\/\\\/autosdelpodio.com\\\/autos\\\/berta-pagani-y-el-torino-380w-y-una-visita-historica-a-santa-isabel\\\/#primaryimage\"},\"thumbnailUrl\":\"http:\\\/\\\/autosdelpodio.com\\\/autos\\\/wp-content\\\/uploads\\\/2023\\\/09\\\/Berta_Pagani_Torino.jpg\",\"keywords\":[\"Horacio Pagani\",\"IKA\",\"Oreste Berta\",\"Renault\",\"Santa Isabel\",\"Torino\"],\"articleSection\":[\"Destacado\",\"\u00daltimas noticias\"],\"inLanguage\":\"es\",\"potentialAction\":[{\"@type\":\"CommentAction\",\"name\":\"Comment\",\"target\":[\"http:\\\/\\\/autosdelpodio.com\\\/autos\\\/berta-pagani-y-el-torino-380w-y-una-visita-historica-a-santa-isabel\\\/#respond\"]}]},{\"@type\":\"WebPage\",\"@id\":\"http:\\\/\\\/autosdelpodio.com\\\/autos\\\/berta-pagani-y-el-torino-380w-y-una-visita-historica-a-santa-isabel\\\/\",\"url\":\"http:\\\/\\\/autosdelpodio.com\\\/autos\\\/berta-pagani-y-el-torino-380w-y-una-visita-historica-a-santa-isabel\\\/\",\"name\":\"Autos del Podio | Berta, Pagani y el Torino 380W y una visita hist\u00f3rica a Santa Isabel\",\"isPartOf\":{\"@id\":\"http:\\\/\\\/autosdelpodio.com\\\/autos\\\/#website\"},\"primaryImageOfPage\":{\"@id\":\"http:\\\/\\\/autosdelpodio.com\\\/autos\\\/berta-pagani-y-el-torino-380w-y-una-visita-historica-a-santa-isabel\\\/#primaryimage\"},\"image\":{\"@id\":\"http:\\\/\\\/autosdelpodio.com\\\/autos\\\/berta-pagani-y-el-torino-380w-y-una-visita-historica-a-santa-isabel\\\/#primaryimage\"},\"thumbnailUrl\":\"http:\\\/\\\/autosdelpodio.com\\\/autos\\\/wp-content\\\/uploads\\\/2023\\\/09\\\/Berta_Pagani_Torino.jpg\",\"datePublished\":\"2023-09-21T00:24:56+00:00\",\"dateModified\":\"2023-09-21T00:24:58+00:00\",\"description\":\"Autos del Podio Santa Isabel fue escenario de un encuentro inolvidable a la fabrica que vi\u00f3 nacer al Torino\",\"breadcrumb\":{\"@id\":\"http:\\\/\\\/autosdelpodio.com\\\/autos\\\/berta-pagani-y-el-torino-380w-y-una-visita-historica-a-santa-isabel\\\/#breadcrumb\"},\"inLanguage\":\"es\",\"potentialAction\":[{\"@type\":\"ReadAction\",\"target\":[\"http:\\\/\\\/autosdelpodio.com\\\/autos\\\/berta-pagani-y-el-torino-380w-y-una-visita-historica-a-santa-isabel\\\/\"]}]},{\"@type\":\"ImageObject\",\"inLanguage\":\"es\",\"@id\":\"http:\\\/\\\/autosdelpodio.com\\\/autos\\\/berta-pagani-y-el-torino-380w-y-una-visita-historica-a-santa-isabel\\\/#primaryimage\",\"url\":\"http:\\\/\\\/autosdelpodio.com\\\/autos\\\/wp-content\\\/uploads\\\/2023\\\/09\\\/Berta_Pagani_Torino.jpg\",\"contentUrl\":\"http:\\\/\\\/autosdelpodio.com\\\/autos\\\/wp-content\\\/uploads\\\/2023\\\/09\\\/Berta_Pagani_Torino.jpg\",\"width\":500,\"height\":325},{\"@type\":\"BreadcrumbList\",\"@id\":\"http:\\\/\\\/autosdelpodio.com\\\/autos\\\/berta-pagani-y-el-torino-380w-y-una-visita-historica-a-santa-isabel\\\/#breadcrumb\",\"itemListElement\":[{\"@type\":\"ListItem\",\"position\":1,\"name\":\"Portada\",\"item\":\"http:\\\/\\\/autosdelpodio.com\\\/autos\\\/\"},{\"@type\":\"ListItem\",\"position\":2,\"name\":\"Berta, Pagani y el Torino 380W y una visita hist\u00f3rica a Santa Isabel\"}]},{\"@type\":\"WebSite\",\"@id\":\"http:\\\/\\\/autosdelpodio.com\\\/autos\\\/#website\",\"url\":\"http:\\\/\\\/autosdelpodio.com\\\/autos\\\/\",\"name\":\"Autos del Podio\",\"description\":\"La sexta del deporte motor\",\"publisher\":{\"@id\":\"http:\\\/\\\/autosdelpodio.com\\\/autos\\\/#organization\"},\"potentialAction\":[{\"@type\":\"SearchAction\",\"target\":{\"@type\":\"EntryPoint\",\"urlTemplate\":\"http:\\\/\\\/autosdelpodio.com\\\/autos\\\/?s={search_term_string}\"},\"query-input\":{\"@type\":\"PropertyValueSpecification\",\"valueRequired\":true,\"valueName\":\"search_term_string\"}}],\"inLanguage\":\"es\"},{\"@type\":\"Organization\",\"@id\":\"http:\\\/\\\/autosdelpodio.com\\\/autos\\\/#organization\",\"name\":\"Autos del Podio\",\"url\":\"http:\\\/\\\/autosdelpodio.com\\\/autos\\\/\",\"logo\":{\"@type\":\"ImageObject\",\"inLanguage\":\"es\",\"@id\":\"http:\\\/\\\/autosdelpodio.com\\\/autos\\\/#\\\/schema\\\/logo\\\/image\\\/\",\"url\":\"http:\\\/\\\/autosdelpodio.com\\\/autos\\\/wp-content\\\/uploads\\\/2020\\\/08\\\/Logo_AR.jpg\",\"contentUrl\":\"http:\\\/\\\/autosdelpodio.com\\\/autos\\\/wp-content\\\/uploads\\\/2020\\\/08\\\/Logo_AR.jpg\",\"width\":1038,\"height\":1044,\"caption\":\"Autos del Podio\"},\"image\":{\"@id\":\"http:\\\/\\\/autosdelpodio.com\\\/autos\\\/#\\\/schema\\\/logo\\\/image\\\/\"},\"sameAs\":[\"https:\\\/\\\/www.facebook.com\\\/profile.php?id=100057192590976&amp;amp;amp;amp;amp;amp;amp;amp;amp;amp;amp;amp;amp;amp;amp;amp;amp;amp;ref=ts\",\"https:\\\/\\\/x.com\\\/autosdelpodio\",\"https:\\\/\\\/www.youtube.com\\\/user\\\/AutosdelPodio\"]},{\"@type\":\"Person\",\"@id\":\"http:\\\/\\\/autosdelpodio.com\\\/autos\\\/#\\\/schema\\\/person\\\/993527a4d01c3acdd3d6bce3770bc942\",\"name\":\"autosdelpodio\",\"image\":{\"@type\":\"ImageObject\",\"inLanguage\":\"es\",\"@id\":\"http:\\\/\\\/autosdelpodio.com\\\/autos\\\/wp-content\\\/litespeed\\\/avatar\\\/aa8f65cd201a80f6b844f63278aa84af.jpg?ver=1777403005\",\"url\":\"http:\\\/\\\/autosdelpodio.com\\\/autos\\\/wp-content\\\/litespeed\\\/avatar\\\/aa8f65cd201a80f6b844f63278aa84af.jpg?ver=1777403005\",\"contentUrl\":\"http:\\\/\\\/autosdelpodio.com\\\/autos\\\/wp-content\\\/litespeed\\\/avatar\\\/aa8f65cd201a80f6b844f63278aa84af.jpg?ver=1777403005\",\"caption\":\"autosdelpodio\"}}]}<\/script>\n<!-- \/ Yoast SEO plugin. -->","yoast_head_json":{"title":"Autos del Podio | Berta, Pagani y el Torino 380W y una visita hist\u00f3rica a Santa Isabel","description":"Autos del Podio Santa Isabel fue escenario de un encuentro inolvidable a la fabrica que vi\u00f3 nacer al Torino","robots":{"index":"index","follow":"follow","max-snippet":"max-snippet:-1","max-image-preview":"max-image-preview:large","max-video-preview":"max-video-preview:-1"},"canonical":"http:\/\/autosdelpodio.com\/autos\/berta-pagani-y-el-torino-380w-y-una-visita-historica-a-santa-isabel\/","og_locale":"es_ES","og_type":"article","og_title":"Autos del Podio | Berta, Pagani y el Torino 380W y una visita hist\u00f3rica a Santa Isabel","og_description":"Autos del Podio Santa Isabel fue escenario de un encuentro inolvidable a la fabrica que vi\u00f3 nacer al Torino","og_url":"http:\/\/autosdelpodio.com\/autos\/berta-pagani-y-el-torino-380w-y-una-visita-historica-a-santa-isabel\/","og_site_name":"Autos del Podio","article_publisher":"https:\/\/www.facebook.com\/profile.php?id=100057192590976&amp%3bamp%3bamp%3bamp%3bamp%3bamp%3bamp%3bamp%3bamp%3bamp%3bamp%3bamp%3bamp%3bamp%3bamp%3bamp%3bamp%3bamp%3bref=ts","article_published_time":"2023-09-21T00:24:56+00:00","article_modified_time":"2023-09-21T00:24:58+00:00","og_image":[{"width":500,"height":325,"url":"http:\/\/autosdelpodio.com\/autos\/wp-content\/uploads\/2023\/09\/Berta_Pagani_Torino.jpg","type":"image\/jpeg"}],"author":"autosdelpodio","twitter_card":"summary_large_image","twitter_creator":"@autosdelpodio","twitter_site":"@autosdelpodio","twitter_misc":{"Escrito por":"autosdelpodio","Tiempo de lectura":"2 minutos"},"schema":{"@context":"https:\/\/schema.org","@graph":[{"@type":"Article","@id":"http:\/\/autosdelpodio.com\/autos\/berta-pagani-y-el-torino-380w-y-una-visita-historica-a-santa-isabel\/#article","isPartOf":{"@id":"http:\/\/autosdelpodio.com\/autos\/berta-pagani-y-el-torino-380w-y-una-visita-historica-a-santa-isabel\/"},"author":{"name":"autosdelpodio","@id":"http:\/\/autosdelpodio.com\/autos\/#\/schema\/person\/993527a4d01c3acdd3d6bce3770bc942"},"headline":"Berta, Pagani y el Torino 380W y una visita hist\u00f3rica a Santa Isabel","datePublished":"2023-09-21T00:24:56+00:00","dateModified":"2023-09-21T00:24:58+00:00","mainEntityOfPage":{"@id":"http:\/\/autosdelpodio.com\/autos\/berta-pagani-y-el-torino-380w-y-una-visita-historica-a-santa-isabel\/"},"wordCount":392,"commentCount":0,"publisher":{"@id":"http:\/\/autosdelpodio.com\/autos\/#organization"},"image":{"@id":"http:\/\/autosdelpodio.com\/autos\/berta-pagani-y-el-torino-380w-y-una-visita-historica-a-santa-isabel\/#primaryimage"},"thumbnailUrl":"http:\/\/autosdelpodio.com\/autos\/wp-content\/uploads\/2023\/09\/Berta_Pagani_Torino.jpg","keywords":["Horacio Pagani","IKA","Oreste Berta","Renault","Santa Isabel","Torino"],"articleSection":["Destacado","\u00daltimas noticias"],"inLanguage":"es","potentialAction":[{"@type":"CommentAction","name":"Comment","target":["http:\/\/autosdelpodio.com\/autos\/berta-pagani-y-el-torino-380w-y-una-visita-historica-a-santa-isabel\/#respond"]}]},{"@type":"WebPage","@id":"http:\/\/autosdelpodio.com\/autos\/berta-pagani-y-el-torino-380w-y-una-visita-historica-a-santa-isabel\/","url":"http:\/\/autosdelpodio.com\/autos\/berta-pagani-y-el-torino-380w-y-una-visita-historica-a-santa-isabel\/","name":"Autos del Podio | Berta, Pagani y el Torino 380W y una visita hist\u00f3rica a Santa Isabel","isPartOf":{"@id":"http:\/\/autosdelpodio.com\/autos\/#website"},"primaryImageOfPage":{"@id":"http:\/\/autosdelpodio.com\/autos\/berta-pagani-y-el-torino-380w-y-una-visita-historica-a-santa-isabel\/#primaryimage"},"image":{"@id":"http:\/\/autosdelpodio.com\/autos\/berta-pagani-y-el-torino-380w-y-una-visita-historica-a-santa-isabel\/#primaryimage"},"thumbnailUrl":"http:\/\/autosdelpodio.com\/autos\/wp-content\/uploads\/2023\/09\/Berta_Pagani_Torino.jpg","datePublished":"2023-09-21T00:24:56+00:00","dateModified":"2023-09-21T00:24:58+00:00","description":"Autos del Podio Santa Isabel fue escenario de un encuentro inolvidable a la fabrica que vi\u00f3 nacer al Torino","breadcrumb":{"@id":"http:\/\/autosdelpodio.com\/autos\/berta-pagani-y-el-torino-380w-y-una-visita-historica-a-santa-isabel\/#breadcrumb"},"inLanguage":"es","potentialAction":[{"@type":"ReadAction","target":["http:\/\/autosdelpodio.com\/autos\/berta-pagani-y-el-torino-380w-y-una-visita-historica-a-santa-isabel\/"]}]},{"@type":"ImageObject","inLanguage":"es","@id":"http:\/\/autosdelpodio.com\/autos\/berta-pagani-y-el-torino-380w-y-una-visita-historica-a-santa-isabel\/#primaryimage","url":"http:\/\/autosdelpodio.com\/autos\/wp-content\/uploads\/2023\/09\/Berta_Pagani_Torino.jpg","contentUrl":"http:\/\/autosdelpodio.com\/autos\/wp-content\/uploads\/2023\/09\/Berta_Pagani_Torino.jpg","width":500,"height":325},{"@type":"BreadcrumbList","@id":"http:\/\/autosdelpodio.com\/autos\/berta-pagani-y-el-torino-380w-y-una-visita-historica-a-santa-isabel\/#breadcrumb","itemListElement":[{"@type":"ListItem","position":1,"name":"Portada","item":"http:\/\/autosdelpodio.com\/autos\/"},{"@type":"ListItem","position":2,"name":"Berta, Pagani y el Torino 380W y una visita hist\u00f3rica a Santa Isabel"}]},{"@type":"WebSite","@id":"http:\/\/autosdelpodio.com\/autos\/#website","url":"http:\/\/autosdelpodio.com\/autos\/","name":"Autos del Podio","description":"La sexta del deporte motor","publisher":{"@id":"http:\/\/autosdelpodio.com\/autos\/#organization"},"potentialAction":[{"@type":"SearchAction","target":{"@type":"EntryPoint","urlTemplate":"http:\/\/autosdelpodio.com\/autos\/?s={search_term_string}"},"query-input":{"@type":"PropertyValueSpecification","valueRequired":true,"valueName":"search_term_string"}}],"inLanguage":"es"},{"@type":"Organization","@id":"http:\/\/autosdelpodio.com\/autos\/#organization","name":"Autos del Podio","url":"http:\/\/autosdelpodio.com\/autos\/","logo":{"@type":"ImageObject","inLanguage":"es","@id":"http:\/\/autosdelpodio.com\/autos\/#\/schema\/logo\/image\/","url":"http:\/\/autosdelpodio.com\/autos\/wp-content\/uploads\/2020\/08\/Logo_AR.jpg","contentUrl":"http:\/\/autosdelpodio.com\/autos\/wp-content\/uploads\/2020\/08\/Logo_AR.jpg","width":1038,"height":1044,"caption":"Autos del Podio"},"image":{"@id":"http:\/\/autosdelpodio.com\/autos\/#\/schema\/logo\/image\/"},"sameAs":["https:\/\/www.facebook.com\/profile.php?id=100057192590976&amp;amp;amp;amp;amp;amp;amp;amp;amp;amp;amp;amp;amp;amp;amp;amp;amp;amp;ref=ts","https:\/\/x.com\/autosdelpodio","https:\/\/www.youtube.com\/user\/AutosdelPodio"]},{"@type":"Person","@id":"http:\/\/autosdelpodio.com\/autos\/#\/schema\/person\/993527a4d01c3acdd3d6bce3770bc942","name":"autosdelpodio","image":{"@type":"ImageObject","inLanguage":"es","@id":"http:\/\/autosdelpodio.com\/autos\/wp-content\/litespeed\/avatar\/aa8f65cd201a80f6b844f63278aa84af.jpg?ver=1777403005","url":"http:\/\/autosdelpodio.com\/autos\/wp-content\/litespeed\/avatar\/aa8f65cd201a80f6b844f63278aa84af.jpg?ver=1777403005","contentUrl":"http:\/\/autosdelpodio.com\/autos\/wp-content\/litespeed\/avatar\/aa8f65cd201a80f6b844f63278aa84af.jpg?ver=1777403005","caption":"autosdelpodio"}}]}},"views":605,"_links":{"self":[{"href":"http:\/\/autosdelpodio.com\/autos\/wp-json\/wp\/v2\/posts\/7166","targetHints":{"allow":["GET"]}}],"collection":[{"href":"http:\/\/autosdelpodio.com\/autos\/wp-json\/wp\/v2\/posts"}],"about":[{"href":"http:\/\/autosdelpodio.com\/autos\/wp-json\/wp\/v2\/types\/post"}],"author":[{"embeddable":true,"href":"http:\/\/autosdelpodio.com\/autos\/wp-json\/wp\/v2\/users\/3"}],"replies":[{"embeddable":true,"href":"http:\/\/autosdelpodio.com\/autos\/wp-json\/wp\/v2\/comments?post=7166"}],"version-history":[{"count":1,"href":"http:\/\/autosdelpodio.com\/autos\/wp-json\/wp\/v2\/posts\/7166\/revisions"}],"predecessor-version":[{"id":7168,"href":"http:\/\/autosdelpodio.com\/autos\/wp-json\/wp\/v2\/posts\/7166\/revisions\/7168"}],"wp:featuredmedia":[{"embeddable":true,"href":"http:\/\/autosdelpodio.com\/autos\/wp-json\/wp\/v2\/media\/7167"}],"wp:attachment":[{"href":"http:\/\/autosdelpodio.com\/autos\/wp-json\/wp\/v2\/media?parent=7166"}],"wp:term":[{"taxonomy":"category","embeddable":true,"href":"http:\/\/autosdelpodio.com\/autos\/wp-json\/wp\/v2\/categories?post=7166"},{"taxonomy":"post_tag","embeddable":true,"href":"http:\/\/autosdelpodio.com\/autos\/wp-json\/wp\/v2\/tags?post=7166"}],"curies":[{"name":"wp","href":"https:\/\/api.w.org\/{rel}","templated":true}]}}