{"id":718,"date":"2013-04-07T14:46:50","date_gmt":"2013-04-07T14:46:50","guid":{"rendered":"http:\/\/autosdelpodio.com\/autos\/2013\/04\/07\/renault-anuncia-el-lanzamiento-en-el-mercado-argentino-de-media-nav-la-primera-pantalla-tactil-que-combina-gps-con-telefono-usb-bluetooth-y-radio-cd\/"},"modified":"2013-04-07T14:46:50","modified_gmt":"2013-04-07T14:46:50","slug":"renault-anuncia-el-lanzamiento-en-el-mercado-argentino-de-media-nav-la-primera-pantalla-tactil-que-combina-gps-con-telefono-usb-bluetooth-y-radio-cd","status":"publish","type":"post","link":"http:\/\/autosdelpodio.com\/autos\/renault-anuncia-el-lanzamiento-en-el-mercado-argentino-de-media-nav-la-primera-pantalla-tactil-que-combina-gps-con-telefono-usb-bluetooth-y-radio-cd\/","title":{"rendered":"Renault anuncia el lanzamiento en el mercado argentino de Media Nav, la primera pantalla t\u00e1ctil que combina GPS con tel\u00e9fono, USB, Bluetooth y radio CD."},"content":{"rendered":"<\/p>\n<p><span style=\"text-align: justify; line-height: 1.3em;\">Con esta innovaci\u00f3n, Renault se convierte en l\u00edder en sistemas integrados de navegaci\u00f3n y en la \u00fanica marca que ofrece GPS integrado t\u00e1ctil en el segmento B a un precio accesible de 1500 pesos adicionales y garant\u00eda de 3 a\u00f1os.<\/span><\/p>\n<p style=\"text-align: justify;\">Disponible en Sandero, Sandero Stepway y tambi\u00e9n en Duster.<\/p>\n<p>  <!--more-->  <\/p>\n<p><span style=\"line-height: 1.3em; text-align: justify;\">Dos valores clave distinguen el sistema Media Nav:<\/span><\/p>\n<p style=\"text-align: justify;\"><span style=\"line-height: 1.3em;\"><strong>Tecnolog\u00eda: <\/strong>una pantalla t\u00e1ctil, amigable e intuitiva que incorpora GPS, manteniendo el comando satelital bajo volante.<\/span><\/p>\n<p style=\"text-align: justify;\"><strong style=\"line-height: 1.3em;\">Accesibilidad:<\/strong><span style=\"line-height: 1.3em;\"> el precio es altamente competitivo: con s\u00f3lo $ 1.500 adicionales Renault \u00a0 ofrece Media Nav en los veh\u00edculos del segmento con mayor volumen del mercado. <\/span><\/p>\n<p style=\"text-align: justify;\"><span style=\"line-height: 1.3em;\"> <\/span><span style=\"line-height: 1.3em;\">De esta manera, Renault se posiciona como la primera marca que ofrece pantalla t\u00e1ctil y GPS en los modelos del segmento B Hatch (Sandero), B SUV (Sandero Stepway) y tambi\u00e9n en el segmento C SUV (Duster).<\/span><\/p>\n<p style=\"text-align: justify;\"><span style=\"line-height: 1.3em;\">Una vez m\u00e1s Renault pone la innovaci\u00f3n tecnol\u00f3gica al alcance de cada vez m\u00e1s personas. As\u00ed, a partir de hoy Media Nav se incorpora como equipamiento de serie en Sandero Privil\u00e8ge, Sandero Stepway Privil\u00e8ge y Duster Luxe, tanto en la versi\u00f3n 4&#215;2 como 4&#215;4.<\/span><\/p>\n<p style=\"text-align: justify;\"><span style=\"line-height: 1.3em;\">Media Nav: m\u00e1s pr\u00e1ctico y sencillo para la vida cotidiana<\/span><\/p>\n<p style=\"text-align: justify;\">Con una pantalla t\u00e1ctil de 7 pulgadas integrada al tablero, se destacan 5 funcionalidades:<\/p>\n<p style=\"text-align: justify;\"><strong><span style=\"line-height: 1.3em;\">\u00d8<\/span><span style=\"line-height: 1.3em; white-space: pre;\"> <\/span><span style=\"line-height: 1.3em;\">Navegaci\u00f3n\/Mapa: <\/span><\/strong><\/p>\n<p style=\"text-align: justify;\">Media Nav ofrece una navegaci\u00f3n confiable y precisa, gracias al trabajo en conjunto de empresas mundialmente reconocidas: Navteq, uno de los principales proveedores de datos cartogr\u00e1ficos digitales, y LG, l\u00edder mundial de sistemas electr\u00f3nicos, de informaci\u00f3n y telecomunicaciones.<\/p>\n<p style=\"text-align: justify;\"><strong>Esta funci\u00f3n permite: <\/strong><\/p>\n<p style=\"text-align: justify;\">\u2022<span style=\"white-space: pre;\"> <\/span>Marcado de direcci\u00f3n con reconocimiento predictivo<\/p>\n<p style=\"text-align: justify;\">\u2022<span style=\"white-space: pre;\"> <\/span>B\u00fasqueda en mapa<\/p>\n<p style=\"text-align: justify;\">\u2022<span style=\"white-space: pre;\"> <\/span>Selecci\u00f3n de puntos de inter\u00e9s<\/p>\n<p style=\"text-align: justify;\">\u2022<span style=\"white-space: pre;\"> <\/span>Visualizaci\u00f3n de historial de destinos buscados<\/p>\n<p style=\"text-align: justify;\">\u2022<span style=\"white-space: pre;\"> <\/span>Programaci\u00f3n de destinos favoritos, con nombres personalizables<\/p>\n<p style=\"text-align: justify;\">\u2022<span style=\"white-space: pre;\"> <\/span>Personalizaci\u00f3n del sistema: vista 2D \/ 3D, nivel de intensidad del brillo, idioma, opciones de voz del guiado, nivel de zoom del mapa<\/p>\n<p style=\"text-align: justify;\">\u2022<span style=\"white-space: pre;\"> <\/span>Visualizaci\u00f3n de sat\u00e9lites disponibles.<\/p>\n<p style=\"text-align: justify;\"><strong><span style=\"line-height: 1.3em;\">\u00d8<\/span><span style=\"line-height: 1.3em; white-space: pre;\"> <\/span><span style=\"line-height: 1.3em;\">Tel\u00e9fono:<\/span><\/strong><\/p>\n<p style=\"text-align: justify;\">\u2022<span style=\"white-space: pre;\"> <\/span>Conexi\u00f3n por Bluetooth<\/p>\n<p style=\"text-align: justify;\">\u2022<span style=\"white-space: pre;\"> <\/span>Descarga de agenda de contactos<\/p>\n<p style=\"text-align: justify;\">\u2022<span style=\"white-space: pre;\"> <\/span>Discado de n\u00fameros en la pantalla t\u00e1ctil con reconocimiento autom\u00e1tico del nombre del contacto<\/p>\n<p style=\"text-align: justify;\">\u2022<span style=\"white-space: pre;\"> <\/span>Registro de las \u00faltimas llamadas (recibidas, realizadas y perdidas).<\/p>\n<p style=\"text-align: justify;\">\u2022<span style=\"white-space: pre;\"> <\/span>Utilizaci\u00f3n de comando satelital para atender o cortar un llamado y regulaci\u00f3n del volumen.<\/p>\n<p style=\"text-align: justify;\"><strong><span style=\"line-height: 1.3em;\">\u00d8<\/span><span style=\"line-height: 1.3em; white-space: pre;\"> <\/span><span style=\"line-height: 1.3em;\">Multimedia: <\/span><\/strong><\/p>\n<p style=\"text-align: justify;\">\u2022<span style=\"white-space: pre;\"> <\/span>Audiostreaming: reproducci\u00f3n de m\u00fasica desde el tel\u00e9fono por Bluetooth\u00ae.<\/p>\n<p style=\"text-align: justify;\">\u2022<span style=\"white-space: pre;\"> <\/span>USB: visualizaci\u00f3n del tiempo de reproducci\u00f3n, de la foto y del nombre del \u00e1lbum. Navegaci\u00f3n (por carpeta, artista, pista) con pantalla t\u00e1ctil.<\/p>\n<p style=\"text-align: justify;\">\u2022<span style=\"white-space: pre;\"> <\/span>Conexi\u00f3n de IPod\u00ae + AUX.<\/p>\n<p style=\"text-align: justify;\">\u2022<span style=\"white-space: pre;\"> <\/span>Utilizaci\u00f3n de comando satelital para seleccionar la pista de reproducci\u00f3n y regulaci\u00f3n del volumen.<\/p>\n<p style=\"text-align: justify;\"><strong><span style=\"line-height: 1.3em;\">\u00d8<\/span><span style=\"line-height: 1.3em; white-space: pre;\"> <\/span><span style=\"line-height: 1.3em;\">Radio: <\/span><\/strong><\/p>\n<p style=\"text-align: justify;\">\u2022<span style=\"white-space: pre;\"> <\/span>Buscar frecuencias por medio de la pantalla t\u00e1ctil.<\/p>\n<p style=\"text-align: justify;\">\u2022<span style=\"white-space: pre;\"> <\/span>Mostrar la lista de estaciones.<\/p>\n<p style=\"text-align: justify;\">\u2022<span style=\"white-space: pre;\"> <\/span>Cambiar de FM a AM.<\/p>\n<p style=\"text-align: justify;\">\u2022<span style=\"white-space: pre;\"> <\/span>Memorizar hasta 12 estaciones por banda (FM\/AM).<\/p>\n<p style=\"text-align: justify;\">\u2022<span style=\"white-space: pre;\"> <\/span>Sistema RDS de reconocimiento de la radio.<\/p>\n<p style=\"text-align: justify;\">\u2022<span style=\"white-space: pre;\"> <\/span>Utilizaci\u00f3n de comando satelital para seleccionar estaci\u00f3n y regulaci\u00f3n del volumen.<\/p>\n<p style=\"text-align: justify;\"><strong><span style=\"line-height: 1.3em;\">\u00d8<\/span><span style=\"line-height: 1.3em; white-space: pre;\"> <\/span><\/strong><span style=\"line-height: 1.3em;\"><strong>Ajustes:<\/strong> <\/span><\/p>\n<p style=\"text-align: justify;\">Se trata de la configuraci\u00f3n general del sistema, donde se podr\u00e1 seleccionar, entre otras cosas:<\/p>\n<p style=\"text-align: justify;\">\u2022<span style=\"white-space: pre;\"> <\/span>Distribuci\u00f3n del sonido dentro del habit\u00e1culo, de manera amigable<\/p>\n<p style=\"text-align: justify;\">\u2022<span style=\"white-space: pre;\"> <\/span>Personalizaci\u00f3n de audio (graves, agudos, etc).<\/p>\n<p style=\"text-align: justify;\">\u2022<span style=\"white-space: pre;\"> <\/span>Selecci\u00f3n del lenguaje del sistema, entre los 13 idiomas disponibles.<\/p>\n<p>\u00a0<\/p>\n","protected":false},"excerpt":{"rendered":"<p>Con esta innovaci\u00f3n, Renault se convierte en l\u00edder en sistemas integrados de navegaci\u00f3n y en la \u00fanica marca que ofrece<\/p>\n","protected":false},"author":1,"featured_media":717,"comment_status":"open","ping_status":"open","sticky":false,"template":"","format":"standard","meta":{"colormag_page_container_layout":"default_layout","colormag_page_sidebar_layout":"default_layout","footnotes":""},"categories":[5],"tags":[],"class_list":["post-718","post","type-post","status-publish","format-standard","has-post-thumbnail","hentry","category-latest-news"],"yoast_head":"<!-- This site is optimized with the Yoast SEO plugin v27.5 - https:\/\/yoast.com\/product\/yoast-seo-wordpress\/ -->\n<title>Autos del Podio | Renault anuncia el lanzamiento en el mercado argentino de Media Nav, la primera pantalla t\u00e1ctil que combina GPS con tel\u00e9fono, USB, Bluetooth y radio CD.<\/title>\n<meta name=\"description\" content=\"Autos del Podio\" \/>\n<meta name=\"robots\" content=\"index, follow, max-snippet:-1, max-image-preview:large, max-video-preview:-1\" \/>\n<link rel=\"canonical\" href=\"http:\/\/autosdelpodio.com\/autos\/renault-anuncia-el-lanzamiento-en-el-mercado-argentino-de-media-nav-la-primera-pantalla-tactil-que-combina-gps-con-telefono-usb-bluetooth-y-radio-cd\/\" \/>\n<meta property=\"og:locale\" content=\"es_ES\" \/>\n<meta property=\"og:type\" content=\"article\" \/>\n<meta property=\"og:title\" content=\"Autos del Podio | Renault anuncia el lanzamiento en el mercado argentino de Media Nav, la primera pantalla t\u00e1ctil que combina GPS con tel\u00e9fono, USB, Bluetooth y radio CD.\" \/>\n<meta property=\"og:description\" content=\"Autos del Podio\" \/>\n<meta property=\"og:url\" content=\"http:\/\/autosdelpodio.com\/autos\/renault-anuncia-el-lanzamiento-en-el-mercado-argentino-de-media-nav-la-primera-pantalla-tactil-que-combina-gps-con-telefono-usb-bluetooth-y-radio-cd\/\" \/>\n<meta property=\"og:site_name\" content=\"Autos del Podio\" \/>\n<meta property=\"article:publisher\" content=\"https:\/\/www.facebook.com\/profile.php?id=100057192590976&amp;amp%3bamp%3bamp%3bamp%3bamp%3bamp%3bamp%3bamp%3bamp%3bamp%3bamp%3bamp%3bamp%3bamp%3bamp%3bamp%3bamp%3bamp%3bref=ts\" \/>\n<meta property=\"article:published_time\" content=\"2013-04-07T14:46:50+00:00\" \/>\n<meta property=\"og:image\" content=\"http:\/\/autosdelpodio.com\/autos\/wp-content\/uploads\/2013\/04\/media-nav_renault.jpg\" \/>\n\t<meta property=\"og:image:width\" content=\"1945\" \/>\n\t<meta property=\"og:image:height\" content=\"1269\" \/>\n\t<meta property=\"og:image:type\" content=\"image\/jpeg\" \/>\n<meta name=\"author\" content=\"wi022230\" \/>\n<meta name=\"twitter:card\" content=\"summary_large_image\" \/>\n<meta name=\"twitter:creator\" content=\"@autosdelpodio\" \/>\n<meta name=\"twitter:site\" content=\"@autosdelpodio\" \/>\n<meta name=\"twitter:label1\" content=\"Escrito por\" \/>\n\t<meta name=\"twitter:data1\" content=\"wi022230\" \/>\n\t<meta name=\"twitter:label2\" content=\"Tiempo de lectura\" \/>\n\t<meta name=\"twitter:data2\" content=\"3 minutos\" \/>\n<script type=\"application\/ld+json\" class=\"yoast-schema-graph\">{\"@context\":\"https:\\\/\\\/schema.org\",\"@graph\":[{\"@type\":\"Article\",\"@id\":\"http:\\\/\\\/autosdelpodio.com\\\/autos\\\/renault-anuncia-el-lanzamiento-en-el-mercado-argentino-de-media-nav-la-primera-pantalla-tactil-que-combina-gps-con-telefono-usb-bluetooth-y-radio-cd\\\/#article\",\"isPartOf\":{\"@id\":\"http:\\\/\\\/autosdelpodio.com\\\/autos\\\/renault-anuncia-el-lanzamiento-en-el-mercado-argentino-de-media-nav-la-primera-pantalla-tactil-que-combina-gps-con-telefono-usb-bluetooth-y-radio-cd\\\/\"},\"author\":{\"name\":\"wi022230\",\"@id\":\"http:\\\/\\\/autosdelpodio.com\\\/autos\\\/#\\\/schema\\\/person\\\/e88353cabf768863fdf874e30120f3ba\"},\"headline\":\"Renault anuncia el lanzamiento en el mercado argentino de Media Nav, la primera pantalla t\u00e1ctil que combina GPS con tel\u00e9fono, USB, Bluetooth y radio CD.\",\"datePublished\":\"2013-04-07T14:46:50+00:00\",\"mainEntityOfPage\":{\"@id\":\"http:\\\/\\\/autosdelpodio.com\\\/autos\\\/renault-anuncia-el-lanzamiento-en-el-mercado-argentino-de-media-nav-la-primera-pantalla-tactil-que-combina-gps-con-telefono-usb-bluetooth-y-radio-cd\\\/\"},\"wordCount\":565,\"commentCount\":0,\"publisher\":{\"@id\":\"http:\\\/\\\/autosdelpodio.com\\\/autos\\\/#organization\"},\"image\":{\"@id\":\"http:\\\/\\\/autosdelpodio.com\\\/autos\\\/renault-anuncia-el-lanzamiento-en-el-mercado-argentino-de-media-nav-la-primera-pantalla-tactil-que-combina-gps-con-telefono-usb-bluetooth-y-radio-cd\\\/#primaryimage\"},\"thumbnailUrl\":\"http:\\\/\\\/autosdelpodio.com\\\/autos\\\/wp-content\\\/uploads\\\/2013\\\/04\\\/media-nav_renault.jpg\",\"articleSection\":[\"\u00daltimas noticias\"],\"inLanguage\":\"es\",\"potentialAction\":[{\"@type\":\"CommentAction\",\"name\":\"Comment\",\"target\":[\"http:\\\/\\\/autosdelpodio.com\\\/autos\\\/renault-anuncia-el-lanzamiento-en-el-mercado-argentino-de-media-nav-la-primera-pantalla-tactil-que-combina-gps-con-telefono-usb-bluetooth-y-radio-cd\\\/#respond\"]}]},{\"@type\":\"WebPage\",\"@id\":\"http:\\\/\\\/autosdelpodio.com\\\/autos\\\/renault-anuncia-el-lanzamiento-en-el-mercado-argentino-de-media-nav-la-primera-pantalla-tactil-que-combina-gps-con-telefono-usb-bluetooth-y-radio-cd\\\/\",\"url\":\"http:\\\/\\\/autosdelpodio.com\\\/autos\\\/renault-anuncia-el-lanzamiento-en-el-mercado-argentino-de-media-nav-la-primera-pantalla-tactil-que-combina-gps-con-telefono-usb-bluetooth-y-radio-cd\\\/\",\"name\":\"Autos del Podio | Renault anuncia el lanzamiento en el mercado argentino de Media Nav, la primera pantalla t\u00e1ctil que combina GPS con tel\u00e9fono, USB, Bluetooth y radio CD.\",\"isPartOf\":{\"@id\":\"http:\\\/\\\/autosdelpodio.com\\\/autos\\\/#website\"},\"primaryImageOfPage\":{\"@id\":\"http:\\\/\\\/autosdelpodio.com\\\/autos\\\/renault-anuncia-el-lanzamiento-en-el-mercado-argentino-de-media-nav-la-primera-pantalla-tactil-que-combina-gps-con-telefono-usb-bluetooth-y-radio-cd\\\/#primaryimage\"},\"image\":{\"@id\":\"http:\\\/\\\/autosdelpodio.com\\\/autos\\\/renault-anuncia-el-lanzamiento-en-el-mercado-argentino-de-media-nav-la-primera-pantalla-tactil-que-combina-gps-con-telefono-usb-bluetooth-y-radio-cd\\\/#primaryimage\"},\"thumbnailUrl\":\"http:\\\/\\\/autosdelpodio.com\\\/autos\\\/wp-content\\\/uploads\\\/2013\\\/04\\\/media-nav_renault.jpg\",\"datePublished\":\"2013-04-07T14:46:50+00:00\",\"description\":\"Autos del Podio\",\"breadcrumb\":{\"@id\":\"http:\\\/\\\/autosdelpodio.com\\\/autos\\\/renault-anuncia-el-lanzamiento-en-el-mercado-argentino-de-media-nav-la-primera-pantalla-tactil-que-combina-gps-con-telefono-usb-bluetooth-y-radio-cd\\\/#breadcrumb\"},\"inLanguage\":\"es\",\"potentialAction\":[{\"@type\":\"ReadAction\",\"target\":[\"http:\\\/\\\/autosdelpodio.com\\\/autos\\\/renault-anuncia-el-lanzamiento-en-el-mercado-argentino-de-media-nav-la-primera-pantalla-tactil-que-combina-gps-con-telefono-usb-bluetooth-y-radio-cd\\\/\"]}]},{\"@type\":\"ImageObject\",\"inLanguage\":\"es\",\"@id\":\"http:\\\/\\\/autosdelpodio.com\\\/autos\\\/renault-anuncia-el-lanzamiento-en-el-mercado-argentino-de-media-nav-la-primera-pantalla-tactil-que-combina-gps-con-telefono-usb-bluetooth-y-radio-cd\\\/#primaryimage\",\"url\":\"http:\\\/\\\/autosdelpodio.com\\\/autos\\\/wp-content\\\/uploads\\\/2013\\\/04\\\/media-nav_renault.jpg\",\"contentUrl\":\"http:\\\/\\\/autosdelpodio.com\\\/autos\\\/wp-content\\\/uploads\\\/2013\\\/04\\\/media-nav_renault.jpg\",\"width\":1945,\"height\":1269},{\"@type\":\"BreadcrumbList\",\"@id\":\"http:\\\/\\\/autosdelpodio.com\\\/autos\\\/renault-anuncia-el-lanzamiento-en-el-mercado-argentino-de-media-nav-la-primera-pantalla-tactil-que-combina-gps-con-telefono-usb-bluetooth-y-radio-cd\\\/#breadcrumb\",\"itemListElement\":[{\"@type\":\"ListItem\",\"position\":1,\"name\":\"Portada\",\"item\":\"http:\\\/\\\/autosdelpodio.com\\\/autos\\\/\"},{\"@type\":\"ListItem\",\"position\":2,\"name\":\"Renault anuncia el lanzamiento en el mercado argentino de Media Nav, la primera pantalla t\u00e1ctil que combina GPS con tel\u00e9fono, USB, Bluetooth y radio CD.\"}]},{\"@type\":\"WebSite\",\"@id\":\"http:\\\/\\\/autosdelpodio.com\\\/autos\\\/#website\",\"url\":\"http:\\\/\\\/autosdelpodio.com\\\/autos\\\/\",\"name\":\"Autos del Podio\",\"description\":\"La sexta del deporte motor\",\"publisher\":{\"@id\":\"http:\\\/\\\/autosdelpodio.com\\\/autos\\\/#organization\"},\"potentialAction\":[{\"@type\":\"SearchAction\",\"target\":{\"@type\":\"EntryPoint\",\"urlTemplate\":\"http:\\\/\\\/autosdelpodio.com\\\/autos\\\/?s={search_term_string}\"},\"query-input\":{\"@type\":\"PropertyValueSpecification\",\"valueRequired\":true,\"valueName\":\"search_term_string\"}}],\"inLanguage\":\"es\"},{\"@type\":\"Organization\",\"@id\":\"http:\\\/\\\/autosdelpodio.com\\\/autos\\\/#organization\",\"name\":\"Autos del Podio\",\"url\":\"http:\\\/\\\/autosdelpodio.com\\\/autos\\\/\",\"logo\":{\"@type\":\"ImageObject\",\"inLanguage\":\"es\",\"@id\":\"http:\\\/\\\/autosdelpodio.com\\\/autos\\\/#\\\/schema\\\/logo\\\/image\\\/\",\"url\":\"http:\\\/\\\/autosdelpodio.com\\\/autos\\\/wp-content\\\/uploads\\\/2020\\\/08\\\/Logo_AR.jpg\",\"contentUrl\":\"http:\\\/\\\/autosdelpodio.com\\\/autos\\\/wp-content\\\/uploads\\\/2020\\\/08\\\/Logo_AR.jpg\",\"width\":1038,\"height\":1044,\"caption\":\"Autos del Podio\"},\"image\":{\"@id\":\"http:\\\/\\\/autosdelpodio.com\\\/autos\\\/#\\\/schema\\\/logo\\\/image\\\/\"},\"sameAs\":[\"https:\\\/\\\/www.facebook.com\\\/profile.php?id=100057192590976&amp;amp;amp;amp;amp;amp;amp;amp;amp;amp;amp;amp;amp;amp;amp;amp;amp;amp;ref=ts\",\"https:\\\/\\\/x.com\\\/autosdelpodio\",\"https:\\\/\\\/www.youtube.com\\\/user\\\/AutosdelPodio\"]},{\"@type\":\"Person\",\"@id\":\"http:\\\/\\\/autosdelpodio.com\\\/autos\\\/#\\\/schema\\\/person\\\/e88353cabf768863fdf874e30120f3ba\",\"name\":\"wi022230\",\"image\":{\"@type\":\"ImageObject\",\"inLanguage\":\"es\",\"@id\":\"http:\\\/\\\/autosdelpodio.com\\\/autos\\\/wp-content\\\/litespeed\\\/avatar\\\/453fc9bdbb11d766ba4c7f14d0bd0aa9.jpg?ver=1777404874\",\"url\":\"http:\\\/\\\/autosdelpodio.com\\\/autos\\\/wp-content\\\/litespeed\\\/avatar\\\/453fc9bdbb11d766ba4c7f14d0bd0aa9.jpg?ver=1777404874\",\"contentUrl\":\"http:\\\/\\\/autosdelpodio.com\\\/autos\\\/wp-content\\\/litespeed\\\/avatar\\\/453fc9bdbb11d766ba4c7f14d0bd0aa9.jpg?ver=1777404874\",\"caption\":\"wi022230\"}}]}<\/script>\n<!-- \/ Yoast SEO plugin. -->","yoast_head_json":{"title":"Autos del Podio | Renault anuncia el lanzamiento en el mercado argentino de Media Nav, la primera pantalla t\u00e1ctil que combina GPS con tel\u00e9fono, USB, Bluetooth y radio CD.","description":"Autos del Podio","robots":{"index":"index","follow":"follow","max-snippet":"max-snippet:-1","max-image-preview":"max-image-preview:large","max-video-preview":"max-video-preview:-1"},"canonical":"http:\/\/autosdelpodio.com\/autos\/renault-anuncia-el-lanzamiento-en-el-mercado-argentino-de-media-nav-la-primera-pantalla-tactil-que-combina-gps-con-telefono-usb-bluetooth-y-radio-cd\/","og_locale":"es_ES","og_type":"article","og_title":"Autos del Podio | Renault anuncia el lanzamiento en el mercado argentino de Media Nav, la primera pantalla t\u00e1ctil que combina GPS con tel\u00e9fono, USB, Bluetooth y radio CD.","og_description":"Autos del Podio","og_url":"http:\/\/autosdelpodio.com\/autos\/renault-anuncia-el-lanzamiento-en-el-mercado-argentino-de-media-nav-la-primera-pantalla-tactil-que-combina-gps-con-telefono-usb-bluetooth-y-radio-cd\/","og_site_name":"Autos del Podio","article_publisher":"https:\/\/www.facebook.com\/profile.php?id=100057192590976&amp%3bamp%3bamp%3bamp%3bamp%3bamp%3bamp%3bamp%3bamp%3bamp%3bamp%3bamp%3bamp%3bamp%3bamp%3bamp%3bamp%3bamp%3bref=ts","article_published_time":"2013-04-07T14:46:50+00:00","og_image":[{"width":1945,"height":1269,"url":"http:\/\/autosdelpodio.com\/autos\/wp-content\/uploads\/2013\/04\/media-nav_renault.jpg","type":"image\/jpeg"}],"author":"wi022230","twitter_card":"summary_large_image","twitter_creator":"@autosdelpodio","twitter_site":"@autosdelpodio","twitter_misc":{"Escrito por":"wi022230","Tiempo de lectura":"3 minutos"},"schema":{"@context":"https:\/\/schema.org","@graph":[{"@type":"Article","@id":"http:\/\/autosdelpodio.com\/autos\/renault-anuncia-el-lanzamiento-en-el-mercado-argentino-de-media-nav-la-primera-pantalla-tactil-que-combina-gps-con-telefono-usb-bluetooth-y-radio-cd\/#article","isPartOf":{"@id":"http:\/\/autosdelpodio.com\/autos\/renault-anuncia-el-lanzamiento-en-el-mercado-argentino-de-media-nav-la-primera-pantalla-tactil-que-combina-gps-con-telefono-usb-bluetooth-y-radio-cd\/"},"author":{"name":"wi022230","@id":"http:\/\/autosdelpodio.com\/autos\/#\/schema\/person\/e88353cabf768863fdf874e30120f3ba"},"headline":"Renault anuncia el lanzamiento en el mercado argentino de Media Nav, la primera pantalla t\u00e1ctil que combina GPS con tel\u00e9fono, USB, Bluetooth y radio CD.","datePublished":"2013-04-07T14:46:50+00:00","mainEntityOfPage":{"@id":"http:\/\/autosdelpodio.com\/autos\/renault-anuncia-el-lanzamiento-en-el-mercado-argentino-de-media-nav-la-primera-pantalla-tactil-que-combina-gps-con-telefono-usb-bluetooth-y-radio-cd\/"},"wordCount":565,"commentCount":0,"publisher":{"@id":"http:\/\/autosdelpodio.com\/autos\/#organization"},"image":{"@id":"http:\/\/autosdelpodio.com\/autos\/renault-anuncia-el-lanzamiento-en-el-mercado-argentino-de-media-nav-la-primera-pantalla-tactil-que-combina-gps-con-telefono-usb-bluetooth-y-radio-cd\/#primaryimage"},"thumbnailUrl":"http:\/\/autosdelpodio.com\/autos\/wp-content\/uploads\/2013\/04\/media-nav_renault.jpg","articleSection":["\u00daltimas noticias"],"inLanguage":"es","potentialAction":[{"@type":"CommentAction","name":"Comment","target":["http:\/\/autosdelpodio.com\/autos\/renault-anuncia-el-lanzamiento-en-el-mercado-argentino-de-media-nav-la-primera-pantalla-tactil-que-combina-gps-con-telefono-usb-bluetooth-y-radio-cd\/#respond"]}]},{"@type":"WebPage","@id":"http:\/\/autosdelpodio.com\/autos\/renault-anuncia-el-lanzamiento-en-el-mercado-argentino-de-media-nav-la-primera-pantalla-tactil-que-combina-gps-con-telefono-usb-bluetooth-y-radio-cd\/","url":"http:\/\/autosdelpodio.com\/autos\/renault-anuncia-el-lanzamiento-en-el-mercado-argentino-de-media-nav-la-primera-pantalla-tactil-que-combina-gps-con-telefono-usb-bluetooth-y-radio-cd\/","name":"Autos del Podio | Renault anuncia el lanzamiento en el mercado argentino de Media Nav, la primera pantalla t\u00e1ctil que combina GPS con tel\u00e9fono, USB, Bluetooth y radio CD.","isPartOf":{"@id":"http:\/\/autosdelpodio.com\/autos\/#website"},"primaryImageOfPage":{"@id":"http:\/\/autosdelpodio.com\/autos\/renault-anuncia-el-lanzamiento-en-el-mercado-argentino-de-media-nav-la-primera-pantalla-tactil-que-combina-gps-con-telefono-usb-bluetooth-y-radio-cd\/#primaryimage"},"image":{"@id":"http:\/\/autosdelpodio.com\/autos\/renault-anuncia-el-lanzamiento-en-el-mercado-argentino-de-media-nav-la-primera-pantalla-tactil-que-combina-gps-con-telefono-usb-bluetooth-y-radio-cd\/#primaryimage"},"thumbnailUrl":"http:\/\/autosdelpodio.com\/autos\/wp-content\/uploads\/2013\/04\/media-nav_renault.jpg","datePublished":"2013-04-07T14:46:50+00:00","description":"Autos del Podio","breadcrumb":{"@id":"http:\/\/autosdelpodio.com\/autos\/renault-anuncia-el-lanzamiento-en-el-mercado-argentino-de-media-nav-la-primera-pantalla-tactil-que-combina-gps-con-telefono-usb-bluetooth-y-radio-cd\/#breadcrumb"},"inLanguage":"es","potentialAction":[{"@type":"ReadAction","target":["http:\/\/autosdelpodio.com\/autos\/renault-anuncia-el-lanzamiento-en-el-mercado-argentino-de-media-nav-la-primera-pantalla-tactil-que-combina-gps-con-telefono-usb-bluetooth-y-radio-cd\/"]}]},{"@type":"ImageObject","inLanguage":"es","@id":"http:\/\/autosdelpodio.com\/autos\/renault-anuncia-el-lanzamiento-en-el-mercado-argentino-de-media-nav-la-primera-pantalla-tactil-que-combina-gps-con-telefono-usb-bluetooth-y-radio-cd\/#primaryimage","url":"http:\/\/autosdelpodio.com\/autos\/wp-content\/uploads\/2013\/04\/media-nav_renault.jpg","contentUrl":"http:\/\/autosdelpodio.com\/autos\/wp-content\/uploads\/2013\/04\/media-nav_renault.jpg","width":1945,"height":1269},{"@type":"BreadcrumbList","@id":"http:\/\/autosdelpodio.com\/autos\/renault-anuncia-el-lanzamiento-en-el-mercado-argentino-de-media-nav-la-primera-pantalla-tactil-que-combina-gps-con-telefono-usb-bluetooth-y-radio-cd\/#breadcrumb","itemListElement":[{"@type":"ListItem","position":1,"name":"Portada","item":"http:\/\/autosdelpodio.com\/autos\/"},{"@type":"ListItem","position":2,"name":"Renault anuncia el lanzamiento en el mercado argentino de Media Nav, la primera pantalla t\u00e1ctil que combina GPS con tel\u00e9fono, USB, Bluetooth y radio CD."}]},{"@type":"WebSite","@id":"http:\/\/autosdelpodio.com\/autos\/#website","url":"http:\/\/autosdelpodio.com\/autos\/","name":"Autos del Podio","description":"La sexta del deporte motor","publisher":{"@id":"http:\/\/autosdelpodio.com\/autos\/#organization"},"potentialAction":[{"@type":"SearchAction","target":{"@type":"EntryPoint","urlTemplate":"http:\/\/autosdelpodio.com\/autos\/?s={search_term_string}"},"query-input":{"@type":"PropertyValueSpecification","valueRequired":true,"valueName":"search_term_string"}}],"inLanguage":"es"},{"@type":"Organization","@id":"http:\/\/autosdelpodio.com\/autos\/#organization","name":"Autos del Podio","url":"http:\/\/autosdelpodio.com\/autos\/","logo":{"@type":"ImageObject","inLanguage":"es","@id":"http:\/\/autosdelpodio.com\/autos\/#\/schema\/logo\/image\/","url":"http:\/\/autosdelpodio.com\/autos\/wp-content\/uploads\/2020\/08\/Logo_AR.jpg","contentUrl":"http:\/\/autosdelpodio.com\/autos\/wp-content\/uploads\/2020\/08\/Logo_AR.jpg","width":1038,"height":1044,"caption":"Autos del Podio"},"image":{"@id":"http:\/\/autosdelpodio.com\/autos\/#\/schema\/logo\/image\/"},"sameAs":["https:\/\/www.facebook.com\/profile.php?id=100057192590976&amp;amp;amp;amp;amp;amp;amp;amp;amp;amp;amp;amp;amp;amp;amp;amp;amp;amp;ref=ts","https:\/\/x.com\/autosdelpodio","https:\/\/www.youtube.com\/user\/AutosdelPodio"]},{"@type":"Person","@id":"http:\/\/autosdelpodio.com\/autos\/#\/schema\/person\/e88353cabf768863fdf874e30120f3ba","name":"wi022230","image":{"@type":"ImageObject","inLanguage":"es","@id":"http:\/\/autosdelpodio.com\/autos\/wp-content\/litespeed\/avatar\/453fc9bdbb11d766ba4c7f14d0bd0aa9.jpg?ver=1777404874","url":"http:\/\/autosdelpodio.com\/autos\/wp-content\/litespeed\/avatar\/453fc9bdbb11d766ba4c7f14d0bd0aa9.jpg?ver=1777404874","contentUrl":"http:\/\/autosdelpodio.com\/autos\/wp-content\/litespeed\/avatar\/453fc9bdbb11d766ba4c7f14d0bd0aa9.jpg?ver=1777404874","caption":"wi022230"}}]}},"views":504,"_links":{"self":[{"href":"http:\/\/autosdelpodio.com\/autos\/wp-json\/wp\/v2\/posts\/718","targetHints":{"allow":["GET"]}}],"collection":[{"href":"http:\/\/autosdelpodio.com\/autos\/wp-json\/wp\/v2\/posts"}],"about":[{"href":"http:\/\/autosdelpodio.com\/autos\/wp-json\/wp\/v2\/types\/post"}],"author":[{"embeddable":true,"href":"http:\/\/autosdelpodio.com\/autos\/wp-json\/wp\/v2\/users\/1"}],"replies":[{"embeddable":true,"href":"http:\/\/autosdelpodio.com\/autos\/wp-json\/wp\/v2\/comments?post=718"}],"version-history":[{"count":0,"href":"http:\/\/autosdelpodio.com\/autos\/wp-json\/wp\/v2\/posts\/718\/revisions"}],"wp:featuredmedia":[{"embeddable":true,"href":"http:\/\/autosdelpodio.com\/autos\/wp-json\/wp\/v2\/media\/717"}],"wp:attachment":[{"href":"http:\/\/autosdelpodio.com\/autos\/wp-json\/wp\/v2\/media?parent=718"}],"wp:term":[{"taxonomy":"category","embeddable":true,"href":"http:\/\/autosdelpodio.com\/autos\/wp-json\/wp\/v2\/categories?post=718"},{"taxonomy":"post_tag","embeddable":true,"href":"http:\/\/autosdelpodio.com\/autos\/wp-json\/wp\/v2\/tags?post=718"}],"curies":[{"name":"wp","href":"https:\/\/api.w.org\/{rel}","templated":true}]}}