{"id":7197,"date":"2023-10-08T22:02:53","date_gmt":"2023-10-09T01:02:53","guid":{"rendered":"http:\/\/autosdelpodio.com\/autos\/?p=7197"},"modified":"2023-10-09T23:06:17","modified_gmt":"2023-10-10T02:06:17","slug":"pernia-se-quedo-con-todo","status":"publish","type":"post","link":"http:\/\/autosdelpodio.com\/autos\/pernia-se-quedo-con-todo\/","title":{"rendered":"Pernia se qued\u00f3 con todo"},"content":{"rendered":"\n<p>El ganador de la 17va Edici\u00f3n de los 200 Km. de Buenos Aires Leonel Pernia, en dupla con Antonino Garc\u00eda se consagr\u00f3 anticipadamente como campe\u00f3n 2023 de TC2000.Con solo largar las 2 carreras que restan, se coronar\u00e1 por tercera vez en la categor\u00eda.<br>El binomio al mando del Renault Fluence #1 son unos verdaderos especialistas ya que se ha quedado por tercera vez en fila con la competencia m\u00e1s importante del a\u00f1o del TC2000 escoltados por Facundo Marques\/ Damian Fineschi y Facundo Aldrighetti\/ Nelson Piquet Jr.<br>A falta de 2 fechas y a modo netamente estad\u00edstico, Leonel Pern\u00eda se va del Galvez con 341 puntos, segundo se ubica Facundo Marques con 212 y tercero Facundo Ardusso con 210.<br>El pr\u00f3ximo compromiso en principio tal como figura en el calendario ser\u00e1 el pr\u00f3ximo 5 de Noviembre en El Zonda de San Juan, pero aun no est\u00e1 confirmado oficialmente.<\/p>\n\n\n\n<p><strong>Final 200 Km de Bs.As. &#8211; Fecha 10<\/strong><\/p>\n\n\n\n<figure class=\"wp-block-table\"><table><tbody><tr><td>1<\/td><td>L.PERNIA<\/td><td>57<\/td><td>1:23;27.137<\/td><td>&nbsp;<\/td><\/tr><tr><td>2<\/td><td>FINESCHI<\/td><td>57<\/td><td>1:23;28.144<\/td><td>1.007<\/td><\/tr><tr><td>3<\/td><td>N.PIQUET<\/td><td>57<\/td><td>1:23;28.513<\/td><td>1.376<\/td><\/tr><tr><td>4<\/td><td>LLAVER<\/td><td>57<\/td><td>1:23;30.089<\/td><td>2.952<\/td><\/tr><tr><td>5<\/td><td>ARDUSSO<\/td><td>57<\/td><td>1:23;31.040<\/td><td>3.903<\/td><\/tr><tr><td>6<\/td><td>CAPURRO<\/td><td>56<\/td><td>1:23;32.886<\/td><td>1 vta<\/td><\/tr><tr><td>7<\/td><td>F.PERSIA<\/td><td>56<\/td><td>1:23;35.752<\/td><td>1 vta<\/td><\/tr><tr><td>8<\/td><td>F.BESSONE<\/td><td>55<\/td><td>1:23;37.688<\/td><td>2 vtas<\/td><\/tr><tr><td>9<\/td><td>VIVIAN<\/td><td>53<\/td><td>1:23;32.149<\/td><td>4 vtas<\/td><\/tr><tr><td>10<\/td><td>GIROLAMI<\/td><td>51<\/td><td>1:14;06.053<\/td><td>6 vtas<\/td><\/tr><tr><td>11<\/td><td>TEIXEIRA<\/td><td>49<\/td><td>1:13;28.871<\/td><td>8 vtas<\/td><\/tr><tr><td>12<\/td><td>SANTERO<\/td><td>45<\/td><td>1:05;51.397<\/td><td>12 vtas<\/td><\/tr><tr><td>13<\/td><td>M.GARCIA<\/td><td>44<\/td><td>1:04;48.698<\/td><td>13 vtas<\/td><\/tr><tr><td>14<\/td><td>ARAMENDIA<\/td><td>39<\/td><td>59;02.771<\/td><td>18 vtas<\/td><\/tr><tr><td>15<\/td><td>MERLO<\/td><td>25<\/td><td>34;11.236<\/td><td>32 vtas<\/td><\/tr><tr><td>16<\/td><td>S.MORO J.<\/td><td>25<\/td><td>1:26;55.159<\/td><td>32 vtas<\/td><\/tr><tr><td>17<\/td><td>BONNIN<\/td><td>24<\/td><td>34;04.544<\/td><td>33 vtas<\/td><\/tr><tr><td>18<\/td><td>MONTENEGRO<\/td><td>22<\/td><td>30;04.802<\/td><td>35 vtas<\/td><\/tr><tr><td>19<\/td><td>RIVA<\/td><td>6<\/td><td>8;35.614<\/td><td>51 vtas<\/td><\/tr><\/tbody><\/table><\/figure>\n\n\n\n<figure class=\"wp-block-embed is-type-video is-provider-youtube wp-block-embed-youtube wp-embed-aspect-16-9 wp-has-aspect-ratio\"><div class=\"wp-block-embed__wrapper\">\n<iframe title=\"Presentaci\u00f3n del SUV de TC2000\" width=\"800\" height=\"450\" src=\"https:\/\/www.youtube.com\/embed\/07c-H3yvt-4?feature=oembed\" frameborder=\"0\" allow=\"accelerometer; autoplay; clipboard-write; encrypted-media; gyroscope; picture-in-picture; web-share\" allowfullscreen><\/iframe>\n<\/div><\/figure>\n","protected":false},"excerpt":{"rendered":"<p>El ganador de la 17va Edici\u00f3n de los 200 Km. de Buenos Aires Leonel Pernia, en dupla con Antonino Garc\u00eda<\/p>\n","protected":false},"author":3,"featured_media":7199,"comment_status":"open","ping_status":"open","sticky":false,"template":"","format":"standard","meta":{"colormag_page_container_layout":"default_layout","colormag_page_sidebar_layout":"default_layout","footnotes":""},"categories":[6,5],"tags":[700,142,515,514,217],"class_list":["post-7197","post","type-post","status-publish","format-standard","has-post-thumbnail","hentry","category-newsflash","category-latest-news","tag-antonino-garcia","tag-autodromo-ba","tag-leonel-pernia","tag-renault-fluence","tag-tc2000"],"yoast_head":"<!-- This site is optimized with the Yoast SEO plugin v27.5 - https:\/\/yoast.com\/product\/yoast-seo-wordpress\/ -->\n<title>Autos del Podio | Pernia se qued\u00f3 con todo<\/title>\n<meta name=\"description\" content=\"Autos del Podio A sus 48 a\u00f1os Leonel Pernia alcanz\u00f3 su tercer t\u00edtulo de TC2000\" \/>\n<meta name=\"robots\" content=\"index, follow, max-snippet:-1, max-image-preview:large, max-video-preview:-1\" \/>\n<link rel=\"canonical\" href=\"http:\/\/autosdelpodio.com\/autos\/pernia-se-quedo-con-todo\/\" \/>\n<meta property=\"og:locale\" content=\"es_ES\" \/>\n<meta property=\"og:type\" content=\"article\" \/>\n<meta property=\"og:title\" content=\"Autos del Podio | Pernia se qued\u00f3 con todo\" \/>\n<meta property=\"og:description\" content=\"Autos del Podio A sus 48 a\u00f1os Leonel Pernia alcanz\u00f3 su tercer t\u00edtulo de TC2000\" \/>\n<meta property=\"og:url\" content=\"http:\/\/autosdelpodio.com\/autos\/pernia-se-quedo-con-todo\/\" \/>\n<meta property=\"og:site_name\" content=\"Autos del Podio\" \/>\n<meta property=\"article:publisher\" content=\"https:\/\/www.facebook.com\/profile.php?id=100057192590976&amp;amp%3bamp%3bamp%3bamp%3bamp%3bamp%3bamp%3bamp%3bamp%3bamp%3bamp%3bamp%3bamp%3bamp%3bamp%3bamp%3bamp%3bamp%3bref=ts\" \/>\n<meta property=\"article:published_time\" content=\"2023-10-09T01:02:53+00:00\" \/>\n<meta property=\"article:modified_time\" content=\"2023-10-10T02:06:17+00:00\" \/>\n<meta property=\"og:image\" content=\"http:\/\/autosdelpodio.com\/autos\/wp-content\/uploads\/2023\/10\/Pernia_Campeon_2023.jpg\" \/>\n\t<meta property=\"og:image:width\" content=\"500\" \/>\n\t<meta property=\"og:image:height\" content=\"325\" \/>\n\t<meta property=\"og:image:type\" content=\"image\/jpeg\" \/>\n<meta name=\"author\" content=\"autosdelpodio\" \/>\n<meta name=\"twitter:card\" content=\"summary_large_image\" \/>\n<meta name=\"twitter:creator\" content=\"@autosdelpodio\" \/>\n<meta name=\"twitter:site\" content=\"@autosdelpodio\" \/>\n<meta name=\"twitter:label1\" content=\"Escrito por\" \/>\n\t<meta name=\"twitter:data1\" content=\"autosdelpodio\" \/>\n\t<meta name=\"twitter:label2\" content=\"Tiempo de lectura\" \/>\n\t<meta name=\"twitter:data2\" content=\"2 minutos\" \/>\n<script type=\"application\/ld+json\" class=\"yoast-schema-graph\">{\"@context\":\"https:\\\/\\\/schema.org\",\"@graph\":[{\"@type\":\"Article\",\"@id\":\"http:\\\/\\\/autosdelpodio.com\\\/autos\\\/pernia-se-quedo-con-todo\\\/#article\",\"isPartOf\":{\"@id\":\"http:\\\/\\\/autosdelpodio.com\\\/autos\\\/pernia-se-quedo-con-todo\\\/\"},\"author\":{\"name\":\"autosdelpodio\",\"@id\":\"http:\\\/\\\/autosdelpodio.com\\\/autos\\\/#\\\/schema\\\/person\\\/993527a4d01c3acdd3d6bce3770bc942\"},\"headline\":\"Pernia se qued\u00f3 con todo\",\"datePublished\":\"2023-10-09T01:02:53+00:00\",\"dateModified\":\"2023-10-10T02:06:17+00:00\",\"mainEntityOfPage\":{\"@id\":\"http:\\\/\\\/autosdelpodio.com\\\/autos\\\/pernia-se-quedo-con-todo\\\/\"},\"wordCount\":210,\"commentCount\":1,\"publisher\":{\"@id\":\"http:\\\/\\\/autosdelpodio.com\\\/autos\\\/#organization\"},\"image\":{\"@id\":\"http:\\\/\\\/autosdelpodio.com\\\/autos\\\/pernia-se-quedo-con-todo\\\/#primaryimage\"},\"thumbnailUrl\":\"http:\\\/\\\/autosdelpodio.com\\\/autos\\\/wp-content\\\/uploads\\\/2023\\\/10\\\/Pernia_Campeon_2023.jpg\",\"keywords\":[\"Antonino Garcia\",\"Autodromo BA\",\"Leonel Pernia\",\"Renault Fluence\",\"TC2000\"],\"articleSection\":[\"Destacado\",\"\u00daltimas noticias\"],\"inLanguage\":\"es\",\"potentialAction\":[{\"@type\":\"CommentAction\",\"name\":\"Comment\",\"target\":[\"http:\\\/\\\/autosdelpodio.com\\\/autos\\\/pernia-se-quedo-con-todo\\\/#respond\"]}]},{\"@type\":\"WebPage\",\"@id\":\"http:\\\/\\\/autosdelpodio.com\\\/autos\\\/pernia-se-quedo-con-todo\\\/\",\"url\":\"http:\\\/\\\/autosdelpodio.com\\\/autos\\\/pernia-se-quedo-con-todo\\\/\",\"name\":\"Autos del Podio | Pernia se qued\u00f3 con todo\",\"isPartOf\":{\"@id\":\"http:\\\/\\\/autosdelpodio.com\\\/autos\\\/#website\"},\"primaryImageOfPage\":{\"@id\":\"http:\\\/\\\/autosdelpodio.com\\\/autos\\\/pernia-se-quedo-con-todo\\\/#primaryimage\"},\"image\":{\"@id\":\"http:\\\/\\\/autosdelpodio.com\\\/autos\\\/pernia-se-quedo-con-todo\\\/#primaryimage\"},\"thumbnailUrl\":\"http:\\\/\\\/autosdelpodio.com\\\/autos\\\/wp-content\\\/uploads\\\/2023\\\/10\\\/Pernia_Campeon_2023.jpg\",\"datePublished\":\"2023-10-09T01:02:53+00:00\",\"dateModified\":\"2023-10-10T02:06:17+00:00\",\"description\":\"Autos del Podio A sus 48 a\u00f1os Leonel Pernia alcanz\u00f3 su tercer t\u00edtulo de TC2000\",\"breadcrumb\":{\"@id\":\"http:\\\/\\\/autosdelpodio.com\\\/autos\\\/pernia-se-quedo-con-todo\\\/#breadcrumb\"},\"inLanguage\":\"es\",\"potentialAction\":[{\"@type\":\"ReadAction\",\"target\":[\"http:\\\/\\\/autosdelpodio.com\\\/autos\\\/pernia-se-quedo-con-todo\\\/\"]}]},{\"@type\":\"ImageObject\",\"inLanguage\":\"es\",\"@id\":\"http:\\\/\\\/autosdelpodio.com\\\/autos\\\/pernia-se-quedo-con-todo\\\/#primaryimage\",\"url\":\"http:\\\/\\\/autosdelpodio.com\\\/autos\\\/wp-content\\\/uploads\\\/2023\\\/10\\\/Pernia_Campeon_2023.jpg\",\"contentUrl\":\"http:\\\/\\\/autosdelpodio.com\\\/autos\\\/wp-content\\\/uploads\\\/2023\\\/10\\\/Pernia_Campeon_2023.jpg\",\"width\":500,\"height\":325},{\"@type\":\"BreadcrumbList\",\"@id\":\"http:\\\/\\\/autosdelpodio.com\\\/autos\\\/pernia-se-quedo-con-todo\\\/#breadcrumb\",\"itemListElement\":[{\"@type\":\"ListItem\",\"position\":1,\"name\":\"Portada\",\"item\":\"http:\\\/\\\/autosdelpodio.com\\\/autos\\\/\"},{\"@type\":\"ListItem\",\"position\":2,\"name\":\"Pernia se qued\u00f3 con todo\"}]},{\"@type\":\"WebSite\",\"@id\":\"http:\\\/\\\/autosdelpodio.com\\\/autos\\\/#website\",\"url\":\"http:\\\/\\\/autosdelpodio.com\\\/autos\\\/\",\"name\":\"Autos del Podio\",\"description\":\"La sexta del deporte motor\",\"publisher\":{\"@id\":\"http:\\\/\\\/autosdelpodio.com\\\/autos\\\/#organization\"},\"potentialAction\":[{\"@type\":\"SearchAction\",\"target\":{\"@type\":\"EntryPoint\",\"urlTemplate\":\"http:\\\/\\\/autosdelpodio.com\\\/autos\\\/?s={search_term_string}\"},\"query-input\":{\"@type\":\"PropertyValueSpecification\",\"valueRequired\":true,\"valueName\":\"search_term_string\"}}],\"inLanguage\":\"es\"},{\"@type\":\"Organization\",\"@id\":\"http:\\\/\\\/autosdelpodio.com\\\/autos\\\/#organization\",\"name\":\"Autos del Podio\",\"url\":\"http:\\\/\\\/autosdelpodio.com\\\/autos\\\/\",\"logo\":{\"@type\":\"ImageObject\",\"inLanguage\":\"es\",\"@id\":\"http:\\\/\\\/autosdelpodio.com\\\/autos\\\/#\\\/schema\\\/logo\\\/image\\\/\",\"url\":\"http:\\\/\\\/autosdelpodio.com\\\/autos\\\/wp-content\\\/uploads\\\/2020\\\/08\\\/Logo_AR.jpg\",\"contentUrl\":\"http:\\\/\\\/autosdelpodio.com\\\/autos\\\/wp-content\\\/uploads\\\/2020\\\/08\\\/Logo_AR.jpg\",\"width\":1038,\"height\":1044,\"caption\":\"Autos del Podio\"},\"image\":{\"@id\":\"http:\\\/\\\/autosdelpodio.com\\\/autos\\\/#\\\/schema\\\/logo\\\/image\\\/\"},\"sameAs\":[\"https:\\\/\\\/www.facebook.com\\\/profile.php?id=100057192590976&amp;amp;amp;amp;amp;amp;amp;amp;amp;amp;amp;amp;amp;amp;amp;amp;amp;amp;ref=ts\",\"https:\\\/\\\/x.com\\\/autosdelpodio\",\"https:\\\/\\\/www.youtube.com\\\/user\\\/AutosdelPodio\"]},{\"@type\":\"Person\",\"@id\":\"http:\\\/\\\/autosdelpodio.com\\\/autos\\\/#\\\/schema\\\/person\\\/993527a4d01c3acdd3d6bce3770bc942\",\"name\":\"autosdelpodio\",\"image\":{\"@type\":\"ImageObject\",\"inLanguage\":\"es\",\"@id\":\"http:\\\/\\\/autosdelpodio.com\\\/autos\\\/wp-content\\\/litespeed\\\/avatar\\\/aa8f65cd201a80f6b844f63278aa84af.jpg?ver=1777403005\",\"url\":\"http:\\\/\\\/autosdelpodio.com\\\/autos\\\/wp-content\\\/litespeed\\\/avatar\\\/aa8f65cd201a80f6b844f63278aa84af.jpg?ver=1777403005\",\"contentUrl\":\"http:\\\/\\\/autosdelpodio.com\\\/autos\\\/wp-content\\\/litespeed\\\/avatar\\\/aa8f65cd201a80f6b844f63278aa84af.jpg?ver=1777403005\",\"caption\":\"autosdelpodio\"}}]}<\/script>\n<!-- \/ Yoast SEO plugin. -->","yoast_head_json":{"title":"Autos del Podio | Pernia se qued\u00f3 con todo","description":"Autos del Podio A sus 48 a\u00f1os Leonel Pernia alcanz\u00f3 su tercer t\u00edtulo de TC2000","robots":{"index":"index","follow":"follow","max-snippet":"max-snippet:-1","max-image-preview":"max-image-preview:large","max-video-preview":"max-video-preview:-1"},"canonical":"http:\/\/autosdelpodio.com\/autos\/pernia-se-quedo-con-todo\/","og_locale":"es_ES","og_type":"article","og_title":"Autos del Podio | Pernia se qued\u00f3 con todo","og_description":"Autos del Podio A sus 48 a\u00f1os Leonel Pernia alcanz\u00f3 su tercer t\u00edtulo de TC2000","og_url":"http:\/\/autosdelpodio.com\/autos\/pernia-se-quedo-con-todo\/","og_site_name":"Autos del Podio","article_publisher":"https:\/\/www.facebook.com\/profile.php?id=100057192590976&amp%3bamp%3bamp%3bamp%3bamp%3bamp%3bamp%3bamp%3bamp%3bamp%3bamp%3bamp%3bamp%3bamp%3bamp%3bamp%3bamp%3bamp%3bref=ts","article_published_time":"2023-10-09T01:02:53+00:00","article_modified_time":"2023-10-10T02:06:17+00:00","og_image":[{"width":500,"height":325,"url":"http:\/\/autosdelpodio.com\/autos\/wp-content\/uploads\/2023\/10\/Pernia_Campeon_2023.jpg","type":"image\/jpeg"}],"author":"autosdelpodio","twitter_card":"summary_large_image","twitter_creator":"@autosdelpodio","twitter_site":"@autosdelpodio","twitter_misc":{"Escrito por":"autosdelpodio","Tiempo de lectura":"2 minutos"},"schema":{"@context":"https:\/\/schema.org","@graph":[{"@type":"Article","@id":"http:\/\/autosdelpodio.com\/autos\/pernia-se-quedo-con-todo\/#article","isPartOf":{"@id":"http:\/\/autosdelpodio.com\/autos\/pernia-se-quedo-con-todo\/"},"author":{"name":"autosdelpodio","@id":"http:\/\/autosdelpodio.com\/autos\/#\/schema\/person\/993527a4d01c3acdd3d6bce3770bc942"},"headline":"Pernia se qued\u00f3 con todo","datePublished":"2023-10-09T01:02:53+00:00","dateModified":"2023-10-10T02:06:17+00:00","mainEntityOfPage":{"@id":"http:\/\/autosdelpodio.com\/autos\/pernia-se-quedo-con-todo\/"},"wordCount":210,"commentCount":1,"publisher":{"@id":"http:\/\/autosdelpodio.com\/autos\/#organization"},"image":{"@id":"http:\/\/autosdelpodio.com\/autos\/pernia-se-quedo-con-todo\/#primaryimage"},"thumbnailUrl":"http:\/\/autosdelpodio.com\/autos\/wp-content\/uploads\/2023\/10\/Pernia_Campeon_2023.jpg","keywords":["Antonino Garcia","Autodromo BA","Leonel Pernia","Renault Fluence","TC2000"],"articleSection":["Destacado","\u00daltimas noticias"],"inLanguage":"es","potentialAction":[{"@type":"CommentAction","name":"Comment","target":["http:\/\/autosdelpodio.com\/autos\/pernia-se-quedo-con-todo\/#respond"]}]},{"@type":"WebPage","@id":"http:\/\/autosdelpodio.com\/autos\/pernia-se-quedo-con-todo\/","url":"http:\/\/autosdelpodio.com\/autos\/pernia-se-quedo-con-todo\/","name":"Autos del Podio | Pernia se qued\u00f3 con todo","isPartOf":{"@id":"http:\/\/autosdelpodio.com\/autos\/#website"},"primaryImageOfPage":{"@id":"http:\/\/autosdelpodio.com\/autos\/pernia-se-quedo-con-todo\/#primaryimage"},"image":{"@id":"http:\/\/autosdelpodio.com\/autos\/pernia-se-quedo-con-todo\/#primaryimage"},"thumbnailUrl":"http:\/\/autosdelpodio.com\/autos\/wp-content\/uploads\/2023\/10\/Pernia_Campeon_2023.jpg","datePublished":"2023-10-09T01:02:53+00:00","dateModified":"2023-10-10T02:06:17+00:00","description":"Autos del Podio A sus 48 a\u00f1os Leonel Pernia alcanz\u00f3 su tercer t\u00edtulo de TC2000","breadcrumb":{"@id":"http:\/\/autosdelpodio.com\/autos\/pernia-se-quedo-con-todo\/#breadcrumb"},"inLanguage":"es","potentialAction":[{"@type":"ReadAction","target":["http:\/\/autosdelpodio.com\/autos\/pernia-se-quedo-con-todo\/"]}]},{"@type":"ImageObject","inLanguage":"es","@id":"http:\/\/autosdelpodio.com\/autos\/pernia-se-quedo-con-todo\/#primaryimage","url":"http:\/\/autosdelpodio.com\/autos\/wp-content\/uploads\/2023\/10\/Pernia_Campeon_2023.jpg","contentUrl":"http:\/\/autosdelpodio.com\/autos\/wp-content\/uploads\/2023\/10\/Pernia_Campeon_2023.jpg","width":500,"height":325},{"@type":"BreadcrumbList","@id":"http:\/\/autosdelpodio.com\/autos\/pernia-se-quedo-con-todo\/#breadcrumb","itemListElement":[{"@type":"ListItem","position":1,"name":"Portada","item":"http:\/\/autosdelpodio.com\/autos\/"},{"@type":"ListItem","position":2,"name":"Pernia se qued\u00f3 con todo"}]},{"@type":"WebSite","@id":"http:\/\/autosdelpodio.com\/autos\/#website","url":"http:\/\/autosdelpodio.com\/autos\/","name":"Autos del Podio","description":"La sexta del deporte motor","publisher":{"@id":"http:\/\/autosdelpodio.com\/autos\/#organization"},"potentialAction":[{"@type":"SearchAction","target":{"@type":"EntryPoint","urlTemplate":"http:\/\/autosdelpodio.com\/autos\/?s={search_term_string}"},"query-input":{"@type":"PropertyValueSpecification","valueRequired":true,"valueName":"search_term_string"}}],"inLanguage":"es"},{"@type":"Organization","@id":"http:\/\/autosdelpodio.com\/autos\/#organization","name":"Autos del Podio","url":"http:\/\/autosdelpodio.com\/autos\/","logo":{"@type":"ImageObject","inLanguage":"es","@id":"http:\/\/autosdelpodio.com\/autos\/#\/schema\/logo\/image\/","url":"http:\/\/autosdelpodio.com\/autos\/wp-content\/uploads\/2020\/08\/Logo_AR.jpg","contentUrl":"http:\/\/autosdelpodio.com\/autos\/wp-content\/uploads\/2020\/08\/Logo_AR.jpg","width":1038,"height":1044,"caption":"Autos del Podio"},"image":{"@id":"http:\/\/autosdelpodio.com\/autos\/#\/schema\/logo\/image\/"},"sameAs":["https:\/\/www.facebook.com\/profile.php?id=100057192590976&amp;amp;amp;amp;amp;amp;amp;amp;amp;amp;amp;amp;amp;amp;amp;amp;amp;amp;ref=ts","https:\/\/x.com\/autosdelpodio","https:\/\/www.youtube.com\/user\/AutosdelPodio"]},{"@type":"Person","@id":"http:\/\/autosdelpodio.com\/autos\/#\/schema\/person\/993527a4d01c3acdd3d6bce3770bc942","name":"autosdelpodio","image":{"@type":"ImageObject","inLanguage":"es","@id":"http:\/\/autosdelpodio.com\/autos\/wp-content\/litespeed\/avatar\/aa8f65cd201a80f6b844f63278aa84af.jpg?ver=1777403005","url":"http:\/\/autosdelpodio.com\/autos\/wp-content\/litespeed\/avatar\/aa8f65cd201a80f6b844f63278aa84af.jpg?ver=1777403005","contentUrl":"http:\/\/autosdelpodio.com\/autos\/wp-content\/litespeed\/avatar\/aa8f65cd201a80f6b844f63278aa84af.jpg?ver=1777403005","caption":"autosdelpodio"}}]}},"views":383,"_links":{"self":[{"href":"http:\/\/autosdelpodio.com\/autos\/wp-json\/wp\/v2\/posts\/7197","targetHints":{"allow":["GET"]}}],"collection":[{"href":"http:\/\/autosdelpodio.com\/autos\/wp-json\/wp\/v2\/posts"}],"about":[{"href":"http:\/\/autosdelpodio.com\/autos\/wp-json\/wp\/v2\/types\/post"}],"author":[{"embeddable":true,"href":"http:\/\/autosdelpodio.com\/autos\/wp-json\/wp\/v2\/users\/3"}],"replies":[{"embeddable":true,"href":"http:\/\/autosdelpodio.com\/autos\/wp-json\/wp\/v2\/comments?post=7197"}],"version-history":[{"count":3,"href":"http:\/\/autosdelpodio.com\/autos\/wp-json\/wp\/v2\/posts\/7197\/revisions"}],"predecessor-version":[{"id":7202,"href":"http:\/\/autosdelpodio.com\/autos\/wp-json\/wp\/v2\/posts\/7197\/revisions\/7202"}],"wp:featuredmedia":[{"embeddable":true,"href":"http:\/\/autosdelpodio.com\/autos\/wp-json\/wp\/v2\/media\/7199"}],"wp:attachment":[{"href":"http:\/\/autosdelpodio.com\/autos\/wp-json\/wp\/v2\/media?parent=7197"}],"wp:term":[{"taxonomy":"category","embeddable":true,"href":"http:\/\/autosdelpodio.com\/autos\/wp-json\/wp\/v2\/categories?post=7197"},{"taxonomy":"post_tag","embeddable":true,"href":"http:\/\/autosdelpodio.com\/autos\/wp-json\/wp\/v2\/tags?post=7197"}],"curies":[{"name":"wp","href":"https:\/\/api.w.org\/{rel}","templated":true}]}}