{"id":721,"date":"2013-04-15T00:39:08","date_gmt":"2013-04-15T00:39:08","guid":{"rendered":"http:\/\/autosdelpodio.com\/autos\/2013\/04\/15\/johnnito-de-benedictis-lidero-el-momento-de-ford\/"},"modified":"2013-04-15T00:39:08","modified_gmt":"2013-04-15T00:39:08","slug":"johnnito-de-benedictis-lidero-el-momento-de-ford","status":"publish","type":"post","link":"http:\/\/autosdelpodio.com\/autos\/johnnito-de-benedictis-lidero-el-momento-de-ford\/","title":{"rendered":"Johnnito De Benedictis lider\u00f3 el momento de Ford"},"content":{"rendered":"<p><span style=\"line-height: 1.3em; text-align: justify;\">Juan Bautista De Benedictis plasm\u00f3 en pista su primera victoria de la temporada en lo que fue no solo un podio integro de la marca Ford sino tambi\u00e9n del equipo LSG propiedad de Hugo Cuervo, donde compiten Mauro Giallombardo y Mariano Werner.<\/span><\/p>\n<p style=\"text-align: justify;\"><span style=\"line-height: 1.3em;\">Aunque la \u00a0final del Turismo Carretera en Mendoza, la misma queda en suspenso hasta el control de los m\u00faltiples de admisi\u00f3n y carburadores en los autos de los 3 intrigantes del podio que se conocer\u00e1 en los pr\u00f3ximos d\u00edas. <\/span><\/p>\n<p>  <!--more-->  <\/p>\n<p><span style=\"line-height: 1.3em;\">No solo la final en Mendoza la domin\u00f3 la marca del ovalo ya que en el campeonato Werner es el nuevo l\u00edder con 147 puntos, seguido de De Benedictis, 138; Giallombardo, 132.5; Juan Manuel Silva 123.5 y Aventin, 123.<\/span><\/p>\n<p><span style=\"line-height: 1.3em;\">La quinta fecha del TC ser\u00e1 el 24 de abril en el Autodromo \u00a0Hermanos Emilozzi de Olavarr\u00eda.<\/span><\/p>\n<p><strong style=\"line-height: 1.3em;\">Final TC en Mendoza<\/strong><\/p>\n<p><span style=\"line-height: 1.3em;\">1- DE BENEDICTIS, JUAN BAUTISTA (FORD) 39:39.152<\/span><\/p>\n<p>2- GIALLOMBARDO, MAURO (FORD) 4.137<\/p>\n<p>3- WERNER, MARIANO (FORD) 9.140<\/p>\n<p>4- L\u00d3PEZ, JOS\u00c9 MAR\u00cdA (DODGE) 10.475<\/p>\n<p>5- GIROLAMI, N\u00c9STOR (TORINO) 16.898<\/p>\n<p>6- PERN\u00cdA, LEONEL (DODGE) 18.619<\/p>\n<p>7- AVENTIN, DIEGO (FORD) 20.725<\/p>\n<p>8- ALTUNA, MARIANO (CHEVROLET) 21.176<\/p>\n<p>9- GIANINI, JUAN PABLO (FORD) 22.038<\/p>\n<p>10- PONCE DE LE\u00d3N, GABRIEL (FORD) 23.059<\/p>\n<p>11- JALAF, MAT\u00cdAS (FORD) 23.235<\/p>\n<p>12- SOTRO, LEONEL (FORD) 26.429<\/p>\n<p>13- DI PALMA, JOSITO (TORINO) 26.730<\/p>\n<p>14- SILVA, JUAN MANUEL (FORD) 27.581<\/p>\n<p>15- JUAN, MAXIMILIANO (FORD) 30.443<\/p>\n<p>16- OKULOVICH, CARLOS (TORINO) 30.988<\/p>\n<p>17- FONTANA, NORBERTO (TORINO) 31.185<\/p>\n<p>18- CANAPINO, AGUST\u00cdN (CHEVROLET) 32.586<\/p>\n<p>19- ROSSI, MAT\u00cdAS (CHEVROLET) 32.988<\/p>\n<p>20- MART\u00cdNEZ, OMAR (FORD) 33.613<\/p>\n<p>21- LEDESMA, CHRISTIAN (CHEVROLET) 41.557<\/p>\n<p>22- BONELLI, NICOL\u00c1S (FORD) 44.066<\/p>\n<p>23- TRUCCO, JUAN MART\u00cdN (DODGE) 45.682<\/p>\n<p>24- UGALDE, LIONEL (FORD) 46.392<\/p>\n<p>25- VENTRICELLI , LUCIANO (DODGE) 50.682<\/p>\n<p>26- CASTELLANO, JONATAN (DODGE) 51.637<\/p>\n<p>27- OUBI\u00d1A, ADRI\u00c1N (FORD) 52.875<\/p>\n<p>28- MORIATIS, EMANUEL (FORD) 54.011<\/p>\n<p>29- URRETAVIZCAYA, TOM\u00c1S (TORINO) 54.200<\/p>\n<p>30- NOLESI, MATHIAS (FORD) 54.731<\/p>\n<p>31- ALAUX, SERGIO (CHEVROLET) 56.211<\/p>\n<p>32- PONTE, MART\u00cdN (TORINO) 1:03.230<\/p>\n<p>33- VERNA, RAFAEL (DODGE) 1:07.973<\/p>\n<p>34- BONELLI, PR\u00d3SPERO (FORD) 1:18.168<\/p>\n<p>35- MAZZACANE, GAST\u00d3N (CHEVROLET) 1:26.233<\/p>\n<p>36- ANGELINI, JUAN MARCOS (DODGE) 1:40.711<\/p>\n<p>37- KOHLER, CLAUDIO (DODGE) &#8211;<\/p>\n<p>38- ORTELLI, GUILLERMO (CHEVROLET) &#8211;<\/p>\n<p>39- DE CARLO, DIEGO (CHEVROLET) &#8211;<\/p>\n<p>40- GUERRIERI, ESTEBAN (DODGE) &#8211;<\/p>\n<p>41- RISATTI, RICARDO (DODGE) &#8211;<\/p>\n<p>42- DOSE, CHRISTIAN (CHEVROLET) &#8211;<\/p>\n<p>43- ARDUSSO, FACUNDO (DODGE) &#8211;<\/p>\n<p>44- SMITH, BRIAN (TORINO) &#8211;<\/p>\n<p>45- PACHO, ARIEL (TORINO) &#8211;<\/p>\n<p>\u00a0<\/p>\n","protected":false},"excerpt":{"rendered":"<p>Juan Bautista De Benedictis plasm\u00f3 en pista su primera victoria de la temporada en lo que fue no solo un<\/p>\n","protected":false},"author":1,"featured_media":0,"comment_status":"open","ping_status":"open","sticky":false,"template":"","format":"standard","meta":{"colormag_page_container_layout":"default_layout","colormag_page_sidebar_layout":"default_layout","footnotes":""},"categories":[5],"tags":[],"class_list":["post-721","post","type-post","status-publish","format-standard","hentry","category-latest-news"],"yoast_head":"<!-- This site is optimized with the Yoast SEO plugin v27.5 - https:\/\/yoast.com\/product\/yoast-seo-wordpress\/ -->\n<title>Autos del Podio | Johnnito De Benedictis lider\u00f3 el momento de Ford<\/title>\n<meta name=\"description\" content=\"Autos del Podio\" \/>\n<meta name=\"robots\" content=\"index, follow, max-snippet:-1, max-image-preview:large, max-video-preview:-1\" \/>\n<link rel=\"canonical\" href=\"https:\/\/autosdelpodio.com\/autos\/johnnito-de-benedictis-lidero-el-momento-de-ford\/\" \/>\n<meta property=\"og:locale\" content=\"es_ES\" \/>\n<meta property=\"og:type\" content=\"article\" \/>\n<meta property=\"og:title\" content=\"Autos del Podio | Johnnito De Benedictis lider\u00f3 el momento de Ford\" \/>\n<meta property=\"og:description\" content=\"Autos del Podio\" \/>\n<meta property=\"og:url\" content=\"https:\/\/autosdelpodio.com\/autos\/johnnito-de-benedictis-lidero-el-momento-de-ford\/\" \/>\n<meta property=\"og:site_name\" content=\"Autos del Podio\" \/>\n<meta property=\"article:publisher\" content=\"https:\/\/www.facebook.com\/profile.php?id=100057192590976&amp;amp%3bamp%3bamp%3bamp%3bamp%3bamp%3bamp%3bamp%3bamp%3bamp%3bamp%3bamp%3bamp%3bamp%3bamp%3bamp%3bamp%3bamp%3bref=ts\" \/>\n<meta property=\"article:published_time\" content=\"2013-04-15T00:39:08+00:00\" \/>\n<meta name=\"author\" content=\"wi022230\" \/>\n<meta name=\"twitter:card\" content=\"summary_large_image\" \/>\n<meta name=\"twitter:creator\" content=\"@autosdelpodio\" \/>\n<meta name=\"twitter:site\" content=\"@autosdelpodio\" \/>\n<meta name=\"twitter:label1\" content=\"Escrito por\" \/>\n\t<meta name=\"twitter:data1\" content=\"wi022230\" \/>\n\t<meta name=\"twitter:label2\" content=\"Tiempo de lectura\" \/>\n\t<meta name=\"twitter:data2\" content=\"2 minutos\" \/>\n<script type=\"application\/ld+json\" class=\"yoast-schema-graph\">{\"@context\":\"https:\\\/\\\/schema.org\",\"@graph\":[{\"@type\":\"Article\",\"@id\":\"https:\\\/\\\/autosdelpodio.com\\\/autos\\\/johnnito-de-benedictis-lidero-el-momento-de-ford\\\/#article\",\"isPartOf\":{\"@id\":\"https:\\\/\\\/autosdelpodio.com\\\/autos\\\/johnnito-de-benedictis-lidero-el-momento-de-ford\\\/\"},\"author\":{\"name\":\"wi022230\",\"@id\":\"http:\\\/\\\/autosdelpodio.com\\\/autos\\\/#\\\/schema\\\/person\\\/e88353cabf768863fdf874e30120f3ba\"},\"headline\":\"Johnnito De Benedictis lider\u00f3 el momento de Ford\",\"datePublished\":\"2013-04-15T00:39:08+00:00\",\"mainEntityOfPage\":{\"@id\":\"https:\\\/\\\/autosdelpodio.com\\\/autos\\\/johnnito-de-benedictis-lidero-el-momento-de-ford\\\/\"},\"wordCount\":366,\"commentCount\":0,\"publisher\":{\"@id\":\"http:\\\/\\\/autosdelpodio.com\\\/autos\\\/#organization\"},\"articleSection\":[\"\u00daltimas noticias\"],\"inLanguage\":\"es\",\"potentialAction\":[{\"@type\":\"CommentAction\",\"name\":\"Comment\",\"target\":[\"https:\\\/\\\/autosdelpodio.com\\\/autos\\\/johnnito-de-benedictis-lidero-el-momento-de-ford\\\/#respond\"]}]},{\"@type\":\"WebPage\",\"@id\":\"https:\\\/\\\/autosdelpodio.com\\\/autos\\\/johnnito-de-benedictis-lidero-el-momento-de-ford\\\/\",\"url\":\"https:\\\/\\\/autosdelpodio.com\\\/autos\\\/johnnito-de-benedictis-lidero-el-momento-de-ford\\\/\",\"name\":\"Autos del Podio | Johnnito De Benedictis lider\u00f3 el momento de Ford\",\"isPartOf\":{\"@id\":\"http:\\\/\\\/autosdelpodio.com\\\/autos\\\/#website\"},\"datePublished\":\"2013-04-15T00:39:08+00:00\",\"description\":\"Autos del Podio\",\"breadcrumb\":{\"@id\":\"https:\\\/\\\/autosdelpodio.com\\\/autos\\\/johnnito-de-benedictis-lidero-el-momento-de-ford\\\/#breadcrumb\"},\"inLanguage\":\"es\",\"potentialAction\":[{\"@type\":\"ReadAction\",\"target\":[\"https:\\\/\\\/autosdelpodio.com\\\/autos\\\/johnnito-de-benedictis-lidero-el-momento-de-ford\\\/\"]}]},{\"@type\":\"BreadcrumbList\",\"@id\":\"https:\\\/\\\/autosdelpodio.com\\\/autos\\\/johnnito-de-benedictis-lidero-el-momento-de-ford\\\/#breadcrumb\",\"itemListElement\":[{\"@type\":\"ListItem\",\"position\":1,\"name\":\"Portada\",\"item\":\"http:\\\/\\\/autosdelpodio.com\\\/autos\\\/\"},{\"@type\":\"ListItem\",\"position\":2,\"name\":\"Johnnito De Benedictis lider\u00f3 el momento de Ford\"}]},{\"@type\":\"WebSite\",\"@id\":\"http:\\\/\\\/autosdelpodio.com\\\/autos\\\/#website\",\"url\":\"http:\\\/\\\/autosdelpodio.com\\\/autos\\\/\",\"name\":\"Autos del Podio\",\"description\":\"La sexta del deporte motor\",\"publisher\":{\"@id\":\"http:\\\/\\\/autosdelpodio.com\\\/autos\\\/#organization\"},\"potentialAction\":[{\"@type\":\"SearchAction\",\"target\":{\"@type\":\"EntryPoint\",\"urlTemplate\":\"http:\\\/\\\/autosdelpodio.com\\\/autos\\\/?s={search_term_string}\"},\"query-input\":{\"@type\":\"PropertyValueSpecification\",\"valueRequired\":true,\"valueName\":\"search_term_string\"}}],\"inLanguage\":\"es\"},{\"@type\":\"Organization\",\"@id\":\"http:\\\/\\\/autosdelpodio.com\\\/autos\\\/#organization\",\"name\":\"Autos del Podio\",\"url\":\"http:\\\/\\\/autosdelpodio.com\\\/autos\\\/\",\"logo\":{\"@type\":\"ImageObject\",\"inLanguage\":\"es\",\"@id\":\"http:\\\/\\\/autosdelpodio.com\\\/autos\\\/#\\\/schema\\\/logo\\\/image\\\/\",\"url\":\"http:\\\/\\\/autosdelpodio.com\\\/autos\\\/wp-content\\\/uploads\\\/2020\\\/08\\\/Logo_AR.jpg\",\"contentUrl\":\"http:\\\/\\\/autosdelpodio.com\\\/autos\\\/wp-content\\\/uploads\\\/2020\\\/08\\\/Logo_AR.jpg\",\"width\":1038,\"height\":1044,\"caption\":\"Autos del Podio\"},\"image\":{\"@id\":\"http:\\\/\\\/autosdelpodio.com\\\/autos\\\/#\\\/schema\\\/logo\\\/image\\\/\"},\"sameAs\":[\"https:\\\/\\\/www.facebook.com\\\/profile.php?id=100057192590976&amp;amp;amp;amp;amp;amp;amp;amp;amp;amp;amp;amp;amp;amp;amp;amp;amp;amp;ref=ts\",\"https:\\\/\\\/x.com\\\/autosdelpodio\",\"https:\\\/\\\/www.youtube.com\\\/user\\\/AutosdelPodio\"]},{\"@type\":\"Person\",\"@id\":\"http:\\\/\\\/autosdelpodio.com\\\/autos\\\/#\\\/schema\\\/person\\\/e88353cabf768863fdf874e30120f3ba\",\"name\":\"wi022230\",\"image\":{\"@type\":\"ImageObject\",\"inLanguage\":\"es\",\"@id\":\"http:\\\/\\\/autosdelpodio.com\\\/autos\\\/wp-content\\\/litespeed\\\/avatar\\\/453fc9bdbb11d766ba4c7f14d0bd0aa9.jpg?ver=1777404874\",\"url\":\"http:\\\/\\\/autosdelpodio.com\\\/autos\\\/wp-content\\\/litespeed\\\/avatar\\\/453fc9bdbb11d766ba4c7f14d0bd0aa9.jpg?ver=1777404874\",\"contentUrl\":\"http:\\\/\\\/autosdelpodio.com\\\/autos\\\/wp-content\\\/litespeed\\\/avatar\\\/453fc9bdbb11d766ba4c7f14d0bd0aa9.jpg?ver=1777404874\",\"caption\":\"wi022230\"}}]}<\/script>\n<!-- \/ Yoast SEO plugin. -->","yoast_head_json":{"title":"Autos del Podio | Johnnito De Benedictis lider\u00f3 el momento de Ford","description":"Autos del Podio","robots":{"index":"index","follow":"follow","max-snippet":"max-snippet:-1","max-image-preview":"max-image-preview:large","max-video-preview":"max-video-preview:-1"},"canonical":"https:\/\/autosdelpodio.com\/autos\/johnnito-de-benedictis-lidero-el-momento-de-ford\/","og_locale":"es_ES","og_type":"article","og_title":"Autos del Podio | Johnnito De Benedictis lider\u00f3 el momento de Ford","og_description":"Autos del Podio","og_url":"https:\/\/autosdelpodio.com\/autos\/johnnito-de-benedictis-lidero-el-momento-de-ford\/","og_site_name":"Autos del Podio","article_publisher":"https:\/\/www.facebook.com\/profile.php?id=100057192590976&amp%3bamp%3bamp%3bamp%3bamp%3bamp%3bamp%3bamp%3bamp%3bamp%3bamp%3bamp%3bamp%3bamp%3bamp%3bamp%3bamp%3bamp%3bref=ts","article_published_time":"2013-04-15T00:39:08+00:00","author":"wi022230","twitter_card":"summary_large_image","twitter_creator":"@autosdelpodio","twitter_site":"@autosdelpodio","twitter_misc":{"Escrito por":"wi022230","Tiempo de lectura":"2 minutos"},"schema":{"@context":"https:\/\/schema.org","@graph":[{"@type":"Article","@id":"https:\/\/autosdelpodio.com\/autos\/johnnito-de-benedictis-lidero-el-momento-de-ford\/#article","isPartOf":{"@id":"https:\/\/autosdelpodio.com\/autos\/johnnito-de-benedictis-lidero-el-momento-de-ford\/"},"author":{"name":"wi022230","@id":"http:\/\/autosdelpodio.com\/autos\/#\/schema\/person\/e88353cabf768863fdf874e30120f3ba"},"headline":"Johnnito De Benedictis lider\u00f3 el momento de Ford","datePublished":"2013-04-15T00:39:08+00:00","mainEntityOfPage":{"@id":"https:\/\/autosdelpodio.com\/autos\/johnnito-de-benedictis-lidero-el-momento-de-ford\/"},"wordCount":366,"commentCount":0,"publisher":{"@id":"http:\/\/autosdelpodio.com\/autos\/#organization"},"articleSection":["\u00daltimas noticias"],"inLanguage":"es","potentialAction":[{"@type":"CommentAction","name":"Comment","target":["https:\/\/autosdelpodio.com\/autos\/johnnito-de-benedictis-lidero-el-momento-de-ford\/#respond"]}]},{"@type":"WebPage","@id":"https:\/\/autosdelpodio.com\/autos\/johnnito-de-benedictis-lidero-el-momento-de-ford\/","url":"https:\/\/autosdelpodio.com\/autos\/johnnito-de-benedictis-lidero-el-momento-de-ford\/","name":"Autos del Podio | Johnnito De Benedictis lider\u00f3 el momento de Ford","isPartOf":{"@id":"http:\/\/autosdelpodio.com\/autos\/#website"},"datePublished":"2013-04-15T00:39:08+00:00","description":"Autos del Podio","breadcrumb":{"@id":"https:\/\/autosdelpodio.com\/autos\/johnnito-de-benedictis-lidero-el-momento-de-ford\/#breadcrumb"},"inLanguage":"es","potentialAction":[{"@type":"ReadAction","target":["https:\/\/autosdelpodio.com\/autos\/johnnito-de-benedictis-lidero-el-momento-de-ford\/"]}]},{"@type":"BreadcrumbList","@id":"https:\/\/autosdelpodio.com\/autos\/johnnito-de-benedictis-lidero-el-momento-de-ford\/#breadcrumb","itemListElement":[{"@type":"ListItem","position":1,"name":"Portada","item":"http:\/\/autosdelpodio.com\/autos\/"},{"@type":"ListItem","position":2,"name":"Johnnito De Benedictis lider\u00f3 el momento de Ford"}]},{"@type":"WebSite","@id":"http:\/\/autosdelpodio.com\/autos\/#website","url":"http:\/\/autosdelpodio.com\/autos\/","name":"Autos del Podio","description":"La sexta del deporte motor","publisher":{"@id":"http:\/\/autosdelpodio.com\/autos\/#organization"},"potentialAction":[{"@type":"SearchAction","target":{"@type":"EntryPoint","urlTemplate":"http:\/\/autosdelpodio.com\/autos\/?s={search_term_string}"},"query-input":{"@type":"PropertyValueSpecification","valueRequired":true,"valueName":"search_term_string"}}],"inLanguage":"es"},{"@type":"Organization","@id":"http:\/\/autosdelpodio.com\/autos\/#organization","name":"Autos del Podio","url":"http:\/\/autosdelpodio.com\/autos\/","logo":{"@type":"ImageObject","inLanguage":"es","@id":"http:\/\/autosdelpodio.com\/autos\/#\/schema\/logo\/image\/","url":"http:\/\/autosdelpodio.com\/autos\/wp-content\/uploads\/2020\/08\/Logo_AR.jpg","contentUrl":"http:\/\/autosdelpodio.com\/autos\/wp-content\/uploads\/2020\/08\/Logo_AR.jpg","width":1038,"height":1044,"caption":"Autos del Podio"},"image":{"@id":"http:\/\/autosdelpodio.com\/autos\/#\/schema\/logo\/image\/"},"sameAs":["https:\/\/www.facebook.com\/profile.php?id=100057192590976&amp;amp;amp;amp;amp;amp;amp;amp;amp;amp;amp;amp;amp;amp;amp;amp;amp;amp;ref=ts","https:\/\/x.com\/autosdelpodio","https:\/\/www.youtube.com\/user\/AutosdelPodio"]},{"@type":"Person","@id":"http:\/\/autosdelpodio.com\/autos\/#\/schema\/person\/e88353cabf768863fdf874e30120f3ba","name":"wi022230","image":{"@type":"ImageObject","inLanguage":"es","@id":"http:\/\/autosdelpodio.com\/autos\/wp-content\/litespeed\/avatar\/453fc9bdbb11d766ba4c7f14d0bd0aa9.jpg?ver=1777404874","url":"http:\/\/autosdelpodio.com\/autos\/wp-content\/litespeed\/avatar\/453fc9bdbb11d766ba4c7f14d0bd0aa9.jpg?ver=1777404874","contentUrl":"http:\/\/autosdelpodio.com\/autos\/wp-content\/litespeed\/avatar\/453fc9bdbb11d766ba4c7f14d0bd0aa9.jpg?ver=1777404874","caption":"wi022230"}}]}},"views":844,"_links":{"self":[{"href":"http:\/\/autosdelpodio.com\/autos\/wp-json\/wp\/v2\/posts\/721","targetHints":{"allow":["GET"]}}],"collection":[{"href":"http:\/\/autosdelpodio.com\/autos\/wp-json\/wp\/v2\/posts"}],"about":[{"href":"http:\/\/autosdelpodio.com\/autos\/wp-json\/wp\/v2\/types\/post"}],"author":[{"embeddable":true,"href":"http:\/\/autosdelpodio.com\/autos\/wp-json\/wp\/v2\/users\/1"}],"replies":[{"embeddable":true,"href":"http:\/\/autosdelpodio.com\/autos\/wp-json\/wp\/v2\/comments?post=721"}],"version-history":[{"count":0,"href":"http:\/\/autosdelpodio.com\/autos\/wp-json\/wp\/v2\/posts\/721\/revisions"}],"wp:attachment":[{"href":"http:\/\/autosdelpodio.com\/autos\/wp-json\/wp\/v2\/media?parent=721"}],"wp:term":[{"taxonomy":"category","embeddable":true,"href":"http:\/\/autosdelpodio.com\/autos\/wp-json\/wp\/v2\/categories?post=721"},{"taxonomy":"post_tag","embeddable":true,"href":"http:\/\/autosdelpodio.com\/autos\/wp-json\/wp\/v2\/tags?post=721"}],"curies":[{"name":"wp","href":"https:\/\/api.w.org\/{rel}","templated":true}]}}