{"id":723,"date":"2013-04-16T01:51:49","date_gmt":"2013-04-16T01:51:49","guid":{"rendered":"http:\/\/autosdelpodio.com\/autos\/2013\/04\/16\/gabriel-pozzo-anuncio-que-correra-el-philip-led-rally-argentina-con-un-ford-fiesta-rs-wrc-del-equipo-m-sport\/"},"modified":"2013-04-16T01:51:49","modified_gmt":"2013-04-16T01:51:49","slug":"gabriel-pozzo-anuncio-que-correra-el-philip-led-rally-argentina-con-un-ford-fiesta-rs-wrc-del-equipo-m-sport","status":"publish","type":"post","link":"http:\/\/autosdelpodio.com\/autos\/gabriel-pozzo-anuncio-que-correra-el-philip-led-rally-argentina-con-un-ford-fiesta-rs-wrc-del-equipo-m-sport\/","title":{"rendered":"Gabriel Pozzo anunci\u00f3 que correr\u00e1 el Philip Led Rally Argentina con un Ford Fiesta  RS WRC del Equipo M-Sport"},"content":{"rendered":"<p><span style=\"text-align: justify; line-height: 1.3em;\">En la ma\u00f1ana de hoy, la Secretar\u00eda del Philips LED Rally Argentina 2013, la quinta fecha del Campeonato del Mundo de Rally que es organizada por el Autom\u00f3vil Club Argentino, recibi\u00f3 el pedido de cambio de veh\u00edculo en la inscripci\u00f3n del piloto cordob\u00e9s Gabriel Pozzo, quien correr\u00e1 el 33er. Rally Argentina con un Ford Fiesta RS WRC del equipo M-Sport y no a bordo del Mini Cooper WRC con el cual se hab\u00eda inscripto inicialmente.<\/span><\/p>\n<p>  <!--more-->  <\/p>\n<p><span style=\"line-height: 1.3em; text-align: justify;\">El campe\u00f3n del mundo del Grupo de Producci\u00f3n en la temporada 2001 confirm\u00f3 que estar\u00e1 iniciando el pr\u00f3ximo mi\u00e9rcoles 1 de mayo la competencia de automovilismo m\u00e1s importante de Argentina sobre una de las unidades oficiales del equipo que dirige Malcom Wilson.<\/span><\/p>\n<p style=\"text-align: justify;\"><span style=\"line-height: 1.3em;\">\u201cTen\u00eda un primer acercamiento con Mini, pero cuando estaba trabajando en el presupuesto para concretar ese proyecto surgi\u00f3 una posibilidad de correr en un Fiesta RS WRC del equipo M-Sport, y hoy es una gran alegr\u00eda para m\u00ed poder confirmar que estar\u00e9 en el Rally de Argentina sobre uno de los mejores autos que tiene el Campeonato Mundial\u201d dijo Pozzo.<\/span><\/p>\n<p style=\"text-align: justify;\"><span style=\"line-height: 1.3em;\">\u201cLa posibilidad de formar parte del equipo M-Sport surgi\u00f3 gracias al trabajo de Juli\u00e1n Cornaglia, un amigo m\u00edo y representante en Argentina del Astra Racing Italia y titular del \u201cDriving Academy\u201d. Precisamente fue Luca Pregliasco, el Team Manager del Astra Racing, quien intercedi\u00f3 con Malcom Wilson para poder usar en Argentina uno de los Fiesta que ellos ten\u00edan todav\u00eda disponibles. Todo fue muy r\u00e1pido y por suerte result\u00f3 muy bien\u201d coment\u00f3 el campe\u00f3n cordob\u00e9s.<\/span><\/p>\n<p style=\"text-align: justify;\"><span style=\"line-height: 1.3em;\">\u201cAhora mis expectativas son mayores, aunque tengo que ser consciente que estar\u00e9 manejando un auto nuevo, del cual tendr\u00e9 que conocer sus detalles mientras avanza la competencia. No me pongo grandes objetivos, s\u00ed terminar la competencia y ofrecerle a C\u00f3rdoba y a todos los seguidores de la carrera un buen representante en el mayor Rally de nuestro pa\u00eds\u201d expres\u00f3 Pozzo, quien concluy\u00f3 con un \u201cgran agradecimiento a todas las empresas que de una forma u otra han permitido que esto pueda ser una realidad\u201d.<\/span><\/p>\n<p style=\"text-align: justify;\"><span style=\"line-height: 1.3em;\">Pozzo tendr\u00e1 su primer contacto con el Fiesta RS WRC del equipo M-Sport en las pruebas libres que se realizar\u00e1n por la ma\u00f1ana del mi\u00e9rcoles 1 de mayo en el tramo Villa Garc\u00eda \u2013 Cabalango, all\u00ed comenzar\u00e1 un nuevo intento en su sue\u00f1o por correr en la m\u00e1xima categor\u00eda del Campeonato del Mundo de Rally.<\/span><\/p>\n<p>\u00a0<\/p>\n","protected":false},"excerpt":{"rendered":"<p>En la ma\u00f1ana de hoy, la Secretar\u00eda del Philips LED Rally Argentina 2013, la quinta fecha del Campeonato del Mundo<\/p>\n","protected":false},"author":1,"featured_media":0,"comment_status":"open","ping_status":"open","sticky":false,"template":"","format":"standard","meta":{"colormag_page_container_layout":"default_layout","colormag_page_sidebar_layout":"default_layout","footnotes":""},"categories":[5],"tags":[],"class_list":["post-723","post","type-post","status-publish","format-standard","hentry","category-latest-news"],"yoast_head":"<!-- This site is optimized with the Yoast SEO plugin v27.5 - https:\/\/yoast.com\/product\/yoast-seo-wordpress\/ -->\n<title>Autos del Podio | Gabriel Pozzo anunci\u00f3 que correr\u00e1 el Philip Led Rally Argentina con un Ford Fiesta RS WRC del Equipo M-Sport<\/title>\n<meta name=\"description\" content=\"Autos del Podio\" \/>\n<meta name=\"robots\" content=\"index, follow, max-snippet:-1, max-image-preview:large, max-video-preview:-1\" \/>\n<link rel=\"canonical\" href=\"http:\/\/autosdelpodio.com\/autos\/gabriel-pozzo-anuncio-que-correra-el-philip-led-rally-argentina-con-un-ford-fiesta-rs-wrc-del-equipo-m-sport\/\" \/>\n<meta property=\"og:locale\" content=\"es_ES\" \/>\n<meta property=\"og:type\" content=\"article\" \/>\n<meta property=\"og:title\" content=\"Autos del Podio | Gabriel Pozzo anunci\u00f3 que correr\u00e1 el Philip Led Rally Argentina con un Ford Fiesta RS WRC del Equipo M-Sport\" \/>\n<meta property=\"og:description\" content=\"Autos del Podio\" \/>\n<meta property=\"og:url\" content=\"http:\/\/autosdelpodio.com\/autos\/gabriel-pozzo-anuncio-que-correra-el-philip-led-rally-argentina-con-un-ford-fiesta-rs-wrc-del-equipo-m-sport\/\" \/>\n<meta property=\"og:site_name\" content=\"Autos del Podio\" \/>\n<meta property=\"article:publisher\" content=\"https:\/\/www.facebook.com\/profile.php?id=100057192590976&amp;amp%3bamp%3bamp%3bamp%3bamp%3bamp%3bamp%3bamp%3bamp%3bamp%3bamp%3bamp%3bamp%3bamp%3bamp%3bamp%3bamp%3bamp%3bref=ts\" \/>\n<meta property=\"article:published_time\" content=\"2013-04-16T01:51:49+00:00\" \/>\n<meta name=\"author\" content=\"wi022230\" \/>\n<meta name=\"twitter:card\" content=\"summary_large_image\" \/>\n<meta name=\"twitter:creator\" content=\"@autosdelpodio\" \/>\n<meta name=\"twitter:site\" content=\"@autosdelpodio\" \/>\n<meta name=\"twitter:label1\" content=\"Escrito por\" \/>\n\t<meta name=\"twitter:data1\" content=\"wi022230\" \/>\n\t<meta name=\"twitter:label2\" content=\"Tiempo de lectura\" \/>\n\t<meta name=\"twitter:data2\" content=\"2 minutos\" \/>\n<script type=\"application\/ld+json\" class=\"yoast-schema-graph\">{\"@context\":\"https:\\\/\\\/schema.org\",\"@graph\":[{\"@type\":\"Article\",\"@id\":\"http:\\\/\\\/autosdelpodio.com\\\/autos\\\/gabriel-pozzo-anuncio-que-correra-el-philip-led-rally-argentina-con-un-ford-fiesta-rs-wrc-del-equipo-m-sport\\\/#article\",\"isPartOf\":{\"@id\":\"http:\\\/\\\/autosdelpodio.com\\\/autos\\\/gabriel-pozzo-anuncio-que-correra-el-philip-led-rally-argentina-con-un-ford-fiesta-rs-wrc-del-equipo-m-sport\\\/\"},\"author\":{\"name\":\"wi022230\",\"@id\":\"http:\\\/\\\/autosdelpodio.com\\\/autos\\\/#\\\/schema\\\/person\\\/e88353cabf768863fdf874e30120f3ba\"},\"headline\":\"Gabriel Pozzo anunci\u00f3 que correr\u00e1 el Philip Led Rally Argentina con un Ford Fiesta RS WRC del Equipo M-Sport\",\"datePublished\":\"2013-04-16T01:51:49+00:00\",\"mainEntityOfPage\":{\"@id\":\"http:\\\/\\\/autosdelpodio.com\\\/autos\\\/gabriel-pozzo-anuncio-que-correra-el-philip-led-rally-argentina-con-un-ford-fiesta-rs-wrc-del-equipo-m-sport\\\/\"},\"wordCount\":434,\"commentCount\":0,\"publisher\":{\"@id\":\"http:\\\/\\\/autosdelpodio.com\\\/autos\\\/#organization\"},\"articleSection\":[\"\u00daltimas noticias\"],\"inLanguage\":\"es\",\"potentialAction\":[{\"@type\":\"CommentAction\",\"name\":\"Comment\",\"target\":[\"http:\\\/\\\/autosdelpodio.com\\\/autos\\\/gabriel-pozzo-anuncio-que-correra-el-philip-led-rally-argentina-con-un-ford-fiesta-rs-wrc-del-equipo-m-sport\\\/#respond\"]}]},{\"@type\":\"WebPage\",\"@id\":\"http:\\\/\\\/autosdelpodio.com\\\/autos\\\/gabriel-pozzo-anuncio-que-correra-el-philip-led-rally-argentina-con-un-ford-fiesta-rs-wrc-del-equipo-m-sport\\\/\",\"url\":\"http:\\\/\\\/autosdelpodio.com\\\/autos\\\/gabriel-pozzo-anuncio-que-correra-el-philip-led-rally-argentina-con-un-ford-fiesta-rs-wrc-del-equipo-m-sport\\\/\",\"name\":\"Autos del Podio | Gabriel Pozzo anunci\u00f3 que correr\u00e1 el Philip Led Rally Argentina con un Ford Fiesta RS WRC del Equipo M-Sport\",\"isPartOf\":{\"@id\":\"http:\\\/\\\/autosdelpodio.com\\\/autos\\\/#website\"},\"datePublished\":\"2013-04-16T01:51:49+00:00\",\"description\":\"Autos del Podio\",\"breadcrumb\":{\"@id\":\"http:\\\/\\\/autosdelpodio.com\\\/autos\\\/gabriel-pozzo-anuncio-que-correra-el-philip-led-rally-argentina-con-un-ford-fiesta-rs-wrc-del-equipo-m-sport\\\/#breadcrumb\"},\"inLanguage\":\"es\",\"potentialAction\":[{\"@type\":\"ReadAction\",\"target\":[\"http:\\\/\\\/autosdelpodio.com\\\/autos\\\/gabriel-pozzo-anuncio-que-correra-el-philip-led-rally-argentina-con-un-ford-fiesta-rs-wrc-del-equipo-m-sport\\\/\"]}]},{\"@type\":\"BreadcrumbList\",\"@id\":\"http:\\\/\\\/autosdelpodio.com\\\/autos\\\/gabriel-pozzo-anuncio-que-correra-el-philip-led-rally-argentina-con-un-ford-fiesta-rs-wrc-del-equipo-m-sport\\\/#breadcrumb\",\"itemListElement\":[{\"@type\":\"ListItem\",\"position\":1,\"name\":\"Portada\",\"item\":\"http:\\\/\\\/autosdelpodio.com\\\/autos\\\/\"},{\"@type\":\"ListItem\",\"position\":2,\"name\":\"Gabriel Pozzo anunci\u00f3 que correr\u00e1 el Philip Led Rally Argentina con un Ford Fiesta RS WRC del Equipo M-Sport\"}]},{\"@type\":\"WebSite\",\"@id\":\"http:\\\/\\\/autosdelpodio.com\\\/autos\\\/#website\",\"url\":\"http:\\\/\\\/autosdelpodio.com\\\/autos\\\/\",\"name\":\"Autos del Podio\",\"description\":\"La sexta del deporte motor\",\"publisher\":{\"@id\":\"http:\\\/\\\/autosdelpodio.com\\\/autos\\\/#organization\"},\"potentialAction\":[{\"@type\":\"SearchAction\",\"target\":{\"@type\":\"EntryPoint\",\"urlTemplate\":\"http:\\\/\\\/autosdelpodio.com\\\/autos\\\/?s={search_term_string}\"},\"query-input\":{\"@type\":\"PropertyValueSpecification\",\"valueRequired\":true,\"valueName\":\"search_term_string\"}}],\"inLanguage\":\"es\"},{\"@type\":\"Organization\",\"@id\":\"http:\\\/\\\/autosdelpodio.com\\\/autos\\\/#organization\",\"name\":\"Autos del Podio\",\"url\":\"http:\\\/\\\/autosdelpodio.com\\\/autos\\\/\",\"logo\":{\"@type\":\"ImageObject\",\"inLanguage\":\"es\",\"@id\":\"http:\\\/\\\/autosdelpodio.com\\\/autos\\\/#\\\/schema\\\/logo\\\/image\\\/\",\"url\":\"http:\\\/\\\/autosdelpodio.com\\\/autos\\\/wp-content\\\/uploads\\\/2020\\\/08\\\/Logo_AR.jpg\",\"contentUrl\":\"http:\\\/\\\/autosdelpodio.com\\\/autos\\\/wp-content\\\/uploads\\\/2020\\\/08\\\/Logo_AR.jpg\",\"width\":1038,\"height\":1044,\"caption\":\"Autos del Podio\"},\"image\":{\"@id\":\"http:\\\/\\\/autosdelpodio.com\\\/autos\\\/#\\\/schema\\\/logo\\\/image\\\/\"},\"sameAs\":[\"https:\\\/\\\/www.facebook.com\\\/profile.php?id=100057192590976&amp;amp;amp;amp;amp;amp;amp;amp;amp;amp;amp;amp;amp;amp;amp;amp;amp;amp;ref=ts\",\"https:\\\/\\\/x.com\\\/autosdelpodio\",\"https:\\\/\\\/www.youtube.com\\\/user\\\/AutosdelPodio\"]},{\"@type\":\"Person\",\"@id\":\"http:\\\/\\\/autosdelpodio.com\\\/autos\\\/#\\\/schema\\\/person\\\/e88353cabf768863fdf874e30120f3ba\",\"name\":\"wi022230\",\"image\":{\"@type\":\"ImageObject\",\"inLanguage\":\"es\",\"@id\":\"http:\\\/\\\/autosdelpodio.com\\\/autos\\\/wp-content\\\/litespeed\\\/avatar\\\/453fc9bdbb11d766ba4c7f14d0bd0aa9.jpg?ver=1777404874\",\"url\":\"http:\\\/\\\/autosdelpodio.com\\\/autos\\\/wp-content\\\/litespeed\\\/avatar\\\/453fc9bdbb11d766ba4c7f14d0bd0aa9.jpg?ver=1777404874\",\"contentUrl\":\"http:\\\/\\\/autosdelpodio.com\\\/autos\\\/wp-content\\\/litespeed\\\/avatar\\\/453fc9bdbb11d766ba4c7f14d0bd0aa9.jpg?ver=1777404874\",\"caption\":\"wi022230\"}}]}<\/script>\n<!-- \/ Yoast SEO plugin. -->","yoast_head_json":{"title":"Autos del Podio | Gabriel Pozzo anunci\u00f3 que correr\u00e1 el Philip Led Rally Argentina con un Ford Fiesta RS WRC del Equipo M-Sport","description":"Autos del Podio","robots":{"index":"index","follow":"follow","max-snippet":"max-snippet:-1","max-image-preview":"max-image-preview:large","max-video-preview":"max-video-preview:-1"},"canonical":"http:\/\/autosdelpodio.com\/autos\/gabriel-pozzo-anuncio-que-correra-el-philip-led-rally-argentina-con-un-ford-fiesta-rs-wrc-del-equipo-m-sport\/","og_locale":"es_ES","og_type":"article","og_title":"Autos del Podio | Gabriel Pozzo anunci\u00f3 que correr\u00e1 el Philip Led Rally Argentina con un Ford Fiesta RS WRC del Equipo M-Sport","og_description":"Autos del Podio","og_url":"http:\/\/autosdelpodio.com\/autos\/gabriel-pozzo-anuncio-que-correra-el-philip-led-rally-argentina-con-un-ford-fiesta-rs-wrc-del-equipo-m-sport\/","og_site_name":"Autos del Podio","article_publisher":"https:\/\/www.facebook.com\/profile.php?id=100057192590976&amp%3bamp%3bamp%3bamp%3bamp%3bamp%3bamp%3bamp%3bamp%3bamp%3bamp%3bamp%3bamp%3bamp%3bamp%3bamp%3bamp%3bamp%3bref=ts","article_published_time":"2013-04-16T01:51:49+00:00","author":"wi022230","twitter_card":"summary_large_image","twitter_creator":"@autosdelpodio","twitter_site":"@autosdelpodio","twitter_misc":{"Escrito por":"wi022230","Tiempo de lectura":"2 minutos"},"schema":{"@context":"https:\/\/schema.org","@graph":[{"@type":"Article","@id":"http:\/\/autosdelpodio.com\/autos\/gabriel-pozzo-anuncio-que-correra-el-philip-led-rally-argentina-con-un-ford-fiesta-rs-wrc-del-equipo-m-sport\/#article","isPartOf":{"@id":"http:\/\/autosdelpodio.com\/autos\/gabriel-pozzo-anuncio-que-correra-el-philip-led-rally-argentina-con-un-ford-fiesta-rs-wrc-del-equipo-m-sport\/"},"author":{"name":"wi022230","@id":"http:\/\/autosdelpodio.com\/autos\/#\/schema\/person\/e88353cabf768863fdf874e30120f3ba"},"headline":"Gabriel Pozzo anunci\u00f3 que correr\u00e1 el Philip Led Rally Argentina con un Ford Fiesta RS WRC del Equipo M-Sport","datePublished":"2013-04-16T01:51:49+00:00","mainEntityOfPage":{"@id":"http:\/\/autosdelpodio.com\/autos\/gabriel-pozzo-anuncio-que-correra-el-philip-led-rally-argentina-con-un-ford-fiesta-rs-wrc-del-equipo-m-sport\/"},"wordCount":434,"commentCount":0,"publisher":{"@id":"http:\/\/autosdelpodio.com\/autos\/#organization"},"articleSection":["\u00daltimas noticias"],"inLanguage":"es","potentialAction":[{"@type":"CommentAction","name":"Comment","target":["http:\/\/autosdelpodio.com\/autos\/gabriel-pozzo-anuncio-que-correra-el-philip-led-rally-argentina-con-un-ford-fiesta-rs-wrc-del-equipo-m-sport\/#respond"]}]},{"@type":"WebPage","@id":"http:\/\/autosdelpodio.com\/autos\/gabriel-pozzo-anuncio-que-correra-el-philip-led-rally-argentina-con-un-ford-fiesta-rs-wrc-del-equipo-m-sport\/","url":"http:\/\/autosdelpodio.com\/autos\/gabriel-pozzo-anuncio-que-correra-el-philip-led-rally-argentina-con-un-ford-fiesta-rs-wrc-del-equipo-m-sport\/","name":"Autos del Podio | Gabriel Pozzo anunci\u00f3 que correr\u00e1 el Philip Led Rally Argentina con un Ford Fiesta RS WRC del Equipo M-Sport","isPartOf":{"@id":"http:\/\/autosdelpodio.com\/autos\/#website"},"datePublished":"2013-04-16T01:51:49+00:00","description":"Autos del Podio","breadcrumb":{"@id":"http:\/\/autosdelpodio.com\/autos\/gabriel-pozzo-anuncio-que-correra-el-philip-led-rally-argentina-con-un-ford-fiesta-rs-wrc-del-equipo-m-sport\/#breadcrumb"},"inLanguage":"es","potentialAction":[{"@type":"ReadAction","target":["http:\/\/autosdelpodio.com\/autos\/gabriel-pozzo-anuncio-que-correra-el-philip-led-rally-argentina-con-un-ford-fiesta-rs-wrc-del-equipo-m-sport\/"]}]},{"@type":"BreadcrumbList","@id":"http:\/\/autosdelpodio.com\/autos\/gabriel-pozzo-anuncio-que-correra-el-philip-led-rally-argentina-con-un-ford-fiesta-rs-wrc-del-equipo-m-sport\/#breadcrumb","itemListElement":[{"@type":"ListItem","position":1,"name":"Portada","item":"http:\/\/autosdelpodio.com\/autos\/"},{"@type":"ListItem","position":2,"name":"Gabriel Pozzo anunci\u00f3 que correr\u00e1 el Philip Led Rally Argentina con un Ford Fiesta RS WRC del Equipo M-Sport"}]},{"@type":"WebSite","@id":"http:\/\/autosdelpodio.com\/autos\/#website","url":"http:\/\/autosdelpodio.com\/autos\/","name":"Autos del Podio","description":"La sexta del deporte motor","publisher":{"@id":"http:\/\/autosdelpodio.com\/autos\/#organization"},"potentialAction":[{"@type":"SearchAction","target":{"@type":"EntryPoint","urlTemplate":"http:\/\/autosdelpodio.com\/autos\/?s={search_term_string}"},"query-input":{"@type":"PropertyValueSpecification","valueRequired":true,"valueName":"search_term_string"}}],"inLanguage":"es"},{"@type":"Organization","@id":"http:\/\/autosdelpodio.com\/autos\/#organization","name":"Autos del Podio","url":"http:\/\/autosdelpodio.com\/autos\/","logo":{"@type":"ImageObject","inLanguage":"es","@id":"http:\/\/autosdelpodio.com\/autos\/#\/schema\/logo\/image\/","url":"http:\/\/autosdelpodio.com\/autos\/wp-content\/uploads\/2020\/08\/Logo_AR.jpg","contentUrl":"http:\/\/autosdelpodio.com\/autos\/wp-content\/uploads\/2020\/08\/Logo_AR.jpg","width":1038,"height":1044,"caption":"Autos del Podio"},"image":{"@id":"http:\/\/autosdelpodio.com\/autos\/#\/schema\/logo\/image\/"},"sameAs":["https:\/\/www.facebook.com\/profile.php?id=100057192590976&amp;amp;amp;amp;amp;amp;amp;amp;amp;amp;amp;amp;amp;amp;amp;amp;amp;amp;ref=ts","https:\/\/x.com\/autosdelpodio","https:\/\/www.youtube.com\/user\/AutosdelPodio"]},{"@type":"Person","@id":"http:\/\/autosdelpodio.com\/autos\/#\/schema\/person\/e88353cabf768863fdf874e30120f3ba","name":"wi022230","image":{"@type":"ImageObject","inLanguage":"es","@id":"http:\/\/autosdelpodio.com\/autos\/wp-content\/litespeed\/avatar\/453fc9bdbb11d766ba4c7f14d0bd0aa9.jpg?ver=1777404874","url":"http:\/\/autosdelpodio.com\/autos\/wp-content\/litespeed\/avatar\/453fc9bdbb11d766ba4c7f14d0bd0aa9.jpg?ver=1777404874","contentUrl":"http:\/\/autosdelpodio.com\/autos\/wp-content\/litespeed\/avatar\/453fc9bdbb11d766ba4c7f14d0bd0aa9.jpg?ver=1777404874","caption":"wi022230"}}]}},"views":461,"_links":{"self":[{"href":"http:\/\/autosdelpodio.com\/autos\/wp-json\/wp\/v2\/posts\/723","targetHints":{"allow":["GET"]}}],"collection":[{"href":"http:\/\/autosdelpodio.com\/autos\/wp-json\/wp\/v2\/posts"}],"about":[{"href":"http:\/\/autosdelpodio.com\/autos\/wp-json\/wp\/v2\/types\/post"}],"author":[{"embeddable":true,"href":"http:\/\/autosdelpodio.com\/autos\/wp-json\/wp\/v2\/users\/1"}],"replies":[{"embeddable":true,"href":"http:\/\/autosdelpodio.com\/autos\/wp-json\/wp\/v2\/comments?post=723"}],"version-history":[{"count":0,"href":"http:\/\/autosdelpodio.com\/autos\/wp-json\/wp\/v2\/posts\/723\/revisions"}],"wp:attachment":[{"href":"http:\/\/autosdelpodio.com\/autos\/wp-json\/wp\/v2\/media?parent=723"}],"wp:term":[{"taxonomy":"category","embeddable":true,"href":"http:\/\/autosdelpodio.com\/autos\/wp-json\/wp\/v2\/categories?post=723"},{"taxonomy":"post_tag","embeddable":true,"href":"http:\/\/autosdelpodio.com\/autos\/wp-json\/wp\/v2\/tags?post=723"}],"curies":[{"name":"wp","href":"https:\/\/api.w.org\/{rel}","templated":true}]}}