{"id":7297,"date":"2023-12-06T16:39:33","date_gmt":"2023-12-06T19:39:33","guid":{"rendered":"http:\/\/autosdelpodio.com\/autos\/?p=7297"},"modified":"2023-12-06T16:40:09","modified_gmt":"2023-12-06T19:40:09","slug":"dos-campeones-de-tc-meten-cambio","status":"publish","type":"post","link":"http:\/\/autosdelpodio.com\/autos\/dos-campeones-de-tc-meten-cambio\/","title":{"rendered":"Dos campeones de TC meten cambio"},"content":{"rendered":"\n<p>La CAF de la ACTC comunicado mediante inform\u00f3 que tanto Jos\u00e9 Manuel Urcera como Norberto Fontana podr\u00e1n cambiar de marca para la temporada 2024 de Turismo Carretera.<br>Ni bien culminada <a href=\"http:\/\/autosdelpodio.com\/autos\/la-tercera-estrella\/\" target=\"_blank\" rel=\"noreferrer noopener\">la temporada 2023 de TC en favor de Mariano Werner<\/a>, la Comisi\u00f3n Asesora Fiscalizadora no solo detall\u00f3 los ascensos, sino que tambi\u00e9n habilit\u00f3 a 5 pilotos a competir con otra marca.<br><a href=\"http:\/\/autosdelpodio.com\/autos\/manu-urcera-campeon-de-tc\/\" target=\"_blank\" rel=\"noreferrer noopener\">El campe\u00f3n 2022 Manu Urcera<\/a> dejar\u00e1 Torino y el Maquin Parts para correr con Ford en el team de Emanuel Moriatis.<br>Norberto Fontana, laureado en 2006, cerr\u00f3 su etapa en el Rus Med Team para volver a Chevrolet.<br>En el caso de los 3 volantes restantes, Marcos Quijada, pasar\u00e1 de Dodge a Chevrolet Camaro en el Equipo Uranga Racing.Valent\u00edn Aguirre seguir\u00e1 dentro del JP Carrera ya sin Dodge para subirse a un Chevrolet. Y Juan Cruz Benvenuti, se ir\u00e1 del Trotta Racing para incursionar con un Chevrolet, en el Equipo Alifraco Sport.<\/p>\n","protected":false},"excerpt":{"rendered":"<p>La CAF de la ACTC comunicado mediante inform\u00f3 que tanto Jos\u00e9 Manuel Urcera como Norberto Fontana podr\u00e1n cambiar de marca<\/p>\n","protected":false},"author":3,"featured_media":5118,"comment_status":"open","ping_status":"open","sticky":false,"template":"","format":"standard","meta":{"colormag_page_container_layout":"default_layout","colormag_page_sidebar_layout":"default_layout","footnotes":""},"categories":[6,5],"tags":[143,82,387,85,779,39],"class_list":["post-7297","post","type-post","status-publish","format-standard","has-post-thumbnail","hentry","category-newsflash","category-latest-news","tag-actc","tag-campeones","tag-manu-urcera","tag-mercado-de-pases","tag-norberto-fontana","tag-turismo-carretera"],"yoast_head":"<!-- This site is optimized with the Yoast SEO plugin v27.4 - https:\/\/yoast.com\/product\/yoast-seo-wordpress\/ -->\n<title>Autos del Podio | Dos campeones de TC meten cambio<\/title>\n<meta name=\"description\" content=\"Autos del Podio Cinco pilotos del TC competir\u00e1n con otra marca en 2024\" \/>\n<meta name=\"robots\" content=\"index, follow, max-snippet:-1, max-image-preview:large, max-video-preview:-1\" \/>\n<link rel=\"canonical\" href=\"http:\/\/autosdelpodio.com\/autos\/dos-campeones-de-tc-meten-cambio\/\" \/>\n<meta property=\"og:locale\" content=\"es_ES\" \/>\n<meta property=\"og:type\" content=\"article\" \/>\n<meta property=\"og:title\" content=\"Autos del Podio | Dos campeones de TC meten cambio\" \/>\n<meta property=\"og:description\" content=\"Autos del Podio Cinco pilotos del TC competir\u00e1n con otra marca en 2024\" \/>\n<meta property=\"og:url\" content=\"http:\/\/autosdelpodio.com\/autos\/dos-campeones-de-tc-meten-cambio\/\" \/>\n<meta property=\"og:site_name\" content=\"Autos del Podio\" \/>\n<meta property=\"article:publisher\" content=\"https:\/\/www.facebook.com\/profile.php?id=100057192590976&amp;amp%3bamp%3bamp%3bamp%3bamp%3bamp%3bamp%3bamp%3bamp%3bamp%3bamp%3bamp%3bamp%3bamp%3bamp%3bamp%3bamp%3bamp%3bref=ts\" \/>\n<meta property=\"article:published_time\" content=\"2023-12-06T19:39:33+00:00\" \/>\n<meta property=\"article:modified_time\" content=\"2023-12-06T19:40:09+00:00\" \/>\n<meta property=\"og:image\" content=\"http:\/\/autosdelpodio.com\/autos\/wp-content\/uploads\/2021\/11\/Logo_Torino.jpg\" \/>\n\t<meta property=\"og:image:width\" content=\"500\" \/>\n\t<meta property=\"og:image:height\" content=\"300\" \/>\n\t<meta property=\"og:image:type\" content=\"image\/jpeg\" \/>\n<meta name=\"author\" content=\"autosdelpodio\" \/>\n<meta name=\"twitter:card\" content=\"summary_large_image\" \/>\n<meta name=\"twitter:creator\" content=\"@autosdelpodio\" \/>\n<meta name=\"twitter:site\" content=\"@autosdelpodio\" \/>\n<meta name=\"twitter:label1\" content=\"Escrito por\" \/>\n\t<meta name=\"twitter:data1\" content=\"autosdelpodio\" \/>\n\t<meta name=\"twitter:label2\" content=\"Tiempo de lectura\" \/>\n\t<meta name=\"twitter:data2\" content=\"1 minuto\" \/>\n<script type=\"application\/ld+json\" class=\"yoast-schema-graph\">{\"@context\":\"https:\\\/\\\/schema.org\",\"@graph\":[{\"@type\":\"Article\",\"@id\":\"http:\\\/\\\/autosdelpodio.com\\\/autos\\\/dos-campeones-de-tc-meten-cambio\\\/#article\",\"isPartOf\":{\"@id\":\"http:\\\/\\\/autosdelpodio.com\\\/autos\\\/dos-campeones-de-tc-meten-cambio\\\/\"},\"author\":{\"name\":\"autosdelpodio\",\"@id\":\"http:\\\/\\\/autosdelpodio.com\\\/autos\\\/#\\\/schema\\\/person\\\/993527a4d01c3acdd3d6bce3770bc942\"},\"headline\":\"Dos campeones de TC meten cambio\",\"datePublished\":\"2023-12-06T19:39:33+00:00\",\"dateModified\":\"2023-12-06T19:40:09+00:00\",\"mainEntityOfPage\":{\"@id\":\"http:\\\/\\\/autosdelpodio.com\\\/autos\\\/dos-campeones-de-tc-meten-cambio\\\/\"},\"wordCount\":159,\"commentCount\":0,\"publisher\":{\"@id\":\"http:\\\/\\\/autosdelpodio.com\\\/autos\\\/#organization\"},\"image\":{\"@id\":\"http:\\\/\\\/autosdelpodio.com\\\/autos\\\/dos-campeones-de-tc-meten-cambio\\\/#primaryimage\"},\"thumbnailUrl\":\"http:\\\/\\\/autosdelpodio.com\\\/autos\\\/wp-content\\\/uploads\\\/2021\\\/11\\\/Logo_Torino.jpg\",\"keywords\":[\"ACTC\",\"Campeones\",\"Manu Urcera\",\"Mercado de Pases\",\"Norberto Fontana\",\"Turismo Carretera\"],\"articleSection\":[\"Destacado\",\"\u00daltimas noticias\"],\"inLanguage\":\"es\",\"potentialAction\":[{\"@type\":\"CommentAction\",\"name\":\"Comment\",\"target\":[\"http:\\\/\\\/autosdelpodio.com\\\/autos\\\/dos-campeones-de-tc-meten-cambio\\\/#respond\"]}]},{\"@type\":\"WebPage\",\"@id\":\"http:\\\/\\\/autosdelpodio.com\\\/autos\\\/dos-campeones-de-tc-meten-cambio\\\/\",\"url\":\"http:\\\/\\\/autosdelpodio.com\\\/autos\\\/dos-campeones-de-tc-meten-cambio\\\/\",\"name\":\"Autos del Podio | Dos campeones de TC meten cambio\",\"isPartOf\":{\"@id\":\"http:\\\/\\\/autosdelpodio.com\\\/autos\\\/#website\"},\"primaryImageOfPage\":{\"@id\":\"http:\\\/\\\/autosdelpodio.com\\\/autos\\\/dos-campeones-de-tc-meten-cambio\\\/#primaryimage\"},\"image\":{\"@id\":\"http:\\\/\\\/autosdelpodio.com\\\/autos\\\/dos-campeones-de-tc-meten-cambio\\\/#primaryimage\"},\"thumbnailUrl\":\"http:\\\/\\\/autosdelpodio.com\\\/autos\\\/wp-content\\\/uploads\\\/2021\\\/11\\\/Logo_Torino.jpg\",\"datePublished\":\"2023-12-06T19:39:33+00:00\",\"dateModified\":\"2023-12-06T19:40:09+00:00\",\"description\":\"Autos del Podio Cinco pilotos del TC competir\u00e1n con otra marca en 2024\",\"breadcrumb\":{\"@id\":\"http:\\\/\\\/autosdelpodio.com\\\/autos\\\/dos-campeones-de-tc-meten-cambio\\\/#breadcrumb\"},\"inLanguage\":\"es\",\"potentialAction\":[{\"@type\":\"ReadAction\",\"target\":[\"http:\\\/\\\/autosdelpodio.com\\\/autos\\\/dos-campeones-de-tc-meten-cambio\\\/\"]}]},{\"@type\":\"ImageObject\",\"inLanguage\":\"es\",\"@id\":\"http:\\\/\\\/autosdelpodio.com\\\/autos\\\/dos-campeones-de-tc-meten-cambio\\\/#primaryimage\",\"url\":\"http:\\\/\\\/autosdelpodio.com\\\/autos\\\/wp-content\\\/uploads\\\/2021\\\/11\\\/Logo_Torino.jpg\",\"contentUrl\":\"http:\\\/\\\/autosdelpodio.com\\\/autos\\\/wp-content\\\/uploads\\\/2021\\\/11\\\/Logo_Torino.jpg\",\"width\":500,\"height\":300},{\"@type\":\"BreadcrumbList\",\"@id\":\"http:\\\/\\\/autosdelpodio.com\\\/autos\\\/dos-campeones-de-tc-meten-cambio\\\/#breadcrumb\",\"itemListElement\":[{\"@type\":\"ListItem\",\"position\":1,\"name\":\"Portada\",\"item\":\"http:\\\/\\\/autosdelpodio.com\\\/autos\\\/\"},{\"@type\":\"ListItem\",\"position\":2,\"name\":\"Dos campeones de TC meten cambio\"}]},{\"@type\":\"WebSite\",\"@id\":\"http:\\\/\\\/autosdelpodio.com\\\/autos\\\/#website\",\"url\":\"http:\\\/\\\/autosdelpodio.com\\\/autos\\\/\",\"name\":\"Autos del Podio\",\"description\":\"La sexta del deporte motor\",\"publisher\":{\"@id\":\"http:\\\/\\\/autosdelpodio.com\\\/autos\\\/#organization\"},\"potentialAction\":[{\"@type\":\"SearchAction\",\"target\":{\"@type\":\"EntryPoint\",\"urlTemplate\":\"http:\\\/\\\/autosdelpodio.com\\\/autos\\\/?s={search_term_string}\"},\"query-input\":{\"@type\":\"PropertyValueSpecification\",\"valueRequired\":true,\"valueName\":\"search_term_string\"}}],\"inLanguage\":\"es\"},{\"@type\":\"Organization\",\"@id\":\"http:\\\/\\\/autosdelpodio.com\\\/autos\\\/#organization\",\"name\":\"Autos del Podio\",\"url\":\"http:\\\/\\\/autosdelpodio.com\\\/autos\\\/\",\"logo\":{\"@type\":\"ImageObject\",\"inLanguage\":\"es\",\"@id\":\"http:\\\/\\\/autosdelpodio.com\\\/autos\\\/#\\\/schema\\\/logo\\\/image\\\/\",\"url\":\"http:\\\/\\\/autosdelpodio.com\\\/autos\\\/wp-content\\\/uploads\\\/2020\\\/08\\\/Logo_AR.jpg\",\"contentUrl\":\"http:\\\/\\\/autosdelpodio.com\\\/autos\\\/wp-content\\\/uploads\\\/2020\\\/08\\\/Logo_AR.jpg\",\"width\":1038,\"height\":1044,\"caption\":\"Autos del Podio\"},\"image\":{\"@id\":\"http:\\\/\\\/autosdelpodio.com\\\/autos\\\/#\\\/schema\\\/logo\\\/image\\\/\"},\"sameAs\":[\"https:\\\/\\\/www.facebook.com\\\/profile.php?id=100057192590976&amp;amp;amp;amp;amp;amp;amp;amp;amp;amp;amp;amp;amp;amp;amp;amp;amp;amp;ref=ts\",\"https:\\\/\\\/x.com\\\/autosdelpodio\",\"https:\\\/\\\/www.youtube.com\\\/user\\\/AutosdelPodio\"]},{\"@type\":\"Person\",\"@id\":\"http:\\\/\\\/autosdelpodio.com\\\/autos\\\/#\\\/schema\\\/person\\\/993527a4d01c3acdd3d6bce3770bc942\",\"name\":\"autosdelpodio\",\"image\":{\"@type\":\"ImageObject\",\"inLanguage\":\"es\",\"@id\":\"http:\\\/\\\/autosdelpodio.com\\\/autos\\\/wp-content\\\/litespeed\\\/avatar\\\/aa8f65cd201a80f6b844f63278aa84af.jpg?ver=1776798175\",\"url\":\"http:\\\/\\\/autosdelpodio.com\\\/autos\\\/wp-content\\\/litespeed\\\/avatar\\\/aa8f65cd201a80f6b844f63278aa84af.jpg?ver=1776798175\",\"contentUrl\":\"http:\\\/\\\/autosdelpodio.com\\\/autos\\\/wp-content\\\/litespeed\\\/avatar\\\/aa8f65cd201a80f6b844f63278aa84af.jpg?ver=1776798175\",\"caption\":\"autosdelpodio\"}}]}<\/script>\n<!-- \/ Yoast SEO plugin. -->","yoast_head_json":{"title":"Autos del Podio | Dos campeones de TC meten cambio","description":"Autos del Podio Cinco pilotos del TC competir\u00e1n con otra marca en 2024","robots":{"index":"index","follow":"follow","max-snippet":"max-snippet:-1","max-image-preview":"max-image-preview:large","max-video-preview":"max-video-preview:-1"},"canonical":"http:\/\/autosdelpodio.com\/autos\/dos-campeones-de-tc-meten-cambio\/","og_locale":"es_ES","og_type":"article","og_title":"Autos del Podio | Dos campeones de TC meten cambio","og_description":"Autos del Podio Cinco pilotos del TC competir\u00e1n con otra marca en 2024","og_url":"http:\/\/autosdelpodio.com\/autos\/dos-campeones-de-tc-meten-cambio\/","og_site_name":"Autos del Podio","article_publisher":"https:\/\/www.facebook.com\/profile.php?id=100057192590976&amp%3bamp%3bamp%3bamp%3bamp%3bamp%3bamp%3bamp%3bamp%3bamp%3bamp%3bamp%3bamp%3bamp%3bamp%3bamp%3bamp%3bamp%3bref=ts","article_published_time":"2023-12-06T19:39:33+00:00","article_modified_time":"2023-12-06T19:40:09+00:00","og_image":[{"width":500,"height":300,"url":"http:\/\/autosdelpodio.com\/autos\/wp-content\/uploads\/2021\/11\/Logo_Torino.jpg","type":"image\/jpeg"}],"author":"autosdelpodio","twitter_card":"summary_large_image","twitter_creator":"@autosdelpodio","twitter_site":"@autosdelpodio","twitter_misc":{"Escrito por":"autosdelpodio","Tiempo de lectura":"1 minuto"},"schema":{"@context":"https:\/\/schema.org","@graph":[{"@type":"Article","@id":"http:\/\/autosdelpodio.com\/autos\/dos-campeones-de-tc-meten-cambio\/#article","isPartOf":{"@id":"http:\/\/autosdelpodio.com\/autos\/dos-campeones-de-tc-meten-cambio\/"},"author":{"name":"autosdelpodio","@id":"http:\/\/autosdelpodio.com\/autos\/#\/schema\/person\/993527a4d01c3acdd3d6bce3770bc942"},"headline":"Dos campeones de TC meten cambio","datePublished":"2023-12-06T19:39:33+00:00","dateModified":"2023-12-06T19:40:09+00:00","mainEntityOfPage":{"@id":"http:\/\/autosdelpodio.com\/autos\/dos-campeones-de-tc-meten-cambio\/"},"wordCount":159,"commentCount":0,"publisher":{"@id":"http:\/\/autosdelpodio.com\/autos\/#organization"},"image":{"@id":"http:\/\/autosdelpodio.com\/autos\/dos-campeones-de-tc-meten-cambio\/#primaryimage"},"thumbnailUrl":"http:\/\/autosdelpodio.com\/autos\/wp-content\/uploads\/2021\/11\/Logo_Torino.jpg","keywords":["ACTC","Campeones","Manu Urcera","Mercado de Pases","Norberto Fontana","Turismo Carretera"],"articleSection":["Destacado","\u00daltimas noticias"],"inLanguage":"es","potentialAction":[{"@type":"CommentAction","name":"Comment","target":["http:\/\/autosdelpodio.com\/autos\/dos-campeones-de-tc-meten-cambio\/#respond"]}]},{"@type":"WebPage","@id":"http:\/\/autosdelpodio.com\/autos\/dos-campeones-de-tc-meten-cambio\/","url":"http:\/\/autosdelpodio.com\/autos\/dos-campeones-de-tc-meten-cambio\/","name":"Autos del Podio | Dos campeones de TC meten cambio","isPartOf":{"@id":"http:\/\/autosdelpodio.com\/autos\/#website"},"primaryImageOfPage":{"@id":"http:\/\/autosdelpodio.com\/autos\/dos-campeones-de-tc-meten-cambio\/#primaryimage"},"image":{"@id":"http:\/\/autosdelpodio.com\/autos\/dos-campeones-de-tc-meten-cambio\/#primaryimage"},"thumbnailUrl":"http:\/\/autosdelpodio.com\/autos\/wp-content\/uploads\/2021\/11\/Logo_Torino.jpg","datePublished":"2023-12-06T19:39:33+00:00","dateModified":"2023-12-06T19:40:09+00:00","description":"Autos del Podio Cinco pilotos del TC competir\u00e1n con otra marca en 2024","breadcrumb":{"@id":"http:\/\/autosdelpodio.com\/autos\/dos-campeones-de-tc-meten-cambio\/#breadcrumb"},"inLanguage":"es","potentialAction":[{"@type":"ReadAction","target":["http:\/\/autosdelpodio.com\/autos\/dos-campeones-de-tc-meten-cambio\/"]}]},{"@type":"ImageObject","inLanguage":"es","@id":"http:\/\/autosdelpodio.com\/autos\/dos-campeones-de-tc-meten-cambio\/#primaryimage","url":"http:\/\/autosdelpodio.com\/autos\/wp-content\/uploads\/2021\/11\/Logo_Torino.jpg","contentUrl":"http:\/\/autosdelpodio.com\/autos\/wp-content\/uploads\/2021\/11\/Logo_Torino.jpg","width":500,"height":300},{"@type":"BreadcrumbList","@id":"http:\/\/autosdelpodio.com\/autos\/dos-campeones-de-tc-meten-cambio\/#breadcrumb","itemListElement":[{"@type":"ListItem","position":1,"name":"Portada","item":"http:\/\/autosdelpodio.com\/autos\/"},{"@type":"ListItem","position":2,"name":"Dos campeones de TC meten cambio"}]},{"@type":"WebSite","@id":"http:\/\/autosdelpodio.com\/autos\/#website","url":"http:\/\/autosdelpodio.com\/autos\/","name":"Autos del Podio","description":"La sexta del deporte motor","publisher":{"@id":"http:\/\/autosdelpodio.com\/autos\/#organization"},"potentialAction":[{"@type":"SearchAction","target":{"@type":"EntryPoint","urlTemplate":"http:\/\/autosdelpodio.com\/autos\/?s={search_term_string}"},"query-input":{"@type":"PropertyValueSpecification","valueRequired":true,"valueName":"search_term_string"}}],"inLanguage":"es"},{"@type":"Organization","@id":"http:\/\/autosdelpodio.com\/autos\/#organization","name":"Autos del Podio","url":"http:\/\/autosdelpodio.com\/autos\/","logo":{"@type":"ImageObject","inLanguage":"es","@id":"http:\/\/autosdelpodio.com\/autos\/#\/schema\/logo\/image\/","url":"http:\/\/autosdelpodio.com\/autos\/wp-content\/uploads\/2020\/08\/Logo_AR.jpg","contentUrl":"http:\/\/autosdelpodio.com\/autos\/wp-content\/uploads\/2020\/08\/Logo_AR.jpg","width":1038,"height":1044,"caption":"Autos del Podio"},"image":{"@id":"http:\/\/autosdelpodio.com\/autos\/#\/schema\/logo\/image\/"},"sameAs":["https:\/\/www.facebook.com\/profile.php?id=100057192590976&amp;amp;amp;amp;amp;amp;amp;amp;amp;amp;amp;amp;amp;amp;amp;amp;amp;amp;ref=ts","https:\/\/x.com\/autosdelpodio","https:\/\/www.youtube.com\/user\/AutosdelPodio"]},{"@type":"Person","@id":"http:\/\/autosdelpodio.com\/autos\/#\/schema\/person\/993527a4d01c3acdd3d6bce3770bc942","name":"autosdelpodio","image":{"@type":"ImageObject","inLanguage":"es","@id":"http:\/\/autosdelpodio.com\/autos\/wp-content\/litespeed\/avatar\/aa8f65cd201a80f6b844f63278aa84af.jpg?ver=1776798175","url":"http:\/\/autosdelpodio.com\/autos\/wp-content\/litespeed\/avatar\/aa8f65cd201a80f6b844f63278aa84af.jpg?ver=1776798175","contentUrl":"http:\/\/autosdelpodio.com\/autos\/wp-content\/litespeed\/avatar\/aa8f65cd201a80f6b844f63278aa84af.jpg?ver=1776798175","caption":"autosdelpodio"}}]}},"views":344,"_links":{"self":[{"href":"http:\/\/autosdelpodio.com\/autos\/wp-json\/wp\/v2\/posts\/7297","targetHints":{"allow":["GET"]}}],"collection":[{"href":"http:\/\/autosdelpodio.com\/autos\/wp-json\/wp\/v2\/posts"}],"about":[{"href":"http:\/\/autosdelpodio.com\/autos\/wp-json\/wp\/v2\/types\/post"}],"author":[{"embeddable":true,"href":"http:\/\/autosdelpodio.com\/autos\/wp-json\/wp\/v2\/users\/3"}],"replies":[{"embeddable":true,"href":"http:\/\/autosdelpodio.com\/autos\/wp-json\/wp\/v2\/comments?post=7297"}],"version-history":[{"count":1,"href":"http:\/\/autosdelpodio.com\/autos\/wp-json\/wp\/v2\/posts\/7297\/revisions"}],"predecessor-version":[{"id":7298,"href":"http:\/\/autosdelpodio.com\/autos\/wp-json\/wp\/v2\/posts\/7297\/revisions\/7298"}],"wp:featuredmedia":[{"embeddable":true,"href":"http:\/\/autosdelpodio.com\/autos\/wp-json\/wp\/v2\/media\/5118"}],"wp:attachment":[{"href":"http:\/\/autosdelpodio.com\/autos\/wp-json\/wp\/v2\/media?parent=7297"}],"wp:term":[{"taxonomy":"category","embeddable":true,"href":"http:\/\/autosdelpodio.com\/autos\/wp-json\/wp\/v2\/categories?post=7297"},{"taxonomy":"post_tag","embeddable":true,"href":"http:\/\/autosdelpodio.com\/autos\/wp-json\/wp\/v2\/tags?post=7297"}],"curies":[{"name":"wp","href":"https:\/\/api.w.org\/{rel}","templated":true}]}}