{"id":7311,"date":"2023-12-17T14:08:53","date_gmt":"2023-12-17T17:08:53","guid":{"rendered":"http:\/\/autosdelpodio.com\/autos\/?p=7311"},"modified":"2023-12-17T14:08:55","modified_gmt":"2023-12-17T17:08:55","slug":"triunfo-y-campeonato-para-josito","status":"publish","type":"post","link":"http:\/\/autosdelpodio.com\/autos\/triunfo-y-campeonato-para-josito\/","title":{"rendered":"Triunfo y campeonato para Josito"},"content":{"rendered":"\n<p>En el Coronaci\u00f3n del TRV6 que se disput\u00f3 en el aut\u00f3dromo uruguayense de Concepci\u00f3n Josito Di Palma, que llegaba como m\u00e1ximo candidato pudo levantar por primera vez la Copa.<br>El piloto del Octanos Competici\u00f3n corri\u00f3 durante todo el fin de semana a sabiendas que sus rivales el bicampe\u00f3n saliente Diego Azar y Marcelo Ciarrocchi lo iban a tener a raya.De hecho tanto en el Sprint sabatino como en la final de Domingo el podio repiti\u00f3 a los protagonistas mencionados pero con alternancia en sus escalones.<br>En la divisional menor TR Series tambi\u00e9n hubo definici\u00f3n y la misma fue en favor de Lucas Bohdanowicz.<br>Una vez mas un apellido de fuste dentro del automovilismo nacional como el de Di Palma vuelve a hacer historia.El nieto del viejo Luis Rub\u00e9n, el hijo de Jos\u00e9 Luis.El campe\u00f3n argentino de Top Race V6 temporada 2023.<\/p>\n\n\n\n<p><strong>Final TRV6 &#8211; Entre Rios &#8211; Fecha 12<\/strong><\/p>\n\n\n\n<figure class=\"wp-block-table\"><table><tbody><tr><td>1<\/td><td>2<\/td><td>LUIS JOS\u00c9 DI PLAMA (h)<\/td><td>FIAT<\/td><td>21<\/td><td>32;45.900<\/td><td><\/td><\/tr><tr><td>2<\/td><td>1<\/td><td>DIEGO AZAR<\/td><td>LEXUS<\/td><td>21<\/td><td>32;53.089<\/td><td>7.189<\/td><\/tr><tr><td>3<\/td><td>40<\/td><td>MARCELO CIARROCCHII<\/td><td>FORD<\/td><td>21<\/td><td>32;58.764<\/td><td>12.864<\/td><\/tr><tr><td>4<\/td><td>97<\/td><td>TOM\u00c1S CINGOLANI<\/td><td>LEXUS<\/td><td>21<\/td><td>33;09.514<\/td><td>23.614<\/td><\/tr><tr><td>5<\/td><td>33<\/td><td>JOS\u00c9 MANUEL SAPAG<\/td><td>LEXUS<\/td><td>21<\/td><td>33;14.283<\/td><td>28.383<\/td><\/tr><tr><td>6<\/td><td>3<\/td><td>KEVIN FELIPPO<\/td><td>MERCEDES BENZ<\/td><td>21<\/td><td>33;23.428<\/td><td>37.528<\/td><\/tr><tr><td>7<\/td><td>11<\/td><td>FIGGO BESSONE<\/td><td>LEXUS<\/td><td>21<\/td><td>33;28.349<\/td><td>42.449<\/td><\/tr><tr><td>8<\/td><td>88<\/td><td>ADRI\u00c1N CHIRIANO<\/td><td>MERCEDES BENZ<\/td><td>21<\/td><td>33;42.684<\/td><td>56.784<\/td><\/tr><tr><td>9<\/td><td>90<\/td><td>MICHELL BONNIN<\/td><td>FORD<\/td><td>21<\/td><td>33;51.030<\/td><td>1;05.130<\/td><\/tr><tr><td>10<\/td><td>87<\/td><td>LUCAS GUERRA<\/td><td>CHEVROLET<\/td><td>18<\/td><td>28;11.143<\/td><td>3 vtas<\/td><\/tr><tr><td>11<\/td><td>32<\/td><td>NORBERTO GROSSO<\/td><td>FORD<\/td><td>18<\/td><td>31;23.065<\/td><td>3 vtas<\/td><\/tr><tr><td>12<\/td><td>83<\/td><td>FACUNDO ALDRIGHETTI<\/td><td>LEXUS<\/td><td>16<\/td><td>26;23.401<\/td><td>5 vtas<\/td><\/tr><tr><td>13<\/td><td>14<\/td><td>CARLI BAVA<\/td><td>LEXUS<\/td><td>15<\/td><td>24;15.589<\/td><td>6 vtas<\/td><\/tr><tr><td>14<\/td><td>116<\/td><td>GUSTAVO MICHELOUD<\/td><td>FIAT<\/td><td>13<\/td><td>20;29.241<\/td><td>8 vtas<\/td><\/tr><\/tbody><\/table><\/figure>\n","protected":false},"excerpt":{"rendered":"<p>En el Coronaci\u00f3n del TRV6 que se disput\u00f3 en el aut\u00f3dromo uruguayense de Concepci\u00f3n Josito Di Palma, que llegaba como<\/p>\n","protected":false},"author":3,"featured_media":7312,"comment_status":"open","ping_status":"open","sticky":false,"template":"","format":"standard","meta":{"colormag_page_container_layout":"default_layout","colormag_page_sidebar_layout":"default_layout","footnotes":""},"categories":[6,5],"tags":[507,268,218,697,600,79],"class_list":["post-7311","post","type-post","status-publish","format-standard","has-post-thumbnail","hentry","category-newsflash","category-latest-news","tag-autodromo-concepcion-u","tag-cuna-de-campeones","tag-entre-rios","tag-fiat-cronos","tag-josito-di-palma","tag-top-race-v6"],"yoast_head":"<!-- This site is optimized with the Yoast SEO plugin v27.5 - https:\/\/yoast.com\/product\/yoast-seo-wordpress\/ -->\n<title>Autos del Podio | Triunfo y campeonato para Josito<\/title>\n<meta name=\"description\" content=\"Autos del Podio La cosecha de la Cuna de Campeones nunca se agota\" \/>\n<meta name=\"robots\" content=\"index, follow, max-snippet:-1, max-image-preview:large, max-video-preview:-1\" \/>\n<link rel=\"canonical\" href=\"http:\/\/autosdelpodio.com\/autos\/triunfo-y-campeonato-para-josito\/\" \/>\n<meta property=\"og:locale\" content=\"es_ES\" \/>\n<meta property=\"og:type\" content=\"article\" \/>\n<meta property=\"og:title\" content=\"Autos del Podio | Triunfo y campeonato para Josito\" \/>\n<meta property=\"og:description\" content=\"Autos del Podio La cosecha de la Cuna de Campeones nunca se agota\" \/>\n<meta property=\"og:url\" content=\"http:\/\/autosdelpodio.com\/autos\/triunfo-y-campeonato-para-josito\/\" \/>\n<meta property=\"og:site_name\" content=\"Autos del Podio\" \/>\n<meta property=\"article:publisher\" content=\"https:\/\/www.facebook.com\/profile.php?id=100057192590976&amp;amp%3bamp%3bamp%3bamp%3bamp%3bamp%3bamp%3bamp%3bamp%3bamp%3bamp%3bamp%3bamp%3bamp%3bamp%3bamp%3bamp%3bamp%3bref=ts\" \/>\n<meta property=\"article:published_time\" content=\"2023-12-17T17:08:53+00:00\" \/>\n<meta property=\"article:modified_time\" content=\"2023-12-17T17:08:55+00:00\" \/>\n<meta property=\"og:image\" content=\"http:\/\/autosdelpodio.com\/autos\/wp-content\/uploads\/2023\/12\/Josito_TRV6_23.jpg\" \/>\n\t<meta property=\"og:image:width\" content=\"500\" \/>\n\t<meta property=\"og:image:height\" content=\"250\" \/>\n\t<meta property=\"og:image:type\" content=\"image\/jpeg\" \/>\n<meta name=\"author\" content=\"autosdelpodio\" \/>\n<meta name=\"twitter:card\" content=\"summary_large_image\" \/>\n<meta name=\"twitter:creator\" content=\"@autosdelpodio\" \/>\n<meta name=\"twitter:site\" content=\"@autosdelpodio\" \/>\n<meta name=\"twitter:label1\" content=\"Escrito por\" \/>\n\t<meta name=\"twitter:data1\" content=\"autosdelpodio\" \/>\n\t<meta name=\"twitter:label2\" content=\"Tiempo de lectura\" \/>\n\t<meta name=\"twitter:data2\" content=\"1 minuto\" \/>\n<script type=\"application\/ld+json\" class=\"yoast-schema-graph\">{\"@context\":\"https:\\\/\\\/schema.org\",\"@graph\":[{\"@type\":\"Article\",\"@id\":\"http:\\\/\\\/autosdelpodio.com\\\/autos\\\/triunfo-y-campeonato-para-josito\\\/#article\",\"isPartOf\":{\"@id\":\"http:\\\/\\\/autosdelpodio.com\\\/autos\\\/triunfo-y-campeonato-para-josito\\\/\"},\"author\":{\"name\":\"autosdelpodio\",\"@id\":\"http:\\\/\\\/autosdelpodio.com\\\/autos\\\/#\\\/schema\\\/person\\\/993527a4d01c3acdd3d6bce3770bc942\"},\"headline\":\"Triunfo y campeonato para Josito\",\"datePublished\":\"2023-12-17T17:08:53+00:00\",\"dateModified\":\"2023-12-17T17:08:55+00:00\",\"mainEntityOfPage\":{\"@id\":\"http:\\\/\\\/autosdelpodio.com\\\/autos\\\/triunfo-y-campeonato-para-josito\\\/\"},\"wordCount\":220,\"commentCount\":1,\"publisher\":{\"@id\":\"http:\\\/\\\/autosdelpodio.com\\\/autos\\\/#organization\"},\"image\":{\"@id\":\"http:\\\/\\\/autosdelpodio.com\\\/autos\\\/triunfo-y-campeonato-para-josito\\\/#primaryimage\"},\"thumbnailUrl\":\"http:\\\/\\\/autosdelpodio.com\\\/autos\\\/wp-content\\\/uploads\\\/2023\\\/12\\\/Josito_TRV6_23.jpg\",\"keywords\":[\"Autodromo Concepci\u00f3n U\",\"Cuna de Campeones\",\"Entre Rios\",\"Fiat Cronos\",\"Josito Di Palma\",\"Top Race V6\"],\"articleSection\":[\"Destacado\",\"\u00daltimas noticias\"],\"inLanguage\":\"es\",\"potentialAction\":[{\"@type\":\"CommentAction\",\"name\":\"Comment\",\"target\":[\"http:\\\/\\\/autosdelpodio.com\\\/autos\\\/triunfo-y-campeonato-para-josito\\\/#respond\"]}]},{\"@type\":\"WebPage\",\"@id\":\"http:\\\/\\\/autosdelpodio.com\\\/autos\\\/triunfo-y-campeonato-para-josito\\\/\",\"url\":\"http:\\\/\\\/autosdelpodio.com\\\/autos\\\/triunfo-y-campeonato-para-josito\\\/\",\"name\":\"Autos del Podio | Triunfo y campeonato para Josito\",\"isPartOf\":{\"@id\":\"http:\\\/\\\/autosdelpodio.com\\\/autos\\\/#website\"},\"primaryImageOfPage\":{\"@id\":\"http:\\\/\\\/autosdelpodio.com\\\/autos\\\/triunfo-y-campeonato-para-josito\\\/#primaryimage\"},\"image\":{\"@id\":\"http:\\\/\\\/autosdelpodio.com\\\/autos\\\/triunfo-y-campeonato-para-josito\\\/#primaryimage\"},\"thumbnailUrl\":\"http:\\\/\\\/autosdelpodio.com\\\/autos\\\/wp-content\\\/uploads\\\/2023\\\/12\\\/Josito_TRV6_23.jpg\",\"datePublished\":\"2023-12-17T17:08:53+00:00\",\"dateModified\":\"2023-12-17T17:08:55+00:00\",\"description\":\"Autos del Podio La cosecha de la Cuna de Campeones nunca se agota\",\"breadcrumb\":{\"@id\":\"http:\\\/\\\/autosdelpodio.com\\\/autos\\\/triunfo-y-campeonato-para-josito\\\/#breadcrumb\"},\"inLanguage\":\"es\",\"potentialAction\":[{\"@type\":\"ReadAction\",\"target\":[\"http:\\\/\\\/autosdelpodio.com\\\/autos\\\/triunfo-y-campeonato-para-josito\\\/\"]}]},{\"@type\":\"ImageObject\",\"inLanguage\":\"es\",\"@id\":\"http:\\\/\\\/autosdelpodio.com\\\/autos\\\/triunfo-y-campeonato-para-josito\\\/#primaryimage\",\"url\":\"http:\\\/\\\/autosdelpodio.com\\\/autos\\\/wp-content\\\/uploads\\\/2023\\\/12\\\/Josito_TRV6_23.jpg\",\"contentUrl\":\"http:\\\/\\\/autosdelpodio.com\\\/autos\\\/wp-content\\\/uploads\\\/2023\\\/12\\\/Josito_TRV6_23.jpg\",\"width\":500,\"height\":250},{\"@type\":\"BreadcrumbList\",\"@id\":\"http:\\\/\\\/autosdelpodio.com\\\/autos\\\/triunfo-y-campeonato-para-josito\\\/#breadcrumb\",\"itemListElement\":[{\"@type\":\"ListItem\",\"position\":1,\"name\":\"Portada\",\"item\":\"http:\\\/\\\/autosdelpodio.com\\\/autos\\\/\"},{\"@type\":\"ListItem\",\"position\":2,\"name\":\"Triunfo y campeonato para Josito\"}]},{\"@type\":\"WebSite\",\"@id\":\"http:\\\/\\\/autosdelpodio.com\\\/autos\\\/#website\",\"url\":\"http:\\\/\\\/autosdelpodio.com\\\/autos\\\/\",\"name\":\"Autos del Podio\",\"description\":\"La sexta del deporte motor\",\"publisher\":{\"@id\":\"http:\\\/\\\/autosdelpodio.com\\\/autos\\\/#organization\"},\"potentialAction\":[{\"@type\":\"SearchAction\",\"target\":{\"@type\":\"EntryPoint\",\"urlTemplate\":\"http:\\\/\\\/autosdelpodio.com\\\/autos\\\/?s={search_term_string}\"},\"query-input\":{\"@type\":\"PropertyValueSpecification\",\"valueRequired\":true,\"valueName\":\"search_term_string\"}}],\"inLanguage\":\"es\"},{\"@type\":\"Organization\",\"@id\":\"http:\\\/\\\/autosdelpodio.com\\\/autos\\\/#organization\",\"name\":\"Autos del Podio\",\"url\":\"http:\\\/\\\/autosdelpodio.com\\\/autos\\\/\",\"logo\":{\"@type\":\"ImageObject\",\"inLanguage\":\"es\",\"@id\":\"http:\\\/\\\/autosdelpodio.com\\\/autos\\\/#\\\/schema\\\/logo\\\/image\\\/\",\"url\":\"http:\\\/\\\/autosdelpodio.com\\\/autos\\\/wp-content\\\/uploads\\\/2020\\\/08\\\/Logo_AR.jpg\",\"contentUrl\":\"http:\\\/\\\/autosdelpodio.com\\\/autos\\\/wp-content\\\/uploads\\\/2020\\\/08\\\/Logo_AR.jpg\",\"width\":1038,\"height\":1044,\"caption\":\"Autos del Podio\"},\"image\":{\"@id\":\"http:\\\/\\\/autosdelpodio.com\\\/autos\\\/#\\\/schema\\\/logo\\\/image\\\/\"},\"sameAs\":[\"https:\\\/\\\/www.facebook.com\\\/profile.php?id=100057192590976&amp;amp;amp;amp;amp;amp;amp;amp;amp;amp;amp;amp;amp;amp;amp;amp;amp;amp;ref=ts\",\"https:\\\/\\\/x.com\\\/autosdelpodio\",\"https:\\\/\\\/www.youtube.com\\\/user\\\/AutosdelPodio\"]},{\"@type\":\"Person\",\"@id\":\"http:\\\/\\\/autosdelpodio.com\\\/autos\\\/#\\\/schema\\\/person\\\/993527a4d01c3acdd3d6bce3770bc942\",\"name\":\"autosdelpodio\",\"image\":{\"@type\":\"ImageObject\",\"inLanguage\":\"es\",\"@id\":\"http:\\\/\\\/autosdelpodio.com\\\/autos\\\/wp-content\\\/litespeed\\\/avatar\\\/aa8f65cd201a80f6b844f63278aa84af.jpg?ver=1777403005\",\"url\":\"http:\\\/\\\/autosdelpodio.com\\\/autos\\\/wp-content\\\/litespeed\\\/avatar\\\/aa8f65cd201a80f6b844f63278aa84af.jpg?ver=1777403005\",\"contentUrl\":\"http:\\\/\\\/autosdelpodio.com\\\/autos\\\/wp-content\\\/litespeed\\\/avatar\\\/aa8f65cd201a80f6b844f63278aa84af.jpg?ver=1777403005\",\"caption\":\"autosdelpodio\"}}]}<\/script>\n<!-- \/ Yoast SEO plugin. -->","yoast_head_json":{"title":"Autos del Podio | Triunfo y campeonato para Josito","description":"Autos del Podio La cosecha de la Cuna de Campeones nunca se agota","robots":{"index":"index","follow":"follow","max-snippet":"max-snippet:-1","max-image-preview":"max-image-preview:large","max-video-preview":"max-video-preview:-1"},"canonical":"http:\/\/autosdelpodio.com\/autos\/triunfo-y-campeonato-para-josito\/","og_locale":"es_ES","og_type":"article","og_title":"Autos del Podio | Triunfo y campeonato para Josito","og_description":"Autos del Podio La cosecha de la Cuna de Campeones nunca se agota","og_url":"http:\/\/autosdelpodio.com\/autos\/triunfo-y-campeonato-para-josito\/","og_site_name":"Autos del Podio","article_publisher":"https:\/\/www.facebook.com\/profile.php?id=100057192590976&amp%3bamp%3bamp%3bamp%3bamp%3bamp%3bamp%3bamp%3bamp%3bamp%3bamp%3bamp%3bamp%3bamp%3bamp%3bamp%3bamp%3bamp%3bref=ts","article_published_time":"2023-12-17T17:08:53+00:00","article_modified_time":"2023-12-17T17:08:55+00:00","og_image":[{"width":500,"height":250,"url":"http:\/\/autosdelpodio.com\/autos\/wp-content\/uploads\/2023\/12\/Josito_TRV6_23.jpg","type":"image\/jpeg"}],"author":"autosdelpodio","twitter_card":"summary_large_image","twitter_creator":"@autosdelpodio","twitter_site":"@autosdelpodio","twitter_misc":{"Escrito por":"autosdelpodio","Tiempo de lectura":"1 minuto"},"schema":{"@context":"https:\/\/schema.org","@graph":[{"@type":"Article","@id":"http:\/\/autosdelpodio.com\/autos\/triunfo-y-campeonato-para-josito\/#article","isPartOf":{"@id":"http:\/\/autosdelpodio.com\/autos\/triunfo-y-campeonato-para-josito\/"},"author":{"name":"autosdelpodio","@id":"http:\/\/autosdelpodio.com\/autos\/#\/schema\/person\/993527a4d01c3acdd3d6bce3770bc942"},"headline":"Triunfo y campeonato para Josito","datePublished":"2023-12-17T17:08:53+00:00","dateModified":"2023-12-17T17:08:55+00:00","mainEntityOfPage":{"@id":"http:\/\/autosdelpodio.com\/autos\/triunfo-y-campeonato-para-josito\/"},"wordCount":220,"commentCount":1,"publisher":{"@id":"http:\/\/autosdelpodio.com\/autos\/#organization"},"image":{"@id":"http:\/\/autosdelpodio.com\/autos\/triunfo-y-campeonato-para-josito\/#primaryimage"},"thumbnailUrl":"http:\/\/autosdelpodio.com\/autos\/wp-content\/uploads\/2023\/12\/Josito_TRV6_23.jpg","keywords":["Autodromo Concepci\u00f3n U","Cuna de Campeones","Entre Rios","Fiat Cronos","Josito Di Palma","Top Race V6"],"articleSection":["Destacado","\u00daltimas noticias"],"inLanguage":"es","potentialAction":[{"@type":"CommentAction","name":"Comment","target":["http:\/\/autosdelpodio.com\/autos\/triunfo-y-campeonato-para-josito\/#respond"]}]},{"@type":"WebPage","@id":"http:\/\/autosdelpodio.com\/autos\/triunfo-y-campeonato-para-josito\/","url":"http:\/\/autosdelpodio.com\/autos\/triunfo-y-campeonato-para-josito\/","name":"Autos del Podio | Triunfo y campeonato para Josito","isPartOf":{"@id":"http:\/\/autosdelpodio.com\/autos\/#website"},"primaryImageOfPage":{"@id":"http:\/\/autosdelpodio.com\/autos\/triunfo-y-campeonato-para-josito\/#primaryimage"},"image":{"@id":"http:\/\/autosdelpodio.com\/autos\/triunfo-y-campeonato-para-josito\/#primaryimage"},"thumbnailUrl":"http:\/\/autosdelpodio.com\/autos\/wp-content\/uploads\/2023\/12\/Josito_TRV6_23.jpg","datePublished":"2023-12-17T17:08:53+00:00","dateModified":"2023-12-17T17:08:55+00:00","description":"Autos del Podio La cosecha de la Cuna de Campeones nunca se agota","breadcrumb":{"@id":"http:\/\/autosdelpodio.com\/autos\/triunfo-y-campeonato-para-josito\/#breadcrumb"},"inLanguage":"es","potentialAction":[{"@type":"ReadAction","target":["http:\/\/autosdelpodio.com\/autos\/triunfo-y-campeonato-para-josito\/"]}]},{"@type":"ImageObject","inLanguage":"es","@id":"http:\/\/autosdelpodio.com\/autos\/triunfo-y-campeonato-para-josito\/#primaryimage","url":"http:\/\/autosdelpodio.com\/autos\/wp-content\/uploads\/2023\/12\/Josito_TRV6_23.jpg","contentUrl":"http:\/\/autosdelpodio.com\/autos\/wp-content\/uploads\/2023\/12\/Josito_TRV6_23.jpg","width":500,"height":250},{"@type":"BreadcrumbList","@id":"http:\/\/autosdelpodio.com\/autos\/triunfo-y-campeonato-para-josito\/#breadcrumb","itemListElement":[{"@type":"ListItem","position":1,"name":"Portada","item":"http:\/\/autosdelpodio.com\/autos\/"},{"@type":"ListItem","position":2,"name":"Triunfo y campeonato para Josito"}]},{"@type":"WebSite","@id":"http:\/\/autosdelpodio.com\/autos\/#website","url":"http:\/\/autosdelpodio.com\/autos\/","name":"Autos del Podio","description":"La sexta del deporte motor","publisher":{"@id":"http:\/\/autosdelpodio.com\/autos\/#organization"},"potentialAction":[{"@type":"SearchAction","target":{"@type":"EntryPoint","urlTemplate":"http:\/\/autosdelpodio.com\/autos\/?s={search_term_string}"},"query-input":{"@type":"PropertyValueSpecification","valueRequired":true,"valueName":"search_term_string"}}],"inLanguage":"es"},{"@type":"Organization","@id":"http:\/\/autosdelpodio.com\/autos\/#organization","name":"Autos del Podio","url":"http:\/\/autosdelpodio.com\/autos\/","logo":{"@type":"ImageObject","inLanguage":"es","@id":"http:\/\/autosdelpodio.com\/autos\/#\/schema\/logo\/image\/","url":"http:\/\/autosdelpodio.com\/autos\/wp-content\/uploads\/2020\/08\/Logo_AR.jpg","contentUrl":"http:\/\/autosdelpodio.com\/autos\/wp-content\/uploads\/2020\/08\/Logo_AR.jpg","width":1038,"height":1044,"caption":"Autos del Podio"},"image":{"@id":"http:\/\/autosdelpodio.com\/autos\/#\/schema\/logo\/image\/"},"sameAs":["https:\/\/www.facebook.com\/profile.php?id=100057192590976&amp;amp;amp;amp;amp;amp;amp;amp;amp;amp;amp;amp;amp;amp;amp;amp;amp;amp;ref=ts","https:\/\/x.com\/autosdelpodio","https:\/\/www.youtube.com\/user\/AutosdelPodio"]},{"@type":"Person","@id":"http:\/\/autosdelpodio.com\/autos\/#\/schema\/person\/993527a4d01c3acdd3d6bce3770bc942","name":"autosdelpodio","image":{"@type":"ImageObject","inLanguage":"es","@id":"http:\/\/autosdelpodio.com\/autos\/wp-content\/litespeed\/avatar\/aa8f65cd201a80f6b844f63278aa84af.jpg?ver=1777403005","url":"http:\/\/autosdelpodio.com\/autos\/wp-content\/litespeed\/avatar\/aa8f65cd201a80f6b844f63278aa84af.jpg?ver=1777403005","contentUrl":"http:\/\/autosdelpodio.com\/autos\/wp-content\/litespeed\/avatar\/aa8f65cd201a80f6b844f63278aa84af.jpg?ver=1777403005","caption":"autosdelpodio"}}]}},"views":421,"_links":{"self":[{"href":"http:\/\/autosdelpodio.com\/autos\/wp-json\/wp\/v2\/posts\/7311","targetHints":{"allow":["GET"]}}],"collection":[{"href":"http:\/\/autosdelpodio.com\/autos\/wp-json\/wp\/v2\/posts"}],"about":[{"href":"http:\/\/autosdelpodio.com\/autos\/wp-json\/wp\/v2\/types\/post"}],"author":[{"embeddable":true,"href":"http:\/\/autosdelpodio.com\/autos\/wp-json\/wp\/v2\/users\/3"}],"replies":[{"embeddable":true,"href":"http:\/\/autosdelpodio.com\/autos\/wp-json\/wp\/v2\/comments?post=7311"}],"version-history":[{"count":1,"href":"http:\/\/autosdelpodio.com\/autos\/wp-json\/wp\/v2\/posts\/7311\/revisions"}],"predecessor-version":[{"id":7313,"href":"http:\/\/autosdelpodio.com\/autos\/wp-json\/wp\/v2\/posts\/7311\/revisions\/7313"}],"wp:featuredmedia":[{"embeddable":true,"href":"http:\/\/autosdelpodio.com\/autos\/wp-json\/wp\/v2\/media\/7312"}],"wp:attachment":[{"href":"http:\/\/autosdelpodio.com\/autos\/wp-json\/wp\/v2\/media?parent=7311"}],"wp:term":[{"taxonomy":"category","embeddable":true,"href":"http:\/\/autosdelpodio.com\/autos\/wp-json\/wp\/v2\/categories?post=7311"},{"taxonomy":"post_tag","embeddable":true,"href":"http:\/\/autosdelpodio.com\/autos\/wp-json\/wp\/v2\/tags?post=7311"}],"curies":[{"name":"wp","href":"https:\/\/api.w.org\/{rel}","templated":true}]}}