{"id":7362,"date":"2024-01-12T16:23:13","date_gmt":"2024-01-12T19:23:13","guid":{"rendered":"http:\/\/autosdelpodio.com\/autos\/?p=7362"},"modified":"2024-01-12T16:25:49","modified_gmt":"2024-01-12T19:25:49","slug":"los-numeracion-del-turismo-carretera-2024","status":"publish","type":"post","link":"http:\/\/autosdelpodio.com\/autos\/los-numeracion-del-turismo-carretera-2024\/","title":{"rendered":"Los numeraci\u00f3n del Turismo Carretera \u2013 2024"},"content":{"rendered":"\n<p>Quedaron establecidos por la categor\u00eda los n\u00fameros que cada piloto en sus diferentes equipos utilizar\u00e1n durante la pr\u00f3xima temporada. Un dato curioso es que mas de una docena de apellidos utilizar\u00e1n 3 d\u00edgitos en sus laterales.<\/p>\n\n\n\n<figure class=\"wp-block-table\"><table><tbody><tr><td><strong>1<\/strong><\/td><td><strong>Mariano Werner<\/strong><\/td><td>Ford Mustang<\/td><\/tr><tr><td>3<\/td><td>German Todino<\/td><td>Ford Mustang<\/td><\/tr><tr><td>4<\/td><td>Jonatan Castellano<\/td><td>Dodge<\/td><\/tr><tr><td>5<\/td><td>Santiago Mangoni<\/td><td>Chevrolet<\/td><\/tr><tr><td>6<\/td><td>Mauricio Lambiris<\/td><td>Ford<\/td><\/tr><tr><td>7<\/td><td>M. Landa<\/td><td>Torino<\/td><\/tr><tr><td>9<\/td><td>Juan Martin Trucco<\/td><td>Dodge Challenger<\/td><\/tr><tr><td>10<\/td><td>Valent\u00edn Aguirre<\/td><td>Chevrolet<\/td><\/tr><tr><td>11<\/td><td>C. Ledesma<\/td><td>Chev. Camaro<\/td><\/tr><tr><td>12<\/td><td>G. Mazzacane<\/td><td>Chev.<\/td><\/tr><tr><td>13<\/td><td>J. T. Catal\u00e1n Magni<\/td><td>Ford<\/td><\/tr><tr><td>18<\/td><td>L. Pern\u00eda<\/td><td>Chev.<\/td><\/tr><tr><td>19<\/td><td>D. Ciantini<\/td><td>Chev.<\/td><\/tr><tr><td>21<\/td><td>O. Fritzler<\/td><td>Dodge<\/td><\/tr><tr><td>22<\/td><td>J. J. Ebarl\u00edn<\/td><td>Chev.<\/td><\/tr><tr><td>23<\/td><td>E. Gini<\/td><td>Toyota Camry<\/td><\/tr><tr><td>31<\/td><td>G. Ponce de Le\u00f3n<\/td><td>Ford<\/td><\/tr><tr><td>34<\/td><td>E. Spataro<\/td><td>Ford<\/td><\/tr><tr><td>36<\/td><td>F. Della Motta<\/td><td>Ford<\/td><\/tr><tr><td>38<\/td><td>N. Cotignola<\/td><td>Torino<\/td><\/tr><tr><td>43<\/td><td>M. Rodr\u00edguez<\/td><td>Torino<\/td><\/tr><tr><td>47<\/td><td>N. Fontana<\/td><td>Chev.<\/td><\/tr><tr><td>50<\/td><td>G. Micheloud<\/td><td>Chev.<\/td><\/tr><tr><td>53<\/td><td>F. Iribarne<\/td><td>Chev.<\/td><\/tr><tr><td>56<\/td><td>L. Mulet<\/td><td>Dodge<\/td><\/tr><tr><td>60<\/td><td>C. Dose<\/td><td>Chev.<\/td><\/tr><tr><td>63<\/td><td>N. Bonelli<\/td><td>Ford<\/td><\/tr><tr><td>68<\/td><td>J. Santero<\/td><td>Ford<\/td><\/tr><tr><td>71<\/td><td>S. Abella<\/td><td>Chev.<\/td><\/tr><tr><td>72<\/td><td>M. Serrano<\/td><td>Chev.<\/td><\/tr><tr><td>75<\/td><td>S. Alaux<\/td><td>Chev.<\/td><\/tr><tr><td>77<\/td><td>A. Carinelli<\/td><td>Dodge<\/td><\/tr><tr><td>79<\/td><td>F. Chapur<\/td><td>Dodge<\/td><\/tr><tr><td>83<\/td><td>F. Ardusso<\/td><td>Chev.<\/td><\/tr><tr><td>85<\/td><td>R. Risatti<\/td><td>Chev. Camaro<\/td><\/tr><tr><td>88<\/td><td>N. Trosset<\/td><td>F. Mustang<\/td><\/tr><tr><td>94<\/td><td>L.de la Iglesia<\/td><td>Dodge<\/td><\/tr><tr><td>95<\/td><td>A. Mart\u00ednez<\/td><td>Ford<\/td><\/tr><tr><td>96<\/td><td>J. C. Benvenuti<\/td><td>Chev.<\/td><\/tr><tr><td>101<\/td><td>L. Ugalde<\/td><td>Torino<\/td><\/tr><tr><td>103<\/td><td>C. Ramos<\/td><td>Chev.<\/td><\/tr><tr><td>107<\/td><td>T. Mart\u00ednez<\/td><td>Torino<\/td><\/tr><tr><td>111<\/td><td>J. Garbelino<\/td><td>Dodge<\/td><\/tr><tr><td>114<\/td><td>G. Ferrante<\/td><td>Toyota<\/td><\/tr><tr><td>115<\/td><td>D. De Carlo<\/td><td>Chev.<\/td><\/tr><tr><td>116<\/td><td>A. Ruggiero<\/td><td>Ford<\/td><\/tr><tr><td>119<\/td><td>H. Krujoski<\/td><td>Dodge<\/td><\/tr><tr><td>121<\/td><td>E. Craparo<\/td><td>Dodge<\/td><\/tr><tr><td>122<\/td><td>A. Jakos<\/td><td>Toyota<\/td><\/tr><tr><td>123<\/td><td>M. V\u00e1zquez<\/td><td>Dodge<\/td><\/tr><tr><td>125<\/td><td>R. Bundziak<\/td><td>Dodge<\/td><\/tr><tr><td>127<\/td><td>M. Agrelo<\/td><td>Dodge<\/td><\/tr><tr><td>134<\/td><td>M. Jalaf<\/td><td>Ford<\/td><\/tr><tr><td>157<\/td><td>J. B. De Benedictis<\/td><td>Ford<\/td><\/tr><tr><td>161<\/td><td>K. Candela<\/td><td>Torino<\/td><\/tr><tr><td>172<\/td><td>S. \u00c1lvarez<\/td><td>Dodge<\/td><\/tr><tr><td>177<\/td><td>A. Londero<\/td><td>Torino<\/td><\/tr><tr><td>197<\/td><td>M. Quijada<\/td><td>Chev. Camaro<\/td><\/tr><tr><td>231<\/td><td>J. M. Urcera<\/td><td>Ford<\/td><\/tr><\/tbody><\/table><\/figure>\n","protected":false},"excerpt":{"rendered":"<p>Quedaron establecidos por la categor\u00eda los n\u00fameros que cada piloto en sus diferentes equipos utilizar\u00e1n durante la pr\u00f3xima temporada. Un<\/p>\n","protected":false},"author":3,"featured_media":0,"comment_status":"open","ping_status":"open","sticky":false,"template":"","format":"standard","meta":{"colormag_page_container_layout":"default_layout","colormag_page_sidebar_layout":"default_layout","footnotes":""},"categories":[16,5],"tags":[143,86,649,39],"class_list":["post-7362","post","type-post","status-publish","format-standard","hentry","category-recta-principal","category-latest-news","tag-actc","tag-pilotos-y-categorias","tag-ranking","tag-turismo-carretera"],"yoast_head":"<!-- This site is optimized with the Yoast SEO plugin v27.5 - https:\/\/yoast.com\/product\/yoast-seo-wordpress\/ -->\n<title>Autos del Podio | Los numeraci\u00f3n del Turismo Carretera \u2013 2024<\/title>\n<meta name=\"description\" content=\"Autos del Podio En base al ranking 2023 y a la preferencia de los protagonistas esta ser\u00e1 la numeraci\u00f3n correspondiente\" \/>\n<meta name=\"robots\" content=\"index, follow, max-snippet:-1, max-image-preview:large, max-video-preview:-1\" \/>\n<link rel=\"canonical\" href=\"http:\/\/autosdelpodio.com\/autos\/los-numeracion-del-turismo-carretera-2024\/\" \/>\n<meta property=\"og:locale\" content=\"es_ES\" \/>\n<meta property=\"og:type\" content=\"article\" \/>\n<meta property=\"og:title\" content=\"Autos del Podio | Los numeraci\u00f3n del Turismo Carretera \u2013 2024\" \/>\n<meta property=\"og:description\" content=\"Autos del Podio En base al ranking 2023 y a la preferencia de los protagonistas esta ser\u00e1 la numeraci\u00f3n correspondiente\" \/>\n<meta property=\"og:url\" content=\"http:\/\/autosdelpodio.com\/autos\/los-numeracion-del-turismo-carretera-2024\/\" \/>\n<meta property=\"og:site_name\" content=\"Autos del Podio\" \/>\n<meta property=\"article:publisher\" content=\"https:\/\/www.facebook.com\/profile.php?id=100057192590976&amp;amp%3bamp%3bamp%3bamp%3bamp%3bamp%3bamp%3bamp%3bamp%3bamp%3bamp%3bamp%3bamp%3bamp%3bamp%3bamp%3bamp%3bamp%3bref=ts\" \/>\n<meta property=\"article:published_time\" content=\"2024-01-12T19:23:13+00:00\" \/>\n<meta property=\"article:modified_time\" content=\"2024-01-12T19:25:49+00:00\" \/>\n<meta name=\"author\" content=\"autosdelpodio\" \/>\n<meta name=\"twitter:card\" content=\"summary_large_image\" \/>\n<meta name=\"twitter:creator\" content=\"@autosdelpodio\" \/>\n<meta name=\"twitter:site\" content=\"@autosdelpodio\" \/>\n<meta name=\"twitter:label1\" content=\"Escrito por\" \/>\n\t<meta name=\"twitter:data1\" content=\"autosdelpodio\" \/>\n\t<meta name=\"twitter:label2\" content=\"Tiempo de lectura\" \/>\n\t<meta name=\"twitter:data2\" content=\"2 minutos\" \/>\n<script type=\"application\/ld+json\" class=\"yoast-schema-graph\">{\"@context\":\"https:\\\/\\\/schema.org\",\"@graph\":[{\"@type\":\"Article\",\"@id\":\"http:\\\/\\\/autosdelpodio.com\\\/autos\\\/los-numeracion-del-turismo-carretera-2024\\\/#article\",\"isPartOf\":{\"@id\":\"http:\\\/\\\/autosdelpodio.com\\\/autos\\\/los-numeracion-del-turismo-carretera-2024\\\/\"},\"author\":{\"name\":\"autosdelpodio\",\"@id\":\"http:\\\/\\\/autosdelpodio.com\\\/autos\\\/#\\\/schema\\\/person\\\/993527a4d01c3acdd3d6bce3770bc942\"},\"headline\":\"Los numeraci\u00f3n del Turismo Carretera \u2013 2024\",\"datePublished\":\"2024-01-12T19:23:13+00:00\",\"dateModified\":\"2024-01-12T19:25:49+00:00\",\"mainEntityOfPage\":{\"@id\":\"http:\\\/\\\/autosdelpodio.com\\\/autos\\\/los-numeracion-del-turismo-carretera-2024\\\/\"},\"wordCount\":255,\"commentCount\":0,\"publisher\":{\"@id\":\"http:\\\/\\\/autosdelpodio.com\\\/autos\\\/#organization\"},\"keywords\":[\"ACTC\",\"Pilotos y Categorias\",\"ranking\",\"Turismo Carretera\"],\"articleSection\":[\"Recta Principal\",\"\u00daltimas noticias\"],\"inLanguage\":\"es\",\"potentialAction\":[{\"@type\":\"CommentAction\",\"name\":\"Comment\",\"target\":[\"http:\\\/\\\/autosdelpodio.com\\\/autos\\\/los-numeracion-del-turismo-carretera-2024\\\/#respond\"]}]},{\"@type\":\"WebPage\",\"@id\":\"http:\\\/\\\/autosdelpodio.com\\\/autos\\\/los-numeracion-del-turismo-carretera-2024\\\/\",\"url\":\"http:\\\/\\\/autosdelpodio.com\\\/autos\\\/los-numeracion-del-turismo-carretera-2024\\\/\",\"name\":\"Autos del Podio | Los numeraci\u00f3n del Turismo Carretera \u2013 2024\",\"isPartOf\":{\"@id\":\"http:\\\/\\\/autosdelpodio.com\\\/autos\\\/#website\"},\"datePublished\":\"2024-01-12T19:23:13+00:00\",\"dateModified\":\"2024-01-12T19:25:49+00:00\",\"description\":\"Autos del Podio En base al ranking 2023 y a la preferencia de los protagonistas esta ser\u00e1 la numeraci\u00f3n correspondiente\",\"breadcrumb\":{\"@id\":\"http:\\\/\\\/autosdelpodio.com\\\/autos\\\/los-numeracion-del-turismo-carretera-2024\\\/#breadcrumb\"},\"inLanguage\":\"es\",\"potentialAction\":[{\"@type\":\"ReadAction\",\"target\":[\"http:\\\/\\\/autosdelpodio.com\\\/autos\\\/los-numeracion-del-turismo-carretera-2024\\\/\"]}]},{\"@type\":\"BreadcrumbList\",\"@id\":\"http:\\\/\\\/autosdelpodio.com\\\/autos\\\/los-numeracion-del-turismo-carretera-2024\\\/#breadcrumb\",\"itemListElement\":[{\"@type\":\"ListItem\",\"position\":1,\"name\":\"Portada\",\"item\":\"http:\\\/\\\/autosdelpodio.com\\\/autos\\\/\"},{\"@type\":\"ListItem\",\"position\":2,\"name\":\"Los numeraci\u00f3n del Turismo Carretera \u2013 2024\"}]},{\"@type\":\"WebSite\",\"@id\":\"http:\\\/\\\/autosdelpodio.com\\\/autos\\\/#website\",\"url\":\"http:\\\/\\\/autosdelpodio.com\\\/autos\\\/\",\"name\":\"Autos del Podio\",\"description\":\"La sexta del deporte motor\",\"publisher\":{\"@id\":\"http:\\\/\\\/autosdelpodio.com\\\/autos\\\/#organization\"},\"potentialAction\":[{\"@type\":\"SearchAction\",\"target\":{\"@type\":\"EntryPoint\",\"urlTemplate\":\"http:\\\/\\\/autosdelpodio.com\\\/autos\\\/?s={search_term_string}\"},\"query-input\":{\"@type\":\"PropertyValueSpecification\",\"valueRequired\":true,\"valueName\":\"search_term_string\"}}],\"inLanguage\":\"es\"},{\"@type\":\"Organization\",\"@id\":\"http:\\\/\\\/autosdelpodio.com\\\/autos\\\/#organization\",\"name\":\"Autos del Podio\",\"url\":\"http:\\\/\\\/autosdelpodio.com\\\/autos\\\/\",\"logo\":{\"@type\":\"ImageObject\",\"inLanguage\":\"es\",\"@id\":\"http:\\\/\\\/autosdelpodio.com\\\/autos\\\/#\\\/schema\\\/logo\\\/image\\\/\",\"url\":\"http:\\\/\\\/autosdelpodio.com\\\/autos\\\/wp-content\\\/uploads\\\/2020\\\/08\\\/Logo_AR.jpg\",\"contentUrl\":\"http:\\\/\\\/autosdelpodio.com\\\/autos\\\/wp-content\\\/uploads\\\/2020\\\/08\\\/Logo_AR.jpg\",\"width\":1038,\"height\":1044,\"caption\":\"Autos del Podio\"},\"image\":{\"@id\":\"http:\\\/\\\/autosdelpodio.com\\\/autos\\\/#\\\/schema\\\/logo\\\/image\\\/\"},\"sameAs\":[\"https:\\\/\\\/www.facebook.com\\\/profile.php?id=100057192590976&amp;amp;amp;amp;amp;amp;amp;amp;amp;amp;amp;amp;amp;amp;amp;amp;amp;amp;ref=ts\",\"https:\\\/\\\/x.com\\\/autosdelpodio\",\"https:\\\/\\\/www.youtube.com\\\/user\\\/AutosdelPodio\"]},{\"@type\":\"Person\",\"@id\":\"http:\\\/\\\/autosdelpodio.com\\\/autos\\\/#\\\/schema\\\/person\\\/993527a4d01c3acdd3d6bce3770bc942\",\"name\":\"autosdelpodio\",\"image\":{\"@type\":\"ImageObject\",\"inLanguage\":\"es\",\"@id\":\"http:\\\/\\\/autosdelpodio.com\\\/autos\\\/wp-content\\\/litespeed\\\/avatar\\\/aa8f65cd201a80f6b844f63278aa84af.jpg?ver=1777403005\",\"url\":\"http:\\\/\\\/autosdelpodio.com\\\/autos\\\/wp-content\\\/litespeed\\\/avatar\\\/aa8f65cd201a80f6b844f63278aa84af.jpg?ver=1777403005\",\"contentUrl\":\"http:\\\/\\\/autosdelpodio.com\\\/autos\\\/wp-content\\\/litespeed\\\/avatar\\\/aa8f65cd201a80f6b844f63278aa84af.jpg?ver=1777403005\",\"caption\":\"autosdelpodio\"}}]}<\/script>\n<!-- \/ Yoast SEO plugin. -->","yoast_head_json":{"title":"Autos del Podio | Los numeraci\u00f3n del Turismo Carretera \u2013 2024","description":"Autos del Podio En base al ranking 2023 y a la preferencia de los protagonistas esta ser\u00e1 la numeraci\u00f3n correspondiente","robots":{"index":"index","follow":"follow","max-snippet":"max-snippet:-1","max-image-preview":"max-image-preview:large","max-video-preview":"max-video-preview:-1"},"canonical":"http:\/\/autosdelpodio.com\/autos\/los-numeracion-del-turismo-carretera-2024\/","og_locale":"es_ES","og_type":"article","og_title":"Autos del Podio | Los numeraci\u00f3n del Turismo Carretera \u2013 2024","og_description":"Autos del Podio En base al ranking 2023 y a la preferencia de los protagonistas esta ser\u00e1 la numeraci\u00f3n correspondiente","og_url":"http:\/\/autosdelpodio.com\/autos\/los-numeracion-del-turismo-carretera-2024\/","og_site_name":"Autos del Podio","article_publisher":"https:\/\/www.facebook.com\/profile.php?id=100057192590976&amp%3bamp%3bamp%3bamp%3bamp%3bamp%3bamp%3bamp%3bamp%3bamp%3bamp%3bamp%3bamp%3bamp%3bamp%3bamp%3bamp%3bamp%3bref=ts","article_published_time":"2024-01-12T19:23:13+00:00","article_modified_time":"2024-01-12T19:25:49+00:00","author":"autosdelpodio","twitter_card":"summary_large_image","twitter_creator":"@autosdelpodio","twitter_site":"@autosdelpodio","twitter_misc":{"Escrito por":"autosdelpodio","Tiempo de lectura":"2 minutos"},"schema":{"@context":"https:\/\/schema.org","@graph":[{"@type":"Article","@id":"http:\/\/autosdelpodio.com\/autos\/los-numeracion-del-turismo-carretera-2024\/#article","isPartOf":{"@id":"http:\/\/autosdelpodio.com\/autos\/los-numeracion-del-turismo-carretera-2024\/"},"author":{"name":"autosdelpodio","@id":"http:\/\/autosdelpodio.com\/autos\/#\/schema\/person\/993527a4d01c3acdd3d6bce3770bc942"},"headline":"Los numeraci\u00f3n del Turismo Carretera \u2013 2024","datePublished":"2024-01-12T19:23:13+00:00","dateModified":"2024-01-12T19:25:49+00:00","mainEntityOfPage":{"@id":"http:\/\/autosdelpodio.com\/autos\/los-numeracion-del-turismo-carretera-2024\/"},"wordCount":255,"commentCount":0,"publisher":{"@id":"http:\/\/autosdelpodio.com\/autos\/#organization"},"keywords":["ACTC","Pilotos y Categorias","ranking","Turismo Carretera"],"articleSection":["Recta Principal","\u00daltimas noticias"],"inLanguage":"es","potentialAction":[{"@type":"CommentAction","name":"Comment","target":["http:\/\/autosdelpodio.com\/autos\/los-numeracion-del-turismo-carretera-2024\/#respond"]}]},{"@type":"WebPage","@id":"http:\/\/autosdelpodio.com\/autos\/los-numeracion-del-turismo-carretera-2024\/","url":"http:\/\/autosdelpodio.com\/autos\/los-numeracion-del-turismo-carretera-2024\/","name":"Autos del Podio | Los numeraci\u00f3n del Turismo Carretera \u2013 2024","isPartOf":{"@id":"http:\/\/autosdelpodio.com\/autos\/#website"},"datePublished":"2024-01-12T19:23:13+00:00","dateModified":"2024-01-12T19:25:49+00:00","description":"Autos del Podio En base al ranking 2023 y a la preferencia de los protagonistas esta ser\u00e1 la numeraci\u00f3n correspondiente","breadcrumb":{"@id":"http:\/\/autosdelpodio.com\/autos\/los-numeracion-del-turismo-carretera-2024\/#breadcrumb"},"inLanguage":"es","potentialAction":[{"@type":"ReadAction","target":["http:\/\/autosdelpodio.com\/autos\/los-numeracion-del-turismo-carretera-2024\/"]}]},{"@type":"BreadcrumbList","@id":"http:\/\/autosdelpodio.com\/autos\/los-numeracion-del-turismo-carretera-2024\/#breadcrumb","itemListElement":[{"@type":"ListItem","position":1,"name":"Portada","item":"http:\/\/autosdelpodio.com\/autos\/"},{"@type":"ListItem","position":2,"name":"Los numeraci\u00f3n del Turismo Carretera \u2013 2024"}]},{"@type":"WebSite","@id":"http:\/\/autosdelpodio.com\/autos\/#website","url":"http:\/\/autosdelpodio.com\/autos\/","name":"Autos del Podio","description":"La sexta del deporte motor","publisher":{"@id":"http:\/\/autosdelpodio.com\/autos\/#organization"},"potentialAction":[{"@type":"SearchAction","target":{"@type":"EntryPoint","urlTemplate":"http:\/\/autosdelpodio.com\/autos\/?s={search_term_string}"},"query-input":{"@type":"PropertyValueSpecification","valueRequired":true,"valueName":"search_term_string"}}],"inLanguage":"es"},{"@type":"Organization","@id":"http:\/\/autosdelpodio.com\/autos\/#organization","name":"Autos del Podio","url":"http:\/\/autosdelpodio.com\/autos\/","logo":{"@type":"ImageObject","inLanguage":"es","@id":"http:\/\/autosdelpodio.com\/autos\/#\/schema\/logo\/image\/","url":"http:\/\/autosdelpodio.com\/autos\/wp-content\/uploads\/2020\/08\/Logo_AR.jpg","contentUrl":"http:\/\/autosdelpodio.com\/autos\/wp-content\/uploads\/2020\/08\/Logo_AR.jpg","width":1038,"height":1044,"caption":"Autos del Podio"},"image":{"@id":"http:\/\/autosdelpodio.com\/autos\/#\/schema\/logo\/image\/"},"sameAs":["https:\/\/www.facebook.com\/profile.php?id=100057192590976&amp;amp;amp;amp;amp;amp;amp;amp;amp;amp;amp;amp;amp;amp;amp;amp;amp;amp;ref=ts","https:\/\/x.com\/autosdelpodio","https:\/\/www.youtube.com\/user\/AutosdelPodio"]},{"@type":"Person","@id":"http:\/\/autosdelpodio.com\/autos\/#\/schema\/person\/993527a4d01c3acdd3d6bce3770bc942","name":"autosdelpodio","image":{"@type":"ImageObject","inLanguage":"es","@id":"http:\/\/autosdelpodio.com\/autos\/wp-content\/litespeed\/avatar\/aa8f65cd201a80f6b844f63278aa84af.jpg?ver=1777403005","url":"http:\/\/autosdelpodio.com\/autos\/wp-content\/litespeed\/avatar\/aa8f65cd201a80f6b844f63278aa84af.jpg?ver=1777403005","contentUrl":"http:\/\/autosdelpodio.com\/autos\/wp-content\/litespeed\/avatar\/aa8f65cd201a80f6b844f63278aa84af.jpg?ver=1777403005","caption":"autosdelpodio"}}]}},"views":333,"_links":{"self":[{"href":"http:\/\/autosdelpodio.com\/autos\/wp-json\/wp\/v2\/posts\/7362","targetHints":{"allow":["GET"]}}],"collection":[{"href":"http:\/\/autosdelpodio.com\/autos\/wp-json\/wp\/v2\/posts"}],"about":[{"href":"http:\/\/autosdelpodio.com\/autos\/wp-json\/wp\/v2\/types\/post"}],"author":[{"embeddable":true,"href":"http:\/\/autosdelpodio.com\/autos\/wp-json\/wp\/v2\/users\/3"}],"replies":[{"embeddable":true,"href":"http:\/\/autosdelpodio.com\/autos\/wp-json\/wp\/v2\/comments?post=7362"}],"version-history":[{"count":2,"href":"http:\/\/autosdelpodio.com\/autos\/wp-json\/wp\/v2\/posts\/7362\/revisions"}],"predecessor-version":[{"id":7365,"href":"http:\/\/autosdelpodio.com\/autos\/wp-json\/wp\/v2\/posts\/7362\/revisions\/7365"}],"wp:attachment":[{"href":"http:\/\/autosdelpodio.com\/autos\/wp-json\/wp\/v2\/media?parent=7362"}],"wp:term":[{"taxonomy":"category","embeddable":true,"href":"http:\/\/autosdelpodio.com\/autos\/wp-json\/wp\/v2\/categories?post=7362"},{"taxonomy":"post_tag","embeddable":true,"href":"http:\/\/autosdelpodio.com\/autos\/wp-json\/wp\/v2\/tags?post=7362"}],"curies":[{"name":"wp","href":"https:\/\/api.w.org\/{rel}","templated":true}]}}