{"id":744,"date":"2013-05-23T23:31:27","date_gmt":"2013-05-23T23:31:27","guid":{"rendered":"http:\/\/autosdelpodio.com\/autos\/2013\/05\/23\/fue-lindo-mientras-duro-vuelven-las-cargas-aerodinamicas-en-el-tc\/"},"modified":"2013-05-23T23:31:27","modified_gmt":"2013-05-23T23:31:27","slug":"fue-lindo-mientras-duro-vuelven-las-cargas-aerodinamicas-en-el-tc","status":"publish","type":"post","link":"http:\/\/autosdelpodio.com\/autos\/fue-lindo-mientras-duro-vuelven-las-cargas-aerodinamicas-en-el-tc\/","title":{"rendered":"Fue lindo mientras dur\u00f3: vuelven las cargas aerodin\u00e1micas en el TC"},"content":{"rendered":"<\/p>\n<p style=\"text-align: justify;\">A partir de la pr\u00f3xima fecha de TC, TC Pista, TC Mouras y TC Pista Mouras, los veh\u00edculos volver\u00e1n a competir con cargas aerodin\u00e1micas. Adem\u00e1s se quitan 15 kg en el peso min\u00edmo de los Chevrolet de Turismo Carretera.<\/p>\n<p>  <!--more-->  <\/p>\n<p><span style=\"text-align: justify; line-height: 1.3em;\">La Comisi\u00f3n Directiva de la ACTC, luego de un exhaustivo an\u00e1lisis decidi\u00f3 que, a partir de la pr\u00f3xima competencia de Turismo Carretera, Turismo Carretera Pista, TC Mouras y TC Pista Mouras se regrese al Reglamento T\u00e9cnico 2013 con cargas aerodin\u00e1micas, la decisi\u00f3n est\u00e1 fundamentada en que si bien se mejor\u00f3 el espect\u00e1culo en pista los riesgos de accidente aumentaron.<\/span><\/p>\n<p style=\"text-align: justify;\">En el aspecto t\u00e9cnico con el objetivo de mejorar la funcionalidad de la marca Chevrolet se decide:<\/p>\n<p style=\"text-align: justify;\">Bajar el peso m\u00ednimo de los autos Chevrolet de Turismo Carretera 15 Kg, actual 1290 Kg, modificado 1275 kg.<\/p>\n<p style=\"text-align: justify;\">Modificar la velocidad m\u00e1xima de largada a 90 km\/h, que se aplicar\u00e1 en las cuatro categor\u00edas: Turismo Carretera, TC Pista, TC Mouras y TC Pista Mouras.<\/p>\n<p style=\"text-align: justify;\">Adem\u00e1s se informa que queda cancelada la prueba para la marca Chevrolet de Turismo Carretera \u00a0programada para el jueves 30 de mayo en el aut\u00f3dromo de La Plata.<\/p>\n<p style=\"text-align: justify;\">Texto: ACTC.ORG.AR<\/p>\n","protected":false},"excerpt":{"rendered":"<p>A partir de la pr\u00f3xima fecha de TC, TC Pista, TC Mouras y TC Pista Mouras, los veh\u00edculos volver\u00e1n a<\/p>\n","protected":false},"author":1,"featured_media":743,"comment_status":"open","ping_status":"open","sticky":false,"template":"","format":"standard","meta":{"colormag_page_container_layout":"default_layout","colormag_page_sidebar_layout":"default_layout","footnotes":""},"categories":[6],"tags":[],"class_list":["post-744","post","type-post","status-publish","format-standard","has-post-thumbnail","hentry","category-newsflash"],"yoast_head":"<!-- This site is optimized with the Yoast SEO plugin v27.5 - https:\/\/yoast.com\/product\/yoast-seo-wordpress\/ -->\n<title>Autos del Podio | Fue lindo mientras dur\u00f3: vuelven las cargas aerodin\u00e1micas en el TC<\/title>\n<meta name=\"description\" content=\"Autos del Podio\" \/>\n<meta name=\"robots\" content=\"index, follow, max-snippet:-1, max-image-preview:large, max-video-preview:-1\" \/>\n<link rel=\"canonical\" href=\"http:\/\/autosdelpodio.com\/autos\/fue-lindo-mientras-duro-vuelven-las-cargas-aerodinamicas-en-el-tc\/\" \/>\n<meta property=\"og:locale\" content=\"es_ES\" \/>\n<meta property=\"og:type\" content=\"article\" \/>\n<meta property=\"og:title\" content=\"Autos del Podio | Fue lindo mientras dur\u00f3: vuelven las cargas aerodin\u00e1micas en el TC\" \/>\n<meta property=\"og:description\" content=\"Autos del Podio\" \/>\n<meta property=\"og:url\" content=\"http:\/\/autosdelpodio.com\/autos\/fue-lindo-mientras-duro-vuelven-las-cargas-aerodinamicas-en-el-tc\/\" \/>\n<meta property=\"og:site_name\" content=\"Autos del Podio\" \/>\n<meta property=\"article:publisher\" content=\"https:\/\/www.facebook.com\/profile.php?id=100057192590976&amp;amp%3bamp%3bamp%3bamp%3bamp%3bamp%3bamp%3bamp%3bamp%3bamp%3bamp%3bamp%3bamp%3bamp%3bamp%3bamp%3bamp%3bamp%3bref=ts\" \/>\n<meta property=\"article:published_time\" content=\"2013-05-23T23:31:27+00:00\" \/>\n<meta property=\"og:image\" content=\"http:\/\/autosdelpodio.com\/autos\/wp-content\/uploads\/2013\/05\/tc_cargas_aerod.jpg\" \/>\n\t<meta property=\"og:image:width\" content=\"2046\" \/>\n\t<meta property=\"og:image:height\" content=\"1061\" \/>\n\t<meta property=\"og:image:type\" content=\"image\/jpeg\" \/>\n<meta name=\"author\" content=\"wi022230\" \/>\n<meta name=\"twitter:card\" content=\"summary_large_image\" \/>\n<meta name=\"twitter:creator\" content=\"@autosdelpodio\" \/>\n<meta name=\"twitter:site\" content=\"@autosdelpodio\" \/>\n<meta name=\"twitter:label1\" content=\"Escrito por\" \/>\n\t<meta name=\"twitter:data1\" content=\"wi022230\" \/>\n\t<meta name=\"twitter:label2\" content=\"Tiempo de lectura\" \/>\n\t<meta name=\"twitter:data2\" content=\"1 minuto\" \/>\n<script type=\"application\/ld+json\" class=\"yoast-schema-graph\">{\"@context\":\"https:\\\/\\\/schema.org\",\"@graph\":[{\"@type\":\"Article\",\"@id\":\"http:\\\/\\\/autosdelpodio.com\\\/autos\\\/fue-lindo-mientras-duro-vuelven-las-cargas-aerodinamicas-en-el-tc\\\/#article\",\"isPartOf\":{\"@id\":\"http:\\\/\\\/autosdelpodio.com\\\/autos\\\/fue-lindo-mientras-duro-vuelven-las-cargas-aerodinamicas-en-el-tc\\\/\"},\"author\":{\"name\":\"wi022230\",\"@id\":\"http:\\\/\\\/autosdelpodio.com\\\/autos\\\/#\\\/schema\\\/person\\\/e88353cabf768863fdf874e30120f3ba\"},\"headline\":\"Fue lindo mientras dur\u00f3: vuelven las cargas aerodin\u00e1micas en el TC\",\"datePublished\":\"2013-05-23T23:31:27+00:00\",\"mainEntityOfPage\":{\"@id\":\"http:\\\/\\\/autosdelpodio.com\\\/autos\\\/fue-lindo-mientras-duro-vuelven-las-cargas-aerodinamicas-en-el-tc\\\/\"},\"wordCount\":217,\"commentCount\":0,\"publisher\":{\"@id\":\"http:\\\/\\\/autosdelpodio.com\\\/autos\\\/#organization\"},\"image\":{\"@id\":\"http:\\\/\\\/autosdelpodio.com\\\/autos\\\/fue-lindo-mientras-duro-vuelven-las-cargas-aerodinamicas-en-el-tc\\\/#primaryimage\"},\"thumbnailUrl\":\"http:\\\/\\\/autosdelpodio.com\\\/autos\\\/wp-content\\\/uploads\\\/2013\\\/05\\\/tc_cargas_aerod.jpg\",\"articleSection\":[\"Destacado\"],\"inLanguage\":\"es\",\"potentialAction\":[{\"@type\":\"CommentAction\",\"name\":\"Comment\",\"target\":[\"http:\\\/\\\/autosdelpodio.com\\\/autos\\\/fue-lindo-mientras-duro-vuelven-las-cargas-aerodinamicas-en-el-tc\\\/#respond\"]}]},{\"@type\":\"WebPage\",\"@id\":\"http:\\\/\\\/autosdelpodio.com\\\/autos\\\/fue-lindo-mientras-duro-vuelven-las-cargas-aerodinamicas-en-el-tc\\\/\",\"url\":\"http:\\\/\\\/autosdelpodio.com\\\/autos\\\/fue-lindo-mientras-duro-vuelven-las-cargas-aerodinamicas-en-el-tc\\\/\",\"name\":\"Autos del Podio | Fue lindo mientras dur\u00f3: vuelven las cargas aerodin\u00e1micas en el TC\",\"isPartOf\":{\"@id\":\"http:\\\/\\\/autosdelpodio.com\\\/autos\\\/#website\"},\"primaryImageOfPage\":{\"@id\":\"http:\\\/\\\/autosdelpodio.com\\\/autos\\\/fue-lindo-mientras-duro-vuelven-las-cargas-aerodinamicas-en-el-tc\\\/#primaryimage\"},\"image\":{\"@id\":\"http:\\\/\\\/autosdelpodio.com\\\/autos\\\/fue-lindo-mientras-duro-vuelven-las-cargas-aerodinamicas-en-el-tc\\\/#primaryimage\"},\"thumbnailUrl\":\"http:\\\/\\\/autosdelpodio.com\\\/autos\\\/wp-content\\\/uploads\\\/2013\\\/05\\\/tc_cargas_aerod.jpg\",\"datePublished\":\"2013-05-23T23:31:27+00:00\",\"description\":\"Autos del Podio\",\"breadcrumb\":{\"@id\":\"http:\\\/\\\/autosdelpodio.com\\\/autos\\\/fue-lindo-mientras-duro-vuelven-las-cargas-aerodinamicas-en-el-tc\\\/#breadcrumb\"},\"inLanguage\":\"es\",\"potentialAction\":[{\"@type\":\"ReadAction\",\"target\":[\"http:\\\/\\\/autosdelpodio.com\\\/autos\\\/fue-lindo-mientras-duro-vuelven-las-cargas-aerodinamicas-en-el-tc\\\/\"]}]},{\"@type\":\"ImageObject\",\"inLanguage\":\"es\",\"@id\":\"http:\\\/\\\/autosdelpodio.com\\\/autos\\\/fue-lindo-mientras-duro-vuelven-las-cargas-aerodinamicas-en-el-tc\\\/#primaryimage\",\"url\":\"http:\\\/\\\/autosdelpodio.com\\\/autos\\\/wp-content\\\/uploads\\\/2013\\\/05\\\/tc_cargas_aerod.jpg\",\"contentUrl\":\"http:\\\/\\\/autosdelpodio.com\\\/autos\\\/wp-content\\\/uploads\\\/2013\\\/05\\\/tc_cargas_aerod.jpg\",\"width\":2046,\"height\":1061},{\"@type\":\"BreadcrumbList\",\"@id\":\"http:\\\/\\\/autosdelpodio.com\\\/autos\\\/fue-lindo-mientras-duro-vuelven-las-cargas-aerodinamicas-en-el-tc\\\/#breadcrumb\",\"itemListElement\":[{\"@type\":\"ListItem\",\"position\":1,\"name\":\"Portada\",\"item\":\"http:\\\/\\\/autosdelpodio.com\\\/autos\\\/\"},{\"@type\":\"ListItem\",\"position\":2,\"name\":\"Fue lindo mientras dur\u00f3: vuelven las cargas aerodin\u00e1micas en el TC\"}]},{\"@type\":\"WebSite\",\"@id\":\"http:\\\/\\\/autosdelpodio.com\\\/autos\\\/#website\",\"url\":\"http:\\\/\\\/autosdelpodio.com\\\/autos\\\/\",\"name\":\"Autos del Podio\",\"description\":\"La sexta del deporte motor\",\"publisher\":{\"@id\":\"http:\\\/\\\/autosdelpodio.com\\\/autos\\\/#organization\"},\"potentialAction\":[{\"@type\":\"SearchAction\",\"target\":{\"@type\":\"EntryPoint\",\"urlTemplate\":\"http:\\\/\\\/autosdelpodio.com\\\/autos\\\/?s={search_term_string}\"},\"query-input\":{\"@type\":\"PropertyValueSpecification\",\"valueRequired\":true,\"valueName\":\"search_term_string\"}}],\"inLanguage\":\"es\"},{\"@type\":\"Organization\",\"@id\":\"http:\\\/\\\/autosdelpodio.com\\\/autos\\\/#organization\",\"name\":\"Autos del Podio\",\"url\":\"http:\\\/\\\/autosdelpodio.com\\\/autos\\\/\",\"logo\":{\"@type\":\"ImageObject\",\"inLanguage\":\"es\",\"@id\":\"http:\\\/\\\/autosdelpodio.com\\\/autos\\\/#\\\/schema\\\/logo\\\/image\\\/\",\"url\":\"http:\\\/\\\/autosdelpodio.com\\\/autos\\\/wp-content\\\/uploads\\\/2020\\\/08\\\/Logo_AR.jpg\",\"contentUrl\":\"http:\\\/\\\/autosdelpodio.com\\\/autos\\\/wp-content\\\/uploads\\\/2020\\\/08\\\/Logo_AR.jpg\",\"width\":1038,\"height\":1044,\"caption\":\"Autos del Podio\"},\"image\":{\"@id\":\"http:\\\/\\\/autosdelpodio.com\\\/autos\\\/#\\\/schema\\\/logo\\\/image\\\/\"},\"sameAs\":[\"https:\\\/\\\/www.facebook.com\\\/profile.php?id=100057192590976&amp;amp;amp;amp;amp;amp;amp;amp;amp;amp;amp;amp;amp;amp;amp;amp;amp;amp;ref=ts\",\"https:\\\/\\\/x.com\\\/autosdelpodio\",\"https:\\\/\\\/www.youtube.com\\\/user\\\/AutosdelPodio\"]},{\"@type\":\"Person\",\"@id\":\"http:\\\/\\\/autosdelpodio.com\\\/autos\\\/#\\\/schema\\\/person\\\/e88353cabf768863fdf874e30120f3ba\",\"name\":\"wi022230\",\"image\":{\"@type\":\"ImageObject\",\"inLanguage\":\"es\",\"@id\":\"http:\\\/\\\/autosdelpodio.com\\\/autos\\\/wp-content\\\/litespeed\\\/avatar\\\/453fc9bdbb11d766ba4c7f14d0bd0aa9.jpg?ver=1777404874\",\"url\":\"http:\\\/\\\/autosdelpodio.com\\\/autos\\\/wp-content\\\/litespeed\\\/avatar\\\/453fc9bdbb11d766ba4c7f14d0bd0aa9.jpg?ver=1777404874\",\"contentUrl\":\"http:\\\/\\\/autosdelpodio.com\\\/autos\\\/wp-content\\\/litespeed\\\/avatar\\\/453fc9bdbb11d766ba4c7f14d0bd0aa9.jpg?ver=1777404874\",\"caption\":\"wi022230\"}}]}<\/script>\n<!-- \/ Yoast SEO plugin. -->","yoast_head_json":{"title":"Autos del Podio | Fue lindo mientras dur\u00f3: vuelven las cargas aerodin\u00e1micas en el TC","description":"Autos del Podio","robots":{"index":"index","follow":"follow","max-snippet":"max-snippet:-1","max-image-preview":"max-image-preview:large","max-video-preview":"max-video-preview:-1"},"canonical":"http:\/\/autosdelpodio.com\/autos\/fue-lindo-mientras-duro-vuelven-las-cargas-aerodinamicas-en-el-tc\/","og_locale":"es_ES","og_type":"article","og_title":"Autos del Podio | Fue lindo mientras dur\u00f3: vuelven las cargas aerodin\u00e1micas en el TC","og_description":"Autos del Podio","og_url":"http:\/\/autosdelpodio.com\/autos\/fue-lindo-mientras-duro-vuelven-las-cargas-aerodinamicas-en-el-tc\/","og_site_name":"Autos del Podio","article_publisher":"https:\/\/www.facebook.com\/profile.php?id=100057192590976&amp%3bamp%3bamp%3bamp%3bamp%3bamp%3bamp%3bamp%3bamp%3bamp%3bamp%3bamp%3bamp%3bamp%3bamp%3bamp%3bamp%3bamp%3bref=ts","article_published_time":"2013-05-23T23:31:27+00:00","og_image":[{"width":2046,"height":1061,"url":"http:\/\/autosdelpodio.com\/autos\/wp-content\/uploads\/2013\/05\/tc_cargas_aerod.jpg","type":"image\/jpeg"}],"author":"wi022230","twitter_card":"summary_large_image","twitter_creator":"@autosdelpodio","twitter_site":"@autosdelpodio","twitter_misc":{"Escrito por":"wi022230","Tiempo de lectura":"1 minuto"},"schema":{"@context":"https:\/\/schema.org","@graph":[{"@type":"Article","@id":"http:\/\/autosdelpodio.com\/autos\/fue-lindo-mientras-duro-vuelven-las-cargas-aerodinamicas-en-el-tc\/#article","isPartOf":{"@id":"http:\/\/autosdelpodio.com\/autos\/fue-lindo-mientras-duro-vuelven-las-cargas-aerodinamicas-en-el-tc\/"},"author":{"name":"wi022230","@id":"http:\/\/autosdelpodio.com\/autos\/#\/schema\/person\/e88353cabf768863fdf874e30120f3ba"},"headline":"Fue lindo mientras dur\u00f3: vuelven las cargas aerodin\u00e1micas en el TC","datePublished":"2013-05-23T23:31:27+00:00","mainEntityOfPage":{"@id":"http:\/\/autosdelpodio.com\/autos\/fue-lindo-mientras-duro-vuelven-las-cargas-aerodinamicas-en-el-tc\/"},"wordCount":217,"commentCount":0,"publisher":{"@id":"http:\/\/autosdelpodio.com\/autos\/#organization"},"image":{"@id":"http:\/\/autosdelpodio.com\/autos\/fue-lindo-mientras-duro-vuelven-las-cargas-aerodinamicas-en-el-tc\/#primaryimage"},"thumbnailUrl":"http:\/\/autosdelpodio.com\/autos\/wp-content\/uploads\/2013\/05\/tc_cargas_aerod.jpg","articleSection":["Destacado"],"inLanguage":"es","potentialAction":[{"@type":"CommentAction","name":"Comment","target":["http:\/\/autosdelpodio.com\/autos\/fue-lindo-mientras-duro-vuelven-las-cargas-aerodinamicas-en-el-tc\/#respond"]}]},{"@type":"WebPage","@id":"http:\/\/autosdelpodio.com\/autos\/fue-lindo-mientras-duro-vuelven-las-cargas-aerodinamicas-en-el-tc\/","url":"http:\/\/autosdelpodio.com\/autos\/fue-lindo-mientras-duro-vuelven-las-cargas-aerodinamicas-en-el-tc\/","name":"Autos del Podio | Fue lindo mientras dur\u00f3: vuelven las cargas aerodin\u00e1micas en el TC","isPartOf":{"@id":"http:\/\/autosdelpodio.com\/autos\/#website"},"primaryImageOfPage":{"@id":"http:\/\/autosdelpodio.com\/autos\/fue-lindo-mientras-duro-vuelven-las-cargas-aerodinamicas-en-el-tc\/#primaryimage"},"image":{"@id":"http:\/\/autosdelpodio.com\/autos\/fue-lindo-mientras-duro-vuelven-las-cargas-aerodinamicas-en-el-tc\/#primaryimage"},"thumbnailUrl":"http:\/\/autosdelpodio.com\/autos\/wp-content\/uploads\/2013\/05\/tc_cargas_aerod.jpg","datePublished":"2013-05-23T23:31:27+00:00","description":"Autos del Podio","breadcrumb":{"@id":"http:\/\/autosdelpodio.com\/autos\/fue-lindo-mientras-duro-vuelven-las-cargas-aerodinamicas-en-el-tc\/#breadcrumb"},"inLanguage":"es","potentialAction":[{"@type":"ReadAction","target":["http:\/\/autosdelpodio.com\/autos\/fue-lindo-mientras-duro-vuelven-las-cargas-aerodinamicas-en-el-tc\/"]}]},{"@type":"ImageObject","inLanguage":"es","@id":"http:\/\/autosdelpodio.com\/autos\/fue-lindo-mientras-duro-vuelven-las-cargas-aerodinamicas-en-el-tc\/#primaryimage","url":"http:\/\/autosdelpodio.com\/autos\/wp-content\/uploads\/2013\/05\/tc_cargas_aerod.jpg","contentUrl":"http:\/\/autosdelpodio.com\/autos\/wp-content\/uploads\/2013\/05\/tc_cargas_aerod.jpg","width":2046,"height":1061},{"@type":"BreadcrumbList","@id":"http:\/\/autosdelpodio.com\/autos\/fue-lindo-mientras-duro-vuelven-las-cargas-aerodinamicas-en-el-tc\/#breadcrumb","itemListElement":[{"@type":"ListItem","position":1,"name":"Portada","item":"http:\/\/autosdelpodio.com\/autos\/"},{"@type":"ListItem","position":2,"name":"Fue lindo mientras dur\u00f3: vuelven las cargas aerodin\u00e1micas en el TC"}]},{"@type":"WebSite","@id":"http:\/\/autosdelpodio.com\/autos\/#website","url":"http:\/\/autosdelpodio.com\/autos\/","name":"Autos del Podio","description":"La sexta del deporte motor","publisher":{"@id":"http:\/\/autosdelpodio.com\/autos\/#organization"},"potentialAction":[{"@type":"SearchAction","target":{"@type":"EntryPoint","urlTemplate":"http:\/\/autosdelpodio.com\/autos\/?s={search_term_string}"},"query-input":{"@type":"PropertyValueSpecification","valueRequired":true,"valueName":"search_term_string"}}],"inLanguage":"es"},{"@type":"Organization","@id":"http:\/\/autosdelpodio.com\/autos\/#organization","name":"Autos del Podio","url":"http:\/\/autosdelpodio.com\/autos\/","logo":{"@type":"ImageObject","inLanguage":"es","@id":"http:\/\/autosdelpodio.com\/autos\/#\/schema\/logo\/image\/","url":"http:\/\/autosdelpodio.com\/autos\/wp-content\/uploads\/2020\/08\/Logo_AR.jpg","contentUrl":"http:\/\/autosdelpodio.com\/autos\/wp-content\/uploads\/2020\/08\/Logo_AR.jpg","width":1038,"height":1044,"caption":"Autos del Podio"},"image":{"@id":"http:\/\/autosdelpodio.com\/autos\/#\/schema\/logo\/image\/"},"sameAs":["https:\/\/www.facebook.com\/profile.php?id=100057192590976&amp;amp;amp;amp;amp;amp;amp;amp;amp;amp;amp;amp;amp;amp;amp;amp;amp;amp;ref=ts","https:\/\/x.com\/autosdelpodio","https:\/\/www.youtube.com\/user\/AutosdelPodio"]},{"@type":"Person","@id":"http:\/\/autosdelpodio.com\/autos\/#\/schema\/person\/e88353cabf768863fdf874e30120f3ba","name":"wi022230","image":{"@type":"ImageObject","inLanguage":"es","@id":"http:\/\/autosdelpodio.com\/autos\/wp-content\/litespeed\/avatar\/453fc9bdbb11d766ba4c7f14d0bd0aa9.jpg?ver=1777404874","url":"http:\/\/autosdelpodio.com\/autos\/wp-content\/litespeed\/avatar\/453fc9bdbb11d766ba4c7f14d0bd0aa9.jpg?ver=1777404874","contentUrl":"http:\/\/autosdelpodio.com\/autos\/wp-content\/litespeed\/avatar\/453fc9bdbb11d766ba4c7f14d0bd0aa9.jpg?ver=1777404874","caption":"wi022230"}}]}},"views":432,"_links":{"self":[{"href":"http:\/\/autosdelpodio.com\/autos\/wp-json\/wp\/v2\/posts\/744","targetHints":{"allow":["GET"]}}],"collection":[{"href":"http:\/\/autosdelpodio.com\/autos\/wp-json\/wp\/v2\/posts"}],"about":[{"href":"http:\/\/autosdelpodio.com\/autos\/wp-json\/wp\/v2\/types\/post"}],"author":[{"embeddable":true,"href":"http:\/\/autosdelpodio.com\/autos\/wp-json\/wp\/v2\/users\/1"}],"replies":[{"embeddable":true,"href":"http:\/\/autosdelpodio.com\/autos\/wp-json\/wp\/v2\/comments?post=744"}],"version-history":[{"count":0,"href":"http:\/\/autosdelpodio.com\/autos\/wp-json\/wp\/v2\/posts\/744\/revisions"}],"wp:featuredmedia":[{"embeddable":true,"href":"http:\/\/autosdelpodio.com\/autos\/wp-json\/wp\/v2\/media\/743"}],"wp:attachment":[{"href":"http:\/\/autosdelpodio.com\/autos\/wp-json\/wp\/v2\/media?parent=744"}],"wp:term":[{"taxonomy":"category","embeddable":true,"href":"http:\/\/autosdelpodio.com\/autos\/wp-json\/wp\/v2\/categories?post=744"},{"taxonomy":"post_tag","embeddable":true,"href":"http:\/\/autosdelpodio.com\/autos\/wp-json\/wp\/v2\/tags?post=744"}],"curies":[{"name":"wp","href":"https:\/\/api.w.org\/{rel}","templated":true}]}}