{"id":746,"date":"2013-05-26T18:12:23","date_gmt":"2013-05-26T18:12:23","guid":{"rendered":"http:\/\/autosdelpodio.com\/autos\/2013\/05\/26\/pipkin-volvio-a-lucirse-en-el-tn\/"},"modified":"2013-05-26T18:12:23","modified_gmt":"2013-05-26T18:12:23","slug":"pipkin-volvio-a-lucirse-en-el-tn","status":"publish","type":"post","link":"http:\/\/autosdelpodio.com\/autos\/pipkin-volvio-a-lucirse-en-el-tn\/","title":{"rendered":"Pipkin volvi\u00f3 a lucirse en el TN"},"content":{"rendered":"<p><span style=\"line-height: 1.3em;\">En otro buen espectaculo brindado por la Clase 3 del Turismo Naciona en San Luis, Juan Pipkin ( Chevrolet Cruze) se adjudic\u00f3 la final.En tanto que Carlos Okulovich (Renault Fluence) y Marcelo Gonzalez \u00a0(Peugeot 307) completaron el podio.<\/span><\/p>\n<p>  <!--more-->  <\/p>\n<p><span style=\"line-height: 1.3em;\">Con este triunfo ahora Pikpinn es el nuevo puntero del campeonato.<\/span><\/p>\n<p><span style=\"line-height: 1.3em;\">La pr\u00f3xima carrera del Turismo Nacional ser\u00e1 el 16 de junio en Pig\u00fce.<\/span><\/p>\n<p style=\"text-align: justify;\"><strong style=\"line-height: 1.3em;\">Final<\/strong><\/p>\n<p style=\"text-align: justify;\"><span style=\"line-height: 1.3em;\">1 \u00a0 12 \u00a0PIPKIN JUAN \u00a0 \u00a0 \u00a0 \u00a0 \u00a0 \u00a0CRUZE \u00a0 \u00a0 35;45,765<\/span><span style=\"white-space:pre\"> <\/span><\/p>\n<p style=\"text-align: justify;\">2 \u00a0 13 \u00a0OKULOVICH CARLOS \u00a0 \u00a0 \u00a0 FLUENCE \u00a0 35;49,854<span style=\"white-space:pre\"> <\/span>4,089<\/p>\n<p style=\"text-align: justify;\">3 \u00a0 27 \u00a0GONZALEZ MARCELO \u00a0 \u00a0 \u00a0 307 \u00a0 \u00a0 \u00a0 35;50,244<span style=\"white-space:pre\"> <\/span>4,479<\/p>\n<p style=\"text-align: justify;\">4 \u00a0 8 \u00a0 GOMEZ SEBASTIAN \u00a0 \u00a0 \u00a0 \u00a0KIA \u00a0 \u00a0 \u00a0 35;51,269<span style=\"white-space:pre\"> <\/span>5,504<\/p>\n<p style=\"text-align: justify;\">5 \u00a0 7 \u00a0 ORTELLI GUILLERMO \u00a0 \u00a0 \u00a0FLUENCE \u00a0 35;51,272<span style=\"white-space:pre\"> <\/span>5,507<\/p>\n<p style=\"text-align: justify;\">6 \u00a0 3 \u00a0 PIUMETTO PABLO \u00a0 \u00a0 \u00a0 \u00a0 FOCUS 5P \u00a035;51,906<span style=\"white-space:pre\"> <\/span>6,141<\/p>\n<p style=\"text-align: justify;\">7 \u00a0 26 \u00a0ALBERTENGO GUILLERMO \u00a0 NEW CIVIC 35;58,739<span style=\"white-space:pre\"> <\/span>12,974<\/p>\n<p style=\"text-align: justify;\">8 \u00a0 87 \u00a0SATURNI IVAN \u00a0 \u00a0 \u00a0 \u00a0 \u00a0 FOCUS \u00a0 \u00a0 35;59,238<span style=\"white-space:pre\"> <\/span>13,473<\/p>\n<p style=\"text-align: justify;\">9 \u00a0 28 \u00a0VIEL BUGLIOTTI FRANC \u00a0 LEON \u00a0 \u00a0 \u00a035;59,855<span style=\"white-space:pre\"> <\/span>14,090<\/p>\n<p style=\"text-align: justify;\">10 \u00a020 \u00a0PISANDELLI FABIAN \u00a0 \u00a0 \u00a0CRUZE \u00a0 \u00a0 36;00,363<span style=\"white-space:pre\"> <\/span>14,598<\/p>\n<p style=\"text-align: justify;\">11 \u00a021 \u00a0MUNOZ MARCHESI MATIAS \u00a0ASTRA \u00a0 \u00a0 36;00,758<span style=\"white-space:pre\"> <\/span>14,993<\/p>\n<p style=\"text-align: justify;\">12 \u00a055 \u00a0CHAPUR FACUNDO \u00a0 \u00a0 \u00a0 \u00a0 308 \u00a0 \u00a0 \u00a0 36;01,058<span style=\"white-space:pre\"> <\/span>15,293<\/p>\n<p style=\"text-align: justify;\">13 \u00a0100 ROSSOTTI JUAN P \u00a0 \u00a0 \u00a0 \u00a0LEON \u00a0 \u00a0 \u00a036;03,031<span style=\"white-space:pre\"> <\/span>17,266<\/p>\n<p style=\"text-align: justify;\">14 \u00a046 \u00a0OTERO PABLO \u00a0 \u00a0 \u00a0 \u00a0 \u00a0 \u00a0MEGANE II 36;03,907<span style=\"white-space:pre\"> <\/span>18,142<\/p>\n<p style=\"text-align: justify;\">15 \u00a01 \u00a0 MORIATIS EMANUEL \u00a0 \u00a0 \u00a0 FOCUS \u00a0 \u00a0 36;07,239<span style=\"white-space:pre\"> <\/span>21,474<\/p>\n<p style=\"text-align: justify;\">16 \u00a0111 ROSSI MATIAS \u00a0 \u00a0 \u00a0 \u00a0 \u00a0 C4 \u00a0 \u00a0 \u00a0 \u00a037;09,182<span style=\"white-space:pre\"> <\/span>1;23,417<\/p>\n<p style=\"text-align: justify;\">17 \u00a06 \u00a0 PISANDELLI PEDRO \u00a0 \u00a0 \u00a0 FOCUS 5P \u00a037;11,853<span style=\"white-space:pre\"> <\/span>1;26,088<\/p>\n<p style=\"text-align: justify;\">18 \u00a05 \u00a0 PEZZINI FABRICIO \u00a0 \u00a0 \u00a0 ASTRA \u00a0 \u00a0 -1 vta<\/p>\n<p style=\"text-align: justify;\">19 \u00a02 \u00a0 BOSIO EZEQUIEL \u00a0 \u00a0 \u00a0 \u00a0 308 \u00a0 \u00a0 \u00a0 -1 vta<\/p>\n<p style=\"text-align: justify;\">20 \u00a025 \u00a0CARDUCCI LEANDRO \u00a0 \u00a0 \u00a0 308 \u00a0 \u00a0 \u00a0 -1 vta<\/p>\n<p style=\"text-align: justify;\">21 \u00a037 \u00a0STAMBUL DANIEL \u00a0 \u00a0 \u00a0 \u00a0 NEW CIVIC -1 vta<\/p>\n<p style=\"text-align: justify;\">22 \u00a029 \u00a0MICHIELETTO ARIEL \u00a0 \u00a0 \u00a0FOCUS \u00a0 \u00a0 -1 vta<\/p>\n<p style=\"text-align: justify;\">23 \u00a024 \u00a0YANNANTUONI JOSE \u00a0 \u00a0 \u00a0 VECTRA \u00a0 \u00a0Abandon\u00f3<\/p>\n<p style=\"text-align: justify;\">24 \u00a030 \u00a0BEITIA CRISPIN \u00a0 \u00a0 \u00a0 \u00a0 LINEA \u00a0 \u00a0 Abandon\u00f3<\/p>\n<p style=\"text-align: justify;\">25 \u00a09 \u00a0 TUERO ESTEBAN \u00a0 \u00a0 \u00a0 \u00a0 \u00a0LINEA \u00a0 \u00a0 Abandon\u00f3<\/p>\n<p style=\"text-align: justify;\">26 \u00a015 \u00a0CHAR IGNACIO \u00a0 \u00a0 \u00a0 \u00a0 \u00a0 LEON \u00a0 \u00a0 \u00a0Abandon\u00f3<\/p>\n<p style=\"text-align: justify;\">27 \u00a052 \u00a0GIALLOMBARDO MAURO \u00a0 \u00a0 FOCUS \u00a0 \u00a0 Abandon\u00f3<\/p>\n<p style=\"text-align: justify;\">28 \u00a076 \u00a0LARRAURI LEONEL \u00a0 \u00a0 \u00a0 \u00a0NEW CIVIC Abandon\u00f3<\/p>\n<p style=\"text-align: justify;\">29 \u00a099 \u00a0TETI JERONIMO \u00a0 \u00a0 \u00a0 \u00a0 \u00a0ASTRA \u00a0 \u00a0 Abandon\u00f3<\/p>\n<p style=\"text-align: justify;\">30 \u00a018 \u00a0MUNGI DIEGO \u00a0 \u00a0 \u00a0 \u00a0 \u00a0 \u00a0FLUENCE \u00a0 Abandon\u00f3<\/p>\n<p style=\"text-align: justify;\">31 \u00a022 \u00a0BOSIO BRUNO \u00a0 \u00a0 \u00a0 \u00a0 \u00a0 \u00a0FOCUS \u00a0 \u00a0 Abandon\u00f3<\/p>\n<p style=\"text-align: justify;\">32 \u00a069 \u00a0MERAYO PABLO \u00a0 \u00a0 \u00a0 \u00a0 \u00a0 LANCER \u00a0 \u00a0Abandon\u00f3<\/p>\n<p style=\"text-align: justify;\">33 \u00a04 \u00a0 FLAMARIQUE JULIAN \u00a0 \u00a0 \u00a0308 \u00a0 \u00a0 \u00a0 Abandon\u00f3<\/p>\n<p style=\"text-align: justify;\">34 \u00a019 \u00a0ZUGHELLA GABRIEL \u00a0 \u00a0 \u00a0 ASTRA \u00a0 \u00a0 Abandon\u00f3<\/p>\n<p style=\"text-align: justify;\">35 \u00a011 \u00a0YANNANTUONI FABIAN \u00a0 \u00a0 FLUENCE \u00a0 Abandon\u00f3<\/p>\n<p style=\"text-align: justify;\">36 \u00a017 \u00a0LUNA ROBERTO \u00a0 \u00a0 \u00a0 \u00a0 \u00a0 ASTRA \u00a0 \u00a0 Abandon\u00f3<\/p>\n<p style=\"text-align: justify;\">37 \u00a036 \u00a0CHIRIANO ADRIAN \u00a0 \u00a0 \u00a0 \u00a0FOCUS \u00a0 \u00a0 s\/v<\/p>\n<p style=\"text-align: justify;\">38 \u00a048 \u00a0COSCIA FRANCO \u00a0 \u00a0 \u00a0 \u00a0 \u00a0ASTRA \u00a0 \u00a0 s\/v<\/p>\n<p>\u00a0<\/p>\n","protected":false},"excerpt":{"rendered":"<p>En otro buen espectaculo brindado por la Clase 3 del Turismo Naciona en San Luis, Juan Pipkin ( Chevrolet Cruze)<\/p>\n","protected":false},"author":1,"featured_media":0,"comment_status":"open","ping_status":"open","sticky":false,"template":"","format":"standard","meta":{"colormag_page_container_layout":"default_layout","colormag_page_sidebar_layout":"default_layout","footnotes":""},"categories":[5],"tags":[],"class_list":["post-746","post","type-post","status-publish","format-standard","hentry","category-latest-news"],"yoast_head":"<!-- This site is optimized with the Yoast SEO plugin v27.5 - https:\/\/yoast.com\/product\/yoast-seo-wordpress\/ -->\n<title>Autos del Podio | Pipkin volvi\u00f3 a lucirse en el TN<\/title>\n<meta name=\"description\" content=\"Autos del Podio\" \/>\n<meta name=\"robots\" content=\"index, follow, max-snippet:-1, max-image-preview:large, max-video-preview:-1\" \/>\n<link rel=\"canonical\" href=\"http:\/\/autosdelpodio.com\/autos\/pipkin-volvio-a-lucirse-en-el-tn\/\" \/>\n<meta property=\"og:locale\" content=\"es_ES\" \/>\n<meta property=\"og:type\" content=\"article\" \/>\n<meta property=\"og:title\" content=\"Autos del Podio | Pipkin volvi\u00f3 a lucirse en el TN\" \/>\n<meta property=\"og:description\" content=\"Autos del Podio\" \/>\n<meta property=\"og:url\" content=\"http:\/\/autosdelpodio.com\/autos\/pipkin-volvio-a-lucirse-en-el-tn\/\" \/>\n<meta property=\"og:site_name\" content=\"Autos del Podio\" \/>\n<meta property=\"article:publisher\" content=\"https:\/\/www.facebook.com\/profile.php?id=100057192590976&amp;amp%3bamp%3bamp%3bamp%3bamp%3bamp%3bamp%3bamp%3bamp%3bamp%3bamp%3bamp%3bamp%3bamp%3bamp%3bamp%3bamp%3bamp%3bref=ts\" \/>\n<meta property=\"article:published_time\" content=\"2013-05-26T18:12:23+00:00\" \/>\n<meta name=\"author\" content=\"wi022230\" \/>\n<meta name=\"twitter:card\" content=\"summary_large_image\" \/>\n<meta name=\"twitter:creator\" content=\"@autosdelpodio\" \/>\n<meta name=\"twitter:site\" content=\"@autosdelpodio\" \/>\n<meta name=\"twitter:label1\" content=\"Escrito por\" \/>\n\t<meta name=\"twitter:data1\" content=\"wi022230\" \/>\n\t<meta name=\"twitter:label2\" content=\"Tiempo de lectura\" \/>\n\t<meta name=\"twitter:data2\" content=\"1 minuto\" \/>\n<script type=\"application\/ld+json\" class=\"yoast-schema-graph\">{\"@context\":\"https:\\\/\\\/schema.org\",\"@graph\":[{\"@type\":\"Article\",\"@id\":\"http:\\\/\\\/autosdelpodio.com\\\/autos\\\/pipkin-volvio-a-lucirse-en-el-tn\\\/#article\",\"isPartOf\":{\"@id\":\"http:\\\/\\\/autosdelpodio.com\\\/autos\\\/pipkin-volvio-a-lucirse-en-el-tn\\\/\"},\"author\":{\"name\":\"wi022230\",\"@id\":\"http:\\\/\\\/autosdelpodio.com\\\/autos\\\/#\\\/schema\\\/person\\\/e88353cabf768863fdf874e30120f3ba\"},\"headline\":\"Pipkin volvi\u00f3 a lucirse en el TN\",\"datePublished\":\"2013-05-26T18:12:23+00:00\",\"mainEntityOfPage\":{\"@id\":\"http:\\\/\\\/autosdelpodio.com\\\/autos\\\/pipkin-volvio-a-lucirse-en-el-tn\\\/\"},\"wordCount\":215,\"commentCount\":0,\"publisher\":{\"@id\":\"http:\\\/\\\/autosdelpodio.com\\\/autos\\\/#organization\"},\"articleSection\":[\"\u00daltimas noticias\"],\"inLanguage\":\"es\",\"potentialAction\":[{\"@type\":\"CommentAction\",\"name\":\"Comment\",\"target\":[\"http:\\\/\\\/autosdelpodio.com\\\/autos\\\/pipkin-volvio-a-lucirse-en-el-tn\\\/#respond\"]}]},{\"@type\":\"WebPage\",\"@id\":\"http:\\\/\\\/autosdelpodio.com\\\/autos\\\/pipkin-volvio-a-lucirse-en-el-tn\\\/\",\"url\":\"http:\\\/\\\/autosdelpodio.com\\\/autos\\\/pipkin-volvio-a-lucirse-en-el-tn\\\/\",\"name\":\"Autos del Podio | Pipkin volvi\u00f3 a lucirse en el TN\",\"isPartOf\":{\"@id\":\"http:\\\/\\\/autosdelpodio.com\\\/autos\\\/#website\"},\"datePublished\":\"2013-05-26T18:12:23+00:00\",\"description\":\"Autos del Podio\",\"breadcrumb\":{\"@id\":\"http:\\\/\\\/autosdelpodio.com\\\/autos\\\/pipkin-volvio-a-lucirse-en-el-tn\\\/#breadcrumb\"},\"inLanguage\":\"es\",\"potentialAction\":[{\"@type\":\"ReadAction\",\"target\":[\"http:\\\/\\\/autosdelpodio.com\\\/autos\\\/pipkin-volvio-a-lucirse-en-el-tn\\\/\"]}]},{\"@type\":\"BreadcrumbList\",\"@id\":\"http:\\\/\\\/autosdelpodio.com\\\/autos\\\/pipkin-volvio-a-lucirse-en-el-tn\\\/#breadcrumb\",\"itemListElement\":[{\"@type\":\"ListItem\",\"position\":1,\"name\":\"Portada\",\"item\":\"http:\\\/\\\/autosdelpodio.com\\\/autos\\\/\"},{\"@type\":\"ListItem\",\"position\":2,\"name\":\"Pipkin volvi\u00f3 a lucirse en el TN\"}]},{\"@type\":\"WebSite\",\"@id\":\"http:\\\/\\\/autosdelpodio.com\\\/autos\\\/#website\",\"url\":\"http:\\\/\\\/autosdelpodio.com\\\/autos\\\/\",\"name\":\"Autos del Podio\",\"description\":\"La sexta del deporte motor\",\"publisher\":{\"@id\":\"http:\\\/\\\/autosdelpodio.com\\\/autos\\\/#organization\"},\"potentialAction\":[{\"@type\":\"SearchAction\",\"target\":{\"@type\":\"EntryPoint\",\"urlTemplate\":\"http:\\\/\\\/autosdelpodio.com\\\/autos\\\/?s={search_term_string}\"},\"query-input\":{\"@type\":\"PropertyValueSpecification\",\"valueRequired\":true,\"valueName\":\"search_term_string\"}}],\"inLanguage\":\"es\"},{\"@type\":\"Organization\",\"@id\":\"http:\\\/\\\/autosdelpodio.com\\\/autos\\\/#organization\",\"name\":\"Autos del Podio\",\"url\":\"http:\\\/\\\/autosdelpodio.com\\\/autos\\\/\",\"logo\":{\"@type\":\"ImageObject\",\"inLanguage\":\"es\",\"@id\":\"http:\\\/\\\/autosdelpodio.com\\\/autos\\\/#\\\/schema\\\/logo\\\/image\\\/\",\"url\":\"http:\\\/\\\/autosdelpodio.com\\\/autos\\\/wp-content\\\/uploads\\\/2020\\\/08\\\/Logo_AR.jpg\",\"contentUrl\":\"http:\\\/\\\/autosdelpodio.com\\\/autos\\\/wp-content\\\/uploads\\\/2020\\\/08\\\/Logo_AR.jpg\",\"width\":1038,\"height\":1044,\"caption\":\"Autos del Podio\"},\"image\":{\"@id\":\"http:\\\/\\\/autosdelpodio.com\\\/autos\\\/#\\\/schema\\\/logo\\\/image\\\/\"},\"sameAs\":[\"https:\\\/\\\/www.facebook.com\\\/profile.php?id=100057192590976&amp;amp;amp;amp;amp;amp;amp;amp;amp;amp;amp;amp;amp;amp;amp;amp;amp;amp;ref=ts\",\"https:\\\/\\\/x.com\\\/autosdelpodio\",\"https:\\\/\\\/www.youtube.com\\\/user\\\/AutosdelPodio\"]},{\"@type\":\"Person\",\"@id\":\"http:\\\/\\\/autosdelpodio.com\\\/autos\\\/#\\\/schema\\\/person\\\/e88353cabf768863fdf874e30120f3ba\",\"name\":\"wi022230\",\"image\":{\"@type\":\"ImageObject\",\"inLanguage\":\"es\",\"@id\":\"http:\\\/\\\/autosdelpodio.com\\\/autos\\\/wp-content\\\/litespeed\\\/avatar\\\/453fc9bdbb11d766ba4c7f14d0bd0aa9.jpg?ver=1777404874\",\"url\":\"http:\\\/\\\/autosdelpodio.com\\\/autos\\\/wp-content\\\/litespeed\\\/avatar\\\/453fc9bdbb11d766ba4c7f14d0bd0aa9.jpg?ver=1777404874\",\"contentUrl\":\"http:\\\/\\\/autosdelpodio.com\\\/autos\\\/wp-content\\\/litespeed\\\/avatar\\\/453fc9bdbb11d766ba4c7f14d0bd0aa9.jpg?ver=1777404874\",\"caption\":\"wi022230\"}}]}<\/script>\n<!-- \/ Yoast SEO plugin. -->","yoast_head_json":{"title":"Autos del Podio | Pipkin volvi\u00f3 a lucirse en el TN","description":"Autos del Podio","robots":{"index":"index","follow":"follow","max-snippet":"max-snippet:-1","max-image-preview":"max-image-preview:large","max-video-preview":"max-video-preview:-1"},"canonical":"http:\/\/autosdelpodio.com\/autos\/pipkin-volvio-a-lucirse-en-el-tn\/","og_locale":"es_ES","og_type":"article","og_title":"Autos del Podio | Pipkin volvi\u00f3 a lucirse en el TN","og_description":"Autos del Podio","og_url":"http:\/\/autosdelpodio.com\/autos\/pipkin-volvio-a-lucirse-en-el-tn\/","og_site_name":"Autos del Podio","article_publisher":"https:\/\/www.facebook.com\/profile.php?id=100057192590976&amp%3bamp%3bamp%3bamp%3bamp%3bamp%3bamp%3bamp%3bamp%3bamp%3bamp%3bamp%3bamp%3bamp%3bamp%3bamp%3bamp%3bamp%3bref=ts","article_published_time":"2013-05-26T18:12:23+00:00","author":"wi022230","twitter_card":"summary_large_image","twitter_creator":"@autosdelpodio","twitter_site":"@autosdelpodio","twitter_misc":{"Escrito por":"wi022230","Tiempo de lectura":"1 minuto"},"schema":{"@context":"https:\/\/schema.org","@graph":[{"@type":"Article","@id":"http:\/\/autosdelpodio.com\/autos\/pipkin-volvio-a-lucirse-en-el-tn\/#article","isPartOf":{"@id":"http:\/\/autosdelpodio.com\/autos\/pipkin-volvio-a-lucirse-en-el-tn\/"},"author":{"name":"wi022230","@id":"http:\/\/autosdelpodio.com\/autos\/#\/schema\/person\/e88353cabf768863fdf874e30120f3ba"},"headline":"Pipkin volvi\u00f3 a lucirse en el TN","datePublished":"2013-05-26T18:12:23+00:00","mainEntityOfPage":{"@id":"http:\/\/autosdelpodio.com\/autos\/pipkin-volvio-a-lucirse-en-el-tn\/"},"wordCount":215,"commentCount":0,"publisher":{"@id":"http:\/\/autosdelpodio.com\/autos\/#organization"},"articleSection":["\u00daltimas noticias"],"inLanguage":"es","potentialAction":[{"@type":"CommentAction","name":"Comment","target":["http:\/\/autosdelpodio.com\/autos\/pipkin-volvio-a-lucirse-en-el-tn\/#respond"]}]},{"@type":"WebPage","@id":"http:\/\/autosdelpodio.com\/autos\/pipkin-volvio-a-lucirse-en-el-tn\/","url":"http:\/\/autosdelpodio.com\/autos\/pipkin-volvio-a-lucirse-en-el-tn\/","name":"Autos del Podio | Pipkin volvi\u00f3 a lucirse en el TN","isPartOf":{"@id":"http:\/\/autosdelpodio.com\/autos\/#website"},"datePublished":"2013-05-26T18:12:23+00:00","description":"Autos del Podio","breadcrumb":{"@id":"http:\/\/autosdelpodio.com\/autos\/pipkin-volvio-a-lucirse-en-el-tn\/#breadcrumb"},"inLanguage":"es","potentialAction":[{"@type":"ReadAction","target":["http:\/\/autosdelpodio.com\/autos\/pipkin-volvio-a-lucirse-en-el-tn\/"]}]},{"@type":"BreadcrumbList","@id":"http:\/\/autosdelpodio.com\/autos\/pipkin-volvio-a-lucirse-en-el-tn\/#breadcrumb","itemListElement":[{"@type":"ListItem","position":1,"name":"Portada","item":"http:\/\/autosdelpodio.com\/autos\/"},{"@type":"ListItem","position":2,"name":"Pipkin volvi\u00f3 a lucirse en el TN"}]},{"@type":"WebSite","@id":"http:\/\/autosdelpodio.com\/autos\/#website","url":"http:\/\/autosdelpodio.com\/autos\/","name":"Autos del Podio","description":"La sexta del deporte motor","publisher":{"@id":"http:\/\/autosdelpodio.com\/autos\/#organization"},"potentialAction":[{"@type":"SearchAction","target":{"@type":"EntryPoint","urlTemplate":"http:\/\/autosdelpodio.com\/autos\/?s={search_term_string}"},"query-input":{"@type":"PropertyValueSpecification","valueRequired":true,"valueName":"search_term_string"}}],"inLanguage":"es"},{"@type":"Organization","@id":"http:\/\/autosdelpodio.com\/autos\/#organization","name":"Autos del Podio","url":"http:\/\/autosdelpodio.com\/autos\/","logo":{"@type":"ImageObject","inLanguage":"es","@id":"http:\/\/autosdelpodio.com\/autos\/#\/schema\/logo\/image\/","url":"http:\/\/autosdelpodio.com\/autos\/wp-content\/uploads\/2020\/08\/Logo_AR.jpg","contentUrl":"http:\/\/autosdelpodio.com\/autos\/wp-content\/uploads\/2020\/08\/Logo_AR.jpg","width":1038,"height":1044,"caption":"Autos del Podio"},"image":{"@id":"http:\/\/autosdelpodio.com\/autos\/#\/schema\/logo\/image\/"},"sameAs":["https:\/\/www.facebook.com\/profile.php?id=100057192590976&amp;amp;amp;amp;amp;amp;amp;amp;amp;amp;amp;amp;amp;amp;amp;amp;amp;amp;ref=ts","https:\/\/x.com\/autosdelpodio","https:\/\/www.youtube.com\/user\/AutosdelPodio"]},{"@type":"Person","@id":"http:\/\/autosdelpodio.com\/autos\/#\/schema\/person\/e88353cabf768863fdf874e30120f3ba","name":"wi022230","image":{"@type":"ImageObject","inLanguage":"es","@id":"http:\/\/autosdelpodio.com\/autos\/wp-content\/litespeed\/avatar\/453fc9bdbb11d766ba4c7f14d0bd0aa9.jpg?ver=1777404874","url":"http:\/\/autosdelpodio.com\/autos\/wp-content\/litespeed\/avatar\/453fc9bdbb11d766ba4c7f14d0bd0aa9.jpg?ver=1777404874","contentUrl":"http:\/\/autosdelpodio.com\/autos\/wp-content\/litespeed\/avatar\/453fc9bdbb11d766ba4c7f14d0bd0aa9.jpg?ver=1777404874","caption":"wi022230"}}]}},"views":479,"_links":{"self":[{"href":"http:\/\/autosdelpodio.com\/autos\/wp-json\/wp\/v2\/posts\/746","targetHints":{"allow":["GET"]}}],"collection":[{"href":"http:\/\/autosdelpodio.com\/autos\/wp-json\/wp\/v2\/posts"}],"about":[{"href":"http:\/\/autosdelpodio.com\/autos\/wp-json\/wp\/v2\/types\/post"}],"author":[{"embeddable":true,"href":"http:\/\/autosdelpodio.com\/autos\/wp-json\/wp\/v2\/users\/1"}],"replies":[{"embeddable":true,"href":"http:\/\/autosdelpodio.com\/autos\/wp-json\/wp\/v2\/comments?post=746"}],"version-history":[{"count":0,"href":"http:\/\/autosdelpodio.com\/autos\/wp-json\/wp\/v2\/posts\/746\/revisions"}],"wp:attachment":[{"href":"http:\/\/autosdelpodio.com\/autos\/wp-json\/wp\/v2\/media?parent=746"}],"wp:term":[{"taxonomy":"category","embeddable":true,"href":"http:\/\/autosdelpodio.com\/autos\/wp-json\/wp\/v2\/categories?post=746"},{"taxonomy":"post_tag","embeddable":true,"href":"http:\/\/autosdelpodio.com\/autos\/wp-json\/wp\/v2\/tags?post=746"}],"curies":[{"name":"wp","href":"https:\/\/api.w.org\/{rel}","templated":true}]}}