{"id":7465,"date":"2024-02-25T22:43:55","date_gmt":"2024-02-26T01:43:55","guid":{"rendered":"http:\/\/autosdelpodio.com\/autos\/?p=7465"},"modified":"2024-02-25T22:46:03","modified_gmt":"2024-02-26T01:46:03","slug":"auto-y-piloto-que-debutan-ganan","status":"publish","type":"post","link":"http:\/\/autosdelpodio.com\/autos\/auto-y-piloto-que-debutan-ganan\/","title":{"rendered":"Auto y piloto que debutan, ganan"},"content":{"rendered":"\n<p>Ante las sanciones aplicadas al ganador en pista Diego Ciantini y la posterior exclusi\u00f3n por t\u00e9cnica a Facundo Chapur el campe\u00f3n de TC Pista Tobias Martinez estren\u00f3 con \u00e9xito el restyling del Torino en la primera del TC en El Calafate.<br>El ganador en la pista hab\u00eda sido Diego Ciantini con Chevrolet, quien fuese penalizado por toque al Torino de Marcos Landa.Posteriormente, otro de los debutantes Facundo Chapur hered\u00f3 por unos instantes la victoria hasta que por t\u00e9cnica el impulsor de su Dodge no se ajust\u00f3 a los valores establecidos de compresi\u00f3n reglamentaria de 10.5 (se midi\u00f3 10.6) y fue excluido del evento.<br>La pr\u00f3xima fecha ser\u00e1 el 17 de marzo en el Aut\u00f3dromo de Viedma, capital de R\u00edo Negro.<\/p>\n\n\n\n<p>Foto: Prensa ACTC<\/p>\n\n\n\n<p><em><strong>Final TC &#8211; Fecha 1<\/strong><\/em><\/p>\n\n\n\n<figure class=\"wp-block-table\"><table><tbody><tr><td>1\u00ba<\/td><td>MART\u00cdNEZ TOB\u00cdAS<\/td><td>TORINO (TORINO NG)<\/td><td>40;24.132<\/td><\/tr><tr><td>2\u00ba<\/td><td>GINI ESTEBAN<\/td><td>TOYOTA<\/td><td>0.256<\/td><\/tr><tr><td>3\u00ba<\/td><td>URCERA JOS\u00c9 MANUEL<\/td><td>FORD<\/td><td>0.498<\/td><\/tr><tr><td>4\u00ba<\/td><td>SANTERO JULI\u00c1N<\/td><td>FORD<\/td><td>0.987<\/td><\/tr><tr><td>5\u00ba<\/td><td>LAMBIRIS MAURICIO<\/td><td>FORD<\/td><td>1.603<\/td><\/tr><tr><td>6\u00ba<\/td><td>RISATTI RICARDO<\/td><td>CHEVROLET (CAMARO)<\/td><td>1.852<\/td><\/tr><tr><td>7\u00ba<\/td><td>CRAPARO ELIO<\/td><td>DODGE<\/td><td>2.235<\/td><\/tr><tr><td>8\u00ba<\/td><td>\u00c1LVAREZ SANTIAGO<\/td><td>DODGE<\/td><td>2.647<\/td><\/tr><tr><td>9\u00ba<\/td><td>MART\u00cdNEZ AGUST\u00cdN<\/td><td>FORD<\/td><td>2.832<\/td><\/tr><tr><td>10\u00ba<\/td><td>DE LA IGLESIA LAUTARO<\/td><td>DODGE<\/td><td>2.948<\/td><\/tr><tr><td>11\u00ba<\/td><td>FRITZLER OTTO<\/td><td>DODGE<\/td><td>4.098<\/td><\/tr><tr><td>12\u00ba<\/td><td>BONELLI NICOL\u00c1S<\/td><td>FORD<\/td><td>4.505<\/td><\/tr><tr><td>13\u00ba<\/td><td>LANDA MARCOS<\/td><td>TORINO<\/td><td>6.321<\/td><\/tr><tr><td>14\u00ba<\/td><td>CIANTINI DIEGO<\/td><td>CHEVROLET<\/td><td>6.322<\/td><\/tr><tr><td>15\u00ba<\/td><td>DE BENEDICTIS JUAN B.<\/td><td>FORD (MUSTANG)<\/td><td>6.626<\/td><\/tr><tr><td>16\u00ba<\/td><td>WERNER MARIANO<\/td><td>FORD (MUSTANG)<\/td><td>10.156<\/td><\/tr><tr><td>17\u00ba<\/td><td>LONDERO AYRTON<\/td><td>FORD<\/td><td>12.127<\/td><\/tr><tr><td>18\u00ba<\/td><td>COTIGNOLA NICOL\u00c1S<\/td><td>TORINO<\/td><td>14.064<\/td><\/tr><tr><td>19\u00ba<\/td><td>MANGONI SANTIAGO<\/td><td>CHEVROLET<\/td><td>14.517<\/td><\/tr><tr><td>20\u00ba<\/td><td>TROSSET NICOL\u00c1S<\/td><td>FORD (MUSTANG)<\/td><td>14.958<\/td><\/tr><tr><td>21\u00ba<\/td><td>SPATARO EMILIANO<\/td><td>FORD<\/td><td>14.959<\/td><\/tr><tr><td>22\u00ba<\/td><td>MAZZACANE GAST\u00d3N<\/td><td>CHEVROLET<\/td><td>17.995<\/td><\/tr><tr><td>23\u00ba<\/td><td>CARINELLI AUGUSTO<\/td><td>DODGE<\/td><td>18.334<\/td><\/tr><tr><td>24\u00ba<\/td><td>ARDUSSO FACUNDO<\/td><td>CHEVROLET<\/td><td>18.978<\/td><\/tr><tr><td>25\u00ba<\/td><td>CASTELLANO JONATAN<\/td><td>DODGE<\/td><td>19.372<\/td><\/tr><tr><td>26\u00ba<\/td><td>TODINO GERM\u00c1N<\/td><td>FORD<\/td><td>22.812<\/td><\/tr><tr><td>27\u00ba<\/td><td>FERRANTE GAST\u00d3N<\/td><td>TOYOTA<\/td><td>33.196<\/td><\/tr><tr><td>28\u00ba<\/td><td>CANDELA KEVIN<\/td><td>TORINO<\/td><td>1 VTA<\/td><\/tr><tr><td>29\u00ba<\/td><td>JAKOS ANDR\u00c9S<\/td><td>TOYOTA<\/td><td>4 VTAS<\/td><\/tr><tr><td>30\u00ba<\/td><td>IRIBARNE FEDERICO<\/td><td>CHEVROLET<\/td><td>6 VTAS<\/td><\/tr><tr><td>31\u00ba<\/td><td>QUIJADA MARCOS<\/td><td>CHEVROLET (CAMARO)<\/td><td>7 VTAS<\/td><\/tr><tr><td>32\u00ba<\/td><td>ALAUX SERGIO<\/td><td>CHEVROLET<\/td><td>21 VTAS<\/td><\/tr><tr><td>33\u00ba<\/td><td>CATAL\u00c1N MAGNI JUAN TOM\u00c1S<\/td><td>FORD<\/td><td>23 VTAS<\/td><\/tr><tr><td>34\u00ba<\/td><td>AGUIRRE VALENT\u00cdN<\/td><td>CHEVROLET<\/td><td>24 VTAS<\/td><\/tr><tr><td>35\u00ba<\/td><td>AGRELO MARCELO<\/td><td>DODGE<\/td><td>24 VTAS<\/td><\/tr><tr><td>36\u00ba<\/td><td>LEDESMA CHRISTIAN<\/td><td>CHEVROLET (CAMARO)<\/td><td>24 VTAS<\/td><\/tr><\/tbody><\/table><\/figure>\n\n\n\n<p><strong>PROMEDIO:&nbsp;<\/strong>136,801 km\/h.&nbsp;<strong>RECORD DE VUELTA:&nbsp;<\/strong>Castellano en la vta. 17 en &nbsp;1:20.770 a 163,888 km\/h.&nbsp;<strong>EXCLUIDOS<\/strong>: Juan Jos\u00e9 Ebarl\u00edn (Chevrolet), por toque a Agrelo y Facundo Chapur (Dodge), por t\u00e9cnica (compresi\u00f3n).&nbsp;<strong>RECARGOS<\/strong>: 5 segundos para Fritzler por maniobra peligrosa a Ardusso; Ciantini, por toque a Landa; Spataro, por toque a Trosset.&nbsp;<strong>APERCIBIDO<\/strong>: Jakos, por maniobra peligrosa a Ledesma.&nbsp;<strong>NO LARGARON<\/strong>: Juan Cruz Benvenuti (Chevrolet), Sebasti\u00e1n Abella (Chevrolet) y Norberto Fontana (Chevrolet).&nbsp;<strong>NO REGISTR\u00d3 PASO<\/strong>: Juan Mart\u00edn Trucco (Challenger).<\/p>\n","protected":false},"excerpt":{"rendered":"<p>Ante las sanciones aplicadas al ganador en pista Diego Ciantini y la posterior exclusi\u00f3n por t\u00e9cnica a Facundo Chapur el<\/p>\n","protected":false},"author":3,"featured_media":7467,"comment_status":"open","ping_status":"open","sticky":false,"template":"","format":"standard","meta":{"colormag_page_container_layout":"default_layout","colormag_page_sidebar_layout":"default_layout","footnotes":""},"categories":[6,5],"tags":[748,749,789,788,39],"class_list":["post-7465","post","type-post","status-publish","format-standard","has-post-thumbnail","hentry","category-newsflash","category-latest-news","tag-el-calafate","tag-santa-cruz","tag-tobias-martinez","tag-torino-ng","tag-turismo-carretera"],"yoast_head":"<!-- This site is optimized with the Yoast SEO plugin v27.4 - https:\/\/yoast.com\/product\/yoast-seo-wordpress\/ -->\n<title>Autos del Podio | Auto y piloto que debutan, ganan<\/title>\n<meta name=\"description\" content=\"Autos del Podio 1\u00aa victoria del Torino de nueva generaci\u00f3n en la apertura del Turismo Carretera en El Calafate\" \/>\n<meta name=\"robots\" content=\"index, follow, max-snippet:-1, max-image-preview:large, max-video-preview:-1\" \/>\n<link rel=\"canonical\" href=\"https:\/\/autosdelpodio.com\/autos\/auto-y-piloto-que-debutan-ganan\/\" \/>\n<meta property=\"og:locale\" content=\"es_ES\" \/>\n<meta property=\"og:type\" content=\"article\" \/>\n<meta property=\"og:title\" content=\"Autos del Podio | Auto y piloto que debutan, ganan\" \/>\n<meta property=\"og:description\" content=\"Autos del Podio 1\u00aa victoria del Torino de nueva generaci\u00f3n en la apertura del Turismo Carretera en El Calafate\" \/>\n<meta property=\"og:url\" content=\"https:\/\/autosdelpodio.com\/autos\/auto-y-piloto-que-debutan-ganan\/\" \/>\n<meta property=\"og:site_name\" content=\"Autos del Podio\" \/>\n<meta property=\"article:publisher\" content=\"https:\/\/www.facebook.com\/profile.php?id=100057192590976&amp;amp%3bamp%3bamp%3bamp%3bamp%3bamp%3bamp%3bamp%3bamp%3bamp%3bamp%3bamp%3bamp%3bamp%3bamp%3bamp%3bamp%3bamp%3bref=ts\" \/>\n<meta property=\"article:published_time\" content=\"2024-02-26T01:43:55+00:00\" \/>\n<meta property=\"article:modified_time\" content=\"2024-02-26T01:46:03+00:00\" \/>\n<meta property=\"og:image\" content=\"https:\/\/autosdelpodio.com\/autos\/wp-content\/uploads\/2024\/02\/Torino_NG_TC.jpg\" \/>\n\t<meta property=\"og:image:width\" content=\"500\" \/>\n\t<meta property=\"og:image:height\" content=\"325\" \/>\n\t<meta property=\"og:image:type\" content=\"image\/jpeg\" \/>\n<meta name=\"author\" content=\"autosdelpodio\" \/>\n<meta name=\"twitter:card\" content=\"summary_large_image\" \/>\n<meta name=\"twitter:creator\" content=\"@autosdelpodio\" \/>\n<meta name=\"twitter:site\" content=\"@autosdelpodio\" \/>\n<meta name=\"twitter:label1\" content=\"Escrito por\" \/>\n\t<meta name=\"twitter:data1\" content=\"autosdelpodio\" \/>\n\t<meta name=\"twitter:label2\" content=\"Tiempo de lectura\" \/>\n\t<meta name=\"twitter:data2\" content=\"3 minutos\" \/>\n<script type=\"application\/ld+json\" class=\"yoast-schema-graph\">{\"@context\":\"https:\\\/\\\/schema.org\",\"@graph\":[{\"@type\":\"Article\",\"@id\":\"https:\\\/\\\/autosdelpodio.com\\\/autos\\\/auto-y-piloto-que-debutan-ganan\\\/#article\",\"isPartOf\":{\"@id\":\"https:\\\/\\\/autosdelpodio.com\\\/autos\\\/auto-y-piloto-que-debutan-ganan\\\/\"},\"author\":{\"name\":\"autosdelpodio\",\"@id\":\"http:\\\/\\\/autosdelpodio.com\\\/autos\\\/#\\\/schema\\\/person\\\/993527a4d01c3acdd3d6bce3770bc942\"},\"headline\":\"Auto y piloto que debutan, ganan\",\"datePublished\":\"2024-02-26T01:43:55+00:00\",\"dateModified\":\"2024-02-26T01:46:03+00:00\",\"mainEntityOfPage\":{\"@id\":\"https:\\\/\\\/autosdelpodio.com\\\/autos\\\/auto-y-piloto-que-debutan-ganan\\\/\"},\"wordCount\":377,\"commentCount\":0,\"publisher\":{\"@id\":\"http:\\\/\\\/autosdelpodio.com\\\/autos\\\/#organization\"},\"image\":{\"@id\":\"https:\\\/\\\/autosdelpodio.com\\\/autos\\\/auto-y-piloto-que-debutan-ganan\\\/#primaryimage\"},\"thumbnailUrl\":\"http:\\\/\\\/autosdelpodio.com\\\/autos\\\/wp-content\\\/uploads\\\/2024\\\/02\\\/Torino_NG_TC.jpg\",\"keywords\":[\"El Calafate\",\"Santa Cruz\",\"Tobias Martinez\",\"Torino NG\",\"Turismo Carretera\"],\"articleSection\":[\"Destacado\",\"\u00daltimas noticias\"],\"inLanguage\":\"es\",\"potentialAction\":[{\"@type\":\"CommentAction\",\"name\":\"Comment\",\"target\":[\"https:\\\/\\\/autosdelpodio.com\\\/autos\\\/auto-y-piloto-que-debutan-ganan\\\/#respond\"]}]},{\"@type\":\"WebPage\",\"@id\":\"https:\\\/\\\/autosdelpodio.com\\\/autos\\\/auto-y-piloto-que-debutan-ganan\\\/\",\"url\":\"https:\\\/\\\/autosdelpodio.com\\\/autos\\\/auto-y-piloto-que-debutan-ganan\\\/\",\"name\":\"Autos del Podio | Auto y piloto que debutan, ganan\",\"isPartOf\":{\"@id\":\"http:\\\/\\\/autosdelpodio.com\\\/autos\\\/#website\"},\"primaryImageOfPage\":{\"@id\":\"https:\\\/\\\/autosdelpodio.com\\\/autos\\\/auto-y-piloto-que-debutan-ganan\\\/#primaryimage\"},\"image\":{\"@id\":\"https:\\\/\\\/autosdelpodio.com\\\/autos\\\/auto-y-piloto-que-debutan-ganan\\\/#primaryimage\"},\"thumbnailUrl\":\"http:\\\/\\\/autosdelpodio.com\\\/autos\\\/wp-content\\\/uploads\\\/2024\\\/02\\\/Torino_NG_TC.jpg\",\"datePublished\":\"2024-02-26T01:43:55+00:00\",\"dateModified\":\"2024-02-26T01:46:03+00:00\",\"description\":\"Autos del Podio 1\u00aa victoria del Torino de nueva generaci\u00f3n en la apertura del Turismo Carretera en El Calafate\",\"breadcrumb\":{\"@id\":\"https:\\\/\\\/autosdelpodio.com\\\/autos\\\/auto-y-piloto-que-debutan-ganan\\\/#breadcrumb\"},\"inLanguage\":\"es\",\"potentialAction\":[{\"@type\":\"ReadAction\",\"target\":[\"https:\\\/\\\/autosdelpodio.com\\\/autos\\\/auto-y-piloto-que-debutan-ganan\\\/\"]}]},{\"@type\":\"ImageObject\",\"inLanguage\":\"es\",\"@id\":\"https:\\\/\\\/autosdelpodio.com\\\/autos\\\/auto-y-piloto-que-debutan-ganan\\\/#primaryimage\",\"url\":\"http:\\\/\\\/autosdelpodio.com\\\/autos\\\/wp-content\\\/uploads\\\/2024\\\/02\\\/Torino_NG_TC.jpg\",\"contentUrl\":\"http:\\\/\\\/autosdelpodio.com\\\/autos\\\/wp-content\\\/uploads\\\/2024\\\/02\\\/Torino_NG_TC.jpg\",\"width\":500,\"height\":325},{\"@type\":\"BreadcrumbList\",\"@id\":\"https:\\\/\\\/autosdelpodio.com\\\/autos\\\/auto-y-piloto-que-debutan-ganan\\\/#breadcrumb\",\"itemListElement\":[{\"@type\":\"ListItem\",\"position\":1,\"name\":\"Portada\",\"item\":\"http:\\\/\\\/autosdelpodio.com\\\/autos\\\/\"},{\"@type\":\"ListItem\",\"position\":2,\"name\":\"Auto y piloto que debutan, ganan\"}]},{\"@type\":\"WebSite\",\"@id\":\"http:\\\/\\\/autosdelpodio.com\\\/autos\\\/#website\",\"url\":\"http:\\\/\\\/autosdelpodio.com\\\/autos\\\/\",\"name\":\"Autos del Podio\",\"description\":\"La sexta del deporte motor\",\"publisher\":{\"@id\":\"http:\\\/\\\/autosdelpodio.com\\\/autos\\\/#organization\"},\"potentialAction\":[{\"@type\":\"SearchAction\",\"target\":{\"@type\":\"EntryPoint\",\"urlTemplate\":\"http:\\\/\\\/autosdelpodio.com\\\/autos\\\/?s={search_term_string}\"},\"query-input\":{\"@type\":\"PropertyValueSpecification\",\"valueRequired\":true,\"valueName\":\"search_term_string\"}}],\"inLanguage\":\"es\"},{\"@type\":\"Organization\",\"@id\":\"http:\\\/\\\/autosdelpodio.com\\\/autos\\\/#organization\",\"name\":\"Autos del Podio\",\"url\":\"http:\\\/\\\/autosdelpodio.com\\\/autos\\\/\",\"logo\":{\"@type\":\"ImageObject\",\"inLanguage\":\"es\",\"@id\":\"http:\\\/\\\/autosdelpodio.com\\\/autos\\\/#\\\/schema\\\/logo\\\/image\\\/\",\"url\":\"http:\\\/\\\/autosdelpodio.com\\\/autos\\\/wp-content\\\/uploads\\\/2020\\\/08\\\/Logo_AR.jpg\",\"contentUrl\":\"http:\\\/\\\/autosdelpodio.com\\\/autos\\\/wp-content\\\/uploads\\\/2020\\\/08\\\/Logo_AR.jpg\",\"width\":1038,\"height\":1044,\"caption\":\"Autos del Podio\"},\"image\":{\"@id\":\"http:\\\/\\\/autosdelpodio.com\\\/autos\\\/#\\\/schema\\\/logo\\\/image\\\/\"},\"sameAs\":[\"https:\\\/\\\/www.facebook.com\\\/profile.php?id=100057192590976&amp;amp;amp;amp;amp;amp;amp;amp;amp;amp;amp;amp;amp;amp;amp;amp;amp;amp;ref=ts\",\"https:\\\/\\\/x.com\\\/autosdelpodio\",\"https:\\\/\\\/www.youtube.com\\\/user\\\/AutosdelPodio\"]},{\"@type\":\"Person\",\"@id\":\"http:\\\/\\\/autosdelpodio.com\\\/autos\\\/#\\\/schema\\\/person\\\/993527a4d01c3acdd3d6bce3770bc942\",\"name\":\"autosdelpodio\",\"image\":{\"@type\":\"ImageObject\",\"inLanguage\":\"es\",\"@id\":\"http:\\\/\\\/autosdelpodio.com\\\/autos\\\/wp-content\\\/litespeed\\\/avatar\\\/aa8f65cd201a80f6b844f63278aa84af.jpg?ver=1776798175\",\"url\":\"http:\\\/\\\/autosdelpodio.com\\\/autos\\\/wp-content\\\/litespeed\\\/avatar\\\/aa8f65cd201a80f6b844f63278aa84af.jpg?ver=1776798175\",\"contentUrl\":\"http:\\\/\\\/autosdelpodio.com\\\/autos\\\/wp-content\\\/litespeed\\\/avatar\\\/aa8f65cd201a80f6b844f63278aa84af.jpg?ver=1776798175\",\"caption\":\"autosdelpodio\"}}]}<\/script>\n<!-- \/ Yoast SEO plugin. -->","yoast_head_json":{"title":"Autos del Podio | Auto y piloto que debutan, ganan","description":"Autos del Podio 1\u00aa victoria del Torino de nueva generaci\u00f3n en la apertura del Turismo Carretera en El Calafate","robots":{"index":"index","follow":"follow","max-snippet":"max-snippet:-1","max-image-preview":"max-image-preview:large","max-video-preview":"max-video-preview:-1"},"canonical":"https:\/\/autosdelpodio.com\/autos\/auto-y-piloto-que-debutan-ganan\/","og_locale":"es_ES","og_type":"article","og_title":"Autos del Podio | Auto y piloto que debutan, ganan","og_description":"Autos del Podio 1\u00aa victoria del Torino de nueva generaci\u00f3n en la apertura del Turismo Carretera en El Calafate","og_url":"https:\/\/autosdelpodio.com\/autos\/auto-y-piloto-que-debutan-ganan\/","og_site_name":"Autos del Podio","article_publisher":"https:\/\/www.facebook.com\/profile.php?id=100057192590976&amp%3bamp%3bamp%3bamp%3bamp%3bamp%3bamp%3bamp%3bamp%3bamp%3bamp%3bamp%3bamp%3bamp%3bamp%3bamp%3bamp%3bamp%3bref=ts","article_published_time":"2024-02-26T01:43:55+00:00","article_modified_time":"2024-02-26T01:46:03+00:00","og_image":[{"width":500,"height":325,"url":"https:\/\/autosdelpodio.com\/autos\/wp-content\/uploads\/2024\/02\/Torino_NG_TC.jpg","type":"image\/jpeg"}],"author":"autosdelpodio","twitter_card":"summary_large_image","twitter_creator":"@autosdelpodio","twitter_site":"@autosdelpodio","twitter_misc":{"Escrito por":"autosdelpodio","Tiempo de lectura":"3 minutos"},"schema":{"@context":"https:\/\/schema.org","@graph":[{"@type":"Article","@id":"https:\/\/autosdelpodio.com\/autos\/auto-y-piloto-que-debutan-ganan\/#article","isPartOf":{"@id":"https:\/\/autosdelpodio.com\/autos\/auto-y-piloto-que-debutan-ganan\/"},"author":{"name":"autosdelpodio","@id":"http:\/\/autosdelpodio.com\/autos\/#\/schema\/person\/993527a4d01c3acdd3d6bce3770bc942"},"headline":"Auto y piloto que debutan, ganan","datePublished":"2024-02-26T01:43:55+00:00","dateModified":"2024-02-26T01:46:03+00:00","mainEntityOfPage":{"@id":"https:\/\/autosdelpodio.com\/autos\/auto-y-piloto-que-debutan-ganan\/"},"wordCount":377,"commentCount":0,"publisher":{"@id":"http:\/\/autosdelpodio.com\/autos\/#organization"},"image":{"@id":"https:\/\/autosdelpodio.com\/autos\/auto-y-piloto-que-debutan-ganan\/#primaryimage"},"thumbnailUrl":"http:\/\/autosdelpodio.com\/autos\/wp-content\/uploads\/2024\/02\/Torino_NG_TC.jpg","keywords":["El Calafate","Santa Cruz","Tobias Martinez","Torino NG","Turismo Carretera"],"articleSection":["Destacado","\u00daltimas noticias"],"inLanguage":"es","potentialAction":[{"@type":"CommentAction","name":"Comment","target":["https:\/\/autosdelpodio.com\/autos\/auto-y-piloto-que-debutan-ganan\/#respond"]}]},{"@type":"WebPage","@id":"https:\/\/autosdelpodio.com\/autos\/auto-y-piloto-que-debutan-ganan\/","url":"https:\/\/autosdelpodio.com\/autos\/auto-y-piloto-que-debutan-ganan\/","name":"Autos del Podio | Auto y piloto que debutan, ganan","isPartOf":{"@id":"http:\/\/autosdelpodio.com\/autos\/#website"},"primaryImageOfPage":{"@id":"https:\/\/autosdelpodio.com\/autos\/auto-y-piloto-que-debutan-ganan\/#primaryimage"},"image":{"@id":"https:\/\/autosdelpodio.com\/autos\/auto-y-piloto-que-debutan-ganan\/#primaryimage"},"thumbnailUrl":"http:\/\/autosdelpodio.com\/autos\/wp-content\/uploads\/2024\/02\/Torino_NG_TC.jpg","datePublished":"2024-02-26T01:43:55+00:00","dateModified":"2024-02-26T01:46:03+00:00","description":"Autos del Podio 1\u00aa victoria del Torino de nueva generaci\u00f3n en la apertura del Turismo Carretera en El Calafate","breadcrumb":{"@id":"https:\/\/autosdelpodio.com\/autos\/auto-y-piloto-que-debutan-ganan\/#breadcrumb"},"inLanguage":"es","potentialAction":[{"@type":"ReadAction","target":["https:\/\/autosdelpodio.com\/autos\/auto-y-piloto-que-debutan-ganan\/"]}]},{"@type":"ImageObject","inLanguage":"es","@id":"https:\/\/autosdelpodio.com\/autos\/auto-y-piloto-que-debutan-ganan\/#primaryimage","url":"http:\/\/autosdelpodio.com\/autos\/wp-content\/uploads\/2024\/02\/Torino_NG_TC.jpg","contentUrl":"http:\/\/autosdelpodio.com\/autos\/wp-content\/uploads\/2024\/02\/Torino_NG_TC.jpg","width":500,"height":325},{"@type":"BreadcrumbList","@id":"https:\/\/autosdelpodio.com\/autos\/auto-y-piloto-que-debutan-ganan\/#breadcrumb","itemListElement":[{"@type":"ListItem","position":1,"name":"Portada","item":"http:\/\/autosdelpodio.com\/autos\/"},{"@type":"ListItem","position":2,"name":"Auto y piloto que debutan, ganan"}]},{"@type":"WebSite","@id":"http:\/\/autosdelpodio.com\/autos\/#website","url":"http:\/\/autosdelpodio.com\/autos\/","name":"Autos del Podio","description":"La sexta del deporte motor","publisher":{"@id":"http:\/\/autosdelpodio.com\/autos\/#organization"},"potentialAction":[{"@type":"SearchAction","target":{"@type":"EntryPoint","urlTemplate":"http:\/\/autosdelpodio.com\/autos\/?s={search_term_string}"},"query-input":{"@type":"PropertyValueSpecification","valueRequired":true,"valueName":"search_term_string"}}],"inLanguage":"es"},{"@type":"Organization","@id":"http:\/\/autosdelpodio.com\/autos\/#organization","name":"Autos del Podio","url":"http:\/\/autosdelpodio.com\/autos\/","logo":{"@type":"ImageObject","inLanguage":"es","@id":"http:\/\/autosdelpodio.com\/autos\/#\/schema\/logo\/image\/","url":"http:\/\/autosdelpodio.com\/autos\/wp-content\/uploads\/2020\/08\/Logo_AR.jpg","contentUrl":"http:\/\/autosdelpodio.com\/autos\/wp-content\/uploads\/2020\/08\/Logo_AR.jpg","width":1038,"height":1044,"caption":"Autos del Podio"},"image":{"@id":"http:\/\/autosdelpodio.com\/autos\/#\/schema\/logo\/image\/"},"sameAs":["https:\/\/www.facebook.com\/profile.php?id=100057192590976&amp;amp;amp;amp;amp;amp;amp;amp;amp;amp;amp;amp;amp;amp;amp;amp;amp;amp;ref=ts","https:\/\/x.com\/autosdelpodio","https:\/\/www.youtube.com\/user\/AutosdelPodio"]},{"@type":"Person","@id":"http:\/\/autosdelpodio.com\/autos\/#\/schema\/person\/993527a4d01c3acdd3d6bce3770bc942","name":"autosdelpodio","image":{"@type":"ImageObject","inLanguage":"es","@id":"http:\/\/autosdelpodio.com\/autos\/wp-content\/litespeed\/avatar\/aa8f65cd201a80f6b844f63278aa84af.jpg?ver=1776798175","url":"http:\/\/autosdelpodio.com\/autos\/wp-content\/litespeed\/avatar\/aa8f65cd201a80f6b844f63278aa84af.jpg?ver=1776798175","contentUrl":"http:\/\/autosdelpodio.com\/autos\/wp-content\/litespeed\/avatar\/aa8f65cd201a80f6b844f63278aa84af.jpg?ver=1776798175","caption":"autosdelpodio"}}]}},"views":554,"_links":{"self":[{"href":"http:\/\/autosdelpodio.com\/autos\/wp-json\/wp\/v2\/posts\/7465","targetHints":{"allow":["GET"]}}],"collection":[{"href":"http:\/\/autosdelpodio.com\/autos\/wp-json\/wp\/v2\/posts"}],"about":[{"href":"http:\/\/autosdelpodio.com\/autos\/wp-json\/wp\/v2\/types\/post"}],"author":[{"embeddable":true,"href":"http:\/\/autosdelpodio.com\/autos\/wp-json\/wp\/v2\/users\/3"}],"replies":[{"embeddable":true,"href":"http:\/\/autosdelpodio.com\/autos\/wp-json\/wp\/v2\/comments?post=7465"}],"version-history":[{"count":3,"href":"http:\/\/autosdelpodio.com\/autos\/wp-json\/wp\/v2\/posts\/7465\/revisions"}],"predecessor-version":[{"id":7470,"href":"http:\/\/autosdelpodio.com\/autos\/wp-json\/wp\/v2\/posts\/7465\/revisions\/7470"}],"wp:featuredmedia":[{"embeddable":true,"href":"http:\/\/autosdelpodio.com\/autos\/wp-json\/wp\/v2\/media\/7467"}],"wp:attachment":[{"href":"http:\/\/autosdelpodio.com\/autos\/wp-json\/wp\/v2\/media?parent=7465"}],"wp:term":[{"taxonomy":"category","embeddable":true,"href":"http:\/\/autosdelpodio.com\/autos\/wp-json\/wp\/v2\/categories?post=7465"},{"taxonomy":"post_tag","embeddable":true,"href":"http:\/\/autosdelpodio.com\/autos\/wp-json\/wp\/v2\/tags?post=7465"}],"curies":[{"name":"wp","href":"https:\/\/api.w.org\/{rel}","templated":true}]}}